{"id":50586,"date":"2022-03-11T15:01:17","date_gmt":"2022-03-11T18:01:17","guid":{"rendered":"https:\/\/radiolifefm.com.br\/noticias\/?p=50586"},"modified":"2026-04-16T02:30:50","modified_gmt":"2026-04-16T05:30:50","slug":"prefeitura-de-adamantina-informa-sobre-inicio-das-atividades-do-programa-bolsa-trabalho","status":"publish","type":"post","link":"https:\/\/radiolifefm.com.br\/noticias\/prefeitura-de-adamantina-informa-sobre-inicio-das-atividades-do-programa-bolsa-trabalho\/","title":{"rendered":"Prefeitura de Adamantina informa sobre in\u00edcio das atividades do Programa Bolsa Trabalho"},"content":{"rendered":"<div id=\"fb-root\"><\/div>\n<p>&nbsp;<\/p>\n<p>A Prefeitura de Adamantina, por meio da Secretaria de Desenvolvimento Econ\u00f4mico, informa que os benefici\u00e1rios do programa Bolsa Trabalho que assinaram os termos de ades\u00e3o, est\u00e3o convocados para dar in\u00edcio \u00e0s atividades a partir desta segunda-feira, dia 14.<\/p>\n<p style=\"font-weight: 400\">Os benefici\u00e1rios selecionados pelo programa estadual ser\u00e3o informados pelo telefone cadastrado sobre o in\u00edcio da atividade, bem como o local em que ir\u00e1 desempenhar a atividade.<\/p>\n<p style=\"font-weight: 400\">Caso a pessoa n\u00e3o receba o contato, ela deve ligar no Posto de Atendimento ao Trabalhador (PAT) pelo n\u00famero\u00a0\u00a0(18) 3522-5164\u00a0\u00a0.O programa tem validade por 5 meses e cada benefici\u00e1rio receber\u00e1 uma bolsa aux\u00edlio de R$540,00 paga pelo governo estadual.<\/p>\n<p>&nbsp;<\/p>\n<p>Fonte: Assessoria de Imprensa<\/p>\n","protected":false},"excerpt":{"rendered":"<p>&nbsp; A Prefeitura de Adamantina, por meio da Secretaria de Desenvolvimento Econ\u00f4mico, informa que os benefici\u00e1rios do programa Bolsa Trabalho que assinaram os termos de ades\u00e3o, est\u00e3o convocados para dar in\u00edcio \u00e0s atividades a partir desta segunda-feira, dia 14. Os benefici\u00e1rios selecionados pelo programa estadual ser\u00e3o informados pelo telefone cadastrado sobre o in\u00edcio da atividade, [&hellip;]<\/p>\n","protected":false},"author":13,"featured_media":50587,"comment_status":"closed","ping_status":"open","sticky":false,"template":"","format":"standard","meta":{"_acf_changed":false,"_exactmetrics_skip_tracking":false,"_exactmetrics_sitenote_active":false,"_exactmetrics_sitenote_note":"","_exactmetrics_sitenote_category":0,"footnotes":""},"categories":[21],"tags":[],"class_list":["post-50586","post","type-post","status-publish","format-standard","has-post-thumbnail","hentry","category-adamantina"],"acf":[],"yoast_head":"<!-- This site is optimized with the Yoast SEO plugin v27.2 - https:\/\/yoast.com\/product\/yoast-seo-wordpress\/ -->\n<title>Prefeitura de Adamantina informa sobre in\u00edcio das atividades do Programa Bolsa Trabalho - R\u00e1dio Life FM<\/title>\n<meta name=\"robots\" content=\"index, follow, max-snippet:-1, max-image-preview:large, max-video-preview:-1\" \/>\n<link rel=\"canonical\" href=\"https:\/\/radiolifefm.com.br\/noticias\/prefeitura-de-adamantina-informa-sobre-inicio-das-atividades-do-programa-bolsa-trabalho\/\" \/>\n<meta property=\"og:locale\" content=\"pt_BR\" \/>\n<meta property=\"og:type\" content=\"article\" \/>\n<meta property=\"og:title\" content=\"Prefeitura de Adamantina informa sobre in\u00edcio das atividades do Programa Bolsa Trabalho - R\u00e1dio Life FM\" \/>\n<meta property=\"og:description\" content=\"&nbsp; A Prefeitura de Adamantina, por meio da Secretaria de Desenvolvimento Econ\u00f4mico, informa que os benefici\u00e1rios do programa Bolsa Trabalho que assinaram os termos de ades\u00e3o, est\u00e3o convocados para dar in\u00edcio \u00e0s atividades a partir desta segunda-feira, dia 14. Os benefici\u00e1rios selecionados pelo programa estadual ser\u00e3o informados pelo telefone cadastrado sobre o in\u00edcio da atividade, [&hellip;]\" \/>\n<meta property=\"og:url\" content=\"https:\/\/radiolifefm.com.br\/noticias\/prefeitura-de-adamantina-informa-sobre-inicio-das-atividades-do-programa-bolsa-trabalho\/\" \/>\n<meta property=\"og:site_name\" content=\"R\u00e1dio Life FM\" \/>\n<meta property=\"article:publisher\" content=\"https:\/\/www.facebook.com\/radiolifefm\/\" \/>\n<meta property=\"article:published_time\" content=\"2022-03-11T18:01:17+00:00\" \/>\n<meta property=\"article:modified_time\" content=\"2026-04-16T05:30:50+00:00\" \/>\n<meta property=\"og:image\" content=\"https:\/\/radiolifefm.com.br\/noticias\/wp-content\/uploads\/2022\/03\/9bef1f19faea3c719772670a88979bed.jpg\" \/>\n\t<meta property=\"og:image:width\" content=\"800\" \/>\n\t<meta property=\"og:image:height\" content=\"450\" \/>\n\t<meta property=\"og:image:type\" content=\"image\/jpeg\" \/>\n<meta name=\"author\" content=\"ritanery\" \/>\n<meta name=\"twitter:card\" content=\"summary_large_image\" \/>\n<meta name=\"twitter:label1\" content=\"Escrito por\" \/>\n\t<meta name=\"twitter:data1\" content=\"ritanery\" \/>\n\t<meta name=\"twitter:label2\" content=\"Est. tempo de leitura\" \/>\n\t<meta name=\"twitter:data2\" content=\"1 minuto\" \/>\n<script type=\"application\/ld+json\" class=\"yoast-schema-graph\">{\"@context\":\"https:\/\/schema.org\",\"@graph\":[{\"@type\":\"Article\",\"@id\":\"https:\/\/radiolifefm.com.br\/noticias\/prefeitura-de-adamantina-informa-sobre-inicio-das-atividades-do-programa-bolsa-trabalho\/#article\",\"isPartOf\":{\"@id\":\"https:\/\/radiolifefm.com.br\/noticias\/prefeitura-de-adamantina-informa-sobre-inicio-das-atividades-do-programa-bolsa-trabalho\/\"},\"author\":{\"name\":\"ritanery\",\"@id\":\"https:\/\/radiolifefm.com.br\/noticias\/#\/schema\/person\/6339b9fac59d12b071dec680d7375d87\"},\"headline\":\"Prefeitura de Adamantina informa sobre in\u00edcio das atividades do Programa Bolsa Trabalho\",\"datePublished\":\"2022-03-11T18:01:17+00:00\",\"dateModified\":\"2026-04-16T05:30:50+00:00\",\"mainEntityOfPage\":{\"@id\":\"https:\/\/radiolifefm.com.br\/noticias\/prefeitura-de-adamantina-informa-sobre-inicio-das-atividades-do-programa-bolsa-trabalho\/\"},\"wordCount\":133,\"publisher\":{\"@id\":\"https:\/\/radiolifefm.com.br\/noticias\/#organization\"},\"image\":{\"@id\":\"https:\/\/radiolifefm.com.br\/noticias\/prefeitura-de-adamantina-informa-sobre-inicio-das-atividades-do-programa-bolsa-trabalho\/#primaryimage\"},\"thumbnailUrl\":\"https:\/\/radiolifefm.com.br\/noticias\/wp-content\/uploads\/2022\/03\/9bef1f19faea3c719772670a88979bed.jpg\",\"articleSection\":[\"Adamantina\"],\"inLanguage\":\"pt-BR\"},{\"@type\":\"WebPage\",\"@id\":\"https:\/\/radiolifefm.com.br\/noticias\/prefeitura-de-adamantina-informa-sobre-inicio-das-atividades-do-programa-bolsa-trabalho\/\",\"url\":\"https:\/\/radiolifefm.com.br\/noticias\/prefeitura-de-adamantina-informa-sobre-inicio-das-atividades-do-programa-bolsa-trabalho\/\",\"name\":\"Prefeitura de Adamantina informa sobre in\u00edcio das atividades do Programa Bolsa Trabalho - R\u00e1dio Life FM\",\"isPartOf\":{\"@id\":\"https:\/\/radiolifefm.com.br\/noticias\/#website\"},\"primaryImageOfPage\":{\"@id\":\"https:\/\/radiolifefm.com.br\/noticias\/prefeitura-de-adamantina-informa-sobre-inicio-das-atividades-do-programa-bolsa-trabalho\/#primaryimage\"},\"image\":{\"@id\":\"https:\/\/radiolifefm.com.br\/noticias\/prefeitura-de-adamantina-informa-sobre-inicio-das-atividades-do-programa-bolsa-trabalho\/#primaryimage\"},\"thumbnailUrl\":\"https:\/\/radiolifefm.com.br\/noticias\/wp-content\/uploads\/2022\/03\/9bef1f19faea3c719772670a88979bed.jpg\",\"datePublished\":\"2022-03-11T18:01:17+00:00\",\"dateModified\":\"2026-04-16T05:30:50+00:00\",\"breadcrumb\":{\"@id\":\"https:\/\/radiolifefm.com.br\/noticias\/prefeitura-de-adamantina-informa-sobre-inicio-das-atividades-do-programa-bolsa-trabalho\/#breadcrumb\"},\"inLanguage\":\"pt-BR\",\"potentialAction\":[{\"@type\":\"ReadAction\",\"target\":[\"https:\/\/radiolifefm.com.br\/noticias\/prefeitura-de-adamantina-informa-sobre-inicio-das-atividades-do-programa-bolsa-trabalho\/\"]}]},{\"@type\":\"ImageObject\",\"inLanguage\":\"pt-BR\",\"@id\":\"https:\/\/radiolifefm.com.br\/noticias\/prefeitura-de-adamantina-informa-sobre-inicio-das-atividades-do-programa-bolsa-trabalho\/#primaryimage\",\"url\":\"https:\/\/radiolifefm.com.br\/noticias\/wp-content\/uploads\/2022\/03\/9bef1f19faea3c719772670a88979bed.jpg\",\"contentUrl\":\"https:\/\/radiolifefm.com.br\/noticias\/wp-content\/uploads\/2022\/03\/9bef1f19faea3c719772670a88979bed.jpg\",\"width\":800,\"height\":450},{\"@type\":\"BreadcrumbList\",\"@id\":\"https:\/\/radiolifefm.com.br\/noticias\/prefeitura-de-adamantina-informa-sobre-inicio-das-atividades-do-programa-bolsa-trabalho\/#breadcrumb\",\"itemListElement\":[{\"@type\":\"ListItem\",\"position\":1,\"name\":\"In\u00edcio\",\"item\":\"https:\/\/radiolifefm.com.br\/noticias\/\"},{\"@type\":\"ListItem\",\"position\":2,\"name\":\"Prefeitura de Adamantina informa sobre in\u00edcio das atividades do Programa Bolsa Trabalho\"}]},{\"@type\":\"WebSite\",\"@id\":\"https:\/\/radiolifefm.com.br\/noticias\/#website\",\"url\":\"https:\/\/radiolifefm.com.br\/noticias\/\",\"name\":\"R\u00e1dio Life FM\",\"description\":\"O Portal de Not\u00edcias de Adamantina\",\"publisher\":{\"@id\":\"https:\/\/radiolifefm.com.br\/noticias\/#organization\"},\"alternateName\":\"Life FM\",\"potentialAction\":[{\"@type\":\"SearchAction\",\"target\":{\"@type\":\"EntryPoint\",\"urlTemplate\":\"https:\/\/radiolifefm.com.br\/noticias\/?s={search_term_string}\"},\"query-input\":{\"@type\":\"PropertyValueSpecification\",\"valueRequired\":true,\"valueName\":\"search_term_string\"}}],\"inLanguage\":\"pt-BR\"},{\"@type\":\"Organization\",\"@id\":\"https:\/\/radiolifefm.com.br\/noticias\/#organization\",\"name\":\"R\u00e1dio Life FM\",\"alternateName\":\"Life FM\",\"url\":\"https:\/\/radiolifefm.com.br\/noticias\/\",\"logo\":{\"@type\":\"ImageObject\",\"inLanguage\":\"pt-BR\",\"@id\":\"https:\/\/radiolifefm.com.br\/noticias\/#\/schema\/logo\/image\/\",\"url\":\"https:\/\/static.radiolifefm.com.br\/noticias\/wp-content\/uploads\/2019\/10\/logo-lifefm.png\",\"contentUrl\":\"https:\/\/static.radiolifefm.com.br\/noticias\/wp-content\/uploads\/2019\/10\/logo-lifefm.png\",\"width\":196,\"height\":47,\"caption\":\"R\u00e1dio Life FM\"},\"image\":{\"@id\":\"https:\/\/radiolifefm.com.br\/noticias\/#\/schema\/logo\/image\/\"},\"sameAs\":[\"https:\/\/www.facebook.com\/radiolifefm\/\",\"https:\/\/www.instagram.com\/life1079fm\/\"]},{\"@type\":\"Person\",\"@id\":\"https:\/\/radiolifefm.com.br\/noticias\/#\/schema\/person\/6339b9fac59d12b071dec680d7375d87\",\"name\":\"ritanery\",\"image\":{\"@type\":\"ImageObject\",\"inLanguage\":\"pt-BR\",\"@id\":\"https:\/\/secure.gravatar.com\/avatar\/0e37bb19071f47c0b8a23f62a903df117c5a0e75f65a0c2901562f97cd41cf86?s=96&d=mm&r=g\",\"url\":\"https:\/\/secure.gravatar.com\/avatar\/0e37bb19071f47c0b8a23f62a903df117c5a0e75f65a0c2901562f97cd41cf86?s=96&d=mm&r=g\",\"contentUrl\":\"https:\/\/secure.gravatar.com\/avatar\/0e37bb19071f47c0b8a23f62a903df117c5a0e75f65a0c2901562f97cd41cf86?s=96&d=mm&r=g\",\"caption\":\"ritanery\"}}]}<\/script>\n<!-- \/ Yoast SEO plugin. -->","yoast_head_json":{"title":"Prefeitura de Adamantina informa sobre in\u00edcio das atividades do Programa Bolsa Trabalho - R\u00e1dio Life FM","robots":{"index":"index","follow":"follow","max-snippet":"max-snippet:-1","max-image-preview":"max-image-preview:large","max-video-preview":"max-video-preview:-1"},"canonical":"https:\/\/radiolifefm.com.br\/noticias\/prefeitura-de-adamantina-informa-sobre-inicio-das-atividades-do-programa-bolsa-trabalho\/","og_locale":"pt_BR","og_type":"article","og_title":"Prefeitura de Adamantina informa sobre in\u00edcio das atividades do Programa Bolsa Trabalho - R\u00e1dio Life FM","og_description":"&nbsp; A Prefeitura de Adamantina, por meio da Secretaria de Desenvolvimento Econ\u00f4mico, informa que os benefici\u00e1rios do programa Bolsa Trabalho que assinaram os termos de ades\u00e3o, est\u00e3o convocados para dar in\u00edcio \u00e0s atividades a partir desta segunda-feira, dia 14. Os benefici\u00e1rios selecionados pelo programa estadual ser\u00e3o informados pelo telefone cadastrado sobre o in\u00edcio da atividade, [&hellip;]","og_url":"https:\/\/radiolifefm.com.br\/noticias\/prefeitura-de-adamantina-informa-sobre-inicio-das-atividades-do-programa-bolsa-trabalho\/","og_site_name":"R\u00e1dio Life FM","article_publisher":"https:\/\/www.facebook.com\/radiolifefm\/","article_published_time":"2022-03-11T18:01:17+00:00","article_modified_time":"2026-04-16T05:30:50+00:00","og_image":[{"width":800,"height":450,"url":"https:\/\/radiolifefm.com.br\/noticias\/wp-content\/uploads\/2022\/03\/9bef1f19faea3c719772670a88979bed.jpg","type":"image\/jpeg"}],"author":"ritanery","twitter_card":"summary_large_image","twitter_misc":{"Escrito por":"ritanery","Est. tempo de leitura":"1 minuto"},"schema":{"@context":"https:\/\/schema.org","@graph":[{"@type":"Article","@id":"https:\/\/radiolifefm.com.br\/noticias\/prefeitura-de-adamantina-informa-sobre-inicio-das-atividades-do-programa-bolsa-trabalho\/#article","isPartOf":{"@id":"https:\/\/radiolifefm.com.br\/noticias\/prefeitura-de-adamantina-informa-sobre-inicio-das-atividades-do-programa-bolsa-trabalho\/"},"author":{"name":"ritanery","@id":"https:\/\/radiolifefm.com.br\/noticias\/#\/schema\/person\/6339b9fac59d12b071dec680d7375d87"},"headline":"Prefeitura de Adamantina informa sobre in\u00edcio das atividades do Programa Bolsa Trabalho","datePublished":"2022-03-11T18:01:17+00:00","dateModified":"2026-04-16T05:30:50+00:00","mainEntityOfPage":{"@id":"https:\/\/radiolifefm.com.br\/noticias\/prefeitura-de-adamantina-informa-sobre-inicio-das-atividades-do-programa-bolsa-trabalho\/"},"wordCount":133,"publisher":{"@id":"https:\/\/radiolifefm.com.br\/noticias\/#organization"},"image":{"@id":"https:\/\/radiolifefm.com.br\/noticias\/prefeitura-de-adamantina-informa-sobre-inicio-das-atividades-do-programa-bolsa-trabalho\/#primaryimage"},"thumbnailUrl":"https:\/\/radiolifefm.com.br\/noticias\/wp-content\/uploads\/2022\/03\/9bef1f19faea3c719772670a88979bed.jpg","articleSection":["Adamantina"],"inLanguage":"pt-BR"},{"@type":"WebPage","@id":"https:\/\/radiolifefm.com.br\/noticias\/prefeitura-de-adamantina-informa-sobre-inicio-das-atividades-do-programa-bolsa-trabalho\/","url":"https:\/\/radiolifefm.com.br\/noticias\/prefeitura-de-adamantina-informa-sobre-inicio-das-atividades-do-programa-bolsa-trabalho\/","name":"Prefeitura de Adamantina informa sobre in\u00edcio das atividades do Programa Bolsa Trabalho - R\u00e1dio Life FM","isPartOf":{"@id":"https:\/\/radiolifefm.com.br\/noticias\/#website"},"primaryImageOfPage":{"@id":"https:\/\/radiolifefm.com.br\/noticias\/prefeitura-de-adamantina-informa-sobre-inicio-das-atividades-do-programa-bolsa-trabalho\/#primaryimage"},"image":{"@id":"https:\/\/radiolifefm.com.br\/noticias\/prefeitura-de-adamantina-informa-sobre-inicio-das-atividades-do-programa-bolsa-trabalho\/#primaryimage"},"thumbnailUrl":"https:\/\/radiolifefm.com.br\/noticias\/wp-content\/uploads\/2022\/03\/9bef1f19faea3c719772670a88979bed.jpg","datePublished":"2022-03-11T18:01:17+00:00","dateModified":"2026-04-16T05:30:50+00:00","breadcrumb":{"@id":"https:\/\/radiolifefm.com.br\/noticias\/prefeitura-de-adamantina-informa-sobre-inicio-das-atividades-do-programa-bolsa-trabalho\/#breadcrumb"},"inLanguage":"pt-BR","potentialAction":[{"@type":"ReadAction","target":["https:\/\/radiolifefm.com.br\/noticias\/prefeitura-de-adamantina-informa-sobre-inicio-das-atividades-do-programa-bolsa-trabalho\/"]}]},{"@type":"ImageObject","inLanguage":"pt-BR","@id":"https:\/\/radiolifefm.com.br\/noticias\/prefeitura-de-adamantina-informa-sobre-inicio-das-atividades-do-programa-bolsa-trabalho\/#primaryimage","url":"https:\/\/radiolifefm.com.br\/noticias\/wp-content\/uploads\/2022\/03\/9bef1f19faea3c719772670a88979bed.jpg","contentUrl":"https:\/\/radiolifefm.com.br\/noticias\/wp-content\/uploads\/2022\/03\/9bef1f19faea3c719772670a88979bed.jpg","width":800,"height":450},{"@type":"BreadcrumbList","@id":"https:\/\/radiolifefm.com.br\/noticias\/prefeitura-de-adamantina-informa-sobre-inicio-das-atividades-do-programa-bolsa-trabalho\/#breadcrumb","itemListElement":[{"@type":"ListItem","position":1,"name":"In\u00edcio","item":"https:\/\/radiolifefm.com.br\/noticias\/"},{"@type":"ListItem","position":2,"name":"Prefeitura de Adamantina informa sobre in\u00edcio das atividades do Programa Bolsa Trabalho"}]},{"@type":"WebSite","@id":"https:\/\/radiolifefm.com.br\/noticias\/#website","url":"https:\/\/radiolifefm.com.br\/noticias\/","name":"R\u00e1dio Life FM","description":"O Portal de Not\u00edcias de Adamantina","publisher":{"@id":"https:\/\/radiolifefm.com.br\/noticias\/#organization"},"alternateName":"Life FM","potentialAction":[{"@type":"SearchAction","target":{"@type":"EntryPoint","urlTemplate":"https:\/\/radiolifefm.com.br\/noticias\/?s={search_term_string}"},"query-input":{"@type":"PropertyValueSpecification","valueRequired":true,"valueName":"search_term_string"}}],"inLanguage":"pt-BR"},{"@type":"Organization","@id":"https:\/\/radiolifefm.com.br\/noticias\/#organization","name":"R\u00e1dio Life FM","alternateName":"Life FM","url":"https:\/\/radiolifefm.com.br\/noticias\/","logo":{"@type":"ImageObject","inLanguage":"pt-BR","@id":"https:\/\/radiolifefm.com.br\/noticias\/#\/schema\/logo\/image\/","url":"https:\/\/static.radiolifefm.com.br\/noticias\/wp-content\/uploads\/2019\/10\/logo-lifefm.png","contentUrl":"https:\/\/static.radiolifefm.com.br\/noticias\/wp-content\/uploads\/2019\/10\/logo-lifefm.png","width":196,"height":47,"caption":"R\u00e1dio Life FM"},"image":{"@id":"https:\/\/radiolifefm.com.br\/noticias\/#\/schema\/logo\/image\/"},"sameAs":["https:\/\/www.facebook.com\/radiolifefm\/","https:\/\/www.instagram.com\/life1079fm\/"]},{"@type":"Person","@id":"https:\/\/radiolifefm.com.br\/noticias\/#\/schema\/person\/6339b9fac59d12b071dec680d7375d87","name":"ritanery","image":{"@type":"ImageObject","inLanguage":"pt-BR","@id":"https:\/\/secure.gravatar.com\/avatar\/0e37bb19071f47c0b8a23f62a903df117c5a0e75f65a0c2901562f97cd41cf86?s=96&d=mm&r=g","url":"https:\/\/secure.gravatar.com\/avatar\/0e37bb19071f47c0b8a23f62a903df117c5a0e75f65a0c2901562f97cd41cf86?s=96&d=mm&r=g","contentUrl":"https:\/\/secure.gravatar.com\/avatar\/0e37bb19071f47c0b8a23f62a903df117c5a0e75f65a0c2901562f97cd41cf86?s=96&d=mm&r=g","caption":"ritanery"}}]}},"amp_enabled":true,"_links":{"self":[{"href":"https:\/\/radiolifefm.com.br\/noticias\/wp-json\/wp\/v2\/posts\/50586","targetHints":{"allow":["GET"]}}],"collection":[{"href":"https:\/\/radiolifefm.com.br\/noticias\/wp-json\/wp\/v2\/posts"}],"about":[{"href":"https:\/\/radiolifefm.com.br\/noticias\/wp-json\/wp\/v2\/types\/post"}],"author":[{"embeddable":true,"href":"https:\/\/radiolifefm.com.br\/noticias\/wp-json\/wp\/v2\/users\/13"}],"replies":[{"embeddable":true,"href":"https:\/\/radiolifefm.com.br\/noticias\/wp-json\/wp\/v2\/comments?post=50586"}],"version-history":[{"count":4,"href":"https:\/\/radiolifefm.com.br\/noticias\/wp-json\/wp\/v2\/posts\/50586\/revisions"}],"predecessor-version":[{"id":50591,"href":"https:\/\/radiolifefm.com.br\/noticias\/wp-json\/wp\/v2\/posts\/50586\/revisions\/50591"}],"wp:featuredmedia":[{"embeddable":true,"href":"https:\/\/radiolifefm.com.br\/noticias\/wp-json\/wp\/v2\/media\/50587"}],"wp:attachment":[{"href":"https:\/\/radiolifefm.com.br\/noticias\/wp-json\/wp\/v2\/media?parent=50586"}],"wp:term":[{"taxonomy":"category","embeddable":true,"href":"https:\/\/radiolifefm.com.br\/noticias\/wp-json\/wp\/v2\/categories?post=50586"},{"taxonomy":"post_tag","embeddable":true,"href":"https:\/\/radiolifefm.com.br\/noticias\/wp-json\/wp\/v2\/tags?post=50586"}],"curies":[{"name":"wp","href":"https:\/\/api.w.org\/{rel}","templated":true}]}}