{"id":50482,"date":"2022-03-10T09:02:01","date_gmt":"2022-03-10T12:02:01","guid":{"rendered":"https:\/\/radiolifefm.com.br\/noticias\/?p=50482"},"modified":"2026-04-22T20:05:56","modified_gmt":"2026-04-22T23:05:56","slug":"violencia-relacionamento-e-inteligencia-sao-os-temas-no-glamour-mulher-2022-nesta-quinta-no-campus-ii-da-unifai","status":"publish","type":"post","link":"https:\/\/radiolifefm.com.br\/noticias\/violencia-relacionamento-e-inteligencia-sao-os-temas-no-glamour-mulher-2022-nesta-quinta-no-campus-ii-da-unifai\/","title":{"rendered":"Viol\u00eancia, Relacionamento e Intelig\u00eancia s\u00e3o os temas no Glamour Mulher 2022 nesta quinta, no Campus II da UniFAI"},"content":{"rendered":"<div id=\"fb-root\"><\/div>\n<p>Em meio aos desencontros patrocinados pelo atual cen\u00e1rio que envolve a Mulher neste tempo novo tempo, deve-se debater o papel fundamental das mulheres em todas as \u00e1reas do mercado por meio das atividades dom\u00e9sticas, familiares, profissionais e outras.<\/p>\n<p>Desta forma, torna-se necess\u00e1rio que a reflex\u00e3o cr\u00edtica possa estar mediando e determinando a presen\u00e7a da Mulher neste contexto plural patrocinado pela Pandemia.<\/p>\n<p><strong>Viol\u00eancia, relacionamento e intelig\u00eancia<\/strong><\/p>\n<p>Buscando estar sempre em conex\u00e3o com os fatos que ocorrem em n\u00edvel glocal, ou seja, do global para o local, a R\u00e1dio LIFE FM de Adamantina, estar\u00e1 promovendo neste dia, 10, quinta-feira, no Audit\u00f3rio \u201cMiguel Reale\u201d no Campus II da UniFAI, a terceira noite de atividades do evento Glamour Mulher 2.022.<\/p>\n<p>Deve-se considerar que, pela proposta dos temas que envolvem as atividades desta noite, a partir das 20h, demonstram o quanto a Equipe da LIFE FM est\u00e1 e continua sintonizada com os problemas que envolvem a mulher na atual conjuntura nacional, por\u00e9m, focando na perspectiva internacional.<\/p>\n<p>Os temas est\u00e3o de acordo com os fatos que ocorrem e continuam ocorrendo com as mulheres, portanto, a proposta desta quinta-feira, apresenta para todas e todos, um debate que deve proporcionar muitos avan\u00e7os, por\u00e9m, com as devidas cr\u00edticas que s\u00e3o mais do que necess\u00e1rias.<\/p>\n<p>Glamour Mulher 2.022 promove o debate com as tem\u00e1ticas, a saber: Viol\u00eancia dom\u00e9stica, Relacionamento abusivo e Intelig\u00eancia emocional para a comunidade acad\u00eamica e p\u00fablico em geral.<\/p>\n<p><strong>Convidadas especiais<\/strong><\/p>\n<p>A realiza\u00e7\u00e3o do evento est\u00e1 sob a coordena\u00e7\u00e3o-executiva da R\u00e1dio LIFE FM por meio da sua equipe de apoio e coordena\u00e7\u00e3o da jornalista <strong>L\u00facia Prado<\/strong>, ainda, conta com o apoio da UniFAI por meio da Pr\u00f3-reitoria de Extens\u00e3o e R\u00e1dio Cultura FM.<\/p>\n<p>As convidadas que estar\u00e3o marcando presen\u00e7a nesta noite, est\u00e3o mais do que habilitadas para promover um debate de n\u00edvel para muitos olhares sobre a presen\u00e7a da mulher neste novo tempo novo que se chama hoje.<\/p>\n<p>Glamour Mulher 2.022 com mulheres que fazem a diferen\u00e7a nas suas \u00e1reas de atua\u00e7\u00e3o, a saber: <strong>Evelyn Y Biasi<\/strong>, Psic\u00f3loga e docente da do Curso de Psicologia da UniFAI; <strong>Patr\u00edcia T. Vasques<\/strong>, Delegada da Delegacia de Defesa da Mulher\/Adamantina; <strong>Renata Ang\u00e9lica M. Pinto<\/strong>, Advogada\/Adamantina e <strong>Ruth D. Menegatti<\/strong>, Ju\u00edza de Direito\/Adamantina.<\/p>\n<p><strong>Participa\u00e7\u00e3o efetiva<\/strong><\/p>\n<p>Foram realizados diversos eventos com a marca Glamour Mulher nestes \u00faltimos anos, por\u00e9m, com uma parada nestes dois \u00faltimos anos pelas restri\u00e7\u00f5es relacionadas com a Pandemia.<\/p>\n<p>Entretanto, todos os encontros proporcionaram debates afins aos interesses da Mulher nas diversas \u00e1reas de atua\u00e7\u00e3o, tamb\u00e9m, fortalecendo para a comunidade a import\u00e2ncia da reflex\u00e3o cr\u00edtica por meio do olhar feminino neste universo masculino.<\/p>\n<p>Desta forma, <strong>Euzimeria Silva de Jesus<\/strong> que marcou presen\u00e7a em eventos nos outros anos, afirma: \u201cGlamour Mulher, \u00e9 mais que um evento\u2026digo que \u00e9 uma A\u00e7\u00e3o Social que em todas as edi\u00e7\u00f5es conseguiram transformar vidas! Sim, tivemos experi\u00eancia de mulher que n\u00e3o conseguia ver sua imagem em um espelho\u201d. Ainda, <em>Euzimeria<\/em> faz quest\u00e3o de destacar que \u201cesta desfilou em uma passarela, toda radiante. Levar otimismo, amor pr\u00f3prio e reconhecer o quanto s\u00e3o belas, s\u00e3o fatores presentes. Tenho muita honra e orgulho em fazer parte deste projeto nas tr\u00eas edi\u00e7\u00f5es!\u201d<\/p>\n<p>Atualmente, ocupa o cargo de Coordenadora Administrativa-Financeira do SICREDI em Adamantina.<\/p>\n<figure id=\"attachment_50487\" aria-describedby=\"caption-attachment-50487\" style=\"width: 1280px\" class=\"wp-caption aligncenter\"><img loading=\"lazy\" decoding=\"async\" class=\"wp-image-50487 size-full\" src=\"https:\/\/static.radiolifefm.com.br\/wp-content\/uploads\/sites\/2\/2022\/03\/WhatsApp-Image-2022-03-10-at-08.58.06.jpeg\" alt=\"\" width=\"1280\" height=\"720\" srcset=\"https:\/\/radiolifefm.com.br\/noticias\/wp-content\/uploads\/2022\/03\/WhatsApp-Image-2022-03-10-at-08.58.06.jpeg 1280w, https:\/\/radiolifefm.com.br\/noticias\/wp-content\/uploads\/2022\/03\/WhatsApp-Image-2022-03-10-at-08.58.06-300x169.jpeg 300w, https:\/\/radiolifefm.com.br\/noticias\/wp-content\/uploads\/2022\/03\/WhatsApp-Image-2022-03-10-at-08.58.06-1024x576.jpeg 1024w, https:\/\/radiolifefm.com.br\/noticias\/wp-content\/uploads\/2022\/03\/WhatsApp-Image-2022-03-10-at-08.58.06-768x432.jpeg 768w\" sizes=\"auto, (max-width: 1280px) 100vw, 1280px\" \/><figcaption id=\"caption-attachment-50487\" class=\"wp-caption-text\">Participa\u00e7\u00e3o efetiva, Euzimeria Silva de Jesus com a filha.<\/figcaption><\/figure>\n<p>&nbsp;<\/p>\n<p>&nbsp;<\/p>\n<p><strong>S\u00e9rgio Barbosa \/ UniFAI-Cultura FM<\/strong><\/p>\n","protected":false},"excerpt":{"rendered":"<p>Em meio aos desencontros patrocinados pelo atual cen\u00e1rio que envolve a Mulher neste tempo novo tempo, deve-se debater o papel fundamental das mulheres em todas as \u00e1reas do mercado por meio das atividades dom\u00e9sticas, familiares, profissionais e outras. Desta forma, torna-se necess\u00e1rio que a reflex\u00e3o cr\u00edtica possa estar mediando e determinando a presen\u00e7a da Mulher [&hellip;]<\/p>\n","protected":false},"author":13,"featured_media":50483,"comment_status":"closed","ping_status":"open","sticky":false,"template":"","format":"standard","meta":{"_acf_changed":false,"_exactmetrics_skip_tracking":false,"_exactmetrics_sitenote_active":false,"_exactmetrics_sitenote_note":"","_exactmetrics_sitenote_category":0,"footnotes":""},"categories":[21],"tags":[],"class_list":["post-50482","post","type-post","status-publish","format-standard","has-post-thumbnail","hentry","category-adamantina"],"acf":[],"yoast_head":"<!-- This site is optimized with the Yoast SEO plugin v27.2 - https:\/\/yoast.com\/product\/yoast-seo-wordpress\/ -->\n<title>Viol\u00eancia, Relacionamento e Intelig\u00eancia s\u00e3o os temas no Glamour Mulher 2022 nesta quinta, no Campus II da UniFAI - R\u00e1dio Life FM<\/title>\n<meta name=\"robots\" content=\"index, follow, max-snippet:-1, max-image-preview:large, max-video-preview:-1\" \/>\n<link rel=\"canonical\" href=\"https:\/\/radiolifefm.com.br\/noticias\/violencia-relacionamento-e-inteligencia-sao-os-temas-no-glamour-mulher-2022-nesta-quinta-no-campus-ii-da-unifai\/\" \/>\n<meta property=\"og:locale\" content=\"pt_BR\" \/>\n<meta property=\"og:type\" content=\"article\" \/>\n<meta property=\"og:title\" content=\"Viol\u00eancia, Relacionamento e Intelig\u00eancia s\u00e3o os temas no Glamour Mulher 2022 nesta quinta, no Campus II da UniFAI - R\u00e1dio Life FM\" \/>\n<meta property=\"og:description\" content=\"Em meio aos desencontros patrocinados pelo atual cen\u00e1rio que envolve a Mulher neste tempo novo tempo, deve-se debater o papel fundamental das mulheres em todas as \u00e1reas do mercado por meio das atividades dom\u00e9sticas, familiares, profissionais e outras. Desta forma, torna-se necess\u00e1rio que a reflex\u00e3o cr\u00edtica possa estar mediando e determinando a presen\u00e7a da Mulher [&hellip;]\" \/>\n<meta property=\"og:url\" content=\"https:\/\/radiolifefm.com.br\/noticias\/violencia-relacionamento-e-inteligencia-sao-os-temas-no-glamour-mulher-2022-nesta-quinta-no-campus-ii-da-unifai\/\" \/>\n<meta property=\"og:site_name\" content=\"R\u00e1dio Life FM\" \/>\n<meta property=\"article:publisher\" content=\"https:\/\/www.facebook.com\/radiolifefm\/\" \/>\n<meta property=\"article:published_time\" content=\"2022-03-10T12:02:01+00:00\" \/>\n<meta property=\"article:modified_time\" content=\"2026-04-22T23:05:56+00:00\" \/>\n<meta property=\"og:image\" content=\"https:\/\/radiolifefm.com.br\/noticias\/wp-content\/uploads\/2022\/03\/WhatsApp-Image-2022-03-10-at-08.45.25.jpeg\" \/>\n\t<meta property=\"og:image:width\" content=\"1024\" \/>\n\t<meta property=\"og:image:height\" content=\"1280\" \/>\n\t<meta property=\"og:image:type\" content=\"image\/jpeg\" \/>\n<meta name=\"author\" content=\"ritanery\" \/>\n<meta name=\"twitter:card\" content=\"summary_large_image\" \/>\n<meta name=\"twitter:label1\" content=\"Escrito por\" \/>\n\t<meta name=\"twitter:data1\" content=\"ritanery\" \/>\n\t<meta name=\"twitter:label2\" content=\"Est. tempo de leitura\" \/>\n\t<meta name=\"twitter:data2\" content=\"3 minutos\" \/>\n<script type=\"application\/ld+json\" class=\"yoast-schema-graph\">{\"@context\":\"https:\/\/schema.org\",\"@graph\":[{\"@type\":\"Article\",\"@id\":\"https:\/\/radiolifefm.com.br\/noticias\/violencia-relacionamento-e-inteligencia-sao-os-temas-no-glamour-mulher-2022-nesta-quinta-no-campus-ii-da-unifai\/#article\",\"isPartOf\":{\"@id\":\"https:\/\/radiolifefm.com.br\/noticias\/violencia-relacionamento-e-inteligencia-sao-os-temas-no-glamour-mulher-2022-nesta-quinta-no-campus-ii-da-unifai\/\"},\"author\":{\"name\":\"ritanery\",\"@id\":\"https:\/\/radiolifefm.com.br\/noticias\/#\/schema\/person\/6339b9fac59d12b071dec680d7375d87\"},\"headline\":\"Viol\u00eancia, Relacionamento e Intelig\u00eancia s\u00e3o os temas no Glamour Mulher 2022 nesta quinta, no Campus II da UniFAI\",\"datePublished\":\"2022-03-10T12:02:01+00:00\",\"dateModified\":\"2026-04-22T23:05:56+00:00\",\"mainEntityOfPage\":{\"@id\":\"https:\/\/radiolifefm.com.br\/noticias\/violencia-relacionamento-e-inteligencia-sao-os-temas-no-glamour-mulher-2022-nesta-quinta-no-campus-ii-da-unifai\/\"},\"wordCount\":628,\"publisher\":{\"@id\":\"https:\/\/radiolifefm.com.br\/noticias\/#organization\"},\"image\":{\"@id\":\"https:\/\/radiolifefm.com.br\/noticias\/violencia-relacionamento-e-inteligencia-sao-os-temas-no-glamour-mulher-2022-nesta-quinta-no-campus-ii-da-unifai\/#primaryimage\"},\"thumbnailUrl\":\"https:\/\/radiolifefm.com.br\/noticias\/wp-content\/uploads\/2022\/03\/WhatsApp-Image-2022-03-10-at-08.45.25.jpeg\",\"articleSection\":[\"Adamantina\"],\"inLanguage\":\"pt-BR\"},{\"@type\":\"WebPage\",\"@id\":\"https:\/\/radiolifefm.com.br\/noticias\/violencia-relacionamento-e-inteligencia-sao-os-temas-no-glamour-mulher-2022-nesta-quinta-no-campus-ii-da-unifai\/\",\"url\":\"https:\/\/radiolifefm.com.br\/noticias\/violencia-relacionamento-e-inteligencia-sao-os-temas-no-glamour-mulher-2022-nesta-quinta-no-campus-ii-da-unifai\/\",\"name\":\"Viol\u00eancia, Relacionamento e Intelig\u00eancia s\u00e3o os temas no Glamour Mulher 2022 nesta quinta, no Campus II da UniFAI - R\u00e1dio Life FM\",\"isPartOf\":{\"@id\":\"https:\/\/radiolifefm.com.br\/noticias\/#website\"},\"primaryImageOfPage\":{\"@id\":\"https:\/\/radiolifefm.com.br\/noticias\/violencia-relacionamento-e-inteligencia-sao-os-temas-no-glamour-mulher-2022-nesta-quinta-no-campus-ii-da-unifai\/#primaryimage\"},\"image\":{\"@id\":\"https:\/\/radiolifefm.com.br\/noticias\/violencia-relacionamento-e-inteligencia-sao-os-temas-no-glamour-mulher-2022-nesta-quinta-no-campus-ii-da-unifai\/#primaryimage\"},\"thumbnailUrl\":\"https:\/\/radiolifefm.com.br\/noticias\/wp-content\/uploads\/2022\/03\/WhatsApp-Image-2022-03-10-at-08.45.25.jpeg\",\"datePublished\":\"2022-03-10T12:02:01+00:00\",\"dateModified\":\"2026-04-22T23:05:56+00:00\",\"breadcrumb\":{\"@id\":\"https:\/\/radiolifefm.com.br\/noticias\/violencia-relacionamento-e-inteligencia-sao-os-temas-no-glamour-mulher-2022-nesta-quinta-no-campus-ii-da-unifai\/#breadcrumb\"},\"inLanguage\":\"pt-BR\",\"potentialAction\":[{\"@type\":\"ReadAction\",\"target\":[\"https:\/\/radiolifefm.com.br\/noticias\/violencia-relacionamento-e-inteligencia-sao-os-temas-no-glamour-mulher-2022-nesta-quinta-no-campus-ii-da-unifai\/\"]}]},{\"@type\":\"ImageObject\",\"inLanguage\":\"pt-BR\",\"@id\":\"https:\/\/radiolifefm.com.br\/noticias\/violencia-relacionamento-e-inteligencia-sao-os-temas-no-glamour-mulher-2022-nesta-quinta-no-campus-ii-da-unifai\/#primaryimage\",\"url\":\"https:\/\/radiolifefm.com.br\/noticias\/wp-content\/uploads\/2022\/03\/WhatsApp-Image-2022-03-10-at-08.45.25.jpeg\",\"contentUrl\":\"https:\/\/radiolifefm.com.br\/noticias\/wp-content\/uploads\/2022\/03\/WhatsApp-Image-2022-03-10-at-08.45.25.jpeg\",\"width\":1024,\"height\":1280},{\"@type\":\"BreadcrumbList\",\"@id\":\"https:\/\/radiolifefm.com.br\/noticias\/violencia-relacionamento-e-inteligencia-sao-os-temas-no-glamour-mulher-2022-nesta-quinta-no-campus-ii-da-unifai\/#breadcrumb\",\"itemListElement\":[{\"@type\":\"ListItem\",\"position\":1,\"name\":\"In\u00edcio\",\"item\":\"https:\/\/radiolifefm.com.br\/noticias\/\"},{\"@type\":\"ListItem\",\"position\":2,\"name\":\"Viol\u00eancia, Relacionamento e Intelig\u00eancia s\u00e3o os temas no Glamour Mulher 2022 nesta quinta, no Campus II da UniFAI\"}]},{\"@type\":\"WebSite\",\"@id\":\"https:\/\/radiolifefm.com.br\/noticias\/#website\",\"url\":\"https:\/\/radiolifefm.com.br\/noticias\/\",\"name\":\"R\u00e1dio Life FM\",\"description\":\"O Portal de Not\u00edcias de Adamantina\",\"publisher\":{\"@id\":\"https:\/\/radiolifefm.com.br\/noticias\/#organization\"},\"alternateName\":\"Life FM\",\"potentialAction\":[{\"@type\":\"SearchAction\",\"target\":{\"@type\":\"EntryPoint\",\"urlTemplate\":\"https:\/\/radiolifefm.com.br\/noticias\/?s={search_term_string}\"},\"query-input\":{\"@type\":\"PropertyValueSpecification\",\"valueRequired\":true,\"valueName\":\"search_term_string\"}}],\"inLanguage\":\"pt-BR\"},{\"@type\":\"Organization\",\"@id\":\"https:\/\/radiolifefm.com.br\/noticias\/#organization\",\"name\":\"R\u00e1dio Life FM\",\"alternateName\":\"Life FM\",\"url\":\"https:\/\/radiolifefm.com.br\/noticias\/\",\"logo\":{\"@type\":\"ImageObject\",\"inLanguage\":\"pt-BR\",\"@id\":\"https:\/\/radiolifefm.com.br\/noticias\/#\/schema\/logo\/image\/\",\"url\":\"https:\/\/static.radiolifefm.com.br\/noticias\/wp-content\/uploads\/2019\/10\/logo-lifefm.png\",\"contentUrl\":\"https:\/\/static.radiolifefm.com.br\/noticias\/wp-content\/uploads\/2019\/10\/logo-lifefm.png\",\"width\":196,\"height\":47,\"caption\":\"R\u00e1dio Life FM\"},\"image\":{\"@id\":\"https:\/\/radiolifefm.com.br\/noticias\/#\/schema\/logo\/image\/\"},\"sameAs\":[\"https:\/\/www.facebook.com\/radiolifefm\/\",\"https:\/\/www.instagram.com\/life1079fm\/\"]},{\"@type\":\"Person\",\"@id\":\"https:\/\/radiolifefm.com.br\/noticias\/#\/schema\/person\/6339b9fac59d12b071dec680d7375d87\",\"name\":\"ritanery\",\"image\":{\"@type\":\"ImageObject\",\"inLanguage\":\"pt-BR\",\"@id\":\"https:\/\/secure.gravatar.com\/avatar\/0e37bb19071f47c0b8a23f62a903df117c5a0e75f65a0c2901562f97cd41cf86?s=96&d=mm&r=g\",\"url\":\"https:\/\/secure.gravatar.com\/avatar\/0e37bb19071f47c0b8a23f62a903df117c5a0e75f65a0c2901562f97cd41cf86?s=96&d=mm&r=g\",\"contentUrl\":\"https:\/\/secure.gravatar.com\/avatar\/0e37bb19071f47c0b8a23f62a903df117c5a0e75f65a0c2901562f97cd41cf86?s=96&d=mm&r=g\",\"caption\":\"ritanery\"}}]}<\/script>\n<!-- \/ Yoast SEO plugin. -->","yoast_head_json":{"title":"Viol\u00eancia, Relacionamento e Intelig\u00eancia s\u00e3o os temas no Glamour Mulher 2022 nesta quinta, no Campus II da UniFAI - R\u00e1dio Life FM","robots":{"index":"index","follow":"follow","max-snippet":"max-snippet:-1","max-image-preview":"max-image-preview:large","max-video-preview":"max-video-preview:-1"},"canonical":"https:\/\/radiolifefm.com.br\/noticias\/violencia-relacionamento-e-inteligencia-sao-os-temas-no-glamour-mulher-2022-nesta-quinta-no-campus-ii-da-unifai\/","og_locale":"pt_BR","og_type":"article","og_title":"Viol\u00eancia, Relacionamento e Intelig\u00eancia s\u00e3o os temas no Glamour Mulher 2022 nesta quinta, no Campus II da UniFAI - R\u00e1dio Life FM","og_description":"Em meio aos desencontros patrocinados pelo atual cen\u00e1rio que envolve a Mulher neste tempo novo tempo, deve-se debater o papel fundamental das mulheres em todas as \u00e1reas do mercado por meio das atividades dom\u00e9sticas, familiares, profissionais e outras. Desta forma, torna-se necess\u00e1rio que a reflex\u00e3o cr\u00edtica possa estar mediando e determinando a presen\u00e7a da Mulher [&hellip;]","og_url":"https:\/\/radiolifefm.com.br\/noticias\/violencia-relacionamento-e-inteligencia-sao-os-temas-no-glamour-mulher-2022-nesta-quinta-no-campus-ii-da-unifai\/","og_site_name":"R\u00e1dio Life FM","article_publisher":"https:\/\/www.facebook.com\/radiolifefm\/","article_published_time":"2022-03-10T12:02:01+00:00","article_modified_time":"2026-04-22T23:05:56+00:00","og_image":[{"width":1024,"height":1280,"url":"https:\/\/radiolifefm.com.br\/noticias\/wp-content\/uploads\/2022\/03\/WhatsApp-Image-2022-03-10-at-08.45.25.jpeg","type":"image\/jpeg"}],"author":"ritanery","twitter_card":"summary_large_image","twitter_misc":{"Escrito por":"ritanery","Est. tempo de leitura":"3 minutos"},"schema":{"@context":"https:\/\/schema.org","@graph":[{"@type":"Article","@id":"https:\/\/radiolifefm.com.br\/noticias\/violencia-relacionamento-e-inteligencia-sao-os-temas-no-glamour-mulher-2022-nesta-quinta-no-campus-ii-da-unifai\/#article","isPartOf":{"@id":"https:\/\/radiolifefm.com.br\/noticias\/violencia-relacionamento-e-inteligencia-sao-os-temas-no-glamour-mulher-2022-nesta-quinta-no-campus-ii-da-unifai\/"},"author":{"name":"ritanery","@id":"https:\/\/radiolifefm.com.br\/noticias\/#\/schema\/person\/6339b9fac59d12b071dec680d7375d87"},"headline":"Viol\u00eancia, Relacionamento e Intelig\u00eancia s\u00e3o os temas no Glamour Mulher 2022 nesta quinta, no Campus II da UniFAI","datePublished":"2022-03-10T12:02:01+00:00","dateModified":"2026-04-22T23:05:56+00:00","mainEntityOfPage":{"@id":"https:\/\/radiolifefm.com.br\/noticias\/violencia-relacionamento-e-inteligencia-sao-os-temas-no-glamour-mulher-2022-nesta-quinta-no-campus-ii-da-unifai\/"},"wordCount":628,"publisher":{"@id":"https:\/\/radiolifefm.com.br\/noticias\/#organization"},"image":{"@id":"https:\/\/radiolifefm.com.br\/noticias\/violencia-relacionamento-e-inteligencia-sao-os-temas-no-glamour-mulher-2022-nesta-quinta-no-campus-ii-da-unifai\/#primaryimage"},"thumbnailUrl":"https:\/\/radiolifefm.com.br\/noticias\/wp-content\/uploads\/2022\/03\/WhatsApp-Image-2022-03-10-at-08.45.25.jpeg","articleSection":["Adamantina"],"inLanguage":"pt-BR"},{"@type":"WebPage","@id":"https:\/\/radiolifefm.com.br\/noticias\/violencia-relacionamento-e-inteligencia-sao-os-temas-no-glamour-mulher-2022-nesta-quinta-no-campus-ii-da-unifai\/","url":"https:\/\/radiolifefm.com.br\/noticias\/violencia-relacionamento-e-inteligencia-sao-os-temas-no-glamour-mulher-2022-nesta-quinta-no-campus-ii-da-unifai\/","name":"Viol\u00eancia, Relacionamento e Intelig\u00eancia s\u00e3o os temas no Glamour Mulher 2022 nesta quinta, no Campus II da UniFAI - R\u00e1dio Life FM","isPartOf":{"@id":"https:\/\/radiolifefm.com.br\/noticias\/#website"},"primaryImageOfPage":{"@id":"https:\/\/radiolifefm.com.br\/noticias\/violencia-relacionamento-e-inteligencia-sao-os-temas-no-glamour-mulher-2022-nesta-quinta-no-campus-ii-da-unifai\/#primaryimage"},"image":{"@id":"https:\/\/radiolifefm.com.br\/noticias\/violencia-relacionamento-e-inteligencia-sao-os-temas-no-glamour-mulher-2022-nesta-quinta-no-campus-ii-da-unifai\/#primaryimage"},"thumbnailUrl":"https:\/\/radiolifefm.com.br\/noticias\/wp-content\/uploads\/2022\/03\/WhatsApp-Image-2022-03-10-at-08.45.25.jpeg","datePublished":"2022-03-10T12:02:01+00:00","dateModified":"2026-04-22T23:05:56+00:00","breadcrumb":{"@id":"https:\/\/radiolifefm.com.br\/noticias\/violencia-relacionamento-e-inteligencia-sao-os-temas-no-glamour-mulher-2022-nesta-quinta-no-campus-ii-da-unifai\/#breadcrumb"},"inLanguage":"pt-BR","potentialAction":[{"@type":"ReadAction","target":["https:\/\/radiolifefm.com.br\/noticias\/violencia-relacionamento-e-inteligencia-sao-os-temas-no-glamour-mulher-2022-nesta-quinta-no-campus-ii-da-unifai\/"]}]},{"@type":"ImageObject","inLanguage":"pt-BR","@id":"https:\/\/radiolifefm.com.br\/noticias\/violencia-relacionamento-e-inteligencia-sao-os-temas-no-glamour-mulher-2022-nesta-quinta-no-campus-ii-da-unifai\/#primaryimage","url":"https:\/\/radiolifefm.com.br\/noticias\/wp-content\/uploads\/2022\/03\/WhatsApp-Image-2022-03-10-at-08.45.25.jpeg","contentUrl":"https:\/\/radiolifefm.com.br\/noticias\/wp-content\/uploads\/2022\/03\/WhatsApp-Image-2022-03-10-at-08.45.25.jpeg","width":1024,"height":1280},{"@type":"BreadcrumbList","@id":"https:\/\/radiolifefm.com.br\/noticias\/violencia-relacionamento-e-inteligencia-sao-os-temas-no-glamour-mulher-2022-nesta-quinta-no-campus-ii-da-unifai\/#breadcrumb","itemListElement":[{"@type":"ListItem","position":1,"name":"In\u00edcio","item":"https:\/\/radiolifefm.com.br\/noticias\/"},{"@type":"ListItem","position":2,"name":"Viol\u00eancia, Relacionamento e Intelig\u00eancia s\u00e3o os temas no Glamour Mulher 2022 nesta quinta, no Campus II da UniFAI"}]},{"@type":"WebSite","@id":"https:\/\/radiolifefm.com.br\/noticias\/#website","url":"https:\/\/radiolifefm.com.br\/noticias\/","name":"R\u00e1dio Life FM","description":"O Portal de Not\u00edcias de Adamantina","publisher":{"@id":"https:\/\/radiolifefm.com.br\/noticias\/#organization"},"alternateName":"Life FM","potentialAction":[{"@type":"SearchAction","target":{"@type":"EntryPoint","urlTemplate":"https:\/\/radiolifefm.com.br\/noticias\/?s={search_term_string}"},"query-input":{"@type":"PropertyValueSpecification","valueRequired":true,"valueName":"search_term_string"}}],"inLanguage":"pt-BR"},{"@type":"Organization","@id":"https:\/\/radiolifefm.com.br\/noticias\/#organization","name":"R\u00e1dio Life FM","alternateName":"Life FM","url":"https:\/\/radiolifefm.com.br\/noticias\/","logo":{"@type":"ImageObject","inLanguage":"pt-BR","@id":"https:\/\/radiolifefm.com.br\/noticias\/#\/schema\/logo\/image\/","url":"https:\/\/static.radiolifefm.com.br\/noticias\/wp-content\/uploads\/2019\/10\/logo-lifefm.png","contentUrl":"https:\/\/static.radiolifefm.com.br\/noticias\/wp-content\/uploads\/2019\/10\/logo-lifefm.png","width":196,"height":47,"caption":"R\u00e1dio Life FM"},"image":{"@id":"https:\/\/radiolifefm.com.br\/noticias\/#\/schema\/logo\/image\/"},"sameAs":["https:\/\/www.facebook.com\/radiolifefm\/","https:\/\/www.instagram.com\/life1079fm\/"]},{"@type":"Person","@id":"https:\/\/radiolifefm.com.br\/noticias\/#\/schema\/person\/6339b9fac59d12b071dec680d7375d87","name":"ritanery","image":{"@type":"ImageObject","inLanguage":"pt-BR","@id":"https:\/\/secure.gravatar.com\/avatar\/0e37bb19071f47c0b8a23f62a903df117c5a0e75f65a0c2901562f97cd41cf86?s=96&d=mm&r=g","url":"https:\/\/secure.gravatar.com\/avatar\/0e37bb19071f47c0b8a23f62a903df117c5a0e75f65a0c2901562f97cd41cf86?s=96&d=mm&r=g","contentUrl":"https:\/\/secure.gravatar.com\/avatar\/0e37bb19071f47c0b8a23f62a903df117c5a0e75f65a0c2901562f97cd41cf86?s=96&d=mm&r=g","caption":"ritanery"}}]}},"amp_enabled":true,"_links":{"self":[{"href":"https:\/\/radiolifefm.com.br\/noticias\/wp-json\/wp\/v2\/posts\/50482","targetHints":{"allow":["GET"]}}],"collection":[{"href":"https:\/\/radiolifefm.com.br\/noticias\/wp-json\/wp\/v2\/posts"}],"about":[{"href":"https:\/\/radiolifefm.com.br\/noticias\/wp-json\/wp\/v2\/types\/post"}],"author":[{"embeddable":true,"href":"https:\/\/radiolifefm.com.br\/noticias\/wp-json\/wp\/v2\/users\/13"}],"replies":[{"embeddable":true,"href":"https:\/\/radiolifefm.com.br\/noticias\/wp-json\/wp\/v2\/comments?post=50482"}],"version-history":[{"count":5,"href":"https:\/\/radiolifefm.com.br\/noticias\/wp-json\/wp\/v2\/posts\/50482\/revisions"}],"predecessor-version":[{"id":50489,"href":"https:\/\/radiolifefm.com.br\/noticias\/wp-json\/wp\/v2\/posts\/50482\/revisions\/50489"}],"wp:featuredmedia":[{"embeddable":true,"href":"https:\/\/radiolifefm.com.br\/noticias\/wp-json\/wp\/v2\/media\/50483"}],"wp:attachment":[{"href":"https:\/\/radiolifefm.com.br\/noticias\/wp-json\/wp\/v2\/media?parent=50482"}],"wp:term":[{"taxonomy":"category","embeddable":true,"href":"https:\/\/radiolifefm.com.br\/noticias\/wp-json\/wp\/v2\/categories?post=50482"},{"taxonomy":"post_tag","embeddable":true,"href":"https:\/\/radiolifefm.com.br\/noticias\/wp-json\/wp\/v2\/tags?post=50482"}],"curies":[{"name":"wp","href":"https:\/\/api.w.org\/{rel}","templated":true}]}}