{"id":50468,"date":"2022-03-10T08:07:17","date_gmt":"2022-03-10T11:07:17","guid":{"rendered":"https:\/\/radiolifefm.com.br\/noticias\/?p=50468"},"modified":"2026-01-06T17:17:01","modified_gmt":"2026-01-06T20:17:01","slug":"prefeitura-de-adamantina-faz-visita-tecnica-em-busca-de-conhecimento-sobre-sericiculturaadamantina","status":"publish","type":"post","link":"https:\/\/radiolifefm.com.br\/noticias\/prefeitura-de-adamantina-faz-visita-tecnica-em-busca-de-conhecimento-sobre-sericiculturaadamantina\/","title":{"rendered":"Prefeitura de Adamantina faz visita t\u00e9cnica em busca de conhecimento sobre sericicultura"},"content":{"rendered":"<div id=\"fb-root\"><\/div>\n<p><span style=\"font-family: arial, sans-serif\">Na manh\u00e3 de ontem (8), uma comitiva formada pelo prefeito M\u00e1rcio Cardim, os secret\u00e1rios Thiago Benet\u00e3o (SAAMA) e Luciana Pereira (gabinete) e Gustavo Andrade (Desenvolvimento Econ\u00f4mico) mais a equipe t\u00e9cnica respons\u00e1vel pelo desenvolvimento dos projetos do PAAM e do Euroclima e Energisa fizeram uma visita t\u00e9cnica a Bratac, na cidade de Bastos.<\/span><\/p>\n<p>O objetivo do encontro foi conhecer in loco a sericultura e como ela pode contribuir para dar prosseguimento \u00e0s a\u00e7\u00f5es de uma agricultura resiliente j\u00e1 desenvolvida no munic\u00edpio por meio do Programa Euroclima + e do Programa de Efici\u00eancia Energ\u00e9tica, executado em parceria com a Energisa, al\u00e9m de ser uma proposta de nova fonte de renda aos agricultores locais.<\/p>\n<p>Na oportunidade, foram recebidos por Evandro Kasama, membro da diretoria e pelo agente seric\u00edcola, Ademir Esteves, entre outros. No primeiro momento, a comitiva municipal participou de uma reuni\u00e3o para entender sobre o funcionamento da Bratac e as poss\u00edveis parceiras que podem ser firmadas com os agricultores locais.<\/p>\n<p>No segundo momento, eles foram levados a campo para conhecer de perto a cria\u00e7\u00e3o do bicho da seda. Na oportunidade visitaram os espa\u00e7os que s\u00e3o necess\u00e1rios, a forma de alimenta\u00e7\u00e3o, o manejo e, ainda, conversaram com os agricultores que trabalham com a sericicultura a fim de entender sobre a rentabilidade.<\/p>\n<p>Agora, um novo encontro ser\u00e1 marcado com os agricultores que desejarem conhecer mais sobre esse ramo, as formas de parcerias, entre outros. Depois, haver\u00e1 uma visita t\u00e9cnica dos profissionais para que eles conhe\u00e7am na pr\u00e1tica como a sericicultura \u00e9 desenvolvida.<br \/>\nSobre<br \/>\nA Bratac possui 81 anos de funda\u00e7\u00e3o tendo in\u00edcio na cidade de Bastos. A f\u00e1brica de fia\u00e7\u00e3o de seda foi fundada no munic\u00edpio em 1932 dando origem \u00e0 Fia\u00e7\u00e3o de Seda Bratac Ltda. Atualmente, al\u00e9m de Bastos, a empresa tem outra unidade em Londrina. O foco da empresa \u00e9 a exporta\u00e7\u00e3o do fio \u2013 mais de 95% da produ\u00e7\u00e3o vai para Europa e \u00c1sia, e atende o mercado da moda de alto luxo.<\/p>\n<div><\/div>\n<div>Fonte: Assessoria de Imprensa<\/div>\n","protected":false},"excerpt":{"rendered":"<p>Na manh\u00e3 de ontem (8), uma comitiva formada pelo prefeito M\u00e1rcio Cardim, os secret\u00e1rios Thiago Benet\u00e3o (SAAMA) e Luciana Pereira (gabinete) e Gustavo Andrade (Desenvolvimento Econ\u00f4mico) mais a equipe t\u00e9cnica respons\u00e1vel pelo desenvolvimento dos projetos do PAAM e do Euroclima e Energisa fizeram uma visita t\u00e9cnica a Bratac, na cidade de Bastos. O objetivo do [&hellip;]<\/p>\n","protected":false},"author":13,"featured_media":50469,"comment_status":"closed","ping_status":"open","sticky":false,"template":"","format":"standard","meta":{"_acf_changed":false,"_exactmetrics_skip_tracking":false,"_exactmetrics_sitenote_active":false,"_exactmetrics_sitenote_note":"","_exactmetrics_sitenote_category":0,"footnotes":""},"categories":[21],"tags":[],"class_list":["post-50468","post","type-post","status-publish","format-standard","has-post-thumbnail","hentry","category-adamantina"],"acf":[],"yoast_head":"<!-- This site is optimized with the Yoast SEO plugin v27.2 - https:\/\/yoast.com\/product\/yoast-seo-wordpress\/ -->\n<title>Prefeitura de Adamantina faz visita t\u00e9cnica em busca de conhecimento sobre sericicultura - R\u00e1dio Life FM<\/title>\n<meta name=\"robots\" content=\"index, follow, max-snippet:-1, max-image-preview:large, max-video-preview:-1\" \/>\n<link rel=\"canonical\" href=\"https:\/\/radiolifefm.com.br\/noticias\/prefeitura-de-adamantina-faz-visita-tecnica-em-busca-de-conhecimento-sobre-sericiculturaadamantina\/\" \/>\n<meta property=\"og:locale\" content=\"pt_BR\" \/>\n<meta property=\"og:type\" content=\"article\" \/>\n<meta property=\"og:title\" content=\"Prefeitura de Adamantina faz visita t\u00e9cnica em busca de conhecimento sobre sericicultura - R\u00e1dio Life FM\" \/>\n<meta property=\"og:description\" content=\"Na manh\u00e3 de ontem (8), uma comitiva formada pelo prefeito M\u00e1rcio Cardim, os secret\u00e1rios Thiago Benet\u00e3o (SAAMA) e Luciana Pereira (gabinete) e Gustavo Andrade (Desenvolvimento Econ\u00f4mico) mais a equipe t\u00e9cnica respons\u00e1vel pelo desenvolvimento dos projetos do PAAM e do Euroclima e Energisa fizeram uma visita t\u00e9cnica a Bratac, na cidade de Bastos. O objetivo do [&hellip;]\" \/>\n<meta property=\"og:url\" content=\"https:\/\/radiolifefm.com.br\/noticias\/prefeitura-de-adamantina-faz-visita-tecnica-em-busca-de-conhecimento-sobre-sericiculturaadamantina\/\" \/>\n<meta property=\"og:site_name\" content=\"R\u00e1dio Life FM\" \/>\n<meta property=\"article:publisher\" content=\"https:\/\/www.facebook.com\/radiolifefm\/\" \/>\n<meta property=\"article:published_time\" content=\"2022-03-10T11:07:17+00:00\" \/>\n<meta property=\"article:modified_time\" content=\"2026-01-06T20:17:01+00:00\" \/>\n<meta property=\"og:image\" content=\"https:\/\/radiolifefm.com.br\/noticias\/wp-content\/uploads\/2022\/03\/Foto-1-scaled.jpg\" \/>\n\t<meta property=\"og:image:width\" content=\"2560\" \/>\n\t<meta property=\"og:image:height\" content=\"1711\" \/>\n\t<meta property=\"og:image:type\" content=\"image\/jpeg\" \/>\n<meta name=\"author\" content=\"ritanery\" \/>\n<meta name=\"twitter:card\" content=\"summary_large_image\" \/>\n<meta name=\"twitter:label1\" content=\"Escrito por\" \/>\n\t<meta name=\"twitter:data1\" content=\"ritanery\" \/>\n\t<meta name=\"twitter:label2\" content=\"Est. tempo de leitura\" \/>\n\t<meta name=\"twitter:data2\" content=\"2 minutos\" \/>\n<script type=\"application\/ld+json\" class=\"yoast-schema-graph\">{\"@context\":\"https:\/\/schema.org\",\"@graph\":[{\"@type\":\"Article\",\"@id\":\"https:\/\/radiolifefm.com.br\/noticias\/prefeitura-de-adamantina-faz-visita-tecnica-em-busca-de-conhecimento-sobre-sericiculturaadamantina\/#article\",\"isPartOf\":{\"@id\":\"https:\/\/radiolifefm.com.br\/noticias\/prefeitura-de-adamantina-faz-visita-tecnica-em-busca-de-conhecimento-sobre-sericiculturaadamantina\/\"},\"author\":{\"name\":\"ritanery\",\"@id\":\"https:\/\/radiolifefm.com.br\/noticias\/#\/schema\/person\/6339b9fac59d12b071dec680d7375d87\"},\"headline\":\"Prefeitura de Adamantina faz visita t\u00e9cnica em busca de conhecimento sobre sericicultura\",\"datePublished\":\"2022-03-10T11:07:17+00:00\",\"dateModified\":\"2026-01-06T20:17:01+00:00\",\"mainEntityOfPage\":{\"@id\":\"https:\/\/radiolifefm.com.br\/noticias\/prefeitura-de-adamantina-faz-visita-tecnica-em-busca-de-conhecimento-sobre-sericiculturaadamantina\/\"},\"wordCount\":362,\"publisher\":{\"@id\":\"https:\/\/radiolifefm.com.br\/noticias\/#organization\"},\"image\":{\"@id\":\"https:\/\/radiolifefm.com.br\/noticias\/prefeitura-de-adamantina-faz-visita-tecnica-em-busca-de-conhecimento-sobre-sericiculturaadamantina\/#primaryimage\"},\"thumbnailUrl\":\"https:\/\/radiolifefm.com.br\/noticias\/wp-content\/uploads\/2022\/03\/Foto-1-scaled.jpg\",\"articleSection\":[\"Adamantina\"],\"inLanguage\":\"pt-BR\"},{\"@type\":\"WebPage\",\"@id\":\"https:\/\/radiolifefm.com.br\/noticias\/prefeitura-de-adamantina-faz-visita-tecnica-em-busca-de-conhecimento-sobre-sericiculturaadamantina\/\",\"url\":\"https:\/\/radiolifefm.com.br\/noticias\/prefeitura-de-adamantina-faz-visita-tecnica-em-busca-de-conhecimento-sobre-sericiculturaadamantina\/\",\"name\":\"Prefeitura de Adamantina faz visita t\u00e9cnica em busca de conhecimento sobre sericicultura - R\u00e1dio Life FM\",\"isPartOf\":{\"@id\":\"https:\/\/radiolifefm.com.br\/noticias\/#website\"},\"primaryImageOfPage\":{\"@id\":\"https:\/\/radiolifefm.com.br\/noticias\/prefeitura-de-adamantina-faz-visita-tecnica-em-busca-de-conhecimento-sobre-sericiculturaadamantina\/#primaryimage\"},\"image\":{\"@id\":\"https:\/\/radiolifefm.com.br\/noticias\/prefeitura-de-adamantina-faz-visita-tecnica-em-busca-de-conhecimento-sobre-sericiculturaadamantina\/#primaryimage\"},\"thumbnailUrl\":\"https:\/\/radiolifefm.com.br\/noticias\/wp-content\/uploads\/2022\/03\/Foto-1-scaled.jpg\",\"datePublished\":\"2022-03-10T11:07:17+00:00\",\"dateModified\":\"2026-01-06T20:17:01+00:00\",\"breadcrumb\":{\"@id\":\"https:\/\/radiolifefm.com.br\/noticias\/prefeitura-de-adamantina-faz-visita-tecnica-em-busca-de-conhecimento-sobre-sericiculturaadamantina\/#breadcrumb\"},\"inLanguage\":\"pt-BR\",\"potentialAction\":[{\"@type\":\"ReadAction\",\"target\":[\"https:\/\/radiolifefm.com.br\/noticias\/prefeitura-de-adamantina-faz-visita-tecnica-em-busca-de-conhecimento-sobre-sericiculturaadamantina\/\"]}]},{\"@type\":\"ImageObject\",\"inLanguage\":\"pt-BR\",\"@id\":\"https:\/\/radiolifefm.com.br\/noticias\/prefeitura-de-adamantina-faz-visita-tecnica-em-busca-de-conhecimento-sobre-sericiculturaadamantina\/#primaryimage\",\"url\":\"https:\/\/radiolifefm.com.br\/noticias\/wp-content\/uploads\/2022\/03\/Foto-1-scaled.jpg\",\"contentUrl\":\"https:\/\/radiolifefm.com.br\/noticias\/wp-content\/uploads\/2022\/03\/Foto-1-scaled.jpg\",\"width\":2560,\"height\":1711},{\"@type\":\"BreadcrumbList\",\"@id\":\"https:\/\/radiolifefm.com.br\/noticias\/prefeitura-de-adamantina-faz-visita-tecnica-em-busca-de-conhecimento-sobre-sericiculturaadamantina\/#breadcrumb\",\"itemListElement\":[{\"@type\":\"ListItem\",\"position\":1,\"name\":\"In\u00edcio\",\"item\":\"https:\/\/radiolifefm.com.br\/noticias\/\"},{\"@type\":\"ListItem\",\"position\":2,\"name\":\"Prefeitura de Adamantina faz visita t\u00e9cnica em busca de conhecimento sobre sericicultura\"}]},{\"@type\":\"WebSite\",\"@id\":\"https:\/\/radiolifefm.com.br\/noticias\/#website\",\"url\":\"https:\/\/radiolifefm.com.br\/noticias\/\",\"name\":\"R\u00e1dio Life FM\",\"description\":\"O Portal de Not\u00edcias de Adamantina\",\"publisher\":{\"@id\":\"https:\/\/radiolifefm.com.br\/noticias\/#organization\"},\"alternateName\":\"Life FM\",\"potentialAction\":[{\"@type\":\"SearchAction\",\"target\":{\"@type\":\"EntryPoint\",\"urlTemplate\":\"https:\/\/radiolifefm.com.br\/noticias\/?s={search_term_string}\"},\"query-input\":{\"@type\":\"PropertyValueSpecification\",\"valueRequired\":true,\"valueName\":\"search_term_string\"}}],\"inLanguage\":\"pt-BR\"},{\"@type\":\"Organization\",\"@id\":\"https:\/\/radiolifefm.com.br\/noticias\/#organization\",\"name\":\"R\u00e1dio Life FM\",\"alternateName\":\"Life FM\",\"url\":\"https:\/\/radiolifefm.com.br\/noticias\/\",\"logo\":{\"@type\":\"ImageObject\",\"inLanguage\":\"pt-BR\",\"@id\":\"https:\/\/radiolifefm.com.br\/noticias\/#\/schema\/logo\/image\/\",\"url\":\"https:\/\/static.radiolifefm.com.br\/noticias\/wp-content\/uploads\/2019\/10\/logo-lifefm.png\",\"contentUrl\":\"https:\/\/static.radiolifefm.com.br\/noticias\/wp-content\/uploads\/2019\/10\/logo-lifefm.png\",\"width\":196,\"height\":47,\"caption\":\"R\u00e1dio Life FM\"},\"image\":{\"@id\":\"https:\/\/radiolifefm.com.br\/noticias\/#\/schema\/logo\/image\/\"},\"sameAs\":[\"https:\/\/www.facebook.com\/radiolifefm\/\",\"https:\/\/www.instagram.com\/life1079fm\/\"]},{\"@type\":\"Person\",\"@id\":\"https:\/\/radiolifefm.com.br\/noticias\/#\/schema\/person\/6339b9fac59d12b071dec680d7375d87\",\"name\":\"ritanery\",\"image\":{\"@type\":\"ImageObject\",\"inLanguage\":\"pt-BR\",\"@id\":\"https:\/\/secure.gravatar.com\/avatar\/0e37bb19071f47c0b8a23f62a903df117c5a0e75f65a0c2901562f97cd41cf86?s=96&d=mm&r=g\",\"url\":\"https:\/\/secure.gravatar.com\/avatar\/0e37bb19071f47c0b8a23f62a903df117c5a0e75f65a0c2901562f97cd41cf86?s=96&d=mm&r=g\",\"contentUrl\":\"https:\/\/secure.gravatar.com\/avatar\/0e37bb19071f47c0b8a23f62a903df117c5a0e75f65a0c2901562f97cd41cf86?s=96&d=mm&r=g\",\"caption\":\"ritanery\"}}]}<\/script>\n<!-- \/ Yoast SEO plugin. -->","yoast_head_json":{"title":"Prefeitura de Adamantina faz visita t\u00e9cnica em busca de conhecimento sobre sericicultura - R\u00e1dio Life FM","robots":{"index":"index","follow":"follow","max-snippet":"max-snippet:-1","max-image-preview":"max-image-preview:large","max-video-preview":"max-video-preview:-1"},"canonical":"https:\/\/radiolifefm.com.br\/noticias\/prefeitura-de-adamantina-faz-visita-tecnica-em-busca-de-conhecimento-sobre-sericiculturaadamantina\/","og_locale":"pt_BR","og_type":"article","og_title":"Prefeitura de Adamantina faz visita t\u00e9cnica em busca de conhecimento sobre sericicultura - R\u00e1dio Life FM","og_description":"Na manh\u00e3 de ontem (8), uma comitiva formada pelo prefeito M\u00e1rcio Cardim, os secret\u00e1rios Thiago Benet\u00e3o (SAAMA) e Luciana Pereira (gabinete) e Gustavo Andrade (Desenvolvimento Econ\u00f4mico) mais a equipe t\u00e9cnica respons\u00e1vel pelo desenvolvimento dos projetos do PAAM e do Euroclima e Energisa fizeram uma visita t\u00e9cnica a Bratac, na cidade de Bastos. O objetivo do [&hellip;]","og_url":"https:\/\/radiolifefm.com.br\/noticias\/prefeitura-de-adamantina-faz-visita-tecnica-em-busca-de-conhecimento-sobre-sericiculturaadamantina\/","og_site_name":"R\u00e1dio Life FM","article_publisher":"https:\/\/www.facebook.com\/radiolifefm\/","article_published_time":"2022-03-10T11:07:17+00:00","article_modified_time":"2026-01-06T20:17:01+00:00","og_image":[{"width":2560,"height":1711,"url":"https:\/\/radiolifefm.com.br\/noticias\/wp-content\/uploads\/2022\/03\/Foto-1-scaled.jpg","type":"image\/jpeg"}],"author":"ritanery","twitter_card":"summary_large_image","twitter_misc":{"Escrito por":"ritanery","Est. tempo de leitura":"2 minutos"},"schema":{"@context":"https:\/\/schema.org","@graph":[{"@type":"Article","@id":"https:\/\/radiolifefm.com.br\/noticias\/prefeitura-de-adamantina-faz-visita-tecnica-em-busca-de-conhecimento-sobre-sericiculturaadamantina\/#article","isPartOf":{"@id":"https:\/\/radiolifefm.com.br\/noticias\/prefeitura-de-adamantina-faz-visita-tecnica-em-busca-de-conhecimento-sobre-sericiculturaadamantina\/"},"author":{"name":"ritanery","@id":"https:\/\/radiolifefm.com.br\/noticias\/#\/schema\/person\/6339b9fac59d12b071dec680d7375d87"},"headline":"Prefeitura de Adamantina faz visita t\u00e9cnica em busca de conhecimento sobre sericicultura","datePublished":"2022-03-10T11:07:17+00:00","dateModified":"2026-01-06T20:17:01+00:00","mainEntityOfPage":{"@id":"https:\/\/radiolifefm.com.br\/noticias\/prefeitura-de-adamantina-faz-visita-tecnica-em-busca-de-conhecimento-sobre-sericiculturaadamantina\/"},"wordCount":362,"publisher":{"@id":"https:\/\/radiolifefm.com.br\/noticias\/#organization"},"image":{"@id":"https:\/\/radiolifefm.com.br\/noticias\/prefeitura-de-adamantina-faz-visita-tecnica-em-busca-de-conhecimento-sobre-sericiculturaadamantina\/#primaryimage"},"thumbnailUrl":"https:\/\/radiolifefm.com.br\/noticias\/wp-content\/uploads\/2022\/03\/Foto-1-scaled.jpg","articleSection":["Adamantina"],"inLanguage":"pt-BR"},{"@type":"WebPage","@id":"https:\/\/radiolifefm.com.br\/noticias\/prefeitura-de-adamantina-faz-visita-tecnica-em-busca-de-conhecimento-sobre-sericiculturaadamantina\/","url":"https:\/\/radiolifefm.com.br\/noticias\/prefeitura-de-adamantina-faz-visita-tecnica-em-busca-de-conhecimento-sobre-sericiculturaadamantina\/","name":"Prefeitura de Adamantina faz visita t\u00e9cnica em busca de conhecimento sobre sericicultura - R\u00e1dio Life FM","isPartOf":{"@id":"https:\/\/radiolifefm.com.br\/noticias\/#website"},"primaryImageOfPage":{"@id":"https:\/\/radiolifefm.com.br\/noticias\/prefeitura-de-adamantina-faz-visita-tecnica-em-busca-de-conhecimento-sobre-sericiculturaadamantina\/#primaryimage"},"image":{"@id":"https:\/\/radiolifefm.com.br\/noticias\/prefeitura-de-adamantina-faz-visita-tecnica-em-busca-de-conhecimento-sobre-sericiculturaadamantina\/#primaryimage"},"thumbnailUrl":"https:\/\/radiolifefm.com.br\/noticias\/wp-content\/uploads\/2022\/03\/Foto-1-scaled.jpg","datePublished":"2022-03-10T11:07:17+00:00","dateModified":"2026-01-06T20:17:01+00:00","breadcrumb":{"@id":"https:\/\/radiolifefm.com.br\/noticias\/prefeitura-de-adamantina-faz-visita-tecnica-em-busca-de-conhecimento-sobre-sericiculturaadamantina\/#breadcrumb"},"inLanguage":"pt-BR","potentialAction":[{"@type":"ReadAction","target":["https:\/\/radiolifefm.com.br\/noticias\/prefeitura-de-adamantina-faz-visita-tecnica-em-busca-de-conhecimento-sobre-sericiculturaadamantina\/"]}]},{"@type":"ImageObject","inLanguage":"pt-BR","@id":"https:\/\/radiolifefm.com.br\/noticias\/prefeitura-de-adamantina-faz-visita-tecnica-em-busca-de-conhecimento-sobre-sericiculturaadamantina\/#primaryimage","url":"https:\/\/radiolifefm.com.br\/noticias\/wp-content\/uploads\/2022\/03\/Foto-1-scaled.jpg","contentUrl":"https:\/\/radiolifefm.com.br\/noticias\/wp-content\/uploads\/2022\/03\/Foto-1-scaled.jpg","width":2560,"height":1711},{"@type":"BreadcrumbList","@id":"https:\/\/radiolifefm.com.br\/noticias\/prefeitura-de-adamantina-faz-visita-tecnica-em-busca-de-conhecimento-sobre-sericiculturaadamantina\/#breadcrumb","itemListElement":[{"@type":"ListItem","position":1,"name":"In\u00edcio","item":"https:\/\/radiolifefm.com.br\/noticias\/"},{"@type":"ListItem","position":2,"name":"Prefeitura de Adamantina faz visita t\u00e9cnica em busca de conhecimento sobre sericicultura"}]},{"@type":"WebSite","@id":"https:\/\/radiolifefm.com.br\/noticias\/#website","url":"https:\/\/radiolifefm.com.br\/noticias\/","name":"R\u00e1dio Life FM","description":"O Portal de Not\u00edcias de Adamantina","publisher":{"@id":"https:\/\/radiolifefm.com.br\/noticias\/#organization"},"alternateName":"Life FM","potentialAction":[{"@type":"SearchAction","target":{"@type":"EntryPoint","urlTemplate":"https:\/\/radiolifefm.com.br\/noticias\/?s={search_term_string}"},"query-input":{"@type":"PropertyValueSpecification","valueRequired":true,"valueName":"search_term_string"}}],"inLanguage":"pt-BR"},{"@type":"Organization","@id":"https:\/\/radiolifefm.com.br\/noticias\/#organization","name":"R\u00e1dio Life FM","alternateName":"Life FM","url":"https:\/\/radiolifefm.com.br\/noticias\/","logo":{"@type":"ImageObject","inLanguage":"pt-BR","@id":"https:\/\/radiolifefm.com.br\/noticias\/#\/schema\/logo\/image\/","url":"https:\/\/static.radiolifefm.com.br\/noticias\/wp-content\/uploads\/2019\/10\/logo-lifefm.png","contentUrl":"https:\/\/static.radiolifefm.com.br\/noticias\/wp-content\/uploads\/2019\/10\/logo-lifefm.png","width":196,"height":47,"caption":"R\u00e1dio Life FM"},"image":{"@id":"https:\/\/radiolifefm.com.br\/noticias\/#\/schema\/logo\/image\/"},"sameAs":["https:\/\/www.facebook.com\/radiolifefm\/","https:\/\/www.instagram.com\/life1079fm\/"]},{"@type":"Person","@id":"https:\/\/radiolifefm.com.br\/noticias\/#\/schema\/person\/6339b9fac59d12b071dec680d7375d87","name":"ritanery","image":{"@type":"ImageObject","inLanguage":"pt-BR","@id":"https:\/\/secure.gravatar.com\/avatar\/0e37bb19071f47c0b8a23f62a903df117c5a0e75f65a0c2901562f97cd41cf86?s=96&d=mm&r=g","url":"https:\/\/secure.gravatar.com\/avatar\/0e37bb19071f47c0b8a23f62a903df117c5a0e75f65a0c2901562f97cd41cf86?s=96&d=mm&r=g","contentUrl":"https:\/\/secure.gravatar.com\/avatar\/0e37bb19071f47c0b8a23f62a903df117c5a0e75f65a0c2901562f97cd41cf86?s=96&d=mm&r=g","caption":"ritanery"}}]}},"amp_enabled":true,"_links":{"self":[{"href":"https:\/\/radiolifefm.com.br\/noticias\/wp-json\/wp\/v2\/posts\/50468","targetHints":{"allow":["GET"]}}],"collection":[{"href":"https:\/\/radiolifefm.com.br\/noticias\/wp-json\/wp\/v2\/posts"}],"about":[{"href":"https:\/\/radiolifefm.com.br\/noticias\/wp-json\/wp\/v2\/types\/post"}],"author":[{"embeddable":true,"href":"https:\/\/radiolifefm.com.br\/noticias\/wp-json\/wp\/v2\/users\/13"}],"replies":[{"embeddable":true,"href":"https:\/\/radiolifefm.com.br\/noticias\/wp-json\/wp\/v2\/comments?post=50468"}],"version-history":[{"count":6,"href":"https:\/\/radiolifefm.com.br\/noticias\/wp-json\/wp\/v2\/posts\/50468\/revisions"}],"predecessor-version":[{"id":50475,"href":"https:\/\/radiolifefm.com.br\/noticias\/wp-json\/wp\/v2\/posts\/50468\/revisions\/50475"}],"wp:featuredmedia":[{"embeddable":true,"href":"https:\/\/radiolifefm.com.br\/noticias\/wp-json\/wp\/v2\/media\/50469"}],"wp:attachment":[{"href":"https:\/\/radiolifefm.com.br\/noticias\/wp-json\/wp\/v2\/media?parent=50468"}],"wp:term":[{"taxonomy":"category","embeddable":true,"href":"https:\/\/radiolifefm.com.br\/noticias\/wp-json\/wp\/v2\/categories?post=50468"},{"taxonomy":"post_tag","embeddable":true,"href":"https:\/\/radiolifefm.com.br\/noticias\/wp-json\/wp\/v2\/tags?post=50468"}],"curies":[{"name":"wp","href":"https:\/\/api.w.org\/{rel}","templated":true}]}}