{"id":50402,"date":"2022-03-09T08:49:28","date_gmt":"2022-03-09T11:49:28","guid":{"rendered":"https:\/\/radiolifefm.com.br\/noticias\/?p=50402"},"modified":"2026-04-26T20:33:01","modified_gmt":"2026-04-26T23:33:01","slug":"ministerio-publico-apura-se-ha-servidores-municipais-aposentados-apos-2019-que-continuam-no-cargo","status":"publish","type":"post","link":"https:\/\/radiolifefm.com.br\/noticias\/ministerio-publico-apura-se-ha-servidores-municipais-aposentados-apos-2019-que-continuam-no-cargo\/","title":{"rendered":"Minist\u00e9rio P\u00fablico apura se h\u00e1 servidores municipais aposentados ap\u00f3s 2019 que continuam no cargo"},"content":{"rendered":"<div id=\"fb-root\"><\/div>\n<p style=\"font-weight: 400\">Foi instaurado no dia 21 de fevereiro pelo Minist\u00e9rio P\u00fablico do Estado de S\u00e3o Paulo, junto \u00e0 3\u00aa Promotoria de Justi\u00e7a de Adamantina, o inqu\u00e9rito civil 14.0182.0000221\/2022-7 representado contra a Prefeitura de Adamantina, para apurar se h\u00e1 servidores municipais aposentados ap\u00f3s a Emenda Constitucional da Reforma da Previd\u00eancia, de 2019, que eventualmente continuam com v\u00ednculo com a administra\u00e7\u00e3o p\u00fablica municipal.<\/p>\n<p style=\"font-weight: 400\">A informa\u00e7\u00e3o p\u00fablica sobre o IC est\u00e1 no Sistema de Consulta P\u00fablica de Procedimentos (SISMP), no site do Minist\u00e9rio P\u00fablico estadual. O detalhamento sobre seu teor foi buscado pelo SIGA MAIS junto \u00e0 3\u00aa Promotoria de Justi\u00e7a de Adamantina.<\/p>\n<p style=\"font-weight: 400\">Em tese, se n\u00e3o houver ocorr\u00eancia de casos o IC pode ser arquivado. Havendo, o MPSP pode exigir a adequa\u00e7\u00e3o, e at\u00e9 mesmo o ingresso de medida judicial determinando o alinhamento \u00e0 legisla\u00e7\u00e3o.<\/p>\n<p style=\"font-weight: 400\">\n<p style=\"font-weight: 400\"><b><strong>O que mudou\u00a0<\/strong><\/b><\/p>\n<p style=\"font-weight: 400\">Conforme a nova regra nacional, os empregados p\u00fablicos celetistas \u2013 que recolhem para o Regime Geral da Previd\u00eancia Social (RGPS), como \u00e9 o caso de Adamantina \u2013 n\u00e3o podem se aposentar e continuar trabalhando, porque o v\u00ednculo empregat\u00edcio \u00e9 extinto, caso a aposentadoria deste funcion\u00e1rio tenha ocorrido depois do dia 13 de novembro de 2019, quando entrou em vigor a Reforma da Previd\u00eancia realizada pelo Governo Federal com a aprova\u00e7\u00e3o do Congresso Nacional.<\/p>\n<p style=\"font-weight: 400\"><b><strong>Prefeitura n\u00e3o responde\u00a0<\/strong><\/b><\/p>\n<p style=\"font-weight: 400\">Sobre o procedimento instaurado pelo MPSP, o SIGA MAIS procurou a Prefeitura de Adamantina na tarde desta segunda-feira (7), em e-mail enviado para os endere\u00e7os eletr\u00f4nicos imprensa@adamantina.sp.gov.br, gabineteadt@adamantina.sp.gov.br e administracao@adamantina.sp.gov.br.<\/p>\n<p style=\"font-weight: 400\">No pedido de informa\u00e7\u00f5es o SIGA MAIS perguntou: 1) A administra\u00e7\u00e3o municipal foi cientificada do referido procedimento instaurado pela Promotoria de Justi\u00e7a local?; 2) H\u00e1 ocorr\u00eancia de servidores municipais no quadro, aposentados, cuja condi\u00e7\u00e3o conflita com a referida Emenda Constitucional? Se sim, quantos s\u00e3o? (n\u00famero exato ou aproximado). E 3) No atual est\u00e1gio da demanda instaurada pela Promotoria de Justi\u00e7a local, com a administra\u00e7\u00e3o municipal pretende contribuir com o \u00f3rg\u00e3o fiscalizador?<\/p>\n<p style=\"font-weight: 400\">At\u00e9 o fechamento deste conte\u00fado e sua publica\u00e7\u00e3o, nenhuma resposta foi recebida.<\/p>\n<p>&nbsp;<\/p>\n<p>Fonte: Siga Mais<\/p>\n","protected":false},"excerpt":{"rendered":"<p>Foi instaurado no dia 21 de fevereiro pelo Minist\u00e9rio P\u00fablico do Estado de S\u00e3o Paulo, junto \u00e0 3\u00aa Promotoria de Justi\u00e7a de Adamantina, o inqu\u00e9rito civil 14.0182.0000221\/2022-7 representado contra a Prefeitura de Adamantina, para apurar se h\u00e1 servidores municipais aposentados ap\u00f3s a Emenda Constitucional da Reforma da Previd\u00eancia, de 2019, que eventualmente continuam com v\u00ednculo [&hellip;]<\/p>\n","protected":false},"author":13,"featured_media":37049,"comment_status":"closed","ping_status":"open","sticky":false,"template":"","format":"standard","meta":{"_acf_changed":false,"_exactmetrics_skip_tracking":false,"_exactmetrics_sitenote_active":false,"_exactmetrics_sitenote_note":"","_exactmetrics_sitenote_category":0,"footnotes":""},"categories":[21],"tags":[],"class_list":["post-50402","post","type-post","status-publish","format-standard","has-post-thumbnail","hentry","category-adamantina"],"acf":[],"yoast_head":"<!-- This site is optimized with the Yoast SEO plugin v27.2 - https:\/\/yoast.com\/product\/yoast-seo-wordpress\/ -->\n<title>Minist\u00e9rio P\u00fablico apura se h\u00e1 servidores municipais aposentados ap\u00f3s 2019 que continuam no cargo - R\u00e1dio Life FM<\/title>\n<meta name=\"robots\" content=\"index, follow, max-snippet:-1, max-image-preview:large, max-video-preview:-1\" \/>\n<link rel=\"canonical\" href=\"https:\/\/radiolifefm.com.br\/noticias\/ministerio-publico-apura-se-ha-servidores-municipais-aposentados-apos-2019-que-continuam-no-cargo\/\" \/>\n<meta property=\"og:locale\" content=\"pt_BR\" \/>\n<meta property=\"og:type\" content=\"article\" \/>\n<meta property=\"og:title\" content=\"Minist\u00e9rio P\u00fablico apura se h\u00e1 servidores municipais aposentados ap\u00f3s 2019 que continuam no cargo - R\u00e1dio Life FM\" \/>\n<meta property=\"og:description\" content=\"Foi instaurado no dia 21 de fevereiro pelo Minist\u00e9rio P\u00fablico do Estado de S\u00e3o Paulo, junto \u00e0 3\u00aa Promotoria de Justi\u00e7a de Adamantina, o inqu\u00e9rito civil 14.0182.0000221\/2022-7 representado contra a Prefeitura de Adamantina, para apurar se h\u00e1 servidores municipais aposentados ap\u00f3s a Emenda Constitucional da Reforma da Previd\u00eancia, de 2019, que eventualmente continuam com v\u00ednculo [&hellip;]\" \/>\n<meta property=\"og:url\" content=\"https:\/\/radiolifefm.com.br\/noticias\/ministerio-publico-apura-se-ha-servidores-municipais-aposentados-apos-2019-que-continuam-no-cargo\/\" \/>\n<meta property=\"og:site_name\" content=\"R\u00e1dio Life FM\" \/>\n<meta property=\"article:publisher\" content=\"https:\/\/www.facebook.com\/radiolifefm\/\" \/>\n<meta property=\"article:published_time\" content=\"2022-03-09T11:49:28+00:00\" \/>\n<meta property=\"article:modified_time\" content=\"2026-04-26T23:33:01+00:00\" \/>\n<meta property=\"og:image\" content=\"https:\/\/radiolifefm.com.br\/noticias\/wp-content\/uploads\/2021\/03\/pna-lupapng161694042360608d8786c6b.jpg\" \/>\n\t<meta property=\"og:image:width\" content=\"540\" \/>\n\t<meta property=\"og:image:height\" content=\"300\" \/>\n\t<meta property=\"og:image:type\" content=\"image\/jpeg\" \/>\n<meta name=\"author\" content=\"ritanery\" \/>\n<meta name=\"twitter:card\" content=\"summary_large_image\" \/>\n<meta name=\"twitter:label1\" content=\"Escrito por\" \/>\n\t<meta name=\"twitter:data1\" content=\"ritanery\" \/>\n\t<meta name=\"twitter:label2\" content=\"Est. tempo de leitura\" \/>\n\t<meta name=\"twitter:data2\" content=\"2 minutos\" \/>\n<script type=\"application\/ld+json\" class=\"yoast-schema-graph\">{\"@context\":\"https:\/\/schema.org\",\"@graph\":[{\"@type\":\"Article\",\"@id\":\"https:\/\/radiolifefm.com.br\/noticias\/ministerio-publico-apura-se-ha-servidores-municipais-aposentados-apos-2019-que-continuam-no-cargo\/#article\",\"isPartOf\":{\"@id\":\"https:\/\/radiolifefm.com.br\/noticias\/ministerio-publico-apura-se-ha-servidores-municipais-aposentados-apos-2019-que-continuam-no-cargo\/\"},\"author\":{\"name\":\"ritanery\",\"@id\":\"https:\/\/radiolifefm.com.br\/noticias\/#\/schema\/person\/6339b9fac59d12b071dec680d7375d87\"},\"headline\":\"Minist\u00e9rio P\u00fablico apura se h\u00e1 servidores municipais aposentados ap\u00f3s 2019 que continuam no cargo\",\"datePublished\":\"2022-03-09T11:49:28+00:00\",\"dateModified\":\"2026-04-26T23:33:01+00:00\",\"mainEntityOfPage\":{\"@id\":\"https:\/\/radiolifefm.com.br\/noticias\/ministerio-publico-apura-se-ha-servidores-municipais-aposentados-apos-2019-que-continuam-no-cargo\/\"},\"wordCount\":383,\"publisher\":{\"@id\":\"https:\/\/radiolifefm.com.br\/noticias\/#organization\"},\"image\":{\"@id\":\"https:\/\/radiolifefm.com.br\/noticias\/ministerio-publico-apura-se-ha-servidores-municipais-aposentados-apos-2019-que-continuam-no-cargo\/#primaryimage\"},\"thumbnailUrl\":\"https:\/\/radiolifefm.com.br\/noticias\/wp-content\/uploads\/2021\/03\/pna-lupapng161694042360608d8786c6b.jpg\",\"articleSection\":[\"Adamantina\"],\"inLanguage\":\"pt-BR\"},{\"@type\":\"WebPage\",\"@id\":\"https:\/\/radiolifefm.com.br\/noticias\/ministerio-publico-apura-se-ha-servidores-municipais-aposentados-apos-2019-que-continuam-no-cargo\/\",\"url\":\"https:\/\/radiolifefm.com.br\/noticias\/ministerio-publico-apura-se-ha-servidores-municipais-aposentados-apos-2019-que-continuam-no-cargo\/\",\"name\":\"Minist\u00e9rio P\u00fablico apura se h\u00e1 servidores municipais aposentados ap\u00f3s 2019 que continuam no cargo - R\u00e1dio Life FM\",\"isPartOf\":{\"@id\":\"https:\/\/radiolifefm.com.br\/noticias\/#website\"},\"primaryImageOfPage\":{\"@id\":\"https:\/\/radiolifefm.com.br\/noticias\/ministerio-publico-apura-se-ha-servidores-municipais-aposentados-apos-2019-que-continuam-no-cargo\/#primaryimage\"},\"image\":{\"@id\":\"https:\/\/radiolifefm.com.br\/noticias\/ministerio-publico-apura-se-ha-servidores-municipais-aposentados-apos-2019-que-continuam-no-cargo\/#primaryimage\"},\"thumbnailUrl\":\"https:\/\/radiolifefm.com.br\/noticias\/wp-content\/uploads\/2021\/03\/pna-lupapng161694042360608d8786c6b.jpg\",\"datePublished\":\"2022-03-09T11:49:28+00:00\",\"dateModified\":\"2026-04-26T23:33:01+00:00\",\"breadcrumb\":{\"@id\":\"https:\/\/radiolifefm.com.br\/noticias\/ministerio-publico-apura-se-ha-servidores-municipais-aposentados-apos-2019-que-continuam-no-cargo\/#breadcrumb\"},\"inLanguage\":\"pt-BR\",\"potentialAction\":[{\"@type\":\"ReadAction\",\"target\":[\"https:\/\/radiolifefm.com.br\/noticias\/ministerio-publico-apura-se-ha-servidores-municipais-aposentados-apos-2019-que-continuam-no-cargo\/\"]}]},{\"@type\":\"ImageObject\",\"inLanguage\":\"pt-BR\",\"@id\":\"https:\/\/radiolifefm.com.br\/noticias\/ministerio-publico-apura-se-ha-servidores-municipais-aposentados-apos-2019-que-continuam-no-cargo\/#primaryimage\",\"url\":\"https:\/\/radiolifefm.com.br\/noticias\/wp-content\/uploads\/2021\/03\/pna-lupapng161694042360608d8786c6b.jpg\",\"contentUrl\":\"https:\/\/radiolifefm.com.br\/noticias\/wp-content\/uploads\/2021\/03\/pna-lupapng161694042360608d8786c6b.jpg\",\"width\":540,\"height\":300,\"caption\":\"Coleta de lixo funcionar\u00e1 normalmente na segunda-feira (20) e na ter\u00e7a-feira (21)\"},{\"@type\":\"BreadcrumbList\",\"@id\":\"https:\/\/radiolifefm.com.br\/noticias\/ministerio-publico-apura-se-ha-servidores-municipais-aposentados-apos-2019-que-continuam-no-cargo\/#breadcrumb\",\"itemListElement\":[{\"@type\":\"ListItem\",\"position\":1,\"name\":\"In\u00edcio\",\"item\":\"https:\/\/radiolifefm.com.br\/noticias\/\"},{\"@type\":\"ListItem\",\"position\":2,\"name\":\"Minist\u00e9rio P\u00fablico apura se h\u00e1 servidores municipais aposentados ap\u00f3s 2019 que continuam no cargo\"}]},{\"@type\":\"WebSite\",\"@id\":\"https:\/\/radiolifefm.com.br\/noticias\/#website\",\"url\":\"https:\/\/radiolifefm.com.br\/noticias\/\",\"name\":\"R\u00e1dio Life FM\",\"description\":\"O Portal de Not\u00edcias de Adamantina\",\"publisher\":{\"@id\":\"https:\/\/radiolifefm.com.br\/noticias\/#organization\"},\"alternateName\":\"Life FM\",\"potentialAction\":[{\"@type\":\"SearchAction\",\"target\":{\"@type\":\"EntryPoint\",\"urlTemplate\":\"https:\/\/radiolifefm.com.br\/noticias\/?s={search_term_string}\"},\"query-input\":{\"@type\":\"PropertyValueSpecification\",\"valueRequired\":true,\"valueName\":\"search_term_string\"}}],\"inLanguage\":\"pt-BR\"},{\"@type\":\"Organization\",\"@id\":\"https:\/\/radiolifefm.com.br\/noticias\/#organization\",\"name\":\"R\u00e1dio Life FM\",\"alternateName\":\"Life FM\",\"url\":\"https:\/\/radiolifefm.com.br\/noticias\/\",\"logo\":{\"@type\":\"ImageObject\",\"inLanguage\":\"pt-BR\",\"@id\":\"https:\/\/radiolifefm.com.br\/noticias\/#\/schema\/logo\/image\/\",\"url\":\"https:\/\/static.radiolifefm.com.br\/noticias\/wp-content\/uploads\/2019\/10\/logo-lifefm.png\",\"contentUrl\":\"https:\/\/static.radiolifefm.com.br\/noticias\/wp-content\/uploads\/2019\/10\/logo-lifefm.png\",\"width\":196,\"height\":47,\"caption\":\"R\u00e1dio Life FM\"},\"image\":{\"@id\":\"https:\/\/radiolifefm.com.br\/noticias\/#\/schema\/logo\/image\/\"},\"sameAs\":[\"https:\/\/www.facebook.com\/radiolifefm\/\",\"https:\/\/www.instagram.com\/life1079fm\/\"]},{\"@type\":\"Person\",\"@id\":\"https:\/\/radiolifefm.com.br\/noticias\/#\/schema\/person\/6339b9fac59d12b071dec680d7375d87\",\"name\":\"ritanery\",\"image\":{\"@type\":\"ImageObject\",\"inLanguage\":\"pt-BR\",\"@id\":\"https:\/\/secure.gravatar.com\/avatar\/0e37bb19071f47c0b8a23f62a903df117c5a0e75f65a0c2901562f97cd41cf86?s=96&d=mm&r=g\",\"url\":\"https:\/\/secure.gravatar.com\/avatar\/0e37bb19071f47c0b8a23f62a903df117c5a0e75f65a0c2901562f97cd41cf86?s=96&d=mm&r=g\",\"contentUrl\":\"https:\/\/secure.gravatar.com\/avatar\/0e37bb19071f47c0b8a23f62a903df117c5a0e75f65a0c2901562f97cd41cf86?s=96&d=mm&r=g\",\"caption\":\"ritanery\"}}]}<\/script>\n<!-- \/ Yoast SEO plugin. -->","yoast_head_json":{"title":"Minist\u00e9rio P\u00fablico apura se h\u00e1 servidores municipais aposentados ap\u00f3s 2019 que continuam no cargo - R\u00e1dio Life FM","robots":{"index":"index","follow":"follow","max-snippet":"max-snippet:-1","max-image-preview":"max-image-preview:large","max-video-preview":"max-video-preview:-1"},"canonical":"https:\/\/radiolifefm.com.br\/noticias\/ministerio-publico-apura-se-ha-servidores-municipais-aposentados-apos-2019-que-continuam-no-cargo\/","og_locale":"pt_BR","og_type":"article","og_title":"Minist\u00e9rio P\u00fablico apura se h\u00e1 servidores municipais aposentados ap\u00f3s 2019 que continuam no cargo - R\u00e1dio Life FM","og_description":"Foi instaurado no dia 21 de fevereiro pelo Minist\u00e9rio P\u00fablico do Estado de S\u00e3o Paulo, junto \u00e0 3\u00aa Promotoria de Justi\u00e7a de Adamantina, o inqu\u00e9rito civil 14.0182.0000221\/2022-7 representado contra a Prefeitura de Adamantina, para apurar se h\u00e1 servidores municipais aposentados ap\u00f3s a Emenda Constitucional da Reforma da Previd\u00eancia, de 2019, que eventualmente continuam com v\u00ednculo [&hellip;]","og_url":"https:\/\/radiolifefm.com.br\/noticias\/ministerio-publico-apura-se-ha-servidores-municipais-aposentados-apos-2019-que-continuam-no-cargo\/","og_site_name":"R\u00e1dio Life FM","article_publisher":"https:\/\/www.facebook.com\/radiolifefm\/","article_published_time":"2022-03-09T11:49:28+00:00","article_modified_time":"2026-04-26T23:33:01+00:00","og_image":[{"width":540,"height":300,"url":"https:\/\/radiolifefm.com.br\/noticias\/wp-content\/uploads\/2021\/03\/pna-lupapng161694042360608d8786c6b.jpg","type":"image\/jpeg"}],"author":"ritanery","twitter_card":"summary_large_image","twitter_misc":{"Escrito por":"ritanery","Est. tempo de leitura":"2 minutos"},"schema":{"@context":"https:\/\/schema.org","@graph":[{"@type":"Article","@id":"https:\/\/radiolifefm.com.br\/noticias\/ministerio-publico-apura-se-ha-servidores-municipais-aposentados-apos-2019-que-continuam-no-cargo\/#article","isPartOf":{"@id":"https:\/\/radiolifefm.com.br\/noticias\/ministerio-publico-apura-se-ha-servidores-municipais-aposentados-apos-2019-que-continuam-no-cargo\/"},"author":{"name":"ritanery","@id":"https:\/\/radiolifefm.com.br\/noticias\/#\/schema\/person\/6339b9fac59d12b071dec680d7375d87"},"headline":"Minist\u00e9rio P\u00fablico apura se h\u00e1 servidores municipais aposentados ap\u00f3s 2019 que continuam no cargo","datePublished":"2022-03-09T11:49:28+00:00","dateModified":"2026-04-26T23:33:01+00:00","mainEntityOfPage":{"@id":"https:\/\/radiolifefm.com.br\/noticias\/ministerio-publico-apura-se-ha-servidores-municipais-aposentados-apos-2019-que-continuam-no-cargo\/"},"wordCount":383,"publisher":{"@id":"https:\/\/radiolifefm.com.br\/noticias\/#organization"},"image":{"@id":"https:\/\/radiolifefm.com.br\/noticias\/ministerio-publico-apura-se-ha-servidores-municipais-aposentados-apos-2019-que-continuam-no-cargo\/#primaryimage"},"thumbnailUrl":"https:\/\/radiolifefm.com.br\/noticias\/wp-content\/uploads\/2021\/03\/pna-lupapng161694042360608d8786c6b.jpg","articleSection":["Adamantina"],"inLanguage":"pt-BR"},{"@type":"WebPage","@id":"https:\/\/radiolifefm.com.br\/noticias\/ministerio-publico-apura-se-ha-servidores-municipais-aposentados-apos-2019-que-continuam-no-cargo\/","url":"https:\/\/radiolifefm.com.br\/noticias\/ministerio-publico-apura-se-ha-servidores-municipais-aposentados-apos-2019-que-continuam-no-cargo\/","name":"Minist\u00e9rio P\u00fablico apura se h\u00e1 servidores municipais aposentados ap\u00f3s 2019 que continuam no cargo - R\u00e1dio Life FM","isPartOf":{"@id":"https:\/\/radiolifefm.com.br\/noticias\/#website"},"primaryImageOfPage":{"@id":"https:\/\/radiolifefm.com.br\/noticias\/ministerio-publico-apura-se-ha-servidores-municipais-aposentados-apos-2019-que-continuam-no-cargo\/#primaryimage"},"image":{"@id":"https:\/\/radiolifefm.com.br\/noticias\/ministerio-publico-apura-se-ha-servidores-municipais-aposentados-apos-2019-que-continuam-no-cargo\/#primaryimage"},"thumbnailUrl":"https:\/\/radiolifefm.com.br\/noticias\/wp-content\/uploads\/2021\/03\/pna-lupapng161694042360608d8786c6b.jpg","datePublished":"2022-03-09T11:49:28+00:00","dateModified":"2026-04-26T23:33:01+00:00","breadcrumb":{"@id":"https:\/\/radiolifefm.com.br\/noticias\/ministerio-publico-apura-se-ha-servidores-municipais-aposentados-apos-2019-que-continuam-no-cargo\/#breadcrumb"},"inLanguage":"pt-BR","potentialAction":[{"@type":"ReadAction","target":["https:\/\/radiolifefm.com.br\/noticias\/ministerio-publico-apura-se-ha-servidores-municipais-aposentados-apos-2019-que-continuam-no-cargo\/"]}]},{"@type":"ImageObject","inLanguage":"pt-BR","@id":"https:\/\/radiolifefm.com.br\/noticias\/ministerio-publico-apura-se-ha-servidores-municipais-aposentados-apos-2019-que-continuam-no-cargo\/#primaryimage","url":"https:\/\/radiolifefm.com.br\/noticias\/wp-content\/uploads\/2021\/03\/pna-lupapng161694042360608d8786c6b.jpg","contentUrl":"https:\/\/radiolifefm.com.br\/noticias\/wp-content\/uploads\/2021\/03\/pna-lupapng161694042360608d8786c6b.jpg","width":540,"height":300,"caption":"Coleta de lixo funcionar\u00e1 normalmente na segunda-feira (20) e na ter\u00e7a-feira (21)"},{"@type":"BreadcrumbList","@id":"https:\/\/radiolifefm.com.br\/noticias\/ministerio-publico-apura-se-ha-servidores-municipais-aposentados-apos-2019-que-continuam-no-cargo\/#breadcrumb","itemListElement":[{"@type":"ListItem","position":1,"name":"In\u00edcio","item":"https:\/\/radiolifefm.com.br\/noticias\/"},{"@type":"ListItem","position":2,"name":"Minist\u00e9rio P\u00fablico apura se h\u00e1 servidores municipais aposentados ap\u00f3s 2019 que continuam no cargo"}]},{"@type":"WebSite","@id":"https:\/\/radiolifefm.com.br\/noticias\/#website","url":"https:\/\/radiolifefm.com.br\/noticias\/","name":"R\u00e1dio Life FM","description":"O Portal de Not\u00edcias de Adamantina","publisher":{"@id":"https:\/\/radiolifefm.com.br\/noticias\/#organization"},"alternateName":"Life FM","potentialAction":[{"@type":"SearchAction","target":{"@type":"EntryPoint","urlTemplate":"https:\/\/radiolifefm.com.br\/noticias\/?s={search_term_string}"},"query-input":{"@type":"PropertyValueSpecification","valueRequired":true,"valueName":"search_term_string"}}],"inLanguage":"pt-BR"},{"@type":"Organization","@id":"https:\/\/radiolifefm.com.br\/noticias\/#organization","name":"R\u00e1dio Life FM","alternateName":"Life FM","url":"https:\/\/radiolifefm.com.br\/noticias\/","logo":{"@type":"ImageObject","inLanguage":"pt-BR","@id":"https:\/\/radiolifefm.com.br\/noticias\/#\/schema\/logo\/image\/","url":"https:\/\/static.radiolifefm.com.br\/noticias\/wp-content\/uploads\/2019\/10\/logo-lifefm.png","contentUrl":"https:\/\/static.radiolifefm.com.br\/noticias\/wp-content\/uploads\/2019\/10\/logo-lifefm.png","width":196,"height":47,"caption":"R\u00e1dio Life FM"},"image":{"@id":"https:\/\/radiolifefm.com.br\/noticias\/#\/schema\/logo\/image\/"},"sameAs":["https:\/\/www.facebook.com\/radiolifefm\/","https:\/\/www.instagram.com\/life1079fm\/"]},{"@type":"Person","@id":"https:\/\/radiolifefm.com.br\/noticias\/#\/schema\/person\/6339b9fac59d12b071dec680d7375d87","name":"ritanery","image":{"@type":"ImageObject","inLanguage":"pt-BR","@id":"https:\/\/secure.gravatar.com\/avatar\/0e37bb19071f47c0b8a23f62a903df117c5a0e75f65a0c2901562f97cd41cf86?s=96&d=mm&r=g","url":"https:\/\/secure.gravatar.com\/avatar\/0e37bb19071f47c0b8a23f62a903df117c5a0e75f65a0c2901562f97cd41cf86?s=96&d=mm&r=g","contentUrl":"https:\/\/secure.gravatar.com\/avatar\/0e37bb19071f47c0b8a23f62a903df117c5a0e75f65a0c2901562f97cd41cf86?s=96&d=mm&r=g","caption":"ritanery"}}]}},"amp_enabled":true,"_links":{"self":[{"href":"https:\/\/radiolifefm.com.br\/noticias\/wp-json\/wp\/v2\/posts\/50402","targetHints":{"allow":["GET"]}}],"collection":[{"href":"https:\/\/radiolifefm.com.br\/noticias\/wp-json\/wp\/v2\/posts"}],"about":[{"href":"https:\/\/radiolifefm.com.br\/noticias\/wp-json\/wp\/v2\/types\/post"}],"author":[{"embeddable":true,"href":"https:\/\/radiolifefm.com.br\/noticias\/wp-json\/wp\/v2\/users\/13"}],"replies":[{"embeddable":true,"href":"https:\/\/radiolifefm.com.br\/noticias\/wp-json\/wp\/v2\/comments?post=50402"}],"version-history":[{"count":4,"href":"https:\/\/radiolifefm.com.br\/noticias\/wp-json\/wp\/v2\/posts\/50402\/revisions"}],"predecessor-version":[{"id":50412,"href":"https:\/\/radiolifefm.com.br\/noticias\/wp-json\/wp\/v2\/posts\/50402\/revisions\/50412"}],"wp:featuredmedia":[{"embeddable":true,"href":"https:\/\/radiolifefm.com.br\/noticias\/wp-json\/wp\/v2\/media\/37049"}],"wp:attachment":[{"href":"https:\/\/radiolifefm.com.br\/noticias\/wp-json\/wp\/v2\/media?parent=50402"}],"wp:term":[{"taxonomy":"category","embeddable":true,"href":"https:\/\/radiolifefm.com.br\/noticias\/wp-json\/wp\/v2\/categories?post=50402"},{"taxonomy":"post_tag","embeddable":true,"href":"https:\/\/radiolifefm.com.br\/noticias\/wp-json\/wp\/v2\/tags?post=50402"}],"curies":[{"name":"wp","href":"https:\/\/api.w.org\/{rel}","templated":true}]}}