{"id":50398,"date":"2022-03-09T08:45:41","date_gmt":"2022-03-09T11:45:41","guid":{"rendered":"https:\/\/radiolifefm.com.br\/noticias\/?p=50398"},"modified":"2026-04-09T21:12:05","modified_gmt":"2026-04-10T00:12:05","slug":"apos-31-anos-paciente-morador-no-pai-nosso-lar-deixa-clinica-e-abre-fase-de-desinstitucionalizacao","status":"publish","type":"post","link":"https:\/\/radiolifefm.com.br\/noticias\/apos-31-anos-paciente-morador-no-pai-nosso-lar-deixa-clinica-e-abre-fase-de-desinstitucionalizacao\/","title":{"rendered":"Ap\u00f3s 31 anos, paciente morador no PAI Nosso Lar deixa Cl\u00ednica e abre fase de desinstitucionaliza\u00e7\u00e3o"},"content":{"rendered":"<div id=\"fb-root\"><\/div>\n<p style=\"font-weight: 400\">O paciente morador da Cl\u00ednica PAI Nosso Lar, Oirazil Cordeiro de Lima, de 47 anos, deixou hoje a institui\u00e7\u00e3o onde foi assistido por 31 anos. Ele teve sua interna\u00e7\u00e3o realizada em 1\u00ba de mar\u00e7o de 1991 e passados 31 anos foi encaminhado nesta ter\u00e7a-feira (8) para uma resid\u00eancia terap\u00eautica. O an\u00fancio dessas medidas foi feito na \u00faltima sexta-feira (4), como\u00a0<a href=\"https:\/\/www.sigamais.com\/noticias\/saude\/pai-nosso-lar-inicia-nova-etapa-com-desospitalizacao-de-pacientes-moradores-da-clinica\/\"><b><strong>divulgou<\/strong><\/b>\u00a0<\/a>o SIGA MAIS.<\/p>\n<p style=\"font-weight: 400\">Oirazil abre uma nova fase na Cl\u00ednica adamantinense, de desinstitucionaliza\u00e7\u00e3o de pacientes, que passar\u00e3o a ser assistidos por Servi\u00e7os Residenciais Terap\u00eauticos (SRT), estrutura do sistema de sa\u00fade p\u00fablica referenciada pelo CAPS (Centro de Aten\u00e7\u00e3o Psicossocial).<\/p>\n<p style=\"font-weight: 400\"><b><strong>Dois ter\u00e7os da vida na Cl\u00ednica<\/strong><\/b><\/p>\n<p style=\"font-weight: 400\">Aos 47 anos de idade, Oirazil passou dois ter\u00e7os de sua vida sob os cuidados da equipe multidisciplinar da institui\u00e7\u00e3o adamantinense. Os 31 anos somam 11.695 dias no local. A despedida, publicada na\u00a0<a href=\"https:\/\/www.facebook.com\/PaiNossoLar\/posts\/4823052624479206\"><b><strong>fanpage<\/strong><\/b><\/a>\u00a0da Cl\u00ednica, emocionou a equipe e pacientes moradores, que empunharam cartazes com mensagens positivas. Ele reagiu motivado e fez quest\u00e3o de convidar a todos para conhecer sua nova casa.<\/p>\n<p><a href=\"https:\/\/m.facebook.com\/story.php?story_fbid=4823052624479206&amp;id=263571053760742\">https:\/\/m.facebook.com\/story.php?story_fbid=4823052624479206&amp;id=263571053760742<\/a><\/p>\n<p style=\"font-weight: 400\">Oirazil vai passar a viver em uma resid\u00eancia terap\u00eautica em Itaber\u00e1. A localidade foi escolhida ap\u00f3s amplo minucioso trabalho sobre cada morador, realizado pela equipe encarregada de conduzir a desinstitucionaliza\u00e7\u00e3o. Nesse trabalho foi descoberto um irm\u00e3o, em Itaber\u00e1, o que motivou a escolha por essa localidade, para restabelecer v\u00ednculos afetivos familiares..<\/p>\n<p style=\"font-weight: 400\">A cidade de Itaber\u00e1 tem 17,5 mil habitantes e fica na regi\u00e3o de Itapeva.<\/p>\n<p style=\"font-weight: 400\"><b><strong>Cl\u00ednica continua com atendimentos e interna\u00e7\u00f5es<\/strong><\/b><\/p>\n<p style=\"font-weight: 400\">Atualmente, a institui\u00e7\u00e3o adamantinense tem cerca de 45 pacientes moradores, com diferentes hist\u00f3ricos, n\u00edveis de aten\u00e7\u00e3o, necessidades e v\u00ednculos, entre outros fatores que ser\u00e3o avaliados, caso a caso, para os encaminhamentos aos SRT.<\/p>\n<p style=\"font-weight: 400\">A unidade de sa\u00fade vai continuar atendendo normalmente os casos agudos que exijam hospitaliza\u00e7\u00e3o de curta perman\u00eancia, em transtornos mentais e depend\u00eancia qu\u00edmica a \u00e1lcool e drogas, encaminhados via central de vagas.<\/p>\n<p style=\"font-weight: 400\">O PAI Nosso Lar \u00e9 refer\u00eancia para mais de 60 cidades do Departamento Regional de Sa\u00fade (DRS), com atendimento 100% SUS.<\/p>\n<p>&nbsp;<\/p>\n<p>Fonte: Siga Mais<\/p>\n","protected":false},"excerpt":{"rendered":"<p>O paciente morador da Cl\u00ednica PAI Nosso Lar, Oirazil Cordeiro de Lima, de 47 anos, deixou hoje a institui\u00e7\u00e3o onde foi assistido por 31 anos. Ele teve sua interna\u00e7\u00e3o realizada em 1\u00ba de mar\u00e7o de 1991 e passados 31 anos foi encaminhado nesta ter\u00e7a-feira (8) para uma resid\u00eancia terap\u00eautica. O an\u00fancio dessas medidas foi feito [&hellip;]<\/p>\n","protected":false},"author":13,"featured_media":50399,"comment_status":"closed","ping_status":"open","sticky":false,"template":"","format":"standard","meta":{"_acf_changed":false,"_exactmetrics_skip_tracking":false,"_exactmetrics_sitenote_active":false,"_exactmetrics_sitenote_note":"","_exactmetrics_sitenote_category":0,"footnotes":""},"categories":[21],"tags":[],"class_list":["post-50398","post","type-post","status-publish","format-standard","has-post-thumbnail","hentry","category-adamantina"],"acf":[],"yoast_head":"<!-- This site is optimized with the Yoast SEO plugin v27.2 - https:\/\/yoast.com\/product\/yoast-seo-wordpress\/ -->\n<title>Ap\u00f3s 31 anos, paciente morador no PAI Nosso Lar deixa Cl\u00ednica e abre fase de desinstitucionaliza\u00e7\u00e3o - R\u00e1dio Life FM<\/title>\n<meta name=\"robots\" content=\"index, follow, max-snippet:-1, max-image-preview:large, max-video-preview:-1\" \/>\n<link rel=\"canonical\" href=\"https:\/\/radiolifefm.com.br\/noticias\/apos-31-anos-paciente-morador-no-pai-nosso-lar-deixa-clinica-e-abre-fase-de-desinstitucionalizacao\/\" \/>\n<meta property=\"og:locale\" content=\"pt_BR\" \/>\n<meta property=\"og:type\" content=\"article\" \/>\n<meta property=\"og:title\" content=\"Ap\u00f3s 31 anos, paciente morador no PAI Nosso Lar deixa Cl\u00ednica e abre fase de desinstitucionaliza\u00e7\u00e3o - R\u00e1dio Life FM\" \/>\n<meta property=\"og:description\" content=\"O paciente morador da Cl\u00ednica PAI Nosso Lar, Oirazil Cordeiro de Lima, de 47 anos, deixou hoje a institui\u00e7\u00e3o onde foi assistido por 31 anos. Ele teve sua interna\u00e7\u00e3o realizada em 1\u00ba de mar\u00e7o de 1991 e passados 31 anos foi encaminhado nesta ter\u00e7a-feira (8) para uma resid\u00eancia terap\u00eautica. O an\u00fancio dessas medidas foi feito [&hellip;]\" \/>\n<meta property=\"og:url\" content=\"https:\/\/radiolifefm.com.br\/noticias\/apos-31-anos-paciente-morador-no-pai-nosso-lar-deixa-clinica-e-abre-fase-de-desinstitucionalizacao\/\" \/>\n<meta property=\"og:site_name\" content=\"R\u00e1dio Life FM\" \/>\n<meta property=\"article:publisher\" content=\"https:\/\/www.facebook.com\/radiolifefm\/\" \/>\n<meta property=\"article:published_time\" content=\"2022-03-09T11:45:41+00:00\" \/>\n<meta property=\"article:modified_time\" content=\"2026-04-10T00:12:05+00:00\" \/>\n<meta property=\"og:image\" content=\"https:\/\/radiolifefm.com.br\/noticias\/wp-content\/uploads\/2022\/03\/27511532048230531111458245530491541757382477njpg16467642136227a0b57b4d8.jpg\" \/>\n\t<meta property=\"og:image:width\" content=\"600\" \/>\n\t<meta property=\"og:image:height\" content=\"337\" \/>\n\t<meta property=\"og:image:type\" content=\"image\/jpeg\" \/>\n<meta name=\"author\" content=\"ritanery\" \/>\n<meta name=\"twitter:card\" content=\"summary_large_image\" \/>\n<meta name=\"twitter:label1\" content=\"Escrito por\" \/>\n\t<meta name=\"twitter:data1\" content=\"ritanery\" \/>\n\t<meta name=\"twitter:label2\" content=\"Est. tempo de leitura\" \/>\n\t<meta name=\"twitter:data2\" content=\"2 minutos\" \/>\n<script type=\"application\/ld+json\" class=\"yoast-schema-graph\">{\"@context\":\"https:\/\/schema.org\",\"@graph\":[{\"@type\":\"Article\",\"@id\":\"https:\/\/radiolifefm.com.br\/noticias\/apos-31-anos-paciente-morador-no-pai-nosso-lar-deixa-clinica-e-abre-fase-de-desinstitucionalizacao\/#article\",\"isPartOf\":{\"@id\":\"https:\/\/radiolifefm.com.br\/noticias\/apos-31-anos-paciente-morador-no-pai-nosso-lar-deixa-clinica-e-abre-fase-de-desinstitucionalizacao\/\"},\"author\":{\"name\":\"ritanery\",\"@id\":\"https:\/\/radiolifefm.com.br\/noticias\/#\/schema\/person\/6339b9fac59d12b071dec680d7375d87\"},\"headline\":\"Ap\u00f3s 31 anos, paciente morador no PAI Nosso Lar deixa Cl\u00ednica e abre fase de desinstitucionaliza\u00e7\u00e3o\",\"datePublished\":\"2022-03-09T11:45:41+00:00\",\"dateModified\":\"2026-04-10T00:12:05+00:00\",\"mainEntityOfPage\":{\"@id\":\"https:\/\/radiolifefm.com.br\/noticias\/apos-31-anos-paciente-morador-no-pai-nosso-lar-deixa-clinica-e-abre-fase-de-desinstitucionalizacao\/\"},\"wordCount\":386,\"publisher\":{\"@id\":\"https:\/\/radiolifefm.com.br\/noticias\/#organization\"},\"image\":{\"@id\":\"https:\/\/radiolifefm.com.br\/noticias\/apos-31-anos-paciente-morador-no-pai-nosso-lar-deixa-clinica-e-abre-fase-de-desinstitucionalizacao\/#primaryimage\"},\"thumbnailUrl\":\"https:\/\/radiolifefm.com.br\/noticias\/wp-content\/uploads\/2022\/03\/27511532048230531111458245530491541757382477njpg16467642136227a0b57b4d8.jpg\",\"articleSection\":[\"Adamantina\"],\"inLanguage\":\"pt-BR\"},{\"@type\":\"WebPage\",\"@id\":\"https:\/\/radiolifefm.com.br\/noticias\/apos-31-anos-paciente-morador-no-pai-nosso-lar-deixa-clinica-e-abre-fase-de-desinstitucionalizacao\/\",\"url\":\"https:\/\/radiolifefm.com.br\/noticias\/apos-31-anos-paciente-morador-no-pai-nosso-lar-deixa-clinica-e-abre-fase-de-desinstitucionalizacao\/\",\"name\":\"Ap\u00f3s 31 anos, paciente morador no PAI Nosso Lar deixa Cl\u00ednica e abre fase de desinstitucionaliza\u00e7\u00e3o - R\u00e1dio Life FM\",\"isPartOf\":{\"@id\":\"https:\/\/radiolifefm.com.br\/noticias\/#website\"},\"primaryImageOfPage\":{\"@id\":\"https:\/\/radiolifefm.com.br\/noticias\/apos-31-anos-paciente-morador-no-pai-nosso-lar-deixa-clinica-e-abre-fase-de-desinstitucionalizacao\/#primaryimage\"},\"image\":{\"@id\":\"https:\/\/radiolifefm.com.br\/noticias\/apos-31-anos-paciente-morador-no-pai-nosso-lar-deixa-clinica-e-abre-fase-de-desinstitucionalizacao\/#primaryimage\"},\"thumbnailUrl\":\"https:\/\/radiolifefm.com.br\/noticias\/wp-content\/uploads\/2022\/03\/27511532048230531111458245530491541757382477njpg16467642136227a0b57b4d8.jpg\",\"datePublished\":\"2022-03-09T11:45:41+00:00\",\"dateModified\":\"2026-04-10T00:12:05+00:00\",\"breadcrumb\":{\"@id\":\"https:\/\/radiolifefm.com.br\/noticias\/apos-31-anos-paciente-morador-no-pai-nosso-lar-deixa-clinica-e-abre-fase-de-desinstitucionalizacao\/#breadcrumb\"},\"inLanguage\":\"pt-BR\",\"potentialAction\":[{\"@type\":\"ReadAction\",\"target\":[\"https:\/\/radiolifefm.com.br\/noticias\/apos-31-anos-paciente-morador-no-pai-nosso-lar-deixa-clinica-e-abre-fase-de-desinstitucionalizacao\/\"]}]},{\"@type\":\"ImageObject\",\"inLanguage\":\"pt-BR\",\"@id\":\"https:\/\/radiolifefm.com.br\/noticias\/apos-31-anos-paciente-morador-no-pai-nosso-lar-deixa-clinica-e-abre-fase-de-desinstitucionalizacao\/#primaryimage\",\"url\":\"https:\/\/radiolifefm.com.br\/noticias\/wp-content\/uploads\/2022\/03\/27511532048230531111458245530491541757382477njpg16467642136227a0b57b4d8.jpg\",\"contentUrl\":\"https:\/\/radiolifefm.com.br\/noticias\/wp-content\/uploads\/2022\/03\/27511532048230531111458245530491541757382477njpg16467642136227a0b57b4d8.jpg\",\"width\":600,\"height\":337,\"caption\":\"Cerca de 45 pacientes moradores est\u00e3o sendo avaliados em programa de desinstitucionaliza\u00e7\u00e3o.\"},{\"@type\":\"BreadcrumbList\",\"@id\":\"https:\/\/radiolifefm.com.br\/noticias\/apos-31-anos-paciente-morador-no-pai-nosso-lar-deixa-clinica-e-abre-fase-de-desinstitucionalizacao\/#breadcrumb\",\"itemListElement\":[{\"@type\":\"ListItem\",\"position\":1,\"name\":\"In\u00edcio\",\"item\":\"https:\/\/radiolifefm.com.br\/noticias\/\"},{\"@type\":\"ListItem\",\"position\":2,\"name\":\"Ap\u00f3s 31 anos, paciente morador no PAI Nosso Lar deixa Cl\u00ednica e abre fase de desinstitucionaliza\u00e7\u00e3o\"}]},{\"@type\":\"WebSite\",\"@id\":\"https:\/\/radiolifefm.com.br\/noticias\/#website\",\"url\":\"https:\/\/radiolifefm.com.br\/noticias\/\",\"name\":\"R\u00e1dio Life FM\",\"description\":\"O Portal de Not\u00edcias de Adamantina\",\"publisher\":{\"@id\":\"https:\/\/radiolifefm.com.br\/noticias\/#organization\"},\"alternateName\":\"Life FM\",\"potentialAction\":[{\"@type\":\"SearchAction\",\"target\":{\"@type\":\"EntryPoint\",\"urlTemplate\":\"https:\/\/radiolifefm.com.br\/noticias\/?s={search_term_string}\"},\"query-input\":{\"@type\":\"PropertyValueSpecification\",\"valueRequired\":true,\"valueName\":\"search_term_string\"}}],\"inLanguage\":\"pt-BR\"},{\"@type\":\"Organization\",\"@id\":\"https:\/\/radiolifefm.com.br\/noticias\/#organization\",\"name\":\"R\u00e1dio Life FM\",\"alternateName\":\"Life FM\",\"url\":\"https:\/\/radiolifefm.com.br\/noticias\/\",\"logo\":{\"@type\":\"ImageObject\",\"inLanguage\":\"pt-BR\",\"@id\":\"https:\/\/radiolifefm.com.br\/noticias\/#\/schema\/logo\/image\/\",\"url\":\"https:\/\/static.radiolifefm.com.br\/noticias\/wp-content\/uploads\/2019\/10\/logo-lifefm.png\",\"contentUrl\":\"https:\/\/static.radiolifefm.com.br\/noticias\/wp-content\/uploads\/2019\/10\/logo-lifefm.png\",\"width\":196,\"height\":47,\"caption\":\"R\u00e1dio Life FM\"},\"image\":{\"@id\":\"https:\/\/radiolifefm.com.br\/noticias\/#\/schema\/logo\/image\/\"},\"sameAs\":[\"https:\/\/www.facebook.com\/radiolifefm\/\",\"https:\/\/www.instagram.com\/life1079fm\/\"]},{\"@type\":\"Person\",\"@id\":\"https:\/\/radiolifefm.com.br\/noticias\/#\/schema\/person\/6339b9fac59d12b071dec680d7375d87\",\"name\":\"ritanery\",\"image\":{\"@type\":\"ImageObject\",\"inLanguage\":\"pt-BR\",\"@id\":\"https:\/\/secure.gravatar.com\/avatar\/0e37bb19071f47c0b8a23f62a903df117c5a0e75f65a0c2901562f97cd41cf86?s=96&d=mm&r=g\",\"url\":\"https:\/\/secure.gravatar.com\/avatar\/0e37bb19071f47c0b8a23f62a903df117c5a0e75f65a0c2901562f97cd41cf86?s=96&d=mm&r=g\",\"contentUrl\":\"https:\/\/secure.gravatar.com\/avatar\/0e37bb19071f47c0b8a23f62a903df117c5a0e75f65a0c2901562f97cd41cf86?s=96&d=mm&r=g\",\"caption\":\"ritanery\"}}]}<\/script>\n<!-- \/ Yoast SEO plugin. -->","yoast_head_json":{"title":"Ap\u00f3s 31 anos, paciente morador no PAI Nosso Lar deixa Cl\u00ednica e abre fase de desinstitucionaliza\u00e7\u00e3o - R\u00e1dio Life FM","robots":{"index":"index","follow":"follow","max-snippet":"max-snippet:-1","max-image-preview":"max-image-preview:large","max-video-preview":"max-video-preview:-1"},"canonical":"https:\/\/radiolifefm.com.br\/noticias\/apos-31-anos-paciente-morador-no-pai-nosso-lar-deixa-clinica-e-abre-fase-de-desinstitucionalizacao\/","og_locale":"pt_BR","og_type":"article","og_title":"Ap\u00f3s 31 anos, paciente morador no PAI Nosso Lar deixa Cl\u00ednica e abre fase de desinstitucionaliza\u00e7\u00e3o - R\u00e1dio Life FM","og_description":"O paciente morador da Cl\u00ednica PAI Nosso Lar, Oirazil Cordeiro de Lima, de 47 anos, deixou hoje a institui\u00e7\u00e3o onde foi assistido por 31 anos. Ele teve sua interna\u00e7\u00e3o realizada em 1\u00ba de mar\u00e7o de 1991 e passados 31 anos foi encaminhado nesta ter\u00e7a-feira (8) para uma resid\u00eancia terap\u00eautica. O an\u00fancio dessas medidas foi feito [&hellip;]","og_url":"https:\/\/radiolifefm.com.br\/noticias\/apos-31-anos-paciente-morador-no-pai-nosso-lar-deixa-clinica-e-abre-fase-de-desinstitucionalizacao\/","og_site_name":"R\u00e1dio Life FM","article_publisher":"https:\/\/www.facebook.com\/radiolifefm\/","article_published_time":"2022-03-09T11:45:41+00:00","article_modified_time":"2026-04-10T00:12:05+00:00","og_image":[{"width":600,"height":337,"url":"https:\/\/radiolifefm.com.br\/noticias\/wp-content\/uploads\/2022\/03\/27511532048230531111458245530491541757382477njpg16467642136227a0b57b4d8.jpg","type":"image\/jpeg"}],"author":"ritanery","twitter_card":"summary_large_image","twitter_misc":{"Escrito por":"ritanery","Est. tempo de leitura":"2 minutos"},"schema":{"@context":"https:\/\/schema.org","@graph":[{"@type":"Article","@id":"https:\/\/radiolifefm.com.br\/noticias\/apos-31-anos-paciente-morador-no-pai-nosso-lar-deixa-clinica-e-abre-fase-de-desinstitucionalizacao\/#article","isPartOf":{"@id":"https:\/\/radiolifefm.com.br\/noticias\/apos-31-anos-paciente-morador-no-pai-nosso-lar-deixa-clinica-e-abre-fase-de-desinstitucionalizacao\/"},"author":{"name":"ritanery","@id":"https:\/\/radiolifefm.com.br\/noticias\/#\/schema\/person\/6339b9fac59d12b071dec680d7375d87"},"headline":"Ap\u00f3s 31 anos, paciente morador no PAI Nosso Lar deixa Cl\u00ednica e abre fase de desinstitucionaliza\u00e7\u00e3o","datePublished":"2022-03-09T11:45:41+00:00","dateModified":"2026-04-10T00:12:05+00:00","mainEntityOfPage":{"@id":"https:\/\/radiolifefm.com.br\/noticias\/apos-31-anos-paciente-morador-no-pai-nosso-lar-deixa-clinica-e-abre-fase-de-desinstitucionalizacao\/"},"wordCount":386,"publisher":{"@id":"https:\/\/radiolifefm.com.br\/noticias\/#organization"},"image":{"@id":"https:\/\/radiolifefm.com.br\/noticias\/apos-31-anos-paciente-morador-no-pai-nosso-lar-deixa-clinica-e-abre-fase-de-desinstitucionalizacao\/#primaryimage"},"thumbnailUrl":"https:\/\/radiolifefm.com.br\/noticias\/wp-content\/uploads\/2022\/03\/27511532048230531111458245530491541757382477njpg16467642136227a0b57b4d8.jpg","articleSection":["Adamantina"],"inLanguage":"pt-BR"},{"@type":"WebPage","@id":"https:\/\/radiolifefm.com.br\/noticias\/apos-31-anos-paciente-morador-no-pai-nosso-lar-deixa-clinica-e-abre-fase-de-desinstitucionalizacao\/","url":"https:\/\/radiolifefm.com.br\/noticias\/apos-31-anos-paciente-morador-no-pai-nosso-lar-deixa-clinica-e-abre-fase-de-desinstitucionalizacao\/","name":"Ap\u00f3s 31 anos, paciente morador no PAI Nosso Lar deixa Cl\u00ednica e abre fase de desinstitucionaliza\u00e7\u00e3o - R\u00e1dio Life FM","isPartOf":{"@id":"https:\/\/radiolifefm.com.br\/noticias\/#website"},"primaryImageOfPage":{"@id":"https:\/\/radiolifefm.com.br\/noticias\/apos-31-anos-paciente-morador-no-pai-nosso-lar-deixa-clinica-e-abre-fase-de-desinstitucionalizacao\/#primaryimage"},"image":{"@id":"https:\/\/radiolifefm.com.br\/noticias\/apos-31-anos-paciente-morador-no-pai-nosso-lar-deixa-clinica-e-abre-fase-de-desinstitucionalizacao\/#primaryimage"},"thumbnailUrl":"https:\/\/radiolifefm.com.br\/noticias\/wp-content\/uploads\/2022\/03\/27511532048230531111458245530491541757382477njpg16467642136227a0b57b4d8.jpg","datePublished":"2022-03-09T11:45:41+00:00","dateModified":"2026-04-10T00:12:05+00:00","breadcrumb":{"@id":"https:\/\/radiolifefm.com.br\/noticias\/apos-31-anos-paciente-morador-no-pai-nosso-lar-deixa-clinica-e-abre-fase-de-desinstitucionalizacao\/#breadcrumb"},"inLanguage":"pt-BR","potentialAction":[{"@type":"ReadAction","target":["https:\/\/radiolifefm.com.br\/noticias\/apos-31-anos-paciente-morador-no-pai-nosso-lar-deixa-clinica-e-abre-fase-de-desinstitucionalizacao\/"]}]},{"@type":"ImageObject","inLanguage":"pt-BR","@id":"https:\/\/radiolifefm.com.br\/noticias\/apos-31-anos-paciente-morador-no-pai-nosso-lar-deixa-clinica-e-abre-fase-de-desinstitucionalizacao\/#primaryimage","url":"https:\/\/radiolifefm.com.br\/noticias\/wp-content\/uploads\/2022\/03\/27511532048230531111458245530491541757382477njpg16467642136227a0b57b4d8.jpg","contentUrl":"https:\/\/radiolifefm.com.br\/noticias\/wp-content\/uploads\/2022\/03\/27511532048230531111458245530491541757382477njpg16467642136227a0b57b4d8.jpg","width":600,"height":337,"caption":"Cerca de 45 pacientes moradores est\u00e3o sendo avaliados em programa de desinstitucionaliza\u00e7\u00e3o."},{"@type":"BreadcrumbList","@id":"https:\/\/radiolifefm.com.br\/noticias\/apos-31-anos-paciente-morador-no-pai-nosso-lar-deixa-clinica-e-abre-fase-de-desinstitucionalizacao\/#breadcrumb","itemListElement":[{"@type":"ListItem","position":1,"name":"In\u00edcio","item":"https:\/\/radiolifefm.com.br\/noticias\/"},{"@type":"ListItem","position":2,"name":"Ap\u00f3s 31 anos, paciente morador no PAI Nosso Lar deixa Cl\u00ednica e abre fase de desinstitucionaliza\u00e7\u00e3o"}]},{"@type":"WebSite","@id":"https:\/\/radiolifefm.com.br\/noticias\/#website","url":"https:\/\/radiolifefm.com.br\/noticias\/","name":"R\u00e1dio Life FM","description":"O Portal de Not\u00edcias de Adamantina","publisher":{"@id":"https:\/\/radiolifefm.com.br\/noticias\/#organization"},"alternateName":"Life FM","potentialAction":[{"@type":"SearchAction","target":{"@type":"EntryPoint","urlTemplate":"https:\/\/radiolifefm.com.br\/noticias\/?s={search_term_string}"},"query-input":{"@type":"PropertyValueSpecification","valueRequired":true,"valueName":"search_term_string"}}],"inLanguage":"pt-BR"},{"@type":"Organization","@id":"https:\/\/radiolifefm.com.br\/noticias\/#organization","name":"R\u00e1dio Life FM","alternateName":"Life FM","url":"https:\/\/radiolifefm.com.br\/noticias\/","logo":{"@type":"ImageObject","inLanguage":"pt-BR","@id":"https:\/\/radiolifefm.com.br\/noticias\/#\/schema\/logo\/image\/","url":"https:\/\/static.radiolifefm.com.br\/noticias\/wp-content\/uploads\/2019\/10\/logo-lifefm.png","contentUrl":"https:\/\/static.radiolifefm.com.br\/noticias\/wp-content\/uploads\/2019\/10\/logo-lifefm.png","width":196,"height":47,"caption":"R\u00e1dio Life FM"},"image":{"@id":"https:\/\/radiolifefm.com.br\/noticias\/#\/schema\/logo\/image\/"},"sameAs":["https:\/\/www.facebook.com\/radiolifefm\/","https:\/\/www.instagram.com\/life1079fm\/"]},{"@type":"Person","@id":"https:\/\/radiolifefm.com.br\/noticias\/#\/schema\/person\/6339b9fac59d12b071dec680d7375d87","name":"ritanery","image":{"@type":"ImageObject","inLanguage":"pt-BR","@id":"https:\/\/secure.gravatar.com\/avatar\/0e37bb19071f47c0b8a23f62a903df117c5a0e75f65a0c2901562f97cd41cf86?s=96&d=mm&r=g","url":"https:\/\/secure.gravatar.com\/avatar\/0e37bb19071f47c0b8a23f62a903df117c5a0e75f65a0c2901562f97cd41cf86?s=96&d=mm&r=g","contentUrl":"https:\/\/secure.gravatar.com\/avatar\/0e37bb19071f47c0b8a23f62a903df117c5a0e75f65a0c2901562f97cd41cf86?s=96&d=mm&r=g","caption":"ritanery"}}]}},"amp_enabled":true,"_links":{"self":[{"href":"https:\/\/radiolifefm.com.br\/noticias\/wp-json\/wp\/v2\/posts\/50398","targetHints":{"allow":["GET"]}}],"collection":[{"href":"https:\/\/radiolifefm.com.br\/noticias\/wp-json\/wp\/v2\/posts"}],"about":[{"href":"https:\/\/radiolifefm.com.br\/noticias\/wp-json\/wp\/v2\/types\/post"}],"author":[{"embeddable":true,"href":"https:\/\/radiolifefm.com.br\/noticias\/wp-json\/wp\/v2\/users\/13"}],"replies":[{"embeddable":true,"href":"https:\/\/radiolifefm.com.br\/noticias\/wp-json\/wp\/v2\/comments?post=50398"}],"version-history":[{"count":2,"href":"https:\/\/radiolifefm.com.br\/noticias\/wp-json\/wp\/v2\/posts\/50398\/revisions"}],"predecessor-version":[{"id":50401,"href":"https:\/\/radiolifefm.com.br\/noticias\/wp-json\/wp\/v2\/posts\/50398\/revisions\/50401"}],"wp:featuredmedia":[{"embeddable":true,"href":"https:\/\/radiolifefm.com.br\/noticias\/wp-json\/wp\/v2\/media\/50399"}],"wp:attachment":[{"href":"https:\/\/radiolifefm.com.br\/noticias\/wp-json\/wp\/v2\/media?parent=50398"}],"wp:term":[{"taxonomy":"category","embeddable":true,"href":"https:\/\/radiolifefm.com.br\/noticias\/wp-json\/wp\/v2\/categories?post=50398"},{"taxonomy":"post_tag","embeddable":true,"href":"https:\/\/radiolifefm.com.br\/noticias\/wp-json\/wp\/v2\/tags?post=50398"}],"curies":[{"name":"wp","href":"https:\/\/api.w.org\/{rel}","templated":true}]}}