{"id":50392,"date":"2022-03-09T08:08:09","date_gmt":"2022-03-09T11:08:09","guid":{"rendered":"https:\/\/radiolifefm.com.br\/noticias\/?p=50392"},"modified":"2026-01-19T13:56:22","modified_gmt":"2026-01-19T16:56:22","slug":"nesta-quarta-saude-da-mulher-no-glamour-2-022","status":"publish","type":"post","link":"https:\/\/radiolifefm.com.br\/noticias\/nesta-quarta-saude-da-mulher-no-glamour-2-022\/","title":{"rendered":"Nesta quarta, SA\u00daDE DA MULHER no Glamour 2.022"},"content":{"rendered":"<div id=\"fb-root\"><\/div>\n<p>Neste tempo novo tempo que se chama hoje para as MULHERES em n\u00edvel GLOCAL, ou seja, do GLOBAL para o LOCAL, faz-se necess\u00e1rio que os homens estejam em sintonia com estes VENTOS que chegam com o universo feminino em todas as \u00e1reas do MERCADO ORGANIZACIONAL.<\/p>\n<p>Portanto, existem preocupa\u00e7\u00f5es que s\u00e3o de interesse de todas e todos, haja vista que o contexto mundial continua proporcionando novos desafios por meio dos desencontros patrocinados pela PANDEMIA.<\/p>\n<p>&nbsp;<\/p>\n<p><strong>Sa\u00fade da Mulher<\/strong><\/p>\n<p>&nbsp;<\/p>\n<p>Assim, nesta quarta-feira, 9, a partir das 20H, estar\u00e1 ocorrendo no Audit\u00f3rio MIGUEL REALE do campus II da UniFAI, o segundo dia de atividades do Glamour 2.022 com promo\u00e7\u00e3o e execu\u00e7\u00e3o da R\u00c1DIO LIFE FM de Adamantina, bem como, apoio institucional da UniFAI por meio da Pr\u00f3-reitoria de Extens\u00e3o e da R\u00e1dio Cultura FM.<\/p>\n<p>O tema est\u00e1 pautado na quest\u00e3o da SA\u00daDE DA MULHER, tendo em vista os problemas relacionados com o bem-estar nas quest\u00f5es que envolvem o lado individual, familiar e profissional.<\/p>\n<p>As entrevistas ser\u00e3o coordenadas pelo DR. GUILHERME BONADIRMAN, m\u00e9dico e MAYRA FERRARI, radialista.<\/p>\n<p>Tamb\u00e9m, estar\u00e3o participando como convidadas para dialogar e debater o tema, a Enfermeira RT do Cento de Sa\u00fade de Luc\u00e9lia, M\u00c1RCIA VUDOVIX, a Psic\u00f3loga e p\u00f3s-graduada em Psicologia da Sa\u00fade, LARISSA MALAFAIA e a professora e m\u00e9dica dermatologista, Dra. ANA CAROLINA MANICARDI, representando o curso de Medicina da UniFAI.<\/p>\n<p>&nbsp;<\/p>\n<p><strong>Participa\u00e7\u00e3o, reconhecimento e reflex\u00e3o<\/strong><\/p>\n<figure id=\"attachment_50393\" aria-describedby=\"caption-attachment-50393\" style=\"width: 431px\" class=\"wp-caption aligncenter\"><img loading=\"lazy\" decoding=\"async\" class=\"wp-image-50393 size-full\" src=\"https:\/\/static.radiolifefm.com.br\/wp-content\/uploads\/sites\/2\/2022\/03\/WhatsApp-Image-2022-03-08-at-19.45.55.jpeg\" alt=\"\" width=\"431\" height=\"579\" srcset=\"https:\/\/radiolifefm.com.br\/noticias\/wp-content\/uploads\/2022\/03\/WhatsApp-Image-2022-03-08-at-19.45.55.jpeg 431w, https:\/\/radiolifefm.com.br\/noticias\/wp-content\/uploads\/2022\/03\/WhatsApp-Image-2022-03-08-at-19.45.55-223x300.jpeg 223w\" sizes=\"auto, (max-width: 431px) 100vw, 431px\" \/><figcaption id=\"caption-attachment-50393\" class=\"wp-caption-text\">Luciana Gomes Tino<br \/>\u00a0 \u00a0 \u00a0 \u00a0 \u00a0 \u00a0 \u00a0 \u00a0 \u00a0 \u00a0 Neuropsicanalista e Treinadora comportamental<\/figcaption><\/figure>\n<p>&nbsp;<\/p>\n<p>&nbsp;<\/p>\n<p>No primeiro Glamour MULHER, realizado no ano de 2.018, contou com a participa\u00e7\u00e3o de LUCIANA GOMES TINO, Neuropsicanalista e Treinadora Comportamental que afirmou: \u201cTive a honra de participar das duas edi\u00e7\u00f5es do Glamour Mulher, um evento que tem o objetivo de inspirar e motivar as mulheres, destacando o valor e a for\u00e7a feminina\u201d.<\/p>\n<p>Tamb\u00e9m, LUCIANA destacou que \u201cNo primeiro ano do evento (2018), tive a oportunidade de palestrar sobre empoderamento feminino e intelig\u00eancia emocional, ressaltando a autoestima e autoconfian\u00e7a, duas compet\u00eancias necess\u00e1rias para todo ser humano, principalmente para as mulheres que sofrem tanto com a falta de amor pr\u00f3prio\u201d.<\/p>\n<p>&nbsp;<\/p>\n<p><strong>\u201cMulher, nunca desista!\u201d<\/strong><\/p>\n<p>&nbsp;<\/p>\n<p>Neste contexto plural que envolve a MULHER em todas as \u00e1reas de atua\u00e7\u00e3o, LUCIANA refor\u00e7ou a proposta realizada, a saber: \u201cCom um pouco de dan\u00e7a, explica\u00e7\u00f5es e din\u00e2micas e muita motiva\u00e7\u00e3o, pude presenciar, centenas de mulheres sa\u00edrem daquele evento melhores do que j\u00e1 eram\u201d.<\/p>\n<p>Portanto, considerando tais atividades realizadas no ano de 2.018, LUCIANA acrescenta suas considera\u00e7\u00f5es sobre mais uma participa\u00e7\u00e3o, ou seja, \u201cNa edi\u00e7\u00e3o de 2019, participei novamente levando como tema \u201cMulher, nunca desista de voc\u00ea\u201d, destacando a import\u00e2ncia do autoconhecimento para viver uma vida verdadeiramente feliz\u201d.<\/p>\n<p>O reconhecimento pela participa\u00e7\u00e3o e retorno nestas duas edi\u00e7\u00f5es do GLAMOUR MULHER, acabaram refor\u00e7ando para LUCIANA a import\u00e2ncia de marcar presen\u00e7a em atividades focadas no cen\u00e1rio feminino, tamb\u00e9m, faz quest\u00e3o de registrar: \u201cSou grata \u00e0 Lucia Prado, por ter me convidado para fazer parte deste evento que contribuiu para a valoriza\u00e7\u00e3o da mulher e poder, atrav\u00e9s do meu trabalho, motiv\u00e1-las para uma linda transforma\u00e7\u00e3o pessoal e profissional\u201d.<\/p>\n<p>Contatos com LUCIANA GOMES TINO- Neuropsicanalista e Treinadora Comportamental:<\/p>\n<p><strong>Instagram:<\/strong> <a href=\"https:\/\/www.instagram.com\/lugomes.tino\">@lugomes.tino<\/a><\/p>\n<p><strong>Site:<\/strong> <a href=\"http:\/\/www.lucianagomestino.com.br\">www.lucianagomestino.com.br<\/a><\/p>\n<p><strong><em>______________________________<\/em><\/strong><\/p>\n<p><strong><em>(*) jornalista diplomado e coordenador do Projeto de Revitaliza\u00e7\u00e3o e Profissionaliza\u00e7\u00e3o da R\u00e1dio Cultura FM\/UniFAI.<\/em><\/strong><\/p>\n<p><strong><em>e-mail: unifai.cultura@fai.com.br<\/em><\/strong><\/p>\n<p>&nbsp;<\/p>\n<p><strong><em>S\u00e9rgio Barbosa \/ Cultura FM-UniFAI (*)<\/em><\/strong><\/p>\n","protected":false},"excerpt":{"rendered":"<p>Neste tempo novo tempo que se chama hoje para as MULHERES em n\u00edvel GLOCAL, ou seja, do GLOBAL para o LOCAL, faz-se necess\u00e1rio que os homens estejam em sintonia com estes VENTOS que chegam com o universo feminino em todas as \u00e1reas do MERCADO ORGANIZACIONAL. Portanto, existem preocupa\u00e7\u00f5es que s\u00e3o de interesse de todas e [&hellip;]<\/p>\n","protected":false},"author":13,"featured_media":50394,"comment_status":"closed","ping_status":"open","sticky":false,"template":"","format":"standard","meta":{"_acf_changed":false,"_exactmetrics_skip_tracking":false,"_exactmetrics_sitenote_active":false,"_exactmetrics_sitenote_note":"","_exactmetrics_sitenote_category":0,"footnotes":""},"categories":[21],"tags":[],"class_list":["post-50392","post","type-post","status-publish","format-standard","has-post-thumbnail","hentry","category-adamantina"],"acf":[],"yoast_head":"<!-- This site is optimized with the Yoast SEO plugin v27.2 - https:\/\/yoast.com\/product\/yoast-seo-wordpress\/ -->\n<title>Nesta quarta, SA\u00daDE DA MULHER no Glamour 2.022 - R\u00e1dio Life FM<\/title>\n<meta name=\"robots\" content=\"index, follow, max-snippet:-1, max-image-preview:large, max-video-preview:-1\" \/>\n<link rel=\"canonical\" href=\"https:\/\/radiolifefm.com.br\/noticias\/nesta-quarta-saude-da-mulher-no-glamour-2-022\/\" \/>\n<meta property=\"og:locale\" content=\"pt_BR\" \/>\n<meta property=\"og:type\" content=\"article\" \/>\n<meta property=\"og:title\" content=\"Nesta quarta, SA\u00daDE DA MULHER no Glamour 2.022 - R\u00e1dio Life FM\" \/>\n<meta property=\"og:description\" content=\"Neste tempo novo tempo que se chama hoje para as MULHERES em n\u00edvel GLOCAL, ou seja, do GLOBAL para o LOCAL, faz-se necess\u00e1rio que os homens estejam em sintonia com estes VENTOS que chegam com o universo feminino em todas as \u00e1reas do MERCADO ORGANIZACIONAL. Portanto, existem preocupa\u00e7\u00f5es que s\u00e3o de interesse de todas e [&hellip;]\" \/>\n<meta property=\"og:url\" content=\"https:\/\/radiolifefm.com.br\/noticias\/nesta-quarta-saude-da-mulher-no-glamour-2-022\/\" \/>\n<meta property=\"og:site_name\" content=\"R\u00e1dio Life FM\" \/>\n<meta property=\"article:publisher\" content=\"https:\/\/www.facebook.com\/radiolifefm\/\" \/>\n<meta property=\"article:published_time\" content=\"2022-03-09T11:08:09+00:00\" \/>\n<meta property=\"article:modified_time\" content=\"2026-01-19T16:56:22+00:00\" \/>\n<meta property=\"og:image\" content=\"https:\/\/radiolifefm.com.br\/noticias\/wp-content\/uploads\/2022\/03\/275522226_2254086408072350_492484621937571258_n.jpg\" \/>\n\t<meta property=\"og:image:width\" content=\"1280\" \/>\n\t<meta property=\"og:image:height\" content=\"1600\" \/>\n\t<meta property=\"og:image:type\" content=\"image\/jpeg\" \/>\n<meta name=\"author\" content=\"ritanery\" \/>\n<meta name=\"twitter:card\" content=\"summary_large_image\" \/>\n<meta name=\"twitter:label1\" content=\"Escrito por\" \/>\n\t<meta name=\"twitter:data1\" content=\"ritanery\" \/>\n\t<meta name=\"twitter:label2\" content=\"Est. tempo de leitura\" \/>\n\t<meta name=\"twitter:data2\" content=\"3 minutos\" \/>\n<script type=\"application\/ld+json\" class=\"yoast-schema-graph\">{\"@context\":\"https:\/\/schema.org\",\"@graph\":[{\"@type\":\"Article\",\"@id\":\"https:\/\/radiolifefm.com.br\/noticias\/nesta-quarta-saude-da-mulher-no-glamour-2-022\/#article\",\"isPartOf\":{\"@id\":\"https:\/\/radiolifefm.com.br\/noticias\/nesta-quarta-saude-da-mulher-no-glamour-2-022\/\"},\"author\":{\"name\":\"ritanery\",\"@id\":\"https:\/\/radiolifefm.com.br\/noticias\/#\/schema\/person\/6339b9fac59d12b071dec680d7375d87\"},\"headline\":\"Nesta quarta, SA\u00daDE DA MULHER no Glamour 2.022\",\"datePublished\":\"2022-03-09T11:08:09+00:00\",\"dateModified\":\"2026-01-19T16:56:22+00:00\",\"mainEntityOfPage\":{\"@id\":\"https:\/\/radiolifefm.com.br\/noticias\/nesta-quarta-saude-da-mulher-no-glamour-2-022\/\"},\"wordCount\":611,\"publisher\":{\"@id\":\"https:\/\/radiolifefm.com.br\/noticias\/#organization\"},\"image\":{\"@id\":\"https:\/\/radiolifefm.com.br\/noticias\/nesta-quarta-saude-da-mulher-no-glamour-2-022\/#primaryimage\"},\"thumbnailUrl\":\"https:\/\/radiolifefm.com.br\/noticias\/wp-content\/uploads\/2022\/03\/275522226_2254086408072350_492484621937571258_n.jpg\",\"articleSection\":[\"Adamantina\"],\"inLanguage\":\"pt-BR\"},{\"@type\":\"WebPage\",\"@id\":\"https:\/\/radiolifefm.com.br\/noticias\/nesta-quarta-saude-da-mulher-no-glamour-2-022\/\",\"url\":\"https:\/\/radiolifefm.com.br\/noticias\/nesta-quarta-saude-da-mulher-no-glamour-2-022\/\",\"name\":\"Nesta quarta, SA\u00daDE DA MULHER no Glamour 2.022 - R\u00e1dio Life FM\",\"isPartOf\":{\"@id\":\"https:\/\/radiolifefm.com.br\/noticias\/#website\"},\"primaryImageOfPage\":{\"@id\":\"https:\/\/radiolifefm.com.br\/noticias\/nesta-quarta-saude-da-mulher-no-glamour-2-022\/#primaryimage\"},\"image\":{\"@id\":\"https:\/\/radiolifefm.com.br\/noticias\/nesta-quarta-saude-da-mulher-no-glamour-2-022\/#primaryimage\"},\"thumbnailUrl\":\"https:\/\/radiolifefm.com.br\/noticias\/wp-content\/uploads\/2022\/03\/275522226_2254086408072350_492484621937571258_n.jpg\",\"datePublished\":\"2022-03-09T11:08:09+00:00\",\"dateModified\":\"2026-01-19T16:56:22+00:00\",\"breadcrumb\":{\"@id\":\"https:\/\/radiolifefm.com.br\/noticias\/nesta-quarta-saude-da-mulher-no-glamour-2-022\/#breadcrumb\"},\"inLanguage\":\"pt-BR\",\"potentialAction\":[{\"@type\":\"ReadAction\",\"target\":[\"https:\/\/radiolifefm.com.br\/noticias\/nesta-quarta-saude-da-mulher-no-glamour-2-022\/\"]}]},{\"@type\":\"ImageObject\",\"inLanguage\":\"pt-BR\",\"@id\":\"https:\/\/radiolifefm.com.br\/noticias\/nesta-quarta-saude-da-mulher-no-glamour-2-022\/#primaryimage\",\"url\":\"https:\/\/radiolifefm.com.br\/noticias\/wp-content\/uploads\/2022\/03\/275522226_2254086408072350_492484621937571258_n.jpg\",\"contentUrl\":\"https:\/\/radiolifefm.com.br\/noticias\/wp-content\/uploads\/2022\/03\/275522226_2254086408072350_492484621937571258_n.jpg\",\"width\":1280,\"height\":1600},{\"@type\":\"BreadcrumbList\",\"@id\":\"https:\/\/radiolifefm.com.br\/noticias\/nesta-quarta-saude-da-mulher-no-glamour-2-022\/#breadcrumb\",\"itemListElement\":[{\"@type\":\"ListItem\",\"position\":1,\"name\":\"In\u00edcio\",\"item\":\"https:\/\/radiolifefm.com.br\/noticias\/\"},{\"@type\":\"ListItem\",\"position\":2,\"name\":\"Nesta quarta, SA\u00daDE DA MULHER no Glamour 2.022\"}]},{\"@type\":\"WebSite\",\"@id\":\"https:\/\/radiolifefm.com.br\/noticias\/#website\",\"url\":\"https:\/\/radiolifefm.com.br\/noticias\/\",\"name\":\"R\u00e1dio Life FM\",\"description\":\"O Portal de Not\u00edcias de Adamantina\",\"publisher\":{\"@id\":\"https:\/\/radiolifefm.com.br\/noticias\/#organization\"},\"alternateName\":\"Life FM\",\"potentialAction\":[{\"@type\":\"SearchAction\",\"target\":{\"@type\":\"EntryPoint\",\"urlTemplate\":\"https:\/\/radiolifefm.com.br\/noticias\/?s={search_term_string}\"},\"query-input\":{\"@type\":\"PropertyValueSpecification\",\"valueRequired\":true,\"valueName\":\"search_term_string\"}}],\"inLanguage\":\"pt-BR\"},{\"@type\":\"Organization\",\"@id\":\"https:\/\/radiolifefm.com.br\/noticias\/#organization\",\"name\":\"R\u00e1dio Life FM\",\"alternateName\":\"Life FM\",\"url\":\"https:\/\/radiolifefm.com.br\/noticias\/\",\"logo\":{\"@type\":\"ImageObject\",\"inLanguage\":\"pt-BR\",\"@id\":\"https:\/\/radiolifefm.com.br\/noticias\/#\/schema\/logo\/image\/\",\"url\":\"https:\/\/static.radiolifefm.com.br\/noticias\/wp-content\/uploads\/2019\/10\/logo-lifefm.png\",\"contentUrl\":\"https:\/\/static.radiolifefm.com.br\/noticias\/wp-content\/uploads\/2019\/10\/logo-lifefm.png\",\"width\":196,\"height\":47,\"caption\":\"R\u00e1dio Life FM\"},\"image\":{\"@id\":\"https:\/\/radiolifefm.com.br\/noticias\/#\/schema\/logo\/image\/\"},\"sameAs\":[\"https:\/\/www.facebook.com\/radiolifefm\/\",\"https:\/\/www.instagram.com\/life1079fm\/\"]},{\"@type\":\"Person\",\"@id\":\"https:\/\/radiolifefm.com.br\/noticias\/#\/schema\/person\/6339b9fac59d12b071dec680d7375d87\",\"name\":\"ritanery\",\"image\":{\"@type\":\"ImageObject\",\"inLanguage\":\"pt-BR\",\"@id\":\"https:\/\/secure.gravatar.com\/avatar\/0e37bb19071f47c0b8a23f62a903df117c5a0e75f65a0c2901562f97cd41cf86?s=96&d=mm&r=g\",\"url\":\"https:\/\/secure.gravatar.com\/avatar\/0e37bb19071f47c0b8a23f62a903df117c5a0e75f65a0c2901562f97cd41cf86?s=96&d=mm&r=g\",\"contentUrl\":\"https:\/\/secure.gravatar.com\/avatar\/0e37bb19071f47c0b8a23f62a903df117c5a0e75f65a0c2901562f97cd41cf86?s=96&d=mm&r=g\",\"caption\":\"ritanery\"}}]}<\/script>\n<!-- \/ Yoast SEO plugin. -->","yoast_head_json":{"title":"Nesta quarta, SA\u00daDE DA MULHER no Glamour 2.022 - R\u00e1dio Life FM","robots":{"index":"index","follow":"follow","max-snippet":"max-snippet:-1","max-image-preview":"max-image-preview:large","max-video-preview":"max-video-preview:-1"},"canonical":"https:\/\/radiolifefm.com.br\/noticias\/nesta-quarta-saude-da-mulher-no-glamour-2-022\/","og_locale":"pt_BR","og_type":"article","og_title":"Nesta quarta, SA\u00daDE DA MULHER no Glamour 2.022 - R\u00e1dio Life FM","og_description":"Neste tempo novo tempo que se chama hoje para as MULHERES em n\u00edvel GLOCAL, ou seja, do GLOBAL para o LOCAL, faz-se necess\u00e1rio que os homens estejam em sintonia com estes VENTOS que chegam com o universo feminino em todas as \u00e1reas do MERCADO ORGANIZACIONAL. Portanto, existem preocupa\u00e7\u00f5es que s\u00e3o de interesse de todas e [&hellip;]","og_url":"https:\/\/radiolifefm.com.br\/noticias\/nesta-quarta-saude-da-mulher-no-glamour-2-022\/","og_site_name":"R\u00e1dio Life FM","article_publisher":"https:\/\/www.facebook.com\/radiolifefm\/","article_published_time":"2022-03-09T11:08:09+00:00","article_modified_time":"2026-01-19T16:56:22+00:00","og_image":[{"width":1280,"height":1600,"url":"https:\/\/radiolifefm.com.br\/noticias\/wp-content\/uploads\/2022\/03\/275522226_2254086408072350_492484621937571258_n.jpg","type":"image\/jpeg"}],"author":"ritanery","twitter_card":"summary_large_image","twitter_misc":{"Escrito por":"ritanery","Est. tempo de leitura":"3 minutos"},"schema":{"@context":"https:\/\/schema.org","@graph":[{"@type":"Article","@id":"https:\/\/radiolifefm.com.br\/noticias\/nesta-quarta-saude-da-mulher-no-glamour-2-022\/#article","isPartOf":{"@id":"https:\/\/radiolifefm.com.br\/noticias\/nesta-quarta-saude-da-mulher-no-glamour-2-022\/"},"author":{"name":"ritanery","@id":"https:\/\/radiolifefm.com.br\/noticias\/#\/schema\/person\/6339b9fac59d12b071dec680d7375d87"},"headline":"Nesta quarta, SA\u00daDE DA MULHER no Glamour 2.022","datePublished":"2022-03-09T11:08:09+00:00","dateModified":"2026-01-19T16:56:22+00:00","mainEntityOfPage":{"@id":"https:\/\/radiolifefm.com.br\/noticias\/nesta-quarta-saude-da-mulher-no-glamour-2-022\/"},"wordCount":611,"publisher":{"@id":"https:\/\/radiolifefm.com.br\/noticias\/#organization"},"image":{"@id":"https:\/\/radiolifefm.com.br\/noticias\/nesta-quarta-saude-da-mulher-no-glamour-2-022\/#primaryimage"},"thumbnailUrl":"https:\/\/radiolifefm.com.br\/noticias\/wp-content\/uploads\/2022\/03\/275522226_2254086408072350_492484621937571258_n.jpg","articleSection":["Adamantina"],"inLanguage":"pt-BR"},{"@type":"WebPage","@id":"https:\/\/radiolifefm.com.br\/noticias\/nesta-quarta-saude-da-mulher-no-glamour-2-022\/","url":"https:\/\/radiolifefm.com.br\/noticias\/nesta-quarta-saude-da-mulher-no-glamour-2-022\/","name":"Nesta quarta, SA\u00daDE DA MULHER no Glamour 2.022 - R\u00e1dio Life FM","isPartOf":{"@id":"https:\/\/radiolifefm.com.br\/noticias\/#website"},"primaryImageOfPage":{"@id":"https:\/\/radiolifefm.com.br\/noticias\/nesta-quarta-saude-da-mulher-no-glamour-2-022\/#primaryimage"},"image":{"@id":"https:\/\/radiolifefm.com.br\/noticias\/nesta-quarta-saude-da-mulher-no-glamour-2-022\/#primaryimage"},"thumbnailUrl":"https:\/\/radiolifefm.com.br\/noticias\/wp-content\/uploads\/2022\/03\/275522226_2254086408072350_492484621937571258_n.jpg","datePublished":"2022-03-09T11:08:09+00:00","dateModified":"2026-01-19T16:56:22+00:00","breadcrumb":{"@id":"https:\/\/radiolifefm.com.br\/noticias\/nesta-quarta-saude-da-mulher-no-glamour-2-022\/#breadcrumb"},"inLanguage":"pt-BR","potentialAction":[{"@type":"ReadAction","target":["https:\/\/radiolifefm.com.br\/noticias\/nesta-quarta-saude-da-mulher-no-glamour-2-022\/"]}]},{"@type":"ImageObject","inLanguage":"pt-BR","@id":"https:\/\/radiolifefm.com.br\/noticias\/nesta-quarta-saude-da-mulher-no-glamour-2-022\/#primaryimage","url":"https:\/\/radiolifefm.com.br\/noticias\/wp-content\/uploads\/2022\/03\/275522226_2254086408072350_492484621937571258_n.jpg","contentUrl":"https:\/\/radiolifefm.com.br\/noticias\/wp-content\/uploads\/2022\/03\/275522226_2254086408072350_492484621937571258_n.jpg","width":1280,"height":1600},{"@type":"BreadcrumbList","@id":"https:\/\/radiolifefm.com.br\/noticias\/nesta-quarta-saude-da-mulher-no-glamour-2-022\/#breadcrumb","itemListElement":[{"@type":"ListItem","position":1,"name":"In\u00edcio","item":"https:\/\/radiolifefm.com.br\/noticias\/"},{"@type":"ListItem","position":2,"name":"Nesta quarta, SA\u00daDE DA MULHER no Glamour 2.022"}]},{"@type":"WebSite","@id":"https:\/\/radiolifefm.com.br\/noticias\/#website","url":"https:\/\/radiolifefm.com.br\/noticias\/","name":"R\u00e1dio Life FM","description":"O Portal de Not\u00edcias de Adamantina","publisher":{"@id":"https:\/\/radiolifefm.com.br\/noticias\/#organization"},"alternateName":"Life FM","potentialAction":[{"@type":"SearchAction","target":{"@type":"EntryPoint","urlTemplate":"https:\/\/radiolifefm.com.br\/noticias\/?s={search_term_string}"},"query-input":{"@type":"PropertyValueSpecification","valueRequired":true,"valueName":"search_term_string"}}],"inLanguage":"pt-BR"},{"@type":"Organization","@id":"https:\/\/radiolifefm.com.br\/noticias\/#organization","name":"R\u00e1dio Life FM","alternateName":"Life FM","url":"https:\/\/radiolifefm.com.br\/noticias\/","logo":{"@type":"ImageObject","inLanguage":"pt-BR","@id":"https:\/\/radiolifefm.com.br\/noticias\/#\/schema\/logo\/image\/","url":"https:\/\/static.radiolifefm.com.br\/noticias\/wp-content\/uploads\/2019\/10\/logo-lifefm.png","contentUrl":"https:\/\/static.radiolifefm.com.br\/noticias\/wp-content\/uploads\/2019\/10\/logo-lifefm.png","width":196,"height":47,"caption":"R\u00e1dio Life FM"},"image":{"@id":"https:\/\/radiolifefm.com.br\/noticias\/#\/schema\/logo\/image\/"},"sameAs":["https:\/\/www.facebook.com\/radiolifefm\/","https:\/\/www.instagram.com\/life1079fm\/"]},{"@type":"Person","@id":"https:\/\/radiolifefm.com.br\/noticias\/#\/schema\/person\/6339b9fac59d12b071dec680d7375d87","name":"ritanery","image":{"@type":"ImageObject","inLanguage":"pt-BR","@id":"https:\/\/secure.gravatar.com\/avatar\/0e37bb19071f47c0b8a23f62a903df117c5a0e75f65a0c2901562f97cd41cf86?s=96&d=mm&r=g","url":"https:\/\/secure.gravatar.com\/avatar\/0e37bb19071f47c0b8a23f62a903df117c5a0e75f65a0c2901562f97cd41cf86?s=96&d=mm&r=g","contentUrl":"https:\/\/secure.gravatar.com\/avatar\/0e37bb19071f47c0b8a23f62a903df117c5a0e75f65a0c2901562f97cd41cf86?s=96&d=mm&r=g","caption":"ritanery"}}]}},"amp_enabled":true,"_links":{"self":[{"href":"https:\/\/radiolifefm.com.br\/noticias\/wp-json\/wp\/v2\/posts\/50392","targetHints":{"allow":["GET"]}}],"collection":[{"href":"https:\/\/radiolifefm.com.br\/noticias\/wp-json\/wp\/v2\/posts"}],"about":[{"href":"https:\/\/radiolifefm.com.br\/noticias\/wp-json\/wp\/v2\/types\/post"}],"author":[{"embeddable":true,"href":"https:\/\/radiolifefm.com.br\/noticias\/wp-json\/wp\/v2\/users\/13"}],"replies":[{"embeddable":true,"href":"https:\/\/radiolifefm.com.br\/noticias\/wp-json\/wp\/v2\/comments?post=50392"}],"version-history":[{"count":6,"href":"https:\/\/radiolifefm.com.br\/noticias\/wp-json\/wp\/v2\/posts\/50392\/revisions"}],"predecessor-version":[{"id":50511,"href":"https:\/\/radiolifefm.com.br\/noticias\/wp-json\/wp\/v2\/posts\/50392\/revisions\/50511"}],"wp:featuredmedia":[{"embeddable":true,"href":"https:\/\/radiolifefm.com.br\/noticias\/wp-json\/wp\/v2\/media\/50394"}],"wp:attachment":[{"href":"https:\/\/radiolifefm.com.br\/noticias\/wp-json\/wp\/v2\/media?parent=50392"}],"wp:term":[{"taxonomy":"category","embeddable":true,"href":"https:\/\/radiolifefm.com.br\/noticias\/wp-json\/wp\/v2\/categories?post=50392"},{"taxonomy":"post_tag","embeddable":true,"href":"https:\/\/radiolifefm.com.br\/noticias\/wp-json\/wp\/v2\/tags?post=50392"}],"curies":[{"name":"wp","href":"https:\/\/api.w.org\/{rel}","templated":true}]}}