{"id":50375,"date":"2022-03-08T21:27:39","date_gmt":"2022-03-09T00:27:39","guid":{"rendered":"https:\/\/radiolifefm.com.br\/noticias\/?p=50375"},"modified":"2026-04-02T11:56:02","modified_gmt":"2026-04-02T14:56:02","slug":"prefeitura-de-adamantina-anuncia-secretario-de-desenvolvimento-economico","status":"publish","type":"post","link":"https:\/\/radiolifefm.com.br\/noticias\/prefeitura-de-adamantina-anuncia-secretario-de-desenvolvimento-economico\/","title":{"rendered":"Prefeitura de Adamantina anuncia secret\u00e1rio de Desenvolvimento Econ\u00f4mico"},"content":{"rendered":"<div id=\"fb-root\"><\/div>\n<p>Ap\u00f3s a cria\u00e7\u00e3o da Secretaria de Desenvolvimento, a Prefeitura de Adamantina escolheu o nome do chefe da pasta. Gustavo Andrade de Oliveira Souza, servidor p\u00fablico desde 2019, estar\u00e1 \u00e0 frente.<\/p>\n<p>&nbsp;<\/p>\n<p>O novo secret\u00e1rio possui ensino t\u00e9cnico em contabilidade pela ETEC, \u00e9 graduado em matem\u00e1tica pela UniFAI e atualmente est\u00e1 cursando p\u00f3s-gradua\u00e7\u00e3o em estat\u00edstica. Ele j\u00e1 atuou como estagi\u00e1rio no setor de tesouraria enquanto era estudante e desde 2019 estava \u00e0 frente do Posto de Atendimento ao Trabalhador (PAT), onde ingressou por meio do concurso p\u00fablico.<\/p>\n<p>&nbsp;<\/p>\n<p>Conforme Souza, dentro do PAT, ele teve a oportunidade de observar a demanda por m\u00e3o de obra para as empresas que chegam no munic\u00edpio. &#8220;As empresas fazem pesquisas pr\u00e9vias para diagnosticar se h\u00e1 m\u00e3o de obra qualificada para que possam se instalar nos munic\u00edpios e, muitas vezes, \u00e0 falta dessa m\u00e3o de obra qualificada, principalmente na \u00e1rea tecnol\u00f3gica e industrial, for\u00e7a a empresa a n\u00e3o continuar com o trabalho de implementa\u00e7\u00e3o&#8221;, afirma.<\/p>\n<p>&nbsp;<\/p>\n<p>Segundo ele, com isso \u00e9 poss\u00edvel um diagn\u00f3stico para atrair mais ind\u00fastrias e empresas para o munic\u00edpio. &#8220;Assim, poderemos nos desenvolver economicamente e buscar solu\u00e7\u00f5es frente a este desafio&#8221;, assegura.<\/p>\n<p>&nbsp;<\/p>\n<p>O novo secret\u00e1rio afirma que a pasta vem logo ap\u00f3s um per\u00edodo de recesso econ\u00f4mico, onde muitas empresas foram for\u00e7adas a demitir funcion\u00e1rios e fechar as portas.<\/p>\n<p>&nbsp;<\/p>\n<p>&#8220;Somente agora estamos voltando a notar a retomada destas empresas com seu pleno funcionamento. Como secret\u00e1rio buscarei trazer inova\u00e7\u00f5es capazes de auxiliar no desenvolvimento das empresas situadas em nosso munic\u00edpio por meio de novas tecnologias, forma\u00e7\u00e3o de m\u00e3o de obra qualificada entre outros aspectos importantes para o desenvolvimento econ\u00f4mico&#8221;, exp\u00f5e.<\/p>\n<p>&nbsp;<\/p>\n<p>De acordo com o secret\u00e1rio, a Secretaria de Desenvolvimento Econ\u00f4mico buscar\u00e1 parcerias com as mais diversas empresas e funda\u00e7\u00f5es com o objetivo de elaborar um plano de desenvolvimento econ\u00f4mico para o munic\u00edpio, tra\u00e7ando estrat\u00e9gias para o crescimento sustentado de longo prazo.<\/p>\n<p>&nbsp;<\/p>\n<p>&#8220;Apesar da dist\u00e2ncia aos grandes centros, observamos um interesse em grandes empresas em constru\u00edrem filiais pr\u00f3ximas aos polos de tecnologia e desenvolvimento, pois s\u00e3o nesses p\u00f3los que se encontra m\u00e3o de obra qualificada e projetos de interesse para o empres\u00e1rio. Um dos primeiros passos \u00e9 buscar transformar Adamantina em um desses p\u00f3los e isso j\u00e1 come\u00e7ou. Um de nossos grandes objetivos \u00e9 utilizar toda a infraestrutura educacional em Adamantina como a UniFai, Fatec e Univesp, para angariar o desenvolvimento de projetos e m\u00e3o de obra para a cidade&#8221;, finaliza.<\/p>\n<p>&nbsp;<\/p>\n<p>Fonte: Assessoria de Imprensa<\/p>\n","protected":false},"excerpt":{"rendered":"<p>Ap\u00f3s a cria\u00e7\u00e3o da Secretaria de Desenvolvimento, a Prefeitura de Adamantina escolheu o nome do chefe da pasta. Gustavo Andrade de Oliveira Souza, servidor p\u00fablico desde 2019, estar\u00e1 \u00e0 frente. &nbsp; O novo secret\u00e1rio possui ensino t\u00e9cnico em contabilidade pela ETEC, \u00e9 graduado em matem\u00e1tica pela UniFAI e atualmente est\u00e1 cursando p\u00f3s-gradua\u00e7\u00e3o em estat\u00edstica. Ele [&hellip;]<\/p>\n","protected":false},"author":13,"featured_media":50376,"comment_status":"closed","ping_status":"open","sticky":false,"template":"","format":"standard","meta":{"_acf_changed":false,"_exactmetrics_skip_tracking":false,"_exactmetrics_sitenote_active":false,"_exactmetrics_sitenote_note":"","_exactmetrics_sitenote_category":0,"footnotes":""},"categories":[21],"tags":[],"class_list":["post-50375","post","type-post","status-publish","format-standard","has-post-thumbnail","hentry","category-adamantina"],"acf":[],"yoast_head":"<!-- This site is optimized with the Yoast SEO plugin v27.2 - https:\/\/yoast.com\/product\/yoast-seo-wordpress\/ -->\n<title>Prefeitura de Adamantina anuncia secret\u00e1rio de Desenvolvimento Econ\u00f4mico - R\u00e1dio Life FM<\/title>\n<meta name=\"robots\" content=\"index, follow, max-snippet:-1, max-image-preview:large, max-video-preview:-1\" \/>\n<link rel=\"canonical\" href=\"https:\/\/radiolifefm.com.br\/noticias\/prefeitura-de-adamantina-anuncia-secretario-de-desenvolvimento-economico\/\" \/>\n<meta property=\"og:locale\" content=\"pt_BR\" \/>\n<meta property=\"og:type\" content=\"article\" \/>\n<meta property=\"og:title\" content=\"Prefeitura de Adamantina anuncia secret\u00e1rio de Desenvolvimento Econ\u00f4mico - R\u00e1dio Life FM\" \/>\n<meta property=\"og:description\" content=\"Ap\u00f3s a cria\u00e7\u00e3o da Secretaria de Desenvolvimento, a Prefeitura de Adamantina escolheu o nome do chefe da pasta. Gustavo Andrade de Oliveira Souza, servidor p\u00fablico desde 2019, estar\u00e1 \u00e0 frente. &nbsp; O novo secret\u00e1rio possui ensino t\u00e9cnico em contabilidade pela ETEC, \u00e9 graduado em matem\u00e1tica pela UniFAI e atualmente est\u00e1 cursando p\u00f3s-gradua\u00e7\u00e3o em estat\u00edstica. Ele [&hellip;]\" \/>\n<meta property=\"og:url\" content=\"https:\/\/radiolifefm.com.br\/noticias\/prefeitura-de-adamantina-anuncia-secretario-de-desenvolvimento-economico\/\" \/>\n<meta property=\"og:site_name\" content=\"R\u00e1dio Life FM\" \/>\n<meta property=\"article:publisher\" content=\"https:\/\/www.facebook.com\/radiolifefm\/\" \/>\n<meta property=\"article:published_time\" content=\"2022-03-09T00:27:39+00:00\" \/>\n<meta property=\"article:modified_time\" content=\"2026-04-02T14:56:02+00:00\" \/>\n<meta property=\"og:image\" content=\"https:\/\/radiolifefm.com.br\/noticias\/wp-content\/uploads\/2022\/03\/Foto.jpg\" \/>\n\t<meta property=\"og:image:width\" content=\"1893\" \/>\n\t<meta property=\"og:image:height\" content=\"1273\" \/>\n\t<meta property=\"og:image:type\" content=\"image\/jpeg\" \/>\n<meta name=\"author\" content=\"ritanery\" \/>\n<meta name=\"twitter:card\" content=\"summary_large_image\" \/>\n<meta name=\"twitter:label1\" content=\"Escrito por\" \/>\n\t<meta name=\"twitter:data1\" content=\"ritanery\" \/>\n\t<meta name=\"twitter:label2\" content=\"Est. tempo de leitura\" \/>\n\t<meta name=\"twitter:data2\" content=\"2 minutos\" \/>\n<script type=\"application\/ld+json\" class=\"yoast-schema-graph\">{\"@context\":\"https:\/\/schema.org\",\"@graph\":[{\"@type\":\"Article\",\"@id\":\"https:\/\/radiolifefm.com.br\/noticias\/prefeitura-de-adamantina-anuncia-secretario-de-desenvolvimento-economico\/#article\",\"isPartOf\":{\"@id\":\"https:\/\/radiolifefm.com.br\/noticias\/prefeitura-de-adamantina-anuncia-secretario-de-desenvolvimento-economico\/\"},\"author\":{\"name\":\"ritanery\",\"@id\":\"https:\/\/radiolifefm.com.br\/noticias\/#\/schema\/person\/6339b9fac59d12b071dec680d7375d87\"},\"headline\":\"Prefeitura de Adamantina anuncia secret\u00e1rio de Desenvolvimento Econ\u00f4mico\",\"datePublished\":\"2022-03-09T00:27:39+00:00\",\"dateModified\":\"2026-04-02T14:56:02+00:00\",\"mainEntityOfPage\":{\"@id\":\"https:\/\/radiolifefm.com.br\/noticias\/prefeitura-de-adamantina-anuncia-secretario-de-desenvolvimento-economico\/\"},\"wordCount\":463,\"publisher\":{\"@id\":\"https:\/\/radiolifefm.com.br\/noticias\/#organization\"},\"image\":{\"@id\":\"https:\/\/radiolifefm.com.br\/noticias\/prefeitura-de-adamantina-anuncia-secretario-de-desenvolvimento-economico\/#primaryimage\"},\"thumbnailUrl\":\"https:\/\/radiolifefm.com.br\/noticias\/wp-content\/uploads\/2022\/03\/Foto.jpg\",\"articleSection\":[\"Adamantina\"],\"inLanguage\":\"pt-BR\"},{\"@type\":\"WebPage\",\"@id\":\"https:\/\/radiolifefm.com.br\/noticias\/prefeitura-de-adamantina-anuncia-secretario-de-desenvolvimento-economico\/\",\"url\":\"https:\/\/radiolifefm.com.br\/noticias\/prefeitura-de-adamantina-anuncia-secretario-de-desenvolvimento-economico\/\",\"name\":\"Prefeitura de Adamantina anuncia secret\u00e1rio de Desenvolvimento Econ\u00f4mico - R\u00e1dio Life FM\",\"isPartOf\":{\"@id\":\"https:\/\/radiolifefm.com.br\/noticias\/#website\"},\"primaryImageOfPage\":{\"@id\":\"https:\/\/radiolifefm.com.br\/noticias\/prefeitura-de-adamantina-anuncia-secretario-de-desenvolvimento-economico\/#primaryimage\"},\"image\":{\"@id\":\"https:\/\/radiolifefm.com.br\/noticias\/prefeitura-de-adamantina-anuncia-secretario-de-desenvolvimento-economico\/#primaryimage\"},\"thumbnailUrl\":\"https:\/\/radiolifefm.com.br\/noticias\/wp-content\/uploads\/2022\/03\/Foto.jpg\",\"datePublished\":\"2022-03-09T00:27:39+00:00\",\"dateModified\":\"2026-04-02T14:56:02+00:00\",\"breadcrumb\":{\"@id\":\"https:\/\/radiolifefm.com.br\/noticias\/prefeitura-de-adamantina-anuncia-secretario-de-desenvolvimento-economico\/#breadcrumb\"},\"inLanguage\":\"pt-BR\",\"potentialAction\":[{\"@type\":\"ReadAction\",\"target\":[\"https:\/\/radiolifefm.com.br\/noticias\/prefeitura-de-adamantina-anuncia-secretario-de-desenvolvimento-economico\/\"]}]},{\"@type\":\"ImageObject\",\"inLanguage\":\"pt-BR\",\"@id\":\"https:\/\/radiolifefm.com.br\/noticias\/prefeitura-de-adamantina-anuncia-secretario-de-desenvolvimento-economico\/#primaryimage\",\"url\":\"https:\/\/radiolifefm.com.br\/noticias\/wp-content\/uploads\/2022\/03\/Foto.jpg\",\"contentUrl\":\"https:\/\/radiolifefm.com.br\/noticias\/wp-content\/uploads\/2022\/03\/Foto.jpg\",\"width\":1893,\"height\":1273,\"caption\":\"Gustavo Andrade de Oliveira Souza, servidor p\u00fablico desde 2019, ser\u00e1 o respons\u00e1vel pela pasta\"},{\"@type\":\"BreadcrumbList\",\"@id\":\"https:\/\/radiolifefm.com.br\/noticias\/prefeitura-de-adamantina-anuncia-secretario-de-desenvolvimento-economico\/#breadcrumb\",\"itemListElement\":[{\"@type\":\"ListItem\",\"position\":1,\"name\":\"In\u00edcio\",\"item\":\"https:\/\/radiolifefm.com.br\/noticias\/\"},{\"@type\":\"ListItem\",\"position\":2,\"name\":\"Prefeitura de Adamantina anuncia secret\u00e1rio de Desenvolvimento Econ\u00f4mico\"}]},{\"@type\":\"WebSite\",\"@id\":\"https:\/\/radiolifefm.com.br\/noticias\/#website\",\"url\":\"https:\/\/radiolifefm.com.br\/noticias\/\",\"name\":\"R\u00e1dio Life FM\",\"description\":\"O Portal de Not\u00edcias de Adamantina\",\"publisher\":{\"@id\":\"https:\/\/radiolifefm.com.br\/noticias\/#organization\"},\"alternateName\":\"Life FM\",\"potentialAction\":[{\"@type\":\"SearchAction\",\"target\":{\"@type\":\"EntryPoint\",\"urlTemplate\":\"https:\/\/radiolifefm.com.br\/noticias\/?s={search_term_string}\"},\"query-input\":{\"@type\":\"PropertyValueSpecification\",\"valueRequired\":true,\"valueName\":\"search_term_string\"}}],\"inLanguage\":\"pt-BR\"},{\"@type\":\"Organization\",\"@id\":\"https:\/\/radiolifefm.com.br\/noticias\/#organization\",\"name\":\"R\u00e1dio Life FM\",\"alternateName\":\"Life FM\",\"url\":\"https:\/\/radiolifefm.com.br\/noticias\/\",\"logo\":{\"@type\":\"ImageObject\",\"inLanguage\":\"pt-BR\",\"@id\":\"https:\/\/radiolifefm.com.br\/noticias\/#\/schema\/logo\/image\/\",\"url\":\"https:\/\/static.radiolifefm.com.br\/noticias\/wp-content\/uploads\/2019\/10\/logo-lifefm.png\",\"contentUrl\":\"https:\/\/static.radiolifefm.com.br\/noticias\/wp-content\/uploads\/2019\/10\/logo-lifefm.png\",\"width\":196,\"height\":47,\"caption\":\"R\u00e1dio Life FM\"},\"image\":{\"@id\":\"https:\/\/radiolifefm.com.br\/noticias\/#\/schema\/logo\/image\/\"},\"sameAs\":[\"https:\/\/www.facebook.com\/radiolifefm\/\",\"https:\/\/www.instagram.com\/life1079fm\/\"]},{\"@type\":\"Person\",\"@id\":\"https:\/\/radiolifefm.com.br\/noticias\/#\/schema\/person\/6339b9fac59d12b071dec680d7375d87\",\"name\":\"ritanery\",\"image\":{\"@type\":\"ImageObject\",\"inLanguage\":\"pt-BR\",\"@id\":\"https:\/\/secure.gravatar.com\/avatar\/0e37bb19071f47c0b8a23f62a903df117c5a0e75f65a0c2901562f97cd41cf86?s=96&d=mm&r=g\",\"url\":\"https:\/\/secure.gravatar.com\/avatar\/0e37bb19071f47c0b8a23f62a903df117c5a0e75f65a0c2901562f97cd41cf86?s=96&d=mm&r=g\",\"contentUrl\":\"https:\/\/secure.gravatar.com\/avatar\/0e37bb19071f47c0b8a23f62a903df117c5a0e75f65a0c2901562f97cd41cf86?s=96&d=mm&r=g\",\"caption\":\"ritanery\"}}]}<\/script>\n<!-- \/ Yoast SEO plugin. -->","yoast_head_json":{"title":"Prefeitura de Adamantina anuncia secret\u00e1rio de Desenvolvimento Econ\u00f4mico - R\u00e1dio Life FM","robots":{"index":"index","follow":"follow","max-snippet":"max-snippet:-1","max-image-preview":"max-image-preview:large","max-video-preview":"max-video-preview:-1"},"canonical":"https:\/\/radiolifefm.com.br\/noticias\/prefeitura-de-adamantina-anuncia-secretario-de-desenvolvimento-economico\/","og_locale":"pt_BR","og_type":"article","og_title":"Prefeitura de Adamantina anuncia secret\u00e1rio de Desenvolvimento Econ\u00f4mico - R\u00e1dio Life FM","og_description":"Ap\u00f3s a cria\u00e7\u00e3o da Secretaria de Desenvolvimento, a Prefeitura de Adamantina escolheu o nome do chefe da pasta. Gustavo Andrade de Oliveira Souza, servidor p\u00fablico desde 2019, estar\u00e1 \u00e0 frente. &nbsp; O novo secret\u00e1rio possui ensino t\u00e9cnico em contabilidade pela ETEC, \u00e9 graduado em matem\u00e1tica pela UniFAI e atualmente est\u00e1 cursando p\u00f3s-gradua\u00e7\u00e3o em estat\u00edstica. Ele [&hellip;]","og_url":"https:\/\/radiolifefm.com.br\/noticias\/prefeitura-de-adamantina-anuncia-secretario-de-desenvolvimento-economico\/","og_site_name":"R\u00e1dio Life FM","article_publisher":"https:\/\/www.facebook.com\/radiolifefm\/","article_published_time":"2022-03-09T00:27:39+00:00","article_modified_time":"2026-04-02T14:56:02+00:00","og_image":[{"width":1893,"height":1273,"url":"https:\/\/radiolifefm.com.br\/noticias\/wp-content\/uploads\/2022\/03\/Foto.jpg","type":"image\/jpeg"}],"author":"ritanery","twitter_card":"summary_large_image","twitter_misc":{"Escrito por":"ritanery","Est. tempo de leitura":"2 minutos"},"schema":{"@context":"https:\/\/schema.org","@graph":[{"@type":"Article","@id":"https:\/\/radiolifefm.com.br\/noticias\/prefeitura-de-adamantina-anuncia-secretario-de-desenvolvimento-economico\/#article","isPartOf":{"@id":"https:\/\/radiolifefm.com.br\/noticias\/prefeitura-de-adamantina-anuncia-secretario-de-desenvolvimento-economico\/"},"author":{"name":"ritanery","@id":"https:\/\/radiolifefm.com.br\/noticias\/#\/schema\/person\/6339b9fac59d12b071dec680d7375d87"},"headline":"Prefeitura de Adamantina anuncia secret\u00e1rio de Desenvolvimento Econ\u00f4mico","datePublished":"2022-03-09T00:27:39+00:00","dateModified":"2026-04-02T14:56:02+00:00","mainEntityOfPage":{"@id":"https:\/\/radiolifefm.com.br\/noticias\/prefeitura-de-adamantina-anuncia-secretario-de-desenvolvimento-economico\/"},"wordCount":463,"publisher":{"@id":"https:\/\/radiolifefm.com.br\/noticias\/#organization"},"image":{"@id":"https:\/\/radiolifefm.com.br\/noticias\/prefeitura-de-adamantina-anuncia-secretario-de-desenvolvimento-economico\/#primaryimage"},"thumbnailUrl":"https:\/\/radiolifefm.com.br\/noticias\/wp-content\/uploads\/2022\/03\/Foto.jpg","articleSection":["Adamantina"],"inLanguage":"pt-BR"},{"@type":"WebPage","@id":"https:\/\/radiolifefm.com.br\/noticias\/prefeitura-de-adamantina-anuncia-secretario-de-desenvolvimento-economico\/","url":"https:\/\/radiolifefm.com.br\/noticias\/prefeitura-de-adamantina-anuncia-secretario-de-desenvolvimento-economico\/","name":"Prefeitura de Adamantina anuncia secret\u00e1rio de Desenvolvimento Econ\u00f4mico - R\u00e1dio Life FM","isPartOf":{"@id":"https:\/\/radiolifefm.com.br\/noticias\/#website"},"primaryImageOfPage":{"@id":"https:\/\/radiolifefm.com.br\/noticias\/prefeitura-de-adamantina-anuncia-secretario-de-desenvolvimento-economico\/#primaryimage"},"image":{"@id":"https:\/\/radiolifefm.com.br\/noticias\/prefeitura-de-adamantina-anuncia-secretario-de-desenvolvimento-economico\/#primaryimage"},"thumbnailUrl":"https:\/\/radiolifefm.com.br\/noticias\/wp-content\/uploads\/2022\/03\/Foto.jpg","datePublished":"2022-03-09T00:27:39+00:00","dateModified":"2026-04-02T14:56:02+00:00","breadcrumb":{"@id":"https:\/\/radiolifefm.com.br\/noticias\/prefeitura-de-adamantina-anuncia-secretario-de-desenvolvimento-economico\/#breadcrumb"},"inLanguage":"pt-BR","potentialAction":[{"@type":"ReadAction","target":["https:\/\/radiolifefm.com.br\/noticias\/prefeitura-de-adamantina-anuncia-secretario-de-desenvolvimento-economico\/"]}]},{"@type":"ImageObject","inLanguage":"pt-BR","@id":"https:\/\/radiolifefm.com.br\/noticias\/prefeitura-de-adamantina-anuncia-secretario-de-desenvolvimento-economico\/#primaryimage","url":"https:\/\/radiolifefm.com.br\/noticias\/wp-content\/uploads\/2022\/03\/Foto.jpg","contentUrl":"https:\/\/radiolifefm.com.br\/noticias\/wp-content\/uploads\/2022\/03\/Foto.jpg","width":1893,"height":1273,"caption":"Gustavo Andrade de Oliveira Souza, servidor p\u00fablico desde 2019, ser\u00e1 o respons\u00e1vel pela pasta"},{"@type":"BreadcrumbList","@id":"https:\/\/radiolifefm.com.br\/noticias\/prefeitura-de-adamantina-anuncia-secretario-de-desenvolvimento-economico\/#breadcrumb","itemListElement":[{"@type":"ListItem","position":1,"name":"In\u00edcio","item":"https:\/\/radiolifefm.com.br\/noticias\/"},{"@type":"ListItem","position":2,"name":"Prefeitura de Adamantina anuncia secret\u00e1rio de Desenvolvimento Econ\u00f4mico"}]},{"@type":"WebSite","@id":"https:\/\/radiolifefm.com.br\/noticias\/#website","url":"https:\/\/radiolifefm.com.br\/noticias\/","name":"R\u00e1dio Life FM","description":"O Portal de Not\u00edcias de Adamantina","publisher":{"@id":"https:\/\/radiolifefm.com.br\/noticias\/#organization"},"alternateName":"Life FM","potentialAction":[{"@type":"SearchAction","target":{"@type":"EntryPoint","urlTemplate":"https:\/\/radiolifefm.com.br\/noticias\/?s={search_term_string}"},"query-input":{"@type":"PropertyValueSpecification","valueRequired":true,"valueName":"search_term_string"}}],"inLanguage":"pt-BR"},{"@type":"Organization","@id":"https:\/\/radiolifefm.com.br\/noticias\/#organization","name":"R\u00e1dio Life FM","alternateName":"Life FM","url":"https:\/\/radiolifefm.com.br\/noticias\/","logo":{"@type":"ImageObject","inLanguage":"pt-BR","@id":"https:\/\/radiolifefm.com.br\/noticias\/#\/schema\/logo\/image\/","url":"https:\/\/static.radiolifefm.com.br\/noticias\/wp-content\/uploads\/2019\/10\/logo-lifefm.png","contentUrl":"https:\/\/static.radiolifefm.com.br\/noticias\/wp-content\/uploads\/2019\/10\/logo-lifefm.png","width":196,"height":47,"caption":"R\u00e1dio Life FM"},"image":{"@id":"https:\/\/radiolifefm.com.br\/noticias\/#\/schema\/logo\/image\/"},"sameAs":["https:\/\/www.facebook.com\/radiolifefm\/","https:\/\/www.instagram.com\/life1079fm\/"]},{"@type":"Person","@id":"https:\/\/radiolifefm.com.br\/noticias\/#\/schema\/person\/6339b9fac59d12b071dec680d7375d87","name":"ritanery","image":{"@type":"ImageObject","inLanguage":"pt-BR","@id":"https:\/\/secure.gravatar.com\/avatar\/0e37bb19071f47c0b8a23f62a903df117c5a0e75f65a0c2901562f97cd41cf86?s=96&d=mm&r=g","url":"https:\/\/secure.gravatar.com\/avatar\/0e37bb19071f47c0b8a23f62a903df117c5a0e75f65a0c2901562f97cd41cf86?s=96&d=mm&r=g","contentUrl":"https:\/\/secure.gravatar.com\/avatar\/0e37bb19071f47c0b8a23f62a903df117c5a0e75f65a0c2901562f97cd41cf86?s=96&d=mm&r=g","caption":"ritanery"}}]}},"amp_enabled":true,"_links":{"self":[{"href":"https:\/\/radiolifefm.com.br\/noticias\/wp-json\/wp\/v2\/posts\/50375","targetHints":{"allow":["GET"]}}],"collection":[{"href":"https:\/\/radiolifefm.com.br\/noticias\/wp-json\/wp\/v2\/posts"}],"about":[{"href":"https:\/\/radiolifefm.com.br\/noticias\/wp-json\/wp\/v2\/types\/post"}],"author":[{"embeddable":true,"href":"https:\/\/radiolifefm.com.br\/noticias\/wp-json\/wp\/v2\/users\/13"}],"replies":[{"embeddable":true,"href":"https:\/\/radiolifefm.com.br\/noticias\/wp-json\/wp\/v2\/comments?post=50375"}],"version-history":[{"count":2,"href":"https:\/\/radiolifefm.com.br\/noticias\/wp-json\/wp\/v2\/posts\/50375\/revisions"}],"predecessor-version":[{"id":50378,"href":"https:\/\/radiolifefm.com.br\/noticias\/wp-json\/wp\/v2\/posts\/50375\/revisions\/50378"}],"wp:featuredmedia":[{"embeddable":true,"href":"https:\/\/radiolifefm.com.br\/noticias\/wp-json\/wp\/v2\/media\/50376"}],"wp:attachment":[{"href":"https:\/\/radiolifefm.com.br\/noticias\/wp-json\/wp\/v2\/media?parent=50375"}],"wp:term":[{"taxonomy":"category","embeddable":true,"href":"https:\/\/radiolifefm.com.br\/noticias\/wp-json\/wp\/v2\/categories?post=50375"},{"taxonomy":"post_tag","embeddable":true,"href":"https:\/\/radiolifefm.com.br\/noticias\/wp-json\/wp\/v2\/tags?post=50375"}],"curies":[{"name":"wp","href":"https:\/\/api.w.org\/{rel}","templated":true}]}}