{"id":50325,"date":"2022-03-08T15:49:06","date_gmt":"2022-03-08T18:49:06","guid":{"rendered":"https:\/\/radiolifefm.com.br\/noticias\/?p=50325"},"modified":"2026-03-21T06:02:56","modified_gmt":"2026-03-21T09:02:56","slug":"o-empreendedorismo-feminino-foi-destaque-na-primeira-noite-do-glamour-mulher-2022","status":"publish","type":"post","link":"https:\/\/radiolifefm.com.br\/noticias\/o-empreendedorismo-feminino-foi-destaque-na-primeira-noite-do-glamour-mulher-2022\/","title":{"rendered":"O empreendedorismo feminino foi destaque na primeira noite do  Glamour Mulher 2022"},"content":{"rendered":"<div id=\"fb-root\"><\/div>\n<p>O evento Glamour Mulher 2022 promovido pela R\u00e1dio Life FM em parceria com a UNIFAI com apoio da R\u00e1dio Cultura FM teve estreia na noite de segunda 07\/03 no audit\u00f3rio Miguel Reale no Campus II da Unifai.<\/p>\n<p>&nbsp;<\/p>\n<p>O p\u00fablico esteve presente prestigiando o evento que trouxe a tema o &#8220;Empreendedorismo feminino&#8221;\u00a0 conduzido pelos cursos de administra\u00e7\u00e3o e ci\u00eancias cont\u00e1beis.<\/p>\n<p>&nbsp;<\/p>\n<p>As Alunas Giovanna Tonial e Gabriele Neves conduziram as perguntas para as convidas da noite, Zil Silva, coordenadora administrativa financeira do Sicredi e a Let\u00edcia Veloso, gerente comercial da Via Japan Toyota, concession\u00e1ria de Adamantina.<\/p>\n<div class='flex flex-wrap items-center -mx-1'>\r\n<a class='thumbnail gallery p-1 w-1\/2 md:w-1\/4' href='https:\/\/radiolifefm.com.br\/noticias\/wp-content\/uploads\/2022\/03\/WhatsApp-Image-2022-03-08-at-15.13.35-1.jpeg'><img class='border border-white' src='https:\/\/radiolifefm.com.br\/noticias\/wp-content\/uploads\/2022\/03\/WhatsApp-Image-2022-03-08-at-15.13.35-1-200x200.jpeg' alt='WhatsApp Image 2022 03 08 At 15.13.35 (1)' \/><\/a><a class='thumbnail gallery p-1 w-1\/2 md:w-1\/4' href='https:\/\/radiolifefm.com.br\/noticias\/wp-content\/uploads\/2022\/03\/WhatsApp-Image-2022-03-08-at-15.13.35-2.jpeg'><img class='border border-white' src='https:\/\/radiolifefm.com.br\/noticias\/wp-content\/uploads\/2022\/03\/WhatsApp-Image-2022-03-08-at-15.13.35-2-200x200.jpeg' alt='WhatsApp Image 2022 03 08 At 15.13.35 (2)' \/><\/a><a class='thumbnail gallery p-1 w-1\/2 md:w-1\/4' href='https:\/\/radiolifefm.com.br\/noticias\/wp-content\/uploads\/2022\/03\/WhatsApp-Image-2022-03-08-at-15.13.36.jpeg'><img class='border border-white' src='https:\/\/radiolifefm.com.br\/noticias\/wp-content\/uploads\/2022\/03\/WhatsApp-Image-2022-03-08-at-15.13.36-200x200.jpeg' alt='WhatsApp Image 2022 03 08 At 15.13.36' \/><\/a><a class='thumbnail gallery p-1 w-1\/2 md:w-1\/4' href='https:\/\/radiolifefm.com.br\/noticias\/wp-content\/uploads\/2022\/03\/WhatsApp-Image-2022-03-08-at-15.14.18.jpeg'><img class='border border-white' src='https:\/\/radiolifefm.com.br\/noticias\/wp-content\/uploads\/2022\/03\/WhatsApp-Image-2022-03-08-at-15.14.18-200x200.jpeg' alt='WhatsApp Image 2022 03 08 At 15.14.18' \/><\/a><a class='thumbnail gallery p-1 w-1\/2 md:w-1\/4' href='https:\/\/radiolifefm.com.br\/noticias\/wp-content\/uploads\/2022\/03\/WhatsApp-Image-2022-03-08-at-15.16.47.jpeg'><img class='border border-white' src='https:\/\/radiolifefm.com.br\/noticias\/wp-content\/uploads\/2022\/03\/WhatsApp-Image-2022-03-08-at-15.16.47-200x200.jpeg' alt='WhatsApp Image 2022 03 08 At 15.16.47' \/><\/a><a class='thumbnail gallery p-1 w-1\/2 md:w-1\/4' href='https:\/\/radiolifefm.com.br\/noticias\/wp-content\/uploads\/2022\/03\/WhatsApp-Image-2022-03-08-at-15.20.23.jpeg'><img class='border border-white' src='https:\/\/radiolifefm.com.br\/noticias\/wp-content\/uploads\/2022\/03\/WhatsApp-Image-2022-03-08-at-15.20.23-200x200.jpeg' alt='WhatsApp Image 2022 03 08 At 15.20.23' \/><\/a><a class='thumbnail gallery p-1 w-1\/2 md:w-1\/4' href='https:\/\/radiolifefm.com.br\/noticias\/wp-content\/uploads\/2022\/03\/WhatsApp-Image-2022-03-08-at-15.20.24-1.jpeg'><img class='border border-white' src='https:\/\/radiolifefm.com.br\/noticias\/wp-content\/uploads\/2022\/03\/WhatsApp-Image-2022-03-08-at-15.20.24-1-200x200.jpeg' alt='WhatsApp Image 2022 03 08 At 15.20.24 (1)' \/><\/a><a class='thumbnail gallery p-1 w-1\/2 md:w-1\/4' href='https:\/\/radiolifefm.com.br\/noticias\/wp-content\/uploads\/2022\/03\/WhatsApp-Image-2022-03-08-at-15.20.24-2.jpeg'><img class='border border-white' src='https:\/\/radiolifefm.com.br\/noticias\/wp-content\/uploads\/2022\/03\/WhatsApp-Image-2022-03-08-at-15.20.24-2-200x200.jpeg' alt='WhatsApp Image 2022 03 08 At 15.20.24 (2)' \/><\/a><\/div>\n<p>Assista a primeira noite do evento Glamour Mulher 2022<\/p>\n<p>Acesse o link abaixo e assista.<br \/>\n<a href=\"https:\/\/www.facebook.com\/radiolifefm\/videos\/938496823482896\">https:\/\/www.facebook.com\/radiolifefm\/videos\/938496823482896<\/a><\/p>\n<p>&nbsp;<\/p>\n","protected":false},"excerpt":{"rendered":"<p>O evento Glamour Mulher 2022 promovido pela R\u00e1dio Life FM em parceria com a UNIFAI com apoio da R\u00e1dio Cultura FM teve estreia na noite de segunda 07\/03 no audit\u00f3rio Miguel Reale no Campus II da Unifai. &nbsp; O p\u00fablico esteve presente prestigiando o evento que trouxe a tema o &#8220;Empreendedorismo feminino&#8221;\u00a0 conduzido pelos cursos [&hellip;]<\/p>\n","protected":false},"author":13,"featured_media":50326,"comment_status":"closed","ping_status":"open","sticky":false,"template":"","format":"standard","meta":{"_acf_changed":false,"_exactmetrics_skip_tracking":false,"_exactmetrics_sitenote_active":false,"_exactmetrics_sitenote_note":"","_exactmetrics_sitenote_category":0,"footnotes":""},"categories":[21],"tags":[],"class_list":["post-50325","post","type-post","status-publish","format-standard","has-post-thumbnail","hentry","category-adamantina"],"acf":[],"yoast_head":"<!-- This site is optimized with the Yoast SEO plugin v27.2 - https:\/\/yoast.com\/product\/yoast-seo-wordpress\/ -->\n<title>O empreendedorismo feminino foi destaque na primeira noite do Glamour Mulher 2022 - R\u00e1dio Life FM<\/title>\n<meta name=\"robots\" content=\"index, follow, max-snippet:-1, max-image-preview:large, max-video-preview:-1\" \/>\n<link rel=\"canonical\" href=\"https:\/\/radiolifefm.com.br\/noticias\/o-empreendedorismo-feminino-foi-destaque-na-primeira-noite-do-glamour-mulher-2022\/\" \/>\n<meta property=\"og:locale\" content=\"pt_BR\" \/>\n<meta property=\"og:type\" content=\"article\" \/>\n<meta property=\"og:title\" content=\"O empreendedorismo feminino foi destaque na primeira noite do Glamour Mulher 2022 - R\u00e1dio Life FM\" \/>\n<meta property=\"og:description\" content=\"O evento Glamour Mulher 2022 promovido pela R\u00e1dio Life FM em parceria com a UNIFAI com apoio da R\u00e1dio Cultura FM teve estreia na noite de segunda 07\/03 no audit\u00f3rio Miguel Reale no Campus II da Unifai. &nbsp; O p\u00fablico esteve presente prestigiando o evento que trouxe a tema o &#8220;Empreendedorismo feminino&#8221;\u00a0 conduzido pelos cursos [&hellip;]\" \/>\n<meta property=\"og:url\" content=\"https:\/\/radiolifefm.com.br\/noticias\/o-empreendedorismo-feminino-foi-destaque-na-primeira-noite-do-glamour-mulher-2022\/\" \/>\n<meta property=\"og:site_name\" content=\"R\u00e1dio Life FM\" \/>\n<meta property=\"article:publisher\" content=\"https:\/\/www.facebook.com\/radiolifefm\/\" \/>\n<meta property=\"article:published_time\" content=\"2022-03-08T18:49:06+00:00\" \/>\n<meta property=\"article:modified_time\" content=\"2026-03-21T09:02:56+00:00\" \/>\n<meta property=\"og:image\" content=\"https:\/\/radiolifefm.com.br\/noticias\/wp-content\/uploads\/2022\/03\/WhatsApp-Image-2022-03-08-at-15.13.35.jpeg\" \/>\n\t<meta property=\"og:image:width\" content=\"1280\" \/>\n\t<meta property=\"og:image:height\" content=\"853\" \/>\n\t<meta property=\"og:image:type\" content=\"image\/jpeg\" \/>\n<meta name=\"author\" content=\"ritanery\" \/>\n<meta name=\"twitter:card\" content=\"summary_large_image\" \/>\n<meta name=\"twitter:label1\" content=\"Escrito por\" \/>\n\t<meta name=\"twitter:data1\" content=\"ritanery\" \/>\n\t<meta name=\"twitter:label2\" content=\"Est. tempo de leitura\" \/>\n\t<meta name=\"twitter:data2\" content=\"1 minuto\" \/>\n<script type=\"application\/ld+json\" class=\"yoast-schema-graph\">{\"@context\":\"https:\/\/schema.org\",\"@graph\":[{\"@type\":\"Article\",\"@id\":\"https:\/\/radiolifefm.com.br\/noticias\/o-empreendedorismo-feminino-foi-destaque-na-primeira-noite-do-glamour-mulher-2022\/#article\",\"isPartOf\":{\"@id\":\"https:\/\/radiolifefm.com.br\/noticias\/o-empreendedorismo-feminino-foi-destaque-na-primeira-noite-do-glamour-mulher-2022\/\"},\"author\":{\"name\":\"ritanery\",\"@id\":\"https:\/\/radiolifefm.com.br\/noticias\/#\/schema\/person\/6339b9fac59d12b071dec680d7375d87\"},\"headline\":\"O empreendedorismo feminino foi destaque na primeira noite do Glamour Mulher 2022\",\"datePublished\":\"2022-03-08T18:49:06+00:00\",\"dateModified\":\"2026-03-21T09:02:56+00:00\",\"mainEntityOfPage\":{\"@id\":\"https:\/\/radiolifefm.com.br\/noticias\/o-empreendedorismo-feminino-foi-destaque-na-primeira-noite-do-glamour-mulher-2022\/\"},\"wordCount\":138,\"publisher\":{\"@id\":\"https:\/\/radiolifefm.com.br\/noticias\/#organization\"},\"image\":{\"@id\":\"https:\/\/radiolifefm.com.br\/noticias\/o-empreendedorismo-feminino-foi-destaque-na-primeira-noite-do-glamour-mulher-2022\/#primaryimage\"},\"thumbnailUrl\":\"https:\/\/radiolifefm.com.br\/noticias\/wp-content\/uploads\/2022\/03\/WhatsApp-Image-2022-03-08-at-15.13.35.jpeg\",\"articleSection\":[\"Adamantina\"],\"inLanguage\":\"pt-BR\"},{\"@type\":\"WebPage\",\"@id\":\"https:\/\/radiolifefm.com.br\/noticias\/o-empreendedorismo-feminino-foi-destaque-na-primeira-noite-do-glamour-mulher-2022\/\",\"url\":\"https:\/\/radiolifefm.com.br\/noticias\/o-empreendedorismo-feminino-foi-destaque-na-primeira-noite-do-glamour-mulher-2022\/\",\"name\":\"O empreendedorismo feminino foi destaque na primeira noite do Glamour Mulher 2022 - R\u00e1dio Life FM\",\"isPartOf\":{\"@id\":\"https:\/\/radiolifefm.com.br\/noticias\/#website\"},\"primaryImageOfPage\":{\"@id\":\"https:\/\/radiolifefm.com.br\/noticias\/o-empreendedorismo-feminino-foi-destaque-na-primeira-noite-do-glamour-mulher-2022\/#primaryimage\"},\"image\":{\"@id\":\"https:\/\/radiolifefm.com.br\/noticias\/o-empreendedorismo-feminino-foi-destaque-na-primeira-noite-do-glamour-mulher-2022\/#primaryimage\"},\"thumbnailUrl\":\"https:\/\/radiolifefm.com.br\/noticias\/wp-content\/uploads\/2022\/03\/WhatsApp-Image-2022-03-08-at-15.13.35.jpeg\",\"datePublished\":\"2022-03-08T18:49:06+00:00\",\"dateModified\":\"2026-03-21T09:02:56+00:00\",\"breadcrumb\":{\"@id\":\"https:\/\/radiolifefm.com.br\/noticias\/o-empreendedorismo-feminino-foi-destaque-na-primeira-noite-do-glamour-mulher-2022\/#breadcrumb\"},\"inLanguage\":\"pt-BR\",\"potentialAction\":[{\"@type\":\"ReadAction\",\"target\":[\"https:\/\/radiolifefm.com.br\/noticias\/o-empreendedorismo-feminino-foi-destaque-na-primeira-noite-do-glamour-mulher-2022\/\"]}]},{\"@type\":\"ImageObject\",\"inLanguage\":\"pt-BR\",\"@id\":\"https:\/\/radiolifefm.com.br\/noticias\/o-empreendedorismo-feminino-foi-destaque-na-primeira-noite-do-glamour-mulher-2022\/#primaryimage\",\"url\":\"https:\/\/radiolifefm.com.br\/noticias\/wp-content\/uploads\/2022\/03\/WhatsApp-Image-2022-03-08-at-15.13.35.jpeg\",\"contentUrl\":\"https:\/\/radiolifefm.com.br\/noticias\/wp-content\/uploads\/2022\/03\/WhatsApp-Image-2022-03-08-at-15.13.35.jpeg\",\"width\":1280,\"height\":853},{\"@type\":\"BreadcrumbList\",\"@id\":\"https:\/\/radiolifefm.com.br\/noticias\/o-empreendedorismo-feminino-foi-destaque-na-primeira-noite-do-glamour-mulher-2022\/#breadcrumb\",\"itemListElement\":[{\"@type\":\"ListItem\",\"position\":1,\"name\":\"In\u00edcio\",\"item\":\"https:\/\/radiolifefm.com.br\/noticias\/\"},{\"@type\":\"ListItem\",\"position\":2,\"name\":\"O empreendedorismo feminino foi destaque na primeira noite do Glamour Mulher 2022\"}]},{\"@type\":\"WebSite\",\"@id\":\"https:\/\/radiolifefm.com.br\/noticias\/#website\",\"url\":\"https:\/\/radiolifefm.com.br\/noticias\/\",\"name\":\"R\u00e1dio Life FM\",\"description\":\"O Portal de Not\u00edcias de Adamantina\",\"publisher\":{\"@id\":\"https:\/\/radiolifefm.com.br\/noticias\/#organization\"},\"alternateName\":\"Life FM\",\"potentialAction\":[{\"@type\":\"SearchAction\",\"target\":{\"@type\":\"EntryPoint\",\"urlTemplate\":\"https:\/\/radiolifefm.com.br\/noticias\/?s={search_term_string}\"},\"query-input\":{\"@type\":\"PropertyValueSpecification\",\"valueRequired\":true,\"valueName\":\"search_term_string\"}}],\"inLanguage\":\"pt-BR\"},{\"@type\":\"Organization\",\"@id\":\"https:\/\/radiolifefm.com.br\/noticias\/#organization\",\"name\":\"R\u00e1dio Life FM\",\"alternateName\":\"Life FM\",\"url\":\"https:\/\/radiolifefm.com.br\/noticias\/\",\"logo\":{\"@type\":\"ImageObject\",\"inLanguage\":\"pt-BR\",\"@id\":\"https:\/\/radiolifefm.com.br\/noticias\/#\/schema\/logo\/image\/\",\"url\":\"https:\/\/static.radiolifefm.com.br\/noticias\/wp-content\/uploads\/2019\/10\/logo-lifefm.png\",\"contentUrl\":\"https:\/\/static.radiolifefm.com.br\/noticias\/wp-content\/uploads\/2019\/10\/logo-lifefm.png\",\"width\":196,\"height\":47,\"caption\":\"R\u00e1dio Life FM\"},\"image\":{\"@id\":\"https:\/\/radiolifefm.com.br\/noticias\/#\/schema\/logo\/image\/\"},\"sameAs\":[\"https:\/\/www.facebook.com\/radiolifefm\/\",\"https:\/\/www.instagram.com\/life1079fm\/\"]},{\"@type\":\"Person\",\"@id\":\"https:\/\/radiolifefm.com.br\/noticias\/#\/schema\/person\/6339b9fac59d12b071dec680d7375d87\",\"name\":\"ritanery\",\"image\":{\"@type\":\"ImageObject\",\"inLanguage\":\"pt-BR\",\"@id\":\"https:\/\/secure.gravatar.com\/avatar\/0e37bb19071f47c0b8a23f62a903df117c5a0e75f65a0c2901562f97cd41cf86?s=96&d=mm&r=g\",\"url\":\"https:\/\/secure.gravatar.com\/avatar\/0e37bb19071f47c0b8a23f62a903df117c5a0e75f65a0c2901562f97cd41cf86?s=96&d=mm&r=g\",\"contentUrl\":\"https:\/\/secure.gravatar.com\/avatar\/0e37bb19071f47c0b8a23f62a903df117c5a0e75f65a0c2901562f97cd41cf86?s=96&d=mm&r=g\",\"caption\":\"ritanery\"}}]}<\/script>\n<!-- \/ Yoast SEO plugin. -->","yoast_head_json":{"title":"O empreendedorismo feminino foi destaque na primeira noite do Glamour Mulher 2022 - R\u00e1dio Life FM","robots":{"index":"index","follow":"follow","max-snippet":"max-snippet:-1","max-image-preview":"max-image-preview:large","max-video-preview":"max-video-preview:-1"},"canonical":"https:\/\/radiolifefm.com.br\/noticias\/o-empreendedorismo-feminino-foi-destaque-na-primeira-noite-do-glamour-mulher-2022\/","og_locale":"pt_BR","og_type":"article","og_title":"O empreendedorismo feminino foi destaque na primeira noite do Glamour Mulher 2022 - R\u00e1dio Life FM","og_description":"O evento Glamour Mulher 2022 promovido pela R\u00e1dio Life FM em parceria com a UNIFAI com apoio da R\u00e1dio Cultura FM teve estreia na noite de segunda 07\/03 no audit\u00f3rio Miguel Reale no Campus II da Unifai. &nbsp; O p\u00fablico esteve presente prestigiando o evento que trouxe a tema o &#8220;Empreendedorismo feminino&#8221;\u00a0 conduzido pelos cursos [&hellip;]","og_url":"https:\/\/radiolifefm.com.br\/noticias\/o-empreendedorismo-feminino-foi-destaque-na-primeira-noite-do-glamour-mulher-2022\/","og_site_name":"R\u00e1dio Life FM","article_publisher":"https:\/\/www.facebook.com\/radiolifefm\/","article_published_time":"2022-03-08T18:49:06+00:00","article_modified_time":"2026-03-21T09:02:56+00:00","og_image":[{"width":1280,"height":853,"url":"https:\/\/radiolifefm.com.br\/noticias\/wp-content\/uploads\/2022\/03\/WhatsApp-Image-2022-03-08-at-15.13.35.jpeg","type":"image\/jpeg"}],"author":"ritanery","twitter_card":"summary_large_image","twitter_misc":{"Escrito por":"ritanery","Est. tempo de leitura":"1 minuto"},"schema":{"@context":"https:\/\/schema.org","@graph":[{"@type":"Article","@id":"https:\/\/radiolifefm.com.br\/noticias\/o-empreendedorismo-feminino-foi-destaque-na-primeira-noite-do-glamour-mulher-2022\/#article","isPartOf":{"@id":"https:\/\/radiolifefm.com.br\/noticias\/o-empreendedorismo-feminino-foi-destaque-na-primeira-noite-do-glamour-mulher-2022\/"},"author":{"name":"ritanery","@id":"https:\/\/radiolifefm.com.br\/noticias\/#\/schema\/person\/6339b9fac59d12b071dec680d7375d87"},"headline":"O empreendedorismo feminino foi destaque na primeira noite do Glamour Mulher 2022","datePublished":"2022-03-08T18:49:06+00:00","dateModified":"2026-03-21T09:02:56+00:00","mainEntityOfPage":{"@id":"https:\/\/radiolifefm.com.br\/noticias\/o-empreendedorismo-feminino-foi-destaque-na-primeira-noite-do-glamour-mulher-2022\/"},"wordCount":138,"publisher":{"@id":"https:\/\/radiolifefm.com.br\/noticias\/#organization"},"image":{"@id":"https:\/\/radiolifefm.com.br\/noticias\/o-empreendedorismo-feminino-foi-destaque-na-primeira-noite-do-glamour-mulher-2022\/#primaryimage"},"thumbnailUrl":"https:\/\/radiolifefm.com.br\/noticias\/wp-content\/uploads\/2022\/03\/WhatsApp-Image-2022-03-08-at-15.13.35.jpeg","articleSection":["Adamantina"],"inLanguage":"pt-BR"},{"@type":"WebPage","@id":"https:\/\/radiolifefm.com.br\/noticias\/o-empreendedorismo-feminino-foi-destaque-na-primeira-noite-do-glamour-mulher-2022\/","url":"https:\/\/radiolifefm.com.br\/noticias\/o-empreendedorismo-feminino-foi-destaque-na-primeira-noite-do-glamour-mulher-2022\/","name":"O empreendedorismo feminino foi destaque na primeira noite do Glamour Mulher 2022 - R\u00e1dio Life FM","isPartOf":{"@id":"https:\/\/radiolifefm.com.br\/noticias\/#website"},"primaryImageOfPage":{"@id":"https:\/\/radiolifefm.com.br\/noticias\/o-empreendedorismo-feminino-foi-destaque-na-primeira-noite-do-glamour-mulher-2022\/#primaryimage"},"image":{"@id":"https:\/\/radiolifefm.com.br\/noticias\/o-empreendedorismo-feminino-foi-destaque-na-primeira-noite-do-glamour-mulher-2022\/#primaryimage"},"thumbnailUrl":"https:\/\/radiolifefm.com.br\/noticias\/wp-content\/uploads\/2022\/03\/WhatsApp-Image-2022-03-08-at-15.13.35.jpeg","datePublished":"2022-03-08T18:49:06+00:00","dateModified":"2026-03-21T09:02:56+00:00","breadcrumb":{"@id":"https:\/\/radiolifefm.com.br\/noticias\/o-empreendedorismo-feminino-foi-destaque-na-primeira-noite-do-glamour-mulher-2022\/#breadcrumb"},"inLanguage":"pt-BR","potentialAction":[{"@type":"ReadAction","target":["https:\/\/radiolifefm.com.br\/noticias\/o-empreendedorismo-feminino-foi-destaque-na-primeira-noite-do-glamour-mulher-2022\/"]}]},{"@type":"ImageObject","inLanguage":"pt-BR","@id":"https:\/\/radiolifefm.com.br\/noticias\/o-empreendedorismo-feminino-foi-destaque-na-primeira-noite-do-glamour-mulher-2022\/#primaryimage","url":"https:\/\/radiolifefm.com.br\/noticias\/wp-content\/uploads\/2022\/03\/WhatsApp-Image-2022-03-08-at-15.13.35.jpeg","contentUrl":"https:\/\/radiolifefm.com.br\/noticias\/wp-content\/uploads\/2022\/03\/WhatsApp-Image-2022-03-08-at-15.13.35.jpeg","width":1280,"height":853},{"@type":"BreadcrumbList","@id":"https:\/\/radiolifefm.com.br\/noticias\/o-empreendedorismo-feminino-foi-destaque-na-primeira-noite-do-glamour-mulher-2022\/#breadcrumb","itemListElement":[{"@type":"ListItem","position":1,"name":"In\u00edcio","item":"https:\/\/radiolifefm.com.br\/noticias\/"},{"@type":"ListItem","position":2,"name":"O empreendedorismo feminino foi destaque na primeira noite do Glamour Mulher 2022"}]},{"@type":"WebSite","@id":"https:\/\/radiolifefm.com.br\/noticias\/#website","url":"https:\/\/radiolifefm.com.br\/noticias\/","name":"R\u00e1dio Life FM","description":"O Portal de Not\u00edcias de Adamantina","publisher":{"@id":"https:\/\/radiolifefm.com.br\/noticias\/#organization"},"alternateName":"Life FM","potentialAction":[{"@type":"SearchAction","target":{"@type":"EntryPoint","urlTemplate":"https:\/\/radiolifefm.com.br\/noticias\/?s={search_term_string}"},"query-input":{"@type":"PropertyValueSpecification","valueRequired":true,"valueName":"search_term_string"}}],"inLanguage":"pt-BR"},{"@type":"Organization","@id":"https:\/\/radiolifefm.com.br\/noticias\/#organization","name":"R\u00e1dio Life FM","alternateName":"Life FM","url":"https:\/\/radiolifefm.com.br\/noticias\/","logo":{"@type":"ImageObject","inLanguage":"pt-BR","@id":"https:\/\/radiolifefm.com.br\/noticias\/#\/schema\/logo\/image\/","url":"https:\/\/static.radiolifefm.com.br\/noticias\/wp-content\/uploads\/2019\/10\/logo-lifefm.png","contentUrl":"https:\/\/static.radiolifefm.com.br\/noticias\/wp-content\/uploads\/2019\/10\/logo-lifefm.png","width":196,"height":47,"caption":"R\u00e1dio Life FM"},"image":{"@id":"https:\/\/radiolifefm.com.br\/noticias\/#\/schema\/logo\/image\/"},"sameAs":["https:\/\/www.facebook.com\/radiolifefm\/","https:\/\/www.instagram.com\/life1079fm\/"]},{"@type":"Person","@id":"https:\/\/radiolifefm.com.br\/noticias\/#\/schema\/person\/6339b9fac59d12b071dec680d7375d87","name":"ritanery","image":{"@type":"ImageObject","inLanguage":"pt-BR","@id":"https:\/\/secure.gravatar.com\/avatar\/0e37bb19071f47c0b8a23f62a903df117c5a0e75f65a0c2901562f97cd41cf86?s=96&d=mm&r=g","url":"https:\/\/secure.gravatar.com\/avatar\/0e37bb19071f47c0b8a23f62a903df117c5a0e75f65a0c2901562f97cd41cf86?s=96&d=mm&r=g","contentUrl":"https:\/\/secure.gravatar.com\/avatar\/0e37bb19071f47c0b8a23f62a903df117c5a0e75f65a0c2901562f97cd41cf86?s=96&d=mm&r=g","caption":"ritanery"}}]}},"amp_enabled":true,"_links":{"self":[{"href":"https:\/\/radiolifefm.com.br\/noticias\/wp-json\/wp\/v2\/posts\/50325","targetHints":{"allow":["GET"]}}],"collection":[{"href":"https:\/\/radiolifefm.com.br\/noticias\/wp-json\/wp\/v2\/posts"}],"about":[{"href":"https:\/\/radiolifefm.com.br\/noticias\/wp-json\/wp\/v2\/types\/post"}],"author":[{"embeddable":true,"href":"https:\/\/radiolifefm.com.br\/noticias\/wp-json\/wp\/v2\/users\/13"}],"replies":[{"embeddable":true,"href":"https:\/\/radiolifefm.com.br\/noticias\/wp-json\/wp\/v2\/comments?post=50325"}],"version-history":[{"count":5,"href":"https:\/\/radiolifefm.com.br\/noticias\/wp-json\/wp\/v2\/posts\/50325\/revisions"}],"predecessor-version":[{"id":50341,"href":"https:\/\/radiolifefm.com.br\/noticias\/wp-json\/wp\/v2\/posts\/50325\/revisions\/50341"}],"wp:featuredmedia":[{"embeddable":true,"href":"https:\/\/radiolifefm.com.br\/noticias\/wp-json\/wp\/v2\/media\/50326"}],"wp:attachment":[{"href":"https:\/\/radiolifefm.com.br\/noticias\/wp-json\/wp\/v2\/media?parent=50325"}],"wp:term":[{"taxonomy":"category","embeddable":true,"href":"https:\/\/radiolifefm.com.br\/noticias\/wp-json\/wp\/v2\/categories?post=50325"},{"taxonomy":"post_tag","embeddable":true,"href":"https:\/\/radiolifefm.com.br\/noticias\/wp-json\/wp\/v2\/tags?post=50325"}],"curies":[{"name":"wp","href":"https:\/\/api.w.org\/{rel}","templated":true}]}}