{"id":50256,"date":"2022-03-07T08:00:16","date_gmt":"2022-03-07T11:00:16","guid":{"rendered":"https:\/\/radiolifefm.com.br\/noticias\/?p=50256"},"modified":"2026-02-04T10:40:17","modified_gmt":"2026-02-04T13:40:17","slug":"na-espera-da-nomeacao-da-cabidaria-provinciana","status":"publish","type":"post","link":"https:\/\/radiolifefm.com.br\/noticias\/na-espera-da-nomeacao-da-cabidaria-provinciana\/","title":{"rendered":"Na espera da nomea\u00e7\u00e3o da \u201cCABIDARIA\u201d provinciana&#8230;"},"content":{"rendered":"<div id=\"fb-root\"><\/div>\n<p><strong><em>\u00a0\u201cO que \u00e9 um cabide de emprego?<\/em><\/strong><\/p>\n<p><strong><em>Quantas vezes voc\u00ea j\u00e1 ouviu algu\u00e9m falando que determinada empresa estatal \u00e9 um \u201ccabide de emprego\u201d? A express\u00e3o \u00e9 muito utilizada quando se pensa em nepotismo (empregar parentes), indica\u00e7\u00f5es pol\u00edticas e ocupa\u00e7\u00e3o de cargos por \u201capadrinhados\u201d em alguns setores ou empresas inteiras.\u201d (<\/em><\/strong><strong><em>https:\/\/sintec-rs.com.br in 2\/3\/2022<\/em><\/strong><strong><em>)<\/em><\/strong><\/p>\n<p><strong>S\u00e9rgio Barbosa (*)<\/strong><\/p>\n<p>Uma pergunta que n\u00e3o quer calar, ou seja, E A TAL CABIDARIA do BO.DO.QUIO PROVINCIANO\u00a0 e sua turma de ALOPRADOS\/AS?<\/p>\n<p>Diversos RUIDOS circulam pelas ruas e esquinas provincianas desde a tal aprova\u00e7\u00e3o pela MAIORIA dos representantes da popula\u00e7\u00e3o daquela SECRETARIA que pode ser a SALVA\u00c7\u00c3O para a PROV\u00cdNCIA DO FAZ DE CONTA em tempo de PANDEMIA&#8230;<\/p>\n<p>Acredito que este SIL\u00caNCIO deve ser de prop\u00f3sito, ou seja, daqui a pouco esquece-se o DITO PELO N\u00c3O DITO, tal qual naquele outro tempo do PIN\u00d3QUIO PROVINCIANO com suas PROMESSAS a perder de vista&#8230;<\/p>\n<p>Por\u00e9m, pode-se que a qualquer momento, ainda, sem mais e com muito menos, ocorra a NOMEA\u00c7\u00c3O do tal SECRET\u00c1RIO, portanto, os\/as PROVINCIANOS\/AS n\u00e3o perdem por esperar quanto aos DESENCONTROS patrocinados pelo PODER em nome do PODER com o PODER&#8230;<\/p>\n<p>Em tempo de DESGOVERNO BOZZONARO com seus COISOS com COISAS, bem como, apoio das MENTES MED\u00cdOCRES que circulam nos quatro ou mais cantos desta PROV\u00cdNCIA DO FAZ DE CONTA, n\u00e3o se pode esperar NADA DE NADA&#8230;<\/p>\n<p>O tempo est\u00e1 correndo contra tudo e todos\/as com a PANDEMIA, assim, espera-se que o PODER P\u00daBLICO possa fazer a sua parte de um jeito ou de outro quanto a PREVEN\u00c7\u00c3O por meio da FISCALIZA\u00c7\u00c3O nesta PROV\u00cdNCIA DO FAZ DE CONTA&#8230;<\/p>\n<p>Depois, quem acaba PAGANDO A CONTA por causa destes DESENCONTROS mediados pelas MENTES MED\u00cdOCRES que continuam circulando deste e do outro lado, acaba sendo o lado da ECONOMIA e assim por diante&#8230;<\/p>\n<p>Outra COISA (sic), com o retorno das AULAS nas institui\u00e7\u00f5es de ensino em geral, deve-se considerar que TODO CUIDADO \u00c9 POUCO com a movimenta\u00e7\u00e3o nestas \u00e1reas, todavia, vale refor\u00e7ar a m\u00e1xima de sempre, a saber: \u00c9 MELHOR PREVENIR DO QUE REMEDIAR&#8230;<\/p>\n<p>O cen\u00e1rio continua um tanto quanto complicado para todas as \u00e1reas do MERCADO em n\u00edvel GLOCAL, ou seja, do GLOBAL para o LOCAL, tendo em vista que est\u00e1 ocorrendo do outro lado do mundo um CONFLITO ARMADO, portanto, SE VOC\u00ca PENSA QUE T\u00c1 RUIM, PODE PIORAR&#8230;<\/p>\n<p>De volta para a PROV\u00cdNCIA DO FAZ DE CONTA, considerando que o BO.DO.QUIO (BOZZO+DORIA+PIN\u00d3QUIO) est\u00e1 se movimentando em nome das eternas TROCAS NADA SIMB\u00d3LICAS por causa disto e daquilo&#8230;<\/p>\n<p>Apenas a UNI\u00c3O PODE FAZER A FOR\u00c7A frente aos DESMANDOS que ocorrem em terras provincianas, tendo em vista que os PROBLEMAS continuam quase sempre os mesmos e desde o PRIMEIRO MANDATO&#8230;<\/p>\n<p>QUEM SOBREVIVER VAI SABER&#8230;<\/p>\n<p><strong><em>_______________________________<\/em><\/strong><\/p>\n<p><strong><em>(*) jornalista DIPLOMADO e professor universit\u00e1rio.<\/em><\/strong><\/p>\n<p><strong><em>e-mail: <\/em><\/strong><a href=\"mailto:barbosa.sebar@gmail.com\"><strong><em>barbosa.sebar@gmail.com<\/em><\/strong><\/a><\/p>\n","protected":false},"excerpt":{"rendered":"<p>\u00a0\u201cO que \u00e9 um cabide de emprego? Quantas vezes voc\u00ea j\u00e1 ouviu algu\u00e9m falando que determinada empresa estatal \u00e9 um \u201ccabide de emprego\u201d? A express\u00e3o \u00e9 muito utilizada quando se pensa em nepotismo (empregar parentes), indica\u00e7\u00f5es pol\u00edticas e ocupa\u00e7\u00e3o de cargos por \u201capadrinhados\u201d em alguns setores ou empresas inteiras.\u201d (https:\/\/sintec-rs.com.br in 2\/3\/2022) S\u00e9rgio Barbosa (*) [&hellip;]<\/p>\n","protected":false},"author":13,"featured_media":50257,"comment_status":"closed","ping_status":"open","sticky":false,"template":"","format":"standard","meta":{"_acf_changed":false,"_exactmetrics_skip_tracking":false,"_exactmetrics_sitenote_active":false,"_exactmetrics_sitenote_note":"","_exactmetrics_sitenote_category":0,"footnotes":""},"categories":[59],"tags":[],"class_list":["post-50256","post","type-post","status-publish","format-standard","has-post-thumbnail","hentry","category-opiniao"],"acf":[],"yoast_head":"<!-- This site is optimized with the Yoast SEO plugin v27.2 - https:\/\/yoast.com\/product\/yoast-seo-wordpress\/ -->\n<title>Na espera da nomea\u00e7\u00e3o da \u201cCABIDARIA\u201d provinciana... - R\u00e1dio Life FM<\/title>\n<meta name=\"robots\" content=\"index, follow, max-snippet:-1, max-image-preview:large, max-video-preview:-1\" \/>\n<link rel=\"canonical\" href=\"https:\/\/radiolifefm.com.br\/noticias\/na-espera-da-nomeacao-da-cabidaria-provinciana\/\" \/>\n<meta property=\"og:locale\" content=\"pt_BR\" \/>\n<meta property=\"og:type\" content=\"article\" \/>\n<meta property=\"og:title\" content=\"Na espera da nomea\u00e7\u00e3o da \u201cCABIDARIA\u201d provinciana... - R\u00e1dio Life FM\" \/>\n<meta property=\"og:description\" content=\"\u00a0\u201cO que \u00e9 um cabide de emprego? Quantas vezes voc\u00ea j\u00e1 ouviu algu\u00e9m falando que determinada empresa estatal \u00e9 um \u201ccabide de emprego\u201d? A express\u00e3o \u00e9 muito utilizada quando se pensa em nepotismo (empregar parentes), indica\u00e7\u00f5es pol\u00edticas e ocupa\u00e7\u00e3o de cargos por \u201capadrinhados\u201d em alguns setores ou empresas inteiras.\u201d (https:\/\/sintec-rs.com.br in 2\/3\/2022) S\u00e9rgio Barbosa (*) [&hellip;]\" \/>\n<meta property=\"og:url\" content=\"https:\/\/radiolifefm.com.br\/noticias\/na-espera-da-nomeacao-da-cabidaria-provinciana\/\" \/>\n<meta property=\"og:site_name\" content=\"R\u00e1dio Life FM\" \/>\n<meta property=\"article:publisher\" content=\"https:\/\/www.facebook.com\/radiolifefm\/\" \/>\n<meta property=\"article:published_time\" content=\"2022-03-07T11:00:16+00:00\" \/>\n<meta property=\"article:modified_time\" content=\"2026-02-04T13:40:17+00:00\" \/>\n<meta property=\"og:image\" content=\"https:\/\/radiolifefm.com.br\/noticias\/wp-content\/uploads\/2022\/03\/WhatsApp-Image-2022-03-06-at-19.05.02.jpeg\" \/>\n\t<meta property=\"og:image:width\" content=\"1296\" \/>\n\t<meta property=\"og:image:height\" content=\"972\" \/>\n\t<meta property=\"og:image:type\" content=\"image\/jpeg\" \/>\n<meta name=\"author\" content=\"ritanery\" \/>\n<meta name=\"twitter:card\" content=\"summary_large_image\" \/>\n<meta name=\"twitter:label1\" content=\"Escrito por\" \/>\n\t<meta name=\"twitter:data1\" content=\"ritanery\" \/>\n\t<meta name=\"twitter:label2\" content=\"Est. tempo de leitura\" \/>\n\t<meta name=\"twitter:data2\" content=\"2 minutos\" \/>\n<script type=\"application\/ld+json\" class=\"yoast-schema-graph\">{\"@context\":\"https:\/\/schema.org\",\"@graph\":[{\"@type\":\"Article\",\"@id\":\"https:\/\/radiolifefm.com.br\/noticias\/na-espera-da-nomeacao-da-cabidaria-provinciana\/#article\",\"isPartOf\":{\"@id\":\"https:\/\/radiolifefm.com.br\/noticias\/na-espera-da-nomeacao-da-cabidaria-provinciana\/\"},\"author\":{\"name\":\"ritanery\",\"@id\":\"https:\/\/radiolifefm.com.br\/noticias\/#\/schema\/person\/6339b9fac59d12b071dec680d7375d87\"},\"headline\":\"Na espera da nomea\u00e7\u00e3o da \u201cCABIDARIA\u201d provinciana&#8230;\",\"datePublished\":\"2022-03-07T11:00:16+00:00\",\"dateModified\":\"2026-02-04T13:40:17+00:00\",\"mainEntityOfPage\":{\"@id\":\"https:\/\/radiolifefm.com.br\/noticias\/na-espera-da-nomeacao-da-cabidaria-provinciana\/\"},\"wordCount\":507,\"publisher\":{\"@id\":\"https:\/\/radiolifefm.com.br\/noticias\/#organization\"},\"image\":{\"@id\":\"https:\/\/radiolifefm.com.br\/noticias\/na-espera-da-nomeacao-da-cabidaria-provinciana\/#primaryimage\"},\"thumbnailUrl\":\"https:\/\/radiolifefm.com.br\/noticias\/wp-content\/uploads\/2022\/03\/WhatsApp-Image-2022-03-06-at-19.05.02.jpeg\",\"articleSection\":[\"Opini\u00e3o\"],\"inLanguage\":\"pt-BR\"},{\"@type\":\"WebPage\",\"@id\":\"https:\/\/radiolifefm.com.br\/noticias\/na-espera-da-nomeacao-da-cabidaria-provinciana\/\",\"url\":\"https:\/\/radiolifefm.com.br\/noticias\/na-espera-da-nomeacao-da-cabidaria-provinciana\/\",\"name\":\"Na espera da nomea\u00e7\u00e3o da \u201cCABIDARIA\u201d provinciana... - R\u00e1dio Life FM\",\"isPartOf\":{\"@id\":\"https:\/\/radiolifefm.com.br\/noticias\/#website\"},\"primaryImageOfPage\":{\"@id\":\"https:\/\/radiolifefm.com.br\/noticias\/na-espera-da-nomeacao-da-cabidaria-provinciana\/#primaryimage\"},\"image\":{\"@id\":\"https:\/\/radiolifefm.com.br\/noticias\/na-espera-da-nomeacao-da-cabidaria-provinciana\/#primaryimage\"},\"thumbnailUrl\":\"https:\/\/radiolifefm.com.br\/noticias\/wp-content\/uploads\/2022\/03\/WhatsApp-Image-2022-03-06-at-19.05.02.jpeg\",\"datePublished\":\"2022-03-07T11:00:16+00:00\",\"dateModified\":\"2026-02-04T13:40:17+00:00\",\"breadcrumb\":{\"@id\":\"https:\/\/radiolifefm.com.br\/noticias\/na-espera-da-nomeacao-da-cabidaria-provinciana\/#breadcrumb\"},\"inLanguage\":\"pt-BR\",\"potentialAction\":[{\"@type\":\"ReadAction\",\"target\":[\"https:\/\/radiolifefm.com.br\/noticias\/na-espera-da-nomeacao-da-cabidaria-provinciana\/\"]}]},{\"@type\":\"ImageObject\",\"inLanguage\":\"pt-BR\",\"@id\":\"https:\/\/radiolifefm.com.br\/noticias\/na-espera-da-nomeacao-da-cabidaria-provinciana\/#primaryimage\",\"url\":\"https:\/\/radiolifefm.com.br\/noticias\/wp-content\/uploads\/2022\/03\/WhatsApp-Image-2022-03-06-at-19.05.02.jpeg\",\"contentUrl\":\"https:\/\/radiolifefm.com.br\/noticias\/wp-content\/uploads\/2022\/03\/WhatsApp-Image-2022-03-06-at-19.05.02.jpeg\",\"width\":1296,\"height\":972,\"caption\":\"Jornalista diplomado, S\u00e9rgio Barbosa\"},{\"@type\":\"BreadcrumbList\",\"@id\":\"https:\/\/radiolifefm.com.br\/noticias\/na-espera-da-nomeacao-da-cabidaria-provinciana\/#breadcrumb\",\"itemListElement\":[{\"@type\":\"ListItem\",\"position\":1,\"name\":\"In\u00edcio\",\"item\":\"https:\/\/radiolifefm.com.br\/noticias\/\"},{\"@type\":\"ListItem\",\"position\":2,\"name\":\"Na espera da nomea\u00e7\u00e3o da \u201cCABIDARIA\u201d provinciana&#8230;\"}]},{\"@type\":\"WebSite\",\"@id\":\"https:\/\/radiolifefm.com.br\/noticias\/#website\",\"url\":\"https:\/\/radiolifefm.com.br\/noticias\/\",\"name\":\"R\u00e1dio Life FM\",\"description\":\"O Portal de Not\u00edcias de Adamantina\",\"publisher\":{\"@id\":\"https:\/\/radiolifefm.com.br\/noticias\/#organization\"},\"alternateName\":\"Life FM\",\"potentialAction\":[{\"@type\":\"SearchAction\",\"target\":{\"@type\":\"EntryPoint\",\"urlTemplate\":\"https:\/\/radiolifefm.com.br\/noticias\/?s={search_term_string}\"},\"query-input\":{\"@type\":\"PropertyValueSpecification\",\"valueRequired\":true,\"valueName\":\"search_term_string\"}}],\"inLanguage\":\"pt-BR\"},{\"@type\":\"Organization\",\"@id\":\"https:\/\/radiolifefm.com.br\/noticias\/#organization\",\"name\":\"R\u00e1dio Life FM\",\"alternateName\":\"Life FM\",\"url\":\"https:\/\/radiolifefm.com.br\/noticias\/\",\"logo\":{\"@type\":\"ImageObject\",\"inLanguage\":\"pt-BR\",\"@id\":\"https:\/\/radiolifefm.com.br\/noticias\/#\/schema\/logo\/image\/\",\"url\":\"https:\/\/static.radiolifefm.com.br\/noticias\/wp-content\/uploads\/2019\/10\/logo-lifefm.png\",\"contentUrl\":\"https:\/\/static.radiolifefm.com.br\/noticias\/wp-content\/uploads\/2019\/10\/logo-lifefm.png\",\"width\":196,\"height\":47,\"caption\":\"R\u00e1dio Life FM\"},\"image\":{\"@id\":\"https:\/\/radiolifefm.com.br\/noticias\/#\/schema\/logo\/image\/\"},\"sameAs\":[\"https:\/\/www.facebook.com\/radiolifefm\/\",\"https:\/\/www.instagram.com\/life1079fm\/\"]},{\"@type\":\"Person\",\"@id\":\"https:\/\/radiolifefm.com.br\/noticias\/#\/schema\/person\/6339b9fac59d12b071dec680d7375d87\",\"name\":\"ritanery\",\"image\":{\"@type\":\"ImageObject\",\"inLanguage\":\"pt-BR\",\"@id\":\"https:\/\/secure.gravatar.com\/avatar\/0e37bb19071f47c0b8a23f62a903df117c5a0e75f65a0c2901562f97cd41cf86?s=96&d=mm&r=g\",\"url\":\"https:\/\/secure.gravatar.com\/avatar\/0e37bb19071f47c0b8a23f62a903df117c5a0e75f65a0c2901562f97cd41cf86?s=96&d=mm&r=g\",\"contentUrl\":\"https:\/\/secure.gravatar.com\/avatar\/0e37bb19071f47c0b8a23f62a903df117c5a0e75f65a0c2901562f97cd41cf86?s=96&d=mm&r=g\",\"caption\":\"ritanery\"}}]}<\/script>\n<!-- \/ Yoast SEO plugin. -->","yoast_head_json":{"title":"Na espera da nomea\u00e7\u00e3o da \u201cCABIDARIA\u201d provinciana... - R\u00e1dio Life FM","robots":{"index":"index","follow":"follow","max-snippet":"max-snippet:-1","max-image-preview":"max-image-preview:large","max-video-preview":"max-video-preview:-1"},"canonical":"https:\/\/radiolifefm.com.br\/noticias\/na-espera-da-nomeacao-da-cabidaria-provinciana\/","og_locale":"pt_BR","og_type":"article","og_title":"Na espera da nomea\u00e7\u00e3o da \u201cCABIDARIA\u201d provinciana... - R\u00e1dio Life FM","og_description":"\u00a0\u201cO que \u00e9 um cabide de emprego? Quantas vezes voc\u00ea j\u00e1 ouviu algu\u00e9m falando que determinada empresa estatal \u00e9 um \u201ccabide de emprego\u201d? A express\u00e3o \u00e9 muito utilizada quando se pensa em nepotismo (empregar parentes), indica\u00e7\u00f5es pol\u00edticas e ocupa\u00e7\u00e3o de cargos por \u201capadrinhados\u201d em alguns setores ou empresas inteiras.\u201d (https:\/\/sintec-rs.com.br in 2\/3\/2022) S\u00e9rgio Barbosa (*) [&hellip;]","og_url":"https:\/\/radiolifefm.com.br\/noticias\/na-espera-da-nomeacao-da-cabidaria-provinciana\/","og_site_name":"R\u00e1dio Life FM","article_publisher":"https:\/\/www.facebook.com\/radiolifefm\/","article_published_time":"2022-03-07T11:00:16+00:00","article_modified_time":"2026-02-04T13:40:17+00:00","og_image":[{"width":1296,"height":972,"url":"https:\/\/radiolifefm.com.br\/noticias\/wp-content\/uploads\/2022\/03\/WhatsApp-Image-2022-03-06-at-19.05.02.jpeg","type":"image\/jpeg"}],"author":"ritanery","twitter_card":"summary_large_image","twitter_misc":{"Escrito por":"ritanery","Est. tempo de leitura":"2 minutos"},"schema":{"@context":"https:\/\/schema.org","@graph":[{"@type":"Article","@id":"https:\/\/radiolifefm.com.br\/noticias\/na-espera-da-nomeacao-da-cabidaria-provinciana\/#article","isPartOf":{"@id":"https:\/\/radiolifefm.com.br\/noticias\/na-espera-da-nomeacao-da-cabidaria-provinciana\/"},"author":{"name":"ritanery","@id":"https:\/\/radiolifefm.com.br\/noticias\/#\/schema\/person\/6339b9fac59d12b071dec680d7375d87"},"headline":"Na espera da nomea\u00e7\u00e3o da \u201cCABIDARIA\u201d provinciana&#8230;","datePublished":"2022-03-07T11:00:16+00:00","dateModified":"2026-02-04T13:40:17+00:00","mainEntityOfPage":{"@id":"https:\/\/radiolifefm.com.br\/noticias\/na-espera-da-nomeacao-da-cabidaria-provinciana\/"},"wordCount":507,"publisher":{"@id":"https:\/\/radiolifefm.com.br\/noticias\/#organization"},"image":{"@id":"https:\/\/radiolifefm.com.br\/noticias\/na-espera-da-nomeacao-da-cabidaria-provinciana\/#primaryimage"},"thumbnailUrl":"https:\/\/radiolifefm.com.br\/noticias\/wp-content\/uploads\/2022\/03\/WhatsApp-Image-2022-03-06-at-19.05.02.jpeg","articleSection":["Opini\u00e3o"],"inLanguage":"pt-BR"},{"@type":"WebPage","@id":"https:\/\/radiolifefm.com.br\/noticias\/na-espera-da-nomeacao-da-cabidaria-provinciana\/","url":"https:\/\/radiolifefm.com.br\/noticias\/na-espera-da-nomeacao-da-cabidaria-provinciana\/","name":"Na espera da nomea\u00e7\u00e3o da \u201cCABIDARIA\u201d provinciana... - R\u00e1dio Life FM","isPartOf":{"@id":"https:\/\/radiolifefm.com.br\/noticias\/#website"},"primaryImageOfPage":{"@id":"https:\/\/radiolifefm.com.br\/noticias\/na-espera-da-nomeacao-da-cabidaria-provinciana\/#primaryimage"},"image":{"@id":"https:\/\/radiolifefm.com.br\/noticias\/na-espera-da-nomeacao-da-cabidaria-provinciana\/#primaryimage"},"thumbnailUrl":"https:\/\/radiolifefm.com.br\/noticias\/wp-content\/uploads\/2022\/03\/WhatsApp-Image-2022-03-06-at-19.05.02.jpeg","datePublished":"2022-03-07T11:00:16+00:00","dateModified":"2026-02-04T13:40:17+00:00","breadcrumb":{"@id":"https:\/\/radiolifefm.com.br\/noticias\/na-espera-da-nomeacao-da-cabidaria-provinciana\/#breadcrumb"},"inLanguage":"pt-BR","potentialAction":[{"@type":"ReadAction","target":["https:\/\/radiolifefm.com.br\/noticias\/na-espera-da-nomeacao-da-cabidaria-provinciana\/"]}]},{"@type":"ImageObject","inLanguage":"pt-BR","@id":"https:\/\/radiolifefm.com.br\/noticias\/na-espera-da-nomeacao-da-cabidaria-provinciana\/#primaryimage","url":"https:\/\/radiolifefm.com.br\/noticias\/wp-content\/uploads\/2022\/03\/WhatsApp-Image-2022-03-06-at-19.05.02.jpeg","contentUrl":"https:\/\/radiolifefm.com.br\/noticias\/wp-content\/uploads\/2022\/03\/WhatsApp-Image-2022-03-06-at-19.05.02.jpeg","width":1296,"height":972,"caption":"Jornalista diplomado, S\u00e9rgio Barbosa"},{"@type":"BreadcrumbList","@id":"https:\/\/radiolifefm.com.br\/noticias\/na-espera-da-nomeacao-da-cabidaria-provinciana\/#breadcrumb","itemListElement":[{"@type":"ListItem","position":1,"name":"In\u00edcio","item":"https:\/\/radiolifefm.com.br\/noticias\/"},{"@type":"ListItem","position":2,"name":"Na espera da nomea\u00e7\u00e3o da \u201cCABIDARIA\u201d provinciana&#8230;"}]},{"@type":"WebSite","@id":"https:\/\/radiolifefm.com.br\/noticias\/#website","url":"https:\/\/radiolifefm.com.br\/noticias\/","name":"R\u00e1dio Life FM","description":"O Portal de Not\u00edcias de Adamantina","publisher":{"@id":"https:\/\/radiolifefm.com.br\/noticias\/#organization"},"alternateName":"Life FM","potentialAction":[{"@type":"SearchAction","target":{"@type":"EntryPoint","urlTemplate":"https:\/\/radiolifefm.com.br\/noticias\/?s={search_term_string}"},"query-input":{"@type":"PropertyValueSpecification","valueRequired":true,"valueName":"search_term_string"}}],"inLanguage":"pt-BR"},{"@type":"Organization","@id":"https:\/\/radiolifefm.com.br\/noticias\/#organization","name":"R\u00e1dio Life FM","alternateName":"Life FM","url":"https:\/\/radiolifefm.com.br\/noticias\/","logo":{"@type":"ImageObject","inLanguage":"pt-BR","@id":"https:\/\/radiolifefm.com.br\/noticias\/#\/schema\/logo\/image\/","url":"https:\/\/static.radiolifefm.com.br\/noticias\/wp-content\/uploads\/2019\/10\/logo-lifefm.png","contentUrl":"https:\/\/static.radiolifefm.com.br\/noticias\/wp-content\/uploads\/2019\/10\/logo-lifefm.png","width":196,"height":47,"caption":"R\u00e1dio Life FM"},"image":{"@id":"https:\/\/radiolifefm.com.br\/noticias\/#\/schema\/logo\/image\/"},"sameAs":["https:\/\/www.facebook.com\/radiolifefm\/","https:\/\/www.instagram.com\/life1079fm\/"]},{"@type":"Person","@id":"https:\/\/radiolifefm.com.br\/noticias\/#\/schema\/person\/6339b9fac59d12b071dec680d7375d87","name":"ritanery","image":{"@type":"ImageObject","inLanguage":"pt-BR","@id":"https:\/\/secure.gravatar.com\/avatar\/0e37bb19071f47c0b8a23f62a903df117c5a0e75f65a0c2901562f97cd41cf86?s=96&d=mm&r=g","url":"https:\/\/secure.gravatar.com\/avatar\/0e37bb19071f47c0b8a23f62a903df117c5a0e75f65a0c2901562f97cd41cf86?s=96&d=mm&r=g","contentUrl":"https:\/\/secure.gravatar.com\/avatar\/0e37bb19071f47c0b8a23f62a903df117c5a0e75f65a0c2901562f97cd41cf86?s=96&d=mm&r=g","caption":"ritanery"}}]}},"amp_enabled":true,"_links":{"self":[{"href":"https:\/\/radiolifefm.com.br\/noticias\/wp-json\/wp\/v2\/posts\/50256","targetHints":{"allow":["GET"]}}],"collection":[{"href":"https:\/\/radiolifefm.com.br\/noticias\/wp-json\/wp\/v2\/posts"}],"about":[{"href":"https:\/\/radiolifefm.com.br\/noticias\/wp-json\/wp\/v2\/types\/post"}],"author":[{"embeddable":true,"href":"https:\/\/radiolifefm.com.br\/noticias\/wp-json\/wp\/v2\/users\/13"}],"replies":[{"embeddable":true,"href":"https:\/\/radiolifefm.com.br\/noticias\/wp-json\/wp\/v2\/comments?post=50256"}],"version-history":[{"count":1,"href":"https:\/\/radiolifefm.com.br\/noticias\/wp-json\/wp\/v2\/posts\/50256\/revisions"}],"predecessor-version":[{"id":50258,"href":"https:\/\/radiolifefm.com.br\/noticias\/wp-json\/wp\/v2\/posts\/50256\/revisions\/50258"}],"wp:featuredmedia":[{"embeddable":true,"href":"https:\/\/radiolifefm.com.br\/noticias\/wp-json\/wp\/v2\/media\/50257"}],"wp:attachment":[{"href":"https:\/\/radiolifefm.com.br\/noticias\/wp-json\/wp\/v2\/media?parent=50256"}],"wp:term":[{"taxonomy":"category","embeddable":true,"href":"https:\/\/radiolifefm.com.br\/noticias\/wp-json\/wp\/v2\/categories?post=50256"},{"taxonomy":"post_tag","embeddable":true,"href":"https:\/\/radiolifefm.com.br\/noticias\/wp-json\/wp\/v2\/tags?post=50256"}],"curies":[{"name":"wp","href":"https:\/\/api.w.org\/{rel}","templated":true}]}}