{"id":50223,"date":"2022-03-05T22:15:49","date_gmt":"2022-03-06T01:15:49","guid":{"rendered":"https:\/\/radiolifefm.com.br\/noticias\/?p=50223"},"modified":"2026-03-23T02:09:32","modified_gmt":"2026-03-23T05:09:32","slug":"em-abertura-de-evento-secretario-de-cultura-diz-que-estado-e-incompetente-para-sanar-desigualdade-social","status":"publish","type":"post","link":"https:\/\/radiolifefm.com.br\/noticias\/em-abertura-de-evento-secretario-de-cultura-diz-que-estado-e-incompetente-para-sanar-desigualdade-social\/","title":{"rendered":"Em abertura de evento, secret\u00e1rio de cultura diz que \u201cEstado \u00e9 incompetente para sanar desigualdade social\u201d"},"content":{"rendered":"<div id=\"fb-root\"><\/div>\n<p>Como parte da semana em que se comemora o Dia Internacional da Mulher (8 de mar\u00e7o), neste s\u00e1bado (5) aconteceu na sede do Rotary Club de Adamantina o evento \u201cDas Pretas, Ancestralidade que constr\u00f3i\u201d, numa promo\u00e7\u00e3o do Coletivo Gangazumba de Cultura Negra e Grupo de Capoeira Estrela da Barra, com apoio da Secretaria de Cultura e Turismo de Adamantina.<\/p>\n<p>Em sua fala de abertura o secret\u00e1rio de cultura e turismo do munic\u00edpio, S\u00e9rgio Vanderlei, ressaltou o quanto o Estado se demonstra incompetente para diminuir ou sanar a desigualdade social existente no Brasil. \u201c\u00c9 quase inadmiss\u00edvel que em pleno ano 2022 ainda temos que discutir a\u00e7\u00f5es que visem amenizar o racismo, a pobreza, a desigualdade, o preconceito e tantas outras mazelas\u201d.<\/p>\n<p>Promovido pelo Coletivo Gangazumba e Grupo Estrela da Barra, \u201cDas Pretas\u201d teve como finalidade discutir temas como a posi\u00e7\u00e3o da mulher no mercado de trabalho, empoderamento da mulher no p\u00f3s pandemia, relacionamento abusivo e outros. \u201cGra\u00e7as a diversos coletivos, grupos e artistas conseguimos colocar em discuss\u00e3o temas de import\u00e2ncia, al\u00e9m de a\u00e7\u00f5es concretas que visam diminuir problemas corriqueiros vividos por grande parcela de nossa sociedade\u201d.<\/p>\n<p>J\u00e1 na pr\u00f3xima ter\u00e7a-feira (8 de mar\u00e7o), Dia Internacional da Mulher, a Secretaria de Cultura e Turismo de Adamantina promover\u00e1 o evento \u201cMulheres que Inspiram\u201d. Ser\u00e3o 100 mulheres de diversos segmentos profissionais homenageadas no anfiteatro \u201cFernando Paloni\u201d, da Biblioteca P\u00fablica \u201cJurema Citeli\u201d.<\/p>\n<div class='flex flex-wrap items-center -mx-1'>\r\n<a class='thumbnail gallery p-1 w-1\/2 md:w-1\/4' href='https:\/\/radiolifefm.com.br\/noticias\/wp-content\/uploads\/2022\/03\/275170001_337630558322171_578824169895394610_n.jpg'><img class='border border-white' src='https:\/\/radiolifefm.com.br\/noticias\/wp-content\/uploads\/2022\/03\/275170001_337630558322171_578824169895394610_n-200x200.jpg' alt='275170001_337630558322171_578824169895394610_n' \/><\/a><a class='thumbnail gallery p-1 w-1\/2 md:w-1\/4' href='https:\/\/radiolifefm.com.br\/noticias\/wp-content\/uploads\/2022\/03\/275175120_337630678322159_5963482657862391285_n.jpg'><img class='border border-white' src='https:\/\/radiolifefm.com.br\/noticias\/wp-content\/uploads\/2022\/03\/275175120_337630678322159_5963482657862391285_n-200x200.jpg' alt='275175120_337630678322159_5963482657862391285_n' \/><\/a><a class='thumbnail gallery p-1 w-1\/2 md:w-1\/4' href='https:\/\/radiolifefm.com.br\/noticias\/wp-content\/uploads\/2022\/03\/275242042_337630638322163_2883181639187835503_n-1.jpg'><img class='border border-white' src='https:\/\/radiolifefm.com.br\/noticias\/wp-content\/uploads\/2022\/03\/275242042_337630638322163_2883181639187835503_n-1-200x200.jpg' alt='275242042_337630638322163_2883181639187835503_n' \/><\/a><\/div>\n<p>Fonte: Assessoria de Imprensa<\/p>\n","protected":false},"excerpt":{"rendered":"<p>Como parte da semana em que se comemora o Dia Internacional da Mulher (8 de mar\u00e7o), neste s\u00e1bado (5) aconteceu na sede do Rotary Club de Adamantina o evento \u201cDas Pretas, Ancestralidade que constr\u00f3i\u201d, numa promo\u00e7\u00e3o do Coletivo Gangazumba de Cultura Negra e Grupo de Capoeira Estrela da Barra, com apoio da Secretaria de Cultura [&hellip;]<\/p>\n","protected":false},"author":13,"featured_media":50228,"comment_status":"closed","ping_status":"open","sticky":false,"template":"","format":"standard","meta":{"_acf_changed":false,"_exactmetrics_skip_tracking":false,"_exactmetrics_sitenote_active":false,"_exactmetrics_sitenote_note":"","_exactmetrics_sitenote_category":0,"footnotes":""},"categories":[21],"tags":[],"class_list":["post-50223","post","type-post","status-publish","format-standard","has-post-thumbnail","hentry","category-adamantina"],"acf":[],"yoast_head":"<!-- This site is optimized with the Yoast SEO plugin v27.2 - https:\/\/yoast.com\/product\/yoast-seo-wordpress\/ -->\n<title>Em abertura de evento, secret\u00e1rio de cultura diz que \u201cEstado \u00e9 incompetente para sanar desigualdade social\u201d - R\u00e1dio Life FM<\/title>\n<meta name=\"robots\" content=\"index, follow, max-snippet:-1, max-image-preview:large, max-video-preview:-1\" \/>\n<link rel=\"canonical\" href=\"https:\/\/radiolifefm.com.br\/noticias\/em-abertura-de-evento-secretario-de-cultura-diz-que-estado-e-incompetente-para-sanar-desigualdade-social\/\" \/>\n<meta property=\"og:locale\" content=\"pt_BR\" \/>\n<meta property=\"og:type\" content=\"article\" \/>\n<meta property=\"og:title\" content=\"Em abertura de evento, secret\u00e1rio de cultura diz que \u201cEstado \u00e9 incompetente para sanar desigualdade social\u201d - R\u00e1dio Life FM\" \/>\n<meta property=\"og:description\" content=\"Como parte da semana em que se comemora o Dia Internacional da Mulher (8 de mar\u00e7o), neste s\u00e1bado (5) aconteceu na sede do Rotary Club de Adamantina o evento \u201cDas Pretas, Ancestralidade que constr\u00f3i\u201d, numa promo\u00e7\u00e3o do Coletivo Gangazumba de Cultura Negra e Grupo de Capoeira Estrela da Barra, com apoio da Secretaria de Cultura [&hellip;]\" \/>\n<meta property=\"og:url\" content=\"https:\/\/radiolifefm.com.br\/noticias\/em-abertura-de-evento-secretario-de-cultura-diz-que-estado-e-incompetente-para-sanar-desigualdade-social\/\" \/>\n<meta property=\"og:site_name\" content=\"R\u00e1dio Life FM\" \/>\n<meta property=\"article:publisher\" content=\"https:\/\/www.facebook.com\/radiolifefm\/\" \/>\n<meta property=\"article:published_time\" content=\"2022-03-06T01:15:49+00:00\" \/>\n<meta property=\"article:modified_time\" content=\"2026-03-23T05:09:32+00:00\" \/>\n<meta property=\"og:image\" content=\"https:\/\/radiolifefm.com.br\/noticias\/wp-content\/uploads\/2022\/03\/275303256_337630548322172_1931804377673686616_n.jpg\" \/>\n\t<meta property=\"og:image:width\" content=\"1200\" \/>\n\t<meta property=\"og:image:height\" content=\"900\" \/>\n\t<meta property=\"og:image:type\" content=\"image\/jpeg\" \/>\n<meta name=\"author\" content=\"ritanery\" \/>\n<meta name=\"twitter:card\" content=\"summary_large_image\" \/>\n<meta name=\"twitter:label1\" content=\"Escrito por\" \/>\n\t<meta name=\"twitter:data1\" content=\"ritanery\" \/>\n\t<meta name=\"twitter:label2\" content=\"Est. tempo de leitura\" \/>\n\t<meta name=\"twitter:data2\" content=\"2 minutos\" \/>\n<script type=\"application\/ld+json\" class=\"yoast-schema-graph\">{\"@context\":\"https:\/\/schema.org\",\"@graph\":[{\"@type\":\"Article\",\"@id\":\"https:\/\/radiolifefm.com.br\/noticias\/em-abertura-de-evento-secretario-de-cultura-diz-que-estado-e-incompetente-para-sanar-desigualdade-social\/#article\",\"isPartOf\":{\"@id\":\"https:\/\/radiolifefm.com.br\/noticias\/em-abertura-de-evento-secretario-de-cultura-diz-que-estado-e-incompetente-para-sanar-desigualdade-social\/\"},\"author\":{\"name\":\"ritanery\",\"@id\":\"https:\/\/radiolifefm.com.br\/noticias\/#\/schema\/person\/6339b9fac59d12b071dec680d7375d87\"},\"headline\":\"Em abertura de evento, secret\u00e1rio de cultura diz que \u201cEstado \u00e9 incompetente para sanar desigualdade social\u201d\",\"datePublished\":\"2022-03-06T01:15:49+00:00\",\"dateModified\":\"2026-03-23T05:09:32+00:00\",\"mainEntityOfPage\":{\"@id\":\"https:\/\/radiolifefm.com.br\/noticias\/em-abertura-de-evento-secretario-de-cultura-diz-que-estado-e-incompetente-para-sanar-desigualdade-social\/\"},\"wordCount\":266,\"publisher\":{\"@id\":\"https:\/\/radiolifefm.com.br\/noticias\/#organization\"},\"image\":{\"@id\":\"https:\/\/radiolifefm.com.br\/noticias\/em-abertura-de-evento-secretario-de-cultura-diz-que-estado-e-incompetente-para-sanar-desigualdade-social\/#primaryimage\"},\"thumbnailUrl\":\"https:\/\/radiolifefm.com.br\/noticias\/wp-content\/uploads\/2022\/03\/275303256_337630548322172_1931804377673686616_n.jpg\",\"articleSection\":[\"Adamantina\"],\"inLanguage\":\"pt-BR\"},{\"@type\":\"WebPage\",\"@id\":\"https:\/\/radiolifefm.com.br\/noticias\/em-abertura-de-evento-secretario-de-cultura-diz-que-estado-e-incompetente-para-sanar-desigualdade-social\/\",\"url\":\"https:\/\/radiolifefm.com.br\/noticias\/em-abertura-de-evento-secretario-de-cultura-diz-que-estado-e-incompetente-para-sanar-desigualdade-social\/\",\"name\":\"Em abertura de evento, secret\u00e1rio de cultura diz que \u201cEstado \u00e9 incompetente para sanar desigualdade social\u201d - R\u00e1dio Life FM\",\"isPartOf\":{\"@id\":\"https:\/\/radiolifefm.com.br\/noticias\/#website\"},\"primaryImageOfPage\":{\"@id\":\"https:\/\/radiolifefm.com.br\/noticias\/em-abertura-de-evento-secretario-de-cultura-diz-que-estado-e-incompetente-para-sanar-desigualdade-social\/#primaryimage\"},\"image\":{\"@id\":\"https:\/\/radiolifefm.com.br\/noticias\/em-abertura-de-evento-secretario-de-cultura-diz-que-estado-e-incompetente-para-sanar-desigualdade-social\/#primaryimage\"},\"thumbnailUrl\":\"https:\/\/radiolifefm.com.br\/noticias\/wp-content\/uploads\/2022\/03\/275303256_337630548322172_1931804377673686616_n.jpg\",\"datePublished\":\"2022-03-06T01:15:49+00:00\",\"dateModified\":\"2026-03-23T05:09:32+00:00\",\"breadcrumb\":{\"@id\":\"https:\/\/radiolifefm.com.br\/noticias\/em-abertura-de-evento-secretario-de-cultura-diz-que-estado-e-incompetente-para-sanar-desigualdade-social\/#breadcrumb\"},\"inLanguage\":\"pt-BR\",\"potentialAction\":[{\"@type\":\"ReadAction\",\"target\":[\"https:\/\/radiolifefm.com.br\/noticias\/em-abertura-de-evento-secretario-de-cultura-diz-que-estado-e-incompetente-para-sanar-desigualdade-social\/\"]}]},{\"@type\":\"ImageObject\",\"inLanguage\":\"pt-BR\",\"@id\":\"https:\/\/radiolifefm.com.br\/noticias\/em-abertura-de-evento-secretario-de-cultura-diz-que-estado-e-incompetente-para-sanar-desigualdade-social\/#primaryimage\",\"url\":\"https:\/\/radiolifefm.com.br\/noticias\/wp-content\/uploads\/2022\/03\/275303256_337630548322172_1931804377673686616_n.jpg\",\"contentUrl\":\"https:\/\/radiolifefm.com.br\/noticias\/wp-content\/uploads\/2022\/03\/275303256_337630548322172_1931804377673686616_n.jpg\",\"width\":1200,\"height\":900},{\"@type\":\"BreadcrumbList\",\"@id\":\"https:\/\/radiolifefm.com.br\/noticias\/em-abertura-de-evento-secretario-de-cultura-diz-que-estado-e-incompetente-para-sanar-desigualdade-social\/#breadcrumb\",\"itemListElement\":[{\"@type\":\"ListItem\",\"position\":1,\"name\":\"In\u00edcio\",\"item\":\"https:\/\/radiolifefm.com.br\/noticias\/\"},{\"@type\":\"ListItem\",\"position\":2,\"name\":\"Em abertura de evento, secret\u00e1rio de cultura diz que \u201cEstado \u00e9 incompetente para sanar desigualdade social\u201d\"}]},{\"@type\":\"WebSite\",\"@id\":\"https:\/\/radiolifefm.com.br\/noticias\/#website\",\"url\":\"https:\/\/radiolifefm.com.br\/noticias\/\",\"name\":\"R\u00e1dio Life FM\",\"description\":\"O Portal de Not\u00edcias de Adamantina\",\"publisher\":{\"@id\":\"https:\/\/radiolifefm.com.br\/noticias\/#organization\"},\"alternateName\":\"Life FM\",\"potentialAction\":[{\"@type\":\"SearchAction\",\"target\":{\"@type\":\"EntryPoint\",\"urlTemplate\":\"https:\/\/radiolifefm.com.br\/noticias\/?s={search_term_string}\"},\"query-input\":{\"@type\":\"PropertyValueSpecification\",\"valueRequired\":true,\"valueName\":\"search_term_string\"}}],\"inLanguage\":\"pt-BR\"},{\"@type\":\"Organization\",\"@id\":\"https:\/\/radiolifefm.com.br\/noticias\/#organization\",\"name\":\"R\u00e1dio Life FM\",\"alternateName\":\"Life FM\",\"url\":\"https:\/\/radiolifefm.com.br\/noticias\/\",\"logo\":{\"@type\":\"ImageObject\",\"inLanguage\":\"pt-BR\",\"@id\":\"https:\/\/radiolifefm.com.br\/noticias\/#\/schema\/logo\/image\/\",\"url\":\"https:\/\/static.radiolifefm.com.br\/noticias\/wp-content\/uploads\/2019\/10\/logo-lifefm.png\",\"contentUrl\":\"https:\/\/static.radiolifefm.com.br\/noticias\/wp-content\/uploads\/2019\/10\/logo-lifefm.png\",\"width\":196,\"height\":47,\"caption\":\"R\u00e1dio Life FM\"},\"image\":{\"@id\":\"https:\/\/radiolifefm.com.br\/noticias\/#\/schema\/logo\/image\/\"},\"sameAs\":[\"https:\/\/www.facebook.com\/radiolifefm\/\",\"https:\/\/www.instagram.com\/life1079fm\/\"]},{\"@type\":\"Person\",\"@id\":\"https:\/\/radiolifefm.com.br\/noticias\/#\/schema\/person\/6339b9fac59d12b071dec680d7375d87\",\"name\":\"ritanery\",\"image\":{\"@type\":\"ImageObject\",\"inLanguage\":\"pt-BR\",\"@id\":\"https:\/\/secure.gravatar.com\/avatar\/0e37bb19071f47c0b8a23f62a903df117c5a0e75f65a0c2901562f97cd41cf86?s=96&d=mm&r=g\",\"url\":\"https:\/\/secure.gravatar.com\/avatar\/0e37bb19071f47c0b8a23f62a903df117c5a0e75f65a0c2901562f97cd41cf86?s=96&d=mm&r=g\",\"contentUrl\":\"https:\/\/secure.gravatar.com\/avatar\/0e37bb19071f47c0b8a23f62a903df117c5a0e75f65a0c2901562f97cd41cf86?s=96&d=mm&r=g\",\"caption\":\"ritanery\"}}]}<\/script>\n<!-- \/ Yoast SEO plugin. -->","yoast_head_json":{"title":"Em abertura de evento, secret\u00e1rio de cultura diz que \u201cEstado \u00e9 incompetente para sanar desigualdade social\u201d - R\u00e1dio Life FM","robots":{"index":"index","follow":"follow","max-snippet":"max-snippet:-1","max-image-preview":"max-image-preview:large","max-video-preview":"max-video-preview:-1"},"canonical":"https:\/\/radiolifefm.com.br\/noticias\/em-abertura-de-evento-secretario-de-cultura-diz-que-estado-e-incompetente-para-sanar-desigualdade-social\/","og_locale":"pt_BR","og_type":"article","og_title":"Em abertura de evento, secret\u00e1rio de cultura diz que \u201cEstado \u00e9 incompetente para sanar desigualdade social\u201d - R\u00e1dio Life FM","og_description":"Como parte da semana em que se comemora o Dia Internacional da Mulher (8 de mar\u00e7o), neste s\u00e1bado (5) aconteceu na sede do Rotary Club de Adamantina o evento \u201cDas Pretas, Ancestralidade que constr\u00f3i\u201d, numa promo\u00e7\u00e3o do Coletivo Gangazumba de Cultura Negra e Grupo de Capoeira Estrela da Barra, com apoio da Secretaria de Cultura [&hellip;]","og_url":"https:\/\/radiolifefm.com.br\/noticias\/em-abertura-de-evento-secretario-de-cultura-diz-que-estado-e-incompetente-para-sanar-desigualdade-social\/","og_site_name":"R\u00e1dio Life FM","article_publisher":"https:\/\/www.facebook.com\/radiolifefm\/","article_published_time":"2022-03-06T01:15:49+00:00","article_modified_time":"2026-03-23T05:09:32+00:00","og_image":[{"width":1200,"height":900,"url":"https:\/\/radiolifefm.com.br\/noticias\/wp-content\/uploads\/2022\/03\/275303256_337630548322172_1931804377673686616_n.jpg","type":"image\/jpeg"}],"author":"ritanery","twitter_card":"summary_large_image","twitter_misc":{"Escrito por":"ritanery","Est. tempo de leitura":"2 minutos"},"schema":{"@context":"https:\/\/schema.org","@graph":[{"@type":"Article","@id":"https:\/\/radiolifefm.com.br\/noticias\/em-abertura-de-evento-secretario-de-cultura-diz-que-estado-e-incompetente-para-sanar-desigualdade-social\/#article","isPartOf":{"@id":"https:\/\/radiolifefm.com.br\/noticias\/em-abertura-de-evento-secretario-de-cultura-diz-que-estado-e-incompetente-para-sanar-desigualdade-social\/"},"author":{"name":"ritanery","@id":"https:\/\/radiolifefm.com.br\/noticias\/#\/schema\/person\/6339b9fac59d12b071dec680d7375d87"},"headline":"Em abertura de evento, secret\u00e1rio de cultura diz que \u201cEstado \u00e9 incompetente para sanar desigualdade social\u201d","datePublished":"2022-03-06T01:15:49+00:00","dateModified":"2026-03-23T05:09:32+00:00","mainEntityOfPage":{"@id":"https:\/\/radiolifefm.com.br\/noticias\/em-abertura-de-evento-secretario-de-cultura-diz-que-estado-e-incompetente-para-sanar-desigualdade-social\/"},"wordCount":266,"publisher":{"@id":"https:\/\/radiolifefm.com.br\/noticias\/#organization"},"image":{"@id":"https:\/\/radiolifefm.com.br\/noticias\/em-abertura-de-evento-secretario-de-cultura-diz-que-estado-e-incompetente-para-sanar-desigualdade-social\/#primaryimage"},"thumbnailUrl":"https:\/\/radiolifefm.com.br\/noticias\/wp-content\/uploads\/2022\/03\/275303256_337630548322172_1931804377673686616_n.jpg","articleSection":["Adamantina"],"inLanguage":"pt-BR"},{"@type":"WebPage","@id":"https:\/\/radiolifefm.com.br\/noticias\/em-abertura-de-evento-secretario-de-cultura-diz-que-estado-e-incompetente-para-sanar-desigualdade-social\/","url":"https:\/\/radiolifefm.com.br\/noticias\/em-abertura-de-evento-secretario-de-cultura-diz-que-estado-e-incompetente-para-sanar-desigualdade-social\/","name":"Em abertura de evento, secret\u00e1rio de cultura diz que \u201cEstado \u00e9 incompetente para sanar desigualdade social\u201d - R\u00e1dio Life FM","isPartOf":{"@id":"https:\/\/radiolifefm.com.br\/noticias\/#website"},"primaryImageOfPage":{"@id":"https:\/\/radiolifefm.com.br\/noticias\/em-abertura-de-evento-secretario-de-cultura-diz-que-estado-e-incompetente-para-sanar-desigualdade-social\/#primaryimage"},"image":{"@id":"https:\/\/radiolifefm.com.br\/noticias\/em-abertura-de-evento-secretario-de-cultura-diz-que-estado-e-incompetente-para-sanar-desigualdade-social\/#primaryimage"},"thumbnailUrl":"https:\/\/radiolifefm.com.br\/noticias\/wp-content\/uploads\/2022\/03\/275303256_337630548322172_1931804377673686616_n.jpg","datePublished":"2022-03-06T01:15:49+00:00","dateModified":"2026-03-23T05:09:32+00:00","breadcrumb":{"@id":"https:\/\/radiolifefm.com.br\/noticias\/em-abertura-de-evento-secretario-de-cultura-diz-que-estado-e-incompetente-para-sanar-desigualdade-social\/#breadcrumb"},"inLanguage":"pt-BR","potentialAction":[{"@type":"ReadAction","target":["https:\/\/radiolifefm.com.br\/noticias\/em-abertura-de-evento-secretario-de-cultura-diz-que-estado-e-incompetente-para-sanar-desigualdade-social\/"]}]},{"@type":"ImageObject","inLanguage":"pt-BR","@id":"https:\/\/radiolifefm.com.br\/noticias\/em-abertura-de-evento-secretario-de-cultura-diz-que-estado-e-incompetente-para-sanar-desigualdade-social\/#primaryimage","url":"https:\/\/radiolifefm.com.br\/noticias\/wp-content\/uploads\/2022\/03\/275303256_337630548322172_1931804377673686616_n.jpg","contentUrl":"https:\/\/radiolifefm.com.br\/noticias\/wp-content\/uploads\/2022\/03\/275303256_337630548322172_1931804377673686616_n.jpg","width":1200,"height":900},{"@type":"BreadcrumbList","@id":"https:\/\/radiolifefm.com.br\/noticias\/em-abertura-de-evento-secretario-de-cultura-diz-que-estado-e-incompetente-para-sanar-desigualdade-social\/#breadcrumb","itemListElement":[{"@type":"ListItem","position":1,"name":"In\u00edcio","item":"https:\/\/radiolifefm.com.br\/noticias\/"},{"@type":"ListItem","position":2,"name":"Em abertura de evento, secret\u00e1rio de cultura diz que \u201cEstado \u00e9 incompetente para sanar desigualdade social\u201d"}]},{"@type":"WebSite","@id":"https:\/\/radiolifefm.com.br\/noticias\/#website","url":"https:\/\/radiolifefm.com.br\/noticias\/","name":"R\u00e1dio Life FM","description":"O Portal de Not\u00edcias de Adamantina","publisher":{"@id":"https:\/\/radiolifefm.com.br\/noticias\/#organization"},"alternateName":"Life FM","potentialAction":[{"@type":"SearchAction","target":{"@type":"EntryPoint","urlTemplate":"https:\/\/radiolifefm.com.br\/noticias\/?s={search_term_string}"},"query-input":{"@type":"PropertyValueSpecification","valueRequired":true,"valueName":"search_term_string"}}],"inLanguage":"pt-BR"},{"@type":"Organization","@id":"https:\/\/radiolifefm.com.br\/noticias\/#organization","name":"R\u00e1dio Life FM","alternateName":"Life FM","url":"https:\/\/radiolifefm.com.br\/noticias\/","logo":{"@type":"ImageObject","inLanguage":"pt-BR","@id":"https:\/\/radiolifefm.com.br\/noticias\/#\/schema\/logo\/image\/","url":"https:\/\/static.radiolifefm.com.br\/noticias\/wp-content\/uploads\/2019\/10\/logo-lifefm.png","contentUrl":"https:\/\/static.radiolifefm.com.br\/noticias\/wp-content\/uploads\/2019\/10\/logo-lifefm.png","width":196,"height":47,"caption":"R\u00e1dio Life FM"},"image":{"@id":"https:\/\/radiolifefm.com.br\/noticias\/#\/schema\/logo\/image\/"},"sameAs":["https:\/\/www.facebook.com\/radiolifefm\/","https:\/\/www.instagram.com\/life1079fm\/"]},{"@type":"Person","@id":"https:\/\/radiolifefm.com.br\/noticias\/#\/schema\/person\/6339b9fac59d12b071dec680d7375d87","name":"ritanery","image":{"@type":"ImageObject","inLanguage":"pt-BR","@id":"https:\/\/secure.gravatar.com\/avatar\/0e37bb19071f47c0b8a23f62a903df117c5a0e75f65a0c2901562f97cd41cf86?s=96&d=mm&r=g","url":"https:\/\/secure.gravatar.com\/avatar\/0e37bb19071f47c0b8a23f62a903df117c5a0e75f65a0c2901562f97cd41cf86?s=96&d=mm&r=g","contentUrl":"https:\/\/secure.gravatar.com\/avatar\/0e37bb19071f47c0b8a23f62a903df117c5a0e75f65a0c2901562f97cd41cf86?s=96&d=mm&r=g","caption":"ritanery"}}]}},"amp_enabled":true,"_links":{"self":[{"href":"https:\/\/radiolifefm.com.br\/noticias\/wp-json\/wp\/v2\/posts\/50223","targetHints":{"allow":["GET"]}}],"collection":[{"href":"https:\/\/radiolifefm.com.br\/noticias\/wp-json\/wp\/v2\/posts"}],"about":[{"href":"https:\/\/radiolifefm.com.br\/noticias\/wp-json\/wp\/v2\/types\/post"}],"author":[{"embeddable":true,"href":"https:\/\/radiolifefm.com.br\/noticias\/wp-json\/wp\/v2\/users\/13"}],"replies":[{"embeddable":true,"href":"https:\/\/radiolifefm.com.br\/noticias\/wp-json\/wp\/v2\/comments?post=50223"}],"version-history":[{"count":2,"href":"https:\/\/radiolifefm.com.br\/noticias\/wp-json\/wp\/v2\/posts\/50223\/revisions"}],"predecessor-version":[{"id":50230,"href":"https:\/\/radiolifefm.com.br\/noticias\/wp-json\/wp\/v2\/posts\/50223\/revisions\/50230"}],"wp:featuredmedia":[{"embeddable":true,"href":"https:\/\/radiolifefm.com.br\/noticias\/wp-json\/wp\/v2\/media\/50228"}],"wp:attachment":[{"href":"https:\/\/radiolifefm.com.br\/noticias\/wp-json\/wp\/v2\/media?parent=50223"}],"wp:term":[{"taxonomy":"category","embeddable":true,"href":"https:\/\/radiolifefm.com.br\/noticias\/wp-json\/wp\/v2\/categories?post=50223"},{"taxonomy":"post_tag","embeddable":true,"href":"https:\/\/radiolifefm.com.br\/noticias\/wp-json\/wp\/v2\/tags?post=50223"}],"curies":[{"name":"wp","href":"https:\/\/api.w.org\/{rel}","templated":true}]}}