{"id":50132,"date":"2022-03-04T08:16:18","date_gmt":"2022-03-04T11:16:18","guid":{"rendered":"https:\/\/radiolifefm.com.br\/noticias\/?p=50132"},"modified":"2026-04-27T04:13:02","modified_gmt":"2026-04-27T07:13:02","slug":"novas-casas-no-itamarati-aguas-de-chuva-arrastam-sujeira-e-invadem-imovel-de-morador","status":"publish","type":"post","link":"https:\/\/radiolifefm.com.br\/noticias\/novas-casas-no-itamarati-aguas-de-chuva-arrastam-sujeira-e-invadem-imovel-de-morador\/","title":{"rendered":"Novas casas no Itamarati: \u00e1guas de chuva arrastam sujeira e invadem im\u00f3vel de morador"},"content":{"rendered":"<div id=\"fb-root\"><\/div>\n<p style=\"font-weight: 400\">Um morador das novas casas populares do conjunto habitacional Murilo Jaccoud, localizado no Parque Itamarati, convive com um drama desde que recebeu as chaves do im\u00f3vel, em agosto de 2020.<\/p>\n<p style=\"font-weight: 400\">Ele mora em uma das casas na Rua Saldanha Marinho, que faz a divisa entre o conjunto habitacional e o Parque Itamarati. A rua do im\u00f3vel, por sua vez, recebe um grande volume de \u00e1guas do bairro, em especial do volume que desce pela Rua Prudente de Moraes, uma via \u00edngreme que liga a localidade \u00e0 regi\u00e3o alta do Jardim Oriente e Vila Jardim.<\/p>\n<p style=\"font-weight: 400\">H\u00e1 ano e meio, desde que mora na sonhada casa pr\u00f3pria, convive com essa situa\u00e7\u00e3o, que julga desconfort\u00e1vel, inc\u00f4moda e de riscos.<\/p>\n<p><img decoding=\"async\" src=\"https:\/\/www.sigamais.com\/arquivo\/uploads\/img2318-1jpg16463267206220f3c02733d.jpg\" \/><\/p>\n<p style=\"font-weight: 400\">O morador explica que na \u00e9poca de chuvas h\u00e1 um volume expressivo de \u00e1gua em frente \u00e0 sua casa, que tamb\u00e9m carrega a sujeira das ruas, terra e pedras. A \u00e1gua se acumula na Rua Saldanha Marinho, invade o passeio p\u00fablico e chega a avan\u00e7ar no quintal da sua resid\u00eancia, onde fica represada.<\/p>\n<p style=\"font-weight: 400\">Conforme o morador, h\u00e1 riscos \u00e0 estrutura da sua pr\u00f3pria casa e ao muro da divisa com outros im\u00f3veis vizinhos, al\u00e9m do risco de eventualmente transmitir doen\u00e7as.<\/p>\n<p style=\"font-weight: 400\">J\u00e1 em dias sem chuvas, h\u00e1 tamb\u00e9m o ac\u00famulo de \u00e1gua na via p\u00fablica, coletada dos im\u00f3veis, pelas guias. \u00c9 \u00e1gua proveniente da limpeza de quintais, por exemplo, que tamb\u00e9m se depositam em frente \u00e0 casa do morados. Acumuladas, chegam a causar odor.<\/p>\n<p>&nbsp;<\/p>\n<p>Fonte: Siga Mais<\/p>\n","protected":false},"excerpt":{"rendered":"<p>Um morador das novas casas populares do conjunto habitacional Murilo Jaccoud, localizado no Parque Itamarati, convive com um drama desde que recebeu as chaves do im\u00f3vel, em agosto de 2020. Ele mora em uma das casas na Rua Saldanha Marinho, que faz a divisa entre o conjunto habitacional e o Parque Itamarati. A rua do [&hellip;]<\/p>\n","protected":false},"author":13,"featured_media":50133,"comment_status":"closed","ping_status":"open","sticky":false,"template":"","format":"standard","meta":{"_acf_changed":false,"_exactmetrics_skip_tracking":false,"_exactmetrics_sitenote_active":false,"_exactmetrics_sitenote_note":"","_exactmetrics_sitenote_category":0,"footnotes":""},"categories":[21],"tags":[],"class_list":["post-50132","post","type-post","status-publish","format-standard","has-post-thumbnail","hentry","category-adamantina"],"acf":[],"yoast_head":"<!-- This site is optimized with the Yoast SEO plugin v27.2 - https:\/\/yoast.com\/product\/yoast-seo-wordpress\/ -->\n<title>Novas casas no Itamarati: \u00e1guas de chuva arrastam sujeira e invadem im\u00f3vel de morador - R\u00e1dio Life FM<\/title>\n<meta name=\"robots\" content=\"index, follow, max-snippet:-1, max-image-preview:large, max-video-preview:-1\" \/>\n<link rel=\"canonical\" href=\"https:\/\/radiolifefm.com.br\/noticias\/novas-casas-no-itamarati-aguas-de-chuva-arrastam-sujeira-e-invadem-imovel-de-morador\/\" \/>\n<meta property=\"og:locale\" content=\"pt_BR\" \/>\n<meta property=\"og:type\" content=\"article\" \/>\n<meta property=\"og:title\" content=\"Novas casas no Itamarati: \u00e1guas de chuva arrastam sujeira e invadem im\u00f3vel de morador - R\u00e1dio Life FM\" \/>\n<meta property=\"og:description\" content=\"Um morador das novas casas populares do conjunto habitacional Murilo Jaccoud, localizado no Parque Itamarati, convive com um drama desde que recebeu as chaves do im\u00f3vel, em agosto de 2020. Ele mora em uma das casas na Rua Saldanha Marinho, que faz a divisa entre o conjunto habitacional e o Parque Itamarati. A rua do [&hellip;]\" \/>\n<meta property=\"og:url\" content=\"https:\/\/radiolifefm.com.br\/noticias\/novas-casas-no-itamarati-aguas-de-chuva-arrastam-sujeira-e-invadem-imovel-de-morador\/\" \/>\n<meta property=\"og:site_name\" content=\"R\u00e1dio Life FM\" \/>\n<meta property=\"article:publisher\" content=\"https:\/\/www.facebook.com\/radiolifefm\/\" \/>\n<meta property=\"article:published_time\" content=\"2022-03-04T11:16:18+00:00\" \/>\n<meta property=\"article:modified_time\" content=\"2026-04-27T07:13:02+00:00\" \/>\n<meta property=\"og:image\" content=\"https:\/\/radiolifefm.com.br\/noticias\/wp-content\/uploads\/2022\/03\/img2319-1jpg16463267806220f3fc58a56.jpg\" \/>\n\t<meta property=\"og:image:width\" content=\"600\" \/>\n\t<meta property=\"og:image:height\" content=\"337\" \/>\n\t<meta property=\"og:image:type\" content=\"image\/jpeg\" \/>\n<meta name=\"author\" content=\"ritanery\" \/>\n<meta name=\"twitter:card\" content=\"summary_large_image\" \/>\n<meta name=\"twitter:label1\" content=\"Escrito por\" \/>\n\t<meta name=\"twitter:data1\" content=\"ritanery\" \/>\n\t<meta name=\"twitter:label2\" content=\"Est. tempo de leitura\" \/>\n\t<meta name=\"twitter:data2\" content=\"1 minuto\" \/>\n<script type=\"application\/ld+json\" class=\"yoast-schema-graph\">{\"@context\":\"https:\/\/schema.org\",\"@graph\":[{\"@type\":\"Article\",\"@id\":\"https:\/\/radiolifefm.com.br\/noticias\/novas-casas-no-itamarati-aguas-de-chuva-arrastam-sujeira-e-invadem-imovel-de-morador\/#article\",\"isPartOf\":{\"@id\":\"https:\/\/radiolifefm.com.br\/noticias\/novas-casas-no-itamarati-aguas-de-chuva-arrastam-sujeira-e-invadem-imovel-de-morador\/\"},\"author\":{\"name\":\"ritanery\",\"@id\":\"https:\/\/radiolifefm.com.br\/noticias\/#\/schema\/person\/6339b9fac59d12b071dec680d7375d87\"},\"headline\":\"Novas casas no Itamarati: \u00e1guas de chuva arrastam sujeira e invadem im\u00f3vel de morador\",\"datePublished\":\"2022-03-04T11:16:18+00:00\",\"dateModified\":\"2026-04-27T07:13:02+00:00\",\"mainEntityOfPage\":{\"@id\":\"https:\/\/radiolifefm.com.br\/noticias\/novas-casas-no-itamarati-aguas-de-chuva-arrastam-sujeira-e-invadem-imovel-de-morador\/\"},\"wordCount\":272,\"publisher\":{\"@id\":\"https:\/\/radiolifefm.com.br\/noticias\/#organization\"},\"image\":{\"@id\":\"https:\/\/radiolifefm.com.br\/noticias\/novas-casas-no-itamarati-aguas-de-chuva-arrastam-sujeira-e-invadem-imovel-de-morador\/#primaryimage\"},\"thumbnailUrl\":\"https:\/\/radiolifefm.com.br\/noticias\/wp-content\/uploads\/2022\/03\/img2319-1jpg16463267806220f3fc58a56.jpg\",\"articleSection\":[\"Adamantina\"],\"inLanguage\":\"pt-BR\"},{\"@type\":\"WebPage\",\"@id\":\"https:\/\/radiolifefm.com.br\/noticias\/novas-casas-no-itamarati-aguas-de-chuva-arrastam-sujeira-e-invadem-imovel-de-morador\/\",\"url\":\"https:\/\/radiolifefm.com.br\/noticias\/novas-casas-no-itamarati-aguas-de-chuva-arrastam-sujeira-e-invadem-imovel-de-morador\/\",\"name\":\"Novas casas no Itamarati: \u00e1guas de chuva arrastam sujeira e invadem im\u00f3vel de morador - R\u00e1dio Life FM\",\"isPartOf\":{\"@id\":\"https:\/\/radiolifefm.com.br\/noticias\/#website\"},\"primaryImageOfPage\":{\"@id\":\"https:\/\/radiolifefm.com.br\/noticias\/novas-casas-no-itamarati-aguas-de-chuva-arrastam-sujeira-e-invadem-imovel-de-morador\/#primaryimage\"},\"image\":{\"@id\":\"https:\/\/radiolifefm.com.br\/noticias\/novas-casas-no-itamarati-aguas-de-chuva-arrastam-sujeira-e-invadem-imovel-de-morador\/#primaryimage\"},\"thumbnailUrl\":\"https:\/\/radiolifefm.com.br\/noticias\/wp-content\/uploads\/2022\/03\/img2319-1jpg16463267806220f3fc58a56.jpg\",\"datePublished\":\"2022-03-04T11:16:18+00:00\",\"dateModified\":\"2026-04-27T07:13:02+00:00\",\"breadcrumb\":{\"@id\":\"https:\/\/radiolifefm.com.br\/noticias\/novas-casas-no-itamarati-aguas-de-chuva-arrastam-sujeira-e-invadem-imovel-de-morador\/#breadcrumb\"},\"inLanguage\":\"pt-BR\",\"potentialAction\":[{\"@type\":\"ReadAction\",\"target\":[\"https:\/\/radiolifefm.com.br\/noticias\/novas-casas-no-itamarati-aguas-de-chuva-arrastam-sujeira-e-invadem-imovel-de-morador\/\"]}]},{\"@type\":\"ImageObject\",\"inLanguage\":\"pt-BR\",\"@id\":\"https:\/\/radiolifefm.com.br\/noticias\/novas-casas-no-itamarati-aguas-de-chuva-arrastam-sujeira-e-invadem-imovel-de-morador\/#primaryimage\",\"url\":\"https:\/\/radiolifefm.com.br\/noticias\/wp-content\/uploads\/2022\/03\/img2319-1jpg16463267806220f3fc58a56.jpg\",\"contentUrl\":\"https:\/\/radiolifefm.com.br\/noticias\/wp-content\/uploads\/2022\/03\/img2319-1jpg16463267806220f3fc58a56.jpg\",\"width\":600,\"height\":337,\"caption\":\"Morador procurou poder p\u00fablico, que ainda n\u00e3o deu solu\u00e7\u00e3o para o problema.\"},{\"@type\":\"BreadcrumbList\",\"@id\":\"https:\/\/radiolifefm.com.br\/noticias\/novas-casas-no-itamarati-aguas-de-chuva-arrastam-sujeira-e-invadem-imovel-de-morador\/#breadcrumb\",\"itemListElement\":[{\"@type\":\"ListItem\",\"position\":1,\"name\":\"In\u00edcio\",\"item\":\"https:\/\/radiolifefm.com.br\/noticias\/\"},{\"@type\":\"ListItem\",\"position\":2,\"name\":\"Novas casas no Itamarati: \u00e1guas de chuva arrastam sujeira e invadem im\u00f3vel de morador\"}]},{\"@type\":\"WebSite\",\"@id\":\"https:\/\/radiolifefm.com.br\/noticias\/#website\",\"url\":\"https:\/\/radiolifefm.com.br\/noticias\/\",\"name\":\"R\u00e1dio Life FM\",\"description\":\"O Portal de Not\u00edcias de Adamantina\",\"publisher\":{\"@id\":\"https:\/\/radiolifefm.com.br\/noticias\/#organization\"},\"alternateName\":\"Life FM\",\"potentialAction\":[{\"@type\":\"SearchAction\",\"target\":{\"@type\":\"EntryPoint\",\"urlTemplate\":\"https:\/\/radiolifefm.com.br\/noticias\/?s={search_term_string}\"},\"query-input\":{\"@type\":\"PropertyValueSpecification\",\"valueRequired\":true,\"valueName\":\"search_term_string\"}}],\"inLanguage\":\"pt-BR\"},{\"@type\":\"Organization\",\"@id\":\"https:\/\/radiolifefm.com.br\/noticias\/#organization\",\"name\":\"R\u00e1dio Life FM\",\"alternateName\":\"Life FM\",\"url\":\"https:\/\/radiolifefm.com.br\/noticias\/\",\"logo\":{\"@type\":\"ImageObject\",\"inLanguage\":\"pt-BR\",\"@id\":\"https:\/\/radiolifefm.com.br\/noticias\/#\/schema\/logo\/image\/\",\"url\":\"https:\/\/static.radiolifefm.com.br\/noticias\/wp-content\/uploads\/2019\/10\/logo-lifefm.png\",\"contentUrl\":\"https:\/\/static.radiolifefm.com.br\/noticias\/wp-content\/uploads\/2019\/10\/logo-lifefm.png\",\"width\":196,\"height\":47,\"caption\":\"R\u00e1dio Life FM\"},\"image\":{\"@id\":\"https:\/\/radiolifefm.com.br\/noticias\/#\/schema\/logo\/image\/\"},\"sameAs\":[\"https:\/\/www.facebook.com\/radiolifefm\/\",\"https:\/\/www.instagram.com\/life1079fm\/\"]},{\"@type\":\"Person\",\"@id\":\"https:\/\/radiolifefm.com.br\/noticias\/#\/schema\/person\/6339b9fac59d12b071dec680d7375d87\",\"name\":\"ritanery\",\"image\":{\"@type\":\"ImageObject\",\"inLanguage\":\"pt-BR\",\"@id\":\"https:\/\/secure.gravatar.com\/avatar\/0e37bb19071f47c0b8a23f62a903df117c5a0e75f65a0c2901562f97cd41cf86?s=96&d=mm&r=g\",\"url\":\"https:\/\/secure.gravatar.com\/avatar\/0e37bb19071f47c0b8a23f62a903df117c5a0e75f65a0c2901562f97cd41cf86?s=96&d=mm&r=g\",\"contentUrl\":\"https:\/\/secure.gravatar.com\/avatar\/0e37bb19071f47c0b8a23f62a903df117c5a0e75f65a0c2901562f97cd41cf86?s=96&d=mm&r=g\",\"caption\":\"ritanery\"}}]}<\/script>\n<!-- \/ Yoast SEO plugin. -->","yoast_head_json":{"title":"Novas casas no Itamarati: \u00e1guas de chuva arrastam sujeira e invadem im\u00f3vel de morador - R\u00e1dio Life FM","robots":{"index":"index","follow":"follow","max-snippet":"max-snippet:-1","max-image-preview":"max-image-preview:large","max-video-preview":"max-video-preview:-1"},"canonical":"https:\/\/radiolifefm.com.br\/noticias\/novas-casas-no-itamarati-aguas-de-chuva-arrastam-sujeira-e-invadem-imovel-de-morador\/","og_locale":"pt_BR","og_type":"article","og_title":"Novas casas no Itamarati: \u00e1guas de chuva arrastam sujeira e invadem im\u00f3vel de morador - R\u00e1dio Life FM","og_description":"Um morador das novas casas populares do conjunto habitacional Murilo Jaccoud, localizado no Parque Itamarati, convive com um drama desde que recebeu as chaves do im\u00f3vel, em agosto de 2020. Ele mora em uma das casas na Rua Saldanha Marinho, que faz a divisa entre o conjunto habitacional e o Parque Itamarati. A rua do [&hellip;]","og_url":"https:\/\/radiolifefm.com.br\/noticias\/novas-casas-no-itamarati-aguas-de-chuva-arrastam-sujeira-e-invadem-imovel-de-morador\/","og_site_name":"R\u00e1dio Life FM","article_publisher":"https:\/\/www.facebook.com\/radiolifefm\/","article_published_time":"2022-03-04T11:16:18+00:00","article_modified_time":"2026-04-27T07:13:02+00:00","og_image":[{"width":600,"height":337,"url":"https:\/\/radiolifefm.com.br\/noticias\/wp-content\/uploads\/2022\/03\/img2319-1jpg16463267806220f3fc58a56.jpg","type":"image\/jpeg"}],"author":"ritanery","twitter_card":"summary_large_image","twitter_misc":{"Escrito por":"ritanery","Est. tempo de leitura":"1 minuto"},"schema":{"@context":"https:\/\/schema.org","@graph":[{"@type":"Article","@id":"https:\/\/radiolifefm.com.br\/noticias\/novas-casas-no-itamarati-aguas-de-chuva-arrastam-sujeira-e-invadem-imovel-de-morador\/#article","isPartOf":{"@id":"https:\/\/radiolifefm.com.br\/noticias\/novas-casas-no-itamarati-aguas-de-chuva-arrastam-sujeira-e-invadem-imovel-de-morador\/"},"author":{"name":"ritanery","@id":"https:\/\/radiolifefm.com.br\/noticias\/#\/schema\/person\/6339b9fac59d12b071dec680d7375d87"},"headline":"Novas casas no Itamarati: \u00e1guas de chuva arrastam sujeira e invadem im\u00f3vel de morador","datePublished":"2022-03-04T11:16:18+00:00","dateModified":"2026-04-27T07:13:02+00:00","mainEntityOfPage":{"@id":"https:\/\/radiolifefm.com.br\/noticias\/novas-casas-no-itamarati-aguas-de-chuva-arrastam-sujeira-e-invadem-imovel-de-morador\/"},"wordCount":272,"publisher":{"@id":"https:\/\/radiolifefm.com.br\/noticias\/#organization"},"image":{"@id":"https:\/\/radiolifefm.com.br\/noticias\/novas-casas-no-itamarati-aguas-de-chuva-arrastam-sujeira-e-invadem-imovel-de-morador\/#primaryimage"},"thumbnailUrl":"https:\/\/radiolifefm.com.br\/noticias\/wp-content\/uploads\/2022\/03\/img2319-1jpg16463267806220f3fc58a56.jpg","articleSection":["Adamantina"],"inLanguage":"pt-BR"},{"@type":"WebPage","@id":"https:\/\/radiolifefm.com.br\/noticias\/novas-casas-no-itamarati-aguas-de-chuva-arrastam-sujeira-e-invadem-imovel-de-morador\/","url":"https:\/\/radiolifefm.com.br\/noticias\/novas-casas-no-itamarati-aguas-de-chuva-arrastam-sujeira-e-invadem-imovel-de-morador\/","name":"Novas casas no Itamarati: \u00e1guas de chuva arrastam sujeira e invadem im\u00f3vel de morador - R\u00e1dio Life FM","isPartOf":{"@id":"https:\/\/radiolifefm.com.br\/noticias\/#website"},"primaryImageOfPage":{"@id":"https:\/\/radiolifefm.com.br\/noticias\/novas-casas-no-itamarati-aguas-de-chuva-arrastam-sujeira-e-invadem-imovel-de-morador\/#primaryimage"},"image":{"@id":"https:\/\/radiolifefm.com.br\/noticias\/novas-casas-no-itamarati-aguas-de-chuva-arrastam-sujeira-e-invadem-imovel-de-morador\/#primaryimage"},"thumbnailUrl":"https:\/\/radiolifefm.com.br\/noticias\/wp-content\/uploads\/2022\/03\/img2319-1jpg16463267806220f3fc58a56.jpg","datePublished":"2022-03-04T11:16:18+00:00","dateModified":"2026-04-27T07:13:02+00:00","breadcrumb":{"@id":"https:\/\/radiolifefm.com.br\/noticias\/novas-casas-no-itamarati-aguas-de-chuva-arrastam-sujeira-e-invadem-imovel-de-morador\/#breadcrumb"},"inLanguage":"pt-BR","potentialAction":[{"@type":"ReadAction","target":["https:\/\/radiolifefm.com.br\/noticias\/novas-casas-no-itamarati-aguas-de-chuva-arrastam-sujeira-e-invadem-imovel-de-morador\/"]}]},{"@type":"ImageObject","inLanguage":"pt-BR","@id":"https:\/\/radiolifefm.com.br\/noticias\/novas-casas-no-itamarati-aguas-de-chuva-arrastam-sujeira-e-invadem-imovel-de-morador\/#primaryimage","url":"https:\/\/radiolifefm.com.br\/noticias\/wp-content\/uploads\/2022\/03\/img2319-1jpg16463267806220f3fc58a56.jpg","contentUrl":"https:\/\/radiolifefm.com.br\/noticias\/wp-content\/uploads\/2022\/03\/img2319-1jpg16463267806220f3fc58a56.jpg","width":600,"height":337,"caption":"Morador procurou poder p\u00fablico, que ainda n\u00e3o deu solu\u00e7\u00e3o para o problema."},{"@type":"BreadcrumbList","@id":"https:\/\/radiolifefm.com.br\/noticias\/novas-casas-no-itamarati-aguas-de-chuva-arrastam-sujeira-e-invadem-imovel-de-morador\/#breadcrumb","itemListElement":[{"@type":"ListItem","position":1,"name":"In\u00edcio","item":"https:\/\/radiolifefm.com.br\/noticias\/"},{"@type":"ListItem","position":2,"name":"Novas casas no Itamarati: \u00e1guas de chuva arrastam sujeira e invadem im\u00f3vel de morador"}]},{"@type":"WebSite","@id":"https:\/\/radiolifefm.com.br\/noticias\/#website","url":"https:\/\/radiolifefm.com.br\/noticias\/","name":"R\u00e1dio Life FM","description":"O Portal de Not\u00edcias de Adamantina","publisher":{"@id":"https:\/\/radiolifefm.com.br\/noticias\/#organization"},"alternateName":"Life FM","potentialAction":[{"@type":"SearchAction","target":{"@type":"EntryPoint","urlTemplate":"https:\/\/radiolifefm.com.br\/noticias\/?s={search_term_string}"},"query-input":{"@type":"PropertyValueSpecification","valueRequired":true,"valueName":"search_term_string"}}],"inLanguage":"pt-BR"},{"@type":"Organization","@id":"https:\/\/radiolifefm.com.br\/noticias\/#organization","name":"R\u00e1dio Life FM","alternateName":"Life FM","url":"https:\/\/radiolifefm.com.br\/noticias\/","logo":{"@type":"ImageObject","inLanguage":"pt-BR","@id":"https:\/\/radiolifefm.com.br\/noticias\/#\/schema\/logo\/image\/","url":"https:\/\/static.radiolifefm.com.br\/noticias\/wp-content\/uploads\/2019\/10\/logo-lifefm.png","contentUrl":"https:\/\/static.radiolifefm.com.br\/noticias\/wp-content\/uploads\/2019\/10\/logo-lifefm.png","width":196,"height":47,"caption":"R\u00e1dio Life FM"},"image":{"@id":"https:\/\/radiolifefm.com.br\/noticias\/#\/schema\/logo\/image\/"},"sameAs":["https:\/\/www.facebook.com\/radiolifefm\/","https:\/\/www.instagram.com\/life1079fm\/"]},{"@type":"Person","@id":"https:\/\/radiolifefm.com.br\/noticias\/#\/schema\/person\/6339b9fac59d12b071dec680d7375d87","name":"ritanery","image":{"@type":"ImageObject","inLanguage":"pt-BR","@id":"https:\/\/secure.gravatar.com\/avatar\/0e37bb19071f47c0b8a23f62a903df117c5a0e75f65a0c2901562f97cd41cf86?s=96&d=mm&r=g","url":"https:\/\/secure.gravatar.com\/avatar\/0e37bb19071f47c0b8a23f62a903df117c5a0e75f65a0c2901562f97cd41cf86?s=96&d=mm&r=g","contentUrl":"https:\/\/secure.gravatar.com\/avatar\/0e37bb19071f47c0b8a23f62a903df117c5a0e75f65a0c2901562f97cd41cf86?s=96&d=mm&r=g","caption":"ritanery"}}]}},"amp_enabled":true,"_links":{"self":[{"href":"https:\/\/radiolifefm.com.br\/noticias\/wp-json\/wp\/v2\/posts\/50132","targetHints":{"allow":["GET"]}}],"collection":[{"href":"https:\/\/radiolifefm.com.br\/noticias\/wp-json\/wp\/v2\/posts"}],"about":[{"href":"https:\/\/radiolifefm.com.br\/noticias\/wp-json\/wp\/v2\/types\/post"}],"author":[{"embeddable":true,"href":"https:\/\/radiolifefm.com.br\/noticias\/wp-json\/wp\/v2\/users\/13"}],"replies":[{"embeddable":true,"href":"https:\/\/radiolifefm.com.br\/noticias\/wp-json\/wp\/v2\/comments?post=50132"}],"version-history":[{"count":4,"href":"https:\/\/radiolifefm.com.br\/noticias\/wp-json\/wp\/v2\/posts\/50132\/revisions"}],"predecessor-version":[{"id":50137,"href":"https:\/\/radiolifefm.com.br\/noticias\/wp-json\/wp\/v2\/posts\/50132\/revisions\/50137"}],"wp:featuredmedia":[{"embeddable":true,"href":"https:\/\/radiolifefm.com.br\/noticias\/wp-json\/wp\/v2\/media\/50133"}],"wp:attachment":[{"href":"https:\/\/radiolifefm.com.br\/noticias\/wp-json\/wp\/v2\/media?parent=50132"}],"wp:term":[{"taxonomy":"category","embeddable":true,"href":"https:\/\/radiolifefm.com.br\/noticias\/wp-json\/wp\/v2\/categories?post=50132"},{"taxonomy":"post_tag","embeddable":true,"href":"https:\/\/radiolifefm.com.br\/noticias\/wp-json\/wp\/v2\/tags?post=50132"}],"curies":[{"name":"wp","href":"https:\/\/api.w.org\/{rel}","templated":true}]}}