{"id":50099,"date":"2022-03-03T23:07:06","date_gmt":"2022-03-04T02:07:06","guid":{"rendered":"https:\/\/radiolifefm.com.br\/noticias\/?p=50099"},"modified":"2026-04-09T14:26:52","modified_gmt":"2026-04-09T17:26:52","slug":"secretaria-de-assistencia-social-de-adamantina-esclarece-duvidas-a-respeito-do-cadastro-no-cadunico","status":"publish","type":"post","link":"https:\/\/radiolifefm.com.br\/noticias\/secretaria-de-assistencia-social-de-adamantina-esclarece-duvidas-a-respeito-do-cadastro-no-cadunico\/","title":{"rendered":"Secretaria de Assist\u00eancia Social de Adamantina esclarece d\u00favidas a respeito do cadastro no Cad\u00danico"},"content":{"rendered":"<div id=\"fb-root\"><\/div>\n<p style=\"font-weight: 400\">A Prefeitura de Adamantina, por meio da Secretaria de Assist\u00eancia Social, vem registrando aumento na busca pelo cadastramento no Cadastro \u00danico, que \u00e9 uma iniciativa do Governo Federal usada para identificar e conhecer as fam\u00edlias que est\u00e3o enquadradas como de baixa renda.<\/p>\n<p style=\"font-weight: 400\">Como forma de auxiliar no preenchimento dos dados assim como na an\u00e1lise da documenta\u00e7\u00e3o para o poss\u00edvel recebimento dos benef\u00edcios, a pasta tem disponibilizado um agendamento a fim de atender as pessoas que tem procurado pelo servi\u00e7o.<\/p>\n<p style=\"font-weight: 400\">\u201cA demanda est\u00e1 alta em virtude dos reflexos da pandemia. Por isso, \u00e9 necess\u00e1rio fazer o agendamento, pois diariamente nossa equipe tem atendido 32 pessoas\u201d, explica a secretaria da pasta, Andreia Regina Ribeiro.<\/p>\n<p style=\"font-weight: 400\">Muitos mun\u00edcipes tem procurado a secretaria, pois acreditam que, por terem recebido o Aux\u00edlio Emergencial, podem ser cadastrar no Cad\u00danico, mas n\u00e3o \u00e9 assim que acontece.<\/p>\n<p style=\"font-weight: 400\">De acordo com a equipe respons\u00e1vel pelos cadastros, os crit\u00e9rios divulgados pelo Governo na \u00e9poca para o Aux\u00edlio Emergencial eram abrangentes e isso n\u00e3o acontece com o Cad\u00danico.<\/p>\n<p style=\"font-weight: 400\">Para fazer o cadastro, a pessoa precisa receber at\u00e9 tr\u00eas sal\u00e1rios m\u00ednimos por fam\u00edlia e ap\u00f3s avalia\u00e7\u00e3o do Governo Federal, os benef\u00edcios s\u00e3o concedidos de forma autom\u00e1tica.<\/p>\n<p style=\"font-weight: 400\">Assim como a inclus\u00e3o nos benef\u00edcios, cabe ainda ao Governo Federal fazer o bloqueio a partir dos dados que est\u00e3o dispon\u00edveis no sistema. \u201cPor isso, ressaltamos a import\u00e2ncia da atualiza\u00e7\u00e3o sempre constante do Cadastro \u00danico\u201d, afirma.<\/p>\n<p style=\"font-weight: 400\">A equipe ainda orienta que em caso de dados conflitantes ou sem a devida atualiza\u00e7\u00e3o, o benef\u00edcio pode ser cortado sem aviso pr\u00e9vio.<\/p>\n<p style=\"font-weight: 400\">\u201cEstamos \u00e0 disposi\u00e7\u00e3o para atender, mas pedimos a compreens\u00e3o da popula\u00e7\u00e3o, pois a procura est\u00e1 alta, muitos faltam no agendamento ou chegam atrasados e isso dificulta o processo\u201d, finaliza.<\/p>\n<p style=\"font-weight: 400\">D\u00favidas ou mais informa\u00e7\u00f5es podem ser obtidas por meio do telefone (18)3521-1900 ou (18)3521-2011.<\/p>\n<p style=\"font-weight: 400\">Documentos necess\u00e1rios que devem ser apresentados durante o atendimento<\/p>\n<p style=\"font-weight: 400\">&#8211; Certid\u00e3o de Nascimento ou Casamento<\/p>\n<p style=\"font-weight: 400\">&#8211; RG e CPF (n\u00e3o pode ser CNH)<\/p>\n<p style=\"font-weight: 400\">&#8211; \u00daltima conta de luz (mesmo n\u00e3o estando paga)<\/p>\n<p style=\"font-weight: 400\">&#8211; Apresentar todos os documentos das pessoas que moram na mesma casa e originais<\/p>\n<p>&nbsp;<\/p>\n<p>Fonte: Assessoria de Imprensa<\/p>\n","protected":false},"excerpt":{"rendered":"<p>A Prefeitura de Adamantina, por meio da Secretaria de Assist\u00eancia Social, vem registrando aumento na busca pelo cadastramento no Cadastro \u00danico, que \u00e9 uma iniciativa do Governo Federal usada para identificar e conhecer as fam\u00edlias que est\u00e3o enquadradas como de baixa renda. Como forma de auxiliar no preenchimento dos dados assim como na an\u00e1lise da [&hellip;]<\/p>\n","protected":false},"author":13,"featured_media":50100,"comment_status":"closed","ping_status":"open","sticky":false,"template":"","format":"standard","meta":{"_acf_changed":false,"_exactmetrics_skip_tracking":false,"_exactmetrics_sitenote_active":false,"_exactmetrics_sitenote_note":"","_exactmetrics_sitenote_category":0,"footnotes":""},"categories":[21],"tags":[],"class_list":["post-50099","post","type-post","status-publish","format-standard","has-post-thumbnail","hentry","category-adamantina"],"acf":[],"yoast_head":"<!-- This site is optimized with the Yoast SEO plugin v27.2 - https:\/\/yoast.com\/product\/yoast-seo-wordpress\/ -->\n<title>Secretaria de Assist\u00eancia Social de Adamantina esclarece d\u00favidas a respeito do cadastro no Cad\u00danico - R\u00e1dio Life FM<\/title>\n<meta name=\"robots\" content=\"index, follow, max-snippet:-1, max-image-preview:large, max-video-preview:-1\" \/>\n<link rel=\"canonical\" href=\"https:\/\/radiolifefm.com.br\/noticias\/secretaria-de-assistencia-social-de-adamantina-esclarece-duvidas-a-respeito-do-cadastro-no-cadunico\/\" \/>\n<meta property=\"og:locale\" content=\"pt_BR\" \/>\n<meta property=\"og:type\" content=\"article\" \/>\n<meta property=\"og:title\" content=\"Secretaria de Assist\u00eancia Social de Adamantina esclarece d\u00favidas a respeito do cadastro no Cad\u00danico - R\u00e1dio Life FM\" \/>\n<meta property=\"og:description\" content=\"A Prefeitura de Adamantina, por meio da Secretaria de Assist\u00eancia Social, vem registrando aumento na busca pelo cadastramento no Cadastro \u00danico, que \u00e9 uma iniciativa do Governo Federal usada para identificar e conhecer as fam\u00edlias que est\u00e3o enquadradas como de baixa renda. Como forma de auxiliar no preenchimento dos dados assim como na an\u00e1lise da [&hellip;]\" \/>\n<meta property=\"og:url\" content=\"https:\/\/radiolifefm.com.br\/noticias\/secretaria-de-assistencia-social-de-adamantina-esclarece-duvidas-a-respeito-do-cadastro-no-cadunico\/\" \/>\n<meta property=\"og:site_name\" content=\"R\u00e1dio Life FM\" \/>\n<meta property=\"article:publisher\" content=\"https:\/\/www.facebook.com\/radiolifefm\/\" \/>\n<meta property=\"article:published_time\" content=\"2022-03-04T02:07:06+00:00\" \/>\n<meta property=\"article:modified_time\" content=\"2026-04-09T17:26:52+00:00\" \/>\n<meta property=\"og:image\" content=\"https:\/\/radiolifefm.com.br\/noticias\/wp-content\/uploads\/2022\/03\/CAD-1024x512-1.jpg\" \/>\n\t<meta property=\"og:image:width\" content=\"1024\" \/>\n\t<meta property=\"og:image:height\" content=\"512\" \/>\n\t<meta property=\"og:image:type\" content=\"image\/jpeg\" \/>\n<meta name=\"author\" content=\"ritanery\" \/>\n<meta name=\"twitter:card\" content=\"summary_large_image\" \/>\n<meta name=\"twitter:label1\" content=\"Escrito por\" \/>\n\t<meta name=\"twitter:data1\" content=\"ritanery\" \/>\n\t<meta name=\"twitter:label2\" content=\"Est. tempo de leitura\" \/>\n\t<meta name=\"twitter:data2\" content=\"2 minutos\" \/>\n<script type=\"application\/ld+json\" class=\"yoast-schema-graph\">{\"@context\":\"https:\/\/schema.org\",\"@graph\":[{\"@type\":\"Article\",\"@id\":\"https:\/\/radiolifefm.com.br\/noticias\/secretaria-de-assistencia-social-de-adamantina-esclarece-duvidas-a-respeito-do-cadastro-no-cadunico\/#article\",\"isPartOf\":{\"@id\":\"https:\/\/radiolifefm.com.br\/noticias\/secretaria-de-assistencia-social-de-adamantina-esclarece-duvidas-a-respeito-do-cadastro-no-cadunico\/\"},\"author\":{\"name\":\"ritanery\",\"@id\":\"https:\/\/radiolifefm.com.br\/noticias\/#\/schema\/person\/6339b9fac59d12b071dec680d7375d87\"},\"headline\":\"Secretaria de Assist\u00eancia Social de Adamantina esclarece d\u00favidas a respeito do cadastro no Cad\u00danico\",\"datePublished\":\"2022-03-04T02:07:06+00:00\",\"dateModified\":\"2026-04-09T17:26:52+00:00\",\"mainEntityOfPage\":{\"@id\":\"https:\/\/radiolifefm.com.br\/noticias\/secretaria-de-assistencia-social-de-adamantina-esclarece-duvidas-a-respeito-do-cadastro-no-cadunico\/\"},\"wordCount\":403,\"publisher\":{\"@id\":\"https:\/\/radiolifefm.com.br\/noticias\/#organization\"},\"image\":{\"@id\":\"https:\/\/radiolifefm.com.br\/noticias\/secretaria-de-assistencia-social-de-adamantina-esclarece-duvidas-a-respeito-do-cadastro-no-cadunico\/#primaryimage\"},\"thumbnailUrl\":\"https:\/\/radiolifefm.com.br\/noticias\/wp-content\/uploads\/2022\/03\/CAD-1024x512-1.jpg\",\"articleSection\":[\"Adamantina\"],\"inLanguage\":\"pt-BR\"},{\"@type\":\"WebPage\",\"@id\":\"https:\/\/radiolifefm.com.br\/noticias\/secretaria-de-assistencia-social-de-adamantina-esclarece-duvidas-a-respeito-do-cadastro-no-cadunico\/\",\"url\":\"https:\/\/radiolifefm.com.br\/noticias\/secretaria-de-assistencia-social-de-adamantina-esclarece-duvidas-a-respeito-do-cadastro-no-cadunico\/\",\"name\":\"Secretaria de Assist\u00eancia Social de Adamantina esclarece d\u00favidas a respeito do cadastro no Cad\u00danico - R\u00e1dio Life FM\",\"isPartOf\":{\"@id\":\"https:\/\/radiolifefm.com.br\/noticias\/#website\"},\"primaryImageOfPage\":{\"@id\":\"https:\/\/radiolifefm.com.br\/noticias\/secretaria-de-assistencia-social-de-adamantina-esclarece-duvidas-a-respeito-do-cadastro-no-cadunico\/#primaryimage\"},\"image\":{\"@id\":\"https:\/\/radiolifefm.com.br\/noticias\/secretaria-de-assistencia-social-de-adamantina-esclarece-duvidas-a-respeito-do-cadastro-no-cadunico\/#primaryimage\"},\"thumbnailUrl\":\"https:\/\/radiolifefm.com.br\/noticias\/wp-content\/uploads\/2022\/03\/CAD-1024x512-1.jpg\",\"datePublished\":\"2022-03-04T02:07:06+00:00\",\"dateModified\":\"2026-04-09T17:26:52+00:00\",\"breadcrumb\":{\"@id\":\"https:\/\/radiolifefm.com.br\/noticias\/secretaria-de-assistencia-social-de-adamantina-esclarece-duvidas-a-respeito-do-cadastro-no-cadunico\/#breadcrumb\"},\"inLanguage\":\"pt-BR\",\"potentialAction\":[{\"@type\":\"ReadAction\",\"target\":[\"https:\/\/radiolifefm.com.br\/noticias\/secretaria-de-assistencia-social-de-adamantina-esclarece-duvidas-a-respeito-do-cadastro-no-cadunico\/\"]}]},{\"@type\":\"ImageObject\",\"inLanguage\":\"pt-BR\",\"@id\":\"https:\/\/radiolifefm.com.br\/noticias\/secretaria-de-assistencia-social-de-adamantina-esclarece-duvidas-a-respeito-do-cadastro-no-cadunico\/#primaryimage\",\"url\":\"https:\/\/radiolifefm.com.br\/noticias\/wp-content\/uploads\/2022\/03\/CAD-1024x512-1.jpg\",\"contentUrl\":\"https:\/\/radiolifefm.com.br\/noticias\/wp-content\/uploads\/2022\/03\/CAD-1024x512-1.jpg\",\"width\":1024,\"height\":512},{\"@type\":\"BreadcrumbList\",\"@id\":\"https:\/\/radiolifefm.com.br\/noticias\/secretaria-de-assistencia-social-de-adamantina-esclarece-duvidas-a-respeito-do-cadastro-no-cadunico\/#breadcrumb\",\"itemListElement\":[{\"@type\":\"ListItem\",\"position\":1,\"name\":\"In\u00edcio\",\"item\":\"https:\/\/radiolifefm.com.br\/noticias\/\"},{\"@type\":\"ListItem\",\"position\":2,\"name\":\"Secretaria de Assist\u00eancia Social de Adamantina esclarece d\u00favidas a respeito do cadastro no Cad\u00danico\"}]},{\"@type\":\"WebSite\",\"@id\":\"https:\/\/radiolifefm.com.br\/noticias\/#website\",\"url\":\"https:\/\/radiolifefm.com.br\/noticias\/\",\"name\":\"R\u00e1dio Life FM\",\"description\":\"O Portal de Not\u00edcias de Adamantina\",\"publisher\":{\"@id\":\"https:\/\/radiolifefm.com.br\/noticias\/#organization\"},\"alternateName\":\"Life FM\",\"potentialAction\":[{\"@type\":\"SearchAction\",\"target\":{\"@type\":\"EntryPoint\",\"urlTemplate\":\"https:\/\/radiolifefm.com.br\/noticias\/?s={search_term_string}\"},\"query-input\":{\"@type\":\"PropertyValueSpecification\",\"valueRequired\":true,\"valueName\":\"search_term_string\"}}],\"inLanguage\":\"pt-BR\"},{\"@type\":\"Organization\",\"@id\":\"https:\/\/radiolifefm.com.br\/noticias\/#organization\",\"name\":\"R\u00e1dio Life FM\",\"alternateName\":\"Life FM\",\"url\":\"https:\/\/radiolifefm.com.br\/noticias\/\",\"logo\":{\"@type\":\"ImageObject\",\"inLanguage\":\"pt-BR\",\"@id\":\"https:\/\/radiolifefm.com.br\/noticias\/#\/schema\/logo\/image\/\",\"url\":\"https:\/\/static.radiolifefm.com.br\/noticias\/wp-content\/uploads\/2019\/10\/logo-lifefm.png\",\"contentUrl\":\"https:\/\/static.radiolifefm.com.br\/noticias\/wp-content\/uploads\/2019\/10\/logo-lifefm.png\",\"width\":196,\"height\":47,\"caption\":\"R\u00e1dio Life FM\"},\"image\":{\"@id\":\"https:\/\/radiolifefm.com.br\/noticias\/#\/schema\/logo\/image\/\"},\"sameAs\":[\"https:\/\/www.facebook.com\/radiolifefm\/\",\"https:\/\/www.instagram.com\/life1079fm\/\"]},{\"@type\":\"Person\",\"@id\":\"https:\/\/radiolifefm.com.br\/noticias\/#\/schema\/person\/6339b9fac59d12b071dec680d7375d87\",\"name\":\"ritanery\",\"image\":{\"@type\":\"ImageObject\",\"inLanguage\":\"pt-BR\",\"@id\":\"https:\/\/secure.gravatar.com\/avatar\/0e37bb19071f47c0b8a23f62a903df117c5a0e75f65a0c2901562f97cd41cf86?s=96&d=mm&r=g\",\"url\":\"https:\/\/secure.gravatar.com\/avatar\/0e37bb19071f47c0b8a23f62a903df117c5a0e75f65a0c2901562f97cd41cf86?s=96&d=mm&r=g\",\"contentUrl\":\"https:\/\/secure.gravatar.com\/avatar\/0e37bb19071f47c0b8a23f62a903df117c5a0e75f65a0c2901562f97cd41cf86?s=96&d=mm&r=g\",\"caption\":\"ritanery\"}}]}<\/script>\n<!-- \/ Yoast SEO plugin. -->","yoast_head_json":{"title":"Secretaria de Assist\u00eancia Social de Adamantina esclarece d\u00favidas a respeito do cadastro no Cad\u00danico - R\u00e1dio Life FM","robots":{"index":"index","follow":"follow","max-snippet":"max-snippet:-1","max-image-preview":"max-image-preview:large","max-video-preview":"max-video-preview:-1"},"canonical":"https:\/\/radiolifefm.com.br\/noticias\/secretaria-de-assistencia-social-de-adamantina-esclarece-duvidas-a-respeito-do-cadastro-no-cadunico\/","og_locale":"pt_BR","og_type":"article","og_title":"Secretaria de Assist\u00eancia Social de Adamantina esclarece d\u00favidas a respeito do cadastro no Cad\u00danico - R\u00e1dio Life FM","og_description":"A Prefeitura de Adamantina, por meio da Secretaria de Assist\u00eancia Social, vem registrando aumento na busca pelo cadastramento no Cadastro \u00danico, que \u00e9 uma iniciativa do Governo Federal usada para identificar e conhecer as fam\u00edlias que est\u00e3o enquadradas como de baixa renda. Como forma de auxiliar no preenchimento dos dados assim como na an\u00e1lise da [&hellip;]","og_url":"https:\/\/radiolifefm.com.br\/noticias\/secretaria-de-assistencia-social-de-adamantina-esclarece-duvidas-a-respeito-do-cadastro-no-cadunico\/","og_site_name":"R\u00e1dio Life FM","article_publisher":"https:\/\/www.facebook.com\/radiolifefm\/","article_published_time":"2022-03-04T02:07:06+00:00","article_modified_time":"2026-04-09T17:26:52+00:00","og_image":[{"width":1024,"height":512,"url":"https:\/\/radiolifefm.com.br\/noticias\/wp-content\/uploads\/2022\/03\/CAD-1024x512-1.jpg","type":"image\/jpeg"}],"author":"ritanery","twitter_card":"summary_large_image","twitter_misc":{"Escrito por":"ritanery","Est. tempo de leitura":"2 minutos"},"schema":{"@context":"https:\/\/schema.org","@graph":[{"@type":"Article","@id":"https:\/\/radiolifefm.com.br\/noticias\/secretaria-de-assistencia-social-de-adamantina-esclarece-duvidas-a-respeito-do-cadastro-no-cadunico\/#article","isPartOf":{"@id":"https:\/\/radiolifefm.com.br\/noticias\/secretaria-de-assistencia-social-de-adamantina-esclarece-duvidas-a-respeito-do-cadastro-no-cadunico\/"},"author":{"name":"ritanery","@id":"https:\/\/radiolifefm.com.br\/noticias\/#\/schema\/person\/6339b9fac59d12b071dec680d7375d87"},"headline":"Secretaria de Assist\u00eancia Social de Adamantina esclarece d\u00favidas a respeito do cadastro no Cad\u00danico","datePublished":"2022-03-04T02:07:06+00:00","dateModified":"2026-04-09T17:26:52+00:00","mainEntityOfPage":{"@id":"https:\/\/radiolifefm.com.br\/noticias\/secretaria-de-assistencia-social-de-adamantina-esclarece-duvidas-a-respeito-do-cadastro-no-cadunico\/"},"wordCount":403,"publisher":{"@id":"https:\/\/radiolifefm.com.br\/noticias\/#organization"},"image":{"@id":"https:\/\/radiolifefm.com.br\/noticias\/secretaria-de-assistencia-social-de-adamantina-esclarece-duvidas-a-respeito-do-cadastro-no-cadunico\/#primaryimage"},"thumbnailUrl":"https:\/\/radiolifefm.com.br\/noticias\/wp-content\/uploads\/2022\/03\/CAD-1024x512-1.jpg","articleSection":["Adamantina"],"inLanguage":"pt-BR"},{"@type":"WebPage","@id":"https:\/\/radiolifefm.com.br\/noticias\/secretaria-de-assistencia-social-de-adamantina-esclarece-duvidas-a-respeito-do-cadastro-no-cadunico\/","url":"https:\/\/radiolifefm.com.br\/noticias\/secretaria-de-assistencia-social-de-adamantina-esclarece-duvidas-a-respeito-do-cadastro-no-cadunico\/","name":"Secretaria de Assist\u00eancia Social de Adamantina esclarece d\u00favidas a respeito do cadastro no Cad\u00danico - R\u00e1dio Life FM","isPartOf":{"@id":"https:\/\/radiolifefm.com.br\/noticias\/#website"},"primaryImageOfPage":{"@id":"https:\/\/radiolifefm.com.br\/noticias\/secretaria-de-assistencia-social-de-adamantina-esclarece-duvidas-a-respeito-do-cadastro-no-cadunico\/#primaryimage"},"image":{"@id":"https:\/\/radiolifefm.com.br\/noticias\/secretaria-de-assistencia-social-de-adamantina-esclarece-duvidas-a-respeito-do-cadastro-no-cadunico\/#primaryimage"},"thumbnailUrl":"https:\/\/radiolifefm.com.br\/noticias\/wp-content\/uploads\/2022\/03\/CAD-1024x512-1.jpg","datePublished":"2022-03-04T02:07:06+00:00","dateModified":"2026-04-09T17:26:52+00:00","breadcrumb":{"@id":"https:\/\/radiolifefm.com.br\/noticias\/secretaria-de-assistencia-social-de-adamantina-esclarece-duvidas-a-respeito-do-cadastro-no-cadunico\/#breadcrumb"},"inLanguage":"pt-BR","potentialAction":[{"@type":"ReadAction","target":["https:\/\/radiolifefm.com.br\/noticias\/secretaria-de-assistencia-social-de-adamantina-esclarece-duvidas-a-respeito-do-cadastro-no-cadunico\/"]}]},{"@type":"ImageObject","inLanguage":"pt-BR","@id":"https:\/\/radiolifefm.com.br\/noticias\/secretaria-de-assistencia-social-de-adamantina-esclarece-duvidas-a-respeito-do-cadastro-no-cadunico\/#primaryimage","url":"https:\/\/radiolifefm.com.br\/noticias\/wp-content\/uploads\/2022\/03\/CAD-1024x512-1.jpg","contentUrl":"https:\/\/radiolifefm.com.br\/noticias\/wp-content\/uploads\/2022\/03\/CAD-1024x512-1.jpg","width":1024,"height":512},{"@type":"BreadcrumbList","@id":"https:\/\/radiolifefm.com.br\/noticias\/secretaria-de-assistencia-social-de-adamantina-esclarece-duvidas-a-respeito-do-cadastro-no-cadunico\/#breadcrumb","itemListElement":[{"@type":"ListItem","position":1,"name":"In\u00edcio","item":"https:\/\/radiolifefm.com.br\/noticias\/"},{"@type":"ListItem","position":2,"name":"Secretaria de Assist\u00eancia Social de Adamantina esclarece d\u00favidas a respeito do cadastro no Cad\u00danico"}]},{"@type":"WebSite","@id":"https:\/\/radiolifefm.com.br\/noticias\/#website","url":"https:\/\/radiolifefm.com.br\/noticias\/","name":"R\u00e1dio Life FM","description":"O Portal de Not\u00edcias de Adamantina","publisher":{"@id":"https:\/\/radiolifefm.com.br\/noticias\/#organization"},"alternateName":"Life FM","potentialAction":[{"@type":"SearchAction","target":{"@type":"EntryPoint","urlTemplate":"https:\/\/radiolifefm.com.br\/noticias\/?s={search_term_string}"},"query-input":{"@type":"PropertyValueSpecification","valueRequired":true,"valueName":"search_term_string"}}],"inLanguage":"pt-BR"},{"@type":"Organization","@id":"https:\/\/radiolifefm.com.br\/noticias\/#organization","name":"R\u00e1dio Life FM","alternateName":"Life FM","url":"https:\/\/radiolifefm.com.br\/noticias\/","logo":{"@type":"ImageObject","inLanguage":"pt-BR","@id":"https:\/\/radiolifefm.com.br\/noticias\/#\/schema\/logo\/image\/","url":"https:\/\/static.radiolifefm.com.br\/noticias\/wp-content\/uploads\/2019\/10\/logo-lifefm.png","contentUrl":"https:\/\/static.radiolifefm.com.br\/noticias\/wp-content\/uploads\/2019\/10\/logo-lifefm.png","width":196,"height":47,"caption":"R\u00e1dio Life FM"},"image":{"@id":"https:\/\/radiolifefm.com.br\/noticias\/#\/schema\/logo\/image\/"},"sameAs":["https:\/\/www.facebook.com\/radiolifefm\/","https:\/\/www.instagram.com\/life1079fm\/"]},{"@type":"Person","@id":"https:\/\/radiolifefm.com.br\/noticias\/#\/schema\/person\/6339b9fac59d12b071dec680d7375d87","name":"ritanery","image":{"@type":"ImageObject","inLanguage":"pt-BR","@id":"https:\/\/secure.gravatar.com\/avatar\/0e37bb19071f47c0b8a23f62a903df117c5a0e75f65a0c2901562f97cd41cf86?s=96&d=mm&r=g","url":"https:\/\/secure.gravatar.com\/avatar\/0e37bb19071f47c0b8a23f62a903df117c5a0e75f65a0c2901562f97cd41cf86?s=96&d=mm&r=g","contentUrl":"https:\/\/secure.gravatar.com\/avatar\/0e37bb19071f47c0b8a23f62a903df117c5a0e75f65a0c2901562f97cd41cf86?s=96&d=mm&r=g","caption":"ritanery"}}]}},"amp_enabled":true,"_links":{"self":[{"href":"https:\/\/radiolifefm.com.br\/noticias\/wp-json\/wp\/v2\/posts\/50099","targetHints":{"allow":["GET"]}}],"collection":[{"href":"https:\/\/radiolifefm.com.br\/noticias\/wp-json\/wp\/v2\/posts"}],"about":[{"href":"https:\/\/radiolifefm.com.br\/noticias\/wp-json\/wp\/v2\/types\/post"}],"author":[{"embeddable":true,"href":"https:\/\/radiolifefm.com.br\/noticias\/wp-json\/wp\/v2\/users\/13"}],"replies":[{"embeddable":true,"href":"https:\/\/radiolifefm.com.br\/noticias\/wp-json\/wp\/v2\/comments?post=50099"}],"version-history":[{"count":6,"href":"https:\/\/radiolifefm.com.br\/noticias\/wp-json\/wp\/v2\/posts\/50099\/revisions"}],"predecessor-version":[{"id":50106,"href":"https:\/\/radiolifefm.com.br\/noticias\/wp-json\/wp\/v2\/posts\/50099\/revisions\/50106"}],"wp:featuredmedia":[{"embeddable":true,"href":"https:\/\/radiolifefm.com.br\/noticias\/wp-json\/wp\/v2\/media\/50100"}],"wp:attachment":[{"href":"https:\/\/radiolifefm.com.br\/noticias\/wp-json\/wp\/v2\/media?parent=50099"}],"wp:term":[{"taxonomy":"category","embeddable":true,"href":"https:\/\/radiolifefm.com.br\/noticias\/wp-json\/wp\/v2\/categories?post=50099"},{"taxonomy":"post_tag","embeddable":true,"href":"https:\/\/radiolifefm.com.br\/noticias\/wp-json\/wp\/v2\/tags?post=50099"}],"curies":[{"name":"wp","href":"https:\/\/api.w.org\/{rel}","templated":true}]}}