{"id":50027,"date":"2022-03-02T08:14:36","date_gmt":"2022-03-02T11:14:36","guid":{"rendered":"https:\/\/radiolifefm.com.br\/noticias\/?p=50027"},"modified":"2026-03-25T18:07:12","modified_gmt":"2026-03-25T21:07:12","slug":"unifai-e-radio-life-fm-no-glamour-mulher-2022-a-mulher-na-pandemia","status":"publish","type":"post","link":"https:\/\/radiolifefm.com.br\/noticias\/unifai-e-radio-life-fm-no-glamour-mulher-2022-a-mulher-na-pandemia\/","title":{"rendered":"UniFAI e R\u00e1dio LIFE FM no \u201cGlamour Mulher 2022\u201d: A mulher na Pandemia"},"content":{"rendered":"<div id=\"fb-root\"><\/div>\n<p><strong>S\u00e9rgio Barbosa \/ UniFAI<\/strong><\/p>\n<p>Neste cen\u00e1rio mediado pela Pandemia nestes dois \u00faltimos anos, ainda, tudo indica que 2.022 dever\u00e1 estar neste cen\u00e1rio em n\u00edvel mundial. Portanto, todos os protocolos devem ter continuidade como preven\u00e7\u00e3o para a comunidade em geral.<\/p>\n<p>A preocupa\u00e7\u00e3o deve ser constante para que a seguran\u00e7a possa prevalecer em todas as \u00e1reas do mercado, por\u00e9m, torna-se necess\u00e1rio a promo\u00e7\u00e3o e realiza\u00e7\u00e3o de atividades diversas afins aos objetivos das Organiza\u00e7\u00f5es.<\/p>\n<p><strong>Glamour Mulher 2022<\/strong><\/p>\n<p>Tendo em vista o contexto atual, ainda, seguindo todas as prerrogativas relacionadas com os protocolos, a UniFAI por meio da Pr\u00f3-Reitoria de Extens\u00e3o em parceria com a R\u00e1dio Comunit\u00e1ria LIFE FM promovem o Glamour Mulher 2022.<\/p>\n<p>Deve-se registrar que a iniciativa desta realiza\u00e7\u00e3o est\u00e1 sob a coordena\u00e7\u00e3o da Equipe da LIFE FM com apoio da Equipe da UniFAI e da R\u00e1dio Cultura FM nas atividades que estar\u00e3o ocorrendo entre os dias 7 e 11 de mar\u00e7o no campus II da institui\u00e7\u00e3o.<\/p>\n<p>Todas as atividades ser\u00e3o realizadas no per\u00edodo noturno, a partir das 19h30 no Audit\u00f3rio \u201cMiguel Reale Jr.\u201d,<\/p>\n<p>Conforme as orienta\u00e7\u00f5es da organiza\u00e7\u00e3o do evento, todos os protocolos ser\u00e3o seguidos pelos (as) participantes de acordo com o esquema, visando dar seguran\u00e7a para todos (as).<\/p>\n<p><strong>Mulheres e pandemia<\/strong><\/p>\n<p>Muitas atividades relacionadas com o universo que envolve a participa\u00e7\u00e3o das mulheres nas \u00e1reas patrocinadas pelo Mercado em tempo de p\u00f3s-globaliza\u00e7\u00e3o das Organiza\u00e7\u00f5es.<\/p>\n<p>Assim, torna-se necess\u00e1rio que as parcerias ocorram para que a promo\u00e7\u00e3o e execu\u00e7\u00e3o sejam realizadas, portanto, a UniFAI busca marcar presen\u00e7a no Glamour Mulher 2022, tendo em vista que s\u00e3o atividades diversificadas e direcionadas para diversos cursos, portanto, envolvendo as \u00e1reas do Ensino da Extens\u00e3o e da Pesquisa.<\/p>\n<p>O centro deste debate \u00e9 a Mulher em tempo de pandemia, haja vista que existem diversas quest\u00f5es envolvendo este cen\u00e1rio feminino, assim, deve-se destacar a proposta que ser\u00e1 executada pela Equipe da LIFE FM em parceria com a UniFAI e apoio da R\u00e1dio Cultura FM.<\/p>\n<p><strong>\u00a0<\/strong><\/p>\n<p><strong>\u00a0<\/strong><\/p>\n<p><strong>Programa\u00e7\u00e3o e participa\u00e7\u00e3o<\/strong><\/p>\n<p>O evento Glamour 2022 vai contar com a participa\u00e7\u00e3o efetiva dos cursos de Administra\u00e7\u00e3o, Direito, Est\u00e9tica e Medicina, assim, ser\u00e3o realizadas entrevistas com os (as docentes e discentes).<\/p>\n<p>Tais propostas est\u00e3o direcionadas para que ocorra um compartilhamento do conhecimento acad\u00eamico em sintonia com as experi\u00eancias das mulheres que estar\u00e3o participando das atividades do Glamour 2022.<\/p>\n<p>Trata-se de uma aproxima\u00e7\u00e3o entre as teorias existentes na \u00e1rea acad\u00eamica com a pr\u00e1tica do cotidiano destas mulheres em tempo de pandemia, tamb\u00e9m, fortalecendo a presen\u00e7a da UniFAI no cen\u00e1rio comunit\u00e1rio em n\u00edvel \u201cregiocal\u201d, ou seja, do regional para o local.<\/p>\n<p><strong>Participa\u00e7\u00e3o coletiva<\/strong><\/p>\n<p>O envolvimento institucional estar\u00e1 ocorrendo com a participa\u00e7\u00e3o dos cursos de Administra\u00e7\u00e3o, Direito, Est\u00e9tica e Medicina. Nesta perspectiva acad\u00eamica e focada na quest\u00e3o da Mulher, todas as converg\u00eancias devem seguir na mesma dire\u00e7\u00e3o em tempo de Pandemia e com o protagonismo feminino frente \u00e0s novas exig\u00eancias do Mercado.<\/p>\n<p>Nesta semana com atividades diversas e focadas na presen\u00e7a e participa\u00e7\u00e3o da Mulher, ser\u00e3o desenvolvidas e debatidas v\u00e1rias quest\u00f5es envolvendo a presen\u00e7a feminina na \u00e1rea profissional em tempo de Pandemia, a saber: Empreendedorismo, Sa\u00fade da Mulher, Viol\u00eancia Dom\u00e9stica, Intelig\u00eancia Emocional e atividades espec\u00edficas na \u00e1reas da Est\u00e9tica, al\u00e9m de homenagens especiais para as Mulheres que desenvolvem atividades na \u00e1rea da sa\u00fade.<\/p>\n","protected":false},"excerpt":{"rendered":"<p>S\u00e9rgio Barbosa \/ UniFAI Neste cen\u00e1rio mediado pela Pandemia nestes dois \u00faltimos anos, ainda, tudo indica que 2.022 dever\u00e1 estar neste cen\u00e1rio em n\u00edvel mundial. Portanto, todos os protocolos devem ter continuidade como preven\u00e7\u00e3o para a comunidade em geral. A preocupa\u00e7\u00e3o deve ser constante para que a seguran\u00e7a possa prevalecer em todas as \u00e1reas do [&hellip;]<\/p>\n","protected":false},"author":13,"featured_media":50028,"comment_status":"closed","ping_status":"open","sticky":false,"template":"","format":"standard","meta":{"_acf_changed":false,"_exactmetrics_skip_tracking":false,"_exactmetrics_sitenote_active":false,"_exactmetrics_sitenote_note":"","_exactmetrics_sitenote_category":0,"footnotes":""},"categories":[21],"tags":[],"class_list":["post-50027","post","type-post","status-publish","format-standard","has-post-thumbnail","hentry","category-adamantina"],"acf":[],"yoast_head":"<!-- This site is optimized with the Yoast SEO plugin v27.2 - https:\/\/yoast.com\/product\/yoast-seo-wordpress\/ -->\n<title>UniFAI e R\u00e1dio LIFE FM no \u201cGlamour Mulher 2022\u201d: A mulher na Pandemia - R\u00e1dio Life FM<\/title>\n<meta name=\"robots\" content=\"index, follow, max-snippet:-1, max-image-preview:large, max-video-preview:-1\" \/>\n<link rel=\"canonical\" href=\"https:\/\/radiolifefm.com.br\/noticias\/unifai-e-radio-life-fm-no-glamour-mulher-2022-a-mulher-na-pandemia\/\" \/>\n<meta property=\"og:locale\" content=\"pt_BR\" \/>\n<meta property=\"og:type\" content=\"article\" \/>\n<meta property=\"og:title\" content=\"UniFAI e R\u00e1dio LIFE FM no \u201cGlamour Mulher 2022\u201d: A mulher na Pandemia - R\u00e1dio Life FM\" \/>\n<meta property=\"og:description\" content=\"S\u00e9rgio Barbosa \/ UniFAI Neste cen\u00e1rio mediado pela Pandemia nestes dois \u00faltimos anos, ainda, tudo indica que 2.022 dever\u00e1 estar neste cen\u00e1rio em n\u00edvel mundial. Portanto, todos os protocolos devem ter continuidade como preven\u00e7\u00e3o para a comunidade em geral. A preocupa\u00e7\u00e3o deve ser constante para que a seguran\u00e7a possa prevalecer em todas as \u00e1reas do [&hellip;]\" \/>\n<meta property=\"og:url\" content=\"https:\/\/radiolifefm.com.br\/noticias\/unifai-e-radio-life-fm-no-glamour-mulher-2022-a-mulher-na-pandemia\/\" \/>\n<meta property=\"og:site_name\" content=\"R\u00e1dio Life FM\" \/>\n<meta property=\"article:publisher\" content=\"https:\/\/www.facebook.com\/radiolifefm\/\" \/>\n<meta property=\"article:published_time\" content=\"2022-03-02T11:14:36+00:00\" \/>\n<meta property=\"article:modified_time\" content=\"2026-03-25T21:07:12+00:00\" \/>\n<meta property=\"og:image\" content=\"https:\/\/radiolifefm.com.br\/noticias\/wp-content\/uploads\/2022\/03\/WhatsApp-Image-2022-03-02-at-07.58.35.jpeg\" \/>\n\t<meta property=\"og:image:width\" content=\"960\" \/>\n\t<meta property=\"og:image:height\" content=\"582\" \/>\n\t<meta property=\"og:image:type\" content=\"image\/jpeg\" \/>\n<meta name=\"author\" content=\"ritanery\" \/>\n<meta name=\"twitter:card\" content=\"summary_large_image\" \/>\n<meta name=\"twitter:label1\" content=\"Escrito por\" \/>\n\t<meta name=\"twitter:data1\" content=\"ritanery\" \/>\n\t<meta name=\"twitter:label2\" content=\"Est. tempo de leitura\" \/>\n\t<meta name=\"twitter:data2\" content=\"3 minutos\" \/>\n<script type=\"application\/ld+json\" class=\"yoast-schema-graph\">{\"@context\":\"https:\/\/schema.org\",\"@graph\":[{\"@type\":\"Article\",\"@id\":\"https:\/\/radiolifefm.com.br\/noticias\/unifai-e-radio-life-fm-no-glamour-mulher-2022-a-mulher-na-pandemia\/#article\",\"isPartOf\":{\"@id\":\"https:\/\/radiolifefm.com.br\/noticias\/unifai-e-radio-life-fm-no-glamour-mulher-2022-a-mulher-na-pandemia\/\"},\"author\":{\"name\":\"ritanery\",\"@id\":\"https:\/\/radiolifefm.com.br\/noticias\/#\/schema\/person\/6339b9fac59d12b071dec680d7375d87\"},\"headline\":\"UniFAI e R\u00e1dio LIFE FM no \u201cGlamour Mulher 2022\u201d: A mulher na Pandemia\",\"datePublished\":\"2022-03-02T11:14:36+00:00\",\"dateModified\":\"2026-03-25T21:07:12+00:00\",\"mainEntityOfPage\":{\"@id\":\"https:\/\/radiolifefm.com.br\/noticias\/unifai-e-radio-life-fm-no-glamour-mulher-2022-a-mulher-na-pandemia\/\"},\"wordCount\":613,\"publisher\":{\"@id\":\"https:\/\/radiolifefm.com.br\/noticias\/#organization\"},\"image\":{\"@id\":\"https:\/\/radiolifefm.com.br\/noticias\/unifai-e-radio-life-fm-no-glamour-mulher-2022-a-mulher-na-pandemia\/#primaryimage\"},\"thumbnailUrl\":\"https:\/\/radiolifefm.com.br\/noticias\/wp-content\/uploads\/2022\/03\/WhatsApp-Image-2022-03-02-at-07.58.35.jpeg\",\"articleSection\":[\"Adamantina\"],\"inLanguage\":\"pt-BR\"},{\"@type\":\"WebPage\",\"@id\":\"https:\/\/radiolifefm.com.br\/noticias\/unifai-e-radio-life-fm-no-glamour-mulher-2022-a-mulher-na-pandemia\/\",\"url\":\"https:\/\/radiolifefm.com.br\/noticias\/unifai-e-radio-life-fm-no-glamour-mulher-2022-a-mulher-na-pandemia\/\",\"name\":\"UniFAI e R\u00e1dio LIFE FM no \u201cGlamour Mulher 2022\u201d: A mulher na Pandemia - R\u00e1dio Life FM\",\"isPartOf\":{\"@id\":\"https:\/\/radiolifefm.com.br\/noticias\/#website\"},\"primaryImageOfPage\":{\"@id\":\"https:\/\/radiolifefm.com.br\/noticias\/unifai-e-radio-life-fm-no-glamour-mulher-2022-a-mulher-na-pandemia\/#primaryimage\"},\"image\":{\"@id\":\"https:\/\/radiolifefm.com.br\/noticias\/unifai-e-radio-life-fm-no-glamour-mulher-2022-a-mulher-na-pandemia\/#primaryimage\"},\"thumbnailUrl\":\"https:\/\/radiolifefm.com.br\/noticias\/wp-content\/uploads\/2022\/03\/WhatsApp-Image-2022-03-02-at-07.58.35.jpeg\",\"datePublished\":\"2022-03-02T11:14:36+00:00\",\"dateModified\":\"2026-03-25T21:07:12+00:00\",\"breadcrumb\":{\"@id\":\"https:\/\/radiolifefm.com.br\/noticias\/unifai-e-radio-life-fm-no-glamour-mulher-2022-a-mulher-na-pandemia\/#breadcrumb\"},\"inLanguage\":\"pt-BR\",\"potentialAction\":[{\"@type\":\"ReadAction\",\"target\":[\"https:\/\/radiolifefm.com.br\/noticias\/unifai-e-radio-life-fm-no-glamour-mulher-2022-a-mulher-na-pandemia\/\"]}]},{\"@type\":\"ImageObject\",\"inLanguage\":\"pt-BR\",\"@id\":\"https:\/\/radiolifefm.com.br\/noticias\/unifai-e-radio-life-fm-no-glamour-mulher-2022-a-mulher-na-pandemia\/#primaryimage\",\"url\":\"https:\/\/radiolifefm.com.br\/noticias\/wp-content\/uploads\/2022\/03\/WhatsApp-Image-2022-03-02-at-07.58.35.jpeg\",\"contentUrl\":\"https:\/\/radiolifefm.com.br\/noticias\/wp-content\/uploads\/2022\/03\/WhatsApp-Image-2022-03-02-at-07.58.35.jpeg\",\"width\":960,\"height\":582,\"caption\":\"Foto do evento realizado no anfiteatro Fernando Paloni no ano 2018 a primeira edi\u00e7\u00e3o\"},{\"@type\":\"BreadcrumbList\",\"@id\":\"https:\/\/radiolifefm.com.br\/noticias\/unifai-e-radio-life-fm-no-glamour-mulher-2022-a-mulher-na-pandemia\/#breadcrumb\",\"itemListElement\":[{\"@type\":\"ListItem\",\"position\":1,\"name\":\"In\u00edcio\",\"item\":\"https:\/\/radiolifefm.com.br\/noticias\/\"},{\"@type\":\"ListItem\",\"position\":2,\"name\":\"UniFAI e R\u00e1dio LIFE FM no \u201cGlamour Mulher 2022\u201d: A mulher na Pandemia\"}]},{\"@type\":\"WebSite\",\"@id\":\"https:\/\/radiolifefm.com.br\/noticias\/#website\",\"url\":\"https:\/\/radiolifefm.com.br\/noticias\/\",\"name\":\"R\u00e1dio Life FM\",\"description\":\"O Portal de Not\u00edcias de Adamantina\",\"publisher\":{\"@id\":\"https:\/\/radiolifefm.com.br\/noticias\/#organization\"},\"alternateName\":\"Life FM\",\"potentialAction\":[{\"@type\":\"SearchAction\",\"target\":{\"@type\":\"EntryPoint\",\"urlTemplate\":\"https:\/\/radiolifefm.com.br\/noticias\/?s={search_term_string}\"},\"query-input\":{\"@type\":\"PropertyValueSpecification\",\"valueRequired\":true,\"valueName\":\"search_term_string\"}}],\"inLanguage\":\"pt-BR\"},{\"@type\":\"Organization\",\"@id\":\"https:\/\/radiolifefm.com.br\/noticias\/#organization\",\"name\":\"R\u00e1dio Life FM\",\"alternateName\":\"Life FM\",\"url\":\"https:\/\/radiolifefm.com.br\/noticias\/\",\"logo\":{\"@type\":\"ImageObject\",\"inLanguage\":\"pt-BR\",\"@id\":\"https:\/\/radiolifefm.com.br\/noticias\/#\/schema\/logo\/image\/\",\"url\":\"https:\/\/static.radiolifefm.com.br\/noticias\/wp-content\/uploads\/2019\/10\/logo-lifefm.png\",\"contentUrl\":\"https:\/\/static.radiolifefm.com.br\/noticias\/wp-content\/uploads\/2019\/10\/logo-lifefm.png\",\"width\":196,\"height\":47,\"caption\":\"R\u00e1dio Life FM\"},\"image\":{\"@id\":\"https:\/\/radiolifefm.com.br\/noticias\/#\/schema\/logo\/image\/\"},\"sameAs\":[\"https:\/\/www.facebook.com\/radiolifefm\/\",\"https:\/\/www.instagram.com\/life1079fm\/\"]},{\"@type\":\"Person\",\"@id\":\"https:\/\/radiolifefm.com.br\/noticias\/#\/schema\/person\/6339b9fac59d12b071dec680d7375d87\",\"name\":\"ritanery\",\"image\":{\"@type\":\"ImageObject\",\"inLanguage\":\"pt-BR\",\"@id\":\"https:\/\/secure.gravatar.com\/avatar\/0e37bb19071f47c0b8a23f62a903df117c5a0e75f65a0c2901562f97cd41cf86?s=96&d=mm&r=g\",\"url\":\"https:\/\/secure.gravatar.com\/avatar\/0e37bb19071f47c0b8a23f62a903df117c5a0e75f65a0c2901562f97cd41cf86?s=96&d=mm&r=g\",\"contentUrl\":\"https:\/\/secure.gravatar.com\/avatar\/0e37bb19071f47c0b8a23f62a903df117c5a0e75f65a0c2901562f97cd41cf86?s=96&d=mm&r=g\",\"caption\":\"ritanery\"}}]}<\/script>\n<!-- \/ Yoast SEO plugin. -->","yoast_head_json":{"title":"UniFAI e R\u00e1dio LIFE FM no \u201cGlamour Mulher 2022\u201d: A mulher na Pandemia - R\u00e1dio Life FM","robots":{"index":"index","follow":"follow","max-snippet":"max-snippet:-1","max-image-preview":"max-image-preview:large","max-video-preview":"max-video-preview:-1"},"canonical":"https:\/\/radiolifefm.com.br\/noticias\/unifai-e-radio-life-fm-no-glamour-mulher-2022-a-mulher-na-pandemia\/","og_locale":"pt_BR","og_type":"article","og_title":"UniFAI e R\u00e1dio LIFE FM no \u201cGlamour Mulher 2022\u201d: A mulher na Pandemia - R\u00e1dio Life FM","og_description":"S\u00e9rgio Barbosa \/ UniFAI Neste cen\u00e1rio mediado pela Pandemia nestes dois \u00faltimos anos, ainda, tudo indica que 2.022 dever\u00e1 estar neste cen\u00e1rio em n\u00edvel mundial. Portanto, todos os protocolos devem ter continuidade como preven\u00e7\u00e3o para a comunidade em geral. A preocupa\u00e7\u00e3o deve ser constante para que a seguran\u00e7a possa prevalecer em todas as \u00e1reas do [&hellip;]","og_url":"https:\/\/radiolifefm.com.br\/noticias\/unifai-e-radio-life-fm-no-glamour-mulher-2022-a-mulher-na-pandemia\/","og_site_name":"R\u00e1dio Life FM","article_publisher":"https:\/\/www.facebook.com\/radiolifefm\/","article_published_time":"2022-03-02T11:14:36+00:00","article_modified_time":"2026-03-25T21:07:12+00:00","og_image":[{"width":960,"height":582,"url":"https:\/\/radiolifefm.com.br\/noticias\/wp-content\/uploads\/2022\/03\/WhatsApp-Image-2022-03-02-at-07.58.35.jpeg","type":"image\/jpeg"}],"author":"ritanery","twitter_card":"summary_large_image","twitter_misc":{"Escrito por":"ritanery","Est. tempo de leitura":"3 minutos"},"schema":{"@context":"https:\/\/schema.org","@graph":[{"@type":"Article","@id":"https:\/\/radiolifefm.com.br\/noticias\/unifai-e-radio-life-fm-no-glamour-mulher-2022-a-mulher-na-pandemia\/#article","isPartOf":{"@id":"https:\/\/radiolifefm.com.br\/noticias\/unifai-e-radio-life-fm-no-glamour-mulher-2022-a-mulher-na-pandemia\/"},"author":{"name":"ritanery","@id":"https:\/\/radiolifefm.com.br\/noticias\/#\/schema\/person\/6339b9fac59d12b071dec680d7375d87"},"headline":"UniFAI e R\u00e1dio LIFE FM no \u201cGlamour Mulher 2022\u201d: A mulher na Pandemia","datePublished":"2022-03-02T11:14:36+00:00","dateModified":"2026-03-25T21:07:12+00:00","mainEntityOfPage":{"@id":"https:\/\/radiolifefm.com.br\/noticias\/unifai-e-radio-life-fm-no-glamour-mulher-2022-a-mulher-na-pandemia\/"},"wordCount":613,"publisher":{"@id":"https:\/\/radiolifefm.com.br\/noticias\/#organization"},"image":{"@id":"https:\/\/radiolifefm.com.br\/noticias\/unifai-e-radio-life-fm-no-glamour-mulher-2022-a-mulher-na-pandemia\/#primaryimage"},"thumbnailUrl":"https:\/\/radiolifefm.com.br\/noticias\/wp-content\/uploads\/2022\/03\/WhatsApp-Image-2022-03-02-at-07.58.35.jpeg","articleSection":["Adamantina"],"inLanguage":"pt-BR"},{"@type":"WebPage","@id":"https:\/\/radiolifefm.com.br\/noticias\/unifai-e-radio-life-fm-no-glamour-mulher-2022-a-mulher-na-pandemia\/","url":"https:\/\/radiolifefm.com.br\/noticias\/unifai-e-radio-life-fm-no-glamour-mulher-2022-a-mulher-na-pandemia\/","name":"UniFAI e R\u00e1dio LIFE FM no \u201cGlamour Mulher 2022\u201d: A mulher na Pandemia - R\u00e1dio Life FM","isPartOf":{"@id":"https:\/\/radiolifefm.com.br\/noticias\/#website"},"primaryImageOfPage":{"@id":"https:\/\/radiolifefm.com.br\/noticias\/unifai-e-radio-life-fm-no-glamour-mulher-2022-a-mulher-na-pandemia\/#primaryimage"},"image":{"@id":"https:\/\/radiolifefm.com.br\/noticias\/unifai-e-radio-life-fm-no-glamour-mulher-2022-a-mulher-na-pandemia\/#primaryimage"},"thumbnailUrl":"https:\/\/radiolifefm.com.br\/noticias\/wp-content\/uploads\/2022\/03\/WhatsApp-Image-2022-03-02-at-07.58.35.jpeg","datePublished":"2022-03-02T11:14:36+00:00","dateModified":"2026-03-25T21:07:12+00:00","breadcrumb":{"@id":"https:\/\/radiolifefm.com.br\/noticias\/unifai-e-radio-life-fm-no-glamour-mulher-2022-a-mulher-na-pandemia\/#breadcrumb"},"inLanguage":"pt-BR","potentialAction":[{"@type":"ReadAction","target":["https:\/\/radiolifefm.com.br\/noticias\/unifai-e-radio-life-fm-no-glamour-mulher-2022-a-mulher-na-pandemia\/"]}]},{"@type":"ImageObject","inLanguage":"pt-BR","@id":"https:\/\/radiolifefm.com.br\/noticias\/unifai-e-radio-life-fm-no-glamour-mulher-2022-a-mulher-na-pandemia\/#primaryimage","url":"https:\/\/radiolifefm.com.br\/noticias\/wp-content\/uploads\/2022\/03\/WhatsApp-Image-2022-03-02-at-07.58.35.jpeg","contentUrl":"https:\/\/radiolifefm.com.br\/noticias\/wp-content\/uploads\/2022\/03\/WhatsApp-Image-2022-03-02-at-07.58.35.jpeg","width":960,"height":582,"caption":"Foto do evento realizado no anfiteatro Fernando Paloni no ano 2018 a primeira edi\u00e7\u00e3o"},{"@type":"BreadcrumbList","@id":"https:\/\/radiolifefm.com.br\/noticias\/unifai-e-radio-life-fm-no-glamour-mulher-2022-a-mulher-na-pandemia\/#breadcrumb","itemListElement":[{"@type":"ListItem","position":1,"name":"In\u00edcio","item":"https:\/\/radiolifefm.com.br\/noticias\/"},{"@type":"ListItem","position":2,"name":"UniFAI e R\u00e1dio LIFE FM no \u201cGlamour Mulher 2022\u201d: A mulher na Pandemia"}]},{"@type":"WebSite","@id":"https:\/\/radiolifefm.com.br\/noticias\/#website","url":"https:\/\/radiolifefm.com.br\/noticias\/","name":"R\u00e1dio Life FM","description":"O Portal de Not\u00edcias de Adamantina","publisher":{"@id":"https:\/\/radiolifefm.com.br\/noticias\/#organization"},"alternateName":"Life FM","potentialAction":[{"@type":"SearchAction","target":{"@type":"EntryPoint","urlTemplate":"https:\/\/radiolifefm.com.br\/noticias\/?s={search_term_string}"},"query-input":{"@type":"PropertyValueSpecification","valueRequired":true,"valueName":"search_term_string"}}],"inLanguage":"pt-BR"},{"@type":"Organization","@id":"https:\/\/radiolifefm.com.br\/noticias\/#organization","name":"R\u00e1dio Life FM","alternateName":"Life FM","url":"https:\/\/radiolifefm.com.br\/noticias\/","logo":{"@type":"ImageObject","inLanguage":"pt-BR","@id":"https:\/\/radiolifefm.com.br\/noticias\/#\/schema\/logo\/image\/","url":"https:\/\/static.radiolifefm.com.br\/noticias\/wp-content\/uploads\/2019\/10\/logo-lifefm.png","contentUrl":"https:\/\/static.radiolifefm.com.br\/noticias\/wp-content\/uploads\/2019\/10\/logo-lifefm.png","width":196,"height":47,"caption":"R\u00e1dio Life FM"},"image":{"@id":"https:\/\/radiolifefm.com.br\/noticias\/#\/schema\/logo\/image\/"},"sameAs":["https:\/\/www.facebook.com\/radiolifefm\/","https:\/\/www.instagram.com\/life1079fm\/"]},{"@type":"Person","@id":"https:\/\/radiolifefm.com.br\/noticias\/#\/schema\/person\/6339b9fac59d12b071dec680d7375d87","name":"ritanery","image":{"@type":"ImageObject","inLanguage":"pt-BR","@id":"https:\/\/secure.gravatar.com\/avatar\/0e37bb19071f47c0b8a23f62a903df117c5a0e75f65a0c2901562f97cd41cf86?s=96&d=mm&r=g","url":"https:\/\/secure.gravatar.com\/avatar\/0e37bb19071f47c0b8a23f62a903df117c5a0e75f65a0c2901562f97cd41cf86?s=96&d=mm&r=g","contentUrl":"https:\/\/secure.gravatar.com\/avatar\/0e37bb19071f47c0b8a23f62a903df117c5a0e75f65a0c2901562f97cd41cf86?s=96&d=mm&r=g","caption":"ritanery"}}]}},"amp_enabled":true,"_links":{"self":[{"href":"https:\/\/radiolifefm.com.br\/noticias\/wp-json\/wp\/v2\/posts\/50027","targetHints":{"allow":["GET"]}}],"collection":[{"href":"https:\/\/radiolifefm.com.br\/noticias\/wp-json\/wp\/v2\/posts"}],"about":[{"href":"https:\/\/radiolifefm.com.br\/noticias\/wp-json\/wp\/v2\/types\/post"}],"author":[{"embeddable":true,"href":"https:\/\/radiolifefm.com.br\/noticias\/wp-json\/wp\/v2\/users\/13"}],"replies":[{"embeddable":true,"href":"https:\/\/radiolifefm.com.br\/noticias\/wp-json\/wp\/v2\/comments?post=50027"}],"version-history":[{"count":3,"href":"https:\/\/radiolifefm.com.br\/noticias\/wp-json\/wp\/v2\/posts\/50027\/revisions"}],"predecessor-version":[{"id":50031,"href":"https:\/\/radiolifefm.com.br\/noticias\/wp-json\/wp\/v2\/posts\/50027\/revisions\/50031"}],"wp:featuredmedia":[{"embeddable":true,"href":"https:\/\/radiolifefm.com.br\/noticias\/wp-json\/wp\/v2\/media\/50028"}],"wp:attachment":[{"href":"https:\/\/radiolifefm.com.br\/noticias\/wp-json\/wp\/v2\/media?parent=50027"}],"wp:term":[{"taxonomy":"category","embeddable":true,"href":"https:\/\/radiolifefm.com.br\/noticias\/wp-json\/wp\/v2\/categories?post=50027"},{"taxonomy":"post_tag","embeddable":true,"href":"https:\/\/radiolifefm.com.br\/noticias\/wp-json\/wp\/v2\/tags?post=50027"}],"curies":[{"name":"wp","href":"https:\/\/api.w.org\/{rel}","templated":true}]}}