{"id":50001,"date":"2022-03-01T20:24:35","date_gmt":"2022-03-01T23:24:35","guid":{"rendered":"https:\/\/radiolifefm.com.br\/noticias\/?p=50001"},"modified":"2025-10-22T11:08:27","modified_gmt":"2025-10-22T14:08:27","slug":"novo-preco-da-zona-azul-em-adamantina-comeca-nesta-quarta-feira-1-com-cartao-a-r-2","status":"publish","type":"post","link":"https:\/\/radiolifefm.com.br\/noticias\/novo-preco-da-zona-azul-em-adamantina-comeca-nesta-quarta-feira-1-com-cartao-a-r-2\/","title":{"rendered":"Novo pre\u00e7o da zona azul em Adamantina come\u00e7a nesta quarta-feira (1), com cart\u00e3o a R$ 2"},"content":{"rendered":"<div id=\"fb-root\"><\/div>\n<p style=\"font-weight: 400\">Come\u00e7a a vigorar nesta quarta-feira (1) o novo valor da tarifa da zona azul em Adamantina. Depois de sete anos sem aumento, o valor subiu de R$ 1,50 para R$ 2,00, conforme\u00a0<a href=\"https:\/\/www.adamantina.sp.gov.br\/?pag=T0dRPU9EZz1PR009T1RnPQ==&amp;id=7271&amp;idtipolei=7\"><b><strong>Decreto Municipal N\u00ba 6485<\/strong><\/b><\/a>, de 21 de fevereiro de 2022. A revis\u00e3o do valor pelo poder p\u00fablico municipal atendeu solicita\u00e7\u00e3o do Instituto de Assist\u00eancia ao Menor de Adamantina (IAMA), que tem concess\u00e3o para operar o servi\u00e7o.<\/p>\n<p style=\"font-weight: 400\">Conforme justificou a Institui\u00e7\u00e3o ao munic\u00edpio, o pedido decorre da defasagem do referido valor que n\u00e3o sofreu nenhum reajuste desde novembro de 2014. Al\u00e9m disso, o novo valor se justifica em virtude dos aumentos consider\u00e1veis de sal\u00e1rios e encargos sociais e trabalhistas, bem como as contas de \u00e1gua, luz, entre outras, enquanto a tarifa permaneceu inalterada.<\/p>\n<p style=\"font-weight: 400\"><b><strong>Zona azul emprega 21 trabalhadores e receitas ajudam no atendimento a 130 crian\u00e7as<\/strong><\/b><\/p>\n<p style=\"font-weight: 400\">Ouvido pelo SIGA MAIS na segunda-feira da semana passada (21), o presidente do IAMA, Dorival Manfrinato explicou que a Zona Azul emprega 21 funcion\u00e1rios, que atuam na \u00e1rea demarcada de estacionamento rotativo no centro da cidade. Ele explicou que os valores at\u00e9 ent\u00e3o cobrados, desde 2014, estavam desatualizados em raz\u00e3o dos custos atuais com remunera\u00e7\u00e3o e encargos dos trabalhadores, al\u00e9m de outras despesas operacionais.<\/p>\n<p style=\"font-weight: 400\">Ele pondera que al\u00e9m do impacto direto na gera\u00e7\u00e3o de 21 empregos, as receitas da zona azul tamb\u00e9m ajudam no custeio da Institui\u00e7\u00e3o, que tem atualmente cerca de 130 crian\u00e7as matriculadas, sobretudo moradoras do Jardim Brasil. Elas s\u00e3o atendidas com atividades de recrea\u00e7\u00e3o, conviv\u00eancia, apoio pedag\u00f3gico e refor\u00e7o escolar, al\u00e9m de receberem refei\u00e7\u00f5es no local.<\/p>\n<div class='flex flex-wrap items-center -mx-1'>\r\n<a class='thumbnail gallery p-1 w-1\/2 md:w-1\/4' href='https:\/\/radiolifefm.com.br\/noticias\/wp-content\/uploads\/2022\/03\/img2397-1jpg16454719566213e8d45c082.jpg'><img class='border border-white' src='https:\/\/radiolifefm.com.br\/noticias\/wp-content\/uploads\/2022\/03\/img2397-1jpg16454719566213e8d45c082-200x200.jpg' alt='Img2397 1jpg16454719566213e8d45c082' \/><\/a><a class='thumbnail gallery p-1 w-1\/2 md:w-1\/4' href='https:\/\/radiolifefm.com.br\/noticias\/wp-content\/uploads\/2022\/03\/img24001jpg16454716626213e7ae62ce4jpg1646169646621e8e2ebbc68.jpg'><img class='border border-white' src='https:\/\/radiolifefm.com.br\/noticias\/wp-content\/uploads\/2022\/03\/img24001jpg16454716626213e7ae62ce4jpg1646169646621e8e2ebbc68-200x200.jpg' alt='Img24001jpg16454716626213e7ae62ce4jpg1646169646621e8e2ebbc68' \/><\/a><\/div>\n<p>Outro fator apontado por Manfrinato, como justificativa para a corre\u00e7\u00e3o do valor da zona azul, est\u00e1 em torno dos reflexos decorrentes da pandemia da Covid-19, que ao longo dos dois \u00faltimos anos impediu a realiza\u00e7\u00e3o de atividades e eventos que permitiam angariam fundos, como bingos e a barraca na ExpoVerde. Sem esses recursos complementares, as finan\u00e7as ficaram comprometidas.<\/p>\n<p style=\"font-weight: 400\">O que tem auxiliado na complementa\u00e7\u00e3o das receitas, mensalmente, s\u00e3o os valores oriundos da zona azul, que deveriam ser alocados como reserva de conting\u00eancia, para pagamentos de indeniza\u00e7\u00f5es como f\u00e9rias, d\u00e9cimo terceiro, outras indeniza\u00e7\u00f5es trabalhistas e despesas extraordin\u00e1rias. Por\u00e9m, os recursos est\u00e3o sendo integralmente esgotados com o custeio mensal da Institui\u00e7\u00e3o, em suas atividades e atendimentos com as crian\u00e7as.<\/p>\n<p style=\"font-weight: 400\"><b><strong>Mais 16 trabalhadores atuam diretamente no atendimento \u00e0s crian\u00e7as<\/strong><\/b><\/p>\n<p style=\"font-weight: 400\">Al\u00e9m dos 21 funcion\u00e1rios que atuam na zona azul, outros 16 trabalham diretamente na sede do IAMA, no Jardim Brasil.<\/p>\n<p style=\"font-weight: 400\">Manfrinato destacou que a Institui\u00e7\u00e3o recebe recursos oficiais para seu funcionamento, como subven\u00e7\u00f5es da \u00e1rea social repassadas pelo poder p\u00fablico \u2013 sendo a maior parte de origem municipal \u2013,\u00a0\u00a0al\u00e9m de repasses por meio do Imposto de Renda do Bem. Por\u00e9m, conforme o presidente, s\u00e3o insuficientes para todo o custeio, o que torna as receitas da zona azul imprescind\u00edveis ao seu funcionamento.<\/p>\n<p><img loading=\"lazy\" decoding=\"async\" class=\"aligncenter wp-image-50005 size-full\" src=\"https:\/\/static.radiolifefm.com.br\/wp-content\/uploads\/sites\/2\/2022\/03\/img2398-1jpg16454720686213e94450864.jpg\" alt=\"\" width=\"1280\" height=\"720\" srcset=\"https:\/\/radiolifefm.com.br\/noticias\/wp-content\/uploads\/2022\/03\/img2398-1jpg16454720686213e94450864.jpg 1280w, https:\/\/radiolifefm.com.br\/noticias\/wp-content\/uploads\/2022\/03\/img2398-1jpg16454720686213e94450864-300x169.jpg 300w, https:\/\/radiolifefm.com.br\/noticias\/wp-content\/uploads\/2022\/03\/img2398-1jpg16454720686213e94450864-1024x576.jpg 1024w, https:\/\/radiolifefm.com.br\/noticias\/wp-content\/uploads\/2022\/03\/img2398-1jpg16454720686213e94450864-768x432.jpg 768w\" sizes=\"auto, (max-width: 1280px) 100vw, 1280px\" \/><\/p>\n<p style=\"font-weight: 400\">O presidente do IAMA aposta agora em duas emendas parlamentares, para ajudar com as atividades da institui\u00e7\u00e3o. Uma, de R$ 45 mil, para custeio, por meio do deputado federal Ricardo Izar, pela atua\u00e7\u00e3o dos vereadores Aguinaldo Galv\u00e3o e Riquinha, e outra para obras de melhorias no local, pelo deputado estadual Andr\u00e9 do Prado, via atua\u00e7\u00e3o do vereador H\u00e9lio Jos\u00e9 dos Santos.<\/p>\n<p style=\"font-weight: 400\">As duas demandas depende ainda de aprova\u00e7\u00e3o e libera\u00e7\u00e3o.<\/p>\n<p>&nbsp;<\/p>\n<p>Fonte: Siga Mais<\/p>\n","protected":false},"excerpt":{"rendered":"<p>Come\u00e7a a vigorar nesta quarta-feira (1) o novo valor da tarifa da zona azul em Adamantina. Depois de sete anos sem aumento, o valor subiu de R$ 1,50 para R$ 2,00, conforme\u00a0Decreto Municipal N\u00ba 6485, de 21 de fevereiro de 2022. A revis\u00e3o do valor pelo poder p\u00fablico municipal atendeu solicita\u00e7\u00e3o do Instituto de Assist\u00eancia [&hellip;]<\/p>\n","protected":false},"author":13,"featured_media":50002,"comment_status":"closed","ping_status":"open","sticky":false,"template":"","format":"standard","meta":{"_acf_changed":false,"_exactmetrics_skip_tracking":false,"_exactmetrics_sitenote_active":false,"_exactmetrics_sitenote_note":"","_exactmetrics_sitenote_category":0,"footnotes":""},"categories":[21],"tags":[],"class_list":["post-50001","post","type-post","status-publish","format-standard","has-post-thumbnail","hentry","category-adamantina"],"acf":[],"yoast_head":"<!-- This site is optimized with the Yoast SEO plugin v27.2 - https:\/\/yoast.com\/product\/yoast-seo-wordpress\/ -->\n<title>Novo pre\u00e7o da zona azul em Adamantina come\u00e7a nesta quarta-feira (1), com cart\u00e3o a R$ 2 - R\u00e1dio Life FM<\/title>\n<meta name=\"robots\" content=\"index, follow, max-snippet:-1, max-image-preview:large, max-video-preview:-1\" \/>\n<link rel=\"canonical\" href=\"https:\/\/radiolifefm.com.br\/noticias\/novo-preco-da-zona-azul-em-adamantina-comeca-nesta-quarta-feira-1-com-cartao-a-r-2\/\" \/>\n<meta property=\"og:locale\" content=\"pt_BR\" \/>\n<meta property=\"og:type\" content=\"article\" \/>\n<meta property=\"og:title\" content=\"Novo pre\u00e7o da zona azul em Adamantina come\u00e7a nesta quarta-feira (1), com cart\u00e3o a R$ 2 - R\u00e1dio Life FM\" \/>\n<meta property=\"og:description\" content=\"Come\u00e7a a vigorar nesta quarta-feira (1) o novo valor da tarifa da zona azul em Adamantina. Depois de sete anos sem aumento, o valor subiu de R$ 1,50 para R$ 2,00, conforme\u00a0Decreto Municipal N\u00ba 6485, de 21 de fevereiro de 2022. A revis\u00e3o do valor pelo poder p\u00fablico municipal atendeu solicita\u00e7\u00e3o do Instituto de Assist\u00eancia [&hellip;]\" \/>\n<meta property=\"og:url\" content=\"https:\/\/radiolifefm.com.br\/noticias\/novo-preco-da-zona-azul-em-adamantina-comeca-nesta-quarta-feira-1-com-cartao-a-r-2\/\" \/>\n<meta property=\"og:site_name\" content=\"R\u00e1dio Life FM\" \/>\n<meta property=\"article:publisher\" content=\"https:\/\/www.facebook.com\/radiolifefm\/\" \/>\n<meta property=\"article:published_time\" content=\"2022-03-01T23:24:35+00:00\" \/>\n<meta property=\"article:modified_time\" content=\"2025-10-22T14:08:27+00:00\" \/>\n<meta property=\"og:image\" content=\"https:\/\/static.radiolifefm.com.br\/noticias\/wp-content\/uploads\/2022\/03\/img24051jpg16454719736213e8e546a72jpg1646169841621e8ef1cab6c.jpg\" \/>\n\t<meta property=\"og:image:width\" content=\"600\" \/>\n\t<meta property=\"og:image:height\" content=\"337\" \/>\n\t<meta property=\"og:image:type\" content=\"image\/jpeg\" \/>\n<meta name=\"author\" content=\"ritanery\" \/>\n<meta name=\"twitter:card\" content=\"summary_large_image\" \/>\n<meta name=\"twitter:label1\" content=\"Escrito por\" \/>\n\t<meta name=\"twitter:data1\" content=\"ritanery\" \/>\n\t<meta name=\"twitter:label2\" content=\"Est. tempo de leitura\" \/>\n\t<meta name=\"twitter:data2\" content=\"3 minutos\" \/>\n<script type=\"application\/ld+json\" class=\"yoast-schema-graph\">{\"@context\":\"https:\/\/schema.org\",\"@graph\":[{\"@type\":\"Article\",\"@id\":\"https:\/\/radiolifefm.com.br\/noticias\/novo-preco-da-zona-azul-em-adamantina-comeca-nesta-quarta-feira-1-com-cartao-a-r-2\/#article\",\"isPartOf\":{\"@id\":\"https:\/\/radiolifefm.com.br\/noticias\/novo-preco-da-zona-azul-em-adamantina-comeca-nesta-quarta-feira-1-com-cartao-a-r-2\/\"},\"author\":{\"name\":\"ritanery\",\"@id\":\"https:\/\/radiolifefm.com.br\/noticias\/#\/schema\/person\/6339b9fac59d12b071dec680d7375d87\"},\"headline\":\"Novo pre\u00e7o da zona azul em Adamantina come\u00e7a nesta quarta-feira (1), com cart\u00e3o a R$ 2\",\"datePublished\":\"2022-03-01T23:24:35+00:00\",\"dateModified\":\"2025-10-22T14:08:27+00:00\",\"mainEntityOfPage\":{\"@id\":\"https:\/\/radiolifefm.com.br\/noticias\/novo-preco-da-zona-azul-em-adamantina-comeca-nesta-quarta-feira-1-com-cartao-a-r-2\/\"},\"wordCount\":603,\"publisher\":{\"@id\":\"https:\/\/radiolifefm.com.br\/noticias\/#organization\"},\"image\":{\"@id\":\"https:\/\/radiolifefm.com.br\/noticias\/novo-preco-da-zona-azul-em-adamantina-comeca-nesta-quarta-feira-1-com-cartao-a-r-2\/#primaryimage\"},\"thumbnailUrl\":\"https:\/\/radiolifefm.com.br\/noticias\/wp-content\/uploads\/2022\/03\/img24051jpg16454719736213e8e546a72jpg1646169841621e8ef1cab6c.jpg\",\"articleSection\":[\"Adamantina\"],\"inLanguage\":\"pt-BR\"},{\"@type\":\"WebPage\",\"@id\":\"https:\/\/radiolifefm.com.br\/noticias\/novo-preco-da-zona-azul-em-adamantina-comeca-nesta-quarta-feira-1-com-cartao-a-r-2\/\",\"url\":\"https:\/\/radiolifefm.com.br\/noticias\/novo-preco-da-zona-azul-em-adamantina-comeca-nesta-quarta-feira-1-com-cartao-a-r-2\/\",\"name\":\"Novo pre\u00e7o da zona azul em Adamantina come\u00e7a nesta quarta-feira (1), com cart\u00e3o a R$ 2 - R\u00e1dio Life FM\",\"isPartOf\":{\"@id\":\"https:\/\/radiolifefm.com.br\/noticias\/#website\"},\"primaryImageOfPage\":{\"@id\":\"https:\/\/radiolifefm.com.br\/noticias\/novo-preco-da-zona-azul-em-adamantina-comeca-nesta-quarta-feira-1-com-cartao-a-r-2\/#primaryimage\"},\"image\":{\"@id\":\"https:\/\/radiolifefm.com.br\/noticias\/novo-preco-da-zona-azul-em-adamantina-comeca-nesta-quarta-feira-1-com-cartao-a-r-2\/#primaryimage\"},\"thumbnailUrl\":\"https:\/\/radiolifefm.com.br\/noticias\/wp-content\/uploads\/2022\/03\/img24051jpg16454719736213e8e546a72jpg1646169841621e8ef1cab6c.jpg\",\"datePublished\":\"2022-03-01T23:24:35+00:00\",\"dateModified\":\"2025-10-22T14:08:27+00:00\",\"breadcrumb\":{\"@id\":\"https:\/\/radiolifefm.com.br\/noticias\/novo-preco-da-zona-azul-em-adamantina-comeca-nesta-quarta-feira-1-com-cartao-a-r-2\/#breadcrumb\"},\"inLanguage\":\"pt-BR\",\"potentialAction\":[{\"@type\":\"ReadAction\",\"target\":[\"https:\/\/radiolifefm.com.br\/noticias\/novo-preco-da-zona-azul-em-adamantina-comeca-nesta-quarta-feira-1-com-cartao-a-r-2\/\"]}]},{\"@type\":\"ImageObject\",\"inLanguage\":\"pt-BR\",\"@id\":\"https:\/\/radiolifefm.com.br\/noticias\/novo-preco-da-zona-azul-em-adamantina-comeca-nesta-quarta-feira-1-com-cartao-a-r-2\/#primaryimage\",\"url\":\"https:\/\/radiolifefm.com.br\/noticias\/wp-content\/uploads\/2022\/03\/img24051jpg16454719736213e8e546a72jpg1646169841621e8ef1cab6c.jpg\",\"contentUrl\":\"https:\/\/radiolifefm.com.br\/noticias\/wp-content\/uploads\/2022\/03\/img24051jpg16454719736213e8e546a72jpg1646169841621e8ef1cab6c.jpg\",\"width\":600,\"height\":337,\"caption\":\"Cart\u00e3o de R$ 2 \u00e9 v\u00e1lido para duas horas de estacionamento na \u00e1rea demarcada da zona azul.\"},{\"@type\":\"BreadcrumbList\",\"@id\":\"https:\/\/radiolifefm.com.br\/noticias\/novo-preco-da-zona-azul-em-adamantina-comeca-nesta-quarta-feira-1-com-cartao-a-r-2\/#breadcrumb\",\"itemListElement\":[{\"@type\":\"ListItem\",\"position\":1,\"name\":\"In\u00edcio\",\"item\":\"https:\/\/radiolifefm.com.br\/noticias\/\"},{\"@type\":\"ListItem\",\"position\":2,\"name\":\"Novo pre\u00e7o da zona azul em Adamantina come\u00e7a nesta quarta-feira (1), com cart\u00e3o a R$ 2\"}]},{\"@type\":\"WebSite\",\"@id\":\"https:\/\/radiolifefm.com.br\/noticias\/#website\",\"url\":\"https:\/\/radiolifefm.com.br\/noticias\/\",\"name\":\"R\u00e1dio Life FM\",\"description\":\"O Portal de Not\u00edcias de Adamantina\",\"publisher\":{\"@id\":\"https:\/\/radiolifefm.com.br\/noticias\/#organization\"},\"alternateName\":\"Life FM\",\"potentialAction\":[{\"@type\":\"SearchAction\",\"target\":{\"@type\":\"EntryPoint\",\"urlTemplate\":\"https:\/\/radiolifefm.com.br\/noticias\/?s={search_term_string}\"},\"query-input\":{\"@type\":\"PropertyValueSpecification\",\"valueRequired\":true,\"valueName\":\"search_term_string\"}}],\"inLanguage\":\"pt-BR\"},{\"@type\":\"Organization\",\"@id\":\"https:\/\/radiolifefm.com.br\/noticias\/#organization\",\"name\":\"R\u00e1dio Life FM\",\"alternateName\":\"Life FM\",\"url\":\"https:\/\/radiolifefm.com.br\/noticias\/\",\"logo\":{\"@type\":\"ImageObject\",\"inLanguage\":\"pt-BR\",\"@id\":\"https:\/\/radiolifefm.com.br\/noticias\/#\/schema\/logo\/image\/\",\"url\":\"https:\/\/static.radiolifefm.com.br\/noticias\/wp-content\/uploads\/2019\/10\/logo-lifefm.png\",\"contentUrl\":\"https:\/\/static.radiolifefm.com.br\/noticias\/wp-content\/uploads\/2019\/10\/logo-lifefm.png\",\"width\":196,\"height\":47,\"caption\":\"R\u00e1dio Life FM\"},\"image\":{\"@id\":\"https:\/\/radiolifefm.com.br\/noticias\/#\/schema\/logo\/image\/\"},\"sameAs\":[\"https:\/\/www.facebook.com\/radiolifefm\/\",\"https:\/\/www.instagram.com\/life1079fm\/\"]},{\"@type\":\"Person\",\"@id\":\"https:\/\/radiolifefm.com.br\/noticias\/#\/schema\/person\/6339b9fac59d12b071dec680d7375d87\",\"name\":\"ritanery\",\"image\":{\"@type\":\"ImageObject\",\"inLanguage\":\"pt-BR\",\"@id\":\"https:\/\/secure.gravatar.com\/avatar\/0e37bb19071f47c0b8a23f62a903df117c5a0e75f65a0c2901562f97cd41cf86?s=96&d=mm&r=g\",\"url\":\"https:\/\/secure.gravatar.com\/avatar\/0e37bb19071f47c0b8a23f62a903df117c5a0e75f65a0c2901562f97cd41cf86?s=96&d=mm&r=g\",\"contentUrl\":\"https:\/\/secure.gravatar.com\/avatar\/0e37bb19071f47c0b8a23f62a903df117c5a0e75f65a0c2901562f97cd41cf86?s=96&d=mm&r=g\",\"caption\":\"ritanery\"}}]}<\/script>\n<!-- \/ Yoast SEO plugin. -->","yoast_head_json":{"title":"Novo pre\u00e7o da zona azul em Adamantina come\u00e7a nesta quarta-feira (1), com cart\u00e3o a R$ 2 - R\u00e1dio Life FM","robots":{"index":"index","follow":"follow","max-snippet":"max-snippet:-1","max-image-preview":"max-image-preview:large","max-video-preview":"max-video-preview:-1"},"canonical":"https:\/\/radiolifefm.com.br\/noticias\/novo-preco-da-zona-azul-em-adamantina-comeca-nesta-quarta-feira-1-com-cartao-a-r-2\/","og_locale":"pt_BR","og_type":"article","og_title":"Novo pre\u00e7o da zona azul em Adamantina come\u00e7a nesta quarta-feira (1), com cart\u00e3o a R$ 2 - R\u00e1dio Life FM","og_description":"Come\u00e7a a vigorar nesta quarta-feira (1) o novo valor da tarifa da zona azul em Adamantina. Depois de sete anos sem aumento, o valor subiu de R$ 1,50 para R$ 2,00, conforme\u00a0Decreto Municipal N\u00ba 6485, de 21 de fevereiro de 2022. A revis\u00e3o do valor pelo poder p\u00fablico municipal atendeu solicita\u00e7\u00e3o do Instituto de Assist\u00eancia [&hellip;]","og_url":"https:\/\/radiolifefm.com.br\/noticias\/novo-preco-da-zona-azul-em-adamantina-comeca-nesta-quarta-feira-1-com-cartao-a-r-2\/","og_site_name":"R\u00e1dio Life FM","article_publisher":"https:\/\/www.facebook.com\/radiolifefm\/","article_published_time":"2022-03-01T23:24:35+00:00","article_modified_time":"2025-10-22T14:08:27+00:00","og_image":[{"width":600,"height":337,"url":"https:\/\/static.radiolifefm.com.br\/noticias\/wp-content\/uploads\/2022\/03\/img24051jpg16454719736213e8e546a72jpg1646169841621e8ef1cab6c.jpg","type":"image\/jpeg"}],"author":"ritanery","twitter_card":"summary_large_image","twitter_misc":{"Escrito por":"ritanery","Est. tempo de leitura":"3 minutos"},"schema":{"@context":"https:\/\/schema.org","@graph":[{"@type":"Article","@id":"https:\/\/radiolifefm.com.br\/noticias\/novo-preco-da-zona-azul-em-adamantina-comeca-nesta-quarta-feira-1-com-cartao-a-r-2\/#article","isPartOf":{"@id":"https:\/\/radiolifefm.com.br\/noticias\/novo-preco-da-zona-azul-em-adamantina-comeca-nesta-quarta-feira-1-com-cartao-a-r-2\/"},"author":{"name":"ritanery","@id":"https:\/\/radiolifefm.com.br\/noticias\/#\/schema\/person\/6339b9fac59d12b071dec680d7375d87"},"headline":"Novo pre\u00e7o da zona azul em Adamantina come\u00e7a nesta quarta-feira (1), com cart\u00e3o a R$ 2","datePublished":"2022-03-01T23:24:35+00:00","dateModified":"2025-10-22T14:08:27+00:00","mainEntityOfPage":{"@id":"https:\/\/radiolifefm.com.br\/noticias\/novo-preco-da-zona-azul-em-adamantina-comeca-nesta-quarta-feira-1-com-cartao-a-r-2\/"},"wordCount":603,"publisher":{"@id":"https:\/\/radiolifefm.com.br\/noticias\/#organization"},"image":{"@id":"https:\/\/radiolifefm.com.br\/noticias\/novo-preco-da-zona-azul-em-adamantina-comeca-nesta-quarta-feira-1-com-cartao-a-r-2\/#primaryimage"},"thumbnailUrl":"https:\/\/radiolifefm.com.br\/noticias\/wp-content\/uploads\/2022\/03\/img24051jpg16454719736213e8e546a72jpg1646169841621e8ef1cab6c.jpg","articleSection":["Adamantina"],"inLanguage":"pt-BR"},{"@type":"WebPage","@id":"https:\/\/radiolifefm.com.br\/noticias\/novo-preco-da-zona-azul-em-adamantina-comeca-nesta-quarta-feira-1-com-cartao-a-r-2\/","url":"https:\/\/radiolifefm.com.br\/noticias\/novo-preco-da-zona-azul-em-adamantina-comeca-nesta-quarta-feira-1-com-cartao-a-r-2\/","name":"Novo pre\u00e7o da zona azul em Adamantina come\u00e7a nesta quarta-feira (1), com cart\u00e3o a R$ 2 - R\u00e1dio Life FM","isPartOf":{"@id":"https:\/\/radiolifefm.com.br\/noticias\/#website"},"primaryImageOfPage":{"@id":"https:\/\/radiolifefm.com.br\/noticias\/novo-preco-da-zona-azul-em-adamantina-comeca-nesta-quarta-feira-1-com-cartao-a-r-2\/#primaryimage"},"image":{"@id":"https:\/\/radiolifefm.com.br\/noticias\/novo-preco-da-zona-azul-em-adamantina-comeca-nesta-quarta-feira-1-com-cartao-a-r-2\/#primaryimage"},"thumbnailUrl":"https:\/\/radiolifefm.com.br\/noticias\/wp-content\/uploads\/2022\/03\/img24051jpg16454719736213e8e546a72jpg1646169841621e8ef1cab6c.jpg","datePublished":"2022-03-01T23:24:35+00:00","dateModified":"2025-10-22T14:08:27+00:00","breadcrumb":{"@id":"https:\/\/radiolifefm.com.br\/noticias\/novo-preco-da-zona-azul-em-adamantina-comeca-nesta-quarta-feira-1-com-cartao-a-r-2\/#breadcrumb"},"inLanguage":"pt-BR","potentialAction":[{"@type":"ReadAction","target":["https:\/\/radiolifefm.com.br\/noticias\/novo-preco-da-zona-azul-em-adamantina-comeca-nesta-quarta-feira-1-com-cartao-a-r-2\/"]}]},{"@type":"ImageObject","inLanguage":"pt-BR","@id":"https:\/\/radiolifefm.com.br\/noticias\/novo-preco-da-zona-azul-em-adamantina-comeca-nesta-quarta-feira-1-com-cartao-a-r-2\/#primaryimage","url":"https:\/\/radiolifefm.com.br\/noticias\/wp-content\/uploads\/2022\/03\/img24051jpg16454719736213e8e546a72jpg1646169841621e8ef1cab6c.jpg","contentUrl":"https:\/\/radiolifefm.com.br\/noticias\/wp-content\/uploads\/2022\/03\/img24051jpg16454719736213e8e546a72jpg1646169841621e8ef1cab6c.jpg","width":600,"height":337,"caption":"Cart\u00e3o de R$ 2 \u00e9 v\u00e1lido para duas horas de estacionamento na \u00e1rea demarcada da zona azul."},{"@type":"BreadcrumbList","@id":"https:\/\/radiolifefm.com.br\/noticias\/novo-preco-da-zona-azul-em-adamantina-comeca-nesta-quarta-feira-1-com-cartao-a-r-2\/#breadcrumb","itemListElement":[{"@type":"ListItem","position":1,"name":"In\u00edcio","item":"https:\/\/radiolifefm.com.br\/noticias\/"},{"@type":"ListItem","position":2,"name":"Novo pre\u00e7o da zona azul em Adamantina come\u00e7a nesta quarta-feira (1), com cart\u00e3o a R$ 2"}]},{"@type":"WebSite","@id":"https:\/\/radiolifefm.com.br\/noticias\/#website","url":"https:\/\/radiolifefm.com.br\/noticias\/","name":"R\u00e1dio Life FM","description":"O Portal de Not\u00edcias de Adamantina","publisher":{"@id":"https:\/\/radiolifefm.com.br\/noticias\/#organization"},"alternateName":"Life FM","potentialAction":[{"@type":"SearchAction","target":{"@type":"EntryPoint","urlTemplate":"https:\/\/radiolifefm.com.br\/noticias\/?s={search_term_string}"},"query-input":{"@type":"PropertyValueSpecification","valueRequired":true,"valueName":"search_term_string"}}],"inLanguage":"pt-BR"},{"@type":"Organization","@id":"https:\/\/radiolifefm.com.br\/noticias\/#organization","name":"R\u00e1dio Life FM","alternateName":"Life FM","url":"https:\/\/radiolifefm.com.br\/noticias\/","logo":{"@type":"ImageObject","inLanguage":"pt-BR","@id":"https:\/\/radiolifefm.com.br\/noticias\/#\/schema\/logo\/image\/","url":"https:\/\/static.radiolifefm.com.br\/noticias\/wp-content\/uploads\/2019\/10\/logo-lifefm.png","contentUrl":"https:\/\/static.radiolifefm.com.br\/noticias\/wp-content\/uploads\/2019\/10\/logo-lifefm.png","width":196,"height":47,"caption":"R\u00e1dio Life FM"},"image":{"@id":"https:\/\/radiolifefm.com.br\/noticias\/#\/schema\/logo\/image\/"},"sameAs":["https:\/\/www.facebook.com\/radiolifefm\/","https:\/\/www.instagram.com\/life1079fm\/"]},{"@type":"Person","@id":"https:\/\/radiolifefm.com.br\/noticias\/#\/schema\/person\/6339b9fac59d12b071dec680d7375d87","name":"ritanery","image":{"@type":"ImageObject","inLanguage":"pt-BR","@id":"https:\/\/secure.gravatar.com\/avatar\/0e37bb19071f47c0b8a23f62a903df117c5a0e75f65a0c2901562f97cd41cf86?s=96&d=mm&r=g","url":"https:\/\/secure.gravatar.com\/avatar\/0e37bb19071f47c0b8a23f62a903df117c5a0e75f65a0c2901562f97cd41cf86?s=96&d=mm&r=g","contentUrl":"https:\/\/secure.gravatar.com\/avatar\/0e37bb19071f47c0b8a23f62a903df117c5a0e75f65a0c2901562f97cd41cf86?s=96&d=mm&r=g","caption":"ritanery"}}]}},"amp_enabled":true,"_links":{"self":[{"href":"https:\/\/radiolifefm.com.br\/noticias\/wp-json\/wp\/v2\/posts\/50001","targetHints":{"allow":["GET"]}}],"collection":[{"href":"https:\/\/radiolifefm.com.br\/noticias\/wp-json\/wp\/v2\/posts"}],"about":[{"href":"https:\/\/radiolifefm.com.br\/noticias\/wp-json\/wp\/v2\/types\/post"}],"author":[{"embeddable":true,"href":"https:\/\/radiolifefm.com.br\/noticias\/wp-json\/wp\/v2\/users\/13"}],"replies":[{"embeddable":true,"href":"https:\/\/radiolifefm.com.br\/noticias\/wp-json\/wp\/v2\/comments?post=50001"}],"version-history":[{"count":4,"href":"https:\/\/radiolifefm.com.br\/noticias\/wp-json\/wp\/v2\/posts\/50001\/revisions"}],"predecessor-version":[{"id":50009,"href":"https:\/\/radiolifefm.com.br\/noticias\/wp-json\/wp\/v2\/posts\/50001\/revisions\/50009"}],"wp:featuredmedia":[{"embeddable":true,"href":"https:\/\/radiolifefm.com.br\/noticias\/wp-json\/wp\/v2\/media\/50002"}],"wp:attachment":[{"href":"https:\/\/radiolifefm.com.br\/noticias\/wp-json\/wp\/v2\/media?parent=50001"}],"wp:term":[{"taxonomy":"category","embeddable":true,"href":"https:\/\/radiolifefm.com.br\/noticias\/wp-json\/wp\/v2\/categories?post=50001"},{"taxonomy":"post_tag","embeddable":true,"href":"https:\/\/radiolifefm.com.br\/noticias\/wp-json\/wp\/v2\/tags?post=50001"}],"curies":[{"name":"wp","href":"https:\/\/api.w.org\/{rel}","templated":true}]}}