{"id":49993,"date":"2022-02-28T20:56:52","date_gmt":"2022-02-28T23:56:52","guid":{"rendered":"https:\/\/radiolifefm.com.br\/noticias\/?p=49993"},"modified":"2025-10-10T22:41:54","modified_gmt":"2025-10-11T01:41:54","slug":"prefeitura-de-adamantina-assina-contratos-com-agricultores-que-participam-do-paam-2","status":"publish","type":"post","link":"https:\/\/radiolifefm.com.br\/noticias\/prefeitura-de-adamantina-assina-contratos-com-agricultores-que-participam-do-paam-2\/","title":{"rendered":"Prefeitura de Adamantina assina contratos com agricultores que participam do PAAM"},"content":{"rendered":"<div id=\"fb-root\"><\/div>\n<p>A Prefeitura de Adamantina realizou uma solenidade com o objetivo de assinar os 53 contratos com os agricultores que participaram do processo licitat\u00f3rio e agora integram o Programa de Aquisi\u00e7\u00e3o de Alimentos Municipal (PAAM)<\/p>\n<p>A cerim\u00f4nia contou com a presen\u00e7a do prefeito M\u00e1rcio Cardim, do presidente da C\u00e2mara Municipal, Paulo Cervelheira, do secret\u00e1rio de Agricultura, Abastecimento e Meio Ambiente, Thiago Benet\u00e3o, secret\u00e1rios, vereadores, familiares dos agricultores e convidados.<br \/>\nO secret\u00e1rio da SAAMA lembrou que agora o ciclo est\u00e1 completo, pois a Prefeitura de Adamantina disponibiliza o composto org\u00e2nico que \u00e9 fabricado a partir da parceria entre o Poder Executivo, a Energisa e o Programa Euroclima + e entrega aos produtores sem nenhum custo, possibilitando assim melhora na produ\u00e7\u00e3o.<br \/>\nO presidente da C\u00e2mara, Paulo Cervelheira, afirmou que o PAAM tem apoiado os agricultores desde 2019 e o n\u00famero de participantes vem crescendo a cada ano.<br \/>\n&#8220;Estamos muito felizes de realizar essa cerim\u00f4nia, pois em 2020 foram investidos R$200 mil, ano passado R$230.000,00 e esse ano R$500 mil para efetuar a compra de alimentos. Al\u00e9m de ajudar o produtor que est\u00e1 no campo, podemos ainda levar os itens comprados para as fam\u00edlias que s\u00e3o assistidas pela Secretaria de Assist\u00eancia Social possibilitando assim uma melhor qualidade de vida para todos&#8221;, afirma o prefeito M\u00e1rcio Cardim.<br \/>\nDe acordo com o prefeito, para os pr\u00f3ximos anos a expectativa \u00e9 aumentar ainda mais o valor destinado a compra dos produtos provenientes da agricultura familiar e em paralelo, os agricultores ainda s\u00e3o beneficiados com a aquisi\u00e7\u00e3o de alimentos que \u00e9 feita pela merenda escolar com recursos provenientes dos Governos Estadual e Federal que pode chegar a 500 mil reais.<\/p>\n<p><strong>Sobre o PAAM<\/strong><\/p>\n<p>O PAAM possui duas finalidades b\u00e1sicas: promover o acesso \u00e0 alimenta\u00e7\u00e3o e incentivar a agricultura familiar.<\/p>\n<p>Para o alcance desses dois objetivos, o programa visa \u00e0 aquisi\u00e7\u00e3o de alimentos produzidos pela agricultura familiar, e a destina\u00e7\u00e3o \u00e0s pessoas em situa\u00e7\u00e3o de inseguran\u00e7a alimentar e nutricional e \u00e0quelas atendidas pela rede socioassistencial.<br \/>\nO projeto visa fomentar tamb\u00e9m a Lei Municipal n\u00ba 3520\/2012 que institui o Programa Municipal de Agricultura de Interesse Social (PMAIS), que tem o objetivo de fomentar a organiza\u00e7\u00e3o e moderniza\u00e7\u00e3o da produ\u00e7\u00e3o e melhorar o escoamento dos produtos da agricultura familiar; estimular a produ\u00e7\u00e3o da agricultura familiar, contribuindo para a pr\u00e1tica de pre\u00e7os adequados e amplia\u00e7\u00e3o do mercado de consumo; e favorecer a aquisi\u00e7\u00e3o dos produtos provenientes da agricultura familiar nas compras realizadas pelos \u00f3rg\u00e3os p\u00fablicos municipais.<br \/>\nO projeto visa estimular os produtores da agricultura familiar local, que al\u00e9m de contar com assist\u00eancia t\u00e9cnica atrav\u00e9s do Conv\u00eanio Euroclima+ na melhoria do manejo, conta tamb\u00e9m com o Programa de Efici\u00eancia Energ\u00e9tica com a produ\u00e7\u00e3o de composto org\u00e2nico a ser utilizado na melhoria da produ\u00e7\u00e3o, estimulando a comercializa\u00e7\u00e3o e a renda.<br \/>\nOs agricultores familiares, atrav\u00e9s de chamamento p\u00fablico, disponibilizam seus produtos que s\u00e3o destinados \u00e0s fam\u00edlias assistidas pela Secretaria de Assist\u00eancia Social e \u00e0s entidades: APAE, IAMA, Lar dos Velhos, Lar Crist\u00e3o, Casa do Garoto, Projeto ASA, Santa Casa e Clinica Pai Nosso Lar.<\/p>\n<p>&nbsp;<\/p>\n<p>&nbsp;<\/p>\n<p>Fonte: Assessoria de Imprensa<\/p>\n","protected":false},"excerpt":{"rendered":"<p>A Prefeitura de Adamantina realizou uma solenidade com o objetivo de assinar os 53 contratos com os agricultores que participaram do processo licitat\u00f3rio e agora integram o Programa de Aquisi\u00e7\u00e3o de Alimentos Municipal (PAAM) A cerim\u00f4nia contou com a presen\u00e7a do prefeito M\u00e1rcio Cardim, do presidente da C\u00e2mara Municipal, Paulo Cervelheira, do secret\u00e1rio de Agricultura, [&hellip;]<\/p>\n","protected":false},"author":13,"featured_media":49994,"comment_status":"closed","ping_status":"open","sticky":false,"template":"","format":"standard","meta":{"_acf_changed":false,"_exactmetrics_skip_tracking":false,"_exactmetrics_sitenote_active":false,"_exactmetrics_sitenote_note":"","_exactmetrics_sitenote_category":0,"footnotes":""},"categories":[21],"tags":[],"class_list":["post-49993","post","type-post","status-publish","format-standard","has-post-thumbnail","hentry","category-adamantina"],"acf":[],"yoast_head":"<!-- This site is optimized with the Yoast SEO plugin v27.2 - https:\/\/yoast.com\/product\/yoast-seo-wordpress\/ -->\n<title>Prefeitura de Adamantina assina contratos com agricultores que participam do PAAM - R\u00e1dio Life FM<\/title>\n<meta name=\"robots\" content=\"index, follow, max-snippet:-1, max-image-preview:large, max-video-preview:-1\" \/>\n<link rel=\"canonical\" href=\"https:\/\/radiolifefm.com.br\/noticias\/prefeitura-de-adamantina-assina-contratos-com-agricultores-que-participam-do-paam-2\/\" \/>\n<meta property=\"og:locale\" content=\"pt_BR\" \/>\n<meta property=\"og:type\" content=\"article\" \/>\n<meta property=\"og:title\" content=\"Prefeitura de Adamantina assina contratos com agricultores que participam do PAAM - R\u00e1dio Life FM\" \/>\n<meta property=\"og:description\" content=\"A Prefeitura de Adamantina realizou uma solenidade com o objetivo de assinar os 53 contratos com os agricultores que participaram do processo licitat\u00f3rio e agora integram o Programa de Aquisi\u00e7\u00e3o de Alimentos Municipal (PAAM) A cerim\u00f4nia contou com a presen\u00e7a do prefeito M\u00e1rcio Cardim, do presidente da C\u00e2mara Municipal, Paulo Cervelheira, do secret\u00e1rio de Agricultura, [&hellip;]\" \/>\n<meta property=\"og:url\" content=\"https:\/\/radiolifefm.com.br\/noticias\/prefeitura-de-adamantina-assina-contratos-com-agricultores-que-participam-do-paam-2\/\" \/>\n<meta property=\"og:site_name\" content=\"R\u00e1dio Life FM\" \/>\n<meta property=\"article:publisher\" content=\"https:\/\/www.facebook.com\/radiolifefm\/\" \/>\n<meta property=\"article:published_time\" content=\"2022-02-28T23:56:52+00:00\" \/>\n<meta property=\"article:modified_time\" content=\"2025-10-11T01:41:54+00:00\" \/>\n<meta property=\"og:image\" content=\"https:\/\/static.radiolifefm.com.br\/noticias\/wp-content\/uploads\/2022\/02\/9f174d4cf5feb24ac115675eff02235c.jpg\" \/>\n\t<meta property=\"og:image:width\" content=\"736\" \/>\n\t<meta property=\"og:image:height\" content=\"465\" \/>\n\t<meta property=\"og:image:type\" content=\"image\/jpeg\" \/>\n<meta name=\"author\" content=\"ritanery\" \/>\n<meta name=\"twitter:card\" content=\"summary_large_image\" \/>\n<meta name=\"twitter:label1\" content=\"Escrito por\" \/>\n\t<meta name=\"twitter:data1\" content=\"ritanery\" \/>\n\t<meta name=\"twitter:label2\" content=\"Est. tempo de leitura\" \/>\n\t<meta name=\"twitter:data2\" content=\"3 minutos\" \/>\n<script type=\"application\/ld+json\" class=\"yoast-schema-graph\">{\"@context\":\"https:\/\/schema.org\",\"@graph\":[{\"@type\":\"Article\",\"@id\":\"https:\/\/radiolifefm.com.br\/noticias\/prefeitura-de-adamantina-assina-contratos-com-agricultores-que-participam-do-paam-2\/#article\",\"isPartOf\":{\"@id\":\"https:\/\/radiolifefm.com.br\/noticias\/prefeitura-de-adamantina-assina-contratos-com-agricultores-que-participam-do-paam-2\/\"},\"author\":{\"name\":\"ritanery\",\"@id\":\"https:\/\/radiolifefm.com.br\/noticias\/#\/schema\/person\/6339b9fac59d12b071dec680d7375d87\"},\"headline\":\"Prefeitura de Adamantina assina contratos com agricultores que participam do PAAM\",\"datePublished\":\"2022-02-28T23:56:52+00:00\",\"dateModified\":\"2025-10-11T01:41:54+00:00\",\"mainEntityOfPage\":{\"@id\":\"https:\/\/radiolifefm.com.br\/noticias\/prefeitura-de-adamantina-assina-contratos-com-agricultores-que-participam-do-paam-2\/\"},\"wordCount\":563,\"publisher\":{\"@id\":\"https:\/\/radiolifefm.com.br\/noticias\/#organization\"},\"image\":{\"@id\":\"https:\/\/radiolifefm.com.br\/noticias\/prefeitura-de-adamantina-assina-contratos-com-agricultores-que-participam-do-paam-2\/#primaryimage\"},\"thumbnailUrl\":\"https:\/\/radiolifefm.com.br\/noticias\/wp-content\/uploads\/2022\/02\/9f174d4cf5feb24ac115675eff02235c.jpg\",\"articleSection\":[\"Adamantina\"],\"inLanguage\":\"pt-BR\"},{\"@type\":\"WebPage\",\"@id\":\"https:\/\/radiolifefm.com.br\/noticias\/prefeitura-de-adamantina-assina-contratos-com-agricultores-que-participam-do-paam-2\/\",\"url\":\"https:\/\/radiolifefm.com.br\/noticias\/prefeitura-de-adamantina-assina-contratos-com-agricultores-que-participam-do-paam-2\/\",\"name\":\"Prefeitura de Adamantina assina contratos com agricultores que participam do PAAM - R\u00e1dio Life FM\",\"isPartOf\":{\"@id\":\"https:\/\/radiolifefm.com.br\/noticias\/#website\"},\"primaryImageOfPage\":{\"@id\":\"https:\/\/radiolifefm.com.br\/noticias\/prefeitura-de-adamantina-assina-contratos-com-agricultores-que-participam-do-paam-2\/#primaryimage\"},\"image\":{\"@id\":\"https:\/\/radiolifefm.com.br\/noticias\/prefeitura-de-adamantina-assina-contratos-com-agricultores-que-participam-do-paam-2\/#primaryimage\"},\"thumbnailUrl\":\"https:\/\/radiolifefm.com.br\/noticias\/wp-content\/uploads\/2022\/02\/9f174d4cf5feb24ac115675eff02235c.jpg\",\"datePublished\":\"2022-02-28T23:56:52+00:00\",\"dateModified\":\"2025-10-11T01:41:54+00:00\",\"breadcrumb\":{\"@id\":\"https:\/\/radiolifefm.com.br\/noticias\/prefeitura-de-adamantina-assina-contratos-com-agricultores-que-participam-do-paam-2\/#breadcrumb\"},\"inLanguage\":\"pt-BR\",\"potentialAction\":[{\"@type\":\"ReadAction\",\"target\":[\"https:\/\/radiolifefm.com.br\/noticias\/prefeitura-de-adamantina-assina-contratos-com-agricultores-que-participam-do-paam-2\/\"]}]},{\"@type\":\"ImageObject\",\"inLanguage\":\"pt-BR\",\"@id\":\"https:\/\/radiolifefm.com.br\/noticias\/prefeitura-de-adamantina-assina-contratos-com-agricultores-que-participam-do-paam-2\/#primaryimage\",\"url\":\"https:\/\/radiolifefm.com.br\/noticias\/wp-content\/uploads\/2022\/02\/9f174d4cf5feb24ac115675eff02235c.jpg\",\"contentUrl\":\"https:\/\/radiolifefm.com.br\/noticias\/wp-content\/uploads\/2022\/02\/9f174d4cf5feb24ac115675eff02235c.jpg\",\"width\":736,\"height\":465},{\"@type\":\"BreadcrumbList\",\"@id\":\"https:\/\/radiolifefm.com.br\/noticias\/prefeitura-de-adamantina-assina-contratos-com-agricultores-que-participam-do-paam-2\/#breadcrumb\",\"itemListElement\":[{\"@type\":\"ListItem\",\"position\":1,\"name\":\"In\u00edcio\",\"item\":\"https:\/\/radiolifefm.com.br\/noticias\/\"},{\"@type\":\"ListItem\",\"position\":2,\"name\":\"Prefeitura de Adamantina assina contratos com agricultores que participam do PAAM\"}]},{\"@type\":\"WebSite\",\"@id\":\"https:\/\/radiolifefm.com.br\/noticias\/#website\",\"url\":\"https:\/\/radiolifefm.com.br\/noticias\/\",\"name\":\"R\u00e1dio Life FM\",\"description\":\"O Portal de Not\u00edcias de Adamantina\",\"publisher\":{\"@id\":\"https:\/\/radiolifefm.com.br\/noticias\/#organization\"},\"alternateName\":\"Life FM\",\"potentialAction\":[{\"@type\":\"SearchAction\",\"target\":{\"@type\":\"EntryPoint\",\"urlTemplate\":\"https:\/\/radiolifefm.com.br\/noticias\/?s={search_term_string}\"},\"query-input\":{\"@type\":\"PropertyValueSpecification\",\"valueRequired\":true,\"valueName\":\"search_term_string\"}}],\"inLanguage\":\"pt-BR\"},{\"@type\":\"Organization\",\"@id\":\"https:\/\/radiolifefm.com.br\/noticias\/#organization\",\"name\":\"R\u00e1dio Life FM\",\"alternateName\":\"Life FM\",\"url\":\"https:\/\/radiolifefm.com.br\/noticias\/\",\"logo\":{\"@type\":\"ImageObject\",\"inLanguage\":\"pt-BR\",\"@id\":\"https:\/\/radiolifefm.com.br\/noticias\/#\/schema\/logo\/image\/\",\"url\":\"https:\/\/static.radiolifefm.com.br\/noticias\/wp-content\/uploads\/2019\/10\/logo-lifefm.png\",\"contentUrl\":\"https:\/\/static.radiolifefm.com.br\/noticias\/wp-content\/uploads\/2019\/10\/logo-lifefm.png\",\"width\":196,\"height\":47,\"caption\":\"R\u00e1dio Life FM\"},\"image\":{\"@id\":\"https:\/\/radiolifefm.com.br\/noticias\/#\/schema\/logo\/image\/\"},\"sameAs\":[\"https:\/\/www.facebook.com\/radiolifefm\/\",\"https:\/\/www.instagram.com\/life1079fm\/\"]},{\"@type\":\"Person\",\"@id\":\"https:\/\/radiolifefm.com.br\/noticias\/#\/schema\/person\/6339b9fac59d12b071dec680d7375d87\",\"name\":\"ritanery\",\"image\":{\"@type\":\"ImageObject\",\"inLanguage\":\"pt-BR\",\"@id\":\"https:\/\/secure.gravatar.com\/avatar\/0e37bb19071f47c0b8a23f62a903df117c5a0e75f65a0c2901562f97cd41cf86?s=96&d=mm&r=g\",\"url\":\"https:\/\/secure.gravatar.com\/avatar\/0e37bb19071f47c0b8a23f62a903df117c5a0e75f65a0c2901562f97cd41cf86?s=96&d=mm&r=g\",\"contentUrl\":\"https:\/\/secure.gravatar.com\/avatar\/0e37bb19071f47c0b8a23f62a903df117c5a0e75f65a0c2901562f97cd41cf86?s=96&d=mm&r=g\",\"caption\":\"ritanery\"}}]}<\/script>\n<!-- \/ Yoast SEO plugin. -->","yoast_head_json":{"title":"Prefeitura de Adamantina assina contratos com agricultores que participam do PAAM - R\u00e1dio Life FM","robots":{"index":"index","follow":"follow","max-snippet":"max-snippet:-1","max-image-preview":"max-image-preview:large","max-video-preview":"max-video-preview:-1"},"canonical":"https:\/\/radiolifefm.com.br\/noticias\/prefeitura-de-adamantina-assina-contratos-com-agricultores-que-participam-do-paam-2\/","og_locale":"pt_BR","og_type":"article","og_title":"Prefeitura de Adamantina assina contratos com agricultores que participam do PAAM - R\u00e1dio Life FM","og_description":"A Prefeitura de Adamantina realizou uma solenidade com o objetivo de assinar os 53 contratos com os agricultores que participaram do processo licitat\u00f3rio e agora integram o Programa de Aquisi\u00e7\u00e3o de Alimentos Municipal (PAAM) A cerim\u00f4nia contou com a presen\u00e7a do prefeito M\u00e1rcio Cardim, do presidente da C\u00e2mara Municipal, Paulo Cervelheira, do secret\u00e1rio de Agricultura, [&hellip;]","og_url":"https:\/\/radiolifefm.com.br\/noticias\/prefeitura-de-adamantina-assina-contratos-com-agricultores-que-participam-do-paam-2\/","og_site_name":"R\u00e1dio Life FM","article_publisher":"https:\/\/www.facebook.com\/radiolifefm\/","article_published_time":"2022-02-28T23:56:52+00:00","article_modified_time":"2025-10-11T01:41:54+00:00","og_image":[{"width":736,"height":465,"url":"https:\/\/static.radiolifefm.com.br\/noticias\/wp-content\/uploads\/2022\/02\/9f174d4cf5feb24ac115675eff02235c.jpg","type":"image\/jpeg"}],"author":"ritanery","twitter_card":"summary_large_image","twitter_misc":{"Escrito por":"ritanery","Est. tempo de leitura":"3 minutos"},"schema":{"@context":"https:\/\/schema.org","@graph":[{"@type":"Article","@id":"https:\/\/radiolifefm.com.br\/noticias\/prefeitura-de-adamantina-assina-contratos-com-agricultores-que-participam-do-paam-2\/#article","isPartOf":{"@id":"https:\/\/radiolifefm.com.br\/noticias\/prefeitura-de-adamantina-assina-contratos-com-agricultores-que-participam-do-paam-2\/"},"author":{"name":"ritanery","@id":"https:\/\/radiolifefm.com.br\/noticias\/#\/schema\/person\/6339b9fac59d12b071dec680d7375d87"},"headline":"Prefeitura de Adamantina assina contratos com agricultores que participam do PAAM","datePublished":"2022-02-28T23:56:52+00:00","dateModified":"2025-10-11T01:41:54+00:00","mainEntityOfPage":{"@id":"https:\/\/radiolifefm.com.br\/noticias\/prefeitura-de-adamantina-assina-contratos-com-agricultores-que-participam-do-paam-2\/"},"wordCount":563,"publisher":{"@id":"https:\/\/radiolifefm.com.br\/noticias\/#organization"},"image":{"@id":"https:\/\/radiolifefm.com.br\/noticias\/prefeitura-de-adamantina-assina-contratos-com-agricultores-que-participam-do-paam-2\/#primaryimage"},"thumbnailUrl":"https:\/\/radiolifefm.com.br\/noticias\/wp-content\/uploads\/2022\/02\/9f174d4cf5feb24ac115675eff02235c.jpg","articleSection":["Adamantina"],"inLanguage":"pt-BR"},{"@type":"WebPage","@id":"https:\/\/radiolifefm.com.br\/noticias\/prefeitura-de-adamantina-assina-contratos-com-agricultores-que-participam-do-paam-2\/","url":"https:\/\/radiolifefm.com.br\/noticias\/prefeitura-de-adamantina-assina-contratos-com-agricultores-que-participam-do-paam-2\/","name":"Prefeitura de Adamantina assina contratos com agricultores que participam do PAAM - R\u00e1dio Life FM","isPartOf":{"@id":"https:\/\/radiolifefm.com.br\/noticias\/#website"},"primaryImageOfPage":{"@id":"https:\/\/radiolifefm.com.br\/noticias\/prefeitura-de-adamantina-assina-contratos-com-agricultores-que-participam-do-paam-2\/#primaryimage"},"image":{"@id":"https:\/\/radiolifefm.com.br\/noticias\/prefeitura-de-adamantina-assina-contratos-com-agricultores-que-participam-do-paam-2\/#primaryimage"},"thumbnailUrl":"https:\/\/radiolifefm.com.br\/noticias\/wp-content\/uploads\/2022\/02\/9f174d4cf5feb24ac115675eff02235c.jpg","datePublished":"2022-02-28T23:56:52+00:00","dateModified":"2025-10-11T01:41:54+00:00","breadcrumb":{"@id":"https:\/\/radiolifefm.com.br\/noticias\/prefeitura-de-adamantina-assina-contratos-com-agricultores-que-participam-do-paam-2\/#breadcrumb"},"inLanguage":"pt-BR","potentialAction":[{"@type":"ReadAction","target":["https:\/\/radiolifefm.com.br\/noticias\/prefeitura-de-adamantina-assina-contratos-com-agricultores-que-participam-do-paam-2\/"]}]},{"@type":"ImageObject","inLanguage":"pt-BR","@id":"https:\/\/radiolifefm.com.br\/noticias\/prefeitura-de-adamantina-assina-contratos-com-agricultores-que-participam-do-paam-2\/#primaryimage","url":"https:\/\/radiolifefm.com.br\/noticias\/wp-content\/uploads\/2022\/02\/9f174d4cf5feb24ac115675eff02235c.jpg","contentUrl":"https:\/\/radiolifefm.com.br\/noticias\/wp-content\/uploads\/2022\/02\/9f174d4cf5feb24ac115675eff02235c.jpg","width":736,"height":465},{"@type":"BreadcrumbList","@id":"https:\/\/radiolifefm.com.br\/noticias\/prefeitura-de-adamantina-assina-contratos-com-agricultores-que-participam-do-paam-2\/#breadcrumb","itemListElement":[{"@type":"ListItem","position":1,"name":"In\u00edcio","item":"https:\/\/radiolifefm.com.br\/noticias\/"},{"@type":"ListItem","position":2,"name":"Prefeitura de Adamantina assina contratos com agricultores que participam do PAAM"}]},{"@type":"WebSite","@id":"https:\/\/radiolifefm.com.br\/noticias\/#website","url":"https:\/\/radiolifefm.com.br\/noticias\/","name":"R\u00e1dio Life FM","description":"O Portal de Not\u00edcias de Adamantina","publisher":{"@id":"https:\/\/radiolifefm.com.br\/noticias\/#organization"},"alternateName":"Life FM","potentialAction":[{"@type":"SearchAction","target":{"@type":"EntryPoint","urlTemplate":"https:\/\/radiolifefm.com.br\/noticias\/?s={search_term_string}"},"query-input":{"@type":"PropertyValueSpecification","valueRequired":true,"valueName":"search_term_string"}}],"inLanguage":"pt-BR"},{"@type":"Organization","@id":"https:\/\/radiolifefm.com.br\/noticias\/#organization","name":"R\u00e1dio Life FM","alternateName":"Life FM","url":"https:\/\/radiolifefm.com.br\/noticias\/","logo":{"@type":"ImageObject","inLanguage":"pt-BR","@id":"https:\/\/radiolifefm.com.br\/noticias\/#\/schema\/logo\/image\/","url":"https:\/\/static.radiolifefm.com.br\/noticias\/wp-content\/uploads\/2019\/10\/logo-lifefm.png","contentUrl":"https:\/\/static.radiolifefm.com.br\/noticias\/wp-content\/uploads\/2019\/10\/logo-lifefm.png","width":196,"height":47,"caption":"R\u00e1dio Life FM"},"image":{"@id":"https:\/\/radiolifefm.com.br\/noticias\/#\/schema\/logo\/image\/"},"sameAs":["https:\/\/www.facebook.com\/radiolifefm\/","https:\/\/www.instagram.com\/life1079fm\/"]},{"@type":"Person","@id":"https:\/\/radiolifefm.com.br\/noticias\/#\/schema\/person\/6339b9fac59d12b071dec680d7375d87","name":"ritanery","image":{"@type":"ImageObject","inLanguage":"pt-BR","@id":"https:\/\/secure.gravatar.com\/avatar\/0e37bb19071f47c0b8a23f62a903df117c5a0e75f65a0c2901562f97cd41cf86?s=96&d=mm&r=g","url":"https:\/\/secure.gravatar.com\/avatar\/0e37bb19071f47c0b8a23f62a903df117c5a0e75f65a0c2901562f97cd41cf86?s=96&d=mm&r=g","contentUrl":"https:\/\/secure.gravatar.com\/avatar\/0e37bb19071f47c0b8a23f62a903df117c5a0e75f65a0c2901562f97cd41cf86?s=96&d=mm&r=g","caption":"ritanery"}}]}},"amp_enabled":true,"_links":{"self":[{"href":"https:\/\/radiolifefm.com.br\/noticias\/wp-json\/wp\/v2\/posts\/49993","targetHints":{"allow":["GET"]}}],"collection":[{"href":"https:\/\/radiolifefm.com.br\/noticias\/wp-json\/wp\/v2\/posts"}],"about":[{"href":"https:\/\/radiolifefm.com.br\/noticias\/wp-json\/wp\/v2\/types\/post"}],"author":[{"embeddable":true,"href":"https:\/\/radiolifefm.com.br\/noticias\/wp-json\/wp\/v2\/users\/13"}],"replies":[{"embeddable":true,"href":"https:\/\/radiolifefm.com.br\/noticias\/wp-json\/wp\/v2\/comments?post=49993"}],"version-history":[{"count":1,"href":"https:\/\/radiolifefm.com.br\/noticias\/wp-json\/wp\/v2\/posts\/49993\/revisions"}],"predecessor-version":[{"id":49995,"href":"https:\/\/radiolifefm.com.br\/noticias\/wp-json\/wp\/v2\/posts\/49993\/revisions\/49995"}],"wp:featuredmedia":[{"embeddable":true,"href":"https:\/\/radiolifefm.com.br\/noticias\/wp-json\/wp\/v2\/media\/49994"}],"wp:attachment":[{"href":"https:\/\/radiolifefm.com.br\/noticias\/wp-json\/wp\/v2\/media?parent=49993"}],"wp:term":[{"taxonomy":"category","embeddable":true,"href":"https:\/\/radiolifefm.com.br\/noticias\/wp-json\/wp\/v2\/categories?post=49993"},{"taxonomy":"post_tag","embeddable":true,"href":"https:\/\/radiolifefm.com.br\/noticias\/wp-json\/wp\/v2\/tags?post=49993"}],"curies":[{"name":"wp","href":"https:\/\/api.w.org\/{rel}","templated":true}]}}