{"id":49978,"date":"2022-02-28T11:12:01","date_gmt":"2022-02-28T14:12:01","guid":{"rendered":"https:\/\/radiolifefm.com.br\/noticias\/?p=49978"},"modified":"2026-03-26T02:26:05","modified_gmt":"2026-03-26T05:26:05","slug":"das-terras-de-uma-provincia-do-bem-querer","status":"publish","type":"post","link":"https:\/\/radiolifefm.com.br\/noticias\/das-terras-de-uma-provincia-do-bem-querer\/","title":{"rendered":"Das terras de uma PROV\u00cdNCIA do bem querer&#8230;"},"content":{"rendered":"<div id=\"fb-root\"><\/div>\n<p><strong><em>\u201dN\u00e3o h\u00e1 maior consola\u00e7\u00e3o para a mediocridade do que o fato de o g\u00eanio n\u00e3o ser imortal.\u201d (<\/em><\/strong><a href=\"https:\/\/www.pensador.com\/autor\/johann_goethe\/\"><strong><em>Johann Goethe<\/em><\/strong><\/a><strong><em>)<\/em><\/strong><\/p>\n<p><strong><em>\u00a0<\/em><\/strong><\/p>\n<p><strong><em>\u201cA cada bela impress\u00e3o que causamos, conquistamos um inimigo. Para ser popular \u00e9 indispens\u00e1vel ser med\u00edocre.\u201d (<\/em><\/strong><a href=\"https:\/\/www.pensador.com\/autor\/oscar_wilde\/\"><strong><em>Oscar Wilde<\/em><\/strong><\/a><strong><em>)<\/em><\/strong><\/p>\n<p><strong>\u00a0<\/strong><\/p>\n<p><strong>S\u00e9rgio Barbosa (*)<\/strong><\/p>\n<p><strong>\u00a0<\/strong><\/p>\n<p>Cada vez mais fica evidente nestes lados provincianos que tudo pode acontecer, ainda, de um jeito ou de outro em tempo de PANDEMIA com MENTES MED\u00cdOCRES&#8230;<\/p>\n<p>Do lado do tal do BO.DO.QUIO, pode-se registrar que o dito sem cujo continua com os mesmos DESENCONTROS deste e do outro lado, isso \u00e9, desde que perdeu o CONTROLE daquela INSTITUI\u00c7\u00c3O e deu no que deu&#8230;<\/p>\n<p>Por\u00e9m, fica no AR uma PERGUNTA N\u00c3O QUER CALAR, ou seja, a tal SECRETARIA denominada de CABIDARIA por um dos VEREADORES PROVINCIANOS&#8230;<\/p>\n<p>Entretanto, dizem nas esquinas aqui e ali desta PROV\u00cdNCIA DO FAZ DE CONTA que o tal NOME est\u00e1 mais do que definido, por\u00e9m, como sempre, n\u00e3o se pode esquecer das eternas TROCAS NADA SIMB\u00d3LICAS patrocinadas pelo PODER com o PODER em nome do PODER&#8230;<\/p>\n<p>Al\u00e9m do mais em meio ao tudo de menos, este \u00e9 o PA\u00cdS DO FAZ DE CONTA em tempo de DESGOVERNO BOZZONARO com seus COISOS com COISAS, assim, tudo indica que at\u00e9 as pr\u00f3ximas elei\u00e7\u00f5es denominadas e idolatradas MENTES MED\u00cdOCRES estar\u00e3o marcando presen\u00e7a para muitas demonstra\u00e7\u00f5es de RETROCESSO em todas as \u00e1reas&#8230;<\/p>\n<p>A PANDEMIA continua marcando presen\u00e7a em n\u00edvel GLOCAL, ou seja, do GLOBAL para o LOCAL neste tempo novo tempo que se chama hoje, todavia, milhares de COISOS\/AS continuam fugindo das VACINAS com suas MENTES MED\u00cdOCRES&#8230;<\/p>\n<p>As ditas AUTORIDADES mediadas pelo PODER P\u00daBLICO continuam patinando nas suas pr\u00f3prias DIRETRIZES, ainda, est\u00e3o mais preocupadas com os VOTOS nas pr\u00f3ximas elei\u00e7\u00f5es neste PA\u00cdS DO FAZ DE CONTA&#8230;<\/p>\n<p>Mas, tudo indica que o atual CEN\u00c1RIO poder mudar, isso \u00e9, para quem SOBREVIVER at\u00e9 OUTUBRO, haja vista uma das m\u00e1ximas da \u00e1rea da publicidade, a saber: NADA SE CRIA, TUDO SE COPIA&#8230;<\/p>\n<p>Entretanto, prefiro aquele outro dito popular que circula nos BASTIDORES do PODER INSTITUCIONALIZADO, ou seja, MUDAM AS MOSCAS, MAS A M&#8230; \u00c9 QUASE SEMPRE A MESMA&#8230;<\/p>\n<p>Por isso e mais aquilo, TODO CUIDADO \u00c9 POUCO com o tal do BO.DO.QUIO\u00a0 e sua turma de ALOPRADOS\/AS nesta PROV\u00cdNCIA DO FAZ DE CONTA, bem como, faz-se necess\u00e1rio estar em ESTADO DE ALERTA quanto a tal CABIDARIA e ponto quase final&#8230;<\/p>\n<p>Mais um dos ditos pelo n\u00e3o DITO, tendo em vista que estamos em tempo de PANDEMIA com o CORONAV\u00cdRUS, GRIPE e DENGUE, desta forma que DESINFORMA, pode-se registrar que SE VOC\u00ca PENSA QUA T\u00c1 RUIM, PODE PIORAR&#8230;<\/p>\n<p>QUEM SOBREVIVER VAI SABER&#8230;<\/p>\n<p><strong><em>_____________________<\/em><\/strong><\/p>\n<p><strong><em>(*) jornalista diplomado e professor universit\u00e1rio.<\/em><\/strong><\/p>\n<p><strong><em>e-mail: barbosa.sebar@gmail.com<\/em><\/strong><\/p>\n<p>&nbsp;<\/p>\n","protected":false},"excerpt":{"rendered":"<p>\u201dN\u00e3o h\u00e1 maior consola\u00e7\u00e3o para a mediocridade do que o fato de o g\u00eanio n\u00e3o ser imortal.\u201d (Johann Goethe) \u00a0 \u201cA cada bela impress\u00e3o que causamos, conquistamos um inimigo. Para ser popular \u00e9 indispens\u00e1vel ser med\u00edocre.\u201d (Oscar Wilde) \u00a0 S\u00e9rgio Barbosa (*) \u00a0 Cada vez mais fica evidente nestes lados provincianos que tudo pode acontecer, [&hellip;]<\/p>\n","protected":false},"author":13,"featured_media":49979,"comment_status":"closed","ping_status":"open","sticky":false,"template":"","format":"standard","meta":{"_acf_changed":false,"_exactmetrics_skip_tracking":false,"_exactmetrics_sitenote_active":false,"_exactmetrics_sitenote_note":"","_exactmetrics_sitenote_category":0,"footnotes":""},"categories":[59],"tags":[],"class_list":["post-49978","post","type-post","status-publish","format-standard","has-post-thumbnail","hentry","category-opiniao"],"acf":[],"yoast_head":"<!-- This site is optimized with the Yoast SEO plugin v27.2 - https:\/\/yoast.com\/product\/yoast-seo-wordpress\/ -->\n<title>Das terras de uma PROV\u00cdNCIA do bem querer... - R\u00e1dio Life FM<\/title>\n<meta name=\"robots\" content=\"index, follow, max-snippet:-1, max-image-preview:large, max-video-preview:-1\" \/>\n<link rel=\"canonical\" href=\"https:\/\/radiolifefm.com.br\/noticias\/das-terras-de-uma-provincia-do-bem-querer\/\" \/>\n<meta property=\"og:locale\" content=\"pt_BR\" \/>\n<meta property=\"og:type\" content=\"article\" \/>\n<meta property=\"og:title\" content=\"Das terras de uma PROV\u00cdNCIA do bem querer... - R\u00e1dio Life FM\" \/>\n<meta property=\"og:description\" content=\"\u201dN\u00e3o h\u00e1 maior consola\u00e7\u00e3o para a mediocridade do que o fato de o g\u00eanio n\u00e3o ser imortal.\u201d (Johann Goethe) \u00a0 \u201cA cada bela impress\u00e3o que causamos, conquistamos um inimigo. Para ser popular \u00e9 indispens\u00e1vel ser med\u00edocre.\u201d (Oscar Wilde) \u00a0 S\u00e9rgio Barbosa (*) \u00a0 Cada vez mais fica evidente nestes lados provincianos que tudo pode acontecer, [&hellip;]\" \/>\n<meta property=\"og:url\" content=\"https:\/\/radiolifefm.com.br\/noticias\/das-terras-de-uma-provincia-do-bem-querer\/\" \/>\n<meta property=\"og:site_name\" content=\"R\u00e1dio Life FM\" \/>\n<meta property=\"article:publisher\" content=\"https:\/\/www.facebook.com\/radiolifefm\/\" \/>\n<meta property=\"article:published_time\" content=\"2022-02-28T14:12:01+00:00\" \/>\n<meta property=\"article:modified_time\" content=\"2026-03-26T05:26:05+00:00\" \/>\n<meta property=\"og:image\" content=\"https:\/\/radiolifefm.com.br\/noticias\/wp-content\/uploads\/2022\/02\/WhatsApp-Image-2022-02-27-at-19.27.41.jpeg\" \/>\n\t<meta property=\"og:image:width\" content=\"1200\" \/>\n\t<meta property=\"og:image:height\" content=\"1600\" \/>\n\t<meta property=\"og:image:type\" content=\"image\/jpeg\" \/>\n<meta name=\"author\" content=\"ritanery\" \/>\n<meta name=\"twitter:card\" content=\"summary_large_image\" \/>\n<meta name=\"twitter:label1\" content=\"Escrito por\" \/>\n\t<meta name=\"twitter:data1\" content=\"ritanery\" \/>\n\t<meta name=\"twitter:label2\" content=\"Est. tempo de leitura\" \/>\n\t<meta name=\"twitter:data2\" content=\"2 minutos\" \/>\n<script type=\"application\/ld+json\" class=\"yoast-schema-graph\">{\"@context\":\"https:\/\/schema.org\",\"@graph\":[{\"@type\":\"Article\",\"@id\":\"https:\/\/radiolifefm.com.br\/noticias\/das-terras-de-uma-provincia-do-bem-querer\/#article\",\"isPartOf\":{\"@id\":\"https:\/\/radiolifefm.com.br\/noticias\/das-terras-de-uma-provincia-do-bem-querer\/\"},\"author\":{\"name\":\"ritanery\",\"@id\":\"https:\/\/radiolifefm.com.br\/noticias\/#\/schema\/person\/6339b9fac59d12b071dec680d7375d87\"},\"headline\":\"Das terras de uma PROV\u00cdNCIA do bem querer&#8230;\",\"datePublished\":\"2022-02-28T14:12:01+00:00\",\"dateModified\":\"2026-03-26T05:26:05+00:00\",\"mainEntityOfPage\":{\"@id\":\"https:\/\/radiolifefm.com.br\/noticias\/das-terras-de-uma-provincia-do-bem-querer\/\"},\"wordCount\":486,\"publisher\":{\"@id\":\"https:\/\/radiolifefm.com.br\/noticias\/#organization\"},\"image\":{\"@id\":\"https:\/\/radiolifefm.com.br\/noticias\/das-terras-de-uma-provincia-do-bem-querer\/#primaryimage\"},\"thumbnailUrl\":\"https:\/\/radiolifefm.com.br\/noticias\/wp-content\/uploads\/2022\/02\/WhatsApp-Image-2022-02-27-at-19.27.41.jpeg\",\"articleSection\":[\"Opini\u00e3o\"],\"inLanguage\":\"pt-BR\"},{\"@type\":\"WebPage\",\"@id\":\"https:\/\/radiolifefm.com.br\/noticias\/das-terras-de-uma-provincia-do-bem-querer\/\",\"url\":\"https:\/\/radiolifefm.com.br\/noticias\/das-terras-de-uma-provincia-do-bem-querer\/\",\"name\":\"Das terras de uma PROV\u00cdNCIA do bem querer... - R\u00e1dio Life FM\",\"isPartOf\":{\"@id\":\"https:\/\/radiolifefm.com.br\/noticias\/#website\"},\"primaryImageOfPage\":{\"@id\":\"https:\/\/radiolifefm.com.br\/noticias\/das-terras-de-uma-provincia-do-bem-querer\/#primaryimage\"},\"image\":{\"@id\":\"https:\/\/radiolifefm.com.br\/noticias\/das-terras-de-uma-provincia-do-bem-querer\/#primaryimage\"},\"thumbnailUrl\":\"https:\/\/radiolifefm.com.br\/noticias\/wp-content\/uploads\/2022\/02\/WhatsApp-Image-2022-02-27-at-19.27.41.jpeg\",\"datePublished\":\"2022-02-28T14:12:01+00:00\",\"dateModified\":\"2026-03-26T05:26:05+00:00\",\"breadcrumb\":{\"@id\":\"https:\/\/radiolifefm.com.br\/noticias\/das-terras-de-uma-provincia-do-bem-querer\/#breadcrumb\"},\"inLanguage\":\"pt-BR\",\"potentialAction\":[{\"@type\":\"ReadAction\",\"target\":[\"https:\/\/radiolifefm.com.br\/noticias\/das-terras-de-uma-provincia-do-bem-querer\/\"]}]},{\"@type\":\"ImageObject\",\"inLanguage\":\"pt-BR\",\"@id\":\"https:\/\/radiolifefm.com.br\/noticias\/das-terras-de-uma-provincia-do-bem-querer\/#primaryimage\",\"url\":\"https:\/\/radiolifefm.com.br\/noticias\/wp-content\/uploads\/2022\/02\/WhatsApp-Image-2022-02-27-at-19.27.41.jpeg\",\"contentUrl\":\"https:\/\/radiolifefm.com.br\/noticias\/wp-content\/uploads\/2022\/02\/WhatsApp-Image-2022-02-27-at-19.27.41.jpeg\",\"width\":1200,\"height\":1600},{\"@type\":\"BreadcrumbList\",\"@id\":\"https:\/\/radiolifefm.com.br\/noticias\/das-terras-de-uma-provincia-do-bem-querer\/#breadcrumb\",\"itemListElement\":[{\"@type\":\"ListItem\",\"position\":1,\"name\":\"In\u00edcio\",\"item\":\"https:\/\/radiolifefm.com.br\/noticias\/\"},{\"@type\":\"ListItem\",\"position\":2,\"name\":\"Das terras de uma PROV\u00cdNCIA do bem querer&#8230;\"}]},{\"@type\":\"WebSite\",\"@id\":\"https:\/\/radiolifefm.com.br\/noticias\/#website\",\"url\":\"https:\/\/radiolifefm.com.br\/noticias\/\",\"name\":\"R\u00e1dio Life FM\",\"description\":\"O Portal de Not\u00edcias de Adamantina\",\"publisher\":{\"@id\":\"https:\/\/radiolifefm.com.br\/noticias\/#organization\"},\"alternateName\":\"Life FM\",\"potentialAction\":[{\"@type\":\"SearchAction\",\"target\":{\"@type\":\"EntryPoint\",\"urlTemplate\":\"https:\/\/radiolifefm.com.br\/noticias\/?s={search_term_string}\"},\"query-input\":{\"@type\":\"PropertyValueSpecification\",\"valueRequired\":true,\"valueName\":\"search_term_string\"}}],\"inLanguage\":\"pt-BR\"},{\"@type\":\"Organization\",\"@id\":\"https:\/\/radiolifefm.com.br\/noticias\/#organization\",\"name\":\"R\u00e1dio Life FM\",\"alternateName\":\"Life FM\",\"url\":\"https:\/\/radiolifefm.com.br\/noticias\/\",\"logo\":{\"@type\":\"ImageObject\",\"inLanguage\":\"pt-BR\",\"@id\":\"https:\/\/radiolifefm.com.br\/noticias\/#\/schema\/logo\/image\/\",\"url\":\"https:\/\/static.radiolifefm.com.br\/noticias\/wp-content\/uploads\/2019\/10\/logo-lifefm.png\",\"contentUrl\":\"https:\/\/static.radiolifefm.com.br\/noticias\/wp-content\/uploads\/2019\/10\/logo-lifefm.png\",\"width\":196,\"height\":47,\"caption\":\"R\u00e1dio Life FM\"},\"image\":{\"@id\":\"https:\/\/radiolifefm.com.br\/noticias\/#\/schema\/logo\/image\/\"},\"sameAs\":[\"https:\/\/www.facebook.com\/radiolifefm\/\",\"https:\/\/www.instagram.com\/life1079fm\/\"]},{\"@type\":\"Person\",\"@id\":\"https:\/\/radiolifefm.com.br\/noticias\/#\/schema\/person\/6339b9fac59d12b071dec680d7375d87\",\"name\":\"ritanery\",\"image\":{\"@type\":\"ImageObject\",\"inLanguage\":\"pt-BR\",\"@id\":\"https:\/\/secure.gravatar.com\/avatar\/0e37bb19071f47c0b8a23f62a903df117c5a0e75f65a0c2901562f97cd41cf86?s=96&d=mm&r=g\",\"url\":\"https:\/\/secure.gravatar.com\/avatar\/0e37bb19071f47c0b8a23f62a903df117c5a0e75f65a0c2901562f97cd41cf86?s=96&d=mm&r=g\",\"contentUrl\":\"https:\/\/secure.gravatar.com\/avatar\/0e37bb19071f47c0b8a23f62a903df117c5a0e75f65a0c2901562f97cd41cf86?s=96&d=mm&r=g\",\"caption\":\"ritanery\"}}]}<\/script>\n<!-- \/ Yoast SEO plugin. -->","yoast_head_json":{"title":"Das terras de uma PROV\u00cdNCIA do bem querer... - R\u00e1dio Life FM","robots":{"index":"index","follow":"follow","max-snippet":"max-snippet:-1","max-image-preview":"max-image-preview:large","max-video-preview":"max-video-preview:-1"},"canonical":"https:\/\/radiolifefm.com.br\/noticias\/das-terras-de-uma-provincia-do-bem-querer\/","og_locale":"pt_BR","og_type":"article","og_title":"Das terras de uma PROV\u00cdNCIA do bem querer... - R\u00e1dio Life FM","og_description":"\u201dN\u00e3o h\u00e1 maior consola\u00e7\u00e3o para a mediocridade do que o fato de o g\u00eanio n\u00e3o ser imortal.\u201d (Johann Goethe) \u00a0 \u201cA cada bela impress\u00e3o que causamos, conquistamos um inimigo. Para ser popular \u00e9 indispens\u00e1vel ser med\u00edocre.\u201d (Oscar Wilde) \u00a0 S\u00e9rgio Barbosa (*) \u00a0 Cada vez mais fica evidente nestes lados provincianos que tudo pode acontecer, [&hellip;]","og_url":"https:\/\/radiolifefm.com.br\/noticias\/das-terras-de-uma-provincia-do-bem-querer\/","og_site_name":"R\u00e1dio Life FM","article_publisher":"https:\/\/www.facebook.com\/radiolifefm\/","article_published_time":"2022-02-28T14:12:01+00:00","article_modified_time":"2026-03-26T05:26:05+00:00","og_image":[{"width":1200,"height":1600,"url":"https:\/\/radiolifefm.com.br\/noticias\/wp-content\/uploads\/2022\/02\/WhatsApp-Image-2022-02-27-at-19.27.41.jpeg","type":"image\/jpeg"}],"author":"ritanery","twitter_card":"summary_large_image","twitter_misc":{"Escrito por":"ritanery","Est. tempo de leitura":"2 minutos"},"schema":{"@context":"https:\/\/schema.org","@graph":[{"@type":"Article","@id":"https:\/\/radiolifefm.com.br\/noticias\/das-terras-de-uma-provincia-do-bem-querer\/#article","isPartOf":{"@id":"https:\/\/radiolifefm.com.br\/noticias\/das-terras-de-uma-provincia-do-bem-querer\/"},"author":{"name":"ritanery","@id":"https:\/\/radiolifefm.com.br\/noticias\/#\/schema\/person\/6339b9fac59d12b071dec680d7375d87"},"headline":"Das terras de uma PROV\u00cdNCIA do bem querer&#8230;","datePublished":"2022-02-28T14:12:01+00:00","dateModified":"2026-03-26T05:26:05+00:00","mainEntityOfPage":{"@id":"https:\/\/radiolifefm.com.br\/noticias\/das-terras-de-uma-provincia-do-bem-querer\/"},"wordCount":486,"publisher":{"@id":"https:\/\/radiolifefm.com.br\/noticias\/#organization"},"image":{"@id":"https:\/\/radiolifefm.com.br\/noticias\/das-terras-de-uma-provincia-do-bem-querer\/#primaryimage"},"thumbnailUrl":"https:\/\/radiolifefm.com.br\/noticias\/wp-content\/uploads\/2022\/02\/WhatsApp-Image-2022-02-27-at-19.27.41.jpeg","articleSection":["Opini\u00e3o"],"inLanguage":"pt-BR"},{"@type":"WebPage","@id":"https:\/\/radiolifefm.com.br\/noticias\/das-terras-de-uma-provincia-do-bem-querer\/","url":"https:\/\/radiolifefm.com.br\/noticias\/das-terras-de-uma-provincia-do-bem-querer\/","name":"Das terras de uma PROV\u00cdNCIA do bem querer... - R\u00e1dio Life FM","isPartOf":{"@id":"https:\/\/radiolifefm.com.br\/noticias\/#website"},"primaryImageOfPage":{"@id":"https:\/\/radiolifefm.com.br\/noticias\/das-terras-de-uma-provincia-do-bem-querer\/#primaryimage"},"image":{"@id":"https:\/\/radiolifefm.com.br\/noticias\/das-terras-de-uma-provincia-do-bem-querer\/#primaryimage"},"thumbnailUrl":"https:\/\/radiolifefm.com.br\/noticias\/wp-content\/uploads\/2022\/02\/WhatsApp-Image-2022-02-27-at-19.27.41.jpeg","datePublished":"2022-02-28T14:12:01+00:00","dateModified":"2026-03-26T05:26:05+00:00","breadcrumb":{"@id":"https:\/\/radiolifefm.com.br\/noticias\/das-terras-de-uma-provincia-do-bem-querer\/#breadcrumb"},"inLanguage":"pt-BR","potentialAction":[{"@type":"ReadAction","target":["https:\/\/radiolifefm.com.br\/noticias\/das-terras-de-uma-provincia-do-bem-querer\/"]}]},{"@type":"ImageObject","inLanguage":"pt-BR","@id":"https:\/\/radiolifefm.com.br\/noticias\/das-terras-de-uma-provincia-do-bem-querer\/#primaryimage","url":"https:\/\/radiolifefm.com.br\/noticias\/wp-content\/uploads\/2022\/02\/WhatsApp-Image-2022-02-27-at-19.27.41.jpeg","contentUrl":"https:\/\/radiolifefm.com.br\/noticias\/wp-content\/uploads\/2022\/02\/WhatsApp-Image-2022-02-27-at-19.27.41.jpeg","width":1200,"height":1600},{"@type":"BreadcrumbList","@id":"https:\/\/radiolifefm.com.br\/noticias\/das-terras-de-uma-provincia-do-bem-querer\/#breadcrumb","itemListElement":[{"@type":"ListItem","position":1,"name":"In\u00edcio","item":"https:\/\/radiolifefm.com.br\/noticias\/"},{"@type":"ListItem","position":2,"name":"Das terras de uma PROV\u00cdNCIA do bem querer&#8230;"}]},{"@type":"WebSite","@id":"https:\/\/radiolifefm.com.br\/noticias\/#website","url":"https:\/\/radiolifefm.com.br\/noticias\/","name":"R\u00e1dio Life FM","description":"O Portal de Not\u00edcias de Adamantina","publisher":{"@id":"https:\/\/radiolifefm.com.br\/noticias\/#organization"},"alternateName":"Life FM","potentialAction":[{"@type":"SearchAction","target":{"@type":"EntryPoint","urlTemplate":"https:\/\/radiolifefm.com.br\/noticias\/?s={search_term_string}"},"query-input":{"@type":"PropertyValueSpecification","valueRequired":true,"valueName":"search_term_string"}}],"inLanguage":"pt-BR"},{"@type":"Organization","@id":"https:\/\/radiolifefm.com.br\/noticias\/#organization","name":"R\u00e1dio Life FM","alternateName":"Life FM","url":"https:\/\/radiolifefm.com.br\/noticias\/","logo":{"@type":"ImageObject","inLanguage":"pt-BR","@id":"https:\/\/radiolifefm.com.br\/noticias\/#\/schema\/logo\/image\/","url":"https:\/\/static.radiolifefm.com.br\/noticias\/wp-content\/uploads\/2019\/10\/logo-lifefm.png","contentUrl":"https:\/\/static.radiolifefm.com.br\/noticias\/wp-content\/uploads\/2019\/10\/logo-lifefm.png","width":196,"height":47,"caption":"R\u00e1dio Life FM"},"image":{"@id":"https:\/\/radiolifefm.com.br\/noticias\/#\/schema\/logo\/image\/"},"sameAs":["https:\/\/www.facebook.com\/radiolifefm\/","https:\/\/www.instagram.com\/life1079fm\/"]},{"@type":"Person","@id":"https:\/\/radiolifefm.com.br\/noticias\/#\/schema\/person\/6339b9fac59d12b071dec680d7375d87","name":"ritanery","image":{"@type":"ImageObject","inLanguage":"pt-BR","@id":"https:\/\/secure.gravatar.com\/avatar\/0e37bb19071f47c0b8a23f62a903df117c5a0e75f65a0c2901562f97cd41cf86?s=96&d=mm&r=g","url":"https:\/\/secure.gravatar.com\/avatar\/0e37bb19071f47c0b8a23f62a903df117c5a0e75f65a0c2901562f97cd41cf86?s=96&d=mm&r=g","contentUrl":"https:\/\/secure.gravatar.com\/avatar\/0e37bb19071f47c0b8a23f62a903df117c5a0e75f65a0c2901562f97cd41cf86?s=96&d=mm&r=g","caption":"ritanery"}}]}},"amp_enabled":true,"_links":{"self":[{"href":"https:\/\/radiolifefm.com.br\/noticias\/wp-json\/wp\/v2\/posts\/49978","targetHints":{"allow":["GET"]}}],"collection":[{"href":"https:\/\/radiolifefm.com.br\/noticias\/wp-json\/wp\/v2\/posts"}],"about":[{"href":"https:\/\/radiolifefm.com.br\/noticias\/wp-json\/wp\/v2\/types\/post"}],"author":[{"embeddable":true,"href":"https:\/\/radiolifefm.com.br\/noticias\/wp-json\/wp\/v2\/users\/13"}],"replies":[{"embeddable":true,"href":"https:\/\/radiolifefm.com.br\/noticias\/wp-json\/wp\/v2\/comments?post=49978"}],"version-history":[{"count":1,"href":"https:\/\/radiolifefm.com.br\/noticias\/wp-json\/wp\/v2\/posts\/49978\/revisions"}],"predecessor-version":[{"id":49980,"href":"https:\/\/radiolifefm.com.br\/noticias\/wp-json\/wp\/v2\/posts\/49978\/revisions\/49980"}],"wp:featuredmedia":[{"embeddable":true,"href":"https:\/\/radiolifefm.com.br\/noticias\/wp-json\/wp\/v2\/media\/49979"}],"wp:attachment":[{"href":"https:\/\/radiolifefm.com.br\/noticias\/wp-json\/wp\/v2\/media?parent=49978"}],"wp:term":[{"taxonomy":"category","embeddable":true,"href":"https:\/\/radiolifefm.com.br\/noticias\/wp-json\/wp\/v2\/categories?post=49978"},{"taxonomy":"post_tag","embeddable":true,"href":"https:\/\/radiolifefm.com.br\/noticias\/wp-json\/wp\/v2\/tags?post=49978"}],"curies":[{"name":"wp","href":"https:\/\/api.w.org\/{rel}","templated":true}]}}