{"id":49901,"date":"2022-02-25T10:43:55","date_gmt":"2022-02-25T13:43:55","guid":{"rendered":"https:\/\/radiolifefm.com.br\/noticias\/?p=49901"},"modified":"2026-01-26T04:06:13","modified_gmt":"2026-01-26T07:06:13","slug":"john-ono-lennon-tributo-ao-poeta-contestador","status":"publish","type":"post","link":"https:\/\/radiolifefm.com.br\/noticias\/john-ono-lennon-tributo-ao-poeta-contestador\/","title":{"rendered":"JOHN ONO LENNON: TRIBUTO AO POETA CONTESTADOR!"},"content":{"rendered":"<div id=\"fb-root\"><\/div>\n<p><strong><em>\u00a0\u201cA mulher \u00e9 a escrava dos escravos. Se ela tenta ser livre, tu dizes que ela n\u00e3o te ama. Se ela pensa, tu dizes que ela quer ser homem.\u201d (<a href=\"https:\/\/www.pensador.com\/autor\/john_lennon\/\">John Lennon<\/a>)<\/em><\/strong><\/p>\n<p><em>\u00a0<\/em><\/p>\n<p><strong><em>S\u00e9rgio Barbosa (*)<\/em><\/strong><\/p>\n<p><strong><em><u>E<\/u><\/em><\/strong>st\u00e1 cada vez mais distante das pessoas aquela vontade de voltar a acreditar em alguma coisa, ainda mais, quando os novos tempos trazem muitas d\u00favidas e fazem brotar em \u201cn\u00f3s\u201d aquela inquieta\u00e7\u00e3o quanto ao amanh\u00e3&#8230;<\/p>\n<p>Em meio aos muitos acontecimentos em n\u00edvel mundial, existem pessoas envolvidas em mil detalhes do seu cotidiano, bem como, outras pessoas que acabam se enrolando com tantos afazeres e demais responsabilidades do dia-a-dia.<\/p>\n<p>Algu\u00e9m disse o seguinte: \u201cInfeliz \u00e9 a na\u00e7\u00e3o que precisa dos \u2018mitos\u2019 para sobreviver\u201d. \u00c9 uma frase que merece in\u00fameras reflex\u00f5es de nossa parte, basta a gente for\u00e7ar a nossa mem\u00f3ria e relembrar alguns dos muitos fatos que aconteceram nos \u00faltimos anos em nosso pa\u00eds e foram retratados pela \u201cm\u00eddia\u201d com destaque e acabaram gerando controv\u00e9rsias entre: mensagem, meio e receptor.<\/p>\n<p>\u00c9 comum as pessoas relembrarem por meio diversos, o anivers\u00e1rio desta ou daquela personalidade local, estadual, nacional ou internacional, isso \u00e9, quando a \u201ctal personalidade\u201d est\u00e1 sendo relembrada pela data da sua morte.<\/p>\n<p>N\u00e3o \u00e9 o caso deste texto, o objetivo \u00e9 relembrar sim, uma personalidade que marcou v\u00e1rias gera\u00e7\u00f5es e continua marcando presen\u00e7a por meio das suas poesias, letras e musicalidade, estamos nos referindo ao irreverente e \u201csonhador\u201d- John Lennon!!!<\/p>\n<p><strong><em>\u201c&#8230; Voc\u00ea pode me achar um sonhador<\/em><\/strong><\/p>\n<p><strong><em>\u00a0Mas eu n\u00e3o sou o \u00fanico<\/em><\/strong><\/p>\n<p><strong><em>Espero que um dia voc\u00ea se junte a n\u00f3s<\/em><\/strong><\/p>\n<p><strong><em>E o mundo ser\u00e1 um s\u00f3&#8230;\u201d<\/em><\/strong><\/p>\n<p>Nesta data, 9 de outubro, se ainda estivesse entre n\u00f3s, John Ono Lennon estaria completando 59 anos&#8230; Foi assassinado no dia 8 de dezembro de 1980, por um f\u00e3 (sic), na porta do Edif\u00edcio em que morava, com a fam\u00edlia, na cidade de Nova Iorque, Estados Unidos da Am\u00e9rica.<\/p>\n<p>A hist\u00f3ria do mito em quest\u00e3o, extrapola o nosso simples \u201csenso comum\u201d, \u00e9 preciso mais do que isso para entender o \u201cpoeta contestador\u201d. Lennon foi um artista que esteve sempre a frente do seu tempo, basta relembrar fatos em que esteve envolvido, individualmente, com Yoko Ono (esposa) e Sean (filho), al\u00e9m dos velhos tempos como um dos l\u00edderes do \u201cThe Beatles\u201d, juntamente com o parceiro da \u00e9poca- Paul McCartney.<\/p>\n<p>Vamos deixar registrado neste texto um recorte de uma das in\u00fameras entrevistas concedidas por John Lennon para as revistas especializadas em m\u00fasica, tais como, a famosa \u201cRolling Stone\u201d nos anos 1970-1971, quando disse: <em>\u201c (&#8230;) crescemos um pouco todos n\u00f3s. Houve uma mudan\u00e7a e estamos mais livres. Mas \u00e9 o mesmo jogo, nada realmente mudou. Eles est\u00e3o fazendo exatamente as mesas coisas, vendendo armas para a \u00c1frica do Sul, matando negros nas ruas, as pessoas est\u00e3o vivendo numa pobreza f&#8230; com ratos andando sobre elas. \u00c9 de vomitar. Acordei para isso tamb\u00e9m. O sonho acabou. Tudo continua igual. S\u00f3 que eu tenho 30 anos e muitas pessoas usam cabelo comprido. S\u00f3 isso.\u201d<\/em><\/p>\n<p>\u00c9 importante ressaltar que, esta entrevista foi realizada no in\u00edcio dos anos 70, quando o planeta estava em meio as muitas mudan\u00e7as, isso em v\u00e1rias \u00e1reas, principalmente na pol\u00edtica internacional desenvolvida pelos norte-americanos em v\u00e1rias parte do mundo.<\/p>\n<p>O poeta contestador, foi acusado pelas autoridades norte-americanas em v\u00e1rios momentos, pois, John Lennon era uma voz que incomodava naquele momento delicado para os Estados Unidos da Am\u00e9rica que exportava uma pol\u00edtica desenvolvimentista por meio do poder b\u00e9lico e econ\u00f4mico em v\u00e1rias partes do mundo.<\/p>\n<p><strong><em>\u201cTalvez n\u00e3o haja muita<\/em><\/strong><\/p>\n<p><strong><em>diferen\u00e7a<\/em><\/strong><\/p>\n<p><strong><em>Entre a Casa Branca e<\/em><\/strong><\/p>\n<p><strong><em>a Casa do Povo<\/em><\/strong><\/p>\n<p><strong><em>Se contarmos suas janelas.\u201d<\/em><\/strong><\/p>\n<p>As letras e as m\u00fasicas do poeta estavam presentes nos meios de comunica\u00e7\u00e3o de massa em n\u00edvel mundial, isso provocava uma s\u00e9rie de \u201crepres\u00e1lias\u201d ao cantor e compositor John Lennon, al\u00e9m disso, o ex-Beatle havia declarado que tinha escolhido os EUA para morar com a fam\u00edlia. Era provoca\u00e7\u00e3o demais para o governo norte-americano que utilizou todos os meios dispon\u00edveis na \u00e9poca para deportar o \u201cPoeta contestador\u201d.<\/p>\n<p>A poesia e a m\u00fasica de John Lennon est\u00e3o registradas nos cora\u00e7\u00f5es daquelas pessoas que \u201cainda acreditam\u201d que o amanh\u00e3 ainda vai acontecer em meio ao nada, ainda mais, quando estamos em tempos de p\u00f3s-globaliza\u00e7\u00e3o mundial&#8230;<\/p>\n<p><strong><em>\u201cChoramos numa pris\u00e3o<\/em><\/strong><\/p>\n<p><strong><em>Amamos numa pris\u00e3o<\/em><\/strong><\/p>\n<p><strong><em>Sonhamos numa pris\u00e3o<\/em><\/strong><\/p>\n<p><strong><em>Como tolos.\u201d<\/em><\/strong><\/p>\n<p><strong>AVE JOHN LENNON! <\/strong><\/p>\n<p><strong>AVE JOHN ONO LENNON!<\/strong><\/p>\n<p><strong><em>_____________________________<\/em><\/strong><\/p>\n<p><strong><em>(*) jornalista diplomado e professor universit\u00e1rio.<\/em><\/strong><\/p>\n<p><strong><em>e-mail: <a href=\"mailto:barbosa.sebar@gmail.com\">barbosa.sebar@gmail.com<\/a><\/em><\/strong><\/p>\n","protected":false},"excerpt":{"rendered":"<p>\u00a0\u201cA mulher \u00e9 a escrava dos escravos. Se ela tenta ser livre, tu dizes que ela n\u00e3o te ama. Se ela pensa, tu dizes que ela quer ser homem.\u201d (John Lennon) \u00a0 S\u00e9rgio Barbosa (*) Est\u00e1 cada vez mais distante das pessoas aquela vontade de voltar a acreditar em alguma coisa, ainda mais, quando os [&hellip;]<\/p>\n","protected":false},"author":13,"featured_media":49903,"comment_status":"closed","ping_status":"open","sticky":false,"template":"","format":"standard","meta":{"_acf_changed":false,"_exactmetrics_skip_tracking":false,"_exactmetrics_sitenote_active":false,"_exactmetrics_sitenote_note":"","_exactmetrics_sitenote_category":0,"footnotes":""},"categories":[59],"tags":[],"class_list":["post-49901","post","type-post","status-publish","format-standard","has-post-thumbnail","hentry","category-opiniao"],"acf":[],"yoast_head":"<!-- This site is optimized with the Yoast SEO plugin v27.2 - https:\/\/yoast.com\/product\/yoast-seo-wordpress\/ -->\n<title>JOHN ONO LENNON: TRIBUTO AO POETA CONTESTADOR! - R\u00e1dio Life FM<\/title>\n<meta name=\"robots\" content=\"index, follow, max-snippet:-1, max-image-preview:large, max-video-preview:-1\" \/>\n<link rel=\"canonical\" href=\"https:\/\/radiolifefm.com.br\/noticias\/john-ono-lennon-tributo-ao-poeta-contestador\/\" \/>\n<meta property=\"og:locale\" content=\"pt_BR\" \/>\n<meta property=\"og:type\" content=\"article\" \/>\n<meta property=\"og:title\" content=\"JOHN ONO LENNON: TRIBUTO AO POETA CONTESTADOR! - R\u00e1dio Life FM\" \/>\n<meta property=\"og:description\" content=\"\u00a0\u201cA mulher \u00e9 a escrava dos escravos. Se ela tenta ser livre, tu dizes que ela n\u00e3o te ama. Se ela pensa, tu dizes que ela quer ser homem.\u201d (John Lennon) \u00a0 S\u00e9rgio Barbosa (*) Est\u00e1 cada vez mais distante das pessoas aquela vontade de voltar a acreditar em alguma coisa, ainda mais, quando os [&hellip;]\" \/>\n<meta property=\"og:url\" content=\"https:\/\/radiolifefm.com.br\/noticias\/john-ono-lennon-tributo-ao-poeta-contestador\/\" \/>\n<meta property=\"og:site_name\" content=\"R\u00e1dio Life FM\" \/>\n<meta property=\"article:publisher\" content=\"https:\/\/www.facebook.com\/radiolifefm\/\" \/>\n<meta property=\"article:published_time\" content=\"2022-02-25T13:43:55+00:00\" \/>\n<meta property=\"article:modified_time\" content=\"2026-01-26T07:06:13+00:00\" \/>\n<meta property=\"og:image\" content=\"https:\/\/radiolifefm.com.br\/noticias\/wp-content\/uploads\/2022\/02\/WhatsApp-Image-2022-02-25-at-06.16.49.jpeg\" \/>\n\t<meta property=\"og:image:width\" content=\"194\" \/>\n\t<meta property=\"og:image:height\" content=\"260\" \/>\n\t<meta property=\"og:image:type\" content=\"image\/jpeg\" \/>\n<meta name=\"author\" content=\"ritanery\" \/>\n<meta name=\"twitter:card\" content=\"summary_large_image\" \/>\n<meta name=\"twitter:label1\" content=\"Escrito por\" \/>\n\t<meta name=\"twitter:data1\" content=\"ritanery\" \/>\n\t<meta name=\"twitter:label2\" content=\"Est. tempo de leitura\" \/>\n\t<meta name=\"twitter:data2\" content=\"4 minutos\" \/>\n<script type=\"application\/ld+json\" class=\"yoast-schema-graph\">{\"@context\":\"https:\/\/schema.org\",\"@graph\":[{\"@type\":\"Article\",\"@id\":\"https:\/\/radiolifefm.com.br\/noticias\/john-ono-lennon-tributo-ao-poeta-contestador\/#article\",\"isPartOf\":{\"@id\":\"https:\/\/radiolifefm.com.br\/noticias\/john-ono-lennon-tributo-ao-poeta-contestador\/\"},\"author\":{\"name\":\"ritanery\",\"@id\":\"https:\/\/radiolifefm.com.br\/noticias\/#\/schema\/person\/6339b9fac59d12b071dec680d7375d87\"},\"headline\":\"JOHN ONO LENNON: TRIBUTO AO POETA CONTESTADOR!\",\"datePublished\":\"2022-02-25T13:43:55+00:00\",\"dateModified\":\"2026-01-26T07:06:13+00:00\",\"mainEntityOfPage\":{\"@id\":\"https:\/\/radiolifefm.com.br\/noticias\/john-ono-lennon-tributo-ao-poeta-contestador\/\"},\"wordCount\":779,\"publisher\":{\"@id\":\"https:\/\/radiolifefm.com.br\/noticias\/#organization\"},\"image\":{\"@id\":\"https:\/\/radiolifefm.com.br\/noticias\/john-ono-lennon-tributo-ao-poeta-contestador\/#primaryimage\"},\"thumbnailUrl\":\"https:\/\/radiolifefm.com.br\/noticias\/wp-content\/uploads\/2022\/02\/WhatsApp-Image-2022-02-25-at-06.16.49.jpeg\",\"articleSection\":[\"Opini\u00e3o\"],\"inLanguage\":\"pt-BR\"},{\"@type\":\"WebPage\",\"@id\":\"https:\/\/radiolifefm.com.br\/noticias\/john-ono-lennon-tributo-ao-poeta-contestador\/\",\"url\":\"https:\/\/radiolifefm.com.br\/noticias\/john-ono-lennon-tributo-ao-poeta-contestador\/\",\"name\":\"JOHN ONO LENNON: TRIBUTO AO POETA CONTESTADOR! - R\u00e1dio Life FM\",\"isPartOf\":{\"@id\":\"https:\/\/radiolifefm.com.br\/noticias\/#website\"},\"primaryImageOfPage\":{\"@id\":\"https:\/\/radiolifefm.com.br\/noticias\/john-ono-lennon-tributo-ao-poeta-contestador\/#primaryimage\"},\"image\":{\"@id\":\"https:\/\/radiolifefm.com.br\/noticias\/john-ono-lennon-tributo-ao-poeta-contestador\/#primaryimage\"},\"thumbnailUrl\":\"https:\/\/radiolifefm.com.br\/noticias\/wp-content\/uploads\/2022\/02\/WhatsApp-Image-2022-02-25-at-06.16.49.jpeg\",\"datePublished\":\"2022-02-25T13:43:55+00:00\",\"dateModified\":\"2026-01-26T07:06:13+00:00\",\"breadcrumb\":{\"@id\":\"https:\/\/radiolifefm.com.br\/noticias\/john-ono-lennon-tributo-ao-poeta-contestador\/#breadcrumb\"},\"inLanguage\":\"pt-BR\",\"potentialAction\":[{\"@type\":\"ReadAction\",\"target\":[\"https:\/\/radiolifefm.com.br\/noticias\/john-ono-lennon-tributo-ao-poeta-contestador\/\"]}]},{\"@type\":\"ImageObject\",\"inLanguage\":\"pt-BR\",\"@id\":\"https:\/\/radiolifefm.com.br\/noticias\/john-ono-lennon-tributo-ao-poeta-contestador\/#primaryimage\",\"url\":\"https:\/\/radiolifefm.com.br\/noticias\/wp-content\/uploads\/2022\/02\/WhatsApp-Image-2022-02-25-at-06.16.49.jpeg\",\"contentUrl\":\"https:\/\/radiolifefm.com.br\/noticias\/wp-content\/uploads\/2022\/02\/WhatsApp-Image-2022-02-25-at-06.16.49.jpeg\",\"width\":194,\"height\":260},{\"@type\":\"BreadcrumbList\",\"@id\":\"https:\/\/radiolifefm.com.br\/noticias\/john-ono-lennon-tributo-ao-poeta-contestador\/#breadcrumb\",\"itemListElement\":[{\"@type\":\"ListItem\",\"position\":1,\"name\":\"In\u00edcio\",\"item\":\"https:\/\/radiolifefm.com.br\/noticias\/\"},{\"@type\":\"ListItem\",\"position\":2,\"name\":\"JOHN ONO LENNON: TRIBUTO AO POETA CONTESTADOR!\"}]},{\"@type\":\"WebSite\",\"@id\":\"https:\/\/radiolifefm.com.br\/noticias\/#website\",\"url\":\"https:\/\/radiolifefm.com.br\/noticias\/\",\"name\":\"R\u00e1dio Life FM\",\"description\":\"O Portal de Not\u00edcias de Adamantina\",\"publisher\":{\"@id\":\"https:\/\/radiolifefm.com.br\/noticias\/#organization\"},\"alternateName\":\"Life FM\",\"potentialAction\":[{\"@type\":\"SearchAction\",\"target\":{\"@type\":\"EntryPoint\",\"urlTemplate\":\"https:\/\/radiolifefm.com.br\/noticias\/?s={search_term_string}\"},\"query-input\":{\"@type\":\"PropertyValueSpecification\",\"valueRequired\":true,\"valueName\":\"search_term_string\"}}],\"inLanguage\":\"pt-BR\"},{\"@type\":\"Organization\",\"@id\":\"https:\/\/radiolifefm.com.br\/noticias\/#organization\",\"name\":\"R\u00e1dio Life FM\",\"alternateName\":\"Life FM\",\"url\":\"https:\/\/radiolifefm.com.br\/noticias\/\",\"logo\":{\"@type\":\"ImageObject\",\"inLanguage\":\"pt-BR\",\"@id\":\"https:\/\/radiolifefm.com.br\/noticias\/#\/schema\/logo\/image\/\",\"url\":\"https:\/\/static.radiolifefm.com.br\/noticias\/wp-content\/uploads\/2019\/10\/logo-lifefm.png\",\"contentUrl\":\"https:\/\/static.radiolifefm.com.br\/noticias\/wp-content\/uploads\/2019\/10\/logo-lifefm.png\",\"width\":196,\"height\":47,\"caption\":\"R\u00e1dio Life FM\"},\"image\":{\"@id\":\"https:\/\/radiolifefm.com.br\/noticias\/#\/schema\/logo\/image\/\"},\"sameAs\":[\"https:\/\/www.facebook.com\/radiolifefm\/\",\"https:\/\/www.instagram.com\/life1079fm\/\"]},{\"@type\":\"Person\",\"@id\":\"https:\/\/radiolifefm.com.br\/noticias\/#\/schema\/person\/6339b9fac59d12b071dec680d7375d87\",\"name\":\"ritanery\",\"image\":{\"@type\":\"ImageObject\",\"inLanguage\":\"pt-BR\",\"@id\":\"https:\/\/secure.gravatar.com\/avatar\/0e37bb19071f47c0b8a23f62a903df117c5a0e75f65a0c2901562f97cd41cf86?s=96&d=mm&r=g\",\"url\":\"https:\/\/secure.gravatar.com\/avatar\/0e37bb19071f47c0b8a23f62a903df117c5a0e75f65a0c2901562f97cd41cf86?s=96&d=mm&r=g\",\"contentUrl\":\"https:\/\/secure.gravatar.com\/avatar\/0e37bb19071f47c0b8a23f62a903df117c5a0e75f65a0c2901562f97cd41cf86?s=96&d=mm&r=g\",\"caption\":\"ritanery\"}}]}<\/script>\n<!-- \/ Yoast SEO plugin. -->","yoast_head_json":{"title":"JOHN ONO LENNON: TRIBUTO AO POETA CONTESTADOR! - R\u00e1dio Life FM","robots":{"index":"index","follow":"follow","max-snippet":"max-snippet:-1","max-image-preview":"max-image-preview:large","max-video-preview":"max-video-preview:-1"},"canonical":"https:\/\/radiolifefm.com.br\/noticias\/john-ono-lennon-tributo-ao-poeta-contestador\/","og_locale":"pt_BR","og_type":"article","og_title":"JOHN ONO LENNON: TRIBUTO AO POETA CONTESTADOR! - R\u00e1dio Life FM","og_description":"\u00a0\u201cA mulher \u00e9 a escrava dos escravos. Se ela tenta ser livre, tu dizes que ela n\u00e3o te ama. Se ela pensa, tu dizes que ela quer ser homem.\u201d (John Lennon) \u00a0 S\u00e9rgio Barbosa (*) Est\u00e1 cada vez mais distante das pessoas aquela vontade de voltar a acreditar em alguma coisa, ainda mais, quando os [&hellip;]","og_url":"https:\/\/radiolifefm.com.br\/noticias\/john-ono-lennon-tributo-ao-poeta-contestador\/","og_site_name":"R\u00e1dio Life FM","article_publisher":"https:\/\/www.facebook.com\/radiolifefm\/","article_published_time":"2022-02-25T13:43:55+00:00","article_modified_time":"2026-01-26T07:06:13+00:00","og_image":[{"width":194,"height":260,"url":"https:\/\/radiolifefm.com.br\/noticias\/wp-content\/uploads\/2022\/02\/WhatsApp-Image-2022-02-25-at-06.16.49.jpeg","type":"image\/jpeg"}],"author":"ritanery","twitter_card":"summary_large_image","twitter_misc":{"Escrito por":"ritanery","Est. tempo de leitura":"4 minutos"},"schema":{"@context":"https:\/\/schema.org","@graph":[{"@type":"Article","@id":"https:\/\/radiolifefm.com.br\/noticias\/john-ono-lennon-tributo-ao-poeta-contestador\/#article","isPartOf":{"@id":"https:\/\/radiolifefm.com.br\/noticias\/john-ono-lennon-tributo-ao-poeta-contestador\/"},"author":{"name":"ritanery","@id":"https:\/\/radiolifefm.com.br\/noticias\/#\/schema\/person\/6339b9fac59d12b071dec680d7375d87"},"headline":"JOHN ONO LENNON: TRIBUTO AO POETA CONTESTADOR!","datePublished":"2022-02-25T13:43:55+00:00","dateModified":"2026-01-26T07:06:13+00:00","mainEntityOfPage":{"@id":"https:\/\/radiolifefm.com.br\/noticias\/john-ono-lennon-tributo-ao-poeta-contestador\/"},"wordCount":779,"publisher":{"@id":"https:\/\/radiolifefm.com.br\/noticias\/#organization"},"image":{"@id":"https:\/\/radiolifefm.com.br\/noticias\/john-ono-lennon-tributo-ao-poeta-contestador\/#primaryimage"},"thumbnailUrl":"https:\/\/radiolifefm.com.br\/noticias\/wp-content\/uploads\/2022\/02\/WhatsApp-Image-2022-02-25-at-06.16.49.jpeg","articleSection":["Opini\u00e3o"],"inLanguage":"pt-BR"},{"@type":"WebPage","@id":"https:\/\/radiolifefm.com.br\/noticias\/john-ono-lennon-tributo-ao-poeta-contestador\/","url":"https:\/\/radiolifefm.com.br\/noticias\/john-ono-lennon-tributo-ao-poeta-contestador\/","name":"JOHN ONO LENNON: TRIBUTO AO POETA CONTESTADOR! - R\u00e1dio Life FM","isPartOf":{"@id":"https:\/\/radiolifefm.com.br\/noticias\/#website"},"primaryImageOfPage":{"@id":"https:\/\/radiolifefm.com.br\/noticias\/john-ono-lennon-tributo-ao-poeta-contestador\/#primaryimage"},"image":{"@id":"https:\/\/radiolifefm.com.br\/noticias\/john-ono-lennon-tributo-ao-poeta-contestador\/#primaryimage"},"thumbnailUrl":"https:\/\/radiolifefm.com.br\/noticias\/wp-content\/uploads\/2022\/02\/WhatsApp-Image-2022-02-25-at-06.16.49.jpeg","datePublished":"2022-02-25T13:43:55+00:00","dateModified":"2026-01-26T07:06:13+00:00","breadcrumb":{"@id":"https:\/\/radiolifefm.com.br\/noticias\/john-ono-lennon-tributo-ao-poeta-contestador\/#breadcrumb"},"inLanguage":"pt-BR","potentialAction":[{"@type":"ReadAction","target":["https:\/\/radiolifefm.com.br\/noticias\/john-ono-lennon-tributo-ao-poeta-contestador\/"]}]},{"@type":"ImageObject","inLanguage":"pt-BR","@id":"https:\/\/radiolifefm.com.br\/noticias\/john-ono-lennon-tributo-ao-poeta-contestador\/#primaryimage","url":"https:\/\/radiolifefm.com.br\/noticias\/wp-content\/uploads\/2022\/02\/WhatsApp-Image-2022-02-25-at-06.16.49.jpeg","contentUrl":"https:\/\/radiolifefm.com.br\/noticias\/wp-content\/uploads\/2022\/02\/WhatsApp-Image-2022-02-25-at-06.16.49.jpeg","width":194,"height":260},{"@type":"BreadcrumbList","@id":"https:\/\/radiolifefm.com.br\/noticias\/john-ono-lennon-tributo-ao-poeta-contestador\/#breadcrumb","itemListElement":[{"@type":"ListItem","position":1,"name":"In\u00edcio","item":"https:\/\/radiolifefm.com.br\/noticias\/"},{"@type":"ListItem","position":2,"name":"JOHN ONO LENNON: TRIBUTO AO POETA CONTESTADOR!"}]},{"@type":"WebSite","@id":"https:\/\/radiolifefm.com.br\/noticias\/#website","url":"https:\/\/radiolifefm.com.br\/noticias\/","name":"R\u00e1dio Life FM","description":"O Portal de Not\u00edcias de Adamantina","publisher":{"@id":"https:\/\/radiolifefm.com.br\/noticias\/#organization"},"alternateName":"Life FM","potentialAction":[{"@type":"SearchAction","target":{"@type":"EntryPoint","urlTemplate":"https:\/\/radiolifefm.com.br\/noticias\/?s={search_term_string}"},"query-input":{"@type":"PropertyValueSpecification","valueRequired":true,"valueName":"search_term_string"}}],"inLanguage":"pt-BR"},{"@type":"Organization","@id":"https:\/\/radiolifefm.com.br\/noticias\/#organization","name":"R\u00e1dio Life FM","alternateName":"Life FM","url":"https:\/\/radiolifefm.com.br\/noticias\/","logo":{"@type":"ImageObject","inLanguage":"pt-BR","@id":"https:\/\/radiolifefm.com.br\/noticias\/#\/schema\/logo\/image\/","url":"https:\/\/static.radiolifefm.com.br\/noticias\/wp-content\/uploads\/2019\/10\/logo-lifefm.png","contentUrl":"https:\/\/static.radiolifefm.com.br\/noticias\/wp-content\/uploads\/2019\/10\/logo-lifefm.png","width":196,"height":47,"caption":"R\u00e1dio Life FM"},"image":{"@id":"https:\/\/radiolifefm.com.br\/noticias\/#\/schema\/logo\/image\/"},"sameAs":["https:\/\/www.facebook.com\/radiolifefm\/","https:\/\/www.instagram.com\/life1079fm\/"]},{"@type":"Person","@id":"https:\/\/radiolifefm.com.br\/noticias\/#\/schema\/person\/6339b9fac59d12b071dec680d7375d87","name":"ritanery","image":{"@type":"ImageObject","inLanguage":"pt-BR","@id":"https:\/\/secure.gravatar.com\/avatar\/0e37bb19071f47c0b8a23f62a903df117c5a0e75f65a0c2901562f97cd41cf86?s=96&d=mm&r=g","url":"https:\/\/secure.gravatar.com\/avatar\/0e37bb19071f47c0b8a23f62a903df117c5a0e75f65a0c2901562f97cd41cf86?s=96&d=mm&r=g","contentUrl":"https:\/\/secure.gravatar.com\/avatar\/0e37bb19071f47c0b8a23f62a903df117c5a0e75f65a0c2901562f97cd41cf86?s=96&d=mm&r=g","caption":"ritanery"}}]}},"amp_enabled":true,"_links":{"self":[{"href":"https:\/\/radiolifefm.com.br\/noticias\/wp-json\/wp\/v2\/posts\/49901","targetHints":{"allow":["GET"]}}],"collection":[{"href":"https:\/\/radiolifefm.com.br\/noticias\/wp-json\/wp\/v2\/posts"}],"about":[{"href":"https:\/\/radiolifefm.com.br\/noticias\/wp-json\/wp\/v2\/types\/post"}],"author":[{"embeddable":true,"href":"https:\/\/radiolifefm.com.br\/noticias\/wp-json\/wp\/v2\/users\/13"}],"replies":[{"embeddable":true,"href":"https:\/\/radiolifefm.com.br\/noticias\/wp-json\/wp\/v2\/comments?post=49901"}],"version-history":[{"count":1,"href":"https:\/\/radiolifefm.com.br\/noticias\/wp-json\/wp\/v2\/posts\/49901\/revisions"}],"predecessor-version":[{"id":49904,"href":"https:\/\/radiolifefm.com.br\/noticias\/wp-json\/wp\/v2\/posts\/49901\/revisions\/49904"}],"wp:featuredmedia":[{"embeddable":true,"href":"https:\/\/radiolifefm.com.br\/noticias\/wp-json\/wp\/v2\/media\/49903"}],"wp:attachment":[{"href":"https:\/\/radiolifefm.com.br\/noticias\/wp-json\/wp\/v2\/media?parent=49901"}],"wp:term":[{"taxonomy":"category","embeddable":true,"href":"https:\/\/radiolifefm.com.br\/noticias\/wp-json\/wp\/v2\/categories?post=49901"},{"taxonomy":"post_tag","embeddable":true,"href":"https:\/\/radiolifefm.com.br\/noticias\/wp-json\/wp\/v2\/tags?post=49901"}],"curies":[{"name":"wp","href":"https:\/\/api.w.org\/{rel}","templated":true}]}}