{"id":49856,"date":"2022-02-24T14:08:31","date_gmt":"2022-02-24T17:08:31","guid":{"rendered":"https:\/\/radiolifefm.com.br\/noticias\/?p=49856"},"modified":"2026-04-09T13:04:05","modified_gmt":"2026-04-09T16:04:05","slug":"prefeitura-de-adamantina-inaugura-ampliacao-do-patio-de-compostagem-e-barracao","status":"publish","type":"post","link":"https:\/\/radiolifefm.com.br\/noticias\/prefeitura-de-adamantina-inaugura-ampliacao-do-patio-de-compostagem-e-barracao\/","title":{"rendered":"Prefeitura de Adamantina inaugura amplia\u00e7\u00e3o do P\u00e1tio de Compostagem e Barrac\u00e3o"},"content":{"rendered":"<div id=\"fb-root\"><\/div>\n<p>Na manh\u00e3 de hoje (24), a Prefeitura de Adamantina realizou a inaugura\u00e7\u00e3o da amplia\u00e7\u00e3o do P\u00e1tio e do Barrac\u00e3o no Centro de Compostagem.<\/p>\n<p>A cerim\u00f4nia contou com a presen\u00e7a do prefeito M\u00e1rcio Cardim, Presidente da Mancomunidade Trinacional Fronteriza R\u00edo Lempa, Cesar Roldan Agust\u00edn Franco; presidente da C\u00e2mara Municipal, Paulo C\u00e9sar Cervelheira; Prof. Dr. Vagner Amado Belo de Oliveira, coordenador do Projeto Euroclima+ pela UniFAI, secret\u00e1rio de Agricultura, Abastecimento e Meio Ambiente, Thiago Benet\u00e3o, o coordenador do Projeto Euroclima+ e do Projeto Efici\u00eancia Energ\u00e9tica pela Prefeitura, William \u00a0Bachega; o gerente da Mancomunidade Trinacional Fronteriza R\u00edo Lempa, H\u00e9ctor Alonso Aguirre; o coordenador do Projeto Efici\u00eancia Energ\u00e9tica pela Energisa, Thiago Peres de Oliveira; Prof. Dr. e Pesquisador da UniFAI, Jos\u00e9 Aparecido Dos Santos, demais vereadores, secret\u00e1rios e agricultores.<\/p>\n<p>O Prof. Dr. Vagner Amado Belo de Oliveira explicou como o processo para a cria\u00e7\u00e3o do composto acontece e sobre as pesquisas que est\u00e3o sendo desenvolvidas para acelerar o tempo no processo de produ\u00e7\u00e3o<\/p>\n<p>O gerente da Mancomunidade Trinacional Fronteriza R\u00edo Lempa, H\u00e9ctor Alonso Aguirre afirmou que as cidades precisam de l\u00edderes que transformem a realidade de todos os cidad\u00e3os. \u201cNo dia de ontem(23), estivemos em propriedades rurais e ficamos muito contentes em ouvir dos agricultores que a Prefeitura olhou para eles e est\u00e1 apoiando com assist\u00eancia t\u00e9cnica e levando insumos agr\u00edcolas que barateiam a produ\u00e7\u00e3o\u201d, afirmou.<\/p>\n<p>Paulo Cervelheira, presidente da C\u00e2mara, relembrou que em 2019 foi aprovado pelos vereadores o Programa de Aquisi\u00e7\u00e3o de Alimentos Municipal e destacou a amplia\u00e7\u00e3o do P\u00e1tio.<\/p>\n<p>O Presidente da Mancomunidade Trinacional Fronteriza R\u00edo Lempa, Cesar Roldan Agust\u00edn Franco contou que a visita tem servido para que eles obtenham conhecimento para replicar na Am\u00e9rica Central. \u201cPodemos observar que os resultados s\u00e3o efetivos, pois a produ\u00e7\u00e3o aumentou assim como a melhora da qualidade\u201d, comentou.<\/p>\n<p>Em seu discurso, o prefeito M\u00e1rcio Cardim relembrou que foi o Prof. Cido que deu in\u00edcio ao projeto.<\/p>\n<p>\u201cQuero parabenizar o William e os demais integrantes do projeto e tamb\u00e9m ao Thiago da Energisa.\u00a0 O projeto foi maravilhoso e poderemos replicar. J\u00e1 apresentamos o projeto para o embaixador da Alemanha em reuni\u00e3o ontem (23), e propusemos a sua multiplica\u00e7\u00e3o. Com certeza vamos avan\u00e7ar em outros munic\u00edpios e o Hector j\u00e1 est\u00e1 fazendo uma ponte com a Espanha, na cidade de Val\u00eancia. S\u00e3o mais portas se abrindo, sempre tendo como foco a agricultura familiar\u201d, assegurou.<\/p>\n<p>Em seu discurso tamb\u00e9m, o prefeito M\u00e1rcio Cardim relatou que j\u00e1 foram investidos mais de 6 milh\u00f5es na agricultura familiar nos \u00faltimos anos.<\/p>\n<p>&#8220;A agricultura familiar \u00e9 um dos pilares de nossa administra\u00e7\u00e3o. Vamos seguir investindo para que cada vez mais nossos produtores possam agregar aos seus produtos maior competitividade e valor de mercado&#8221;.<\/p>\n<p><strong>Sobre o Barrac\u00e3o<\/strong><\/p>\n<p>O Barrac\u00e3o de compostagem foi constru\u00eddo em virtude da parceria que foi firmada entre Prefeitura de Adamantina, UniFAI e Comunidade Trinacional Fronteiri\u00e7a Rio Lempa (Mancomunidad Trinacional Fronteriza R\u00edo Lempa, no nome original em espanhol, composto por nove munic\u00edpios da Guatemala, El Salvador e Honduras, pa\u00edses da Am\u00e9rica Central que integram um programa que tem como foco a produ\u00e7\u00e3o resiliente de alimentos frente \u00e0 mudan\u00e7a clim\u00e1tica.<\/p>\n<p>O barrac\u00e3o tem aproximadamente 400m\u00b2 de constru\u00e7\u00e3o e para a execu\u00e7\u00e3o da obra foi investido o montante de $173.223,26 financiado pela Uni\u00e3o Europeia e pela Ag\u00eancia Alem\u00e3 de Coopera\u00e7\u00e3o Internacional (GIZ), por meio do Programa Euroclima+.<\/p>\n<p>A estrutura foi constru\u00edda com o objetivo de viabilizar implementos e oferecer melhores condi\u00e7\u00f5es de trabalho para os profissionais que atuam no local.<\/p>\n<p><strong>Amplia\u00e7\u00e3o do P\u00e1tio de Compostagem<\/strong><\/p>\n<p>O antigo p\u00e1tio de Compostagem media 3 mil m\u00b2 e agora, passar\u00e1 a ter aproximadamente 8 mil m\u00b2. A estrutura \u00e9 usada para o desenvolvimento do Projeto de Efici\u00eancia Energ\u00e9tica desenvolvido pela Prefeitura de Adamantina em parceria com a Energisa.<\/p>\n<p>O Projeto de Efici\u00eancia Energ\u00e9tica desenvolvido pela Prefeitura de Adamantina em parceria com a Energisa visa o aproveitamento dos res\u00edduos de poda de \u00e1rvores e os res\u00edduos org\u00e2nicos das cozinhas das escolas municipais para serem transformados em adubo e destinados \u00e0 popula\u00e7\u00e3o por meio do programa Agricultura Familiar e para os participantes dos programas sociais da Secretaria de Assist\u00eancia e Desenvolvimento Social.<\/p>\n<p>&nbsp;<\/p>\n<div class='flex flex-wrap items-center -mx-1'>\r\n<a class='thumbnail gallery p-1 w-1\/2 md:w-1\/4' href='https:\/\/radiolifefm.com.br\/noticias\/wp-content\/uploads\/2022\/02\/foto-1-4.jpeg'><img class='border border-white' src='https:\/\/radiolifefm.com.br\/noticias\/wp-content\/uploads\/2022\/02\/foto-1-4-200x200.jpeg' alt='Foto (1)' \/><\/a><a class='thumbnail gallery p-1 w-1\/2 md:w-1\/4' href='https:\/\/radiolifefm.com.br\/noticias\/wp-content\/uploads\/2022\/02\/foto-2-1.jpg'><img class='border border-white' src='https:\/\/radiolifefm.com.br\/noticias\/wp-content\/uploads\/2022\/02\/foto-2-1-200x200.jpg' alt='Foto 2' \/><\/a><\/div>\n<p>Fonte: Assessoria de Imprensa<\/p>\n","protected":false},"excerpt":{"rendered":"<p>Na manh\u00e3 de hoje (24), a Prefeitura de Adamantina realizou a inaugura\u00e7\u00e3o da amplia\u00e7\u00e3o do P\u00e1tio e do Barrac\u00e3o no Centro de Compostagem. A cerim\u00f4nia contou com a presen\u00e7a do prefeito M\u00e1rcio Cardim, Presidente da Mancomunidade Trinacional Fronteriza R\u00edo Lempa, Cesar Roldan Agust\u00edn Franco; presidente da C\u00e2mara Municipal, Paulo C\u00e9sar Cervelheira; Prof. Dr. Vagner Amado [&hellip;]<\/p>\n","protected":false},"author":13,"featured_media":49857,"comment_status":"closed","ping_status":"open","sticky":false,"template":"","format":"standard","meta":{"_acf_changed":false,"_exactmetrics_skip_tracking":false,"_exactmetrics_sitenote_active":false,"_exactmetrics_sitenote_note":"","_exactmetrics_sitenote_category":0,"footnotes":""},"categories":[21],"tags":[],"class_list":["post-49856","post","type-post","status-publish","format-standard","has-post-thumbnail","hentry","category-adamantina"],"acf":[],"yoast_head":"<!-- This site is optimized with the Yoast SEO plugin v27.2 - https:\/\/yoast.com\/product\/yoast-seo-wordpress\/ -->\n<title>Prefeitura de Adamantina inaugura amplia\u00e7\u00e3o do P\u00e1tio de Compostagem e Barrac\u00e3o - R\u00e1dio Life FM<\/title>\n<meta name=\"robots\" content=\"index, follow, max-snippet:-1, max-image-preview:large, max-video-preview:-1\" \/>\n<link rel=\"canonical\" href=\"https:\/\/radiolifefm.com.br\/noticias\/prefeitura-de-adamantina-inaugura-ampliacao-do-patio-de-compostagem-e-barracao\/\" \/>\n<meta property=\"og:locale\" content=\"pt_BR\" \/>\n<meta property=\"og:type\" content=\"article\" \/>\n<meta property=\"og:title\" content=\"Prefeitura de Adamantina inaugura amplia\u00e7\u00e3o do P\u00e1tio de Compostagem e Barrac\u00e3o - R\u00e1dio Life FM\" \/>\n<meta property=\"og:description\" content=\"Na manh\u00e3 de hoje (24), a Prefeitura de Adamantina realizou a inaugura\u00e7\u00e3o da amplia\u00e7\u00e3o do P\u00e1tio e do Barrac\u00e3o no Centro de Compostagem. A cerim\u00f4nia contou com a presen\u00e7a do prefeito M\u00e1rcio Cardim, Presidente da Mancomunidade Trinacional Fronteriza R\u00edo Lempa, Cesar Roldan Agust\u00edn Franco; presidente da C\u00e2mara Municipal, Paulo C\u00e9sar Cervelheira; Prof. Dr. Vagner Amado [&hellip;]\" \/>\n<meta property=\"og:url\" content=\"https:\/\/radiolifefm.com.br\/noticias\/prefeitura-de-adamantina-inaugura-ampliacao-do-patio-de-compostagem-e-barracao\/\" \/>\n<meta property=\"og:site_name\" content=\"R\u00e1dio Life FM\" \/>\n<meta property=\"article:publisher\" content=\"https:\/\/www.facebook.com\/radiolifefm\/\" \/>\n<meta property=\"article:published_time\" content=\"2022-02-24T17:08:31+00:00\" \/>\n<meta property=\"article:modified_time\" content=\"2026-04-09T16:04:05+00:00\" \/>\n<meta property=\"og:image\" content=\"https:\/\/radiolifefm.com.br\/noticias\/wp-content\/uploads\/2022\/02\/foto-3-scaled.jpg\" \/>\n\t<meta property=\"og:image:width\" content=\"2560\" \/>\n\t<meta property=\"og:image:height\" content=\"1711\" \/>\n\t<meta property=\"og:image:type\" content=\"image\/jpeg\" \/>\n<meta name=\"author\" content=\"ritanery\" \/>\n<meta name=\"twitter:card\" content=\"summary_large_image\" \/>\n<meta name=\"twitter:label1\" content=\"Escrito por\" \/>\n\t<meta name=\"twitter:data1\" content=\"ritanery\" \/>\n\t<meta name=\"twitter:label2\" content=\"Est. tempo de leitura\" \/>\n\t<meta name=\"twitter:data2\" content=\"4 minutos\" \/>\n<script type=\"application\/ld+json\" class=\"yoast-schema-graph\">{\"@context\":\"https:\/\/schema.org\",\"@graph\":[{\"@type\":\"Article\",\"@id\":\"https:\/\/radiolifefm.com.br\/noticias\/prefeitura-de-adamantina-inaugura-ampliacao-do-patio-de-compostagem-e-barracao\/#article\",\"isPartOf\":{\"@id\":\"https:\/\/radiolifefm.com.br\/noticias\/prefeitura-de-adamantina-inaugura-ampliacao-do-patio-de-compostagem-e-barracao\/\"},\"author\":{\"name\":\"ritanery\",\"@id\":\"https:\/\/radiolifefm.com.br\/noticias\/#\/schema\/person\/6339b9fac59d12b071dec680d7375d87\"},\"headline\":\"Prefeitura de Adamantina inaugura amplia\u00e7\u00e3o do P\u00e1tio de Compostagem e Barrac\u00e3o\",\"datePublished\":\"2022-02-24T17:08:31+00:00\",\"dateModified\":\"2026-04-09T16:04:05+00:00\",\"mainEntityOfPage\":{\"@id\":\"https:\/\/radiolifefm.com.br\/noticias\/prefeitura-de-adamantina-inaugura-ampliacao-do-patio-de-compostagem-e-barracao\/\"},\"wordCount\":773,\"publisher\":{\"@id\":\"https:\/\/radiolifefm.com.br\/noticias\/#organization\"},\"image\":{\"@id\":\"https:\/\/radiolifefm.com.br\/noticias\/prefeitura-de-adamantina-inaugura-ampliacao-do-patio-de-compostagem-e-barracao\/#primaryimage\"},\"thumbnailUrl\":\"https:\/\/radiolifefm.com.br\/noticias\/wp-content\/uploads\/2022\/02\/foto-3-scaled.jpg\",\"articleSection\":[\"Adamantina\"],\"inLanguage\":\"pt-BR\"},{\"@type\":\"WebPage\",\"@id\":\"https:\/\/radiolifefm.com.br\/noticias\/prefeitura-de-adamantina-inaugura-ampliacao-do-patio-de-compostagem-e-barracao\/\",\"url\":\"https:\/\/radiolifefm.com.br\/noticias\/prefeitura-de-adamantina-inaugura-ampliacao-do-patio-de-compostagem-e-barracao\/\",\"name\":\"Prefeitura de Adamantina inaugura amplia\u00e7\u00e3o do P\u00e1tio de Compostagem e Barrac\u00e3o - R\u00e1dio Life FM\",\"isPartOf\":{\"@id\":\"https:\/\/radiolifefm.com.br\/noticias\/#website\"},\"primaryImageOfPage\":{\"@id\":\"https:\/\/radiolifefm.com.br\/noticias\/prefeitura-de-adamantina-inaugura-ampliacao-do-patio-de-compostagem-e-barracao\/#primaryimage\"},\"image\":{\"@id\":\"https:\/\/radiolifefm.com.br\/noticias\/prefeitura-de-adamantina-inaugura-ampliacao-do-patio-de-compostagem-e-barracao\/#primaryimage\"},\"thumbnailUrl\":\"https:\/\/radiolifefm.com.br\/noticias\/wp-content\/uploads\/2022\/02\/foto-3-scaled.jpg\",\"datePublished\":\"2022-02-24T17:08:31+00:00\",\"dateModified\":\"2026-04-09T16:04:05+00:00\",\"breadcrumb\":{\"@id\":\"https:\/\/radiolifefm.com.br\/noticias\/prefeitura-de-adamantina-inaugura-ampliacao-do-patio-de-compostagem-e-barracao\/#breadcrumb\"},\"inLanguage\":\"pt-BR\",\"potentialAction\":[{\"@type\":\"ReadAction\",\"target\":[\"https:\/\/radiolifefm.com.br\/noticias\/prefeitura-de-adamantina-inaugura-ampliacao-do-patio-de-compostagem-e-barracao\/\"]}]},{\"@type\":\"ImageObject\",\"inLanguage\":\"pt-BR\",\"@id\":\"https:\/\/radiolifefm.com.br\/noticias\/prefeitura-de-adamantina-inaugura-ampliacao-do-patio-de-compostagem-e-barracao\/#primaryimage\",\"url\":\"https:\/\/radiolifefm.com.br\/noticias\/wp-content\/uploads\/2022\/02\/foto-3-scaled.jpg\",\"contentUrl\":\"https:\/\/radiolifefm.com.br\/noticias\/wp-content\/uploads\/2022\/02\/foto-3-scaled.jpg\",\"width\":2560,\"height\":1711},{\"@type\":\"BreadcrumbList\",\"@id\":\"https:\/\/radiolifefm.com.br\/noticias\/prefeitura-de-adamantina-inaugura-ampliacao-do-patio-de-compostagem-e-barracao\/#breadcrumb\",\"itemListElement\":[{\"@type\":\"ListItem\",\"position\":1,\"name\":\"In\u00edcio\",\"item\":\"https:\/\/radiolifefm.com.br\/noticias\/\"},{\"@type\":\"ListItem\",\"position\":2,\"name\":\"Prefeitura de Adamantina inaugura amplia\u00e7\u00e3o do P\u00e1tio de Compostagem e Barrac\u00e3o\"}]},{\"@type\":\"WebSite\",\"@id\":\"https:\/\/radiolifefm.com.br\/noticias\/#website\",\"url\":\"https:\/\/radiolifefm.com.br\/noticias\/\",\"name\":\"R\u00e1dio Life FM\",\"description\":\"O Portal de Not\u00edcias de Adamantina\",\"publisher\":{\"@id\":\"https:\/\/radiolifefm.com.br\/noticias\/#organization\"},\"alternateName\":\"Life FM\",\"potentialAction\":[{\"@type\":\"SearchAction\",\"target\":{\"@type\":\"EntryPoint\",\"urlTemplate\":\"https:\/\/radiolifefm.com.br\/noticias\/?s={search_term_string}\"},\"query-input\":{\"@type\":\"PropertyValueSpecification\",\"valueRequired\":true,\"valueName\":\"search_term_string\"}}],\"inLanguage\":\"pt-BR\"},{\"@type\":\"Organization\",\"@id\":\"https:\/\/radiolifefm.com.br\/noticias\/#organization\",\"name\":\"R\u00e1dio Life FM\",\"alternateName\":\"Life FM\",\"url\":\"https:\/\/radiolifefm.com.br\/noticias\/\",\"logo\":{\"@type\":\"ImageObject\",\"inLanguage\":\"pt-BR\",\"@id\":\"https:\/\/radiolifefm.com.br\/noticias\/#\/schema\/logo\/image\/\",\"url\":\"https:\/\/static.radiolifefm.com.br\/noticias\/wp-content\/uploads\/2019\/10\/logo-lifefm.png\",\"contentUrl\":\"https:\/\/static.radiolifefm.com.br\/noticias\/wp-content\/uploads\/2019\/10\/logo-lifefm.png\",\"width\":196,\"height\":47,\"caption\":\"R\u00e1dio Life FM\"},\"image\":{\"@id\":\"https:\/\/radiolifefm.com.br\/noticias\/#\/schema\/logo\/image\/\"},\"sameAs\":[\"https:\/\/www.facebook.com\/radiolifefm\/\",\"https:\/\/www.instagram.com\/life1079fm\/\"]},{\"@type\":\"Person\",\"@id\":\"https:\/\/radiolifefm.com.br\/noticias\/#\/schema\/person\/6339b9fac59d12b071dec680d7375d87\",\"name\":\"ritanery\",\"image\":{\"@type\":\"ImageObject\",\"inLanguage\":\"pt-BR\",\"@id\":\"https:\/\/secure.gravatar.com\/avatar\/0e37bb19071f47c0b8a23f62a903df117c5a0e75f65a0c2901562f97cd41cf86?s=96&d=mm&r=g\",\"url\":\"https:\/\/secure.gravatar.com\/avatar\/0e37bb19071f47c0b8a23f62a903df117c5a0e75f65a0c2901562f97cd41cf86?s=96&d=mm&r=g\",\"contentUrl\":\"https:\/\/secure.gravatar.com\/avatar\/0e37bb19071f47c0b8a23f62a903df117c5a0e75f65a0c2901562f97cd41cf86?s=96&d=mm&r=g\",\"caption\":\"ritanery\"}}]}<\/script>\n<!-- \/ Yoast SEO plugin. -->","yoast_head_json":{"title":"Prefeitura de Adamantina inaugura amplia\u00e7\u00e3o do P\u00e1tio de Compostagem e Barrac\u00e3o - R\u00e1dio Life FM","robots":{"index":"index","follow":"follow","max-snippet":"max-snippet:-1","max-image-preview":"max-image-preview:large","max-video-preview":"max-video-preview:-1"},"canonical":"https:\/\/radiolifefm.com.br\/noticias\/prefeitura-de-adamantina-inaugura-ampliacao-do-patio-de-compostagem-e-barracao\/","og_locale":"pt_BR","og_type":"article","og_title":"Prefeitura de Adamantina inaugura amplia\u00e7\u00e3o do P\u00e1tio de Compostagem e Barrac\u00e3o - R\u00e1dio Life FM","og_description":"Na manh\u00e3 de hoje (24), a Prefeitura de Adamantina realizou a inaugura\u00e7\u00e3o da amplia\u00e7\u00e3o do P\u00e1tio e do Barrac\u00e3o no Centro de Compostagem. A cerim\u00f4nia contou com a presen\u00e7a do prefeito M\u00e1rcio Cardim, Presidente da Mancomunidade Trinacional Fronteriza R\u00edo Lempa, Cesar Roldan Agust\u00edn Franco; presidente da C\u00e2mara Municipal, Paulo C\u00e9sar Cervelheira; Prof. Dr. Vagner Amado [&hellip;]","og_url":"https:\/\/radiolifefm.com.br\/noticias\/prefeitura-de-adamantina-inaugura-ampliacao-do-patio-de-compostagem-e-barracao\/","og_site_name":"R\u00e1dio Life FM","article_publisher":"https:\/\/www.facebook.com\/radiolifefm\/","article_published_time":"2022-02-24T17:08:31+00:00","article_modified_time":"2026-04-09T16:04:05+00:00","og_image":[{"width":2560,"height":1711,"url":"https:\/\/radiolifefm.com.br\/noticias\/wp-content\/uploads\/2022\/02\/foto-3-scaled.jpg","type":"image\/jpeg"}],"author":"ritanery","twitter_card":"summary_large_image","twitter_misc":{"Escrito por":"ritanery","Est. tempo de leitura":"4 minutos"},"schema":{"@context":"https:\/\/schema.org","@graph":[{"@type":"Article","@id":"https:\/\/radiolifefm.com.br\/noticias\/prefeitura-de-adamantina-inaugura-ampliacao-do-patio-de-compostagem-e-barracao\/#article","isPartOf":{"@id":"https:\/\/radiolifefm.com.br\/noticias\/prefeitura-de-adamantina-inaugura-ampliacao-do-patio-de-compostagem-e-barracao\/"},"author":{"name":"ritanery","@id":"https:\/\/radiolifefm.com.br\/noticias\/#\/schema\/person\/6339b9fac59d12b071dec680d7375d87"},"headline":"Prefeitura de Adamantina inaugura amplia\u00e7\u00e3o do P\u00e1tio de Compostagem e Barrac\u00e3o","datePublished":"2022-02-24T17:08:31+00:00","dateModified":"2026-04-09T16:04:05+00:00","mainEntityOfPage":{"@id":"https:\/\/radiolifefm.com.br\/noticias\/prefeitura-de-adamantina-inaugura-ampliacao-do-patio-de-compostagem-e-barracao\/"},"wordCount":773,"publisher":{"@id":"https:\/\/radiolifefm.com.br\/noticias\/#organization"},"image":{"@id":"https:\/\/radiolifefm.com.br\/noticias\/prefeitura-de-adamantina-inaugura-ampliacao-do-patio-de-compostagem-e-barracao\/#primaryimage"},"thumbnailUrl":"https:\/\/radiolifefm.com.br\/noticias\/wp-content\/uploads\/2022\/02\/foto-3-scaled.jpg","articleSection":["Adamantina"],"inLanguage":"pt-BR"},{"@type":"WebPage","@id":"https:\/\/radiolifefm.com.br\/noticias\/prefeitura-de-adamantina-inaugura-ampliacao-do-patio-de-compostagem-e-barracao\/","url":"https:\/\/radiolifefm.com.br\/noticias\/prefeitura-de-adamantina-inaugura-ampliacao-do-patio-de-compostagem-e-barracao\/","name":"Prefeitura de Adamantina inaugura amplia\u00e7\u00e3o do P\u00e1tio de Compostagem e Barrac\u00e3o - R\u00e1dio Life FM","isPartOf":{"@id":"https:\/\/radiolifefm.com.br\/noticias\/#website"},"primaryImageOfPage":{"@id":"https:\/\/radiolifefm.com.br\/noticias\/prefeitura-de-adamantina-inaugura-ampliacao-do-patio-de-compostagem-e-barracao\/#primaryimage"},"image":{"@id":"https:\/\/radiolifefm.com.br\/noticias\/prefeitura-de-adamantina-inaugura-ampliacao-do-patio-de-compostagem-e-barracao\/#primaryimage"},"thumbnailUrl":"https:\/\/radiolifefm.com.br\/noticias\/wp-content\/uploads\/2022\/02\/foto-3-scaled.jpg","datePublished":"2022-02-24T17:08:31+00:00","dateModified":"2026-04-09T16:04:05+00:00","breadcrumb":{"@id":"https:\/\/radiolifefm.com.br\/noticias\/prefeitura-de-adamantina-inaugura-ampliacao-do-patio-de-compostagem-e-barracao\/#breadcrumb"},"inLanguage":"pt-BR","potentialAction":[{"@type":"ReadAction","target":["https:\/\/radiolifefm.com.br\/noticias\/prefeitura-de-adamantina-inaugura-ampliacao-do-patio-de-compostagem-e-barracao\/"]}]},{"@type":"ImageObject","inLanguage":"pt-BR","@id":"https:\/\/radiolifefm.com.br\/noticias\/prefeitura-de-adamantina-inaugura-ampliacao-do-patio-de-compostagem-e-barracao\/#primaryimage","url":"https:\/\/radiolifefm.com.br\/noticias\/wp-content\/uploads\/2022\/02\/foto-3-scaled.jpg","contentUrl":"https:\/\/radiolifefm.com.br\/noticias\/wp-content\/uploads\/2022\/02\/foto-3-scaled.jpg","width":2560,"height":1711},{"@type":"BreadcrumbList","@id":"https:\/\/radiolifefm.com.br\/noticias\/prefeitura-de-adamantina-inaugura-ampliacao-do-patio-de-compostagem-e-barracao\/#breadcrumb","itemListElement":[{"@type":"ListItem","position":1,"name":"In\u00edcio","item":"https:\/\/radiolifefm.com.br\/noticias\/"},{"@type":"ListItem","position":2,"name":"Prefeitura de Adamantina inaugura amplia\u00e7\u00e3o do P\u00e1tio de Compostagem e Barrac\u00e3o"}]},{"@type":"WebSite","@id":"https:\/\/radiolifefm.com.br\/noticias\/#website","url":"https:\/\/radiolifefm.com.br\/noticias\/","name":"R\u00e1dio Life FM","description":"O Portal de Not\u00edcias de Adamantina","publisher":{"@id":"https:\/\/radiolifefm.com.br\/noticias\/#organization"},"alternateName":"Life FM","potentialAction":[{"@type":"SearchAction","target":{"@type":"EntryPoint","urlTemplate":"https:\/\/radiolifefm.com.br\/noticias\/?s={search_term_string}"},"query-input":{"@type":"PropertyValueSpecification","valueRequired":true,"valueName":"search_term_string"}}],"inLanguage":"pt-BR"},{"@type":"Organization","@id":"https:\/\/radiolifefm.com.br\/noticias\/#organization","name":"R\u00e1dio Life FM","alternateName":"Life FM","url":"https:\/\/radiolifefm.com.br\/noticias\/","logo":{"@type":"ImageObject","inLanguage":"pt-BR","@id":"https:\/\/radiolifefm.com.br\/noticias\/#\/schema\/logo\/image\/","url":"https:\/\/static.radiolifefm.com.br\/noticias\/wp-content\/uploads\/2019\/10\/logo-lifefm.png","contentUrl":"https:\/\/static.radiolifefm.com.br\/noticias\/wp-content\/uploads\/2019\/10\/logo-lifefm.png","width":196,"height":47,"caption":"R\u00e1dio Life FM"},"image":{"@id":"https:\/\/radiolifefm.com.br\/noticias\/#\/schema\/logo\/image\/"},"sameAs":["https:\/\/www.facebook.com\/radiolifefm\/","https:\/\/www.instagram.com\/life1079fm\/"]},{"@type":"Person","@id":"https:\/\/radiolifefm.com.br\/noticias\/#\/schema\/person\/6339b9fac59d12b071dec680d7375d87","name":"ritanery","image":{"@type":"ImageObject","inLanguage":"pt-BR","@id":"https:\/\/secure.gravatar.com\/avatar\/0e37bb19071f47c0b8a23f62a903df117c5a0e75f65a0c2901562f97cd41cf86?s=96&d=mm&r=g","url":"https:\/\/secure.gravatar.com\/avatar\/0e37bb19071f47c0b8a23f62a903df117c5a0e75f65a0c2901562f97cd41cf86?s=96&d=mm&r=g","contentUrl":"https:\/\/secure.gravatar.com\/avatar\/0e37bb19071f47c0b8a23f62a903df117c5a0e75f65a0c2901562f97cd41cf86?s=96&d=mm&r=g","caption":"ritanery"}}]}},"amp_enabled":true,"_links":{"self":[{"href":"https:\/\/radiolifefm.com.br\/noticias\/wp-json\/wp\/v2\/posts\/49856","targetHints":{"allow":["GET"]}}],"collection":[{"href":"https:\/\/radiolifefm.com.br\/noticias\/wp-json\/wp\/v2\/posts"}],"about":[{"href":"https:\/\/radiolifefm.com.br\/noticias\/wp-json\/wp\/v2\/types\/post"}],"author":[{"embeddable":true,"href":"https:\/\/radiolifefm.com.br\/noticias\/wp-json\/wp\/v2\/users\/13"}],"replies":[{"embeddable":true,"href":"https:\/\/radiolifefm.com.br\/noticias\/wp-json\/wp\/v2\/comments?post=49856"}],"version-history":[{"count":2,"href":"https:\/\/radiolifefm.com.br\/noticias\/wp-json\/wp\/v2\/posts\/49856\/revisions"}],"predecessor-version":[{"id":49861,"href":"https:\/\/radiolifefm.com.br\/noticias\/wp-json\/wp\/v2\/posts\/49856\/revisions\/49861"}],"wp:featuredmedia":[{"embeddable":true,"href":"https:\/\/radiolifefm.com.br\/noticias\/wp-json\/wp\/v2\/media\/49857"}],"wp:attachment":[{"href":"https:\/\/radiolifefm.com.br\/noticias\/wp-json\/wp\/v2\/media?parent=49856"}],"wp:term":[{"taxonomy":"category","embeddable":true,"href":"https:\/\/radiolifefm.com.br\/noticias\/wp-json\/wp\/v2\/categories?post=49856"},{"taxonomy":"post_tag","embeddable":true,"href":"https:\/\/radiolifefm.com.br\/noticias\/wp-json\/wp\/v2\/tags?post=49856"}],"curies":[{"name":"wp","href":"https:\/\/api.w.org\/{rel}","templated":true}]}}