{"id":49852,"date":"2022-02-24T13:57:38","date_gmt":"2022-02-24T16:57:38","guid":{"rendered":"https:\/\/radiolifefm.com.br\/noticias\/?p=49852"},"modified":"2025-10-20T10:36:39","modified_gmt":"2025-10-20T13:36:39","slug":"prefeitura-de-adamantina-realiza-apresentacao-dos-resultados-do-programa-euroclima-em-videoconferencia-com-uniao-europeiaadamantina","status":"publish","type":"post","link":"https:\/\/radiolifefm.com.br\/noticias\/prefeitura-de-adamantina-realiza-apresentacao-dos-resultados-do-programa-euroclima-em-videoconferencia-com-uniao-europeiaadamantina\/","title":{"rendered":"Prefeitura de Adamantina realiza apresenta\u00e7\u00e3o dos resultados do Programa Euroclima+ em videoconfer\u00eancia com Uni\u00e3o Europeia"},"content":{"rendered":"<div id=\"fb-root\"><\/div>\n<p>Na tarde de ontem (23), o prefeito M\u00e1rcio Cardim, o secret\u00e1rio de Agricultura, Abastecimento e Meio Ambiente (SAAMA), Thiago Benet\u00e3o, a chefe de gabinete, Luciana Pereira, o coordenador do Programa Euroclima + William Bachega, o gerente da Mancomunidade Trinacional Fronteriza R\u00edo Lempa, H\u00e9ctor Alonso Aguirre e o Presidente da Mancomunidade Trinacional Fronteriza R\u00edo Lempa, Cesar Roldan Agust\u00edn Franco participaram de uma reuni\u00e3o com Sr. Stefan Agne, chefe do setor de coopera\u00e7\u00e3o da Uni\u00e3o Europ\u00e9ia para apresenta\u00e7\u00e3o dos resultados obtidos por meio do Programa Euroclima +.<\/p>\n<p>O munic\u00edpio de Adamantina, mediante a execu\u00e7\u00e3o do Projeto Euroclima+ tem desenvolvido diversas atividades voltadas \u00e0 tormenta das mudan\u00e7as clim\u00e1ticas na regi\u00e3o do Alto Paulista, por meio da execu\u00e7\u00e3o de pequenas a\u00e7\u00f5es isoladas, a utiliza\u00e7\u00e3o de adubos org\u00e2nicos, do reaproveitamento de alimento e implanta\u00e7\u00e3o de boas pr\u00e1ticas agr\u00edcolas.<\/p>\n<p>Na oportunidade, ainda foi apresentada a Pol\u00edtica P\u00fablica Municipal que consiste no Programa de Aquisi\u00e7\u00e3o de Alimentos Municipal\u00a0 (PAAM) e mais a concess\u00e3o do T\u00edtulo de Produtor Resiliente.<\/p>\n<p>Na execu\u00e7\u00e3o do programa Euroclima\u00a0+, esta pol\u00edtica foi replicada nos pa\u00edses da Am\u00e9rica Central. Uma das vertentes do Programa \u00e9 a troca de experi\u00eancias, e no caso de Adamantina o PAAM foi uma delas. A iniciativa foi muito elogiada pelo Sr. Stefan.<\/p>\n<p>Durante o encontro\u00a0tamb\u00e9m foi apresentada\u00a0amplia\u00e7\u00e3o do p\u00e1tio de compostagem que foi desenvolvido por meio da Parceria P\u00fablico-Privada com a Energisa. Antigamente, era produzida uma tonelada por ano, com a amplia\u00e7\u00e3o ser\u00e1 poss\u00edvel produzir aproximadamente 2,7 toneladas por ano.<\/p>\n<p>A uni\u00e3o dos dois projetos proporcionou uma pluralidade de a\u00e7\u00f5es, que v\u00e3o desde consci\u00eancia ambiental, efici\u00eancia energ\u00e9tica e boas pr\u00e1ticas agr\u00edcolas.<\/p>\n<p>Tamb\u00e9m durante a reuni\u00e3o foi enaltecido o apoio do Euroclima+ na contrata\u00e7\u00e3o dos t\u00e9cnicos que acompanham os produtores. Dada a import\u00e2ncia deste atendimento foi poss\u00edvel um aumento de 30% na produ\u00e7\u00e3o, al\u00e9m de agregar melhor qualidade dos produtos.<\/p>\n<p>Os parceiros do projeto propuseram a UE a extens\u00e3o a outros munic\u00edpios, uma vez que durante sua execu\u00e7\u00e3o, Adamantina recebeu representantes de 12 outros munic\u00edpios interessados em executar o projeto.<\/p>\n<p>A reuni\u00e3o foi bastante satisfat\u00f3ria tendo aceita\u00e7\u00e3o muito positiva por parte do Sr Stefan, que pretende visitar o munic\u00edpio oportunamente.<\/p>\n<p>&nbsp;<\/p>\n<p>&nbsp;<\/p>\n<p>Fonte: Assessoria de Imprensa<\/p>\n","protected":false},"excerpt":{"rendered":"<p>Na tarde de ontem (23), o prefeito M\u00e1rcio Cardim, o secret\u00e1rio de Agricultura, Abastecimento e Meio Ambiente (SAAMA), Thiago Benet\u00e3o, a chefe de gabinete, Luciana Pereira, o coordenador do Programa Euroclima + William Bachega, o gerente da Mancomunidade Trinacional Fronteriza R\u00edo Lempa, H\u00e9ctor Alonso Aguirre e o Presidente da Mancomunidade Trinacional Fronteriza R\u00edo Lempa, Cesar [&hellip;]<\/p>\n","protected":false},"author":13,"featured_media":49853,"comment_status":"closed","ping_status":"open","sticky":false,"template":"","format":"standard","meta":{"_acf_changed":false,"_exactmetrics_skip_tracking":false,"_exactmetrics_sitenote_active":false,"_exactmetrics_sitenote_note":"","_exactmetrics_sitenote_category":0,"footnotes":""},"categories":[21],"tags":[],"class_list":["post-49852","post","type-post","status-publish","format-standard","has-post-thumbnail","hentry","category-adamantina"],"acf":[],"yoast_head":"<!-- This site is optimized with the Yoast SEO plugin v27.2 - https:\/\/yoast.com\/product\/yoast-seo-wordpress\/ -->\n<title>Prefeitura de Adamantina realiza apresenta\u00e7\u00e3o dos resultados do Programa Euroclima+ em videoconfer\u00eancia com Uni\u00e3o Europeia - R\u00e1dio Life FM<\/title>\n<meta name=\"robots\" content=\"index, follow, max-snippet:-1, max-image-preview:large, max-video-preview:-1\" \/>\n<link rel=\"canonical\" href=\"https:\/\/radiolifefm.com.br\/noticias\/prefeitura-de-adamantina-realiza-apresentacao-dos-resultados-do-programa-euroclima-em-videoconferencia-com-uniao-europeiaadamantina\/\" \/>\n<meta property=\"og:locale\" content=\"pt_BR\" \/>\n<meta property=\"og:type\" content=\"article\" \/>\n<meta property=\"og:title\" content=\"Prefeitura de Adamantina realiza apresenta\u00e7\u00e3o dos resultados do Programa Euroclima+ em videoconfer\u00eancia com Uni\u00e3o Europeia - R\u00e1dio Life FM\" \/>\n<meta property=\"og:description\" content=\"Na tarde de ontem (23), o prefeito M\u00e1rcio Cardim, o secret\u00e1rio de Agricultura, Abastecimento e Meio Ambiente (SAAMA), Thiago Benet\u00e3o, a chefe de gabinete, Luciana Pereira, o coordenador do Programa Euroclima + William Bachega, o gerente da Mancomunidade Trinacional Fronteriza R\u00edo Lempa, H\u00e9ctor Alonso Aguirre e o Presidente da Mancomunidade Trinacional Fronteriza R\u00edo Lempa, Cesar [&hellip;]\" \/>\n<meta property=\"og:url\" content=\"https:\/\/radiolifefm.com.br\/noticias\/prefeitura-de-adamantina-realiza-apresentacao-dos-resultados-do-programa-euroclima-em-videoconferencia-com-uniao-europeiaadamantina\/\" \/>\n<meta property=\"og:site_name\" content=\"R\u00e1dio Life FM\" \/>\n<meta property=\"article:publisher\" content=\"https:\/\/www.facebook.com\/radiolifefm\/\" \/>\n<meta property=\"article:published_time\" content=\"2022-02-24T16:57:38+00:00\" \/>\n<meta property=\"article:modified_time\" content=\"2025-10-20T13:36:39+00:00\" \/>\n<meta property=\"og:image\" content=\"https:\/\/static.radiolifefm.com.br\/noticias\/wp-content\/uploads\/2022\/02\/foto-3.jpeg\" \/>\n\t<meta property=\"og:image:width\" content=\"1280\" \/>\n\t<meta property=\"og:image:height\" content=\"855\" \/>\n\t<meta property=\"og:image:type\" content=\"image\/jpeg\" \/>\n<meta name=\"author\" content=\"ritanery\" \/>\n<meta name=\"twitter:card\" content=\"summary_large_image\" \/>\n<meta name=\"twitter:label1\" content=\"Escrito por\" \/>\n\t<meta name=\"twitter:data1\" content=\"ritanery\" \/>\n\t<meta name=\"twitter:label2\" content=\"Est. tempo de leitura\" \/>\n\t<meta name=\"twitter:data2\" content=\"2 minutos\" \/>\n<script type=\"application\/ld+json\" class=\"yoast-schema-graph\">{\"@context\":\"https:\/\/schema.org\",\"@graph\":[{\"@type\":\"Article\",\"@id\":\"https:\/\/radiolifefm.com.br\/noticias\/prefeitura-de-adamantina-realiza-apresentacao-dos-resultados-do-programa-euroclima-em-videoconferencia-com-uniao-europeiaadamantina\/#article\",\"isPartOf\":{\"@id\":\"https:\/\/radiolifefm.com.br\/noticias\/prefeitura-de-adamantina-realiza-apresentacao-dos-resultados-do-programa-euroclima-em-videoconferencia-com-uniao-europeiaadamantina\/\"},\"author\":{\"name\":\"ritanery\",\"@id\":\"https:\/\/radiolifefm.com.br\/noticias\/#\/schema\/person\/6339b9fac59d12b071dec680d7375d87\"},\"headline\":\"Prefeitura de Adamantina realiza apresenta\u00e7\u00e3o dos resultados do Programa Euroclima+ em videoconfer\u00eancia com Uni\u00e3o Europeia\",\"datePublished\":\"2022-02-24T16:57:38+00:00\",\"dateModified\":\"2025-10-20T13:36:39+00:00\",\"mainEntityOfPage\":{\"@id\":\"https:\/\/radiolifefm.com.br\/noticias\/prefeitura-de-adamantina-realiza-apresentacao-dos-resultados-do-programa-euroclima-em-videoconferencia-com-uniao-europeiaadamantina\/\"},\"wordCount\":432,\"publisher\":{\"@id\":\"https:\/\/radiolifefm.com.br\/noticias\/#organization\"},\"image\":{\"@id\":\"https:\/\/radiolifefm.com.br\/noticias\/prefeitura-de-adamantina-realiza-apresentacao-dos-resultados-do-programa-euroclima-em-videoconferencia-com-uniao-europeiaadamantina\/#primaryimage\"},\"thumbnailUrl\":\"https:\/\/radiolifefm.com.br\/noticias\/wp-content\/uploads\/2022\/02\/foto-3.jpeg\",\"articleSection\":[\"Adamantina\"],\"inLanguage\":\"pt-BR\"},{\"@type\":\"WebPage\",\"@id\":\"https:\/\/radiolifefm.com.br\/noticias\/prefeitura-de-adamantina-realiza-apresentacao-dos-resultados-do-programa-euroclima-em-videoconferencia-com-uniao-europeiaadamantina\/\",\"url\":\"https:\/\/radiolifefm.com.br\/noticias\/prefeitura-de-adamantina-realiza-apresentacao-dos-resultados-do-programa-euroclima-em-videoconferencia-com-uniao-europeiaadamantina\/\",\"name\":\"Prefeitura de Adamantina realiza apresenta\u00e7\u00e3o dos resultados do Programa Euroclima+ em videoconfer\u00eancia com Uni\u00e3o Europeia - R\u00e1dio Life FM\",\"isPartOf\":{\"@id\":\"https:\/\/radiolifefm.com.br\/noticias\/#website\"},\"primaryImageOfPage\":{\"@id\":\"https:\/\/radiolifefm.com.br\/noticias\/prefeitura-de-adamantina-realiza-apresentacao-dos-resultados-do-programa-euroclima-em-videoconferencia-com-uniao-europeiaadamantina\/#primaryimage\"},\"image\":{\"@id\":\"https:\/\/radiolifefm.com.br\/noticias\/prefeitura-de-adamantina-realiza-apresentacao-dos-resultados-do-programa-euroclima-em-videoconferencia-com-uniao-europeiaadamantina\/#primaryimage\"},\"thumbnailUrl\":\"https:\/\/radiolifefm.com.br\/noticias\/wp-content\/uploads\/2022\/02\/foto-3.jpeg\",\"datePublished\":\"2022-02-24T16:57:38+00:00\",\"dateModified\":\"2025-10-20T13:36:39+00:00\",\"breadcrumb\":{\"@id\":\"https:\/\/radiolifefm.com.br\/noticias\/prefeitura-de-adamantina-realiza-apresentacao-dos-resultados-do-programa-euroclima-em-videoconferencia-com-uniao-europeiaadamantina\/#breadcrumb\"},\"inLanguage\":\"pt-BR\",\"potentialAction\":[{\"@type\":\"ReadAction\",\"target\":[\"https:\/\/radiolifefm.com.br\/noticias\/prefeitura-de-adamantina-realiza-apresentacao-dos-resultados-do-programa-euroclima-em-videoconferencia-com-uniao-europeiaadamantina\/\"]}]},{\"@type\":\"ImageObject\",\"inLanguage\":\"pt-BR\",\"@id\":\"https:\/\/radiolifefm.com.br\/noticias\/prefeitura-de-adamantina-realiza-apresentacao-dos-resultados-do-programa-euroclima-em-videoconferencia-com-uniao-europeiaadamantina\/#primaryimage\",\"url\":\"https:\/\/radiolifefm.com.br\/noticias\/wp-content\/uploads\/2022\/02\/foto-3.jpeg\",\"contentUrl\":\"https:\/\/radiolifefm.com.br\/noticias\/wp-content\/uploads\/2022\/02\/foto-3.jpeg\",\"width\":1280,\"height\":855},{\"@type\":\"BreadcrumbList\",\"@id\":\"https:\/\/radiolifefm.com.br\/noticias\/prefeitura-de-adamantina-realiza-apresentacao-dos-resultados-do-programa-euroclima-em-videoconferencia-com-uniao-europeiaadamantina\/#breadcrumb\",\"itemListElement\":[{\"@type\":\"ListItem\",\"position\":1,\"name\":\"In\u00edcio\",\"item\":\"https:\/\/radiolifefm.com.br\/noticias\/\"},{\"@type\":\"ListItem\",\"position\":2,\"name\":\"Prefeitura de Adamantina realiza apresenta\u00e7\u00e3o dos resultados do Programa Euroclima+ em videoconfer\u00eancia com Uni\u00e3o Europeia\"}]},{\"@type\":\"WebSite\",\"@id\":\"https:\/\/radiolifefm.com.br\/noticias\/#website\",\"url\":\"https:\/\/radiolifefm.com.br\/noticias\/\",\"name\":\"R\u00e1dio Life FM\",\"description\":\"O Portal de Not\u00edcias de Adamantina\",\"publisher\":{\"@id\":\"https:\/\/radiolifefm.com.br\/noticias\/#organization\"},\"alternateName\":\"Life FM\",\"potentialAction\":[{\"@type\":\"SearchAction\",\"target\":{\"@type\":\"EntryPoint\",\"urlTemplate\":\"https:\/\/radiolifefm.com.br\/noticias\/?s={search_term_string}\"},\"query-input\":{\"@type\":\"PropertyValueSpecification\",\"valueRequired\":true,\"valueName\":\"search_term_string\"}}],\"inLanguage\":\"pt-BR\"},{\"@type\":\"Organization\",\"@id\":\"https:\/\/radiolifefm.com.br\/noticias\/#organization\",\"name\":\"R\u00e1dio Life FM\",\"alternateName\":\"Life FM\",\"url\":\"https:\/\/radiolifefm.com.br\/noticias\/\",\"logo\":{\"@type\":\"ImageObject\",\"inLanguage\":\"pt-BR\",\"@id\":\"https:\/\/radiolifefm.com.br\/noticias\/#\/schema\/logo\/image\/\",\"url\":\"https:\/\/static.radiolifefm.com.br\/noticias\/wp-content\/uploads\/2019\/10\/logo-lifefm.png\",\"contentUrl\":\"https:\/\/static.radiolifefm.com.br\/noticias\/wp-content\/uploads\/2019\/10\/logo-lifefm.png\",\"width\":196,\"height\":47,\"caption\":\"R\u00e1dio Life FM\"},\"image\":{\"@id\":\"https:\/\/radiolifefm.com.br\/noticias\/#\/schema\/logo\/image\/\"},\"sameAs\":[\"https:\/\/www.facebook.com\/radiolifefm\/\",\"https:\/\/www.instagram.com\/life1079fm\/\"]},{\"@type\":\"Person\",\"@id\":\"https:\/\/radiolifefm.com.br\/noticias\/#\/schema\/person\/6339b9fac59d12b071dec680d7375d87\",\"name\":\"ritanery\",\"image\":{\"@type\":\"ImageObject\",\"inLanguage\":\"pt-BR\",\"@id\":\"https:\/\/secure.gravatar.com\/avatar\/0e37bb19071f47c0b8a23f62a903df117c5a0e75f65a0c2901562f97cd41cf86?s=96&d=mm&r=g\",\"url\":\"https:\/\/secure.gravatar.com\/avatar\/0e37bb19071f47c0b8a23f62a903df117c5a0e75f65a0c2901562f97cd41cf86?s=96&d=mm&r=g\",\"contentUrl\":\"https:\/\/secure.gravatar.com\/avatar\/0e37bb19071f47c0b8a23f62a903df117c5a0e75f65a0c2901562f97cd41cf86?s=96&d=mm&r=g\",\"caption\":\"ritanery\"}}]}<\/script>\n<!-- \/ Yoast SEO plugin. -->","yoast_head_json":{"title":"Prefeitura de Adamantina realiza apresenta\u00e7\u00e3o dos resultados do Programa Euroclima+ em videoconfer\u00eancia com Uni\u00e3o Europeia - R\u00e1dio Life FM","robots":{"index":"index","follow":"follow","max-snippet":"max-snippet:-1","max-image-preview":"max-image-preview:large","max-video-preview":"max-video-preview:-1"},"canonical":"https:\/\/radiolifefm.com.br\/noticias\/prefeitura-de-adamantina-realiza-apresentacao-dos-resultados-do-programa-euroclima-em-videoconferencia-com-uniao-europeiaadamantina\/","og_locale":"pt_BR","og_type":"article","og_title":"Prefeitura de Adamantina realiza apresenta\u00e7\u00e3o dos resultados do Programa Euroclima+ em videoconfer\u00eancia com Uni\u00e3o Europeia - R\u00e1dio Life FM","og_description":"Na tarde de ontem (23), o prefeito M\u00e1rcio Cardim, o secret\u00e1rio de Agricultura, Abastecimento e Meio Ambiente (SAAMA), Thiago Benet\u00e3o, a chefe de gabinete, Luciana Pereira, o coordenador do Programa Euroclima + William Bachega, o gerente da Mancomunidade Trinacional Fronteriza R\u00edo Lempa, H\u00e9ctor Alonso Aguirre e o Presidente da Mancomunidade Trinacional Fronteriza R\u00edo Lempa, Cesar [&hellip;]","og_url":"https:\/\/radiolifefm.com.br\/noticias\/prefeitura-de-adamantina-realiza-apresentacao-dos-resultados-do-programa-euroclima-em-videoconferencia-com-uniao-europeiaadamantina\/","og_site_name":"R\u00e1dio Life FM","article_publisher":"https:\/\/www.facebook.com\/radiolifefm\/","article_published_time":"2022-02-24T16:57:38+00:00","article_modified_time":"2025-10-20T13:36:39+00:00","og_image":[{"width":1280,"height":855,"url":"https:\/\/static.radiolifefm.com.br\/noticias\/wp-content\/uploads\/2022\/02\/foto-3.jpeg","type":"image\/jpeg"}],"author":"ritanery","twitter_card":"summary_large_image","twitter_misc":{"Escrito por":"ritanery","Est. tempo de leitura":"2 minutos"},"schema":{"@context":"https:\/\/schema.org","@graph":[{"@type":"Article","@id":"https:\/\/radiolifefm.com.br\/noticias\/prefeitura-de-adamantina-realiza-apresentacao-dos-resultados-do-programa-euroclima-em-videoconferencia-com-uniao-europeiaadamantina\/#article","isPartOf":{"@id":"https:\/\/radiolifefm.com.br\/noticias\/prefeitura-de-adamantina-realiza-apresentacao-dos-resultados-do-programa-euroclima-em-videoconferencia-com-uniao-europeiaadamantina\/"},"author":{"name":"ritanery","@id":"https:\/\/radiolifefm.com.br\/noticias\/#\/schema\/person\/6339b9fac59d12b071dec680d7375d87"},"headline":"Prefeitura de Adamantina realiza apresenta\u00e7\u00e3o dos resultados do Programa Euroclima+ em videoconfer\u00eancia com Uni\u00e3o Europeia","datePublished":"2022-02-24T16:57:38+00:00","dateModified":"2025-10-20T13:36:39+00:00","mainEntityOfPage":{"@id":"https:\/\/radiolifefm.com.br\/noticias\/prefeitura-de-adamantina-realiza-apresentacao-dos-resultados-do-programa-euroclima-em-videoconferencia-com-uniao-europeiaadamantina\/"},"wordCount":432,"publisher":{"@id":"https:\/\/radiolifefm.com.br\/noticias\/#organization"},"image":{"@id":"https:\/\/radiolifefm.com.br\/noticias\/prefeitura-de-adamantina-realiza-apresentacao-dos-resultados-do-programa-euroclima-em-videoconferencia-com-uniao-europeiaadamantina\/#primaryimage"},"thumbnailUrl":"https:\/\/radiolifefm.com.br\/noticias\/wp-content\/uploads\/2022\/02\/foto-3.jpeg","articleSection":["Adamantina"],"inLanguage":"pt-BR"},{"@type":"WebPage","@id":"https:\/\/radiolifefm.com.br\/noticias\/prefeitura-de-adamantina-realiza-apresentacao-dos-resultados-do-programa-euroclima-em-videoconferencia-com-uniao-europeiaadamantina\/","url":"https:\/\/radiolifefm.com.br\/noticias\/prefeitura-de-adamantina-realiza-apresentacao-dos-resultados-do-programa-euroclima-em-videoconferencia-com-uniao-europeiaadamantina\/","name":"Prefeitura de Adamantina realiza apresenta\u00e7\u00e3o dos resultados do Programa Euroclima+ em videoconfer\u00eancia com Uni\u00e3o Europeia - R\u00e1dio Life FM","isPartOf":{"@id":"https:\/\/radiolifefm.com.br\/noticias\/#website"},"primaryImageOfPage":{"@id":"https:\/\/radiolifefm.com.br\/noticias\/prefeitura-de-adamantina-realiza-apresentacao-dos-resultados-do-programa-euroclima-em-videoconferencia-com-uniao-europeiaadamantina\/#primaryimage"},"image":{"@id":"https:\/\/radiolifefm.com.br\/noticias\/prefeitura-de-adamantina-realiza-apresentacao-dos-resultados-do-programa-euroclima-em-videoconferencia-com-uniao-europeiaadamantina\/#primaryimage"},"thumbnailUrl":"https:\/\/radiolifefm.com.br\/noticias\/wp-content\/uploads\/2022\/02\/foto-3.jpeg","datePublished":"2022-02-24T16:57:38+00:00","dateModified":"2025-10-20T13:36:39+00:00","breadcrumb":{"@id":"https:\/\/radiolifefm.com.br\/noticias\/prefeitura-de-adamantina-realiza-apresentacao-dos-resultados-do-programa-euroclima-em-videoconferencia-com-uniao-europeiaadamantina\/#breadcrumb"},"inLanguage":"pt-BR","potentialAction":[{"@type":"ReadAction","target":["https:\/\/radiolifefm.com.br\/noticias\/prefeitura-de-adamantina-realiza-apresentacao-dos-resultados-do-programa-euroclima-em-videoconferencia-com-uniao-europeiaadamantina\/"]}]},{"@type":"ImageObject","inLanguage":"pt-BR","@id":"https:\/\/radiolifefm.com.br\/noticias\/prefeitura-de-adamantina-realiza-apresentacao-dos-resultados-do-programa-euroclima-em-videoconferencia-com-uniao-europeiaadamantina\/#primaryimage","url":"https:\/\/radiolifefm.com.br\/noticias\/wp-content\/uploads\/2022\/02\/foto-3.jpeg","contentUrl":"https:\/\/radiolifefm.com.br\/noticias\/wp-content\/uploads\/2022\/02\/foto-3.jpeg","width":1280,"height":855},{"@type":"BreadcrumbList","@id":"https:\/\/radiolifefm.com.br\/noticias\/prefeitura-de-adamantina-realiza-apresentacao-dos-resultados-do-programa-euroclima-em-videoconferencia-com-uniao-europeiaadamantina\/#breadcrumb","itemListElement":[{"@type":"ListItem","position":1,"name":"In\u00edcio","item":"https:\/\/radiolifefm.com.br\/noticias\/"},{"@type":"ListItem","position":2,"name":"Prefeitura de Adamantina realiza apresenta\u00e7\u00e3o dos resultados do Programa Euroclima+ em videoconfer\u00eancia com Uni\u00e3o Europeia"}]},{"@type":"WebSite","@id":"https:\/\/radiolifefm.com.br\/noticias\/#website","url":"https:\/\/radiolifefm.com.br\/noticias\/","name":"R\u00e1dio Life FM","description":"O Portal de Not\u00edcias de Adamantina","publisher":{"@id":"https:\/\/radiolifefm.com.br\/noticias\/#organization"},"alternateName":"Life FM","potentialAction":[{"@type":"SearchAction","target":{"@type":"EntryPoint","urlTemplate":"https:\/\/radiolifefm.com.br\/noticias\/?s={search_term_string}"},"query-input":{"@type":"PropertyValueSpecification","valueRequired":true,"valueName":"search_term_string"}}],"inLanguage":"pt-BR"},{"@type":"Organization","@id":"https:\/\/radiolifefm.com.br\/noticias\/#organization","name":"R\u00e1dio Life FM","alternateName":"Life FM","url":"https:\/\/radiolifefm.com.br\/noticias\/","logo":{"@type":"ImageObject","inLanguage":"pt-BR","@id":"https:\/\/radiolifefm.com.br\/noticias\/#\/schema\/logo\/image\/","url":"https:\/\/static.radiolifefm.com.br\/noticias\/wp-content\/uploads\/2019\/10\/logo-lifefm.png","contentUrl":"https:\/\/static.radiolifefm.com.br\/noticias\/wp-content\/uploads\/2019\/10\/logo-lifefm.png","width":196,"height":47,"caption":"R\u00e1dio Life FM"},"image":{"@id":"https:\/\/radiolifefm.com.br\/noticias\/#\/schema\/logo\/image\/"},"sameAs":["https:\/\/www.facebook.com\/radiolifefm\/","https:\/\/www.instagram.com\/life1079fm\/"]},{"@type":"Person","@id":"https:\/\/radiolifefm.com.br\/noticias\/#\/schema\/person\/6339b9fac59d12b071dec680d7375d87","name":"ritanery","image":{"@type":"ImageObject","inLanguage":"pt-BR","@id":"https:\/\/secure.gravatar.com\/avatar\/0e37bb19071f47c0b8a23f62a903df117c5a0e75f65a0c2901562f97cd41cf86?s=96&d=mm&r=g","url":"https:\/\/secure.gravatar.com\/avatar\/0e37bb19071f47c0b8a23f62a903df117c5a0e75f65a0c2901562f97cd41cf86?s=96&d=mm&r=g","contentUrl":"https:\/\/secure.gravatar.com\/avatar\/0e37bb19071f47c0b8a23f62a903df117c5a0e75f65a0c2901562f97cd41cf86?s=96&d=mm&r=g","caption":"ritanery"}}]}},"amp_enabled":true,"_links":{"self":[{"href":"https:\/\/radiolifefm.com.br\/noticias\/wp-json\/wp\/v2\/posts\/49852","targetHints":{"allow":["GET"]}}],"collection":[{"href":"https:\/\/radiolifefm.com.br\/noticias\/wp-json\/wp\/v2\/posts"}],"about":[{"href":"https:\/\/radiolifefm.com.br\/noticias\/wp-json\/wp\/v2\/types\/post"}],"author":[{"embeddable":true,"href":"https:\/\/radiolifefm.com.br\/noticias\/wp-json\/wp\/v2\/users\/13"}],"replies":[{"embeddable":true,"href":"https:\/\/radiolifefm.com.br\/noticias\/wp-json\/wp\/v2\/comments?post=49852"}],"version-history":[{"count":2,"href":"https:\/\/radiolifefm.com.br\/noticias\/wp-json\/wp\/v2\/posts\/49852\/revisions"}],"predecessor-version":[{"id":49855,"href":"https:\/\/radiolifefm.com.br\/noticias\/wp-json\/wp\/v2\/posts\/49852\/revisions\/49855"}],"wp:featuredmedia":[{"embeddable":true,"href":"https:\/\/radiolifefm.com.br\/noticias\/wp-json\/wp\/v2\/media\/49853"}],"wp:attachment":[{"href":"https:\/\/radiolifefm.com.br\/noticias\/wp-json\/wp\/v2\/media?parent=49852"}],"wp:term":[{"taxonomy":"category","embeddable":true,"href":"https:\/\/radiolifefm.com.br\/noticias\/wp-json\/wp\/v2\/categories?post=49852"},{"taxonomy":"post_tag","embeddable":true,"href":"https:\/\/radiolifefm.com.br\/noticias\/wp-json\/wp\/v2\/tags?post=49852"}],"curies":[{"name":"wp","href":"https:\/\/api.w.org\/{rel}","templated":true}]}}