{"id":49804,"date":"2022-02-23T21:45:59","date_gmt":"2022-02-24T00:45:59","guid":{"rendered":"https:\/\/radiolifefm.com.br\/noticias\/?p=49804"},"modified":"2026-04-07T16:18:04","modified_gmt":"2026-04-07T19:18:04","slug":"motorista-perde-controle-de-carro-em-rotatoria-e-invade-casa-no-dorigoadamantina","status":"publish","type":"post","link":"https:\/\/radiolifefm.com.br\/noticias\/motorista-perde-controle-de-carro-em-rotatoria-e-invade-casa-no-dorigoadamantina\/","title":{"rendered":"Motorista perde controle de carro, em rotat\u00f3ria, e invade casa no Dorigo"},"content":{"rendered":"<div id=\"fb-root\"><\/div>\n<p>Ap\u00f3s perder o controle de dire\u00e7\u00e3o de um autom\u00f3vel Fiat Uno, na rotat\u00f3ria da Rodovia Moys\u00e9s Justino da Silva (acesso Adamantina\/Luc\u00e9lia\/Mari\u00e1polis), um carro derrubou uma \u00e1rvore, avan\u00e7ou pelo muro e foi parar no quintal de uma casa no bairro Est\u00e2ncia Dorigo, em Adamantina.<\/p>\n<p>O caso foi registrado por volta do meio dia. O condutor do autom\u00f3vel, de 66 anos, fazia a rotat\u00f3ria e perdeu o controle da dire\u00e7\u00e3o do carro, colidindo contra uma palmeira, e em seguida contra o muro da casa. A princ\u00edpio, ele teria sido cometido por um mal s\u00fabito.<\/p>\n<p>Os moradores da casa estavam no im\u00f3vel, no momento do acidente, almo\u00e7ando, quando ouviram o estrondo e se depararam com o autom\u00f3vel no quintal. Imediatamente prestaram socorro ao condutor, que conseguiu deixar o carro, e foi acomodado em uma cadeira.<\/p>\n<p style=\"font-weight: 400\">Simultaneamente Corpo de Bombeiros foi acionado pelos moradores da casa e chegando ao local a equipe prestou atendimento \u00e0 v\u00edtima, que estava consciente e orientada, sendo identificado um corte superficial na altura da sobrancelha. O homem foi encaminhado para avalia\u00e7\u00f5es complementares junto ao pronto-socorro da Santa Casa de Adamantina.<\/p>\n<p style=\"font-weight: 400\">Peritos da Pol\u00edcia Cient\u00edfica estiveram no local. No meio da tarde foi realizado o trabalho de remo\u00e7\u00e3o da palmeira e um caminh\u00e3o plataforma fazia a retirada do ve\u00edculo.<\/p>\n<div class='flex flex-wrap items-center -mx-1'>\r\n<a class='thumbnail gallery p-1 w-1\/2 md:w-1\/4' href='https:\/\/radiolifefm.com.br\/noticias\/wp-content\/uploads\/2022\/02\/c2rjpg164564275462168402133c9.jpg'><img class='border border-white' src='https:\/\/radiolifefm.com.br\/noticias\/wp-content\/uploads\/2022\/02\/c2rjpg164564275462168402133c9-200x200.jpg' alt='C2rjpg164564275462168402133c9' \/><\/a><a class='thumbnail gallery p-1 w-1\/2 md:w-1\/4' href='https:\/\/radiolifefm.com.br\/noticias\/wp-content\/uploads\/2022\/02\/c4rjpg16456425446216833098fcd.jpg'><img class='border border-white' src='https:\/\/radiolifefm.com.br\/noticias\/wp-content\/uploads\/2022\/02\/c4rjpg16456425446216833098fcd-200x200.jpg' alt='C4rjpg16456425446216833098fcd' \/><\/a><\/div>\n<p>Fonte: Siga Mais<\/p>\n","protected":false},"excerpt":{"rendered":"<p>Ap\u00f3s perder o controle de dire\u00e7\u00e3o de um autom\u00f3vel Fiat Uno, na rotat\u00f3ria da Rodovia Moys\u00e9s Justino da Silva (acesso Adamantina\/Luc\u00e9lia\/Mari\u00e1polis), um carro derrubou uma \u00e1rvore, avan\u00e7ou pelo muro e foi parar no quintal de uma casa no bairro Est\u00e2ncia Dorigo, em Adamantina. O caso foi registrado por volta do meio dia. O condutor do [&hellip;]<\/p>\n","protected":false},"author":13,"featured_media":49805,"comment_status":"closed","ping_status":"open","sticky":false,"template":"","format":"standard","meta":{"_acf_changed":false,"_exactmetrics_skip_tracking":false,"_exactmetrics_sitenote_active":false,"_exactmetrics_sitenote_note":"","_exactmetrics_sitenote_category":0,"footnotes":""},"categories":[21],"tags":[],"class_list":["post-49804","post","type-post","status-publish","format-standard","has-post-thumbnail","hentry","category-adamantina"],"acf":[],"yoast_head":"<!-- This site is optimized with the Yoast SEO plugin v27.2 - https:\/\/yoast.com\/product\/yoast-seo-wordpress\/ -->\n<title>Motorista perde controle de carro, em rotat\u00f3ria, e invade casa no Dorigo - R\u00e1dio Life FM<\/title>\n<meta name=\"robots\" content=\"index, follow, max-snippet:-1, max-image-preview:large, max-video-preview:-1\" \/>\n<link rel=\"canonical\" href=\"https:\/\/radiolifefm.com.br\/noticias\/motorista-perde-controle-de-carro-em-rotatoria-e-invade-casa-no-dorigoadamantina\/\" \/>\n<meta property=\"og:locale\" content=\"pt_BR\" \/>\n<meta property=\"og:type\" content=\"article\" \/>\n<meta property=\"og:title\" content=\"Motorista perde controle de carro, em rotat\u00f3ria, e invade casa no Dorigo - R\u00e1dio Life FM\" \/>\n<meta property=\"og:description\" content=\"Ap\u00f3s perder o controle de dire\u00e7\u00e3o de um autom\u00f3vel Fiat Uno, na rotat\u00f3ria da Rodovia Moys\u00e9s Justino da Silva (acesso Adamantina\/Luc\u00e9lia\/Mari\u00e1polis), um carro derrubou uma \u00e1rvore, avan\u00e7ou pelo muro e foi parar no quintal de uma casa no bairro Est\u00e2ncia Dorigo, em Adamantina. O caso foi registrado por volta do meio dia. O condutor do [&hellip;]\" \/>\n<meta property=\"og:url\" content=\"https:\/\/radiolifefm.com.br\/noticias\/motorista-perde-controle-de-carro-em-rotatoria-e-invade-casa-no-dorigoadamantina\/\" \/>\n<meta property=\"og:site_name\" content=\"R\u00e1dio Life FM\" \/>\n<meta property=\"article:publisher\" content=\"https:\/\/www.facebook.com\/radiolifefm\/\" \/>\n<meta property=\"article:published_time\" content=\"2022-02-24T00:45:59+00:00\" \/>\n<meta property=\"article:modified_time\" content=\"2026-04-07T19:18:04+00:00\" \/>\n<meta property=\"og:image\" content=\"https:\/\/radiolifefm.com.br\/noticias\/wp-content\/uploads\/2022\/02\/c3rjpg164564277262168414a1707.jpg\" \/>\n\t<meta property=\"og:image:width\" content=\"1280\" \/>\n\t<meta property=\"og:image:height\" content=\"719\" \/>\n\t<meta property=\"og:image:type\" content=\"image\/jpeg\" \/>\n<meta name=\"author\" content=\"ritanery\" \/>\n<meta name=\"twitter:card\" content=\"summary_large_image\" \/>\n<meta name=\"twitter:label1\" content=\"Escrito por\" \/>\n\t<meta name=\"twitter:data1\" content=\"ritanery\" \/>\n\t<meta name=\"twitter:label2\" content=\"Est. tempo de leitura\" \/>\n\t<meta name=\"twitter:data2\" content=\"1 minuto\" \/>\n<script type=\"application\/ld+json\" class=\"yoast-schema-graph\">{\"@context\":\"https:\/\/schema.org\",\"@graph\":[{\"@type\":\"Article\",\"@id\":\"https:\/\/radiolifefm.com.br\/noticias\/motorista-perde-controle-de-carro-em-rotatoria-e-invade-casa-no-dorigoadamantina\/#article\",\"isPartOf\":{\"@id\":\"https:\/\/radiolifefm.com.br\/noticias\/motorista-perde-controle-de-carro-em-rotatoria-e-invade-casa-no-dorigoadamantina\/\"},\"author\":{\"name\":\"ritanery\",\"@id\":\"https:\/\/radiolifefm.com.br\/noticias\/#\/schema\/person\/6339b9fac59d12b071dec680d7375d87\"},\"headline\":\"Motorista perde controle de carro, em rotat\u00f3ria, e invade casa no Dorigo\",\"datePublished\":\"2022-02-24T00:45:59+00:00\",\"dateModified\":\"2026-04-07T19:18:04+00:00\",\"mainEntityOfPage\":{\"@id\":\"https:\/\/radiolifefm.com.br\/noticias\/motorista-perde-controle-de-carro-em-rotatoria-e-invade-casa-no-dorigoadamantina\/\"},\"wordCount\":254,\"publisher\":{\"@id\":\"https:\/\/radiolifefm.com.br\/noticias\/#organization\"},\"image\":{\"@id\":\"https:\/\/radiolifefm.com.br\/noticias\/motorista-perde-controle-de-carro-em-rotatoria-e-invade-casa-no-dorigoadamantina\/#primaryimage\"},\"thumbnailUrl\":\"https:\/\/radiolifefm.com.br\/noticias\/wp-content\/uploads\/2022\/02\/c3rjpg164564277262168414a1707.jpg\",\"articleSection\":[\"Adamantina\"],\"inLanguage\":\"pt-BR\"},{\"@type\":\"WebPage\",\"@id\":\"https:\/\/radiolifefm.com.br\/noticias\/motorista-perde-controle-de-carro-em-rotatoria-e-invade-casa-no-dorigoadamantina\/\",\"url\":\"https:\/\/radiolifefm.com.br\/noticias\/motorista-perde-controle-de-carro-em-rotatoria-e-invade-casa-no-dorigoadamantina\/\",\"name\":\"Motorista perde controle de carro, em rotat\u00f3ria, e invade casa no Dorigo - R\u00e1dio Life FM\",\"isPartOf\":{\"@id\":\"https:\/\/radiolifefm.com.br\/noticias\/#website\"},\"primaryImageOfPage\":{\"@id\":\"https:\/\/radiolifefm.com.br\/noticias\/motorista-perde-controle-de-carro-em-rotatoria-e-invade-casa-no-dorigoadamantina\/#primaryimage\"},\"image\":{\"@id\":\"https:\/\/radiolifefm.com.br\/noticias\/motorista-perde-controle-de-carro-em-rotatoria-e-invade-casa-no-dorigoadamantina\/#primaryimage\"},\"thumbnailUrl\":\"https:\/\/radiolifefm.com.br\/noticias\/wp-content\/uploads\/2022\/02\/c3rjpg164564277262168414a1707.jpg\",\"datePublished\":\"2022-02-24T00:45:59+00:00\",\"dateModified\":\"2026-04-07T19:18:04+00:00\",\"breadcrumb\":{\"@id\":\"https:\/\/radiolifefm.com.br\/noticias\/motorista-perde-controle-de-carro-em-rotatoria-e-invade-casa-no-dorigoadamantina\/#breadcrumb\"},\"inLanguage\":\"pt-BR\",\"potentialAction\":[{\"@type\":\"ReadAction\",\"target\":[\"https:\/\/radiolifefm.com.br\/noticias\/motorista-perde-controle-de-carro-em-rotatoria-e-invade-casa-no-dorigoadamantina\/\"]}]},{\"@type\":\"ImageObject\",\"inLanguage\":\"pt-BR\",\"@id\":\"https:\/\/radiolifefm.com.br\/noticias\/motorista-perde-controle-de-carro-em-rotatoria-e-invade-casa-no-dorigoadamantina\/#primaryimage\",\"url\":\"https:\/\/radiolifefm.com.br\/noticias\/wp-content\/uploads\/2022\/02\/c3rjpg164564277262168414a1707.jpg\",\"contentUrl\":\"https:\/\/radiolifefm.com.br\/noticias\/wp-content\/uploads\/2022\/02\/c3rjpg164564277262168414a1707.jpg\",\"width\":1280,\"height\":719,\"caption\":\"Condutor do carro, de 66 anos, a princ\u00edpio, teria sido acometido por um mal s\u00fabito.\"},{\"@type\":\"BreadcrumbList\",\"@id\":\"https:\/\/radiolifefm.com.br\/noticias\/motorista-perde-controle-de-carro-em-rotatoria-e-invade-casa-no-dorigoadamantina\/#breadcrumb\",\"itemListElement\":[{\"@type\":\"ListItem\",\"position\":1,\"name\":\"In\u00edcio\",\"item\":\"https:\/\/radiolifefm.com.br\/noticias\/\"},{\"@type\":\"ListItem\",\"position\":2,\"name\":\"Motorista perde controle de carro, em rotat\u00f3ria, e invade casa no Dorigo\"}]},{\"@type\":\"WebSite\",\"@id\":\"https:\/\/radiolifefm.com.br\/noticias\/#website\",\"url\":\"https:\/\/radiolifefm.com.br\/noticias\/\",\"name\":\"R\u00e1dio Life FM\",\"description\":\"O Portal de Not\u00edcias de Adamantina\",\"publisher\":{\"@id\":\"https:\/\/radiolifefm.com.br\/noticias\/#organization\"},\"alternateName\":\"Life FM\",\"potentialAction\":[{\"@type\":\"SearchAction\",\"target\":{\"@type\":\"EntryPoint\",\"urlTemplate\":\"https:\/\/radiolifefm.com.br\/noticias\/?s={search_term_string}\"},\"query-input\":{\"@type\":\"PropertyValueSpecification\",\"valueRequired\":true,\"valueName\":\"search_term_string\"}}],\"inLanguage\":\"pt-BR\"},{\"@type\":\"Organization\",\"@id\":\"https:\/\/radiolifefm.com.br\/noticias\/#organization\",\"name\":\"R\u00e1dio Life FM\",\"alternateName\":\"Life FM\",\"url\":\"https:\/\/radiolifefm.com.br\/noticias\/\",\"logo\":{\"@type\":\"ImageObject\",\"inLanguage\":\"pt-BR\",\"@id\":\"https:\/\/radiolifefm.com.br\/noticias\/#\/schema\/logo\/image\/\",\"url\":\"https:\/\/static.radiolifefm.com.br\/noticias\/wp-content\/uploads\/2019\/10\/logo-lifefm.png\",\"contentUrl\":\"https:\/\/static.radiolifefm.com.br\/noticias\/wp-content\/uploads\/2019\/10\/logo-lifefm.png\",\"width\":196,\"height\":47,\"caption\":\"R\u00e1dio Life FM\"},\"image\":{\"@id\":\"https:\/\/radiolifefm.com.br\/noticias\/#\/schema\/logo\/image\/\"},\"sameAs\":[\"https:\/\/www.facebook.com\/radiolifefm\/\",\"https:\/\/www.instagram.com\/life1079fm\/\"]},{\"@type\":\"Person\",\"@id\":\"https:\/\/radiolifefm.com.br\/noticias\/#\/schema\/person\/6339b9fac59d12b071dec680d7375d87\",\"name\":\"ritanery\",\"image\":{\"@type\":\"ImageObject\",\"inLanguage\":\"pt-BR\",\"@id\":\"https:\/\/secure.gravatar.com\/avatar\/0e37bb19071f47c0b8a23f62a903df117c5a0e75f65a0c2901562f97cd41cf86?s=96&d=mm&r=g\",\"url\":\"https:\/\/secure.gravatar.com\/avatar\/0e37bb19071f47c0b8a23f62a903df117c5a0e75f65a0c2901562f97cd41cf86?s=96&d=mm&r=g\",\"contentUrl\":\"https:\/\/secure.gravatar.com\/avatar\/0e37bb19071f47c0b8a23f62a903df117c5a0e75f65a0c2901562f97cd41cf86?s=96&d=mm&r=g\",\"caption\":\"ritanery\"}}]}<\/script>\n<!-- \/ Yoast SEO plugin. -->","yoast_head_json":{"title":"Motorista perde controle de carro, em rotat\u00f3ria, e invade casa no Dorigo - R\u00e1dio Life FM","robots":{"index":"index","follow":"follow","max-snippet":"max-snippet:-1","max-image-preview":"max-image-preview:large","max-video-preview":"max-video-preview:-1"},"canonical":"https:\/\/radiolifefm.com.br\/noticias\/motorista-perde-controle-de-carro-em-rotatoria-e-invade-casa-no-dorigoadamantina\/","og_locale":"pt_BR","og_type":"article","og_title":"Motorista perde controle de carro, em rotat\u00f3ria, e invade casa no Dorigo - R\u00e1dio Life FM","og_description":"Ap\u00f3s perder o controle de dire\u00e7\u00e3o de um autom\u00f3vel Fiat Uno, na rotat\u00f3ria da Rodovia Moys\u00e9s Justino da Silva (acesso Adamantina\/Luc\u00e9lia\/Mari\u00e1polis), um carro derrubou uma \u00e1rvore, avan\u00e7ou pelo muro e foi parar no quintal de uma casa no bairro Est\u00e2ncia Dorigo, em Adamantina. O caso foi registrado por volta do meio dia. O condutor do [&hellip;]","og_url":"https:\/\/radiolifefm.com.br\/noticias\/motorista-perde-controle-de-carro-em-rotatoria-e-invade-casa-no-dorigoadamantina\/","og_site_name":"R\u00e1dio Life FM","article_publisher":"https:\/\/www.facebook.com\/radiolifefm\/","article_published_time":"2022-02-24T00:45:59+00:00","article_modified_time":"2026-04-07T19:18:04+00:00","og_image":[{"width":1280,"height":719,"url":"https:\/\/radiolifefm.com.br\/noticias\/wp-content\/uploads\/2022\/02\/c3rjpg164564277262168414a1707.jpg","type":"image\/jpeg"}],"author":"ritanery","twitter_card":"summary_large_image","twitter_misc":{"Escrito por":"ritanery","Est. tempo de leitura":"1 minuto"},"schema":{"@context":"https:\/\/schema.org","@graph":[{"@type":"Article","@id":"https:\/\/radiolifefm.com.br\/noticias\/motorista-perde-controle-de-carro-em-rotatoria-e-invade-casa-no-dorigoadamantina\/#article","isPartOf":{"@id":"https:\/\/radiolifefm.com.br\/noticias\/motorista-perde-controle-de-carro-em-rotatoria-e-invade-casa-no-dorigoadamantina\/"},"author":{"name":"ritanery","@id":"https:\/\/radiolifefm.com.br\/noticias\/#\/schema\/person\/6339b9fac59d12b071dec680d7375d87"},"headline":"Motorista perde controle de carro, em rotat\u00f3ria, e invade casa no Dorigo","datePublished":"2022-02-24T00:45:59+00:00","dateModified":"2026-04-07T19:18:04+00:00","mainEntityOfPage":{"@id":"https:\/\/radiolifefm.com.br\/noticias\/motorista-perde-controle-de-carro-em-rotatoria-e-invade-casa-no-dorigoadamantina\/"},"wordCount":254,"publisher":{"@id":"https:\/\/radiolifefm.com.br\/noticias\/#organization"},"image":{"@id":"https:\/\/radiolifefm.com.br\/noticias\/motorista-perde-controle-de-carro-em-rotatoria-e-invade-casa-no-dorigoadamantina\/#primaryimage"},"thumbnailUrl":"https:\/\/radiolifefm.com.br\/noticias\/wp-content\/uploads\/2022\/02\/c3rjpg164564277262168414a1707.jpg","articleSection":["Adamantina"],"inLanguage":"pt-BR"},{"@type":"WebPage","@id":"https:\/\/radiolifefm.com.br\/noticias\/motorista-perde-controle-de-carro-em-rotatoria-e-invade-casa-no-dorigoadamantina\/","url":"https:\/\/radiolifefm.com.br\/noticias\/motorista-perde-controle-de-carro-em-rotatoria-e-invade-casa-no-dorigoadamantina\/","name":"Motorista perde controle de carro, em rotat\u00f3ria, e invade casa no Dorigo - R\u00e1dio Life FM","isPartOf":{"@id":"https:\/\/radiolifefm.com.br\/noticias\/#website"},"primaryImageOfPage":{"@id":"https:\/\/radiolifefm.com.br\/noticias\/motorista-perde-controle-de-carro-em-rotatoria-e-invade-casa-no-dorigoadamantina\/#primaryimage"},"image":{"@id":"https:\/\/radiolifefm.com.br\/noticias\/motorista-perde-controle-de-carro-em-rotatoria-e-invade-casa-no-dorigoadamantina\/#primaryimage"},"thumbnailUrl":"https:\/\/radiolifefm.com.br\/noticias\/wp-content\/uploads\/2022\/02\/c3rjpg164564277262168414a1707.jpg","datePublished":"2022-02-24T00:45:59+00:00","dateModified":"2026-04-07T19:18:04+00:00","breadcrumb":{"@id":"https:\/\/radiolifefm.com.br\/noticias\/motorista-perde-controle-de-carro-em-rotatoria-e-invade-casa-no-dorigoadamantina\/#breadcrumb"},"inLanguage":"pt-BR","potentialAction":[{"@type":"ReadAction","target":["https:\/\/radiolifefm.com.br\/noticias\/motorista-perde-controle-de-carro-em-rotatoria-e-invade-casa-no-dorigoadamantina\/"]}]},{"@type":"ImageObject","inLanguage":"pt-BR","@id":"https:\/\/radiolifefm.com.br\/noticias\/motorista-perde-controle-de-carro-em-rotatoria-e-invade-casa-no-dorigoadamantina\/#primaryimage","url":"https:\/\/radiolifefm.com.br\/noticias\/wp-content\/uploads\/2022\/02\/c3rjpg164564277262168414a1707.jpg","contentUrl":"https:\/\/radiolifefm.com.br\/noticias\/wp-content\/uploads\/2022\/02\/c3rjpg164564277262168414a1707.jpg","width":1280,"height":719,"caption":"Condutor do carro, de 66 anos, a princ\u00edpio, teria sido acometido por um mal s\u00fabito."},{"@type":"BreadcrumbList","@id":"https:\/\/radiolifefm.com.br\/noticias\/motorista-perde-controle-de-carro-em-rotatoria-e-invade-casa-no-dorigoadamantina\/#breadcrumb","itemListElement":[{"@type":"ListItem","position":1,"name":"In\u00edcio","item":"https:\/\/radiolifefm.com.br\/noticias\/"},{"@type":"ListItem","position":2,"name":"Motorista perde controle de carro, em rotat\u00f3ria, e invade casa no Dorigo"}]},{"@type":"WebSite","@id":"https:\/\/radiolifefm.com.br\/noticias\/#website","url":"https:\/\/radiolifefm.com.br\/noticias\/","name":"R\u00e1dio Life FM","description":"O Portal de Not\u00edcias de Adamantina","publisher":{"@id":"https:\/\/radiolifefm.com.br\/noticias\/#organization"},"alternateName":"Life FM","potentialAction":[{"@type":"SearchAction","target":{"@type":"EntryPoint","urlTemplate":"https:\/\/radiolifefm.com.br\/noticias\/?s={search_term_string}"},"query-input":{"@type":"PropertyValueSpecification","valueRequired":true,"valueName":"search_term_string"}}],"inLanguage":"pt-BR"},{"@type":"Organization","@id":"https:\/\/radiolifefm.com.br\/noticias\/#organization","name":"R\u00e1dio Life FM","alternateName":"Life FM","url":"https:\/\/radiolifefm.com.br\/noticias\/","logo":{"@type":"ImageObject","inLanguage":"pt-BR","@id":"https:\/\/radiolifefm.com.br\/noticias\/#\/schema\/logo\/image\/","url":"https:\/\/static.radiolifefm.com.br\/noticias\/wp-content\/uploads\/2019\/10\/logo-lifefm.png","contentUrl":"https:\/\/static.radiolifefm.com.br\/noticias\/wp-content\/uploads\/2019\/10\/logo-lifefm.png","width":196,"height":47,"caption":"R\u00e1dio Life FM"},"image":{"@id":"https:\/\/radiolifefm.com.br\/noticias\/#\/schema\/logo\/image\/"},"sameAs":["https:\/\/www.facebook.com\/radiolifefm\/","https:\/\/www.instagram.com\/life1079fm\/"]},{"@type":"Person","@id":"https:\/\/radiolifefm.com.br\/noticias\/#\/schema\/person\/6339b9fac59d12b071dec680d7375d87","name":"ritanery","image":{"@type":"ImageObject","inLanguage":"pt-BR","@id":"https:\/\/secure.gravatar.com\/avatar\/0e37bb19071f47c0b8a23f62a903df117c5a0e75f65a0c2901562f97cd41cf86?s=96&d=mm&r=g","url":"https:\/\/secure.gravatar.com\/avatar\/0e37bb19071f47c0b8a23f62a903df117c5a0e75f65a0c2901562f97cd41cf86?s=96&d=mm&r=g","contentUrl":"https:\/\/secure.gravatar.com\/avatar\/0e37bb19071f47c0b8a23f62a903df117c5a0e75f65a0c2901562f97cd41cf86?s=96&d=mm&r=g","caption":"ritanery"}}]}},"amp_enabled":true,"_links":{"self":[{"href":"https:\/\/radiolifefm.com.br\/noticias\/wp-json\/wp\/v2\/posts\/49804","targetHints":{"allow":["GET"]}}],"collection":[{"href":"https:\/\/radiolifefm.com.br\/noticias\/wp-json\/wp\/v2\/posts"}],"about":[{"href":"https:\/\/radiolifefm.com.br\/noticias\/wp-json\/wp\/v2\/types\/post"}],"author":[{"embeddable":true,"href":"https:\/\/radiolifefm.com.br\/noticias\/wp-json\/wp\/v2\/users\/13"}],"replies":[{"embeddable":true,"href":"https:\/\/radiolifefm.com.br\/noticias\/wp-json\/wp\/v2\/comments?post=49804"}],"version-history":[{"count":6,"href":"https:\/\/radiolifefm.com.br\/noticias\/wp-json\/wp\/v2\/posts\/49804\/revisions"}],"predecessor-version":[{"id":49813,"href":"https:\/\/radiolifefm.com.br\/noticias\/wp-json\/wp\/v2\/posts\/49804\/revisions\/49813"}],"wp:featuredmedia":[{"embeddable":true,"href":"https:\/\/radiolifefm.com.br\/noticias\/wp-json\/wp\/v2\/media\/49805"}],"wp:attachment":[{"href":"https:\/\/radiolifefm.com.br\/noticias\/wp-json\/wp\/v2\/media?parent=49804"}],"wp:term":[{"taxonomy":"category","embeddable":true,"href":"https:\/\/radiolifefm.com.br\/noticias\/wp-json\/wp\/v2\/categories?post=49804"},{"taxonomy":"post_tag","embeddable":true,"href":"https:\/\/radiolifefm.com.br\/noticias\/wp-json\/wp\/v2\/tags?post=49804"}],"curies":[{"name":"wp","href":"https:\/\/api.w.org\/{rel}","templated":true}]}}