{"id":49766,"date":"2022-02-23T08:01:16","date_gmt":"2022-02-23T11:01:16","guid":{"rendered":"https:\/\/radiolifefm.com.br\/noticias\/?p=49766"},"modified":"2026-04-17T17:24:56","modified_gmt":"2026-04-17T20:24:56","slug":"prefeitura-de-adamantina-inaugura-barracao-de-compostagem","status":"publish","type":"post","link":"https:\/\/radiolifefm.com.br\/noticias\/prefeitura-de-adamantina-inaugura-barracao-de-compostagem\/","title":{"rendered":"Prefeitura de Adamantina inaugura Barrac\u00e3o de Compostagem"},"content":{"rendered":"<div id=\"fb-root\"><\/div>\n<p>A Prefeitura de Adamantina promover\u00e1 na quinta-feira, dia 24, \u00e0s 9h a inaugura\u00e7\u00e3o do Barrac\u00e3o de Compostagem que est\u00e1 situado na Estrada Municipal Jos\u00e9 Bocardi \u2013 Km 4,5 no Bairro Alto da Boa Vista.<\/p>\n<p>A a\u00e7\u00e3o acontece em virtude da parceria que foi firmada entre Prefeitura de Adamantina, UniFAI e Comunidade Trinacional Fronteiri\u00e7a Rio Lempa (Mancomunidad Trinacional Fronteriza R\u00edo Lempa, no nome original em espanhol, composto por nove munic\u00edpios da Guatemala, El Salvador e Honduras, pa\u00edses da Am\u00e9rica Central) que integra um programa que tem como foco a produ\u00e7\u00e3o resiliente de alimentos frente \u00e0 mudan\u00e7a clim\u00e1tica.<\/p>\n<p>O barrac\u00e3o tem aproximadamente 400m\u00b2 de constru\u00e7\u00e3o e para a execu\u00e7\u00e3o da obra foi investido o montante de $173.223,26 financiado pela Uni\u00e3o Europeia e pela Ag\u00eancia Alem\u00e3 de Coopera\u00e7\u00e3o Internacional (GIZ), por meio do Programa Euroclima+.<\/p>\n<p>De acordo com o coordenador do projeto, William Bachega, a estrutura foi constru\u00edda com o objetivo de viabilizar implementos e oferecer melhores condi\u00e7\u00f5es de trabalho para os profissionais que atuam no local.<\/p>\n<p>Desde 2019, Adamantina vem desenvolvendo com seus produtores rurais um projeto que oferece atendimento t\u00e9cnico especializado gratuitamente aos produtores por meio de uma engenheira agr\u00f4noma e um t\u00e9cnico agropecu\u00e1rio contratados pela Prefeitura de Adamantina.<\/p>\n<p>Os profissionais atuam dando assist\u00eancia t\u00e9cnica nas culturas de hortali\u00e7as e frutas, oferecendo orienta\u00e7\u00e3o na utiliza\u00e7\u00e3o da compostagem, irriga\u00e7\u00e3o, an\u00e1lise de solo, an\u00e1lise do pH da \u00e1gua, entre outras atividades dentro das propriedades.<\/p>\n<p>O EuroClima+ ainda oferece assist\u00eancia t\u00e9cnica para os criadores bovinos levando orienta\u00e7\u00e3o sobre manejo de pastagem e nutri\u00e7\u00e3o animal.<\/p>\n<p><strong>Projeto de Efici\u00eancia Energ\u00e9tica executado em parceria com a Energisa<\/strong><\/p>\n<p style=\"font-weight: 400\">Al\u00e9m disso, o espa\u00e7o ser\u00e1 tamb\u00e9m utilizado para guardar os equipamentos que foram obtidos por meio da parceria firmada com a Energisa, bem como o caminh\u00e3o e um revolvedor.<\/p>\n<p>Essa parceria foi celebrada entre a Prefeitura e a UniFAI com a empresa Energisa Sul-Sudeste Distribuidora de Energia S.A e que consiste no aproveitamento dos res\u00edduos de poda de \u00e1rvores e os res\u00edduos org\u00e2nicos das cozinhas para serem transformados em adubo e destinados \u00e0 popula\u00e7\u00e3o por meio do programa Agricultura Familiar.<\/p>\n<p>Para execu\u00e7\u00e3o, foi investido no munic\u00edpio mais de R$600 mil reais destinados \u00e0 aquisi\u00e7\u00e3o dos equipamentos, al\u00e9m de investimentos t\u00e9cnicos e administrativos.<\/p>\n<p>Fonte: Assessoria de Imprensa<\/p>\n","protected":false},"excerpt":{"rendered":"<p>A Prefeitura de Adamantina promover\u00e1 na quinta-feira, dia 24, \u00e0s 9h a inaugura\u00e7\u00e3o do Barrac\u00e3o de Compostagem que est\u00e1 situado na Estrada Municipal Jos\u00e9 Bocardi \u2013 Km 4,5 no Bairro Alto da Boa Vista. A a\u00e7\u00e3o acontece em virtude da parceria que foi firmada entre Prefeitura de Adamantina, UniFAI e Comunidade Trinacional Fronteiri\u00e7a Rio Lempa [&hellip;]<\/p>\n","protected":false},"author":13,"featured_media":49767,"comment_status":"closed","ping_status":"open","sticky":false,"template":"","format":"standard","meta":{"_acf_changed":false,"_exactmetrics_skip_tracking":false,"_exactmetrics_sitenote_active":false,"_exactmetrics_sitenote_note":"","_exactmetrics_sitenote_category":0,"footnotes":""},"categories":[21],"tags":[],"class_list":["post-49766","post","type-post","status-publish","format-standard","has-post-thumbnail","hentry","category-adamantina"],"acf":[],"yoast_head":"<!-- This site is optimized with the Yoast SEO plugin v27.2 - https:\/\/yoast.com\/product\/yoast-seo-wordpress\/ -->\n<title>Prefeitura de Adamantina inaugura Barrac\u00e3o de Compostagem - R\u00e1dio Life FM<\/title>\n<meta name=\"robots\" content=\"index, follow, max-snippet:-1, max-image-preview:large, max-video-preview:-1\" \/>\n<link rel=\"canonical\" href=\"https:\/\/radiolifefm.com.br\/noticias\/prefeitura-de-adamantina-inaugura-barracao-de-compostagem\/\" \/>\n<meta property=\"og:locale\" content=\"pt_BR\" \/>\n<meta property=\"og:type\" content=\"article\" \/>\n<meta property=\"og:title\" content=\"Prefeitura de Adamantina inaugura Barrac\u00e3o de Compostagem - R\u00e1dio Life FM\" \/>\n<meta property=\"og:description\" content=\"A Prefeitura de Adamantina promover\u00e1 na quinta-feira, dia 24, \u00e0s 9h a inaugura\u00e7\u00e3o do Barrac\u00e3o de Compostagem que est\u00e1 situado na Estrada Municipal Jos\u00e9 Bocardi \u2013 Km 4,5 no Bairro Alto da Boa Vista. A a\u00e7\u00e3o acontece em virtude da parceria que foi firmada entre Prefeitura de Adamantina, UniFAI e Comunidade Trinacional Fronteiri\u00e7a Rio Lempa [&hellip;]\" \/>\n<meta property=\"og:url\" content=\"https:\/\/radiolifefm.com.br\/noticias\/prefeitura-de-adamantina-inaugura-barracao-de-compostagem\/\" \/>\n<meta property=\"og:site_name\" content=\"R\u00e1dio Life FM\" \/>\n<meta property=\"article:publisher\" content=\"https:\/\/www.facebook.com\/radiolifefm\/\" \/>\n<meta property=\"article:published_time\" content=\"2022-02-23T11:01:16+00:00\" \/>\n<meta property=\"article:modified_time\" content=\"2026-04-17T20:24:56+00:00\" \/>\n<meta property=\"og:image\" content=\"https:\/\/radiolifefm.com.br\/noticias\/wp-content\/uploads\/2022\/02\/barracao.jpeg\" \/>\n\t<meta property=\"og:image:width\" content=\"1280\" \/>\n\t<meta property=\"og:image:height\" content=\"852\" \/>\n\t<meta property=\"og:image:type\" content=\"image\/jpeg\" \/>\n<meta name=\"author\" content=\"ritanery\" \/>\n<meta name=\"twitter:card\" content=\"summary_large_image\" \/>\n<meta name=\"twitter:label1\" content=\"Escrito por\" \/>\n\t<meta name=\"twitter:data1\" content=\"ritanery\" \/>\n\t<meta name=\"twitter:label2\" content=\"Est. tempo de leitura\" \/>\n\t<meta name=\"twitter:data2\" content=\"2 minutos\" \/>\n<script type=\"application\/ld+json\" class=\"yoast-schema-graph\">{\"@context\":\"https:\/\/schema.org\",\"@graph\":[{\"@type\":\"Article\",\"@id\":\"https:\/\/radiolifefm.com.br\/noticias\/prefeitura-de-adamantina-inaugura-barracao-de-compostagem\/#article\",\"isPartOf\":{\"@id\":\"https:\/\/radiolifefm.com.br\/noticias\/prefeitura-de-adamantina-inaugura-barracao-de-compostagem\/\"},\"author\":{\"name\":\"ritanery\",\"@id\":\"https:\/\/radiolifefm.com.br\/noticias\/#\/schema\/person\/6339b9fac59d12b071dec680d7375d87\"},\"headline\":\"Prefeitura de Adamantina inaugura Barrac\u00e3o de Compostagem\",\"datePublished\":\"2022-02-23T11:01:16+00:00\",\"dateModified\":\"2026-04-17T20:24:56+00:00\",\"mainEntityOfPage\":{\"@id\":\"https:\/\/radiolifefm.com.br\/noticias\/prefeitura-de-adamantina-inaugura-barracao-de-compostagem\/\"},\"wordCount\":417,\"publisher\":{\"@id\":\"https:\/\/radiolifefm.com.br\/noticias\/#organization\"},\"image\":{\"@id\":\"https:\/\/radiolifefm.com.br\/noticias\/prefeitura-de-adamantina-inaugura-barracao-de-compostagem\/#primaryimage\"},\"thumbnailUrl\":\"https:\/\/radiolifefm.com.br\/noticias\/wp-content\/uploads\/2022\/02\/barracao.jpeg\",\"articleSection\":[\"Adamantina\"],\"inLanguage\":\"pt-BR\"},{\"@type\":\"WebPage\",\"@id\":\"https:\/\/radiolifefm.com.br\/noticias\/prefeitura-de-adamantina-inaugura-barracao-de-compostagem\/\",\"url\":\"https:\/\/radiolifefm.com.br\/noticias\/prefeitura-de-adamantina-inaugura-barracao-de-compostagem\/\",\"name\":\"Prefeitura de Adamantina inaugura Barrac\u00e3o de Compostagem - R\u00e1dio Life FM\",\"isPartOf\":{\"@id\":\"https:\/\/radiolifefm.com.br\/noticias\/#website\"},\"primaryImageOfPage\":{\"@id\":\"https:\/\/radiolifefm.com.br\/noticias\/prefeitura-de-adamantina-inaugura-barracao-de-compostagem\/#primaryimage\"},\"image\":{\"@id\":\"https:\/\/radiolifefm.com.br\/noticias\/prefeitura-de-adamantina-inaugura-barracao-de-compostagem\/#primaryimage\"},\"thumbnailUrl\":\"https:\/\/radiolifefm.com.br\/noticias\/wp-content\/uploads\/2022\/02\/barracao.jpeg\",\"datePublished\":\"2022-02-23T11:01:16+00:00\",\"dateModified\":\"2026-04-17T20:24:56+00:00\",\"breadcrumb\":{\"@id\":\"https:\/\/radiolifefm.com.br\/noticias\/prefeitura-de-adamantina-inaugura-barracao-de-compostagem\/#breadcrumb\"},\"inLanguage\":\"pt-BR\",\"potentialAction\":[{\"@type\":\"ReadAction\",\"target\":[\"https:\/\/radiolifefm.com.br\/noticias\/prefeitura-de-adamantina-inaugura-barracao-de-compostagem\/\"]}]},{\"@type\":\"ImageObject\",\"inLanguage\":\"pt-BR\",\"@id\":\"https:\/\/radiolifefm.com.br\/noticias\/prefeitura-de-adamantina-inaugura-barracao-de-compostagem\/#primaryimage\",\"url\":\"https:\/\/radiolifefm.com.br\/noticias\/wp-content\/uploads\/2022\/02\/barracao.jpeg\",\"contentUrl\":\"https:\/\/radiolifefm.com.br\/noticias\/wp-content\/uploads\/2022\/02\/barracao.jpeg\",\"width\":1280,\"height\":852},{\"@type\":\"BreadcrumbList\",\"@id\":\"https:\/\/radiolifefm.com.br\/noticias\/prefeitura-de-adamantina-inaugura-barracao-de-compostagem\/#breadcrumb\",\"itemListElement\":[{\"@type\":\"ListItem\",\"position\":1,\"name\":\"In\u00edcio\",\"item\":\"https:\/\/radiolifefm.com.br\/noticias\/\"},{\"@type\":\"ListItem\",\"position\":2,\"name\":\"Prefeitura de Adamantina inaugura Barrac\u00e3o de Compostagem\"}]},{\"@type\":\"WebSite\",\"@id\":\"https:\/\/radiolifefm.com.br\/noticias\/#website\",\"url\":\"https:\/\/radiolifefm.com.br\/noticias\/\",\"name\":\"R\u00e1dio Life FM\",\"description\":\"O Portal de Not\u00edcias de Adamantina\",\"publisher\":{\"@id\":\"https:\/\/radiolifefm.com.br\/noticias\/#organization\"},\"alternateName\":\"Life FM\",\"potentialAction\":[{\"@type\":\"SearchAction\",\"target\":{\"@type\":\"EntryPoint\",\"urlTemplate\":\"https:\/\/radiolifefm.com.br\/noticias\/?s={search_term_string}\"},\"query-input\":{\"@type\":\"PropertyValueSpecification\",\"valueRequired\":true,\"valueName\":\"search_term_string\"}}],\"inLanguage\":\"pt-BR\"},{\"@type\":\"Organization\",\"@id\":\"https:\/\/radiolifefm.com.br\/noticias\/#organization\",\"name\":\"R\u00e1dio Life FM\",\"alternateName\":\"Life FM\",\"url\":\"https:\/\/radiolifefm.com.br\/noticias\/\",\"logo\":{\"@type\":\"ImageObject\",\"inLanguage\":\"pt-BR\",\"@id\":\"https:\/\/radiolifefm.com.br\/noticias\/#\/schema\/logo\/image\/\",\"url\":\"https:\/\/static.radiolifefm.com.br\/noticias\/wp-content\/uploads\/2019\/10\/logo-lifefm.png\",\"contentUrl\":\"https:\/\/static.radiolifefm.com.br\/noticias\/wp-content\/uploads\/2019\/10\/logo-lifefm.png\",\"width\":196,\"height\":47,\"caption\":\"R\u00e1dio Life FM\"},\"image\":{\"@id\":\"https:\/\/radiolifefm.com.br\/noticias\/#\/schema\/logo\/image\/\"},\"sameAs\":[\"https:\/\/www.facebook.com\/radiolifefm\/\",\"https:\/\/www.instagram.com\/life1079fm\/\"]},{\"@type\":\"Person\",\"@id\":\"https:\/\/radiolifefm.com.br\/noticias\/#\/schema\/person\/6339b9fac59d12b071dec680d7375d87\",\"name\":\"ritanery\",\"image\":{\"@type\":\"ImageObject\",\"inLanguage\":\"pt-BR\",\"@id\":\"https:\/\/secure.gravatar.com\/avatar\/0e37bb19071f47c0b8a23f62a903df117c5a0e75f65a0c2901562f97cd41cf86?s=96&d=mm&r=g\",\"url\":\"https:\/\/secure.gravatar.com\/avatar\/0e37bb19071f47c0b8a23f62a903df117c5a0e75f65a0c2901562f97cd41cf86?s=96&d=mm&r=g\",\"contentUrl\":\"https:\/\/secure.gravatar.com\/avatar\/0e37bb19071f47c0b8a23f62a903df117c5a0e75f65a0c2901562f97cd41cf86?s=96&d=mm&r=g\",\"caption\":\"ritanery\"}}]}<\/script>\n<!-- \/ Yoast SEO plugin. -->","yoast_head_json":{"title":"Prefeitura de Adamantina inaugura Barrac\u00e3o de Compostagem - R\u00e1dio Life FM","robots":{"index":"index","follow":"follow","max-snippet":"max-snippet:-1","max-image-preview":"max-image-preview:large","max-video-preview":"max-video-preview:-1"},"canonical":"https:\/\/radiolifefm.com.br\/noticias\/prefeitura-de-adamantina-inaugura-barracao-de-compostagem\/","og_locale":"pt_BR","og_type":"article","og_title":"Prefeitura de Adamantina inaugura Barrac\u00e3o de Compostagem - R\u00e1dio Life FM","og_description":"A Prefeitura de Adamantina promover\u00e1 na quinta-feira, dia 24, \u00e0s 9h a inaugura\u00e7\u00e3o do Barrac\u00e3o de Compostagem que est\u00e1 situado na Estrada Municipal Jos\u00e9 Bocardi \u2013 Km 4,5 no Bairro Alto da Boa Vista. A a\u00e7\u00e3o acontece em virtude da parceria que foi firmada entre Prefeitura de Adamantina, UniFAI e Comunidade Trinacional Fronteiri\u00e7a Rio Lempa [&hellip;]","og_url":"https:\/\/radiolifefm.com.br\/noticias\/prefeitura-de-adamantina-inaugura-barracao-de-compostagem\/","og_site_name":"R\u00e1dio Life FM","article_publisher":"https:\/\/www.facebook.com\/radiolifefm\/","article_published_time":"2022-02-23T11:01:16+00:00","article_modified_time":"2026-04-17T20:24:56+00:00","og_image":[{"width":1280,"height":852,"url":"https:\/\/radiolifefm.com.br\/noticias\/wp-content\/uploads\/2022\/02\/barracao.jpeg","type":"image\/jpeg"}],"author":"ritanery","twitter_card":"summary_large_image","twitter_misc":{"Escrito por":"ritanery","Est. tempo de leitura":"2 minutos"},"schema":{"@context":"https:\/\/schema.org","@graph":[{"@type":"Article","@id":"https:\/\/radiolifefm.com.br\/noticias\/prefeitura-de-adamantina-inaugura-barracao-de-compostagem\/#article","isPartOf":{"@id":"https:\/\/radiolifefm.com.br\/noticias\/prefeitura-de-adamantina-inaugura-barracao-de-compostagem\/"},"author":{"name":"ritanery","@id":"https:\/\/radiolifefm.com.br\/noticias\/#\/schema\/person\/6339b9fac59d12b071dec680d7375d87"},"headline":"Prefeitura de Adamantina inaugura Barrac\u00e3o de Compostagem","datePublished":"2022-02-23T11:01:16+00:00","dateModified":"2026-04-17T20:24:56+00:00","mainEntityOfPage":{"@id":"https:\/\/radiolifefm.com.br\/noticias\/prefeitura-de-adamantina-inaugura-barracao-de-compostagem\/"},"wordCount":417,"publisher":{"@id":"https:\/\/radiolifefm.com.br\/noticias\/#organization"},"image":{"@id":"https:\/\/radiolifefm.com.br\/noticias\/prefeitura-de-adamantina-inaugura-barracao-de-compostagem\/#primaryimage"},"thumbnailUrl":"https:\/\/radiolifefm.com.br\/noticias\/wp-content\/uploads\/2022\/02\/barracao.jpeg","articleSection":["Adamantina"],"inLanguage":"pt-BR"},{"@type":"WebPage","@id":"https:\/\/radiolifefm.com.br\/noticias\/prefeitura-de-adamantina-inaugura-barracao-de-compostagem\/","url":"https:\/\/radiolifefm.com.br\/noticias\/prefeitura-de-adamantina-inaugura-barracao-de-compostagem\/","name":"Prefeitura de Adamantina inaugura Barrac\u00e3o de Compostagem - R\u00e1dio Life FM","isPartOf":{"@id":"https:\/\/radiolifefm.com.br\/noticias\/#website"},"primaryImageOfPage":{"@id":"https:\/\/radiolifefm.com.br\/noticias\/prefeitura-de-adamantina-inaugura-barracao-de-compostagem\/#primaryimage"},"image":{"@id":"https:\/\/radiolifefm.com.br\/noticias\/prefeitura-de-adamantina-inaugura-barracao-de-compostagem\/#primaryimage"},"thumbnailUrl":"https:\/\/radiolifefm.com.br\/noticias\/wp-content\/uploads\/2022\/02\/barracao.jpeg","datePublished":"2022-02-23T11:01:16+00:00","dateModified":"2026-04-17T20:24:56+00:00","breadcrumb":{"@id":"https:\/\/radiolifefm.com.br\/noticias\/prefeitura-de-adamantina-inaugura-barracao-de-compostagem\/#breadcrumb"},"inLanguage":"pt-BR","potentialAction":[{"@type":"ReadAction","target":["https:\/\/radiolifefm.com.br\/noticias\/prefeitura-de-adamantina-inaugura-barracao-de-compostagem\/"]}]},{"@type":"ImageObject","inLanguage":"pt-BR","@id":"https:\/\/radiolifefm.com.br\/noticias\/prefeitura-de-adamantina-inaugura-barracao-de-compostagem\/#primaryimage","url":"https:\/\/radiolifefm.com.br\/noticias\/wp-content\/uploads\/2022\/02\/barracao.jpeg","contentUrl":"https:\/\/radiolifefm.com.br\/noticias\/wp-content\/uploads\/2022\/02\/barracao.jpeg","width":1280,"height":852},{"@type":"BreadcrumbList","@id":"https:\/\/radiolifefm.com.br\/noticias\/prefeitura-de-adamantina-inaugura-barracao-de-compostagem\/#breadcrumb","itemListElement":[{"@type":"ListItem","position":1,"name":"In\u00edcio","item":"https:\/\/radiolifefm.com.br\/noticias\/"},{"@type":"ListItem","position":2,"name":"Prefeitura de Adamantina inaugura Barrac\u00e3o de Compostagem"}]},{"@type":"WebSite","@id":"https:\/\/radiolifefm.com.br\/noticias\/#website","url":"https:\/\/radiolifefm.com.br\/noticias\/","name":"R\u00e1dio Life FM","description":"O Portal de Not\u00edcias de Adamantina","publisher":{"@id":"https:\/\/radiolifefm.com.br\/noticias\/#organization"},"alternateName":"Life FM","potentialAction":[{"@type":"SearchAction","target":{"@type":"EntryPoint","urlTemplate":"https:\/\/radiolifefm.com.br\/noticias\/?s={search_term_string}"},"query-input":{"@type":"PropertyValueSpecification","valueRequired":true,"valueName":"search_term_string"}}],"inLanguage":"pt-BR"},{"@type":"Organization","@id":"https:\/\/radiolifefm.com.br\/noticias\/#organization","name":"R\u00e1dio Life FM","alternateName":"Life FM","url":"https:\/\/radiolifefm.com.br\/noticias\/","logo":{"@type":"ImageObject","inLanguage":"pt-BR","@id":"https:\/\/radiolifefm.com.br\/noticias\/#\/schema\/logo\/image\/","url":"https:\/\/static.radiolifefm.com.br\/noticias\/wp-content\/uploads\/2019\/10\/logo-lifefm.png","contentUrl":"https:\/\/static.radiolifefm.com.br\/noticias\/wp-content\/uploads\/2019\/10\/logo-lifefm.png","width":196,"height":47,"caption":"R\u00e1dio Life FM"},"image":{"@id":"https:\/\/radiolifefm.com.br\/noticias\/#\/schema\/logo\/image\/"},"sameAs":["https:\/\/www.facebook.com\/radiolifefm\/","https:\/\/www.instagram.com\/life1079fm\/"]},{"@type":"Person","@id":"https:\/\/radiolifefm.com.br\/noticias\/#\/schema\/person\/6339b9fac59d12b071dec680d7375d87","name":"ritanery","image":{"@type":"ImageObject","inLanguage":"pt-BR","@id":"https:\/\/secure.gravatar.com\/avatar\/0e37bb19071f47c0b8a23f62a903df117c5a0e75f65a0c2901562f97cd41cf86?s=96&d=mm&r=g","url":"https:\/\/secure.gravatar.com\/avatar\/0e37bb19071f47c0b8a23f62a903df117c5a0e75f65a0c2901562f97cd41cf86?s=96&d=mm&r=g","contentUrl":"https:\/\/secure.gravatar.com\/avatar\/0e37bb19071f47c0b8a23f62a903df117c5a0e75f65a0c2901562f97cd41cf86?s=96&d=mm&r=g","caption":"ritanery"}}]}},"amp_enabled":true,"_links":{"self":[{"href":"https:\/\/radiolifefm.com.br\/noticias\/wp-json\/wp\/v2\/posts\/49766","targetHints":{"allow":["GET"]}}],"collection":[{"href":"https:\/\/radiolifefm.com.br\/noticias\/wp-json\/wp\/v2\/posts"}],"about":[{"href":"https:\/\/radiolifefm.com.br\/noticias\/wp-json\/wp\/v2\/types\/post"}],"author":[{"embeddable":true,"href":"https:\/\/radiolifefm.com.br\/noticias\/wp-json\/wp\/v2\/users\/13"}],"replies":[{"embeddable":true,"href":"https:\/\/radiolifefm.com.br\/noticias\/wp-json\/wp\/v2\/comments?post=49766"}],"version-history":[{"count":4,"href":"https:\/\/radiolifefm.com.br\/noticias\/wp-json\/wp\/v2\/posts\/49766\/revisions"}],"predecessor-version":[{"id":49771,"href":"https:\/\/radiolifefm.com.br\/noticias\/wp-json\/wp\/v2\/posts\/49766\/revisions\/49771"}],"wp:featuredmedia":[{"embeddable":true,"href":"https:\/\/radiolifefm.com.br\/noticias\/wp-json\/wp\/v2\/media\/49767"}],"wp:attachment":[{"href":"https:\/\/radiolifefm.com.br\/noticias\/wp-json\/wp\/v2\/media?parent=49766"}],"wp:term":[{"taxonomy":"category","embeddable":true,"href":"https:\/\/radiolifefm.com.br\/noticias\/wp-json\/wp\/v2\/categories?post=49766"},{"taxonomy":"post_tag","embeddable":true,"href":"https:\/\/radiolifefm.com.br\/noticias\/wp-json\/wp\/v2\/tags?post=49766"}],"curies":[{"name":"wp","href":"https:\/\/api.w.org\/{rel}","templated":true}]}}