{"id":49700,"date":"2022-02-21T21:19:20","date_gmt":"2022-02-22T00:19:20","guid":{"rendered":"https:\/\/radiolifefm.com.br\/noticias\/?p=49700"},"modified":"2026-04-08T18:14:15","modified_gmt":"2026-04-08T21:14:15","slug":"projeto-capoeira-do-bem-foi-lancado-pelo-prefeitura-de-adamantina","status":"publish","type":"post","link":"https:\/\/radiolifefm.com.br\/noticias\/projeto-capoeira-do-bem-foi-lancado-pelo-prefeitura-de-adamantina\/","title":{"rendered":"Projeto Capoeira do Bem foi lan\u00e7ado pelo Prefeitura de Adamantina"},"content":{"rendered":"<div id=\"fb-root\"><\/div>\n<p>A Prefeitura de Adamantina, por meio da Secretaria de Assist\u00eancia Social e do Conselho Municipal dos Direitos da Crian\u00e7a e do Adolescente, lan\u00e7ou no \u00faltimo s\u00e1bado o Projeto Capoeira do Bem.<\/p>\n<p>Na oportunidade, estiveram presentes o prefeito M\u00e1rcio Cardim, a vice-prefeita Maria de Lourdes Santos Gil, o presidente da C\u00e2mara, Paulo Cervelheira, a vereadora Noriko Saito, a secretaria de Assist\u00eancia Social, Andreia Regina Ribeiro, Ivoni Ramos, presidente da Casa do Garoto, a presidente do CMDCA, Franciele Peron e demais autoridades.<\/p>\n<p>A secret\u00e1ria de Assist\u00eancia Social, Andreia Regina Ribeiro, ressaltou a import\u00e2ncia do projeto que foi viabilizado a partir dos recursos provenientes do Imposto de Renda do Bem.<\/p>\n<p>\u201cPassamos por momentos dif\u00edceis durante a pandemia, com crian\u00e7as no sem\u00e1foro e agora, por meio dessa iniciativa, estamos atendendo aqueles que tem de 02 a 15 anos incompletos de ambos os sexos do Jardim, Adamantina, Jardim Brasil, Parque do Sol e Casa do Garoto\u201d, afirma a chefe da pasta.<\/p>\n<p>O presidente da C\u00e2mara, Paulo Cervelheira, ressaltou a import\u00e2ncia da a\u00e7\u00e3o que visa levar cultura, desenvolvimento de habilidades relacionais e motoras e tamb\u00e9m conviv\u00eancia comunit\u00e1ria.<\/p>\n<p>Em sua fala, o prefeito M\u00e1rcio Cardim relembrou a implanta\u00e7\u00e3o do Imposto de Renda do Bem l\u00e1 em 2017. No in\u00edcio, de acordo com ele, a campanha arrecadava em m\u00e9dia 100 mil reais e agora teve um salto para R$550 mil.<\/p>\n<p>\u201cEstamos felizes com todas as a\u00e7\u00f5es que temos desenvolvido e parabenizo a secretaria Andreia e toda a sua equipe. \u00c9 um prazer ver essa modalidade esportiva t\u00e3o difundida pela mestre Sara e por sua filha, Suellen Rocha, professora contratada pelo projeto para ministrar aulas para as crian\u00e7as. Estamos ainda em pandemia e os efeitos ainda s\u00e3o ruins, mas podemos ver melhora e temos que agradecer a equipe da sa\u00fade por todos os esfor\u00e7os que eles tem feito\u201d, comenta.<\/p>\n<p>De acordo com o prefeito, as a\u00e7\u00f5es para oferecer atividades para as crian\u00e7as do munic\u00edpio n\u00e3o param. \u201cEstive conversando com a presidente do Fundo Social, Marisa Cardim e o secret\u00e1rio de cultura, S\u00e9rgio Vanderlei, pois em breve vamos lan\u00e7ar em Adamantina o nosso bal\u00e9 municipal, algo que s\u00f3 tem em Parais\u00f3polis\u201d, anuncia.<\/p>\n<p><strong>Sobre o Projeto Capoeira do Bem<\/strong><\/p>\n<p>A iniciativa atende de forma preferencial o p\u00fablico priorit\u00e1rio dos servi\u00e7os de conviv\u00eancia e fortalecimento de v\u00ednculos. O trabalho envolve arte, coopera\u00e7\u00e3o, autonomia, ludicidade e outros aspectos.<\/p>\n<p>Para a realiza\u00e7\u00e3o do projeto foi investido R$37 mil e ele ter\u00e1 a dura\u00e7\u00e3o de 10 meses. As aulas acontecem todos os s\u00e1bados. Ao todo, foram disponibilizadas 200 vagas, sendo de no m\u00e1ximo 40 aulas por turma, sempre considerando os protocolos de preven\u00e7\u00e3o contra a COVID-19.<\/p>\n<p>O projeto \u00e9 acompanhado pelo psic\u00f3logo da Secretaria de Assist\u00eancia Social que realiza o trabalho social com as fam\u00edlias das crian\u00e7as e adolescentes integrantes da Capoeira do Bem.<\/p>\n<p>A a\u00e7\u00e3o ainda oferece atividades socioeducativas, palestras e rodas de conversas com as crian\u00e7as, adolescentes e seus familiares com profissionais convidados pelo CMDCA e Secretaria Municipal de Assist\u00eancia Social.<\/p>\n<p>&nbsp;<\/p>\n<p>Fonte: Assessoria de Imprensa<\/p>\n","protected":false},"excerpt":{"rendered":"<p>A Prefeitura de Adamantina, por meio da Secretaria de Assist\u00eancia Social e do Conselho Municipal dos Direitos da Crian\u00e7a e do Adolescente, lan\u00e7ou no \u00faltimo s\u00e1bado o Projeto Capoeira do Bem. Na oportunidade, estiveram presentes o prefeito M\u00e1rcio Cardim, a vice-prefeita Maria de Lourdes Santos Gil, o presidente da C\u00e2mara, Paulo Cervelheira, a vereadora Noriko [&hellip;]<\/p>\n","protected":false},"author":13,"featured_media":49701,"comment_status":"closed","ping_status":"open","sticky":false,"template":"","format":"standard","meta":{"_acf_changed":false,"_exactmetrics_skip_tracking":false,"_exactmetrics_sitenote_active":false,"_exactmetrics_sitenote_note":"","_exactmetrics_sitenote_category":0,"footnotes":""},"categories":[21],"tags":[],"class_list":["post-49700","post","type-post","status-publish","format-standard","has-post-thumbnail","hentry","category-adamantina"],"acf":[],"yoast_head":"<!-- This site is optimized with the Yoast SEO plugin v27.2 - https:\/\/yoast.com\/product\/yoast-seo-wordpress\/ -->\n<title>Projeto Capoeira do Bem foi lan\u00e7ado pelo Prefeitura de Adamantina - R\u00e1dio Life FM<\/title>\n<meta name=\"robots\" content=\"index, follow, max-snippet:-1, max-image-preview:large, max-video-preview:-1\" \/>\n<link rel=\"canonical\" href=\"https:\/\/radiolifefm.com.br\/noticias\/projeto-capoeira-do-bem-foi-lancado-pelo-prefeitura-de-adamantina\/\" \/>\n<meta property=\"og:locale\" content=\"pt_BR\" \/>\n<meta property=\"og:type\" content=\"article\" \/>\n<meta property=\"og:title\" content=\"Projeto Capoeira do Bem foi lan\u00e7ado pelo Prefeitura de Adamantina - R\u00e1dio Life FM\" \/>\n<meta property=\"og:description\" content=\"A Prefeitura de Adamantina, por meio da Secretaria de Assist\u00eancia Social e do Conselho Municipal dos Direitos da Crian\u00e7a e do Adolescente, lan\u00e7ou no \u00faltimo s\u00e1bado o Projeto Capoeira do Bem. Na oportunidade, estiveram presentes o prefeito M\u00e1rcio Cardim, a vice-prefeita Maria de Lourdes Santos Gil, o presidente da C\u00e2mara, Paulo Cervelheira, a vereadora Noriko [&hellip;]\" \/>\n<meta property=\"og:url\" content=\"https:\/\/radiolifefm.com.br\/noticias\/projeto-capoeira-do-bem-foi-lancado-pelo-prefeitura-de-adamantina\/\" \/>\n<meta property=\"og:site_name\" content=\"R\u00e1dio Life FM\" \/>\n<meta property=\"article:publisher\" content=\"https:\/\/www.facebook.com\/radiolifefm\/\" \/>\n<meta property=\"article:published_time\" content=\"2022-02-22T00:19:20+00:00\" \/>\n<meta property=\"article:modified_time\" content=\"2026-04-08T21:14:15+00:00\" \/>\n<meta property=\"og:image\" content=\"https:\/\/radiolifefm.com.br\/noticias\/wp-content\/uploads\/2022\/02\/capoeira-do-bem.jpg\" \/>\n\t<meta property=\"og:image:width\" content=\"1456\" \/>\n\t<meta property=\"og:image:height\" content=\"414\" \/>\n\t<meta property=\"og:image:type\" content=\"image\/jpeg\" \/>\n<meta name=\"author\" content=\"ritanery\" \/>\n<meta name=\"twitter:card\" content=\"summary_large_image\" \/>\n<meta name=\"twitter:label1\" content=\"Escrito por\" \/>\n\t<meta name=\"twitter:data1\" content=\"ritanery\" \/>\n\t<meta name=\"twitter:label2\" content=\"Est. tempo de leitura\" \/>\n\t<meta name=\"twitter:data2\" content=\"3 minutos\" \/>\n<script type=\"application\/ld+json\" class=\"yoast-schema-graph\">{\"@context\":\"https:\/\/schema.org\",\"@graph\":[{\"@type\":\"Article\",\"@id\":\"https:\/\/radiolifefm.com.br\/noticias\/projeto-capoeira-do-bem-foi-lancado-pelo-prefeitura-de-adamantina\/#article\",\"isPartOf\":{\"@id\":\"https:\/\/radiolifefm.com.br\/noticias\/projeto-capoeira-do-bem-foi-lancado-pelo-prefeitura-de-adamantina\/\"},\"author\":{\"name\":\"ritanery\",\"@id\":\"https:\/\/radiolifefm.com.br\/noticias\/#\/schema\/person\/6339b9fac59d12b071dec680d7375d87\"},\"headline\":\"Projeto Capoeira do Bem foi lan\u00e7ado pelo Prefeitura de Adamantina\",\"datePublished\":\"2022-02-22T00:19:20+00:00\",\"dateModified\":\"2026-04-08T21:14:15+00:00\",\"mainEntityOfPage\":{\"@id\":\"https:\/\/radiolifefm.com.br\/noticias\/projeto-capoeira-do-bem-foi-lancado-pelo-prefeitura-de-adamantina\/\"},\"wordCount\":550,\"publisher\":{\"@id\":\"https:\/\/radiolifefm.com.br\/noticias\/#organization\"},\"image\":{\"@id\":\"https:\/\/radiolifefm.com.br\/noticias\/projeto-capoeira-do-bem-foi-lancado-pelo-prefeitura-de-adamantina\/#primaryimage\"},\"thumbnailUrl\":\"https:\/\/radiolifefm.com.br\/noticias\/wp-content\/uploads\/2022\/02\/capoeira-do-bem.jpg\",\"articleSection\":[\"Adamantina\"],\"inLanguage\":\"pt-BR\"},{\"@type\":\"WebPage\",\"@id\":\"https:\/\/radiolifefm.com.br\/noticias\/projeto-capoeira-do-bem-foi-lancado-pelo-prefeitura-de-adamantina\/\",\"url\":\"https:\/\/radiolifefm.com.br\/noticias\/projeto-capoeira-do-bem-foi-lancado-pelo-prefeitura-de-adamantina\/\",\"name\":\"Projeto Capoeira do Bem foi lan\u00e7ado pelo Prefeitura de Adamantina - R\u00e1dio Life FM\",\"isPartOf\":{\"@id\":\"https:\/\/radiolifefm.com.br\/noticias\/#website\"},\"primaryImageOfPage\":{\"@id\":\"https:\/\/radiolifefm.com.br\/noticias\/projeto-capoeira-do-bem-foi-lancado-pelo-prefeitura-de-adamantina\/#primaryimage\"},\"image\":{\"@id\":\"https:\/\/radiolifefm.com.br\/noticias\/projeto-capoeira-do-bem-foi-lancado-pelo-prefeitura-de-adamantina\/#primaryimage\"},\"thumbnailUrl\":\"https:\/\/radiolifefm.com.br\/noticias\/wp-content\/uploads\/2022\/02\/capoeira-do-bem.jpg\",\"datePublished\":\"2022-02-22T00:19:20+00:00\",\"dateModified\":\"2026-04-08T21:14:15+00:00\",\"breadcrumb\":{\"@id\":\"https:\/\/radiolifefm.com.br\/noticias\/projeto-capoeira-do-bem-foi-lancado-pelo-prefeitura-de-adamantina\/#breadcrumb\"},\"inLanguage\":\"pt-BR\",\"potentialAction\":[{\"@type\":\"ReadAction\",\"target\":[\"https:\/\/radiolifefm.com.br\/noticias\/projeto-capoeira-do-bem-foi-lancado-pelo-prefeitura-de-adamantina\/\"]}]},{\"@type\":\"ImageObject\",\"inLanguage\":\"pt-BR\",\"@id\":\"https:\/\/radiolifefm.com.br\/noticias\/projeto-capoeira-do-bem-foi-lancado-pelo-prefeitura-de-adamantina\/#primaryimage\",\"url\":\"https:\/\/radiolifefm.com.br\/noticias\/wp-content\/uploads\/2022\/02\/capoeira-do-bem.jpg\",\"contentUrl\":\"https:\/\/radiolifefm.com.br\/noticias\/wp-content\/uploads\/2022\/02\/capoeira-do-bem.jpg\",\"width\":1456,\"height\":414},{\"@type\":\"BreadcrumbList\",\"@id\":\"https:\/\/radiolifefm.com.br\/noticias\/projeto-capoeira-do-bem-foi-lancado-pelo-prefeitura-de-adamantina\/#breadcrumb\",\"itemListElement\":[{\"@type\":\"ListItem\",\"position\":1,\"name\":\"In\u00edcio\",\"item\":\"https:\/\/radiolifefm.com.br\/noticias\/\"},{\"@type\":\"ListItem\",\"position\":2,\"name\":\"Projeto Capoeira do Bem foi lan\u00e7ado pelo Prefeitura de Adamantina\"}]},{\"@type\":\"WebSite\",\"@id\":\"https:\/\/radiolifefm.com.br\/noticias\/#website\",\"url\":\"https:\/\/radiolifefm.com.br\/noticias\/\",\"name\":\"R\u00e1dio Life FM\",\"description\":\"O Portal de Not\u00edcias de Adamantina\",\"publisher\":{\"@id\":\"https:\/\/radiolifefm.com.br\/noticias\/#organization\"},\"alternateName\":\"Life FM\",\"potentialAction\":[{\"@type\":\"SearchAction\",\"target\":{\"@type\":\"EntryPoint\",\"urlTemplate\":\"https:\/\/radiolifefm.com.br\/noticias\/?s={search_term_string}\"},\"query-input\":{\"@type\":\"PropertyValueSpecification\",\"valueRequired\":true,\"valueName\":\"search_term_string\"}}],\"inLanguage\":\"pt-BR\"},{\"@type\":\"Organization\",\"@id\":\"https:\/\/radiolifefm.com.br\/noticias\/#organization\",\"name\":\"R\u00e1dio Life FM\",\"alternateName\":\"Life FM\",\"url\":\"https:\/\/radiolifefm.com.br\/noticias\/\",\"logo\":{\"@type\":\"ImageObject\",\"inLanguage\":\"pt-BR\",\"@id\":\"https:\/\/radiolifefm.com.br\/noticias\/#\/schema\/logo\/image\/\",\"url\":\"https:\/\/static.radiolifefm.com.br\/noticias\/wp-content\/uploads\/2019\/10\/logo-lifefm.png\",\"contentUrl\":\"https:\/\/static.radiolifefm.com.br\/noticias\/wp-content\/uploads\/2019\/10\/logo-lifefm.png\",\"width\":196,\"height\":47,\"caption\":\"R\u00e1dio Life FM\"},\"image\":{\"@id\":\"https:\/\/radiolifefm.com.br\/noticias\/#\/schema\/logo\/image\/\"},\"sameAs\":[\"https:\/\/www.facebook.com\/radiolifefm\/\",\"https:\/\/www.instagram.com\/life1079fm\/\"]},{\"@type\":\"Person\",\"@id\":\"https:\/\/radiolifefm.com.br\/noticias\/#\/schema\/person\/6339b9fac59d12b071dec680d7375d87\",\"name\":\"ritanery\",\"image\":{\"@type\":\"ImageObject\",\"inLanguage\":\"pt-BR\",\"@id\":\"https:\/\/secure.gravatar.com\/avatar\/0e37bb19071f47c0b8a23f62a903df117c5a0e75f65a0c2901562f97cd41cf86?s=96&d=mm&r=g\",\"url\":\"https:\/\/secure.gravatar.com\/avatar\/0e37bb19071f47c0b8a23f62a903df117c5a0e75f65a0c2901562f97cd41cf86?s=96&d=mm&r=g\",\"contentUrl\":\"https:\/\/secure.gravatar.com\/avatar\/0e37bb19071f47c0b8a23f62a903df117c5a0e75f65a0c2901562f97cd41cf86?s=96&d=mm&r=g\",\"caption\":\"ritanery\"}}]}<\/script>\n<!-- \/ Yoast SEO plugin. -->","yoast_head_json":{"title":"Projeto Capoeira do Bem foi lan\u00e7ado pelo Prefeitura de Adamantina - R\u00e1dio Life FM","robots":{"index":"index","follow":"follow","max-snippet":"max-snippet:-1","max-image-preview":"max-image-preview:large","max-video-preview":"max-video-preview:-1"},"canonical":"https:\/\/radiolifefm.com.br\/noticias\/projeto-capoeira-do-bem-foi-lancado-pelo-prefeitura-de-adamantina\/","og_locale":"pt_BR","og_type":"article","og_title":"Projeto Capoeira do Bem foi lan\u00e7ado pelo Prefeitura de Adamantina - R\u00e1dio Life FM","og_description":"A Prefeitura de Adamantina, por meio da Secretaria de Assist\u00eancia Social e do Conselho Municipal dos Direitos da Crian\u00e7a e do Adolescente, lan\u00e7ou no \u00faltimo s\u00e1bado o Projeto Capoeira do Bem. Na oportunidade, estiveram presentes o prefeito M\u00e1rcio Cardim, a vice-prefeita Maria de Lourdes Santos Gil, o presidente da C\u00e2mara, Paulo Cervelheira, a vereadora Noriko [&hellip;]","og_url":"https:\/\/radiolifefm.com.br\/noticias\/projeto-capoeira-do-bem-foi-lancado-pelo-prefeitura-de-adamantina\/","og_site_name":"R\u00e1dio Life FM","article_publisher":"https:\/\/www.facebook.com\/radiolifefm\/","article_published_time":"2022-02-22T00:19:20+00:00","article_modified_time":"2026-04-08T21:14:15+00:00","og_image":[{"width":1456,"height":414,"url":"https:\/\/radiolifefm.com.br\/noticias\/wp-content\/uploads\/2022\/02\/capoeira-do-bem.jpg","type":"image\/jpeg"}],"author":"ritanery","twitter_card":"summary_large_image","twitter_misc":{"Escrito por":"ritanery","Est. tempo de leitura":"3 minutos"},"schema":{"@context":"https:\/\/schema.org","@graph":[{"@type":"Article","@id":"https:\/\/radiolifefm.com.br\/noticias\/projeto-capoeira-do-bem-foi-lancado-pelo-prefeitura-de-adamantina\/#article","isPartOf":{"@id":"https:\/\/radiolifefm.com.br\/noticias\/projeto-capoeira-do-bem-foi-lancado-pelo-prefeitura-de-adamantina\/"},"author":{"name":"ritanery","@id":"https:\/\/radiolifefm.com.br\/noticias\/#\/schema\/person\/6339b9fac59d12b071dec680d7375d87"},"headline":"Projeto Capoeira do Bem foi lan\u00e7ado pelo Prefeitura de Adamantina","datePublished":"2022-02-22T00:19:20+00:00","dateModified":"2026-04-08T21:14:15+00:00","mainEntityOfPage":{"@id":"https:\/\/radiolifefm.com.br\/noticias\/projeto-capoeira-do-bem-foi-lancado-pelo-prefeitura-de-adamantina\/"},"wordCount":550,"publisher":{"@id":"https:\/\/radiolifefm.com.br\/noticias\/#organization"},"image":{"@id":"https:\/\/radiolifefm.com.br\/noticias\/projeto-capoeira-do-bem-foi-lancado-pelo-prefeitura-de-adamantina\/#primaryimage"},"thumbnailUrl":"https:\/\/radiolifefm.com.br\/noticias\/wp-content\/uploads\/2022\/02\/capoeira-do-bem.jpg","articleSection":["Adamantina"],"inLanguage":"pt-BR"},{"@type":"WebPage","@id":"https:\/\/radiolifefm.com.br\/noticias\/projeto-capoeira-do-bem-foi-lancado-pelo-prefeitura-de-adamantina\/","url":"https:\/\/radiolifefm.com.br\/noticias\/projeto-capoeira-do-bem-foi-lancado-pelo-prefeitura-de-adamantina\/","name":"Projeto Capoeira do Bem foi lan\u00e7ado pelo Prefeitura de Adamantina - R\u00e1dio Life FM","isPartOf":{"@id":"https:\/\/radiolifefm.com.br\/noticias\/#website"},"primaryImageOfPage":{"@id":"https:\/\/radiolifefm.com.br\/noticias\/projeto-capoeira-do-bem-foi-lancado-pelo-prefeitura-de-adamantina\/#primaryimage"},"image":{"@id":"https:\/\/radiolifefm.com.br\/noticias\/projeto-capoeira-do-bem-foi-lancado-pelo-prefeitura-de-adamantina\/#primaryimage"},"thumbnailUrl":"https:\/\/radiolifefm.com.br\/noticias\/wp-content\/uploads\/2022\/02\/capoeira-do-bem.jpg","datePublished":"2022-02-22T00:19:20+00:00","dateModified":"2026-04-08T21:14:15+00:00","breadcrumb":{"@id":"https:\/\/radiolifefm.com.br\/noticias\/projeto-capoeira-do-bem-foi-lancado-pelo-prefeitura-de-adamantina\/#breadcrumb"},"inLanguage":"pt-BR","potentialAction":[{"@type":"ReadAction","target":["https:\/\/radiolifefm.com.br\/noticias\/projeto-capoeira-do-bem-foi-lancado-pelo-prefeitura-de-adamantina\/"]}]},{"@type":"ImageObject","inLanguage":"pt-BR","@id":"https:\/\/radiolifefm.com.br\/noticias\/projeto-capoeira-do-bem-foi-lancado-pelo-prefeitura-de-adamantina\/#primaryimage","url":"https:\/\/radiolifefm.com.br\/noticias\/wp-content\/uploads\/2022\/02\/capoeira-do-bem.jpg","contentUrl":"https:\/\/radiolifefm.com.br\/noticias\/wp-content\/uploads\/2022\/02\/capoeira-do-bem.jpg","width":1456,"height":414},{"@type":"BreadcrumbList","@id":"https:\/\/radiolifefm.com.br\/noticias\/projeto-capoeira-do-bem-foi-lancado-pelo-prefeitura-de-adamantina\/#breadcrumb","itemListElement":[{"@type":"ListItem","position":1,"name":"In\u00edcio","item":"https:\/\/radiolifefm.com.br\/noticias\/"},{"@type":"ListItem","position":2,"name":"Projeto Capoeira do Bem foi lan\u00e7ado pelo Prefeitura de Adamantina"}]},{"@type":"WebSite","@id":"https:\/\/radiolifefm.com.br\/noticias\/#website","url":"https:\/\/radiolifefm.com.br\/noticias\/","name":"R\u00e1dio Life FM","description":"O Portal de Not\u00edcias de Adamantina","publisher":{"@id":"https:\/\/radiolifefm.com.br\/noticias\/#organization"},"alternateName":"Life FM","potentialAction":[{"@type":"SearchAction","target":{"@type":"EntryPoint","urlTemplate":"https:\/\/radiolifefm.com.br\/noticias\/?s={search_term_string}"},"query-input":{"@type":"PropertyValueSpecification","valueRequired":true,"valueName":"search_term_string"}}],"inLanguage":"pt-BR"},{"@type":"Organization","@id":"https:\/\/radiolifefm.com.br\/noticias\/#organization","name":"R\u00e1dio Life FM","alternateName":"Life FM","url":"https:\/\/radiolifefm.com.br\/noticias\/","logo":{"@type":"ImageObject","inLanguage":"pt-BR","@id":"https:\/\/radiolifefm.com.br\/noticias\/#\/schema\/logo\/image\/","url":"https:\/\/static.radiolifefm.com.br\/noticias\/wp-content\/uploads\/2019\/10\/logo-lifefm.png","contentUrl":"https:\/\/static.radiolifefm.com.br\/noticias\/wp-content\/uploads\/2019\/10\/logo-lifefm.png","width":196,"height":47,"caption":"R\u00e1dio Life FM"},"image":{"@id":"https:\/\/radiolifefm.com.br\/noticias\/#\/schema\/logo\/image\/"},"sameAs":["https:\/\/www.facebook.com\/radiolifefm\/","https:\/\/www.instagram.com\/life1079fm\/"]},{"@type":"Person","@id":"https:\/\/radiolifefm.com.br\/noticias\/#\/schema\/person\/6339b9fac59d12b071dec680d7375d87","name":"ritanery","image":{"@type":"ImageObject","inLanguage":"pt-BR","@id":"https:\/\/secure.gravatar.com\/avatar\/0e37bb19071f47c0b8a23f62a903df117c5a0e75f65a0c2901562f97cd41cf86?s=96&d=mm&r=g","url":"https:\/\/secure.gravatar.com\/avatar\/0e37bb19071f47c0b8a23f62a903df117c5a0e75f65a0c2901562f97cd41cf86?s=96&d=mm&r=g","contentUrl":"https:\/\/secure.gravatar.com\/avatar\/0e37bb19071f47c0b8a23f62a903df117c5a0e75f65a0c2901562f97cd41cf86?s=96&d=mm&r=g","caption":"ritanery"}}]}},"amp_enabled":true,"_links":{"self":[{"href":"https:\/\/radiolifefm.com.br\/noticias\/wp-json\/wp\/v2\/posts\/49700","targetHints":{"allow":["GET"]}}],"collection":[{"href":"https:\/\/radiolifefm.com.br\/noticias\/wp-json\/wp\/v2\/posts"}],"about":[{"href":"https:\/\/radiolifefm.com.br\/noticias\/wp-json\/wp\/v2\/types\/post"}],"author":[{"embeddable":true,"href":"https:\/\/radiolifefm.com.br\/noticias\/wp-json\/wp\/v2\/users\/13"}],"replies":[{"embeddable":true,"href":"https:\/\/radiolifefm.com.br\/noticias\/wp-json\/wp\/v2\/comments?post=49700"}],"version-history":[{"count":1,"href":"https:\/\/radiolifefm.com.br\/noticias\/wp-json\/wp\/v2\/posts\/49700\/revisions"}],"predecessor-version":[{"id":49702,"href":"https:\/\/radiolifefm.com.br\/noticias\/wp-json\/wp\/v2\/posts\/49700\/revisions\/49702"}],"wp:featuredmedia":[{"embeddable":true,"href":"https:\/\/radiolifefm.com.br\/noticias\/wp-json\/wp\/v2\/media\/49701"}],"wp:attachment":[{"href":"https:\/\/radiolifefm.com.br\/noticias\/wp-json\/wp\/v2\/media?parent=49700"}],"wp:term":[{"taxonomy":"category","embeddable":true,"href":"https:\/\/radiolifefm.com.br\/noticias\/wp-json\/wp\/v2\/categories?post=49700"},{"taxonomy":"post_tag","embeddable":true,"href":"https:\/\/radiolifefm.com.br\/noticias\/wp-json\/wp\/v2\/tags?post=49700"}],"curies":[{"name":"wp","href":"https:\/\/api.w.org\/{rel}","templated":true}]}}