{"id":49697,"date":"2022-02-21T21:12:21","date_gmt":"2022-02-22T00:12:21","guid":{"rendered":"https:\/\/radiolifefm.com.br\/noticias\/?p=49697"},"modified":"2026-01-23T17:07:04","modified_gmt":"2026-01-23T20:07:04","slug":"adamantina-recebe-comitiva-da-america-central-em-missao-de-monitoramento-e-inauguracao-de-obras-que-integram-o-programa-euroclima","status":"publish","type":"post","link":"https:\/\/radiolifefm.com.br\/noticias\/adamantina-recebe-comitiva-da-america-central-em-missao-de-monitoramento-e-inauguracao-de-obras-que-integram-o-programa-euroclima\/","title":{"rendered":"Adamantina recebe comitiva da Am\u00e9rica Central em miss\u00e3o de monitoramento e inaugura\u00e7\u00e3o de obras que integram o Programa Euroclima+"},"content":{"rendered":"<div id=\"fb-root\"><\/div>\n<p>A partir de quarta-feira (23), Adamantina recebe uma comitiva da Am\u00e9rica Central que estar\u00e1 no munic\u00edpio em miss\u00e3o de monitoramento\u00a0 e inaugura\u00e7\u00e3o de obras que integram o Programa Euroclima+.<\/p>\n<p>Desde 2019, Adamantina vem desenvolvendo com seus produtores rurais um projeto que oferece atendimento t\u00e9cnico especializado gratuitamente aos produtores por meio de uma engenheira agr\u00f4noma e um t\u00e9cnico agropecu\u00e1rio contratados pela Prefeitura de Adamantina.<\/p>\n<p>Os profissionais atuam dando assist\u00eancia t\u00e9cnica nas culturas de hortali\u00e7as e frutas, oferecendo orienta\u00e7\u00e3o na utiliza\u00e7\u00e3o da compostagem, irriga\u00e7\u00e3o, an\u00e1lise de solo, an\u00e1lise do pH da \u00e1gua, entre outras atividades dentro das propriedades.<\/p>\n<p>O EuroClima+ ainda oferece assist\u00eancia t\u00e9cnica para os criadores bovinos levando orienta\u00e7\u00e3o sobre manejo de pastagem e nutri\u00e7\u00e3o animal.<\/p>\n<p>Tudo isso, s\u00f3 foi poss\u00edvel por meio de uma parceria que foi firmada entre Prefeitura de Adamantina, UniFAI e Comunidade Trinacional Fronteiri\u00e7a Rio Lempa (Mancomunidad Trinacional Fronteriza R\u00edo Lempa, no nome original em espanhol, composto por nove munic\u00edpios da Guatemala, El Salvador e Honduras, pa\u00edses da Am\u00e9rica Central) que integra um programa que tem como foco a produ\u00e7\u00e3o resiliente de alimentos frente \u00e0 mudan\u00e7a clim\u00e1tica.<\/p>\n<p>Agora, o projeto realizado em parceria com a Comunidade Trinacional Fronteiri\u00e7a Rio Lempa chega ao fim, mas tendo em vista os resultados obtidos, a Prefeitura de Adamantina dar\u00e1 continuidade ao projeto com recursos pr\u00f3prios.<\/p>\n<p>Em paralelo, ser\u00e1 inaugurada a amplia\u00e7\u00e3o do P\u00e1tio de Compostagem, projeto que foi desenvolvido em parceria com a Energisa, e que tamb\u00e9m ser\u00e1 mantido pelo munic\u00edpio.<\/p>\n<p>\u201cEstamos muito contentes com os resultados obtidos nesses dois anos, pois foi poss\u00edvel observar um aumento significativo no desenvolvimento e produtividade das culturas; economia na compra de adubos qu\u00edmicos, porque os agricultores fizeram uso do composto org\u00e2nico\u201d, afirma o coordenador municipal, William Bachega.<\/p>\n<p>De acordo com Bachega, com a amplia\u00e7\u00e3o do p\u00e1tio, ser\u00e1 poss\u00edvel ampliar a produ\u00e7\u00e3o do composto org\u00e2nico e, consequentemente, aumentar o n\u00famero de produtores beneficiados.<\/p>\n<p>\u201cAqueles que quiserem integrar o projeto, devem efetuar o cadastro na SAAMA para poder receber assist\u00eancia t\u00e9cnica bem como o composto org\u00e2nico produzido\u201d, finaliza.<\/p>\n<p>&nbsp;<\/p>\n<p>Fonte: Assessoria de Imprensa<\/p>\n","protected":false},"excerpt":{"rendered":"<p>A partir de quarta-feira (23), Adamantina recebe uma comitiva da Am\u00e9rica Central que estar\u00e1 no munic\u00edpio em miss\u00e3o de monitoramento\u00a0 e inaugura\u00e7\u00e3o de obras que integram o Programa Euroclima+. Desde 2019, Adamantina vem desenvolvendo com seus produtores rurais um projeto que oferece atendimento t\u00e9cnico especializado gratuitamente aos produtores por meio de uma engenheira agr\u00f4noma e [&hellip;]<\/p>\n","protected":false},"author":13,"featured_media":49698,"comment_status":"closed","ping_status":"open","sticky":false,"template":"","format":"standard","meta":{"_acf_changed":false,"_exactmetrics_skip_tracking":false,"_exactmetrics_sitenote_active":false,"_exactmetrics_sitenote_note":"","_exactmetrics_sitenote_category":0,"footnotes":""},"categories":[21],"tags":[],"class_list":["post-49697","post","type-post","status-publish","format-standard","has-post-thumbnail","hentry","category-adamantina"],"acf":[],"yoast_head":"<!-- This site is optimized with the Yoast SEO plugin v27.2 - https:\/\/yoast.com\/product\/yoast-seo-wordpress\/ -->\n<title>Adamantina recebe comitiva da Am\u00e9rica Central em miss\u00e3o de monitoramento e inaugura\u00e7\u00e3o de obras que integram o Programa Euroclima+ - R\u00e1dio Life FM<\/title>\n<meta name=\"robots\" content=\"index, follow, max-snippet:-1, max-image-preview:large, max-video-preview:-1\" \/>\n<link rel=\"canonical\" href=\"https:\/\/radiolifefm.com.br\/noticias\/adamantina-recebe-comitiva-da-america-central-em-missao-de-monitoramento-e-inauguracao-de-obras-que-integram-o-programa-euroclima\/\" \/>\n<meta property=\"og:locale\" content=\"pt_BR\" \/>\n<meta property=\"og:type\" content=\"article\" \/>\n<meta property=\"og:title\" content=\"Adamantina recebe comitiva da Am\u00e9rica Central em miss\u00e3o de monitoramento e inaugura\u00e7\u00e3o de obras que integram o Programa Euroclima+ - R\u00e1dio Life FM\" \/>\n<meta property=\"og:description\" content=\"A partir de quarta-feira (23), Adamantina recebe uma comitiva da Am\u00e9rica Central que estar\u00e1 no munic\u00edpio em miss\u00e3o de monitoramento\u00a0 e inaugura\u00e7\u00e3o de obras que integram o Programa Euroclima+. Desde 2019, Adamantina vem desenvolvendo com seus produtores rurais um projeto que oferece atendimento t\u00e9cnico especializado gratuitamente aos produtores por meio de uma engenheira agr\u00f4noma e [&hellip;]\" \/>\n<meta property=\"og:url\" content=\"https:\/\/radiolifefm.com.br\/noticias\/adamantina-recebe-comitiva-da-america-central-em-missao-de-monitoramento-e-inauguracao-de-obras-que-integram-o-programa-euroclima\/\" \/>\n<meta property=\"og:site_name\" content=\"R\u00e1dio Life FM\" \/>\n<meta property=\"article:publisher\" content=\"https:\/\/www.facebook.com\/radiolifefm\/\" \/>\n<meta property=\"article:published_time\" content=\"2022-02-22T00:12:21+00:00\" \/>\n<meta property=\"article:modified_time\" content=\"2026-01-23T20:07:04+00:00\" \/>\n<meta property=\"og:image\" content=\"https:\/\/radiolifefm.com.br\/noticias\/wp-content\/uploads\/2022\/02\/euroclima.jpeg\" \/>\n\t<meta property=\"og:image:width\" content=\"1600\" \/>\n\t<meta property=\"og:image:height\" content=\"1066\" \/>\n\t<meta property=\"og:image:type\" content=\"image\/jpeg\" \/>\n<meta name=\"author\" content=\"ritanery\" \/>\n<meta name=\"twitter:card\" content=\"summary_large_image\" \/>\n<meta name=\"twitter:label1\" content=\"Escrito por\" \/>\n\t<meta name=\"twitter:data1\" content=\"ritanery\" \/>\n\t<meta name=\"twitter:label2\" content=\"Est. tempo de leitura\" \/>\n\t<meta name=\"twitter:data2\" content=\"2 minutos\" \/>\n<script type=\"application\/ld+json\" class=\"yoast-schema-graph\">{\"@context\":\"https:\/\/schema.org\",\"@graph\":[{\"@type\":\"Article\",\"@id\":\"https:\/\/radiolifefm.com.br\/noticias\/adamantina-recebe-comitiva-da-america-central-em-missao-de-monitoramento-e-inauguracao-de-obras-que-integram-o-programa-euroclima\/#article\",\"isPartOf\":{\"@id\":\"https:\/\/radiolifefm.com.br\/noticias\/adamantina-recebe-comitiva-da-america-central-em-missao-de-monitoramento-e-inauguracao-de-obras-que-integram-o-programa-euroclima\/\"},\"author\":{\"name\":\"ritanery\",\"@id\":\"https:\/\/radiolifefm.com.br\/noticias\/#\/schema\/person\/6339b9fac59d12b071dec680d7375d87\"},\"headline\":\"Adamantina recebe comitiva da Am\u00e9rica Central em miss\u00e3o de monitoramento e inaugura\u00e7\u00e3o de obras que integram o Programa Euroclima+\",\"datePublished\":\"2022-02-22T00:12:21+00:00\",\"dateModified\":\"2026-01-23T20:07:04+00:00\",\"mainEntityOfPage\":{\"@id\":\"https:\/\/radiolifefm.com.br\/noticias\/adamantina-recebe-comitiva-da-america-central-em-missao-de-monitoramento-e-inauguracao-de-obras-que-integram-o-programa-euroclima\/\"},\"wordCount\":403,\"publisher\":{\"@id\":\"https:\/\/radiolifefm.com.br\/noticias\/#organization\"},\"image\":{\"@id\":\"https:\/\/radiolifefm.com.br\/noticias\/adamantina-recebe-comitiva-da-america-central-em-missao-de-monitoramento-e-inauguracao-de-obras-que-integram-o-programa-euroclima\/#primaryimage\"},\"thumbnailUrl\":\"https:\/\/radiolifefm.com.br\/noticias\/wp-content\/uploads\/2022\/02\/euroclima.jpeg\",\"articleSection\":[\"Adamantina\"],\"inLanguage\":\"pt-BR\"},{\"@type\":\"WebPage\",\"@id\":\"https:\/\/radiolifefm.com.br\/noticias\/adamantina-recebe-comitiva-da-america-central-em-missao-de-monitoramento-e-inauguracao-de-obras-que-integram-o-programa-euroclima\/\",\"url\":\"https:\/\/radiolifefm.com.br\/noticias\/adamantina-recebe-comitiva-da-america-central-em-missao-de-monitoramento-e-inauguracao-de-obras-que-integram-o-programa-euroclima\/\",\"name\":\"Adamantina recebe comitiva da Am\u00e9rica Central em miss\u00e3o de monitoramento e inaugura\u00e7\u00e3o de obras que integram o Programa Euroclima+ - R\u00e1dio Life FM\",\"isPartOf\":{\"@id\":\"https:\/\/radiolifefm.com.br\/noticias\/#website\"},\"primaryImageOfPage\":{\"@id\":\"https:\/\/radiolifefm.com.br\/noticias\/adamantina-recebe-comitiva-da-america-central-em-missao-de-monitoramento-e-inauguracao-de-obras-que-integram-o-programa-euroclima\/#primaryimage\"},\"image\":{\"@id\":\"https:\/\/radiolifefm.com.br\/noticias\/adamantina-recebe-comitiva-da-america-central-em-missao-de-monitoramento-e-inauguracao-de-obras-que-integram-o-programa-euroclima\/#primaryimage\"},\"thumbnailUrl\":\"https:\/\/radiolifefm.com.br\/noticias\/wp-content\/uploads\/2022\/02\/euroclima.jpeg\",\"datePublished\":\"2022-02-22T00:12:21+00:00\",\"dateModified\":\"2026-01-23T20:07:04+00:00\",\"breadcrumb\":{\"@id\":\"https:\/\/radiolifefm.com.br\/noticias\/adamantina-recebe-comitiva-da-america-central-em-missao-de-monitoramento-e-inauguracao-de-obras-que-integram-o-programa-euroclima\/#breadcrumb\"},\"inLanguage\":\"pt-BR\",\"potentialAction\":[{\"@type\":\"ReadAction\",\"target\":[\"https:\/\/radiolifefm.com.br\/noticias\/adamantina-recebe-comitiva-da-america-central-em-missao-de-monitoramento-e-inauguracao-de-obras-que-integram-o-programa-euroclima\/\"]}]},{\"@type\":\"ImageObject\",\"inLanguage\":\"pt-BR\",\"@id\":\"https:\/\/radiolifefm.com.br\/noticias\/adamantina-recebe-comitiva-da-america-central-em-missao-de-monitoramento-e-inauguracao-de-obras-que-integram-o-programa-euroclima\/#primaryimage\",\"url\":\"https:\/\/radiolifefm.com.br\/noticias\/wp-content\/uploads\/2022\/02\/euroclima.jpeg\",\"contentUrl\":\"https:\/\/radiolifefm.com.br\/noticias\/wp-content\/uploads\/2022\/02\/euroclima.jpeg\",\"width\":1600,\"height\":1066,\"caption\":\"Entre as a\u00e7\u00f5es da visita, est\u00e1 a inaugura\u00e7\u00e3o da amplia\u00e7\u00e3o do P\u00e1tio de Compostagem e do Centro Municipal de Compostagem\"},{\"@type\":\"BreadcrumbList\",\"@id\":\"https:\/\/radiolifefm.com.br\/noticias\/adamantina-recebe-comitiva-da-america-central-em-missao-de-monitoramento-e-inauguracao-de-obras-que-integram-o-programa-euroclima\/#breadcrumb\",\"itemListElement\":[{\"@type\":\"ListItem\",\"position\":1,\"name\":\"In\u00edcio\",\"item\":\"https:\/\/radiolifefm.com.br\/noticias\/\"},{\"@type\":\"ListItem\",\"position\":2,\"name\":\"Adamantina recebe comitiva da Am\u00e9rica Central em miss\u00e3o de monitoramento e inaugura\u00e7\u00e3o de obras que integram o Programa Euroclima+\"}]},{\"@type\":\"WebSite\",\"@id\":\"https:\/\/radiolifefm.com.br\/noticias\/#website\",\"url\":\"https:\/\/radiolifefm.com.br\/noticias\/\",\"name\":\"R\u00e1dio Life FM\",\"description\":\"O Portal de Not\u00edcias de Adamantina\",\"publisher\":{\"@id\":\"https:\/\/radiolifefm.com.br\/noticias\/#organization\"},\"alternateName\":\"Life FM\",\"potentialAction\":[{\"@type\":\"SearchAction\",\"target\":{\"@type\":\"EntryPoint\",\"urlTemplate\":\"https:\/\/radiolifefm.com.br\/noticias\/?s={search_term_string}\"},\"query-input\":{\"@type\":\"PropertyValueSpecification\",\"valueRequired\":true,\"valueName\":\"search_term_string\"}}],\"inLanguage\":\"pt-BR\"},{\"@type\":\"Organization\",\"@id\":\"https:\/\/radiolifefm.com.br\/noticias\/#organization\",\"name\":\"R\u00e1dio Life FM\",\"alternateName\":\"Life FM\",\"url\":\"https:\/\/radiolifefm.com.br\/noticias\/\",\"logo\":{\"@type\":\"ImageObject\",\"inLanguage\":\"pt-BR\",\"@id\":\"https:\/\/radiolifefm.com.br\/noticias\/#\/schema\/logo\/image\/\",\"url\":\"https:\/\/static.radiolifefm.com.br\/noticias\/wp-content\/uploads\/2019\/10\/logo-lifefm.png\",\"contentUrl\":\"https:\/\/static.radiolifefm.com.br\/noticias\/wp-content\/uploads\/2019\/10\/logo-lifefm.png\",\"width\":196,\"height\":47,\"caption\":\"R\u00e1dio Life FM\"},\"image\":{\"@id\":\"https:\/\/radiolifefm.com.br\/noticias\/#\/schema\/logo\/image\/\"},\"sameAs\":[\"https:\/\/www.facebook.com\/radiolifefm\/\",\"https:\/\/www.instagram.com\/life1079fm\/\"]},{\"@type\":\"Person\",\"@id\":\"https:\/\/radiolifefm.com.br\/noticias\/#\/schema\/person\/6339b9fac59d12b071dec680d7375d87\",\"name\":\"ritanery\",\"image\":{\"@type\":\"ImageObject\",\"inLanguage\":\"pt-BR\",\"@id\":\"https:\/\/secure.gravatar.com\/avatar\/0e37bb19071f47c0b8a23f62a903df117c5a0e75f65a0c2901562f97cd41cf86?s=96&d=mm&r=g\",\"url\":\"https:\/\/secure.gravatar.com\/avatar\/0e37bb19071f47c0b8a23f62a903df117c5a0e75f65a0c2901562f97cd41cf86?s=96&d=mm&r=g\",\"contentUrl\":\"https:\/\/secure.gravatar.com\/avatar\/0e37bb19071f47c0b8a23f62a903df117c5a0e75f65a0c2901562f97cd41cf86?s=96&d=mm&r=g\",\"caption\":\"ritanery\"}}]}<\/script>\n<!-- \/ Yoast SEO plugin. -->","yoast_head_json":{"title":"Adamantina recebe comitiva da Am\u00e9rica Central em miss\u00e3o de monitoramento e inaugura\u00e7\u00e3o de obras que integram o Programa Euroclima+ - R\u00e1dio Life FM","robots":{"index":"index","follow":"follow","max-snippet":"max-snippet:-1","max-image-preview":"max-image-preview:large","max-video-preview":"max-video-preview:-1"},"canonical":"https:\/\/radiolifefm.com.br\/noticias\/adamantina-recebe-comitiva-da-america-central-em-missao-de-monitoramento-e-inauguracao-de-obras-que-integram-o-programa-euroclima\/","og_locale":"pt_BR","og_type":"article","og_title":"Adamantina recebe comitiva da Am\u00e9rica Central em miss\u00e3o de monitoramento e inaugura\u00e7\u00e3o de obras que integram o Programa Euroclima+ - R\u00e1dio Life FM","og_description":"A partir de quarta-feira (23), Adamantina recebe uma comitiva da Am\u00e9rica Central que estar\u00e1 no munic\u00edpio em miss\u00e3o de monitoramento\u00a0 e inaugura\u00e7\u00e3o de obras que integram o Programa Euroclima+. Desde 2019, Adamantina vem desenvolvendo com seus produtores rurais um projeto que oferece atendimento t\u00e9cnico especializado gratuitamente aos produtores por meio de uma engenheira agr\u00f4noma e [&hellip;]","og_url":"https:\/\/radiolifefm.com.br\/noticias\/adamantina-recebe-comitiva-da-america-central-em-missao-de-monitoramento-e-inauguracao-de-obras-que-integram-o-programa-euroclima\/","og_site_name":"R\u00e1dio Life FM","article_publisher":"https:\/\/www.facebook.com\/radiolifefm\/","article_published_time":"2022-02-22T00:12:21+00:00","article_modified_time":"2026-01-23T20:07:04+00:00","og_image":[{"width":1600,"height":1066,"url":"https:\/\/radiolifefm.com.br\/noticias\/wp-content\/uploads\/2022\/02\/euroclima.jpeg","type":"image\/jpeg"}],"author":"ritanery","twitter_card":"summary_large_image","twitter_misc":{"Escrito por":"ritanery","Est. tempo de leitura":"2 minutos"},"schema":{"@context":"https:\/\/schema.org","@graph":[{"@type":"Article","@id":"https:\/\/radiolifefm.com.br\/noticias\/adamantina-recebe-comitiva-da-america-central-em-missao-de-monitoramento-e-inauguracao-de-obras-que-integram-o-programa-euroclima\/#article","isPartOf":{"@id":"https:\/\/radiolifefm.com.br\/noticias\/adamantina-recebe-comitiva-da-america-central-em-missao-de-monitoramento-e-inauguracao-de-obras-que-integram-o-programa-euroclima\/"},"author":{"name":"ritanery","@id":"https:\/\/radiolifefm.com.br\/noticias\/#\/schema\/person\/6339b9fac59d12b071dec680d7375d87"},"headline":"Adamantina recebe comitiva da Am\u00e9rica Central em miss\u00e3o de monitoramento e inaugura\u00e7\u00e3o de obras que integram o Programa Euroclima+","datePublished":"2022-02-22T00:12:21+00:00","dateModified":"2026-01-23T20:07:04+00:00","mainEntityOfPage":{"@id":"https:\/\/radiolifefm.com.br\/noticias\/adamantina-recebe-comitiva-da-america-central-em-missao-de-monitoramento-e-inauguracao-de-obras-que-integram-o-programa-euroclima\/"},"wordCount":403,"publisher":{"@id":"https:\/\/radiolifefm.com.br\/noticias\/#organization"},"image":{"@id":"https:\/\/radiolifefm.com.br\/noticias\/adamantina-recebe-comitiva-da-america-central-em-missao-de-monitoramento-e-inauguracao-de-obras-que-integram-o-programa-euroclima\/#primaryimage"},"thumbnailUrl":"https:\/\/radiolifefm.com.br\/noticias\/wp-content\/uploads\/2022\/02\/euroclima.jpeg","articleSection":["Adamantina"],"inLanguage":"pt-BR"},{"@type":"WebPage","@id":"https:\/\/radiolifefm.com.br\/noticias\/adamantina-recebe-comitiva-da-america-central-em-missao-de-monitoramento-e-inauguracao-de-obras-que-integram-o-programa-euroclima\/","url":"https:\/\/radiolifefm.com.br\/noticias\/adamantina-recebe-comitiva-da-america-central-em-missao-de-monitoramento-e-inauguracao-de-obras-que-integram-o-programa-euroclima\/","name":"Adamantina recebe comitiva da Am\u00e9rica Central em miss\u00e3o de monitoramento e inaugura\u00e7\u00e3o de obras que integram o Programa Euroclima+ - R\u00e1dio Life FM","isPartOf":{"@id":"https:\/\/radiolifefm.com.br\/noticias\/#website"},"primaryImageOfPage":{"@id":"https:\/\/radiolifefm.com.br\/noticias\/adamantina-recebe-comitiva-da-america-central-em-missao-de-monitoramento-e-inauguracao-de-obras-que-integram-o-programa-euroclima\/#primaryimage"},"image":{"@id":"https:\/\/radiolifefm.com.br\/noticias\/adamantina-recebe-comitiva-da-america-central-em-missao-de-monitoramento-e-inauguracao-de-obras-que-integram-o-programa-euroclima\/#primaryimage"},"thumbnailUrl":"https:\/\/radiolifefm.com.br\/noticias\/wp-content\/uploads\/2022\/02\/euroclima.jpeg","datePublished":"2022-02-22T00:12:21+00:00","dateModified":"2026-01-23T20:07:04+00:00","breadcrumb":{"@id":"https:\/\/radiolifefm.com.br\/noticias\/adamantina-recebe-comitiva-da-america-central-em-missao-de-monitoramento-e-inauguracao-de-obras-que-integram-o-programa-euroclima\/#breadcrumb"},"inLanguage":"pt-BR","potentialAction":[{"@type":"ReadAction","target":["https:\/\/radiolifefm.com.br\/noticias\/adamantina-recebe-comitiva-da-america-central-em-missao-de-monitoramento-e-inauguracao-de-obras-que-integram-o-programa-euroclima\/"]}]},{"@type":"ImageObject","inLanguage":"pt-BR","@id":"https:\/\/radiolifefm.com.br\/noticias\/adamantina-recebe-comitiva-da-america-central-em-missao-de-monitoramento-e-inauguracao-de-obras-que-integram-o-programa-euroclima\/#primaryimage","url":"https:\/\/radiolifefm.com.br\/noticias\/wp-content\/uploads\/2022\/02\/euroclima.jpeg","contentUrl":"https:\/\/radiolifefm.com.br\/noticias\/wp-content\/uploads\/2022\/02\/euroclima.jpeg","width":1600,"height":1066,"caption":"Entre as a\u00e7\u00f5es da visita, est\u00e1 a inaugura\u00e7\u00e3o da amplia\u00e7\u00e3o do P\u00e1tio de Compostagem e do Centro Municipal de Compostagem"},{"@type":"BreadcrumbList","@id":"https:\/\/radiolifefm.com.br\/noticias\/adamantina-recebe-comitiva-da-america-central-em-missao-de-monitoramento-e-inauguracao-de-obras-que-integram-o-programa-euroclima\/#breadcrumb","itemListElement":[{"@type":"ListItem","position":1,"name":"In\u00edcio","item":"https:\/\/radiolifefm.com.br\/noticias\/"},{"@type":"ListItem","position":2,"name":"Adamantina recebe comitiva da Am\u00e9rica Central em miss\u00e3o de monitoramento e inaugura\u00e7\u00e3o de obras que integram o Programa Euroclima+"}]},{"@type":"WebSite","@id":"https:\/\/radiolifefm.com.br\/noticias\/#website","url":"https:\/\/radiolifefm.com.br\/noticias\/","name":"R\u00e1dio Life FM","description":"O Portal de Not\u00edcias de Adamantina","publisher":{"@id":"https:\/\/radiolifefm.com.br\/noticias\/#organization"},"alternateName":"Life FM","potentialAction":[{"@type":"SearchAction","target":{"@type":"EntryPoint","urlTemplate":"https:\/\/radiolifefm.com.br\/noticias\/?s={search_term_string}"},"query-input":{"@type":"PropertyValueSpecification","valueRequired":true,"valueName":"search_term_string"}}],"inLanguage":"pt-BR"},{"@type":"Organization","@id":"https:\/\/radiolifefm.com.br\/noticias\/#organization","name":"R\u00e1dio Life FM","alternateName":"Life FM","url":"https:\/\/radiolifefm.com.br\/noticias\/","logo":{"@type":"ImageObject","inLanguage":"pt-BR","@id":"https:\/\/radiolifefm.com.br\/noticias\/#\/schema\/logo\/image\/","url":"https:\/\/static.radiolifefm.com.br\/noticias\/wp-content\/uploads\/2019\/10\/logo-lifefm.png","contentUrl":"https:\/\/static.radiolifefm.com.br\/noticias\/wp-content\/uploads\/2019\/10\/logo-lifefm.png","width":196,"height":47,"caption":"R\u00e1dio Life FM"},"image":{"@id":"https:\/\/radiolifefm.com.br\/noticias\/#\/schema\/logo\/image\/"},"sameAs":["https:\/\/www.facebook.com\/radiolifefm\/","https:\/\/www.instagram.com\/life1079fm\/"]},{"@type":"Person","@id":"https:\/\/radiolifefm.com.br\/noticias\/#\/schema\/person\/6339b9fac59d12b071dec680d7375d87","name":"ritanery","image":{"@type":"ImageObject","inLanguage":"pt-BR","@id":"https:\/\/secure.gravatar.com\/avatar\/0e37bb19071f47c0b8a23f62a903df117c5a0e75f65a0c2901562f97cd41cf86?s=96&d=mm&r=g","url":"https:\/\/secure.gravatar.com\/avatar\/0e37bb19071f47c0b8a23f62a903df117c5a0e75f65a0c2901562f97cd41cf86?s=96&d=mm&r=g","contentUrl":"https:\/\/secure.gravatar.com\/avatar\/0e37bb19071f47c0b8a23f62a903df117c5a0e75f65a0c2901562f97cd41cf86?s=96&d=mm&r=g","caption":"ritanery"}}]}},"amp_enabled":true,"_links":{"self":[{"href":"https:\/\/radiolifefm.com.br\/noticias\/wp-json\/wp\/v2\/posts\/49697","targetHints":{"allow":["GET"]}}],"collection":[{"href":"https:\/\/radiolifefm.com.br\/noticias\/wp-json\/wp\/v2\/posts"}],"about":[{"href":"https:\/\/radiolifefm.com.br\/noticias\/wp-json\/wp\/v2\/types\/post"}],"author":[{"embeddable":true,"href":"https:\/\/radiolifefm.com.br\/noticias\/wp-json\/wp\/v2\/users\/13"}],"replies":[{"embeddable":true,"href":"https:\/\/radiolifefm.com.br\/noticias\/wp-json\/wp\/v2\/comments?post=49697"}],"version-history":[{"count":1,"href":"https:\/\/radiolifefm.com.br\/noticias\/wp-json\/wp\/v2\/posts\/49697\/revisions"}],"predecessor-version":[{"id":49699,"href":"https:\/\/radiolifefm.com.br\/noticias\/wp-json\/wp\/v2\/posts\/49697\/revisions\/49699"}],"wp:featuredmedia":[{"embeddable":true,"href":"https:\/\/radiolifefm.com.br\/noticias\/wp-json\/wp\/v2\/media\/49698"}],"wp:attachment":[{"href":"https:\/\/radiolifefm.com.br\/noticias\/wp-json\/wp\/v2\/media?parent=49697"}],"wp:term":[{"taxonomy":"category","embeddable":true,"href":"https:\/\/radiolifefm.com.br\/noticias\/wp-json\/wp\/v2\/categories?post=49697"},{"taxonomy":"post_tag","embeddable":true,"href":"https:\/\/radiolifefm.com.br\/noticias\/wp-json\/wp\/v2\/tags?post=49697"}],"curies":[{"name":"wp","href":"https:\/\/api.w.org\/{rel}","templated":true}]}}