{"id":49693,"date":"2022-02-21T21:10:02","date_gmt":"2022-02-22T00:10:02","guid":{"rendered":"https:\/\/radiolifefm.com.br\/noticias\/?p=49693"},"modified":"2026-02-08T08:35:13","modified_gmt":"2026-02-08T11:35:13","slug":"secretaria-de-assistencia-social-de-adamantina-apresenta-execucao-do-programa-crianca-feliz-para-osvaldo-cruz","status":"publish","type":"post","link":"https:\/\/radiolifefm.com.br\/noticias\/secretaria-de-assistencia-social-de-adamantina-apresenta-execucao-do-programa-crianca-feliz-para-osvaldo-cruz\/","title":{"rendered":"Secretaria de Assist\u00eancia Social de Adamantina apresenta execu\u00e7\u00e3o do Programa Crian\u00e7a Feliz para Osvaldo Cruz"},"content":{"rendered":"<div id=\"fb-root\"><\/div>\n<p>Com o objetivo de fortalecer parcerias e, ainda, apresentar como o munic\u00edpio executa o Programa Crian\u00e7a Feliz que vem se tornando refer\u00eancia na regi\u00e3o, a Prefeitura de Adamantina, por meio da Secretaria de Assist\u00eancia Social, recebeu a visita de representantes da pasta de Osvaldo Cruz.<\/p>\n<p>A secretaria municipal de Assist\u00eancia Social de Adamantina, Andr\u00e9ia Regina Ribeiro e a supervisora do Programa Crian\u00e7a Feliz, Rosana Tur\u00edbio de Paula, receberam a secret\u00e1ria municipal da assist\u00eancia social, Cynthia Sekine, a coordenadora do CRAS Jos\u00e9 Le\u00e3o Bicalho, Mayara Cavallini Galassi, a Coordenadora do CRAS, Aurelindo Freitas Barbosa, Mariane Cristina Provesana e a auxiliar administrativo Valdic\u00e9ia Zonato.<\/p>\n<p>Durante o encontro, foram apresentadas como os visitadores atuam junto \u00e0s fam\u00edlias atendidas pelo Programa Crian\u00e7a Feliz bem como as a\u00e7\u00f5es que eles desenvolvem com as crian\u00e7as para auxiliar no desenvolvimento de diferentes habilidades tendo em vista que a a\u00e7\u00e3o visa dar aten\u00e7\u00e3o \u00e0 primeira inf\u00e2ncia tendo como foco o desenvolvimento integral das crian\u00e7as.<\/p>\n<p>Podem participar do Programa Crian\u00e7a Feliz, gestantes e crian\u00e7as de at\u00e9 tr\u00eas anos que estejam inseridas no Cad\u00danico; crian\u00e7as de at\u00e9 6 \u00a0anos e suas fam\u00edlias benefici\u00e1rias do Benef\u00edcio de Presta\u00e7\u00e3o Continuada; crian\u00e7as de at\u00e9 6 anos que est\u00e3o afastadas do conv\u00edvio familiar em raz\u00e3o da aplica\u00e7\u00e3o de medida de prote\u00e7\u00e3o prevista; crian\u00e7as de at\u00e9 6 anos que estejam inseridas no Cadastro \u00danico para Programas Sociais do Governo Federal &#8211; Cad\u00danico, que perderam ao menos um de seus respons\u00e1veis familiares, independente da causa de morte, durante o per\u00edodo Emerg\u00eancia em Sa\u00fade P\u00fablica de Import\u00e2ncia Nacional (ESPIN) decorrente da Covid-19.<\/p>\n<p>A sede do Programa Crian\u00e7a Feliz est\u00e1 situada junto \u00e0 Secretaria Municipal de Assist\u00eancia Social na Alameda Armando Sales de Oliveira n\u00ba 367, Centro. Mais informa\u00e7\u00f5es podem ser obtidas pelo telefone (18)3521-1900 ou (18) 99144-2034.<\/p>\n<p>&nbsp;<\/p>\n<p>Fonte: Assessoria de Imprensa<\/p>\n","protected":false},"excerpt":{"rendered":"<p>Com o objetivo de fortalecer parcerias e, ainda, apresentar como o munic\u00edpio executa o Programa Crian\u00e7a Feliz que vem se tornando refer\u00eancia na regi\u00e3o, a Prefeitura de Adamantina, por meio da Secretaria de Assist\u00eancia Social, recebeu a visita de representantes da pasta de Osvaldo Cruz. A secretaria municipal de Assist\u00eancia Social de Adamantina, Andr\u00e9ia Regina [&hellip;]<\/p>\n","protected":false},"author":13,"featured_media":49694,"comment_status":"closed","ping_status":"open","sticky":false,"template":"","format":"standard","meta":{"_acf_changed":false,"_exactmetrics_skip_tracking":false,"_exactmetrics_sitenote_active":false,"_exactmetrics_sitenote_note":"","_exactmetrics_sitenote_category":0,"footnotes":""},"categories":[21],"tags":[],"class_list":["post-49693","post","type-post","status-publish","format-standard","has-post-thumbnail","hentry","category-adamantina"],"acf":[],"yoast_head":"<!-- This site is optimized with the Yoast SEO plugin v27.2 - https:\/\/yoast.com\/product\/yoast-seo-wordpress\/ -->\n<title>Secretaria de Assist\u00eancia Social de Adamantina apresenta execu\u00e7\u00e3o do Programa Crian\u00e7a Feliz para Osvaldo Cruz - R\u00e1dio Life FM<\/title>\n<meta name=\"robots\" content=\"index, follow, max-snippet:-1, max-image-preview:large, max-video-preview:-1\" \/>\n<link rel=\"canonical\" href=\"https:\/\/radiolifefm.com.br\/noticias\/secretaria-de-assistencia-social-de-adamantina-apresenta-execucao-do-programa-crianca-feliz-para-osvaldo-cruz\/\" \/>\n<meta property=\"og:locale\" content=\"pt_BR\" \/>\n<meta property=\"og:type\" content=\"article\" \/>\n<meta property=\"og:title\" content=\"Secretaria de Assist\u00eancia Social de Adamantina apresenta execu\u00e7\u00e3o do Programa Crian\u00e7a Feliz para Osvaldo Cruz - R\u00e1dio Life FM\" \/>\n<meta property=\"og:description\" content=\"Com o objetivo de fortalecer parcerias e, ainda, apresentar como o munic\u00edpio executa o Programa Crian\u00e7a Feliz que vem se tornando refer\u00eancia na regi\u00e3o, a Prefeitura de Adamantina, por meio da Secretaria de Assist\u00eancia Social, recebeu a visita de representantes da pasta de Osvaldo Cruz. A secretaria municipal de Assist\u00eancia Social de Adamantina, Andr\u00e9ia Regina [&hellip;]\" \/>\n<meta property=\"og:url\" content=\"https:\/\/radiolifefm.com.br\/noticias\/secretaria-de-assistencia-social-de-adamantina-apresenta-execucao-do-programa-crianca-feliz-para-osvaldo-cruz\/\" \/>\n<meta property=\"og:site_name\" content=\"R\u00e1dio Life FM\" \/>\n<meta property=\"article:publisher\" content=\"https:\/\/www.facebook.com\/radiolifefm\/\" \/>\n<meta property=\"article:published_time\" content=\"2022-02-22T00:10:02+00:00\" \/>\n<meta property=\"article:modified_time\" content=\"2026-02-08T11:35:13+00:00\" \/>\n<meta property=\"og:image\" content=\"https:\/\/radiolifefm.com.br\/noticias\/wp-content\/uploads\/2022\/02\/crianca-feliz.png\" \/>\n\t<meta property=\"og:image:width\" content=\"520\" \/>\n\t<meta property=\"og:image:height\" content=\"256\" \/>\n\t<meta property=\"og:image:type\" content=\"image\/png\" \/>\n<meta name=\"author\" content=\"ritanery\" \/>\n<meta name=\"twitter:card\" content=\"summary_large_image\" \/>\n<meta name=\"twitter:label1\" content=\"Escrito por\" \/>\n\t<meta name=\"twitter:data1\" content=\"ritanery\" \/>\n\t<meta name=\"twitter:label2\" content=\"Est. tempo de leitura\" \/>\n\t<meta name=\"twitter:data2\" content=\"2 minutos\" \/>\n<script type=\"application\/ld+json\" class=\"yoast-schema-graph\">{\"@context\":\"https:\/\/schema.org\",\"@graph\":[{\"@type\":\"Article\",\"@id\":\"https:\/\/radiolifefm.com.br\/noticias\/secretaria-de-assistencia-social-de-adamantina-apresenta-execucao-do-programa-crianca-feliz-para-osvaldo-cruz\/#article\",\"isPartOf\":{\"@id\":\"https:\/\/radiolifefm.com.br\/noticias\/secretaria-de-assistencia-social-de-adamantina-apresenta-execucao-do-programa-crianca-feliz-para-osvaldo-cruz\/\"},\"author\":{\"name\":\"ritanery\",\"@id\":\"https:\/\/radiolifefm.com.br\/noticias\/#\/schema\/person\/6339b9fac59d12b071dec680d7375d87\"},\"headline\":\"Secretaria de Assist\u00eancia Social de Adamantina apresenta execu\u00e7\u00e3o do Programa Crian\u00e7a Feliz para Osvaldo Cruz\",\"datePublished\":\"2022-02-22T00:10:02+00:00\",\"dateModified\":\"2026-02-08T11:35:13+00:00\",\"mainEntityOfPage\":{\"@id\":\"https:\/\/radiolifefm.com.br\/noticias\/secretaria-de-assistencia-social-de-adamantina-apresenta-execucao-do-programa-crianca-feliz-para-osvaldo-cruz\/\"},\"wordCount\":353,\"publisher\":{\"@id\":\"https:\/\/radiolifefm.com.br\/noticias\/#organization\"},\"image\":{\"@id\":\"https:\/\/radiolifefm.com.br\/noticias\/secretaria-de-assistencia-social-de-adamantina-apresenta-execucao-do-programa-crianca-feliz-para-osvaldo-cruz\/#primaryimage\"},\"thumbnailUrl\":\"https:\/\/radiolifefm.com.br\/noticias\/wp-content\/uploads\/2022\/02\/crianca-feliz.png\",\"articleSection\":[\"Adamantina\"],\"inLanguage\":\"pt-BR\"},{\"@type\":\"WebPage\",\"@id\":\"https:\/\/radiolifefm.com.br\/noticias\/secretaria-de-assistencia-social-de-adamantina-apresenta-execucao-do-programa-crianca-feliz-para-osvaldo-cruz\/\",\"url\":\"https:\/\/radiolifefm.com.br\/noticias\/secretaria-de-assistencia-social-de-adamantina-apresenta-execucao-do-programa-crianca-feliz-para-osvaldo-cruz\/\",\"name\":\"Secretaria de Assist\u00eancia Social de Adamantina apresenta execu\u00e7\u00e3o do Programa Crian\u00e7a Feliz para Osvaldo Cruz - R\u00e1dio Life FM\",\"isPartOf\":{\"@id\":\"https:\/\/radiolifefm.com.br\/noticias\/#website\"},\"primaryImageOfPage\":{\"@id\":\"https:\/\/radiolifefm.com.br\/noticias\/secretaria-de-assistencia-social-de-adamantina-apresenta-execucao-do-programa-crianca-feliz-para-osvaldo-cruz\/#primaryimage\"},\"image\":{\"@id\":\"https:\/\/radiolifefm.com.br\/noticias\/secretaria-de-assistencia-social-de-adamantina-apresenta-execucao-do-programa-crianca-feliz-para-osvaldo-cruz\/#primaryimage\"},\"thumbnailUrl\":\"https:\/\/radiolifefm.com.br\/noticias\/wp-content\/uploads\/2022\/02\/crianca-feliz.png\",\"datePublished\":\"2022-02-22T00:10:02+00:00\",\"dateModified\":\"2026-02-08T11:35:13+00:00\",\"breadcrumb\":{\"@id\":\"https:\/\/radiolifefm.com.br\/noticias\/secretaria-de-assistencia-social-de-adamantina-apresenta-execucao-do-programa-crianca-feliz-para-osvaldo-cruz\/#breadcrumb\"},\"inLanguage\":\"pt-BR\",\"potentialAction\":[{\"@type\":\"ReadAction\",\"target\":[\"https:\/\/radiolifefm.com.br\/noticias\/secretaria-de-assistencia-social-de-adamantina-apresenta-execucao-do-programa-crianca-feliz-para-osvaldo-cruz\/\"]}]},{\"@type\":\"ImageObject\",\"inLanguage\":\"pt-BR\",\"@id\":\"https:\/\/radiolifefm.com.br\/noticias\/secretaria-de-assistencia-social-de-adamantina-apresenta-execucao-do-programa-crianca-feliz-para-osvaldo-cruz\/#primaryimage\",\"url\":\"https:\/\/radiolifefm.com.br\/noticias\/wp-content\/uploads\/2022\/02\/crianca-feliz.png\",\"contentUrl\":\"https:\/\/radiolifefm.com.br\/noticias\/wp-content\/uploads\/2022\/02\/crianca-feliz.png\",\"width\":520,\"height\":256},{\"@type\":\"BreadcrumbList\",\"@id\":\"https:\/\/radiolifefm.com.br\/noticias\/secretaria-de-assistencia-social-de-adamantina-apresenta-execucao-do-programa-crianca-feliz-para-osvaldo-cruz\/#breadcrumb\",\"itemListElement\":[{\"@type\":\"ListItem\",\"position\":1,\"name\":\"In\u00edcio\",\"item\":\"https:\/\/radiolifefm.com.br\/noticias\/\"},{\"@type\":\"ListItem\",\"position\":2,\"name\":\"Secretaria de Assist\u00eancia Social de Adamantina apresenta execu\u00e7\u00e3o do Programa Crian\u00e7a Feliz para Osvaldo Cruz\"}]},{\"@type\":\"WebSite\",\"@id\":\"https:\/\/radiolifefm.com.br\/noticias\/#website\",\"url\":\"https:\/\/radiolifefm.com.br\/noticias\/\",\"name\":\"R\u00e1dio Life FM\",\"description\":\"O Portal de Not\u00edcias de Adamantina\",\"publisher\":{\"@id\":\"https:\/\/radiolifefm.com.br\/noticias\/#organization\"},\"alternateName\":\"Life FM\",\"potentialAction\":[{\"@type\":\"SearchAction\",\"target\":{\"@type\":\"EntryPoint\",\"urlTemplate\":\"https:\/\/radiolifefm.com.br\/noticias\/?s={search_term_string}\"},\"query-input\":{\"@type\":\"PropertyValueSpecification\",\"valueRequired\":true,\"valueName\":\"search_term_string\"}}],\"inLanguage\":\"pt-BR\"},{\"@type\":\"Organization\",\"@id\":\"https:\/\/radiolifefm.com.br\/noticias\/#organization\",\"name\":\"R\u00e1dio Life FM\",\"alternateName\":\"Life FM\",\"url\":\"https:\/\/radiolifefm.com.br\/noticias\/\",\"logo\":{\"@type\":\"ImageObject\",\"inLanguage\":\"pt-BR\",\"@id\":\"https:\/\/radiolifefm.com.br\/noticias\/#\/schema\/logo\/image\/\",\"url\":\"https:\/\/static.radiolifefm.com.br\/noticias\/wp-content\/uploads\/2019\/10\/logo-lifefm.png\",\"contentUrl\":\"https:\/\/static.radiolifefm.com.br\/noticias\/wp-content\/uploads\/2019\/10\/logo-lifefm.png\",\"width\":196,\"height\":47,\"caption\":\"R\u00e1dio Life FM\"},\"image\":{\"@id\":\"https:\/\/radiolifefm.com.br\/noticias\/#\/schema\/logo\/image\/\"},\"sameAs\":[\"https:\/\/www.facebook.com\/radiolifefm\/\",\"https:\/\/www.instagram.com\/life1079fm\/\"]},{\"@type\":\"Person\",\"@id\":\"https:\/\/radiolifefm.com.br\/noticias\/#\/schema\/person\/6339b9fac59d12b071dec680d7375d87\",\"name\":\"ritanery\",\"image\":{\"@type\":\"ImageObject\",\"inLanguage\":\"pt-BR\",\"@id\":\"https:\/\/secure.gravatar.com\/avatar\/0e37bb19071f47c0b8a23f62a903df117c5a0e75f65a0c2901562f97cd41cf86?s=96&d=mm&r=g\",\"url\":\"https:\/\/secure.gravatar.com\/avatar\/0e37bb19071f47c0b8a23f62a903df117c5a0e75f65a0c2901562f97cd41cf86?s=96&d=mm&r=g\",\"contentUrl\":\"https:\/\/secure.gravatar.com\/avatar\/0e37bb19071f47c0b8a23f62a903df117c5a0e75f65a0c2901562f97cd41cf86?s=96&d=mm&r=g\",\"caption\":\"ritanery\"}}]}<\/script>\n<!-- \/ Yoast SEO plugin. -->","yoast_head_json":{"title":"Secretaria de Assist\u00eancia Social de Adamantina apresenta execu\u00e7\u00e3o do Programa Crian\u00e7a Feliz para Osvaldo Cruz - R\u00e1dio Life FM","robots":{"index":"index","follow":"follow","max-snippet":"max-snippet:-1","max-image-preview":"max-image-preview:large","max-video-preview":"max-video-preview:-1"},"canonical":"https:\/\/radiolifefm.com.br\/noticias\/secretaria-de-assistencia-social-de-adamantina-apresenta-execucao-do-programa-crianca-feliz-para-osvaldo-cruz\/","og_locale":"pt_BR","og_type":"article","og_title":"Secretaria de Assist\u00eancia Social de Adamantina apresenta execu\u00e7\u00e3o do Programa Crian\u00e7a Feliz para Osvaldo Cruz - R\u00e1dio Life FM","og_description":"Com o objetivo de fortalecer parcerias e, ainda, apresentar como o munic\u00edpio executa o Programa Crian\u00e7a Feliz que vem se tornando refer\u00eancia na regi\u00e3o, a Prefeitura de Adamantina, por meio da Secretaria de Assist\u00eancia Social, recebeu a visita de representantes da pasta de Osvaldo Cruz. A secretaria municipal de Assist\u00eancia Social de Adamantina, Andr\u00e9ia Regina [&hellip;]","og_url":"https:\/\/radiolifefm.com.br\/noticias\/secretaria-de-assistencia-social-de-adamantina-apresenta-execucao-do-programa-crianca-feliz-para-osvaldo-cruz\/","og_site_name":"R\u00e1dio Life FM","article_publisher":"https:\/\/www.facebook.com\/radiolifefm\/","article_published_time":"2022-02-22T00:10:02+00:00","article_modified_time":"2026-02-08T11:35:13+00:00","og_image":[{"width":520,"height":256,"url":"https:\/\/radiolifefm.com.br\/noticias\/wp-content\/uploads\/2022\/02\/crianca-feliz.png","type":"image\/png"}],"author":"ritanery","twitter_card":"summary_large_image","twitter_misc":{"Escrito por":"ritanery","Est. tempo de leitura":"2 minutos"},"schema":{"@context":"https:\/\/schema.org","@graph":[{"@type":"Article","@id":"https:\/\/radiolifefm.com.br\/noticias\/secretaria-de-assistencia-social-de-adamantina-apresenta-execucao-do-programa-crianca-feliz-para-osvaldo-cruz\/#article","isPartOf":{"@id":"https:\/\/radiolifefm.com.br\/noticias\/secretaria-de-assistencia-social-de-adamantina-apresenta-execucao-do-programa-crianca-feliz-para-osvaldo-cruz\/"},"author":{"name":"ritanery","@id":"https:\/\/radiolifefm.com.br\/noticias\/#\/schema\/person\/6339b9fac59d12b071dec680d7375d87"},"headline":"Secretaria de Assist\u00eancia Social de Adamantina apresenta execu\u00e7\u00e3o do Programa Crian\u00e7a Feliz para Osvaldo Cruz","datePublished":"2022-02-22T00:10:02+00:00","dateModified":"2026-02-08T11:35:13+00:00","mainEntityOfPage":{"@id":"https:\/\/radiolifefm.com.br\/noticias\/secretaria-de-assistencia-social-de-adamantina-apresenta-execucao-do-programa-crianca-feliz-para-osvaldo-cruz\/"},"wordCount":353,"publisher":{"@id":"https:\/\/radiolifefm.com.br\/noticias\/#organization"},"image":{"@id":"https:\/\/radiolifefm.com.br\/noticias\/secretaria-de-assistencia-social-de-adamantina-apresenta-execucao-do-programa-crianca-feliz-para-osvaldo-cruz\/#primaryimage"},"thumbnailUrl":"https:\/\/radiolifefm.com.br\/noticias\/wp-content\/uploads\/2022\/02\/crianca-feliz.png","articleSection":["Adamantina"],"inLanguage":"pt-BR"},{"@type":"WebPage","@id":"https:\/\/radiolifefm.com.br\/noticias\/secretaria-de-assistencia-social-de-adamantina-apresenta-execucao-do-programa-crianca-feliz-para-osvaldo-cruz\/","url":"https:\/\/radiolifefm.com.br\/noticias\/secretaria-de-assistencia-social-de-adamantina-apresenta-execucao-do-programa-crianca-feliz-para-osvaldo-cruz\/","name":"Secretaria de Assist\u00eancia Social de Adamantina apresenta execu\u00e7\u00e3o do Programa Crian\u00e7a Feliz para Osvaldo Cruz - R\u00e1dio Life FM","isPartOf":{"@id":"https:\/\/radiolifefm.com.br\/noticias\/#website"},"primaryImageOfPage":{"@id":"https:\/\/radiolifefm.com.br\/noticias\/secretaria-de-assistencia-social-de-adamantina-apresenta-execucao-do-programa-crianca-feliz-para-osvaldo-cruz\/#primaryimage"},"image":{"@id":"https:\/\/radiolifefm.com.br\/noticias\/secretaria-de-assistencia-social-de-adamantina-apresenta-execucao-do-programa-crianca-feliz-para-osvaldo-cruz\/#primaryimage"},"thumbnailUrl":"https:\/\/radiolifefm.com.br\/noticias\/wp-content\/uploads\/2022\/02\/crianca-feliz.png","datePublished":"2022-02-22T00:10:02+00:00","dateModified":"2026-02-08T11:35:13+00:00","breadcrumb":{"@id":"https:\/\/radiolifefm.com.br\/noticias\/secretaria-de-assistencia-social-de-adamantina-apresenta-execucao-do-programa-crianca-feliz-para-osvaldo-cruz\/#breadcrumb"},"inLanguage":"pt-BR","potentialAction":[{"@type":"ReadAction","target":["https:\/\/radiolifefm.com.br\/noticias\/secretaria-de-assistencia-social-de-adamantina-apresenta-execucao-do-programa-crianca-feliz-para-osvaldo-cruz\/"]}]},{"@type":"ImageObject","inLanguage":"pt-BR","@id":"https:\/\/radiolifefm.com.br\/noticias\/secretaria-de-assistencia-social-de-adamantina-apresenta-execucao-do-programa-crianca-feliz-para-osvaldo-cruz\/#primaryimage","url":"https:\/\/radiolifefm.com.br\/noticias\/wp-content\/uploads\/2022\/02\/crianca-feliz.png","contentUrl":"https:\/\/radiolifefm.com.br\/noticias\/wp-content\/uploads\/2022\/02\/crianca-feliz.png","width":520,"height":256},{"@type":"BreadcrumbList","@id":"https:\/\/radiolifefm.com.br\/noticias\/secretaria-de-assistencia-social-de-adamantina-apresenta-execucao-do-programa-crianca-feliz-para-osvaldo-cruz\/#breadcrumb","itemListElement":[{"@type":"ListItem","position":1,"name":"In\u00edcio","item":"https:\/\/radiolifefm.com.br\/noticias\/"},{"@type":"ListItem","position":2,"name":"Secretaria de Assist\u00eancia Social de Adamantina apresenta execu\u00e7\u00e3o do Programa Crian\u00e7a Feliz para Osvaldo Cruz"}]},{"@type":"WebSite","@id":"https:\/\/radiolifefm.com.br\/noticias\/#website","url":"https:\/\/radiolifefm.com.br\/noticias\/","name":"R\u00e1dio Life FM","description":"O Portal de Not\u00edcias de Adamantina","publisher":{"@id":"https:\/\/radiolifefm.com.br\/noticias\/#organization"},"alternateName":"Life FM","potentialAction":[{"@type":"SearchAction","target":{"@type":"EntryPoint","urlTemplate":"https:\/\/radiolifefm.com.br\/noticias\/?s={search_term_string}"},"query-input":{"@type":"PropertyValueSpecification","valueRequired":true,"valueName":"search_term_string"}}],"inLanguage":"pt-BR"},{"@type":"Organization","@id":"https:\/\/radiolifefm.com.br\/noticias\/#organization","name":"R\u00e1dio Life FM","alternateName":"Life FM","url":"https:\/\/radiolifefm.com.br\/noticias\/","logo":{"@type":"ImageObject","inLanguage":"pt-BR","@id":"https:\/\/radiolifefm.com.br\/noticias\/#\/schema\/logo\/image\/","url":"https:\/\/static.radiolifefm.com.br\/noticias\/wp-content\/uploads\/2019\/10\/logo-lifefm.png","contentUrl":"https:\/\/static.radiolifefm.com.br\/noticias\/wp-content\/uploads\/2019\/10\/logo-lifefm.png","width":196,"height":47,"caption":"R\u00e1dio Life FM"},"image":{"@id":"https:\/\/radiolifefm.com.br\/noticias\/#\/schema\/logo\/image\/"},"sameAs":["https:\/\/www.facebook.com\/radiolifefm\/","https:\/\/www.instagram.com\/life1079fm\/"]},{"@type":"Person","@id":"https:\/\/radiolifefm.com.br\/noticias\/#\/schema\/person\/6339b9fac59d12b071dec680d7375d87","name":"ritanery","image":{"@type":"ImageObject","inLanguage":"pt-BR","@id":"https:\/\/secure.gravatar.com\/avatar\/0e37bb19071f47c0b8a23f62a903df117c5a0e75f65a0c2901562f97cd41cf86?s=96&d=mm&r=g","url":"https:\/\/secure.gravatar.com\/avatar\/0e37bb19071f47c0b8a23f62a903df117c5a0e75f65a0c2901562f97cd41cf86?s=96&d=mm&r=g","contentUrl":"https:\/\/secure.gravatar.com\/avatar\/0e37bb19071f47c0b8a23f62a903df117c5a0e75f65a0c2901562f97cd41cf86?s=96&d=mm&r=g","caption":"ritanery"}}]}},"amp_enabled":true,"_links":{"self":[{"href":"https:\/\/radiolifefm.com.br\/noticias\/wp-json\/wp\/v2\/posts\/49693","targetHints":{"allow":["GET"]}}],"collection":[{"href":"https:\/\/radiolifefm.com.br\/noticias\/wp-json\/wp\/v2\/posts"}],"about":[{"href":"https:\/\/radiolifefm.com.br\/noticias\/wp-json\/wp\/v2\/types\/post"}],"author":[{"embeddable":true,"href":"https:\/\/radiolifefm.com.br\/noticias\/wp-json\/wp\/v2\/users\/13"}],"replies":[{"embeddable":true,"href":"https:\/\/radiolifefm.com.br\/noticias\/wp-json\/wp\/v2\/comments?post=49693"}],"version-history":[{"count":2,"href":"https:\/\/radiolifefm.com.br\/noticias\/wp-json\/wp\/v2\/posts\/49693\/revisions"}],"predecessor-version":[{"id":49696,"href":"https:\/\/radiolifefm.com.br\/noticias\/wp-json\/wp\/v2\/posts\/49693\/revisions\/49696"}],"wp:featuredmedia":[{"embeddable":true,"href":"https:\/\/radiolifefm.com.br\/noticias\/wp-json\/wp\/v2\/media\/49694"}],"wp:attachment":[{"href":"https:\/\/radiolifefm.com.br\/noticias\/wp-json\/wp\/v2\/media?parent=49693"}],"wp:term":[{"taxonomy":"category","embeddable":true,"href":"https:\/\/radiolifefm.com.br\/noticias\/wp-json\/wp\/v2\/categories?post=49693"},{"taxonomy":"post_tag","embeddable":true,"href":"https:\/\/radiolifefm.com.br\/noticias\/wp-json\/wp\/v2\/tags?post=49693"}],"curies":[{"name":"wp","href":"https:\/\/api.w.org\/{rel}","templated":true}]}}