{"id":49658,"date":"2022-02-20T19:10:30","date_gmt":"2022-02-20T22:10:30","guid":{"rendered":"https:\/\/radiolifefm.com.br\/noticias\/?p=49658"},"modified":"2026-04-24T09:11:07","modified_gmt":"2026-04-24T12:11:07","slug":"forum-tem-novo-horario-de-atendimento-ao-publico","status":"publish","type":"post","link":"https:\/\/radiolifefm.com.br\/noticias\/forum-tem-novo-horario-de-atendimento-ao-publico\/","title":{"rendered":"F\u00f3rum tem novo hor\u00e1rio de atendimento ao p\u00fablico"},"content":{"rendered":"<div id=\"fb-root\"><\/div>\n<p>O F\u00f3rum de Adamantina, em atendimento ao\u00a0<a href=\"https:\/\/api.tjsp.jus.br\/Handlers\/Handler\/FileFetch.ashx?codigo=136166\" target=\"_blank\" rel=\"noopener\"><strong>Provimento CSM n\u00ba 2.650\/22<\/strong><\/a>, editado pelo Conselho Superior da Magistratura do Estado de S\u00e3o Paulo, passa a ter novo hor\u00e1rio de atendimento, a partir desta segunda-feira (21).<\/p>\n<p>Conforme a nova normativa, o hor\u00e1rio de atendimento \u00e0 popula\u00e7\u00e3o, em geral, foi ampliado e passa a ser das 13h \u00e0s 18h. At\u00e9 ent\u00e3o, ocorria at\u00e9 \u00e0s 17h. Os advogados t\u00eam um hor\u00e1rio exclusivo, das 10h \u00e0s 13h, como tamb\u00e9m na faixa da tarde, junto ao demais cidad\u00e3os.<\/p>\n<p><strong>Comprovante de vacina\u00e7\u00e3o<\/strong><\/p>\n<p>Desde setembro passou a ser necess\u00e1rio comprovante de vacina\u00e7\u00e3o contra a Covid-19 para ingresso nos pr\u00e9dios Poder Judici\u00e1rio do Estado de S\u00e3o Paulo. A medida foi implementada pela\u00a0<a href=\"https:\/\/api.tjsp.jus.br\/Handlers\/Handler\/FileFetch.ashx?codigo=130426\" target=\"_blank\" rel=\"noopener\"><strong>Portaria n\u00ba 9.998\/21<\/strong><\/a>, editada pela presid\u00eancia da Corte paulista.<\/p>\n<p>Podem ser apresentados certificado de vacinas digital (Conecte SUS) ou comprovante\/caderneta\/cart\u00e3o de vacina\u00e7\u00e3o impresso. Para o ingresso de pessoas com contraindica\u00e7\u00e3o da vacina contra a Covid-19, \u00e9 necess\u00e1ria apresenta\u00e7\u00e3o de relat\u00f3rio m\u00e9dico justificando o \u00f3bice \u00e0 imuniza\u00e7\u00e3o.<\/p>\n<p>Tamb\u00e9m \u00e9 obrigat\u00f3rio o uso de m\u00e1scaras de prote\u00e7\u00e3o facial.<\/p>\n<p>&nbsp;<\/p>\n<p>Fonte: Siga Mais<\/p>\n","protected":false},"excerpt":{"rendered":"<p>O F\u00f3rum de Adamantina, em atendimento ao\u00a0Provimento CSM n\u00ba 2.650\/22, editado pelo Conselho Superior da Magistratura do Estado de S\u00e3o Paulo, passa a ter novo hor\u00e1rio de atendimento, a partir desta segunda-feira (21). Conforme a nova normativa, o hor\u00e1rio de atendimento \u00e0 popula\u00e7\u00e3o, em geral, foi ampliado e passa a ser das 13h \u00e0s 18h. [&hellip;]<\/p>\n","protected":false},"author":13,"featured_media":45684,"comment_status":"closed","ping_status":"open","sticky":false,"template":"","format":"standard","meta":{"_acf_changed":false,"_exactmetrics_skip_tracking":false,"_exactmetrics_sitenote_active":false,"_exactmetrics_sitenote_note":"","_exactmetrics_sitenote_category":0,"footnotes":""},"categories":[21],"tags":[],"class_list":["post-49658","post","type-post","status-publish","format-standard","has-post-thumbnail","hentry","category-adamantina"],"acf":[],"yoast_head":"<!-- This site is optimized with the Yoast SEO plugin v27.2 - https:\/\/yoast.com\/product\/yoast-seo-wordpress\/ -->\n<title>F\u00f3rum tem novo hor\u00e1rio de atendimento ao p\u00fablico - R\u00e1dio Life FM<\/title>\n<meta name=\"robots\" content=\"index, follow, max-snippet:-1, max-image-preview:large, max-video-preview:-1\" \/>\n<link rel=\"canonical\" href=\"https:\/\/radiolifefm.com.br\/noticias\/forum-tem-novo-horario-de-atendimento-ao-publico\/\" \/>\n<meta property=\"og:locale\" content=\"pt_BR\" \/>\n<meta property=\"og:type\" content=\"article\" \/>\n<meta property=\"og:title\" content=\"F\u00f3rum tem novo hor\u00e1rio de atendimento ao p\u00fablico - R\u00e1dio Life FM\" \/>\n<meta property=\"og:description\" content=\"O F\u00f3rum de Adamantina, em atendimento ao\u00a0Provimento CSM n\u00ba 2.650\/22, editado pelo Conselho Superior da Magistratura do Estado de S\u00e3o Paulo, passa a ter novo hor\u00e1rio de atendimento, a partir desta segunda-feira (21). Conforme a nova normativa, o hor\u00e1rio de atendimento \u00e0 popula\u00e7\u00e3o, em geral, foi ampliado e passa a ser das 13h \u00e0s 18h. [&hellip;]\" \/>\n<meta property=\"og:url\" content=\"https:\/\/radiolifefm.com.br\/noticias\/forum-tem-novo-horario-de-atendimento-ao-publico\/\" \/>\n<meta property=\"og:site_name\" content=\"R\u00e1dio Life FM\" \/>\n<meta property=\"article:publisher\" content=\"https:\/\/www.facebook.com\/radiolifefm\/\" \/>\n<meta property=\"article:published_time\" content=\"2022-02-20T22:10:30+00:00\" \/>\n<meta property=\"article:modified_time\" content=\"2026-04-24T12:11:07+00:00\" \/>\n<meta property=\"og:image\" content=\"https:\/\/radiolifefm.com.br\/noticias\/wp-content\/uploads\/2021\/11\/img9307forumjpg16368872386190eac6a7e9d.jpg\" \/>\n\t<meta property=\"og:image:width\" content=\"600\" \/>\n\t<meta property=\"og:image:height\" content=\"337\" \/>\n\t<meta property=\"og:image:type\" content=\"image\/jpeg\" \/>\n<meta name=\"author\" content=\"ritanery\" \/>\n<meta name=\"twitter:card\" content=\"summary_large_image\" \/>\n<meta name=\"twitter:label1\" content=\"Escrito por\" \/>\n\t<meta name=\"twitter:data1\" content=\"ritanery\" \/>\n\t<meta name=\"twitter:label2\" content=\"Est. tempo de leitura\" \/>\n\t<meta name=\"twitter:data2\" content=\"1 minuto\" \/>\n<script type=\"application\/ld+json\" class=\"yoast-schema-graph\">{\"@context\":\"https:\/\/schema.org\",\"@graph\":[{\"@type\":\"Article\",\"@id\":\"https:\/\/radiolifefm.com.br\/noticias\/forum-tem-novo-horario-de-atendimento-ao-publico\/#article\",\"isPartOf\":{\"@id\":\"https:\/\/radiolifefm.com.br\/noticias\/forum-tem-novo-horario-de-atendimento-ao-publico\/\"},\"author\":{\"name\":\"ritanery\",\"@id\":\"https:\/\/radiolifefm.com.br\/noticias\/#\/schema\/person\/6339b9fac59d12b071dec680d7375d87\"},\"headline\":\"F\u00f3rum tem novo hor\u00e1rio de atendimento ao p\u00fablico\",\"datePublished\":\"2022-02-20T22:10:30+00:00\",\"dateModified\":\"2026-04-24T12:11:07+00:00\",\"mainEntityOfPage\":{\"@id\":\"https:\/\/radiolifefm.com.br\/noticias\/forum-tem-novo-horario-de-atendimento-ao-publico\/\"},\"wordCount\":208,\"publisher\":{\"@id\":\"https:\/\/radiolifefm.com.br\/noticias\/#organization\"},\"image\":{\"@id\":\"https:\/\/radiolifefm.com.br\/noticias\/forum-tem-novo-horario-de-atendimento-ao-publico\/#primaryimage\"},\"thumbnailUrl\":\"https:\/\/radiolifefm.com.br\/noticias\/wp-content\/uploads\/2021\/11\/img9307forumjpg16368872386190eac6a7e9d.jpg\",\"articleSection\":[\"Adamantina\"],\"inLanguage\":\"pt-BR\"},{\"@type\":\"WebPage\",\"@id\":\"https:\/\/radiolifefm.com.br\/noticias\/forum-tem-novo-horario-de-atendimento-ao-publico\/\",\"url\":\"https:\/\/radiolifefm.com.br\/noticias\/forum-tem-novo-horario-de-atendimento-ao-publico\/\",\"name\":\"F\u00f3rum tem novo hor\u00e1rio de atendimento ao p\u00fablico - R\u00e1dio Life FM\",\"isPartOf\":{\"@id\":\"https:\/\/radiolifefm.com.br\/noticias\/#website\"},\"primaryImageOfPage\":{\"@id\":\"https:\/\/radiolifefm.com.br\/noticias\/forum-tem-novo-horario-de-atendimento-ao-publico\/#primaryimage\"},\"image\":{\"@id\":\"https:\/\/radiolifefm.com.br\/noticias\/forum-tem-novo-horario-de-atendimento-ao-publico\/#primaryimage\"},\"thumbnailUrl\":\"https:\/\/radiolifefm.com.br\/noticias\/wp-content\/uploads\/2021\/11\/img9307forumjpg16368872386190eac6a7e9d.jpg\",\"datePublished\":\"2022-02-20T22:10:30+00:00\",\"dateModified\":\"2026-04-24T12:11:07+00:00\",\"breadcrumb\":{\"@id\":\"https:\/\/radiolifefm.com.br\/noticias\/forum-tem-novo-horario-de-atendimento-ao-publico\/#breadcrumb\"},\"inLanguage\":\"pt-BR\",\"potentialAction\":[{\"@type\":\"ReadAction\",\"target\":[\"https:\/\/radiolifefm.com.br\/noticias\/forum-tem-novo-horario-de-atendimento-ao-publico\/\"]}]},{\"@type\":\"ImageObject\",\"inLanguage\":\"pt-BR\",\"@id\":\"https:\/\/radiolifefm.com.br\/noticias\/forum-tem-novo-horario-de-atendimento-ao-publico\/#primaryimage\",\"url\":\"https:\/\/radiolifefm.com.br\/noticias\/wp-content\/uploads\/2021\/11\/img9307forumjpg16368872386190eac6a7e9d.jpg\",\"contentUrl\":\"https:\/\/radiolifefm.com.br\/noticias\/wp-content\/uploads\/2021\/11\/img9307forumjpg16368872386190eac6a7e9d.jpg\",\"width\":600,\"height\":337,\"caption\":\"Caso foi h\u00e1 dois anos na Estrada 6, em Adamantina. Acusado foi preso e aguardou o julgamento detido.\"},{\"@type\":\"BreadcrumbList\",\"@id\":\"https:\/\/radiolifefm.com.br\/noticias\/forum-tem-novo-horario-de-atendimento-ao-publico\/#breadcrumb\",\"itemListElement\":[{\"@type\":\"ListItem\",\"position\":1,\"name\":\"In\u00edcio\",\"item\":\"https:\/\/radiolifefm.com.br\/noticias\/\"},{\"@type\":\"ListItem\",\"position\":2,\"name\":\"F\u00f3rum tem novo hor\u00e1rio de atendimento ao p\u00fablico\"}]},{\"@type\":\"WebSite\",\"@id\":\"https:\/\/radiolifefm.com.br\/noticias\/#website\",\"url\":\"https:\/\/radiolifefm.com.br\/noticias\/\",\"name\":\"R\u00e1dio Life FM\",\"description\":\"O Portal de Not\u00edcias de Adamantina\",\"publisher\":{\"@id\":\"https:\/\/radiolifefm.com.br\/noticias\/#organization\"},\"alternateName\":\"Life FM\",\"potentialAction\":[{\"@type\":\"SearchAction\",\"target\":{\"@type\":\"EntryPoint\",\"urlTemplate\":\"https:\/\/radiolifefm.com.br\/noticias\/?s={search_term_string}\"},\"query-input\":{\"@type\":\"PropertyValueSpecification\",\"valueRequired\":true,\"valueName\":\"search_term_string\"}}],\"inLanguage\":\"pt-BR\"},{\"@type\":\"Organization\",\"@id\":\"https:\/\/radiolifefm.com.br\/noticias\/#organization\",\"name\":\"R\u00e1dio Life FM\",\"alternateName\":\"Life FM\",\"url\":\"https:\/\/radiolifefm.com.br\/noticias\/\",\"logo\":{\"@type\":\"ImageObject\",\"inLanguage\":\"pt-BR\",\"@id\":\"https:\/\/radiolifefm.com.br\/noticias\/#\/schema\/logo\/image\/\",\"url\":\"https:\/\/static.radiolifefm.com.br\/noticias\/wp-content\/uploads\/2019\/10\/logo-lifefm.png\",\"contentUrl\":\"https:\/\/static.radiolifefm.com.br\/noticias\/wp-content\/uploads\/2019\/10\/logo-lifefm.png\",\"width\":196,\"height\":47,\"caption\":\"R\u00e1dio Life FM\"},\"image\":{\"@id\":\"https:\/\/radiolifefm.com.br\/noticias\/#\/schema\/logo\/image\/\"},\"sameAs\":[\"https:\/\/www.facebook.com\/radiolifefm\/\",\"https:\/\/www.instagram.com\/life1079fm\/\"]},{\"@type\":\"Person\",\"@id\":\"https:\/\/radiolifefm.com.br\/noticias\/#\/schema\/person\/6339b9fac59d12b071dec680d7375d87\",\"name\":\"ritanery\",\"image\":{\"@type\":\"ImageObject\",\"inLanguage\":\"pt-BR\",\"@id\":\"https:\/\/secure.gravatar.com\/avatar\/0e37bb19071f47c0b8a23f62a903df117c5a0e75f65a0c2901562f97cd41cf86?s=96&d=mm&r=g\",\"url\":\"https:\/\/secure.gravatar.com\/avatar\/0e37bb19071f47c0b8a23f62a903df117c5a0e75f65a0c2901562f97cd41cf86?s=96&d=mm&r=g\",\"contentUrl\":\"https:\/\/secure.gravatar.com\/avatar\/0e37bb19071f47c0b8a23f62a903df117c5a0e75f65a0c2901562f97cd41cf86?s=96&d=mm&r=g\",\"caption\":\"ritanery\"}}]}<\/script>\n<!-- \/ Yoast SEO plugin. -->","yoast_head_json":{"title":"F\u00f3rum tem novo hor\u00e1rio de atendimento ao p\u00fablico - R\u00e1dio Life FM","robots":{"index":"index","follow":"follow","max-snippet":"max-snippet:-1","max-image-preview":"max-image-preview:large","max-video-preview":"max-video-preview:-1"},"canonical":"https:\/\/radiolifefm.com.br\/noticias\/forum-tem-novo-horario-de-atendimento-ao-publico\/","og_locale":"pt_BR","og_type":"article","og_title":"F\u00f3rum tem novo hor\u00e1rio de atendimento ao p\u00fablico - R\u00e1dio Life FM","og_description":"O F\u00f3rum de Adamantina, em atendimento ao\u00a0Provimento CSM n\u00ba 2.650\/22, editado pelo Conselho Superior da Magistratura do Estado de S\u00e3o Paulo, passa a ter novo hor\u00e1rio de atendimento, a partir desta segunda-feira (21). Conforme a nova normativa, o hor\u00e1rio de atendimento \u00e0 popula\u00e7\u00e3o, em geral, foi ampliado e passa a ser das 13h \u00e0s 18h. [&hellip;]","og_url":"https:\/\/radiolifefm.com.br\/noticias\/forum-tem-novo-horario-de-atendimento-ao-publico\/","og_site_name":"R\u00e1dio Life FM","article_publisher":"https:\/\/www.facebook.com\/radiolifefm\/","article_published_time":"2022-02-20T22:10:30+00:00","article_modified_time":"2026-04-24T12:11:07+00:00","og_image":[{"width":600,"height":337,"url":"https:\/\/radiolifefm.com.br\/noticias\/wp-content\/uploads\/2021\/11\/img9307forumjpg16368872386190eac6a7e9d.jpg","type":"image\/jpeg"}],"author":"ritanery","twitter_card":"summary_large_image","twitter_misc":{"Escrito por":"ritanery","Est. tempo de leitura":"1 minuto"},"schema":{"@context":"https:\/\/schema.org","@graph":[{"@type":"Article","@id":"https:\/\/radiolifefm.com.br\/noticias\/forum-tem-novo-horario-de-atendimento-ao-publico\/#article","isPartOf":{"@id":"https:\/\/radiolifefm.com.br\/noticias\/forum-tem-novo-horario-de-atendimento-ao-publico\/"},"author":{"name":"ritanery","@id":"https:\/\/radiolifefm.com.br\/noticias\/#\/schema\/person\/6339b9fac59d12b071dec680d7375d87"},"headline":"F\u00f3rum tem novo hor\u00e1rio de atendimento ao p\u00fablico","datePublished":"2022-02-20T22:10:30+00:00","dateModified":"2026-04-24T12:11:07+00:00","mainEntityOfPage":{"@id":"https:\/\/radiolifefm.com.br\/noticias\/forum-tem-novo-horario-de-atendimento-ao-publico\/"},"wordCount":208,"publisher":{"@id":"https:\/\/radiolifefm.com.br\/noticias\/#organization"},"image":{"@id":"https:\/\/radiolifefm.com.br\/noticias\/forum-tem-novo-horario-de-atendimento-ao-publico\/#primaryimage"},"thumbnailUrl":"https:\/\/radiolifefm.com.br\/noticias\/wp-content\/uploads\/2021\/11\/img9307forumjpg16368872386190eac6a7e9d.jpg","articleSection":["Adamantina"],"inLanguage":"pt-BR"},{"@type":"WebPage","@id":"https:\/\/radiolifefm.com.br\/noticias\/forum-tem-novo-horario-de-atendimento-ao-publico\/","url":"https:\/\/radiolifefm.com.br\/noticias\/forum-tem-novo-horario-de-atendimento-ao-publico\/","name":"F\u00f3rum tem novo hor\u00e1rio de atendimento ao p\u00fablico - R\u00e1dio Life FM","isPartOf":{"@id":"https:\/\/radiolifefm.com.br\/noticias\/#website"},"primaryImageOfPage":{"@id":"https:\/\/radiolifefm.com.br\/noticias\/forum-tem-novo-horario-de-atendimento-ao-publico\/#primaryimage"},"image":{"@id":"https:\/\/radiolifefm.com.br\/noticias\/forum-tem-novo-horario-de-atendimento-ao-publico\/#primaryimage"},"thumbnailUrl":"https:\/\/radiolifefm.com.br\/noticias\/wp-content\/uploads\/2021\/11\/img9307forumjpg16368872386190eac6a7e9d.jpg","datePublished":"2022-02-20T22:10:30+00:00","dateModified":"2026-04-24T12:11:07+00:00","breadcrumb":{"@id":"https:\/\/radiolifefm.com.br\/noticias\/forum-tem-novo-horario-de-atendimento-ao-publico\/#breadcrumb"},"inLanguage":"pt-BR","potentialAction":[{"@type":"ReadAction","target":["https:\/\/radiolifefm.com.br\/noticias\/forum-tem-novo-horario-de-atendimento-ao-publico\/"]}]},{"@type":"ImageObject","inLanguage":"pt-BR","@id":"https:\/\/radiolifefm.com.br\/noticias\/forum-tem-novo-horario-de-atendimento-ao-publico\/#primaryimage","url":"https:\/\/radiolifefm.com.br\/noticias\/wp-content\/uploads\/2021\/11\/img9307forumjpg16368872386190eac6a7e9d.jpg","contentUrl":"https:\/\/radiolifefm.com.br\/noticias\/wp-content\/uploads\/2021\/11\/img9307forumjpg16368872386190eac6a7e9d.jpg","width":600,"height":337,"caption":"Caso foi h\u00e1 dois anos na Estrada 6, em Adamantina. Acusado foi preso e aguardou o julgamento detido."},{"@type":"BreadcrumbList","@id":"https:\/\/radiolifefm.com.br\/noticias\/forum-tem-novo-horario-de-atendimento-ao-publico\/#breadcrumb","itemListElement":[{"@type":"ListItem","position":1,"name":"In\u00edcio","item":"https:\/\/radiolifefm.com.br\/noticias\/"},{"@type":"ListItem","position":2,"name":"F\u00f3rum tem novo hor\u00e1rio de atendimento ao p\u00fablico"}]},{"@type":"WebSite","@id":"https:\/\/radiolifefm.com.br\/noticias\/#website","url":"https:\/\/radiolifefm.com.br\/noticias\/","name":"R\u00e1dio Life FM","description":"O Portal de Not\u00edcias de Adamantina","publisher":{"@id":"https:\/\/radiolifefm.com.br\/noticias\/#organization"},"alternateName":"Life FM","potentialAction":[{"@type":"SearchAction","target":{"@type":"EntryPoint","urlTemplate":"https:\/\/radiolifefm.com.br\/noticias\/?s={search_term_string}"},"query-input":{"@type":"PropertyValueSpecification","valueRequired":true,"valueName":"search_term_string"}}],"inLanguage":"pt-BR"},{"@type":"Organization","@id":"https:\/\/radiolifefm.com.br\/noticias\/#organization","name":"R\u00e1dio Life FM","alternateName":"Life FM","url":"https:\/\/radiolifefm.com.br\/noticias\/","logo":{"@type":"ImageObject","inLanguage":"pt-BR","@id":"https:\/\/radiolifefm.com.br\/noticias\/#\/schema\/logo\/image\/","url":"https:\/\/static.radiolifefm.com.br\/noticias\/wp-content\/uploads\/2019\/10\/logo-lifefm.png","contentUrl":"https:\/\/static.radiolifefm.com.br\/noticias\/wp-content\/uploads\/2019\/10\/logo-lifefm.png","width":196,"height":47,"caption":"R\u00e1dio Life FM"},"image":{"@id":"https:\/\/radiolifefm.com.br\/noticias\/#\/schema\/logo\/image\/"},"sameAs":["https:\/\/www.facebook.com\/radiolifefm\/","https:\/\/www.instagram.com\/life1079fm\/"]},{"@type":"Person","@id":"https:\/\/radiolifefm.com.br\/noticias\/#\/schema\/person\/6339b9fac59d12b071dec680d7375d87","name":"ritanery","image":{"@type":"ImageObject","inLanguage":"pt-BR","@id":"https:\/\/secure.gravatar.com\/avatar\/0e37bb19071f47c0b8a23f62a903df117c5a0e75f65a0c2901562f97cd41cf86?s=96&d=mm&r=g","url":"https:\/\/secure.gravatar.com\/avatar\/0e37bb19071f47c0b8a23f62a903df117c5a0e75f65a0c2901562f97cd41cf86?s=96&d=mm&r=g","contentUrl":"https:\/\/secure.gravatar.com\/avatar\/0e37bb19071f47c0b8a23f62a903df117c5a0e75f65a0c2901562f97cd41cf86?s=96&d=mm&r=g","caption":"ritanery"}}]}},"amp_enabled":true,"_links":{"self":[{"href":"https:\/\/radiolifefm.com.br\/noticias\/wp-json\/wp\/v2\/posts\/49658","targetHints":{"allow":["GET"]}}],"collection":[{"href":"https:\/\/radiolifefm.com.br\/noticias\/wp-json\/wp\/v2\/posts"}],"about":[{"href":"https:\/\/radiolifefm.com.br\/noticias\/wp-json\/wp\/v2\/types\/post"}],"author":[{"embeddable":true,"href":"https:\/\/radiolifefm.com.br\/noticias\/wp-json\/wp\/v2\/users\/13"}],"replies":[{"embeddable":true,"href":"https:\/\/radiolifefm.com.br\/noticias\/wp-json\/wp\/v2\/comments?post=49658"}],"version-history":[{"count":2,"href":"https:\/\/radiolifefm.com.br\/noticias\/wp-json\/wp\/v2\/posts\/49658\/revisions"}],"predecessor-version":[{"id":49660,"href":"https:\/\/radiolifefm.com.br\/noticias\/wp-json\/wp\/v2\/posts\/49658\/revisions\/49660"}],"wp:featuredmedia":[{"embeddable":true,"href":"https:\/\/radiolifefm.com.br\/noticias\/wp-json\/wp\/v2\/media\/45684"}],"wp:attachment":[{"href":"https:\/\/radiolifefm.com.br\/noticias\/wp-json\/wp\/v2\/media?parent=49658"}],"wp:term":[{"taxonomy":"category","embeddable":true,"href":"https:\/\/radiolifefm.com.br\/noticias\/wp-json\/wp\/v2\/categories?post=49658"},{"taxonomy":"post_tag","embeddable":true,"href":"https:\/\/radiolifefm.com.br\/noticias\/wp-json\/wp\/v2\/tags?post=49658"}],"curies":[{"name":"wp","href":"https:\/\/api.w.org\/{rel}","templated":true}]}}