{"id":49603,"date":"2022-02-18T08:11:00","date_gmt":"2022-02-18T11:11:00","guid":{"rendered":"https:\/\/radiolifefm.com.br\/noticias\/?p=49603"},"modified":"2026-01-19T12:05:33","modified_gmt":"2026-01-19T15:05:33","slug":"coletivo-ou-individual-eis-a-questao","status":"publish","type":"post","link":"https:\/\/radiolifefm.com.br\/noticias\/coletivo-ou-individual-eis-a-questao\/","title":{"rendered":"COLETIVO OU INDIVIDUAL: EIS A QUEST\u00c3O?"},"content":{"rendered":"<div id=\"fb-root\"><\/div>\n<p><em>\u201cO imp\u00e9rio do homem \u00e9 interior.\u201d (Saint-Exup\u00e9ry)<\/em><\/p>\n<p><em>\u00a0<\/em><\/p>\n<p><em>S\u00e9rgio Barbosa (*)<\/em><\/p>\n<p>&nbsp;<\/p>\n<p>As pessoas continuam buscando, da melhor forma poss\u00edvel, um encontro em meio aos muitos desencontros do cotidiano.<\/p>\n<p>N\u00e3o se pode mais fazer de conta, pois \u00e9 preciso estar atento aos acontecimentos em nossa volta, mesmo aqueles que est\u00e3o distante em alguns momentos, por\u00e9m, nada pode ser deixado de lado.<\/p>\n<p>As lutas de cada um fazem disto ou daquilo, um cen\u00e1rio individual para cada pessoa, sendo que, o coletivo \u00e9 um objetivo distante e incerto para muitos e na medida do poss\u00edvel, poucos conseguem atingir suas metas.<\/p>\n<p>Estar \u00e9 mais importante do que ser neste painel multicolorido para as pessoas, al\u00e9m do mais, nossa educa\u00e7\u00e3o formal continua pesando em nossas posturas, delimitando o espa\u00e7o conquistado, por\u00e9m, n\u00e3o ocupado.<\/p>\n<p>\u00c9 preciso saber desenvolver novas propostas que envolvam o coletivo social, cada vez mais, o individual est\u00e1 perdendo espa\u00e7o nesta sociedade global.<\/p>\n<p>Nada \u00e9 para sempre, assim, \u00e9 necess\u00e1rio fixar uma meta com objetivos geral e espec\u00edfico para um entendimento amplo, geral\u00a0 e irrestrito ao cotidiano social.<\/p>\n<p>A busca deve ser incessante nesta caminhada pelas estradas nem sempre \u00e9ticas de um novo tempo, quando os oportunistas de plant\u00e3o aparecem, para sem mais nem menos, ocuparem seus lugares nunca reservados.<\/p>\n<p>O social deve ser pautado pelo objetivo coletivo neste quadro do cotidiano das pessoas em geral, sendo que, existem necessidades e desejos das mesmas em estarem inseridas neste contexto sociol\u00f3gico.<\/p>\n<p>&nbsp;<\/p>\n<p><em>___________________________<\/em><\/p>\n<p><em>(*) Jornalista profissional diplomado \u00a0e professor universit\u00e1rio.<\/em><\/p>\n<p><em>e-mail: barbosa.sebar@gmail.com<\/em><\/p>\n<p>&nbsp;<\/p>\n<p>&nbsp;<\/p>\n","protected":false},"excerpt":{"rendered":"<p>\u201cO imp\u00e9rio do homem \u00e9 interior.\u201d (Saint-Exup\u00e9ry) \u00a0 S\u00e9rgio Barbosa (*) &nbsp; As pessoas continuam buscando, da melhor forma poss\u00edvel, um encontro em meio aos muitos desencontros do cotidiano. N\u00e3o se pode mais fazer de conta, pois \u00e9 preciso estar atento aos acontecimentos em nossa volta, mesmo aqueles que est\u00e3o distante em alguns momentos, por\u00e9m, [&hellip;]<\/p>\n","protected":false},"author":13,"featured_media":49604,"comment_status":"closed","ping_status":"open","sticky":false,"template":"","format":"standard","meta":{"_acf_changed":false,"_exactmetrics_skip_tracking":false,"_exactmetrics_sitenote_active":false,"_exactmetrics_sitenote_note":"","_exactmetrics_sitenote_category":0,"footnotes":""},"categories":[59],"tags":[],"class_list":["post-49603","post","type-post","status-publish","format-standard","has-post-thumbnail","hentry","category-opiniao"],"acf":[],"yoast_head":"<!-- This site is optimized with the Yoast SEO plugin v27.2 - https:\/\/yoast.com\/product\/yoast-seo-wordpress\/ -->\n<title>COLETIVO OU INDIVIDUAL: EIS A QUEST\u00c3O? - R\u00e1dio Life FM<\/title>\n<meta name=\"robots\" content=\"index, follow, max-snippet:-1, max-image-preview:large, max-video-preview:-1\" \/>\n<link rel=\"canonical\" href=\"https:\/\/radiolifefm.com.br\/noticias\/coletivo-ou-individual-eis-a-questao\/\" \/>\n<meta property=\"og:locale\" content=\"pt_BR\" \/>\n<meta property=\"og:type\" content=\"article\" \/>\n<meta property=\"og:title\" content=\"COLETIVO OU INDIVIDUAL: EIS A QUEST\u00c3O? - R\u00e1dio Life FM\" \/>\n<meta property=\"og:description\" content=\"\u201cO imp\u00e9rio do homem \u00e9 interior.\u201d (Saint-Exup\u00e9ry) \u00a0 S\u00e9rgio Barbosa (*) &nbsp; As pessoas continuam buscando, da melhor forma poss\u00edvel, um encontro em meio aos muitos desencontros do cotidiano. N\u00e3o se pode mais fazer de conta, pois \u00e9 preciso estar atento aos acontecimentos em nossa volta, mesmo aqueles que est\u00e3o distante em alguns momentos, por\u00e9m, [&hellip;]\" \/>\n<meta property=\"og:url\" content=\"https:\/\/radiolifefm.com.br\/noticias\/coletivo-ou-individual-eis-a-questao\/\" \/>\n<meta property=\"og:site_name\" content=\"R\u00e1dio Life FM\" \/>\n<meta property=\"article:publisher\" content=\"https:\/\/www.facebook.com\/radiolifefm\/\" \/>\n<meta property=\"article:published_time\" content=\"2022-02-18T11:11:00+00:00\" \/>\n<meta property=\"article:modified_time\" content=\"2026-01-19T15:05:33+00:00\" \/>\n<meta property=\"og:image\" content=\"https:\/\/radiolifefm.com.br\/noticias\/wp-content\/uploads\/2022\/02\/WhatsApp-Image-2022-02-17-at-18.09.52.jpeg\" \/>\n\t<meta property=\"og:image:width\" content=\"581\" \/>\n\t<meta property=\"og:image:height\" content=\"1032\" \/>\n\t<meta property=\"og:image:type\" content=\"image\/jpeg\" \/>\n<meta name=\"author\" content=\"ritanery\" \/>\n<meta name=\"twitter:card\" content=\"summary_large_image\" \/>\n<meta name=\"twitter:label1\" content=\"Escrito por\" \/>\n\t<meta name=\"twitter:data1\" content=\"ritanery\" \/>\n\t<meta name=\"twitter:label2\" content=\"Est. tempo de leitura\" \/>\n\t<meta name=\"twitter:data2\" content=\"1 minuto\" \/>\n<script type=\"application\/ld+json\" class=\"yoast-schema-graph\">{\"@context\":\"https:\/\/schema.org\",\"@graph\":[{\"@type\":\"Article\",\"@id\":\"https:\/\/radiolifefm.com.br\/noticias\/coletivo-ou-individual-eis-a-questao\/#article\",\"isPartOf\":{\"@id\":\"https:\/\/radiolifefm.com.br\/noticias\/coletivo-ou-individual-eis-a-questao\/\"},\"author\":{\"name\":\"ritanery\",\"@id\":\"https:\/\/radiolifefm.com.br\/noticias\/#\/schema\/person\/6339b9fac59d12b071dec680d7375d87\"},\"headline\":\"COLETIVO OU INDIVIDUAL: EIS A QUEST\u00c3O?\",\"datePublished\":\"2022-02-18T11:11:00+00:00\",\"dateModified\":\"2026-01-19T15:05:33+00:00\",\"mainEntityOfPage\":{\"@id\":\"https:\/\/radiolifefm.com.br\/noticias\/coletivo-ou-individual-eis-a-questao\/\"},\"wordCount\":270,\"publisher\":{\"@id\":\"https:\/\/radiolifefm.com.br\/noticias\/#organization\"},\"image\":{\"@id\":\"https:\/\/radiolifefm.com.br\/noticias\/coletivo-ou-individual-eis-a-questao\/#primaryimage\"},\"thumbnailUrl\":\"https:\/\/radiolifefm.com.br\/noticias\/wp-content\/uploads\/2022\/02\/WhatsApp-Image-2022-02-17-at-18.09.52.jpeg\",\"articleSection\":[\"Opini\u00e3o\"],\"inLanguage\":\"pt-BR\"},{\"@type\":\"WebPage\",\"@id\":\"https:\/\/radiolifefm.com.br\/noticias\/coletivo-ou-individual-eis-a-questao\/\",\"url\":\"https:\/\/radiolifefm.com.br\/noticias\/coletivo-ou-individual-eis-a-questao\/\",\"name\":\"COLETIVO OU INDIVIDUAL: EIS A QUEST\u00c3O? - R\u00e1dio Life FM\",\"isPartOf\":{\"@id\":\"https:\/\/radiolifefm.com.br\/noticias\/#website\"},\"primaryImageOfPage\":{\"@id\":\"https:\/\/radiolifefm.com.br\/noticias\/coletivo-ou-individual-eis-a-questao\/#primaryimage\"},\"image\":{\"@id\":\"https:\/\/radiolifefm.com.br\/noticias\/coletivo-ou-individual-eis-a-questao\/#primaryimage\"},\"thumbnailUrl\":\"https:\/\/radiolifefm.com.br\/noticias\/wp-content\/uploads\/2022\/02\/WhatsApp-Image-2022-02-17-at-18.09.52.jpeg\",\"datePublished\":\"2022-02-18T11:11:00+00:00\",\"dateModified\":\"2026-01-19T15:05:33+00:00\",\"breadcrumb\":{\"@id\":\"https:\/\/radiolifefm.com.br\/noticias\/coletivo-ou-individual-eis-a-questao\/#breadcrumb\"},\"inLanguage\":\"pt-BR\",\"potentialAction\":[{\"@type\":\"ReadAction\",\"target\":[\"https:\/\/radiolifefm.com.br\/noticias\/coletivo-ou-individual-eis-a-questao\/\"]}]},{\"@type\":\"ImageObject\",\"inLanguage\":\"pt-BR\",\"@id\":\"https:\/\/radiolifefm.com.br\/noticias\/coletivo-ou-individual-eis-a-questao\/#primaryimage\",\"url\":\"https:\/\/radiolifefm.com.br\/noticias\/wp-content\/uploads\/2022\/02\/WhatsApp-Image-2022-02-17-at-18.09.52.jpeg\",\"contentUrl\":\"https:\/\/radiolifefm.com.br\/noticias\/wp-content\/uploads\/2022\/02\/WhatsApp-Image-2022-02-17-at-18.09.52.jpeg\",\"width\":581,\"height\":1032},{\"@type\":\"BreadcrumbList\",\"@id\":\"https:\/\/radiolifefm.com.br\/noticias\/coletivo-ou-individual-eis-a-questao\/#breadcrumb\",\"itemListElement\":[{\"@type\":\"ListItem\",\"position\":1,\"name\":\"In\u00edcio\",\"item\":\"https:\/\/radiolifefm.com.br\/noticias\/\"},{\"@type\":\"ListItem\",\"position\":2,\"name\":\"COLETIVO OU INDIVIDUAL: EIS A QUEST\u00c3O?\"}]},{\"@type\":\"WebSite\",\"@id\":\"https:\/\/radiolifefm.com.br\/noticias\/#website\",\"url\":\"https:\/\/radiolifefm.com.br\/noticias\/\",\"name\":\"R\u00e1dio Life FM\",\"description\":\"O Portal de Not\u00edcias de Adamantina\",\"publisher\":{\"@id\":\"https:\/\/radiolifefm.com.br\/noticias\/#organization\"},\"alternateName\":\"Life FM\",\"potentialAction\":[{\"@type\":\"SearchAction\",\"target\":{\"@type\":\"EntryPoint\",\"urlTemplate\":\"https:\/\/radiolifefm.com.br\/noticias\/?s={search_term_string}\"},\"query-input\":{\"@type\":\"PropertyValueSpecification\",\"valueRequired\":true,\"valueName\":\"search_term_string\"}}],\"inLanguage\":\"pt-BR\"},{\"@type\":\"Organization\",\"@id\":\"https:\/\/radiolifefm.com.br\/noticias\/#organization\",\"name\":\"R\u00e1dio Life FM\",\"alternateName\":\"Life FM\",\"url\":\"https:\/\/radiolifefm.com.br\/noticias\/\",\"logo\":{\"@type\":\"ImageObject\",\"inLanguage\":\"pt-BR\",\"@id\":\"https:\/\/radiolifefm.com.br\/noticias\/#\/schema\/logo\/image\/\",\"url\":\"https:\/\/static.radiolifefm.com.br\/noticias\/wp-content\/uploads\/2019\/10\/logo-lifefm.png\",\"contentUrl\":\"https:\/\/static.radiolifefm.com.br\/noticias\/wp-content\/uploads\/2019\/10\/logo-lifefm.png\",\"width\":196,\"height\":47,\"caption\":\"R\u00e1dio Life FM\"},\"image\":{\"@id\":\"https:\/\/radiolifefm.com.br\/noticias\/#\/schema\/logo\/image\/\"},\"sameAs\":[\"https:\/\/www.facebook.com\/radiolifefm\/\",\"https:\/\/www.instagram.com\/life1079fm\/\"]},{\"@type\":\"Person\",\"@id\":\"https:\/\/radiolifefm.com.br\/noticias\/#\/schema\/person\/6339b9fac59d12b071dec680d7375d87\",\"name\":\"ritanery\",\"image\":{\"@type\":\"ImageObject\",\"inLanguage\":\"pt-BR\",\"@id\":\"https:\/\/secure.gravatar.com\/avatar\/0e37bb19071f47c0b8a23f62a903df117c5a0e75f65a0c2901562f97cd41cf86?s=96&d=mm&r=g\",\"url\":\"https:\/\/secure.gravatar.com\/avatar\/0e37bb19071f47c0b8a23f62a903df117c5a0e75f65a0c2901562f97cd41cf86?s=96&d=mm&r=g\",\"contentUrl\":\"https:\/\/secure.gravatar.com\/avatar\/0e37bb19071f47c0b8a23f62a903df117c5a0e75f65a0c2901562f97cd41cf86?s=96&d=mm&r=g\",\"caption\":\"ritanery\"}}]}<\/script>\n<!-- \/ Yoast SEO plugin. -->","yoast_head_json":{"title":"COLETIVO OU INDIVIDUAL: EIS A QUEST\u00c3O? - R\u00e1dio Life FM","robots":{"index":"index","follow":"follow","max-snippet":"max-snippet:-1","max-image-preview":"max-image-preview:large","max-video-preview":"max-video-preview:-1"},"canonical":"https:\/\/radiolifefm.com.br\/noticias\/coletivo-ou-individual-eis-a-questao\/","og_locale":"pt_BR","og_type":"article","og_title":"COLETIVO OU INDIVIDUAL: EIS A QUEST\u00c3O? - R\u00e1dio Life FM","og_description":"\u201cO imp\u00e9rio do homem \u00e9 interior.\u201d (Saint-Exup\u00e9ry) \u00a0 S\u00e9rgio Barbosa (*) &nbsp; As pessoas continuam buscando, da melhor forma poss\u00edvel, um encontro em meio aos muitos desencontros do cotidiano. N\u00e3o se pode mais fazer de conta, pois \u00e9 preciso estar atento aos acontecimentos em nossa volta, mesmo aqueles que est\u00e3o distante em alguns momentos, por\u00e9m, [&hellip;]","og_url":"https:\/\/radiolifefm.com.br\/noticias\/coletivo-ou-individual-eis-a-questao\/","og_site_name":"R\u00e1dio Life FM","article_publisher":"https:\/\/www.facebook.com\/radiolifefm\/","article_published_time":"2022-02-18T11:11:00+00:00","article_modified_time":"2026-01-19T15:05:33+00:00","og_image":[{"width":581,"height":1032,"url":"https:\/\/radiolifefm.com.br\/noticias\/wp-content\/uploads\/2022\/02\/WhatsApp-Image-2022-02-17-at-18.09.52.jpeg","type":"image\/jpeg"}],"author":"ritanery","twitter_card":"summary_large_image","twitter_misc":{"Escrito por":"ritanery","Est. tempo de leitura":"1 minuto"},"schema":{"@context":"https:\/\/schema.org","@graph":[{"@type":"Article","@id":"https:\/\/radiolifefm.com.br\/noticias\/coletivo-ou-individual-eis-a-questao\/#article","isPartOf":{"@id":"https:\/\/radiolifefm.com.br\/noticias\/coletivo-ou-individual-eis-a-questao\/"},"author":{"name":"ritanery","@id":"https:\/\/radiolifefm.com.br\/noticias\/#\/schema\/person\/6339b9fac59d12b071dec680d7375d87"},"headline":"COLETIVO OU INDIVIDUAL: EIS A QUEST\u00c3O?","datePublished":"2022-02-18T11:11:00+00:00","dateModified":"2026-01-19T15:05:33+00:00","mainEntityOfPage":{"@id":"https:\/\/radiolifefm.com.br\/noticias\/coletivo-ou-individual-eis-a-questao\/"},"wordCount":270,"publisher":{"@id":"https:\/\/radiolifefm.com.br\/noticias\/#organization"},"image":{"@id":"https:\/\/radiolifefm.com.br\/noticias\/coletivo-ou-individual-eis-a-questao\/#primaryimage"},"thumbnailUrl":"https:\/\/radiolifefm.com.br\/noticias\/wp-content\/uploads\/2022\/02\/WhatsApp-Image-2022-02-17-at-18.09.52.jpeg","articleSection":["Opini\u00e3o"],"inLanguage":"pt-BR"},{"@type":"WebPage","@id":"https:\/\/radiolifefm.com.br\/noticias\/coletivo-ou-individual-eis-a-questao\/","url":"https:\/\/radiolifefm.com.br\/noticias\/coletivo-ou-individual-eis-a-questao\/","name":"COLETIVO OU INDIVIDUAL: EIS A QUEST\u00c3O? - R\u00e1dio Life FM","isPartOf":{"@id":"https:\/\/radiolifefm.com.br\/noticias\/#website"},"primaryImageOfPage":{"@id":"https:\/\/radiolifefm.com.br\/noticias\/coletivo-ou-individual-eis-a-questao\/#primaryimage"},"image":{"@id":"https:\/\/radiolifefm.com.br\/noticias\/coletivo-ou-individual-eis-a-questao\/#primaryimage"},"thumbnailUrl":"https:\/\/radiolifefm.com.br\/noticias\/wp-content\/uploads\/2022\/02\/WhatsApp-Image-2022-02-17-at-18.09.52.jpeg","datePublished":"2022-02-18T11:11:00+00:00","dateModified":"2026-01-19T15:05:33+00:00","breadcrumb":{"@id":"https:\/\/radiolifefm.com.br\/noticias\/coletivo-ou-individual-eis-a-questao\/#breadcrumb"},"inLanguage":"pt-BR","potentialAction":[{"@type":"ReadAction","target":["https:\/\/radiolifefm.com.br\/noticias\/coletivo-ou-individual-eis-a-questao\/"]}]},{"@type":"ImageObject","inLanguage":"pt-BR","@id":"https:\/\/radiolifefm.com.br\/noticias\/coletivo-ou-individual-eis-a-questao\/#primaryimage","url":"https:\/\/radiolifefm.com.br\/noticias\/wp-content\/uploads\/2022\/02\/WhatsApp-Image-2022-02-17-at-18.09.52.jpeg","contentUrl":"https:\/\/radiolifefm.com.br\/noticias\/wp-content\/uploads\/2022\/02\/WhatsApp-Image-2022-02-17-at-18.09.52.jpeg","width":581,"height":1032},{"@type":"BreadcrumbList","@id":"https:\/\/radiolifefm.com.br\/noticias\/coletivo-ou-individual-eis-a-questao\/#breadcrumb","itemListElement":[{"@type":"ListItem","position":1,"name":"In\u00edcio","item":"https:\/\/radiolifefm.com.br\/noticias\/"},{"@type":"ListItem","position":2,"name":"COLETIVO OU INDIVIDUAL: EIS A QUEST\u00c3O?"}]},{"@type":"WebSite","@id":"https:\/\/radiolifefm.com.br\/noticias\/#website","url":"https:\/\/radiolifefm.com.br\/noticias\/","name":"R\u00e1dio Life FM","description":"O Portal de Not\u00edcias de Adamantina","publisher":{"@id":"https:\/\/radiolifefm.com.br\/noticias\/#organization"},"alternateName":"Life FM","potentialAction":[{"@type":"SearchAction","target":{"@type":"EntryPoint","urlTemplate":"https:\/\/radiolifefm.com.br\/noticias\/?s={search_term_string}"},"query-input":{"@type":"PropertyValueSpecification","valueRequired":true,"valueName":"search_term_string"}}],"inLanguage":"pt-BR"},{"@type":"Organization","@id":"https:\/\/radiolifefm.com.br\/noticias\/#organization","name":"R\u00e1dio Life FM","alternateName":"Life FM","url":"https:\/\/radiolifefm.com.br\/noticias\/","logo":{"@type":"ImageObject","inLanguage":"pt-BR","@id":"https:\/\/radiolifefm.com.br\/noticias\/#\/schema\/logo\/image\/","url":"https:\/\/static.radiolifefm.com.br\/noticias\/wp-content\/uploads\/2019\/10\/logo-lifefm.png","contentUrl":"https:\/\/static.radiolifefm.com.br\/noticias\/wp-content\/uploads\/2019\/10\/logo-lifefm.png","width":196,"height":47,"caption":"R\u00e1dio Life FM"},"image":{"@id":"https:\/\/radiolifefm.com.br\/noticias\/#\/schema\/logo\/image\/"},"sameAs":["https:\/\/www.facebook.com\/radiolifefm\/","https:\/\/www.instagram.com\/life1079fm\/"]},{"@type":"Person","@id":"https:\/\/radiolifefm.com.br\/noticias\/#\/schema\/person\/6339b9fac59d12b071dec680d7375d87","name":"ritanery","image":{"@type":"ImageObject","inLanguage":"pt-BR","@id":"https:\/\/secure.gravatar.com\/avatar\/0e37bb19071f47c0b8a23f62a903df117c5a0e75f65a0c2901562f97cd41cf86?s=96&d=mm&r=g","url":"https:\/\/secure.gravatar.com\/avatar\/0e37bb19071f47c0b8a23f62a903df117c5a0e75f65a0c2901562f97cd41cf86?s=96&d=mm&r=g","contentUrl":"https:\/\/secure.gravatar.com\/avatar\/0e37bb19071f47c0b8a23f62a903df117c5a0e75f65a0c2901562f97cd41cf86?s=96&d=mm&r=g","caption":"ritanery"}}]}},"amp_enabled":true,"_links":{"self":[{"href":"https:\/\/radiolifefm.com.br\/noticias\/wp-json\/wp\/v2\/posts\/49603","targetHints":{"allow":["GET"]}}],"collection":[{"href":"https:\/\/radiolifefm.com.br\/noticias\/wp-json\/wp\/v2\/posts"}],"about":[{"href":"https:\/\/radiolifefm.com.br\/noticias\/wp-json\/wp\/v2\/types\/post"}],"author":[{"embeddable":true,"href":"https:\/\/radiolifefm.com.br\/noticias\/wp-json\/wp\/v2\/users\/13"}],"replies":[{"embeddable":true,"href":"https:\/\/radiolifefm.com.br\/noticias\/wp-json\/wp\/v2\/comments?post=49603"}],"version-history":[{"count":1,"href":"https:\/\/radiolifefm.com.br\/noticias\/wp-json\/wp\/v2\/posts\/49603\/revisions"}],"predecessor-version":[{"id":49605,"href":"https:\/\/radiolifefm.com.br\/noticias\/wp-json\/wp\/v2\/posts\/49603\/revisions\/49605"}],"wp:featuredmedia":[{"embeddable":true,"href":"https:\/\/radiolifefm.com.br\/noticias\/wp-json\/wp\/v2\/media\/49604"}],"wp:attachment":[{"href":"https:\/\/radiolifefm.com.br\/noticias\/wp-json\/wp\/v2\/media?parent=49603"}],"wp:term":[{"taxonomy":"category","embeddable":true,"href":"https:\/\/radiolifefm.com.br\/noticias\/wp-json\/wp\/v2\/categories?post=49603"},{"taxonomy":"post_tag","embeddable":true,"href":"https:\/\/radiolifefm.com.br\/noticias\/wp-json\/wp\/v2\/tags?post=49603"}],"curies":[{"name":"wp","href":"https:\/\/api.w.org\/{rel}","templated":true}]}}