{"id":49597,"date":"2022-02-17T21:46:32","date_gmt":"2022-02-18T00:46:32","guid":{"rendered":"https:\/\/radiolifefm.com.br\/noticias\/?p=49597"},"modified":"2025-09-12T00:28:12","modified_gmt":"2025-09-12T03:28:12","slug":"prefeitura-de-adamantina-lanca-projeto-capoeira-do-bem","status":"publish","type":"post","link":"https:\/\/radiolifefm.com.br\/noticias\/prefeitura-de-adamantina-lanca-projeto-capoeira-do-bem\/","title":{"rendered":"Prefeitura de Adamantina lan\u00e7a Projeto Capoeira do Bem"},"content":{"rendered":"<div id=\"fb-root\"><\/div>\n<p><span style=\"color: #000000\">A Prefeitura de Adamantina, por meio da Secretaria de Assist\u00eancia Social e do Conselho Municipal dos Direitos da Crian\u00e7a e do Adolescente (CMDCA), promover\u00e1 o lan\u00e7amento do Projeto Capoeira do Bem no s\u00e1bado (19), \u00e0s 10h no Gin\u00e1sio Carlos Santana Bueno &#8220;Quadra do Navarro&#8221;.<\/p>\n<p>Atentos aos efeitos negativos da pandemia de COVID -19 na conviv\u00eancia familiar e comunit\u00e1ria e no desenvolvimento das crian\u00e7as e dos adolescentes, a pasta e o CMDCA buscaram alternativas para oferecer uma atividade que pudesse auxiliar na repara\u00e7\u00e3o das lacunas deixadas pelo isolamento social bem como atender as crian\u00e7as e adolescentes que naquele momento, entre tantas dificuldades, algumas estavam at\u00e9 frequentando os sem\u00e1foros da cidade para comercializar balas.<\/p>\n<p>Assim, com os recursos provenientes do Imposto de Renda do Bem, disponibilizado Fundo Municipal da Crian\u00e7a e Adolescentes, foi poss\u00edvel colocar em pr\u00e1tica o Projeto Capoeira do Bem.<\/p>\n<p>Atualmente, s\u00e3o atendidas pelo projeto crian\u00e7as de 02 a 15 anos incompletos de ambos os sexos do Jardim Adamantina, Jardim Brasil, Parque do Sol e da Casa do Garoto. A a\u00e7\u00e3o visa oportunizar acesso \u00e0 cultura, desenvolvimento de habilidades relacionais e motoras e tamb\u00e9m conviv\u00eancia comunit\u00e1ria.<\/p>\n<p>A iniciativa atende de forma preferencial o p\u00fablico priorit\u00e1rio dos servi\u00e7os de conviv\u00eancia e fortalecimento de v\u00ednculos. O trabalho envolve arte, coopera\u00e7\u00e3o, autonomia, ludicidade e outros aspectos.<\/p>\n<p>Para a realiza\u00e7\u00e3o do projeto foi investido R$37 mil e ele ter\u00e1 a dura\u00e7\u00e3o de 10 meses. As aulas acontecem todos os s\u00e1bados. Ao todo, foram disponibilizadas 200 vagas, sendo de no m\u00e1ximo 40 aulas por turma, sempre considerando os protocolos de preven\u00e7\u00e3o contra a COVID-19.<\/p>\n<p>O projeto \u00e9 acompanhado pelo psic\u00f3logo da Secretaria de Assist\u00eancia Social que realiza o trabalho social com as fam\u00edlias das crian\u00e7as e adolescentes integrantes da Capoeira do Bem.\u00a0<\/span><\/p>\n<div><span style=\"color: #000000\">\u00a0<\/span><\/div>\n<div><span style=\"color: #000000\"><br \/>\nA a\u00e7\u00e3o ainda oferece atividades socioeducativas, palestras e rodas de conversas com as crian\u00e7as, adolescentes e seus familiares com profissionais convidados pelo CMDCA e Secretaria Municipal de Assist\u00eancia Social.<\/span><\/div>\n<div><\/div>\n<div>Fonte: Assessoria de Imprensa<\/div>\n","protected":false},"excerpt":{"rendered":"<p>A Prefeitura de Adamantina, por meio da Secretaria de Assist\u00eancia Social e do Conselho Municipal dos Direitos da Crian\u00e7a e do Adolescente (CMDCA), promover\u00e1 o lan\u00e7amento do Projeto Capoeira do Bem no s\u00e1bado (19), \u00e0s 10h no Gin\u00e1sio Carlos Santana Bueno &#8220;Quadra do Navarro&#8221;. Atentos aos efeitos negativos da pandemia de COVID -19 na conviv\u00eancia [&hellip;]<\/p>\n","protected":false},"author":13,"featured_media":49598,"comment_status":"closed","ping_status":"open","sticky":false,"template":"","format":"standard","meta":{"_acf_changed":false,"_exactmetrics_skip_tracking":false,"_exactmetrics_sitenote_active":false,"_exactmetrics_sitenote_note":"","_exactmetrics_sitenote_category":0,"footnotes":""},"categories":[21],"tags":[],"class_list":["post-49597","post","type-post","status-publish","format-standard","has-post-thumbnail","hentry","category-adamantina"],"acf":[],"yoast_head":"<!-- This site is optimized with the Yoast SEO plugin v27.2 - https:\/\/yoast.com\/product\/yoast-seo-wordpress\/ -->\n<title>Prefeitura de Adamantina lan\u00e7a Projeto Capoeira do Bem - R\u00e1dio Life FM<\/title>\n<meta name=\"robots\" content=\"index, follow, max-snippet:-1, max-image-preview:large, max-video-preview:-1\" \/>\n<link rel=\"canonical\" href=\"https:\/\/radiolifefm.com.br\/noticias\/prefeitura-de-adamantina-lanca-projeto-capoeira-do-bem\/\" \/>\n<meta property=\"og:locale\" content=\"pt_BR\" \/>\n<meta property=\"og:type\" content=\"article\" \/>\n<meta property=\"og:title\" content=\"Prefeitura de Adamantina lan\u00e7a Projeto Capoeira do Bem - R\u00e1dio Life FM\" \/>\n<meta property=\"og:description\" content=\"A Prefeitura de Adamantina, por meio da Secretaria de Assist\u00eancia Social e do Conselho Municipal dos Direitos da Crian\u00e7a e do Adolescente (CMDCA), promover\u00e1 o lan\u00e7amento do Projeto Capoeira do Bem no s\u00e1bado (19), \u00e0s 10h no Gin\u00e1sio Carlos Santana Bueno &#8220;Quadra do Navarro&#8221;. Atentos aos efeitos negativos da pandemia de COVID -19 na conviv\u00eancia [&hellip;]\" \/>\n<meta property=\"og:url\" content=\"https:\/\/radiolifefm.com.br\/noticias\/prefeitura-de-adamantina-lanca-projeto-capoeira-do-bem\/\" \/>\n<meta property=\"og:site_name\" content=\"R\u00e1dio Life FM\" \/>\n<meta property=\"article:publisher\" content=\"https:\/\/www.facebook.com\/radiolifefm\/\" \/>\n<meta property=\"article:published_time\" content=\"2022-02-18T00:46:32+00:00\" \/>\n<meta property=\"article:modified_time\" content=\"2025-09-12T03:28:12+00:00\" \/>\n<meta property=\"og:image\" content=\"https:\/\/static.radiolifefm.com.br\/noticias\/wp-content\/uploads\/2022\/02\/foto-1-3.jpeg\" \/>\n\t<meta property=\"og:image:width\" content=\"1564\" \/>\n\t<meta property=\"og:image:height\" content=\"840\" \/>\n\t<meta property=\"og:image:type\" content=\"image\/jpeg\" \/>\n<meta name=\"author\" content=\"ritanery\" \/>\n<meta name=\"twitter:card\" content=\"summary_large_image\" \/>\n<meta name=\"twitter:label1\" content=\"Escrito por\" \/>\n\t<meta name=\"twitter:data1\" content=\"ritanery\" \/>\n\t<meta name=\"twitter:label2\" content=\"Est. tempo de leitura\" \/>\n\t<meta name=\"twitter:data2\" content=\"2 minutos\" \/>\n<script type=\"application\/ld+json\" class=\"yoast-schema-graph\">{\"@context\":\"https:\/\/schema.org\",\"@graph\":[{\"@type\":\"Article\",\"@id\":\"https:\/\/radiolifefm.com.br\/noticias\/prefeitura-de-adamantina-lanca-projeto-capoeira-do-bem\/#article\",\"isPartOf\":{\"@id\":\"https:\/\/radiolifefm.com.br\/noticias\/prefeitura-de-adamantina-lanca-projeto-capoeira-do-bem\/\"},\"author\":{\"name\":\"ritanery\",\"@id\":\"https:\/\/radiolifefm.com.br\/noticias\/#\/schema\/person\/6339b9fac59d12b071dec680d7375d87\"},\"headline\":\"Prefeitura de Adamantina lan\u00e7a Projeto Capoeira do Bem\",\"datePublished\":\"2022-02-18T00:46:32+00:00\",\"dateModified\":\"2025-09-12T03:28:12+00:00\",\"mainEntityOfPage\":{\"@id\":\"https:\/\/radiolifefm.com.br\/noticias\/prefeitura-de-adamantina-lanca-projeto-capoeira-do-bem\/\"},\"wordCount\":359,\"publisher\":{\"@id\":\"https:\/\/radiolifefm.com.br\/noticias\/#organization\"},\"image\":{\"@id\":\"https:\/\/radiolifefm.com.br\/noticias\/prefeitura-de-adamantina-lanca-projeto-capoeira-do-bem\/#primaryimage\"},\"thumbnailUrl\":\"https:\/\/radiolifefm.com.br\/noticias\/wp-content\/uploads\/2022\/02\/foto-1-3.jpeg\",\"articleSection\":[\"Adamantina\"],\"inLanguage\":\"pt-BR\"},{\"@type\":\"WebPage\",\"@id\":\"https:\/\/radiolifefm.com.br\/noticias\/prefeitura-de-adamantina-lanca-projeto-capoeira-do-bem\/\",\"url\":\"https:\/\/radiolifefm.com.br\/noticias\/prefeitura-de-adamantina-lanca-projeto-capoeira-do-bem\/\",\"name\":\"Prefeitura de Adamantina lan\u00e7a Projeto Capoeira do Bem - R\u00e1dio Life FM\",\"isPartOf\":{\"@id\":\"https:\/\/radiolifefm.com.br\/noticias\/#website\"},\"primaryImageOfPage\":{\"@id\":\"https:\/\/radiolifefm.com.br\/noticias\/prefeitura-de-adamantina-lanca-projeto-capoeira-do-bem\/#primaryimage\"},\"image\":{\"@id\":\"https:\/\/radiolifefm.com.br\/noticias\/prefeitura-de-adamantina-lanca-projeto-capoeira-do-bem\/#primaryimage\"},\"thumbnailUrl\":\"https:\/\/radiolifefm.com.br\/noticias\/wp-content\/uploads\/2022\/02\/foto-1-3.jpeg\",\"datePublished\":\"2022-02-18T00:46:32+00:00\",\"dateModified\":\"2025-09-12T03:28:12+00:00\",\"breadcrumb\":{\"@id\":\"https:\/\/radiolifefm.com.br\/noticias\/prefeitura-de-adamantina-lanca-projeto-capoeira-do-bem\/#breadcrumb\"},\"inLanguage\":\"pt-BR\",\"potentialAction\":[{\"@type\":\"ReadAction\",\"target\":[\"https:\/\/radiolifefm.com.br\/noticias\/prefeitura-de-adamantina-lanca-projeto-capoeira-do-bem\/\"]}]},{\"@type\":\"ImageObject\",\"inLanguage\":\"pt-BR\",\"@id\":\"https:\/\/radiolifefm.com.br\/noticias\/prefeitura-de-adamantina-lanca-projeto-capoeira-do-bem\/#primaryimage\",\"url\":\"https:\/\/radiolifefm.com.br\/noticias\/wp-content\/uploads\/2022\/02\/foto-1-3.jpeg\",\"contentUrl\":\"https:\/\/radiolifefm.com.br\/noticias\/wp-content\/uploads\/2022\/02\/foto-1-3.jpeg\",\"width\":1564,\"height\":840,\"caption\":\"Iniciativa leva o esporte para crian\u00e7as que moram no Jardim Adamantina, Jardim Brasil, Parque do Sol e Casa do Garoto\"},{\"@type\":\"BreadcrumbList\",\"@id\":\"https:\/\/radiolifefm.com.br\/noticias\/prefeitura-de-adamantina-lanca-projeto-capoeira-do-bem\/#breadcrumb\",\"itemListElement\":[{\"@type\":\"ListItem\",\"position\":1,\"name\":\"In\u00edcio\",\"item\":\"https:\/\/radiolifefm.com.br\/noticias\/\"},{\"@type\":\"ListItem\",\"position\":2,\"name\":\"Prefeitura de Adamantina lan\u00e7a Projeto Capoeira do Bem\"}]},{\"@type\":\"WebSite\",\"@id\":\"https:\/\/radiolifefm.com.br\/noticias\/#website\",\"url\":\"https:\/\/radiolifefm.com.br\/noticias\/\",\"name\":\"R\u00e1dio Life FM\",\"description\":\"O Portal de Not\u00edcias de Adamantina\",\"publisher\":{\"@id\":\"https:\/\/radiolifefm.com.br\/noticias\/#organization\"},\"alternateName\":\"Life FM\",\"potentialAction\":[{\"@type\":\"SearchAction\",\"target\":{\"@type\":\"EntryPoint\",\"urlTemplate\":\"https:\/\/radiolifefm.com.br\/noticias\/?s={search_term_string}\"},\"query-input\":{\"@type\":\"PropertyValueSpecification\",\"valueRequired\":true,\"valueName\":\"search_term_string\"}}],\"inLanguage\":\"pt-BR\"},{\"@type\":\"Organization\",\"@id\":\"https:\/\/radiolifefm.com.br\/noticias\/#organization\",\"name\":\"R\u00e1dio Life FM\",\"alternateName\":\"Life FM\",\"url\":\"https:\/\/radiolifefm.com.br\/noticias\/\",\"logo\":{\"@type\":\"ImageObject\",\"inLanguage\":\"pt-BR\",\"@id\":\"https:\/\/radiolifefm.com.br\/noticias\/#\/schema\/logo\/image\/\",\"url\":\"https:\/\/static.radiolifefm.com.br\/noticias\/wp-content\/uploads\/2019\/10\/logo-lifefm.png\",\"contentUrl\":\"https:\/\/static.radiolifefm.com.br\/noticias\/wp-content\/uploads\/2019\/10\/logo-lifefm.png\",\"width\":196,\"height\":47,\"caption\":\"R\u00e1dio Life FM\"},\"image\":{\"@id\":\"https:\/\/radiolifefm.com.br\/noticias\/#\/schema\/logo\/image\/\"},\"sameAs\":[\"https:\/\/www.facebook.com\/radiolifefm\/\",\"https:\/\/www.instagram.com\/life1079fm\/\"]},{\"@type\":\"Person\",\"@id\":\"https:\/\/radiolifefm.com.br\/noticias\/#\/schema\/person\/6339b9fac59d12b071dec680d7375d87\",\"name\":\"ritanery\",\"image\":{\"@type\":\"ImageObject\",\"inLanguage\":\"pt-BR\",\"@id\":\"https:\/\/secure.gravatar.com\/avatar\/0e37bb19071f47c0b8a23f62a903df117c5a0e75f65a0c2901562f97cd41cf86?s=96&d=mm&r=g\",\"url\":\"https:\/\/secure.gravatar.com\/avatar\/0e37bb19071f47c0b8a23f62a903df117c5a0e75f65a0c2901562f97cd41cf86?s=96&d=mm&r=g\",\"contentUrl\":\"https:\/\/secure.gravatar.com\/avatar\/0e37bb19071f47c0b8a23f62a903df117c5a0e75f65a0c2901562f97cd41cf86?s=96&d=mm&r=g\",\"caption\":\"ritanery\"}}]}<\/script>\n<!-- \/ Yoast SEO plugin. -->","yoast_head_json":{"title":"Prefeitura de Adamantina lan\u00e7a Projeto Capoeira do Bem - R\u00e1dio Life FM","robots":{"index":"index","follow":"follow","max-snippet":"max-snippet:-1","max-image-preview":"max-image-preview:large","max-video-preview":"max-video-preview:-1"},"canonical":"https:\/\/radiolifefm.com.br\/noticias\/prefeitura-de-adamantina-lanca-projeto-capoeira-do-bem\/","og_locale":"pt_BR","og_type":"article","og_title":"Prefeitura de Adamantina lan\u00e7a Projeto Capoeira do Bem - R\u00e1dio Life FM","og_description":"A Prefeitura de Adamantina, por meio da Secretaria de Assist\u00eancia Social e do Conselho Municipal dos Direitos da Crian\u00e7a e do Adolescente (CMDCA), promover\u00e1 o lan\u00e7amento do Projeto Capoeira do Bem no s\u00e1bado (19), \u00e0s 10h no Gin\u00e1sio Carlos Santana Bueno &#8220;Quadra do Navarro&#8221;. Atentos aos efeitos negativos da pandemia de COVID -19 na conviv\u00eancia [&hellip;]","og_url":"https:\/\/radiolifefm.com.br\/noticias\/prefeitura-de-adamantina-lanca-projeto-capoeira-do-bem\/","og_site_name":"R\u00e1dio Life FM","article_publisher":"https:\/\/www.facebook.com\/radiolifefm\/","article_published_time":"2022-02-18T00:46:32+00:00","article_modified_time":"2025-09-12T03:28:12+00:00","og_image":[{"width":1564,"height":840,"url":"https:\/\/static.radiolifefm.com.br\/noticias\/wp-content\/uploads\/2022\/02\/foto-1-3.jpeg","type":"image\/jpeg"}],"author":"ritanery","twitter_card":"summary_large_image","twitter_misc":{"Escrito por":"ritanery","Est. tempo de leitura":"2 minutos"},"schema":{"@context":"https:\/\/schema.org","@graph":[{"@type":"Article","@id":"https:\/\/radiolifefm.com.br\/noticias\/prefeitura-de-adamantina-lanca-projeto-capoeira-do-bem\/#article","isPartOf":{"@id":"https:\/\/radiolifefm.com.br\/noticias\/prefeitura-de-adamantina-lanca-projeto-capoeira-do-bem\/"},"author":{"name":"ritanery","@id":"https:\/\/radiolifefm.com.br\/noticias\/#\/schema\/person\/6339b9fac59d12b071dec680d7375d87"},"headline":"Prefeitura de Adamantina lan\u00e7a Projeto Capoeira do Bem","datePublished":"2022-02-18T00:46:32+00:00","dateModified":"2025-09-12T03:28:12+00:00","mainEntityOfPage":{"@id":"https:\/\/radiolifefm.com.br\/noticias\/prefeitura-de-adamantina-lanca-projeto-capoeira-do-bem\/"},"wordCount":359,"publisher":{"@id":"https:\/\/radiolifefm.com.br\/noticias\/#organization"},"image":{"@id":"https:\/\/radiolifefm.com.br\/noticias\/prefeitura-de-adamantina-lanca-projeto-capoeira-do-bem\/#primaryimage"},"thumbnailUrl":"https:\/\/radiolifefm.com.br\/noticias\/wp-content\/uploads\/2022\/02\/foto-1-3.jpeg","articleSection":["Adamantina"],"inLanguage":"pt-BR"},{"@type":"WebPage","@id":"https:\/\/radiolifefm.com.br\/noticias\/prefeitura-de-adamantina-lanca-projeto-capoeira-do-bem\/","url":"https:\/\/radiolifefm.com.br\/noticias\/prefeitura-de-adamantina-lanca-projeto-capoeira-do-bem\/","name":"Prefeitura de Adamantina lan\u00e7a Projeto Capoeira do Bem - R\u00e1dio Life FM","isPartOf":{"@id":"https:\/\/radiolifefm.com.br\/noticias\/#website"},"primaryImageOfPage":{"@id":"https:\/\/radiolifefm.com.br\/noticias\/prefeitura-de-adamantina-lanca-projeto-capoeira-do-bem\/#primaryimage"},"image":{"@id":"https:\/\/radiolifefm.com.br\/noticias\/prefeitura-de-adamantina-lanca-projeto-capoeira-do-bem\/#primaryimage"},"thumbnailUrl":"https:\/\/radiolifefm.com.br\/noticias\/wp-content\/uploads\/2022\/02\/foto-1-3.jpeg","datePublished":"2022-02-18T00:46:32+00:00","dateModified":"2025-09-12T03:28:12+00:00","breadcrumb":{"@id":"https:\/\/radiolifefm.com.br\/noticias\/prefeitura-de-adamantina-lanca-projeto-capoeira-do-bem\/#breadcrumb"},"inLanguage":"pt-BR","potentialAction":[{"@type":"ReadAction","target":["https:\/\/radiolifefm.com.br\/noticias\/prefeitura-de-adamantina-lanca-projeto-capoeira-do-bem\/"]}]},{"@type":"ImageObject","inLanguage":"pt-BR","@id":"https:\/\/radiolifefm.com.br\/noticias\/prefeitura-de-adamantina-lanca-projeto-capoeira-do-bem\/#primaryimage","url":"https:\/\/radiolifefm.com.br\/noticias\/wp-content\/uploads\/2022\/02\/foto-1-3.jpeg","contentUrl":"https:\/\/radiolifefm.com.br\/noticias\/wp-content\/uploads\/2022\/02\/foto-1-3.jpeg","width":1564,"height":840,"caption":"Iniciativa leva o esporte para crian\u00e7as que moram no Jardim Adamantina, Jardim Brasil, Parque do Sol e Casa do Garoto"},{"@type":"BreadcrumbList","@id":"https:\/\/radiolifefm.com.br\/noticias\/prefeitura-de-adamantina-lanca-projeto-capoeira-do-bem\/#breadcrumb","itemListElement":[{"@type":"ListItem","position":1,"name":"In\u00edcio","item":"https:\/\/radiolifefm.com.br\/noticias\/"},{"@type":"ListItem","position":2,"name":"Prefeitura de Adamantina lan\u00e7a Projeto Capoeira do Bem"}]},{"@type":"WebSite","@id":"https:\/\/radiolifefm.com.br\/noticias\/#website","url":"https:\/\/radiolifefm.com.br\/noticias\/","name":"R\u00e1dio Life FM","description":"O Portal de Not\u00edcias de Adamantina","publisher":{"@id":"https:\/\/radiolifefm.com.br\/noticias\/#organization"},"alternateName":"Life FM","potentialAction":[{"@type":"SearchAction","target":{"@type":"EntryPoint","urlTemplate":"https:\/\/radiolifefm.com.br\/noticias\/?s={search_term_string}"},"query-input":{"@type":"PropertyValueSpecification","valueRequired":true,"valueName":"search_term_string"}}],"inLanguage":"pt-BR"},{"@type":"Organization","@id":"https:\/\/radiolifefm.com.br\/noticias\/#organization","name":"R\u00e1dio Life FM","alternateName":"Life FM","url":"https:\/\/radiolifefm.com.br\/noticias\/","logo":{"@type":"ImageObject","inLanguage":"pt-BR","@id":"https:\/\/radiolifefm.com.br\/noticias\/#\/schema\/logo\/image\/","url":"https:\/\/static.radiolifefm.com.br\/noticias\/wp-content\/uploads\/2019\/10\/logo-lifefm.png","contentUrl":"https:\/\/static.radiolifefm.com.br\/noticias\/wp-content\/uploads\/2019\/10\/logo-lifefm.png","width":196,"height":47,"caption":"R\u00e1dio Life FM"},"image":{"@id":"https:\/\/radiolifefm.com.br\/noticias\/#\/schema\/logo\/image\/"},"sameAs":["https:\/\/www.facebook.com\/radiolifefm\/","https:\/\/www.instagram.com\/life1079fm\/"]},{"@type":"Person","@id":"https:\/\/radiolifefm.com.br\/noticias\/#\/schema\/person\/6339b9fac59d12b071dec680d7375d87","name":"ritanery","image":{"@type":"ImageObject","inLanguage":"pt-BR","@id":"https:\/\/secure.gravatar.com\/avatar\/0e37bb19071f47c0b8a23f62a903df117c5a0e75f65a0c2901562f97cd41cf86?s=96&d=mm&r=g","url":"https:\/\/secure.gravatar.com\/avatar\/0e37bb19071f47c0b8a23f62a903df117c5a0e75f65a0c2901562f97cd41cf86?s=96&d=mm&r=g","contentUrl":"https:\/\/secure.gravatar.com\/avatar\/0e37bb19071f47c0b8a23f62a903df117c5a0e75f65a0c2901562f97cd41cf86?s=96&d=mm&r=g","caption":"ritanery"}}]}},"amp_enabled":true,"_links":{"self":[{"href":"https:\/\/radiolifefm.com.br\/noticias\/wp-json\/wp\/v2\/posts\/49597","targetHints":{"allow":["GET"]}}],"collection":[{"href":"https:\/\/radiolifefm.com.br\/noticias\/wp-json\/wp\/v2\/posts"}],"about":[{"href":"https:\/\/radiolifefm.com.br\/noticias\/wp-json\/wp\/v2\/types\/post"}],"author":[{"embeddable":true,"href":"https:\/\/radiolifefm.com.br\/noticias\/wp-json\/wp\/v2\/users\/13"}],"replies":[{"embeddable":true,"href":"https:\/\/radiolifefm.com.br\/noticias\/wp-json\/wp\/v2\/comments?post=49597"}],"version-history":[{"count":4,"href":"https:\/\/radiolifefm.com.br\/noticias\/wp-json\/wp\/v2\/posts\/49597\/revisions"}],"predecessor-version":[{"id":49602,"href":"https:\/\/radiolifefm.com.br\/noticias\/wp-json\/wp\/v2\/posts\/49597\/revisions\/49602"}],"wp:featuredmedia":[{"embeddable":true,"href":"https:\/\/radiolifefm.com.br\/noticias\/wp-json\/wp\/v2\/media\/49598"}],"wp:attachment":[{"href":"https:\/\/radiolifefm.com.br\/noticias\/wp-json\/wp\/v2\/media?parent=49597"}],"wp:term":[{"taxonomy":"category","embeddable":true,"href":"https:\/\/radiolifefm.com.br\/noticias\/wp-json\/wp\/v2\/categories?post=49597"},{"taxonomy":"post_tag","embeddable":true,"href":"https:\/\/radiolifefm.com.br\/noticias\/wp-json\/wp\/v2\/tags?post=49597"}],"curies":[{"name":"wp","href":"https:\/\/api.w.org\/{rel}","templated":true}]}}