{"id":49559,"date":"2022-02-17T09:09:07","date_gmt":"2022-02-17T12:09:07","guid":{"rendered":"https:\/\/radiolifefm.com.br\/noticias\/?p=49559"},"modified":"2026-03-22T12:14:42","modified_gmt":"2026-03-22T15:14:42","slug":"construlix-apresenta-projeto-tecnico-da-canalizacao-do-parque-caldeira-e-rebate-tese-de-falha-na-execucao","status":"publish","type":"post","link":"https:\/\/radiolifefm.com.br\/noticias\/construlix-apresenta-projeto-tecnico-da-canalizacao-do-parque-caldeira-e-rebate-tese-de-falha-na-execucao\/","title":{"rendered":"Construlix apresenta projeto t\u00e9cnico da canaliza\u00e7\u00e3o  do Parque Caldeira e rebate tese de falha na execu\u00e7\u00e3o"},"content":{"rendered":"<div id=\"fb-root\"><\/div>\n<p>A veicula\u00e7\u00e3o de reportagem na edi\u00e7\u00e3o de 5 de janeiro, motivou os empres\u00e1rios Luiz Ot\u00e1vio Gavazzi e Orlando Nazari J\u00fanior a visitarem a reda\u00e7\u00e3o do Di\u00e1rio, para a apresenta\u00e7\u00e3o do projeto t\u00e9cnico da obra e a contesta\u00e7\u00e3o da decis\u00e3o, o que tamb\u00e9m est\u00e1 sendo feito na esfera judicial.<\/p>\n<p>A reportagem, publicada pelo Di\u00e1rio, retratava a a\u00e7\u00e3o das chuvas que ampliou os danos estruturais na canaliza\u00e7\u00e3o do c\u00f3rrego Tocantins, no Parque Caldeira, com o registro de crateras e placas de concreto soltas ao longo da obra, al\u00e9m de divulgar o teor da condena\u00e7\u00e3o imposta \u00e0 empresa Construlix &#8211; Constru\u00e7\u00e3o, Ind\u00fastria, Com\u00e9rcio e Servi\u00e7os Ltda.<\/p>\n<p>Vencedora dos processos licitat\u00f3rios para a execu\u00e7\u00e3o dos trechos III, IV e V da obra de canaliza\u00e7\u00e3o do c\u00f3rrego Tocantins, no Parque Caldeira, a empresa foi condenada a proceder reparos necess\u00e1rios. No entanto, a empresa continua recorrendo da decis\u00e3o judicialmente, inclusive alegando cerceamento de defesa, falhas t\u00e9cnicas no processo licitat\u00f3rio e a falta de projeto b\u00e1sico\/executivo.<\/p>\n<p>Em entrevista ao Di\u00e1rio, os empres\u00e1rios apresentaram os projetos t\u00e9cnicos originais da licita\u00e7\u00e3o do trecho I, elaborado pela empresa multinacional Maccaferri, que serviriam de base para a execu\u00e7\u00e3o dos demais trechos complementares daquela canaliza\u00e7\u00e3o.<\/p>\n<div class='flex flex-wrap items-center -mx-1'>\r\n<a class='thumbnail gallery p-1 w-1\/2 md:w-1\/4' href='https:\/\/radiolifefm.com.br\/noticias\/wp-content\/uploads\/2022\/02\/WhatsApp-Image-2022-02-17-at-08.52.34.jpeg'><img class='border border-white' src='https:\/\/radiolifefm.com.br\/noticias\/wp-content\/uploads\/2022\/02\/WhatsApp-Image-2022-02-17-at-08.52.34-200x200.jpeg' alt='WhatsApp Image 2022 02 17 At 08.52.34' \/><\/a><a class='thumbnail gallery p-1 w-1\/2 md:w-1\/4' href='https:\/\/radiolifefm.com.br\/noticias\/wp-content\/uploads\/2022\/02\/WhatsApp-Image-2022-02-17-at-08.52.35-1.jpeg'><img class='border border-white' src='https:\/\/radiolifefm.com.br\/noticias\/wp-content\/uploads\/2022\/02\/WhatsApp-Image-2022-02-17-at-08.52.35-1-200x200.jpeg' alt='WhatsApp Image 2022 02 17 At 08.52.35 (1)' \/><\/a><a class='thumbnail gallery p-1 w-1\/2 md:w-1\/4' href='https:\/\/radiolifefm.com.br\/noticias\/wp-content\/uploads\/2022\/02\/WhatsApp-Image-2022-02-17-at-08.52.35-2.jpeg'><img class='border border-white' src='https:\/\/radiolifefm.com.br\/noticias\/wp-content\/uploads\/2022\/02\/WhatsApp-Image-2022-02-17-at-08.52.35-2-200x200.jpeg' alt='WhatsApp Image 2022 02 17 At 08.52.35 (2)' \/><\/a><a class='thumbnail gallery p-1 w-1\/2 md:w-1\/4' href='https:\/\/radiolifefm.com.br\/noticias\/wp-content\/uploads\/2022\/02\/WhatsApp-Image-2022-02-17-at-08.52.35.jpeg'><img class='border border-white' src='https:\/\/radiolifefm.com.br\/noticias\/wp-content\/uploads\/2022\/02\/WhatsApp-Image-2022-02-17-at-08.52.35-200x200.jpeg' alt='WhatsApp Image 2022 02 17 At 08.52.35' \/><\/a><\/div>\n<p>O projeto apresentado na licita\u00e7\u00e3o est\u00e1 diferente do projeto da empresa Maccaferri, uma vez que n\u00e3o previa a implanta\u00e7\u00e3o do colch\u00e3o-reno dentro do canal, mas, somente nas margens do referido c\u00f3rrego do projeto licitado pela Prefeitura Municipal. \u201cNos projetos das licita\u00e7\u00f5es dos trechos III, IV e V, foram retirados os colch\u00f5es-reno de dentro do canal. \u00c9 n\u00edtida e cristalina a altera\u00e7\u00e3o ocorrida no projeto da empresa Maccaferri; a impress\u00e3o digital dessa altera\u00e7\u00e3o no projeto licitado, aparece na cota (0,23m) \u2013 medida da altura do colch\u00e3o de reno, mas n\u00e3o indica a sua instala\u00e7\u00e3o propriamente dito, ou seja, apenas a medida do projeto anterior foi mantida\u201d, revela Orlando Nazari J\u00fanior.<\/p>\n<p>A inexist\u00eancia deste elemento no projeto e a falta de manuten\u00e7\u00e3o peri\u00f3dica da obra, at\u00e9 ent\u00e3o regido pela lei de licita\u00e7\u00f5es n\u00ba 8.666, de 21 de junho de 1993, s\u00e3o apontados pelos empres\u00e1rios como principais respons\u00e1veis pelo aparecimento de problemas estruturais. \u201cN\u00f3s fomos contratados para executar a obra de acordo com as especifica\u00e7\u00f5es constantes no projeto t\u00e9cnico. N\u00e3o t\u00ednhamos conhecimento do projeto aplicado nas duas etapas anteriores \u2013 onde constava a instala\u00e7\u00e3o do colch\u00e3o-reno dentro do canal. Ent\u00e3o, nos baseamos no documento t\u00e9cnico que nos foi entregue\u201d, destacou Luiz Ot\u00e1vio Gavazzi.<\/p>\n<p>Ainda segundo o empres\u00e1rio, a canaliza\u00e7\u00e3o foi conclu\u00edda de acordo com as especifica\u00e7\u00f5es; e a equipe t\u00e9cnica da Prefeitura assinou o Termo de Recebimento da obra. Gavazzi salienta ainda que o argumento apresentado em ju\u00edzo pelos t\u00e9cnicos do Poder Executivo de que desconheciam a obra, mesmo que fosse verdade, infringiria a pr\u00f3pria lei de licita\u00e7\u00f5es, que estabelece em seu artigo 67 que: \u201cA execu\u00e7\u00e3o do contrato dever\u00e1 ser acompanhada e fiscalizada por um representante da Administra\u00e7\u00e3o especialmente designado, permitida a contrata\u00e7\u00e3o de terceiros para assisti-lo e subsidi\u00e1-lo de informa\u00e7\u00f5es pertinentes a essa atribui\u00e7\u00e3o\u201d.<\/p>\n<p>Sem o conhecimento do motivo da supress\u00e3o, por parte da equipe t\u00e9cnica da prefeitura, do colch\u00e3o-reno nos desenhos t\u00e9cnicos dos trechos executados pela empresa, os empres\u00e1rios ressaltam que em grande parte das licita\u00e7\u00f5es, mesmo ap\u00f3s a aprova\u00e7\u00e3o dos conv\u00eanios, a demora para ao recebimento dos recursos promove um desequil\u00edbrio financeiro em raz\u00e3o da eleva\u00e7\u00e3o de valores dos materiais previstos no projeto de execu\u00e7\u00e3o das obras. \u201cN\u00e3o posso alterar um projeto. \u00c9 ele quem vai nortear toda a execu\u00e7\u00e3o da obra. Se a equipe t\u00e9cnica da prefeitura decidiu retirar o colch\u00e3o de reno para evitar uma contrapartida maior, n\u00e3o temos como pagar por um erro deles\u201d, afirma Gavazzi.<\/p>\n<p>Sobre a decis\u00e3o judicial, os empres\u00e1rios destacam que, por se tratar de um assunto estritamente t\u00e9cnico, n\u00e3o houve uma correta compreens\u00e3o dos fatos, inclusive com impossibilidade de apresenta\u00e7\u00e3o de elementos fundamentais para a defesa e para confrontar os depoimentos de t\u00e9cnicos da prefeitura. \u201cO profissional da prefeitura que dep\u00f4s n\u00e3o assumiu a responsabilidade pela retirada \u2013 no projeto licitado, do colch\u00e3o de reno e disse que estava impl\u00edcito no projeto. Como est\u00e1 impl\u00edcito? N\u00e3o constava do projeto b\u00e1sico apresentado!\u201d, exclama.<\/p>\n<p>Os empres\u00e1rios confirmam terem cumprido o projeto e a planilha or\u00e7ament\u00e1ria apresentada, com a coloca\u00e7\u00e3o dos gabi\u00f5es tipo caixa e a instala\u00e7\u00e3o do colch\u00e3o-reno nas margens laterais, atendendo integralmente os desenhos t\u00e9cnicos que nortearam as obras.<\/p>\n<p>A argumenta\u00e7\u00e3o apresentada pela Construlix foi acolhida parcialmente por dois dos desembargadores da 12\u00aa C\u00e2mara de Direito P\u00fablico do Tribunal de Justi\u00e7a de S\u00e3o Paulo, conforme senten\u00e7a publicada em 13 de setembro, reconheceram a responsabilidade da Prefeitura. No entanto, por maioria do colegiado, foi negado provimento ao recurso de apela\u00e7\u00e3o apresentado pela empresa.<\/p>\n<div class='flex flex-wrap items-center -mx-1'>\r\n<a class='thumbnail gallery p-1 w-1\/2 md:w-1\/4' href='https:\/\/radiolifefm.com.br\/noticias\/wp-content\/uploads\/2022\/02\/WhatsApp-Image-2022-02-17-at-08.53.42-1.jpeg'><img class='border border-white' src='https:\/\/radiolifefm.com.br\/noticias\/wp-content\/uploads\/2022\/02\/WhatsApp-Image-2022-02-17-at-08.53.42-1-200x200.jpeg' alt='WhatsApp Image 2022 02 17 At 08.53.42 (1)' \/><\/a><a class='thumbnail gallery p-1 w-1\/2 md:w-1\/4' href='https:\/\/radiolifefm.com.br\/noticias\/wp-content\/uploads\/2022\/02\/WhatsApp-Image-2022-02-17-at-08.53.42.jpeg'><img class='border border-white' src='https:\/\/radiolifefm.com.br\/noticias\/wp-content\/uploads\/2022\/02\/WhatsApp-Image-2022-02-17-at-08.53.42-200x200.jpeg' alt='WhatsApp Image 2022 02 17 At 08.53.42' \/><\/a><\/div>\n<p><strong>Tranquilidade<\/strong><\/p>\n<p>Os empres\u00e1rios revelam estarem tranquilos, mas n\u00e3o satisfeitos com toda essa situa\u00e7\u00e3o. Em mais de 30 anos de servi\u00e7os prestados, tanto \u00e0 iniciativa privada quanto para \u00f3rg\u00e3os p\u00fablicos, a Construlix possui um hist\u00f3rico de sucesso, com raros problemas em suas obras.<\/p>\n<p>Prova da serenidade e da certeza de terem executado os servi\u00e7os de maneira condizente com o licitado, os empres\u00e1rios ir\u00e3o tentar viabilizar agora uma reuni\u00e3o na C\u00e2mara Municipal de Adamantina, para apresentar os detalhes t\u00e9cnicos aos vereadores.<\/p>\n<p>Al\u00e9m da falha de projeto, os empres\u00e1rios destacam ainda que a falta de manuten\u00e7\u00e3o da obra \u00e9 fator primordial para o atual cen\u00e1rio de degrada\u00e7\u00e3o da canaliza\u00e7\u00e3o.<\/p>\n<p>&nbsp;<\/p>\n<p><strong>Disputa Judicial<\/strong><\/p>\n<p>A Construlix Constru\u00e7\u00e3o, Ind. Com. e Servi\u00e7os Ltda. foi vencedora em licita\u00e7\u00e3o da Carta Convite n\u00ba 04\/2014, que teve por objeto a contrata\u00e7\u00e3o de empresa especializada para reparos e manuten\u00e7\u00e3o dos trechos III e IV na obra de canaliza\u00e7\u00e3o do C\u00f3rrego Caldeiras, e resultou no Contrato Administrativo n\u00ba 62\/2014. Em maio de 2015, o Munic\u00edpio de Adamantina alegou a inexecu\u00e7\u00e3o do contrato, dado que os problemas persistiram ap\u00f3s a conclus\u00e3o dos reparos.<\/p>\n<p>No Poder Judici\u00e1rio, conforme senten\u00e7a de 7 de fevereiro de 2017, a Construlix foi condenada a proceder os reparos no \u201cTrecho IV\u201d da obra de canaliza\u00e7\u00e3o do c\u00f3rrego, sob pena de multa di\u00e1ria de R$ 5 mil, limitada a R$ 150 mil (Processo 1001981-42.2016.8.26.0081).<\/p>\n<p>A empresa recorreu e o caso foi remetido ao Tribunal de Justi\u00e7a do Estado de S\u00e3o Paulo. Em 4 de agosto do ano passado, a 12\u00aa C\u00e2mara de Direito P\u00fablico do TJSP julgou o recurso apresentado pela empresa. A senten\u00e7a foi publicada em 13 de setembro do ano passado.<\/p>\n<p>Fonte: Everton Santos do Di\u00e1rio<\/p>\n","protected":false},"excerpt":{"rendered":"<p>A veicula\u00e7\u00e3o de reportagem na edi\u00e7\u00e3o de 5 de janeiro, motivou os empres\u00e1rios Luiz Ot\u00e1vio Gavazzi e Orlando Nazari J\u00fanior a visitarem a reda\u00e7\u00e3o do Di\u00e1rio, para a apresenta\u00e7\u00e3o do projeto t\u00e9cnico da obra e a contesta\u00e7\u00e3o da decis\u00e3o, o que tamb\u00e9m est\u00e1 sendo feito na esfera judicial. A reportagem, publicada pelo Di\u00e1rio, retratava a [&hellip;]<\/p>\n","protected":false},"author":13,"featured_media":49560,"comment_status":"closed","ping_status":"open","sticky":false,"template":"","format":"standard","meta":{"_acf_changed":false,"_exactmetrics_skip_tracking":false,"_exactmetrics_sitenote_active":false,"_exactmetrics_sitenote_note":"","_exactmetrics_sitenote_category":0,"footnotes":""},"categories":[21],"tags":[],"class_list":["post-49559","post","type-post","status-publish","format-standard","has-post-thumbnail","hentry","category-adamantina"],"acf":[],"yoast_head":"<!-- This site is optimized with the Yoast SEO plugin v27.2 - https:\/\/yoast.com\/product\/yoast-seo-wordpress\/ -->\n<title>Construlix apresenta projeto t\u00e9cnico da canaliza\u00e7\u00e3o do Parque Caldeira e rebate tese de falha na execu\u00e7\u00e3o - R\u00e1dio Life FM<\/title>\n<meta name=\"robots\" content=\"index, follow, max-snippet:-1, max-image-preview:large, max-video-preview:-1\" \/>\n<link rel=\"canonical\" href=\"https:\/\/radiolifefm.com.br\/noticias\/construlix-apresenta-projeto-tecnico-da-canalizacao-do-parque-caldeira-e-rebate-tese-de-falha-na-execucao\/\" \/>\n<meta property=\"og:locale\" content=\"pt_BR\" \/>\n<meta property=\"og:type\" content=\"article\" \/>\n<meta property=\"og:title\" content=\"Construlix apresenta projeto t\u00e9cnico da canaliza\u00e7\u00e3o do Parque Caldeira e rebate tese de falha na execu\u00e7\u00e3o - R\u00e1dio Life FM\" \/>\n<meta property=\"og:description\" content=\"A veicula\u00e7\u00e3o de reportagem na edi\u00e7\u00e3o de 5 de janeiro, motivou os empres\u00e1rios Luiz Ot\u00e1vio Gavazzi e Orlando Nazari J\u00fanior a visitarem a reda\u00e7\u00e3o do Di\u00e1rio, para a apresenta\u00e7\u00e3o do projeto t\u00e9cnico da obra e a contesta\u00e7\u00e3o da decis\u00e3o, o que tamb\u00e9m est\u00e1 sendo feito na esfera judicial. A reportagem, publicada pelo Di\u00e1rio, retratava a [&hellip;]\" \/>\n<meta property=\"og:url\" content=\"https:\/\/radiolifefm.com.br\/noticias\/construlix-apresenta-projeto-tecnico-da-canalizacao-do-parque-caldeira-e-rebate-tese-de-falha-na-execucao\/\" \/>\n<meta property=\"og:site_name\" content=\"R\u00e1dio Life FM\" \/>\n<meta property=\"article:publisher\" content=\"https:\/\/www.facebook.com\/radiolifefm\/\" \/>\n<meta property=\"article:published_time\" content=\"2022-02-17T12:09:07+00:00\" \/>\n<meta property=\"article:modified_time\" content=\"2026-03-22T15:14:42+00:00\" \/>\n<meta property=\"og:image\" content=\"https:\/\/radiolifefm.com.br\/noticias\/wp-content\/uploads\/2022\/02\/capa.jpg\" \/>\n\t<meta property=\"og:image:width\" content=\"1920\" \/>\n\t<meta property=\"og:image:height\" content=\"1080\" \/>\n\t<meta property=\"og:image:type\" content=\"image\/jpeg\" \/>\n<meta name=\"author\" content=\"ritanery\" \/>\n<meta name=\"twitter:card\" content=\"summary_large_image\" \/>\n<meta name=\"twitter:label1\" content=\"Escrito por\" \/>\n\t<meta name=\"twitter:data1\" content=\"ritanery\" \/>\n\t<meta name=\"twitter:label2\" content=\"Est. tempo de leitura\" \/>\n\t<meta name=\"twitter:data2\" content=\"6 minutos\" \/>\n<script type=\"application\/ld+json\" class=\"yoast-schema-graph\">{\"@context\":\"https:\/\/schema.org\",\"@graph\":[{\"@type\":\"Article\",\"@id\":\"https:\/\/radiolifefm.com.br\/noticias\/construlix-apresenta-projeto-tecnico-da-canalizacao-do-parque-caldeira-e-rebate-tese-de-falha-na-execucao\/#article\",\"isPartOf\":{\"@id\":\"https:\/\/radiolifefm.com.br\/noticias\/construlix-apresenta-projeto-tecnico-da-canalizacao-do-parque-caldeira-e-rebate-tese-de-falha-na-execucao\/\"},\"author\":{\"name\":\"ritanery\",\"@id\":\"https:\/\/radiolifefm.com.br\/noticias\/#\/schema\/person\/6339b9fac59d12b071dec680d7375d87\"},\"headline\":\"Construlix apresenta projeto t\u00e9cnico da canaliza\u00e7\u00e3o do Parque Caldeira e rebate tese de falha na execu\u00e7\u00e3o\",\"datePublished\":\"2022-02-17T12:09:07+00:00\",\"dateModified\":\"2026-03-22T15:14:42+00:00\",\"mainEntityOfPage\":{\"@id\":\"https:\/\/radiolifefm.com.br\/noticias\/construlix-apresenta-projeto-tecnico-da-canalizacao-do-parque-caldeira-e-rebate-tese-de-falha-na-execucao\/\"},\"wordCount\":1218,\"publisher\":{\"@id\":\"https:\/\/radiolifefm.com.br\/noticias\/#organization\"},\"image\":{\"@id\":\"https:\/\/radiolifefm.com.br\/noticias\/construlix-apresenta-projeto-tecnico-da-canalizacao-do-parque-caldeira-e-rebate-tese-de-falha-na-execucao\/#primaryimage\"},\"thumbnailUrl\":\"https:\/\/radiolifefm.com.br\/noticias\/wp-content\/uploads\/2022\/02\/capa.jpg\",\"articleSection\":[\"Adamantina\"],\"inLanguage\":\"pt-BR\"},{\"@type\":\"WebPage\",\"@id\":\"https:\/\/radiolifefm.com.br\/noticias\/construlix-apresenta-projeto-tecnico-da-canalizacao-do-parque-caldeira-e-rebate-tese-de-falha-na-execucao\/\",\"url\":\"https:\/\/radiolifefm.com.br\/noticias\/construlix-apresenta-projeto-tecnico-da-canalizacao-do-parque-caldeira-e-rebate-tese-de-falha-na-execucao\/\",\"name\":\"Construlix apresenta projeto t\u00e9cnico da canaliza\u00e7\u00e3o do Parque Caldeira e rebate tese de falha na execu\u00e7\u00e3o - R\u00e1dio Life FM\",\"isPartOf\":{\"@id\":\"https:\/\/radiolifefm.com.br\/noticias\/#website\"},\"primaryImageOfPage\":{\"@id\":\"https:\/\/radiolifefm.com.br\/noticias\/construlix-apresenta-projeto-tecnico-da-canalizacao-do-parque-caldeira-e-rebate-tese-de-falha-na-execucao\/#primaryimage\"},\"image\":{\"@id\":\"https:\/\/radiolifefm.com.br\/noticias\/construlix-apresenta-projeto-tecnico-da-canalizacao-do-parque-caldeira-e-rebate-tese-de-falha-na-execucao\/#primaryimage\"},\"thumbnailUrl\":\"https:\/\/radiolifefm.com.br\/noticias\/wp-content\/uploads\/2022\/02\/capa.jpg\",\"datePublished\":\"2022-02-17T12:09:07+00:00\",\"dateModified\":\"2026-03-22T15:14:42+00:00\",\"breadcrumb\":{\"@id\":\"https:\/\/radiolifefm.com.br\/noticias\/construlix-apresenta-projeto-tecnico-da-canalizacao-do-parque-caldeira-e-rebate-tese-de-falha-na-execucao\/#breadcrumb\"},\"inLanguage\":\"pt-BR\",\"potentialAction\":[{\"@type\":\"ReadAction\",\"target\":[\"https:\/\/radiolifefm.com.br\/noticias\/construlix-apresenta-projeto-tecnico-da-canalizacao-do-parque-caldeira-e-rebate-tese-de-falha-na-execucao\/\"]}]},{\"@type\":\"ImageObject\",\"inLanguage\":\"pt-BR\",\"@id\":\"https:\/\/radiolifefm.com.br\/noticias\/construlix-apresenta-projeto-tecnico-da-canalizacao-do-parque-caldeira-e-rebate-tese-de-falha-na-execucao\/#primaryimage\",\"url\":\"https:\/\/radiolifefm.com.br\/noticias\/wp-content\/uploads\/2022\/02\/capa.jpg\",\"contentUrl\":\"https:\/\/radiolifefm.com.br\/noticias\/wp-content\/uploads\/2022\/02\/capa.jpg\",\"width\":1920,\"height\":1080,\"caption\":\"Empres\u00e1rios negam falha de execu\u00e7\u00e3o do projeto, que apresenta aus\u00eancia do \u201ccolch\u00e3o de reno\u201d dos trechos III, IV e V da obra de canaliza\u00e7\u00e3o do c\u00f3rrego Tocantins\"},{\"@type\":\"BreadcrumbList\",\"@id\":\"https:\/\/radiolifefm.com.br\/noticias\/construlix-apresenta-projeto-tecnico-da-canalizacao-do-parque-caldeira-e-rebate-tese-de-falha-na-execucao\/#breadcrumb\",\"itemListElement\":[{\"@type\":\"ListItem\",\"position\":1,\"name\":\"In\u00edcio\",\"item\":\"https:\/\/radiolifefm.com.br\/noticias\/\"},{\"@type\":\"ListItem\",\"position\":2,\"name\":\"Construlix apresenta projeto t\u00e9cnico da canaliza\u00e7\u00e3o do Parque Caldeira e rebate tese de falha na execu\u00e7\u00e3o\"}]},{\"@type\":\"WebSite\",\"@id\":\"https:\/\/radiolifefm.com.br\/noticias\/#website\",\"url\":\"https:\/\/radiolifefm.com.br\/noticias\/\",\"name\":\"R\u00e1dio Life FM\",\"description\":\"O Portal de Not\u00edcias de Adamantina\",\"publisher\":{\"@id\":\"https:\/\/radiolifefm.com.br\/noticias\/#organization\"},\"alternateName\":\"Life FM\",\"potentialAction\":[{\"@type\":\"SearchAction\",\"target\":{\"@type\":\"EntryPoint\",\"urlTemplate\":\"https:\/\/radiolifefm.com.br\/noticias\/?s={search_term_string}\"},\"query-input\":{\"@type\":\"PropertyValueSpecification\",\"valueRequired\":true,\"valueName\":\"search_term_string\"}}],\"inLanguage\":\"pt-BR\"},{\"@type\":\"Organization\",\"@id\":\"https:\/\/radiolifefm.com.br\/noticias\/#organization\",\"name\":\"R\u00e1dio Life FM\",\"alternateName\":\"Life FM\",\"url\":\"https:\/\/radiolifefm.com.br\/noticias\/\",\"logo\":{\"@type\":\"ImageObject\",\"inLanguage\":\"pt-BR\",\"@id\":\"https:\/\/radiolifefm.com.br\/noticias\/#\/schema\/logo\/image\/\",\"url\":\"https:\/\/static.radiolifefm.com.br\/noticias\/wp-content\/uploads\/2019\/10\/logo-lifefm.png\",\"contentUrl\":\"https:\/\/static.radiolifefm.com.br\/noticias\/wp-content\/uploads\/2019\/10\/logo-lifefm.png\",\"width\":196,\"height\":47,\"caption\":\"R\u00e1dio Life FM\"},\"image\":{\"@id\":\"https:\/\/radiolifefm.com.br\/noticias\/#\/schema\/logo\/image\/\"},\"sameAs\":[\"https:\/\/www.facebook.com\/radiolifefm\/\",\"https:\/\/www.instagram.com\/life1079fm\/\"]},{\"@type\":\"Person\",\"@id\":\"https:\/\/radiolifefm.com.br\/noticias\/#\/schema\/person\/6339b9fac59d12b071dec680d7375d87\",\"name\":\"ritanery\",\"image\":{\"@type\":\"ImageObject\",\"inLanguage\":\"pt-BR\",\"@id\":\"https:\/\/secure.gravatar.com\/avatar\/0e37bb19071f47c0b8a23f62a903df117c5a0e75f65a0c2901562f97cd41cf86?s=96&d=mm&r=g\",\"url\":\"https:\/\/secure.gravatar.com\/avatar\/0e37bb19071f47c0b8a23f62a903df117c5a0e75f65a0c2901562f97cd41cf86?s=96&d=mm&r=g\",\"contentUrl\":\"https:\/\/secure.gravatar.com\/avatar\/0e37bb19071f47c0b8a23f62a903df117c5a0e75f65a0c2901562f97cd41cf86?s=96&d=mm&r=g\",\"caption\":\"ritanery\"}}]}<\/script>\n<!-- \/ Yoast SEO plugin. -->","yoast_head_json":{"title":"Construlix apresenta projeto t\u00e9cnico da canaliza\u00e7\u00e3o do Parque Caldeira e rebate tese de falha na execu\u00e7\u00e3o - R\u00e1dio Life FM","robots":{"index":"index","follow":"follow","max-snippet":"max-snippet:-1","max-image-preview":"max-image-preview:large","max-video-preview":"max-video-preview:-1"},"canonical":"https:\/\/radiolifefm.com.br\/noticias\/construlix-apresenta-projeto-tecnico-da-canalizacao-do-parque-caldeira-e-rebate-tese-de-falha-na-execucao\/","og_locale":"pt_BR","og_type":"article","og_title":"Construlix apresenta projeto t\u00e9cnico da canaliza\u00e7\u00e3o do Parque Caldeira e rebate tese de falha na execu\u00e7\u00e3o - R\u00e1dio Life FM","og_description":"A veicula\u00e7\u00e3o de reportagem na edi\u00e7\u00e3o de 5 de janeiro, motivou os empres\u00e1rios Luiz Ot\u00e1vio Gavazzi e Orlando Nazari J\u00fanior a visitarem a reda\u00e7\u00e3o do Di\u00e1rio, para a apresenta\u00e7\u00e3o do projeto t\u00e9cnico da obra e a contesta\u00e7\u00e3o da decis\u00e3o, o que tamb\u00e9m est\u00e1 sendo feito na esfera judicial. A reportagem, publicada pelo Di\u00e1rio, retratava a [&hellip;]","og_url":"https:\/\/radiolifefm.com.br\/noticias\/construlix-apresenta-projeto-tecnico-da-canalizacao-do-parque-caldeira-e-rebate-tese-de-falha-na-execucao\/","og_site_name":"R\u00e1dio Life FM","article_publisher":"https:\/\/www.facebook.com\/radiolifefm\/","article_published_time":"2022-02-17T12:09:07+00:00","article_modified_time":"2026-03-22T15:14:42+00:00","og_image":[{"width":1920,"height":1080,"url":"https:\/\/radiolifefm.com.br\/noticias\/wp-content\/uploads\/2022\/02\/capa.jpg","type":"image\/jpeg"}],"author":"ritanery","twitter_card":"summary_large_image","twitter_misc":{"Escrito por":"ritanery","Est. tempo de leitura":"6 minutos"},"schema":{"@context":"https:\/\/schema.org","@graph":[{"@type":"Article","@id":"https:\/\/radiolifefm.com.br\/noticias\/construlix-apresenta-projeto-tecnico-da-canalizacao-do-parque-caldeira-e-rebate-tese-de-falha-na-execucao\/#article","isPartOf":{"@id":"https:\/\/radiolifefm.com.br\/noticias\/construlix-apresenta-projeto-tecnico-da-canalizacao-do-parque-caldeira-e-rebate-tese-de-falha-na-execucao\/"},"author":{"name":"ritanery","@id":"https:\/\/radiolifefm.com.br\/noticias\/#\/schema\/person\/6339b9fac59d12b071dec680d7375d87"},"headline":"Construlix apresenta projeto t\u00e9cnico da canaliza\u00e7\u00e3o do Parque Caldeira e rebate tese de falha na execu\u00e7\u00e3o","datePublished":"2022-02-17T12:09:07+00:00","dateModified":"2026-03-22T15:14:42+00:00","mainEntityOfPage":{"@id":"https:\/\/radiolifefm.com.br\/noticias\/construlix-apresenta-projeto-tecnico-da-canalizacao-do-parque-caldeira-e-rebate-tese-de-falha-na-execucao\/"},"wordCount":1218,"publisher":{"@id":"https:\/\/radiolifefm.com.br\/noticias\/#organization"},"image":{"@id":"https:\/\/radiolifefm.com.br\/noticias\/construlix-apresenta-projeto-tecnico-da-canalizacao-do-parque-caldeira-e-rebate-tese-de-falha-na-execucao\/#primaryimage"},"thumbnailUrl":"https:\/\/radiolifefm.com.br\/noticias\/wp-content\/uploads\/2022\/02\/capa.jpg","articleSection":["Adamantina"],"inLanguage":"pt-BR"},{"@type":"WebPage","@id":"https:\/\/radiolifefm.com.br\/noticias\/construlix-apresenta-projeto-tecnico-da-canalizacao-do-parque-caldeira-e-rebate-tese-de-falha-na-execucao\/","url":"https:\/\/radiolifefm.com.br\/noticias\/construlix-apresenta-projeto-tecnico-da-canalizacao-do-parque-caldeira-e-rebate-tese-de-falha-na-execucao\/","name":"Construlix apresenta projeto t\u00e9cnico da canaliza\u00e7\u00e3o do Parque Caldeira e rebate tese de falha na execu\u00e7\u00e3o - R\u00e1dio Life FM","isPartOf":{"@id":"https:\/\/radiolifefm.com.br\/noticias\/#website"},"primaryImageOfPage":{"@id":"https:\/\/radiolifefm.com.br\/noticias\/construlix-apresenta-projeto-tecnico-da-canalizacao-do-parque-caldeira-e-rebate-tese-de-falha-na-execucao\/#primaryimage"},"image":{"@id":"https:\/\/radiolifefm.com.br\/noticias\/construlix-apresenta-projeto-tecnico-da-canalizacao-do-parque-caldeira-e-rebate-tese-de-falha-na-execucao\/#primaryimage"},"thumbnailUrl":"https:\/\/radiolifefm.com.br\/noticias\/wp-content\/uploads\/2022\/02\/capa.jpg","datePublished":"2022-02-17T12:09:07+00:00","dateModified":"2026-03-22T15:14:42+00:00","breadcrumb":{"@id":"https:\/\/radiolifefm.com.br\/noticias\/construlix-apresenta-projeto-tecnico-da-canalizacao-do-parque-caldeira-e-rebate-tese-de-falha-na-execucao\/#breadcrumb"},"inLanguage":"pt-BR","potentialAction":[{"@type":"ReadAction","target":["https:\/\/radiolifefm.com.br\/noticias\/construlix-apresenta-projeto-tecnico-da-canalizacao-do-parque-caldeira-e-rebate-tese-de-falha-na-execucao\/"]}]},{"@type":"ImageObject","inLanguage":"pt-BR","@id":"https:\/\/radiolifefm.com.br\/noticias\/construlix-apresenta-projeto-tecnico-da-canalizacao-do-parque-caldeira-e-rebate-tese-de-falha-na-execucao\/#primaryimage","url":"https:\/\/radiolifefm.com.br\/noticias\/wp-content\/uploads\/2022\/02\/capa.jpg","contentUrl":"https:\/\/radiolifefm.com.br\/noticias\/wp-content\/uploads\/2022\/02\/capa.jpg","width":1920,"height":1080,"caption":"Empres\u00e1rios negam falha de execu\u00e7\u00e3o do projeto, que apresenta aus\u00eancia do \u201ccolch\u00e3o de reno\u201d dos trechos III, IV e V da obra de canaliza\u00e7\u00e3o do c\u00f3rrego Tocantins"},{"@type":"BreadcrumbList","@id":"https:\/\/radiolifefm.com.br\/noticias\/construlix-apresenta-projeto-tecnico-da-canalizacao-do-parque-caldeira-e-rebate-tese-de-falha-na-execucao\/#breadcrumb","itemListElement":[{"@type":"ListItem","position":1,"name":"In\u00edcio","item":"https:\/\/radiolifefm.com.br\/noticias\/"},{"@type":"ListItem","position":2,"name":"Construlix apresenta projeto t\u00e9cnico da canaliza\u00e7\u00e3o do Parque Caldeira e rebate tese de falha na execu\u00e7\u00e3o"}]},{"@type":"WebSite","@id":"https:\/\/radiolifefm.com.br\/noticias\/#website","url":"https:\/\/radiolifefm.com.br\/noticias\/","name":"R\u00e1dio Life FM","description":"O Portal de Not\u00edcias de Adamantina","publisher":{"@id":"https:\/\/radiolifefm.com.br\/noticias\/#organization"},"alternateName":"Life FM","potentialAction":[{"@type":"SearchAction","target":{"@type":"EntryPoint","urlTemplate":"https:\/\/radiolifefm.com.br\/noticias\/?s={search_term_string}"},"query-input":{"@type":"PropertyValueSpecification","valueRequired":true,"valueName":"search_term_string"}}],"inLanguage":"pt-BR"},{"@type":"Organization","@id":"https:\/\/radiolifefm.com.br\/noticias\/#organization","name":"R\u00e1dio Life FM","alternateName":"Life FM","url":"https:\/\/radiolifefm.com.br\/noticias\/","logo":{"@type":"ImageObject","inLanguage":"pt-BR","@id":"https:\/\/radiolifefm.com.br\/noticias\/#\/schema\/logo\/image\/","url":"https:\/\/static.radiolifefm.com.br\/noticias\/wp-content\/uploads\/2019\/10\/logo-lifefm.png","contentUrl":"https:\/\/static.radiolifefm.com.br\/noticias\/wp-content\/uploads\/2019\/10\/logo-lifefm.png","width":196,"height":47,"caption":"R\u00e1dio Life FM"},"image":{"@id":"https:\/\/radiolifefm.com.br\/noticias\/#\/schema\/logo\/image\/"},"sameAs":["https:\/\/www.facebook.com\/radiolifefm\/","https:\/\/www.instagram.com\/life1079fm\/"]},{"@type":"Person","@id":"https:\/\/radiolifefm.com.br\/noticias\/#\/schema\/person\/6339b9fac59d12b071dec680d7375d87","name":"ritanery","image":{"@type":"ImageObject","inLanguage":"pt-BR","@id":"https:\/\/secure.gravatar.com\/avatar\/0e37bb19071f47c0b8a23f62a903df117c5a0e75f65a0c2901562f97cd41cf86?s=96&d=mm&r=g","url":"https:\/\/secure.gravatar.com\/avatar\/0e37bb19071f47c0b8a23f62a903df117c5a0e75f65a0c2901562f97cd41cf86?s=96&d=mm&r=g","contentUrl":"https:\/\/secure.gravatar.com\/avatar\/0e37bb19071f47c0b8a23f62a903df117c5a0e75f65a0c2901562f97cd41cf86?s=96&d=mm&r=g","caption":"ritanery"}}]}},"amp_enabled":true,"_links":{"self":[{"href":"https:\/\/radiolifefm.com.br\/noticias\/wp-json\/wp\/v2\/posts\/49559","targetHints":{"allow":["GET"]}}],"collection":[{"href":"https:\/\/radiolifefm.com.br\/noticias\/wp-json\/wp\/v2\/posts"}],"about":[{"href":"https:\/\/radiolifefm.com.br\/noticias\/wp-json\/wp\/v2\/types\/post"}],"author":[{"embeddable":true,"href":"https:\/\/radiolifefm.com.br\/noticias\/wp-json\/wp\/v2\/users\/13"}],"replies":[{"embeddable":true,"href":"https:\/\/radiolifefm.com.br\/noticias\/wp-json\/wp\/v2\/comments?post=49559"}],"version-history":[{"count":2,"href":"https:\/\/radiolifefm.com.br\/noticias\/wp-json\/wp\/v2\/posts\/49559\/revisions"}],"predecessor-version":[{"id":49568,"href":"https:\/\/radiolifefm.com.br\/noticias\/wp-json\/wp\/v2\/posts\/49559\/revisions\/49568"}],"wp:featuredmedia":[{"embeddable":true,"href":"https:\/\/radiolifefm.com.br\/noticias\/wp-json\/wp\/v2\/media\/49560"}],"wp:attachment":[{"href":"https:\/\/radiolifefm.com.br\/noticias\/wp-json\/wp\/v2\/media?parent=49559"}],"wp:term":[{"taxonomy":"category","embeddable":true,"href":"https:\/\/radiolifefm.com.br\/noticias\/wp-json\/wp\/v2\/categories?post=49559"},{"taxonomy":"post_tag","embeddable":true,"href":"https:\/\/radiolifefm.com.br\/noticias\/wp-json\/wp\/v2\/tags?post=49559"}],"curies":[{"name":"wp","href":"https:\/\/api.w.org\/{rel}","templated":true}]}}