{"id":49550,"date":"2022-02-17T08:06:36","date_gmt":"2022-02-17T11:06:36","guid":{"rendered":"https:\/\/radiolifefm.com.br\/noticias\/?p=49550"},"modified":"2025-04-14T10:35:56","modified_gmt":"2025-04-14T13:35:56","slug":"santa-casa-vai-recorrer-ao-tribunal-regional-do-trabalho-trt-15-contra-condenacao-trabalhista","status":"publish","type":"post","link":"https:\/\/radiolifefm.com.br\/noticias\/santa-casa-vai-recorrer-ao-tribunal-regional-do-trabalho-trt-15-contra-condenacao-trabalhista\/","title":{"rendered":"Santa Casa vai recorrer ao Tribunal Regional do Trabalho (TRT-15) contra condena\u00e7\u00e3o trabalhista"},"content":{"rendered":"<div id=\"fb-root\"><\/div>\n<p style=\"font-weight: 400\">Em nota divulgada pouco depois das 14h desta quarta-feira (16), a Santa Casa de Adamantina informou que ir\u00e1 recorrer ao Tribunal Regional do Trabalho (TRT-15) da 15\u00aa Regi\u00e3o, contra a decis\u00e3o da Vara do Trabalho de Adamantina que condenou o hospital por supress\u00e3o de intervalos na jornada de profissionais de sa\u00fade, conforme divulgou no dia anterior o\u00a0<a href=\"https:\/\/www.prt15.mpt.mp.br\/2-uncategorised\/1392-santa-casa-de-adamantina-e-condenada-por-supressao-de-intervalos-na-jornada-de-profissionais-de-saude\"><b><strong>site do Minist\u00e9rio P\u00fablico do Trabalho (MPT)<\/strong><\/b><\/a>, autor da a\u00e7\u00e3o.<\/p>\n<p style=\"font-weight: 400\">Conforme o MPT, a Santa Casa foi condenada a regularizar os intervalos de descanso dos seus empregados, sob pena de multa de R$ 5.000,00 por item descumprido, acrescida de R$ 200 por trabalhador em situa\u00e7\u00e3o irregular, al\u00e9m do pagamento de indeniza\u00e7\u00e3o por danos morais coletivos no valor de R$ 15.000,00.<\/p>\n<p style=\"font-weight: 400\">A senten\u00e7a proferida pela Vara do Trabalho de Adamantina determinou a concess\u00e3o de intervalo para repouso e alimenta\u00e7\u00e3o de, no m\u00ednimo, 1 hora e de, no m\u00e1ximo, 2 horas para trabalhadores em jornada superior a 6 horas; o ju\u00edzo autorizou o intervalo de 30 minutos apenas em caso de pactua\u00e7\u00e3o em norma coletiva de trabalho; a decis\u00e3o tamb\u00e9m imp\u00f5e a obriga\u00e7\u00e3o de conceder intervalos entre jornadas de, no m\u00ednimo, 11 horas.<\/p>\n<p style=\"font-weight: 400\"><b><strong>A posi\u00e7\u00e3o da Santa Casa<\/strong><\/b><\/p>\n<p style=\"font-weight: 400\">A institui\u00e7\u00e3o de sa\u00fade informa que ir\u00e1 recorrer, devendo apresentar recurso ao Tribunal Regional do Trabalho da 15\u00aa Regi\u00e3o. Veja a \u00edntegra da nota:<\/p>\n<p style=\"font-weight: 400\"><em>\u201cA IRMANDADE DA SANTA CASA DE MISERIC\u00d3RDIA DE ADAMANTINA, inscrita no CNPJ\/MF n.\u00ba 43.002.005\/0001-66, estabelecida \u00e0 Rua Joaquim Luiz Vian, n\u00ba. 209, na cidade de Adamantina, Estado de S\u00e3o Paulo, esclarece que figura no polo passivo da A\u00e7\u00e3o Civil P\u00fablica, Processo n.\u00ba 0011146-54.2021.5.15.0068, proposta pelo Minist\u00e9rio P\u00fablico do Trabalho \u2013 Procuradoria do Trabalho no Munic\u00edpio de Presidente Prudente, tendo conhecimento da senten\u00e7a proferida pela Vara do Trabalho de Adamantina, e no prazo conferido ir\u00e1 apresentar Recurso ao Tribunal Regional do Trabalho da 15\u00aa Regi\u00e3o.<\/em><\/p>\n<p style=\"font-weight: 400\"><em>Sobre a a\u00e7\u00e3o, a Entidade refor\u00e7a que jamais operou com o intuito de transgredir a norma e que sempre primou pelas condi\u00e7\u00f5es de trabalho de seus colaboradores.<\/em><\/p>\n<p style=\"font-weight: 400\"><em>A IRMANDADE DA SANTA CASA DE MISERIC\u00d3RDIA DE ADAMANTINA est\u00e1 estabelecida no mesmo local desde sua inaugura\u00e7\u00e3o, h\u00e1 mais de 40 anos, sempre cumprindo rigorosamente suas obriga\u00e7\u00f5es, principalmente \u00e0quelas atinentes aos direitos de seus trabalhadores e tamb\u00e9m \u00e0s de ordem de seguran\u00e7a e medicina do trabalho.<\/em><\/p>\n<p style=\"font-weight: 400\"><em>Esclarece ainda, que a Entidade ir\u00e1 recorrer da decis\u00e3o pois entende ter justificado legalmente os fatos que originaram o processo, n\u00e3o concordando com os termos da r. senten\u00e7a.<\/em><\/p>\n<p style=\"font-weight: 400\"><em>Por fim, esta Entidade mant\u00e9m-se firme na sua miss\u00e3o de zelar pela vida, com amor e dedica\u00e7\u00e3o, a fim de prestar sempre um bom atendimento a todos os usu\u00e1rios de seus servi\u00e7os.<\/em><\/p>\n<p style=\"font-weight: 400\"><em>Atenciosamente.<\/em><\/p>\n<p style=\"font-weight: 400\"><b><strong><em>IRMANDADE DA SANTA CASA DE MISERIC\u00d3RDIA DE ADAMANTINA\u201d<\/em><\/strong><\/b><\/p>\n<p>&nbsp;<\/p>\n<p>Fonte: Siga Mais<\/p>\n","protected":false},"excerpt":{"rendered":"<p>Em nota divulgada pouco depois das 14h desta quarta-feira (16), a Santa Casa de Adamantina informou que ir\u00e1 recorrer ao Tribunal Regional do Trabalho (TRT-15) da 15\u00aa Regi\u00e3o, contra a decis\u00e3o da Vara do Trabalho de Adamantina que condenou o hospital por supress\u00e3o de intervalos na jornada de profissionais de sa\u00fade, conforme divulgou no dia [&hellip;]<\/p>\n","protected":false},"author":13,"featured_media":49491,"comment_status":"closed","ping_status":"open","sticky":false,"template":"","format":"standard","meta":{"_acf_changed":false,"_exactmetrics_skip_tracking":false,"_exactmetrics_sitenote_active":false,"_exactmetrics_sitenote_note":"","_exactmetrics_sitenote_category":0,"footnotes":""},"categories":[21],"tags":[],"class_list":["post-49550","post","type-post","status-publish","format-standard","has-post-thumbnail","hentry","category-adamantina"],"acf":[],"yoast_head":"<!-- This site is optimized with the Yoast SEO plugin v27.2 - https:\/\/yoast.com\/product\/yoast-seo-wordpress\/ -->\n<title>Santa Casa vai recorrer ao Tribunal Regional do Trabalho (TRT-15) contra condena\u00e7\u00e3o trabalhista - R\u00e1dio Life FM<\/title>\n<meta name=\"robots\" content=\"index, follow, max-snippet:-1, max-image-preview:large, max-video-preview:-1\" \/>\n<link rel=\"canonical\" href=\"https:\/\/radiolifefm.com.br\/noticias\/santa-casa-vai-recorrer-ao-tribunal-regional-do-trabalho-trt-15-contra-condenacao-trabalhista\/\" \/>\n<meta property=\"og:locale\" content=\"pt_BR\" \/>\n<meta property=\"og:type\" content=\"article\" \/>\n<meta property=\"og:title\" content=\"Santa Casa vai recorrer ao Tribunal Regional do Trabalho (TRT-15) contra condena\u00e7\u00e3o trabalhista - R\u00e1dio Life FM\" \/>\n<meta property=\"og:description\" content=\"Em nota divulgada pouco depois das 14h desta quarta-feira (16), a Santa Casa de Adamantina informou que ir\u00e1 recorrer ao Tribunal Regional do Trabalho (TRT-15) da 15\u00aa Regi\u00e3o, contra a decis\u00e3o da Vara do Trabalho de Adamantina que condenou o hospital por supress\u00e3o de intervalos na jornada de profissionais de sa\u00fade, conforme divulgou no dia [&hellip;]\" \/>\n<meta property=\"og:url\" content=\"https:\/\/radiolifefm.com.br\/noticias\/santa-casa-vai-recorrer-ao-tribunal-regional-do-trabalho-trt-15-contra-condenacao-trabalhista\/\" \/>\n<meta property=\"og:site_name\" content=\"R\u00e1dio Life FM\" \/>\n<meta property=\"article:publisher\" content=\"https:\/\/www.facebook.com\/radiolifefm\/\" \/>\n<meta property=\"article:published_time\" content=\"2022-02-17T11:06:36+00:00\" \/>\n<meta property=\"article:modified_time\" content=\"2025-04-14T13:35:56+00:00\" \/>\n<meta property=\"og:image\" content=\"https:\/\/static.radiolifefm.com.br\/noticias\/wp-content\/uploads\/2022\/02\/santa-adam.jpeg\" \/>\n\t<meta property=\"og:image:width\" content=\"984\" \/>\n\t<meta property=\"og:image:height\" content=\"738\" \/>\n\t<meta property=\"og:image:type\" content=\"image\/jpeg\" \/>\n<meta name=\"author\" content=\"ritanery\" \/>\n<meta name=\"twitter:card\" content=\"summary_large_image\" \/>\n<meta name=\"twitter:label1\" content=\"Escrito por\" \/>\n\t<meta name=\"twitter:data1\" content=\"ritanery\" \/>\n\t<meta name=\"twitter:label2\" content=\"Est. tempo de leitura\" \/>\n\t<meta name=\"twitter:data2\" content=\"2 minutos\" \/>\n<script type=\"application\/ld+json\" class=\"yoast-schema-graph\">{\"@context\":\"https:\/\/schema.org\",\"@graph\":[{\"@type\":\"Article\",\"@id\":\"https:\/\/radiolifefm.com.br\/noticias\/santa-casa-vai-recorrer-ao-tribunal-regional-do-trabalho-trt-15-contra-condenacao-trabalhista\/#article\",\"isPartOf\":{\"@id\":\"https:\/\/radiolifefm.com.br\/noticias\/santa-casa-vai-recorrer-ao-tribunal-regional-do-trabalho-trt-15-contra-condenacao-trabalhista\/\"},\"author\":{\"name\":\"ritanery\",\"@id\":\"https:\/\/radiolifefm.com.br\/noticias\/#\/schema\/person\/6339b9fac59d12b071dec680d7375d87\"},\"headline\":\"Santa Casa vai recorrer ao Tribunal Regional do Trabalho (TRT-15) contra condena\u00e7\u00e3o trabalhista\",\"datePublished\":\"2022-02-17T11:06:36+00:00\",\"dateModified\":\"2025-04-14T13:35:56+00:00\",\"mainEntityOfPage\":{\"@id\":\"https:\/\/radiolifefm.com.br\/noticias\/santa-casa-vai-recorrer-ao-tribunal-regional-do-trabalho-trt-15-contra-condenacao-trabalhista\/\"},\"wordCount\":498,\"publisher\":{\"@id\":\"https:\/\/radiolifefm.com.br\/noticias\/#organization\"},\"image\":{\"@id\":\"https:\/\/radiolifefm.com.br\/noticias\/santa-casa-vai-recorrer-ao-tribunal-regional-do-trabalho-trt-15-contra-condenacao-trabalhista\/#primaryimage\"},\"thumbnailUrl\":\"https:\/\/radiolifefm.com.br\/noticias\/wp-content\/uploads\/2022\/02\/santa-adam.jpeg\",\"articleSection\":[\"Adamantina\"],\"inLanguage\":\"pt-BR\"},{\"@type\":\"WebPage\",\"@id\":\"https:\/\/radiolifefm.com.br\/noticias\/santa-casa-vai-recorrer-ao-tribunal-regional-do-trabalho-trt-15-contra-condenacao-trabalhista\/\",\"url\":\"https:\/\/radiolifefm.com.br\/noticias\/santa-casa-vai-recorrer-ao-tribunal-regional-do-trabalho-trt-15-contra-condenacao-trabalhista\/\",\"name\":\"Santa Casa vai recorrer ao Tribunal Regional do Trabalho (TRT-15) contra condena\u00e7\u00e3o trabalhista - R\u00e1dio Life FM\",\"isPartOf\":{\"@id\":\"https:\/\/radiolifefm.com.br\/noticias\/#website\"},\"primaryImageOfPage\":{\"@id\":\"https:\/\/radiolifefm.com.br\/noticias\/santa-casa-vai-recorrer-ao-tribunal-regional-do-trabalho-trt-15-contra-condenacao-trabalhista\/#primaryimage\"},\"image\":{\"@id\":\"https:\/\/radiolifefm.com.br\/noticias\/santa-casa-vai-recorrer-ao-tribunal-regional-do-trabalho-trt-15-contra-condenacao-trabalhista\/#primaryimage\"},\"thumbnailUrl\":\"https:\/\/radiolifefm.com.br\/noticias\/wp-content\/uploads\/2022\/02\/santa-adam.jpeg\",\"datePublished\":\"2022-02-17T11:06:36+00:00\",\"dateModified\":\"2025-04-14T13:35:56+00:00\",\"breadcrumb\":{\"@id\":\"https:\/\/radiolifefm.com.br\/noticias\/santa-casa-vai-recorrer-ao-tribunal-regional-do-trabalho-trt-15-contra-condenacao-trabalhista\/#breadcrumb\"},\"inLanguage\":\"pt-BR\",\"potentialAction\":[{\"@type\":\"ReadAction\",\"target\":[\"https:\/\/radiolifefm.com.br\/noticias\/santa-casa-vai-recorrer-ao-tribunal-regional-do-trabalho-trt-15-contra-condenacao-trabalhista\/\"]}]},{\"@type\":\"ImageObject\",\"inLanguage\":\"pt-BR\",\"@id\":\"https:\/\/radiolifefm.com.br\/noticias\/santa-casa-vai-recorrer-ao-tribunal-regional-do-trabalho-trt-15-contra-condenacao-trabalhista\/#primaryimage\",\"url\":\"https:\/\/radiolifefm.com.br\/noticias\/wp-content\/uploads\/2022\/02\/santa-adam.jpeg\",\"contentUrl\":\"https:\/\/radiolifefm.com.br\/noticias\/wp-content\/uploads\/2022\/02\/santa-adam.jpeg\",\"width\":984,\"height\":738,\"caption\":\"Santa Casa foi condenada por supress\u00e3o de intervalos na jornada de profissionais de sa\u00fade.\"},{\"@type\":\"BreadcrumbList\",\"@id\":\"https:\/\/radiolifefm.com.br\/noticias\/santa-casa-vai-recorrer-ao-tribunal-regional-do-trabalho-trt-15-contra-condenacao-trabalhista\/#breadcrumb\",\"itemListElement\":[{\"@type\":\"ListItem\",\"position\":1,\"name\":\"In\u00edcio\",\"item\":\"https:\/\/radiolifefm.com.br\/noticias\/\"},{\"@type\":\"ListItem\",\"position\":2,\"name\":\"Santa Casa vai recorrer ao Tribunal Regional do Trabalho (TRT-15) contra condena\u00e7\u00e3o trabalhista\"}]},{\"@type\":\"WebSite\",\"@id\":\"https:\/\/radiolifefm.com.br\/noticias\/#website\",\"url\":\"https:\/\/radiolifefm.com.br\/noticias\/\",\"name\":\"R\u00e1dio Life FM\",\"description\":\"O Portal de Not\u00edcias de Adamantina\",\"publisher\":{\"@id\":\"https:\/\/radiolifefm.com.br\/noticias\/#organization\"},\"alternateName\":\"Life FM\",\"potentialAction\":[{\"@type\":\"SearchAction\",\"target\":{\"@type\":\"EntryPoint\",\"urlTemplate\":\"https:\/\/radiolifefm.com.br\/noticias\/?s={search_term_string}\"},\"query-input\":{\"@type\":\"PropertyValueSpecification\",\"valueRequired\":true,\"valueName\":\"search_term_string\"}}],\"inLanguage\":\"pt-BR\"},{\"@type\":\"Organization\",\"@id\":\"https:\/\/radiolifefm.com.br\/noticias\/#organization\",\"name\":\"R\u00e1dio Life FM\",\"alternateName\":\"Life FM\",\"url\":\"https:\/\/radiolifefm.com.br\/noticias\/\",\"logo\":{\"@type\":\"ImageObject\",\"inLanguage\":\"pt-BR\",\"@id\":\"https:\/\/radiolifefm.com.br\/noticias\/#\/schema\/logo\/image\/\",\"url\":\"https:\/\/static.radiolifefm.com.br\/noticias\/wp-content\/uploads\/2019\/10\/logo-lifefm.png\",\"contentUrl\":\"https:\/\/static.radiolifefm.com.br\/noticias\/wp-content\/uploads\/2019\/10\/logo-lifefm.png\",\"width\":196,\"height\":47,\"caption\":\"R\u00e1dio Life FM\"},\"image\":{\"@id\":\"https:\/\/radiolifefm.com.br\/noticias\/#\/schema\/logo\/image\/\"},\"sameAs\":[\"https:\/\/www.facebook.com\/radiolifefm\/\",\"https:\/\/www.instagram.com\/life1079fm\/\"]},{\"@type\":\"Person\",\"@id\":\"https:\/\/radiolifefm.com.br\/noticias\/#\/schema\/person\/6339b9fac59d12b071dec680d7375d87\",\"name\":\"ritanery\",\"image\":{\"@type\":\"ImageObject\",\"inLanguage\":\"pt-BR\",\"@id\":\"https:\/\/secure.gravatar.com\/avatar\/0e37bb19071f47c0b8a23f62a903df117c5a0e75f65a0c2901562f97cd41cf86?s=96&d=mm&r=g\",\"url\":\"https:\/\/secure.gravatar.com\/avatar\/0e37bb19071f47c0b8a23f62a903df117c5a0e75f65a0c2901562f97cd41cf86?s=96&d=mm&r=g\",\"contentUrl\":\"https:\/\/secure.gravatar.com\/avatar\/0e37bb19071f47c0b8a23f62a903df117c5a0e75f65a0c2901562f97cd41cf86?s=96&d=mm&r=g\",\"caption\":\"ritanery\"}}]}<\/script>\n<!-- \/ Yoast SEO plugin. -->","yoast_head_json":{"title":"Santa Casa vai recorrer ao Tribunal Regional do Trabalho (TRT-15) contra condena\u00e7\u00e3o trabalhista - R\u00e1dio Life FM","robots":{"index":"index","follow":"follow","max-snippet":"max-snippet:-1","max-image-preview":"max-image-preview:large","max-video-preview":"max-video-preview:-1"},"canonical":"https:\/\/radiolifefm.com.br\/noticias\/santa-casa-vai-recorrer-ao-tribunal-regional-do-trabalho-trt-15-contra-condenacao-trabalhista\/","og_locale":"pt_BR","og_type":"article","og_title":"Santa Casa vai recorrer ao Tribunal Regional do Trabalho (TRT-15) contra condena\u00e7\u00e3o trabalhista - R\u00e1dio Life FM","og_description":"Em nota divulgada pouco depois das 14h desta quarta-feira (16), a Santa Casa de Adamantina informou que ir\u00e1 recorrer ao Tribunal Regional do Trabalho (TRT-15) da 15\u00aa Regi\u00e3o, contra a decis\u00e3o da Vara do Trabalho de Adamantina que condenou o hospital por supress\u00e3o de intervalos na jornada de profissionais de sa\u00fade, conforme divulgou no dia [&hellip;]","og_url":"https:\/\/radiolifefm.com.br\/noticias\/santa-casa-vai-recorrer-ao-tribunal-regional-do-trabalho-trt-15-contra-condenacao-trabalhista\/","og_site_name":"R\u00e1dio Life FM","article_publisher":"https:\/\/www.facebook.com\/radiolifefm\/","article_published_time":"2022-02-17T11:06:36+00:00","article_modified_time":"2025-04-14T13:35:56+00:00","og_image":[{"width":984,"height":738,"url":"https:\/\/static.radiolifefm.com.br\/noticias\/wp-content\/uploads\/2022\/02\/santa-adam.jpeg","type":"image\/jpeg"}],"author":"ritanery","twitter_card":"summary_large_image","twitter_misc":{"Escrito por":"ritanery","Est. tempo de leitura":"2 minutos"},"schema":{"@context":"https:\/\/schema.org","@graph":[{"@type":"Article","@id":"https:\/\/radiolifefm.com.br\/noticias\/santa-casa-vai-recorrer-ao-tribunal-regional-do-trabalho-trt-15-contra-condenacao-trabalhista\/#article","isPartOf":{"@id":"https:\/\/radiolifefm.com.br\/noticias\/santa-casa-vai-recorrer-ao-tribunal-regional-do-trabalho-trt-15-contra-condenacao-trabalhista\/"},"author":{"name":"ritanery","@id":"https:\/\/radiolifefm.com.br\/noticias\/#\/schema\/person\/6339b9fac59d12b071dec680d7375d87"},"headline":"Santa Casa vai recorrer ao Tribunal Regional do Trabalho (TRT-15) contra condena\u00e7\u00e3o trabalhista","datePublished":"2022-02-17T11:06:36+00:00","dateModified":"2025-04-14T13:35:56+00:00","mainEntityOfPage":{"@id":"https:\/\/radiolifefm.com.br\/noticias\/santa-casa-vai-recorrer-ao-tribunal-regional-do-trabalho-trt-15-contra-condenacao-trabalhista\/"},"wordCount":498,"publisher":{"@id":"https:\/\/radiolifefm.com.br\/noticias\/#organization"},"image":{"@id":"https:\/\/radiolifefm.com.br\/noticias\/santa-casa-vai-recorrer-ao-tribunal-regional-do-trabalho-trt-15-contra-condenacao-trabalhista\/#primaryimage"},"thumbnailUrl":"https:\/\/radiolifefm.com.br\/noticias\/wp-content\/uploads\/2022\/02\/santa-adam.jpeg","articleSection":["Adamantina"],"inLanguage":"pt-BR"},{"@type":"WebPage","@id":"https:\/\/radiolifefm.com.br\/noticias\/santa-casa-vai-recorrer-ao-tribunal-regional-do-trabalho-trt-15-contra-condenacao-trabalhista\/","url":"https:\/\/radiolifefm.com.br\/noticias\/santa-casa-vai-recorrer-ao-tribunal-regional-do-trabalho-trt-15-contra-condenacao-trabalhista\/","name":"Santa Casa vai recorrer ao Tribunal Regional do Trabalho (TRT-15) contra condena\u00e7\u00e3o trabalhista - R\u00e1dio Life FM","isPartOf":{"@id":"https:\/\/radiolifefm.com.br\/noticias\/#website"},"primaryImageOfPage":{"@id":"https:\/\/radiolifefm.com.br\/noticias\/santa-casa-vai-recorrer-ao-tribunal-regional-do-trabalho-trt-15-contra-condenacao-trabalhista\/#primaryimage"},"image":{"@id":"https:\/\/radiolifefm.com.br\/noticias\/santa-casa-vai-recorrer-ao-tribunal-regional-do-trabalho-trt-15-contra-condenacao-trabalhista\/#primaryimage"},"thumbnailUrl":"https:\/\/radiolifefm.com.br\/noticias\/wp-content\/uploads\/2022\/02\/santa-adam.jpeg","datePublished":"2022-02-17T11:06:36+00:00","dateModified":"2025-04-14T13:35:56+00:00","breadcrumb":{"@id":"https:\/\/radiolifefm.com.br\/noticias\/santa-casa-vai-recorrer-ao-tribunal-regional-do-trabalho-trt-15-contra-condenacao-trabalhista\/#breadcrumb"},"inLanguage":"pt-BR","potentialAction":[{"@type":"ReadAction","target":["https:\/\/radiolifefm.com.br\/noticias\/santa-casa-vai-recorrer-ao-tribunal-regional-do-trabalho-trt-15-contra-condenacao-trabalhista\/"]}]},{"@type":"ImageObject","inLanguage":"pt-BR","@id":"https:\/\/radiolifefm.com.br\/noticias\/santa-casa-vai-recorrer-ao-tribunal-regional-do-trabalho-trt-15-contra-condenacao-trabalhista\/#primaryimage","url":"https:\/\/radiolifefm.com.br\/noticias\/wp-content\/uploads\/2022\/02\/santa-adam.jpeg","contentUrl":"https:\/\/radiolifefm.com.br\/noticias\/wp-content\/uploads\/2022\/02\/santa-adam.jpeg","width":984,"height":738,"caption":"Santa Casa foi condenada por supress\u00e3o de intervalos na jornada de profissionais de sa\u00fade."},{"@type":"BreadcrumbList","@id":"https:\/\/radiolifefm.com.br\/noticias\/santa-casa-vai-recorrer-ao-tribunal-regional-do-trabalho-trt-15-contra-condenacao-trabalhista\/#breadcrumb","itemListElement":[{"@type":"ListItem","position":1,"name":"In\u00edcio","item":"https:\/\/radiolifefm.com.br\/noticias\/"},{"@type":"ListItem","position":2,"name":"Santa Casa vai recorrer ao Tribunal Regional do Trabalho (TRT-15) contra condena\u00e7\u00e3o trabalhista"}]},{"@type":"WebSite","@id":"https:\/\/radiolifefm.com.br\/noticias\/#website","url":"https:\/\/radiolifefm.com.br\/noticias\/","name":"R\u00e1dio Life FM","description":"O Portal de Not\u00edcias de Adamantina","publisher":{"@id":"https:\/\/radiolifefm.com.br\/noticias\/#organization"},"alternateName":"Life FM","potentialAction":[{"@type":"SearchAction","target":{"@type":"EntryPoint","urlTemplate":"https:\/\/radiolifefm.com.br\/noticias\/?s={search_term_string}"},"query-input":{"@type":"PropertyValueSpecification","valueRequired":true,"valueName":"search_term_string"}}],"inLanguage":"pt-BR"},{"@type":"Organization","@id":"https:\/\/radiolifefm.com.br\/noticias\/#organization","name":"R\u00e1dio Life FM","alternateName":"Life FM","url":"https:\/\/radiolifefm.com.br\/noticias\/","logo":{"@type":"ImageObject","inLanguage":"pt-BR","@id":"https:\/\/radiolifefm.com.br\/noticias\/#\/schema\/logo\/image\/","url":"https:\/\/static.radiolifefm.com.br\/noticias\/wp-content\/uploads\/2019\/10\/logo-lifefm.png","contentUrl":"https:\/\/static.radiolifefm.com.br\/noticias\/wp-content\/uploads\/2019\/10\/logo-lifefm.png","width":196,"height":47,"caption":"R\u00e1dio Life FM"},"image":{"@id":"https:\/\/radiolifefm.com.br\/noticias\/#\/schema\/logo\/image\/"},"sameAs":["https:\/\/www.facebook.com\/radiolifefm\/","https:\/\/www.instagram.com\/life1079fm\/"]},{"@type":"Person","@id":"https:\/\/radiolifefm.com.br\/noticias\/#\/schema\/person\/6339b9fac59d12b071dec680d7375d87","name":"ritanery","image":{"@type":"ImageObject","inLanguage":"pt-BR","@id":"https:\/\/secure.gravatar.com\/avatar\/0e37bb19071f47c0b8a23f62a903df117c5a0e75f65a0c2901562f97cd41cf86?s=96&d=mm&r=g","url":"https:\/\/secure.gravatar.com\/avatar\/0e37bb19071f47c0b8a23f62a903df117c5a0e75f65a0c2901562f97cd41cf86?s=96&d=mm&r=g","contentUrl":"https:\/\/secure.gravatar.com\/avatar\/0e37bb19071f47c0b8a23f62a903df117c5a0e75f65a0c2901562f97cd41cf86?s=96&d=mm&r=g","caption":"ritanery"}}]}},"amp_enabled":true,"_links":{"self":[{"href":"https:\/\/radiolifefm.com.br\/noticias\/wp-json\/wp\/v2\/posts\/49550","targetHints":{"allow":["GET"]}}],"collection":[{"href":"https:\/\/radiolifefm.com.br\/noticias\/wp-json\/wp\/v2\/posts"}],"about":[{"href":"https:\/\/radiolifefm.com.br\/noticias\/wp-json\/wp\/v2\/types\/post"}],"author":[{"embeddable":true,"href":"https:\/\/radiolifefm.com.br\/noticias\/wp-json\/wp\/v2\/users\/13"}],"replies":[{"embeddable":true,"href":"https:\/\/radiolifefm.com.br\/noticias\/wp-json\/wp\/v2\/comments?post=49550"}],"version-history":[{"count":3,"href":"https:\/\/radiolifefm.com.br\/noticias\/wp-json\/wp\/v2\/posts\/49550\/revisions"}],"predecessor-version":[{"id":49553,"href":"https:\/\/radiolifefm.com.br\/noticias\/wp-json\/wp\/v2\/posts\/49550\/revisions\/49553"}],"wp:featuredmedia":[{"embeddable":true,"href":"https:\/\/radiolifefm.com.br\/noticias\/wp-json\/wp\/v2\/media\/49491"}],"wp:attachment":[{"href":"https:\/\/radiolifefm.com.br\/noticias\/wp-json\/wp\/v2\/media?parent=49550"}],"wp:term":[{"taxonomy":"category","embeddable":true,"href":"https:\/\/radiolifefm.com.br\/noticias\/wp-json\/wp\/v2\/categories?post=49550"},{"taxonomy":"post_tag","embeddable":true,"href":"https:\/\/radiolifefm.com.br\/noticias\/wp-json\/wp\/v2\/tags?post=49550"}],"curies":[{"name":"wp","href":"https:\/\/api.w.org\/{rel}","templated":true}]}}