{"id":49532,"date":"2022-02-16T16:02:09","date_gmt":"2022-02-16T19:02:09","guid":{"rendered":"https:\/\/radiolifefm.com.br\/noticias\/?p=49532"},"modified":"2025-12-30T10:04:51","modified_gmt":"2025-12-30T13:04:51","slug":"sao-paulo-comeca-aqui","status":"publish","type":"post","link":"https:\/\/radiolifefm.com.br\/noticias\/sao-paulo-comeca-aqui\/","title":{"rendered":"S\u00e3o Paulo come\u00e7a aqui!"},"content":{"rendered":"<div id=\"fb-root\"><\/div>\n<p>Aqui, at\u00e9 o calor favorece o Turismo!<\/p>\n<p>O Oeste Paulista \u00e9 uma regi\u00e3o muito rica em belezas naturais, incluindo diversos rios, c\u00f3rregos, represas, cachoeiras, cascatas, praias de \u00e1gua doce etc., e todos sabem que o ver\u00e3o brasileiro n\u00e3o se resume apenas ao mar. Por aqui, nossos atrativos re\u00fanem os elementos essenciais para o desenvolvimento do Turismo de Ver\u00e3o.<\/p>\n<p>A \u00e1gua que h\u00e1 s\u00e9culos faz com que verdadeiras multid\u00f5es se desloquem de um canto a outro, e \u00e9 o principal atrativo de diversos destinos tur\u00edsticos no Brasil e no mundo, por aqui ela existe de forma abundante, exuberante, e o melhor, em grande parte, cercada de ambientes tranquilos e natureza preservada.<\/p>\n<p>Cidades pequenas e calmas da nossa regi\u00e3o comp\u00f5em este cen\u00e1rio t\u00e3o procurado pelas pessoas que vivem aglomeradas e agitadas. As praias fluviais com um n\u00famero reduzido de visitantes, as excelentes op\u00e7\u00f5es de turismo ecol\u00f3gico, a comida e hospedagem simples, e a receptividade da nossa gente, resgatam o sentido da palavra tranquilidade.<\/p>\n<p>Estou literalmente visitando cada canto da nossa regi\u00e3o. Asseguro que a estrutura aqui existente, pode (e deve) ser convertida em oportunidades para que o Turismo nas suas diversas modalidades, se torne a mola propulsora da nossa economia, e gere milhares de empregos e renda. Est\u00e1 muito claro que n\u00e3o temos mais tempo a perder.<\/p>\n<p>Juntos, tudo podemos!<\/p>\n<p>Por Claudio Itaver\u00e1<\/p>\n<p>&nbsp;<\/p>\n","protected":false},"excerpt":{"rendered":"<p>Aqui, at\u00e9 o calor favorece o Turismo! O Oeste Paulista \u00e9 uma regi\u00e3o muito rica em belezas naturais, incluindo diversos rios, c\u00f3rregos, represas, cachoeiras, cascatas, praias de \u00e1gua doce etc., e todos sabem que o ver\u00e3o brasileiro n\u00e3o se resume apenas ao mar. Por aqui, nossos atrativos re\u00fanem os elementos essenciais para o desenvolvimento do [&hellip;]<\/p>\n","protected":false},"author":13,"featured_media":49533,"comment_status":"closed","ping_status":"open","sticky":false,"template":"","format":"standard","meta":{"_acf_changed":false,"_exactmetrics_skip_tracking":false,"_exactmetrics_sitenote_active":false,"_exactmetrics_sitenote_note":"","_exactmetrics_sitenote_category":0,"footnotes":""},"categories":[59],"tags":[],"class_list":["post-49532","post","type-post","status-publish","format-standard","has-post-thumbnail","hentry","category-opiniao"],"acf":[],"yoast_head":"<!-- This site is optimized with the Yoast SEO plugin v27.2 - https:\/\/yoast.com\/product\/yoast-seo-wordpress\/ -->\n<title>S\u00e3o Paulo come\u00e7a aqui! - R\u00e1dio Life FM<\/title>\n<meta name=\"robots\" content=\"index, follow, max-snippet:-1, max-image-preview:large, max-video-preview:-1\" \/>\n<link rel=\"canonical\" href=\"https:\/\/radiolifefm.com.br\/noticias\/sao-paulo-comeca-aqui\/\" \/>\n<meta property=\"og:locale\" content=\"pt_BR\" \/>\n<meta property=\"og:type\" content=\"article\" \/>\n<meta property=\"og:title\" content=\"S\u00e3o Paulo come\u00e7a aqui! - R\u00e1dio Life FM\" \/>\n<meta property=\"og:description\" content=\"Aqui, at\u00e9 o calor favorece o Turismo! O Oeste Paulista \u00e9 uma regi\u00e3o muito rica em belezas naturais, incluindo diversos rios, c\u00f3rregos, represas, cachoeiras, cascatas, praias de \u00e1gua doce etc., e todos sabem que o ver\u00e3o brasileiro n\u00e3o se resume apenas ao mar. Por aqui, nossos atrativos re\u00fanem os elementos essenciais para o desenvolvimento do [&hellip;]\" \/>\n<meta property=\"og:url\" content=\"https:\/\/radiolifefm.com.br\/noticias\/sao-paulo-comeca-aqui\/\" \/>\n<meta property=\"og:site_name\" content=\"R\u00e1dio Life FM\" \/>\n<meta property=\"article:publisher\" content=\"https:\/\/www.facebook.com\/radiolifefm\/\" \/>\n<meta property=\"article:published_time\" content=\"2022-02-16T19:02:09+00:00\" \/>\n<meta property=\"article:modified_time\" content=\"2025-12-30T13:04:51+00:00\" \/>\n<meta property=\"og:image\" content=\"https:\/\/radiolifefm.com.br\/noticias\/wp-content\/uploads\/2022\/02\/artigo08.jpg\" \/>\n\t<meta property=\"og:image:width\" content=\"1280\" \/>\n\t<meta property=\"og:image:height\" content=\"720\" \/>\n\t<meta property=\"og:image:type\" content=\"image\/jpeg\" \/>\n<meta name=\"author\" content=\"ritanery\" \/>\n<meta name=\"twitter:card\" content=\"summary_large_image\" \/>\n<meta name=\"twitter:label1\" content=\"Escrito por\" \/>\n\t<meta name=\"twitter:data1\" content=\"ritanery\" \/>\n\t<meta name=\"twitter:label2\" content=\"Est. tempo de leitura\" \/>\n\t<meta name=\"twitter:data2\" content=\"1 minuto\" \/>\n<script type=\"application\/ld+json\" class=\"yoast-schema-graph\">{\"@context\":\"https:\/\/schema.org\",\"@graph\":[{\"@type\":\"Article\",\"@id\":\"https:\/\/radiolifefm.com.br\/noticias\/sao-paulo-comeca-aqui\/#article\",\"isPartOf\":{\"@id\":\"https:\/\/radiolifefm.com.br\/noticias\/sao-paulo-comeca-aqui\/\"},\"author\":{\"name\":\"ritanery\",\"@id\":\"https:\/\/radiolifefm.com.br\/noticias\/#\/schema\/person\/6339b9fac59d12b071dec680d7375d87\"},\"headline\":\"S\u00e3o Paulo come\u00e7a aqui!\",\"datePublished\":\"2022-02-16T19:02:09+00:00\",\"dateModified\":\"2025-12-30T13:04:51+00:00\",\"mainEntityOfPage\":{\"@id\":\"https:\/\/radiolifefm.com.br\/noticias\/sao-paulo-comeca-aqui\/\"},\"wordCount\":244,\"publisher\":{\"@id\":\"https:\/\/radiolifefm.com.br\/noticias\/#organization\"},\"image\":{\"@id\":\"https:\/\/radiolifefm.com.br\/noticias\/sao-paulo-comeca-aqui\/#primaryimage\"},\"thumbnailUrl\":\"https:\/\/radiolifefm.com.br\/noticias\/wp-content\/uploads\/2022\/02\/artigo08.jpg\",\"articleSection\":[\"Opini\u00e3o\"],\"inLanguage\":\"pt-BR\"},{\"@type\":\"WebPage\",\"@id\":\"https:\/\/radiolifefm.com.br\/noticias\/sao-paulo-comeca-aqui\/\",\"url\":\"https:\/\/radiolifefm.com.br\/noticias\/sao-paulo-comeca-aqui\/\",\"name\":\"S\u00e3o Paulo come\u00e7a aqui! - R\u00e1dio Life FM\",\"isPartOf\":{\"@id\":\"https:\/\/radiolifefm.com.br\/noticias\/#website\"},\"primaryImageOfPage\":{\"@id\":\"https:\/\/radiolifefm.com.br\/noticias\/sao-paulo-comeca-aqui\/#primaryimage\"},\"image\":{\"@id\":\"https:\/\/radiolifefm.com.br\/noticias\/sao-paulo-comeca-aqui\/#primaryimage\"},\"thumbnailUrl\":\"https:\/\/radiolifefm.com.br\/noticias\/wp-content\/uploads\/2022\/02\/artigo08.jpg\",\"datePublished\":\"2022-02-16T19:02:09+00:00\",\"dateModified\":\"2025-12-30T13:04:51+00:00\",\"breadcrumb\":{\"@id\":\"https:\/\/radiolifefm.com.br\/noticias\/sao-paulo-comeca-aqui\/#breadcrumb\"},\"inLanguage\":\"pt-BR\",\"potentialAction\":[{\"@type\":\"ReadAction\",\"target\":[\"https:\/\/radiolifefm.com.br\/noticias\/sao-paulo-comeca-aqui\/\"]}]},{\"@type\":\"ImageObject\",\"inLanguage\":\"pt-BR\",\"@id\":\"https:\/\/radiolifefm.com.br\/noticias\/sao-paulo-comeca-aqui\/#primaryimage\",\"url\":\"https:\/\/radiolifefm.com.br\/noticias\/wp-content\/uploads\/2022\/02\/artigo08.jpg\",\"contentUrl\":\"https:\/\/radiolifefm.com.br\/noticias\/wp-content\/uploads\/2022\/02\/artigo08.jpg\",\"width\":1280,\"height\":720,\"caption\":\"Marco Zero (divisa S\u00e3o Paulo, Mato Grosso do Sul e Paran\u00e1) \u2013 Rosana\/SP\"},{\"@type\":\"BreadcrumbList\",\"@id\":\"https:\/\/radiolifefm.com.br\/noticias\/sao-paulo-comeca-aqui\/#breadcrumb\",\"itemListElement\":[{\"@type\":\"ListItem\",\"position\":1,\"name\":\"In\u00edcio\",\"item\":\"https:\/\/radiolifefm.com.br\/noticias\/\"},{\"@type\":\"ListItem\",\"position\":2,\"name\":\"S\u00e3o Paulo come\u00e7a aqui!\"}]},{\"@type\":\"WebSite\",\"@id\":\"https:\/\/radiolifefm.com.br\/noticias\/#website\",\"url\":\"https:\/\/radiolifefm.com.br\/noticias\/\",\"name\":\"R\u00e1dio Life FM\",\"description\":\"O Portal de Not\u00edcias de Adamantina\",\"publisher\":{\"@id\":\"https:\/\/radiolifefm.com.br\/noticias\/#organization\"},\"alternateName\":\"Life FM\",\"potentialAction\":[{\"@type\":\"SearchAction\",\"target\":{\"@type\":\"EntryPoint\",\"urlTemplate\":\"https:\/\/radiolifefm.com.br\/noticias\/?s={search_term_string}\"},\"query-input\":{\"@type\":\"PropertyValueSpecification\",\"valueRequired\":true,\"valueName\":\"search_term_string\"}}],\"inLanguage\":\"pt-BR\"},{\"@type\":\"Organization\",\"@id\":\"https:\/\/radiolifefm.com.br\/noticias\/#organization\",\"name\":\"R\u00e1dio Life FM\",\"alternateName\":\"Life FM\",\"url\":\"https:\/\/radiolifefm.com.br\/noticias\/\",\"logo\":{\"@type\":\"ImageObject\",\"inLanguage\":\"pt-BR\",\"@id\":\"https:\/\/radiolifefm.com.br\/noticias\/#\/schema\/logo\/image\/\",\"url\":\"https:\/\/static.radiolifefm.com.br\/noticias\/wp-content\/uploads\/2019\/10\/logo-lifefm.png\",\"contentUrl\":\"https:\/\/static.radiolifefm.com.br\/noticias\/wp-content\/uploads\/2019\/10\/logo-lifefm.png\",\"width\":196,\"height\":47,\"caption\":\"R\u00e1dio Life FM\"},\"image\":{\"@id\":\"https:\/\/radiolifefm.com.br\/noticias\/#\/schema\/logo\/image\/\"},\"sameAs\":[\"https:\/\/www.facebook.com\/radiolifefm\/\",\"https:\/\/www.instagram.com\/life1079fm\/\"]},{\"@type\":\"Person\",\"@id\":\"https:\/\/radiolifefm.com.br\/noticias\/#\/schema\/person\/6339b9fac59d12b071dec680d7375d87\",\"name\":\"ritanery\",\"image\":{\"@type\":\"ImageObject\",\"inLanguage\":\"pt-BR\",\"@id\":\"https:\/\/secure.gravatar.com\/avatar\/0e37bb19071f47c0b8a23f62a903df117c5a0e75f65a0c2901562f97cd41cf86?s=96&d=mm&r=g\",\"url\":\"https:\/\/secure.gravatar.com\/avatar\/0e37bb19071f47c0b8a23f62a903df117c5a0e75f65a0c2901562f97cd41cf86?s=96&d=mm&r=g\",\"contentUrl\":\"https:\/\/secure.gravatar.com\/avatar\/0e37bb19071f47c0b8a23f62a903df117c5a0e75f65a0c2901562f97cd41cf86?s=96&d=mm&r=g\",\"caption\":\"ritanery\"}}]}<\/script>\n<!-- \/ Yoast SEO plugin. -->","yoast_head_json":{"title":"S\u00e3o Paulo come\u00e7a aqui! - R\u00e1dio Life FM","robots":{"index":"index","follow":"follow","max-snippet":"max-snippet:-1","max-image-preview":"max-image-preview:large","max-video-preview":"max-video-preview:-1"},"canonical":"https:\/\/radiolifefm.com.br\/noticias\/sao-paulo-comeca-aqui\/","og_locale":"pt_BR","og_type":"article","og_title":"S\u00e3o Paulo come\u00e7a aqui! - R\u00e1dio Life FM","og_description":"Aqui, at\u00e9 o calor favorece o Turismo! O Oeste Paulista \u00e9 uma regi\u00e3o muito rica em belezas naturais, incluindo diversos rios, c\u00f3rregos, represas, cachoeiras, cascatas, praias de \u00e1gua doce etc., e todos sabem que o ver\u00e3o brasileiro n\u00e3o se resume apenas ao mar. Por aqui, nossos atrativos re\u00fanem os elementos essenciais para o desenvolvimento do [&hellip;]","og_url":"https:\/\/radiolifefm.com.br\/noticias\/sao-paulo-comeca-aqui\/","og_site_name":"R\u00e1dio Life FM","article_publisher":"https:\/\/www.facebook.com\/radiolifefm\/","article_published_time":"2022-02-16T19:02:09+00:00","article_modified_time":"2025-12-30T13:04:51+00:00","og_image":[{"width":1280,"height":720,"url":"https:\/\/radiolifefm.com.br\/noticias\/wp-content\/uploads\/2022\/02\/artigo08.jpg","type":"image\/jpeg"}],"author":"ritanery","twitter_card":"summary_large_image","twitter_misc":{"Escrito por":"ritanery","Est. tempo de leitura":"1 minuto"},"schema":{"@context":"https:\/\/schema.org","@graph":[{"@type":"Article","@id":"https:\/\/radiolifefm.com.br\/noticias\/sao-paulo-comeca-aqui\/#article","isPartOf":{"@id":"https:\/\/radiolifefm.com.br\/noticias\/sao-paulo-comeca-aqui\/"},"author":{"name":"ritanery","@id":"https:\/\/radiolifefm.com.br\/noticias\/#\/schema\/person\/6339b9fac59d12b071dec680d7375d87"},"headline":"S\u00e3o Paulo come\u00e7a aqui!","datePublished":"2022-02-16T19:02:09+00:00","dateModified":"2025-12-30T13:04:51+00:00","mainEntityOfPage":{"@id":"https:\/\/radiolifefm.com.br\/noticias\/sao-paulo-comeca-aqui\/"},"wordCount":244,"publisher":{"@id":"https:\/\/radiolifefm.com.br\/noticias\/#organization"},"image":{"@id":"https:\/\/radiolifefm.com.br\/noticias\/sao-paulo-comeca-aqui\/#primaryimage"},"thumbnailUrl":"https:\/\/radiolifefm.com.br\/noticias\/wp-content\/uploads\/2022\/02\/artigo08.jpg","articleSection":["Opini\u00e3o"],"inLanguage":"pt-BR"},{"@type":"WebPage","@id":"https:\/\/radiolifefm.com.br\/noticias\/sao-paulo-comeca-aqui\/","url":"https:\/\/radiolifefm.com.br\/noticias\/sao-paulo-comeca-aqui\/","name":"S\u00e3o Paulo come\u00e7a aqui! - R\u00e1dio Life FM","isPartOf":{"@id":"https:\/\/radiolifefm.com.br\/noticias\/#website"},"primaryImageOfPage":{"@id":"https:\/\/radiolifefm.com.br\/noticias\/sao-paulo-comeca-aqui\/#primaryimage"},"image":{"@id":"https:\/\/radiolifefm.com.br\/noticias\/sao-paulo-comeca-aqui\/#primaryimage"},"thumbnailUrl":"https:\/\/radiolifefm.com.br\/noticias\/wp-content\/uploads\/2022\/02\/artigo08.jpg","datePublished":"2022-02-16T19:02:09+00:00","dateModified":"2025-12-30T13:04:51+00:00","breadcrumb":{"@id":"https:\/\/radiolifefm.com.br\/noticias\/sao-paulo-comeca-aqui\/#breadcrumb"},"inLanguage":"pt-BR","potentialAction":[{"@type":"ReadAction","target":["https:\/\/radiolifefm.com.br\/noticias\/sao-paulo-comeca-aqui\/"]}]},{"@type":"ImageObject","inLanguage":"pt-BR","@id":"https:\/\/radiolifefm.com.br\/noticias\/sao-paulo-comeca-aqui\/#primaryimage","url":"https:\/\/radiolifefm.com.br\/noticias\/wp-content\/uploads\/2022\/02\/artigo08.jpg","contentUrl":"https:\/\/radiolifefm.com.br\/noticias\/wp-content\/uploads\/2022\/02\/artigo08.jpg","width":1280,"height":720,"caption":"Marco Zero (divisa S\u00e3o Paulo, Mato Grosso do Sul e Paran\u00e1) \u2013 Rosana\/SP"},{"@type":"BreadcrumbList","@id":"https:\/\/radiolifefm.com.br\/noticias\/sao-paulo-comeca-aqui\/#breadcrumb","itemListElement":[{"@type":"ListItem","position":1,"name":"In\u00edcio","item":"https:\/\/radiolifefm.com.br\/noticias\/"},{"@type":"ListItem","position":2,"name":"S\u00e3o Paulo come\u00e7a aqui!"}]},{"@type":"WebSite","@id":"https:\/\/radiolifefm.com.br\/noticias\/#website","url":"https:\/\/radiolifefm.com.br\/noticias\/","name":"R\u00e1dio Life FM","description":"O Portal de Not\u00edcias de Adamantina","publisher":{"@id":"https:\/\/radiolifefm.com.br\/noticias\/#organization"},"alternateName":"Life FM","potentialAction":[{"@type":"SearchAction","target":{"@type":"EntryPoint","urlTemplate":"https:\/\/radiolifefm.com.br\/noticias\/?s={search_term_string}"},"query-input":{"@type":"PropertyValueSpecification","valueRequired":true,"valueName":"search_term_string"}}],"inLanguage":"pt-BR"},{"@type":"Organization","@id":"https:\/\/radiolifefm.com.br\/noticias\/#organization","name":"R\u00e1dio Life FM","alternateName":"Life FM","url":"https:\/\/radiolifefm.com.br\/noticias\/","logo":{"@type":"ImageObject","inLanguage":"pt-BR","@id":"https:\/\/radiolifefm.com.br\/noticias\/#\/schema\/logo\/image\/","url":"https:\/\/static.radiolifefm.com.br\/noticias\/wp-content\/uploads\/2019\/10\/logo-lifefm.png","contentUrl":"https:\/\/static.radiolifefm.com.br\/noticias\/wp-content\/uploads\/2019\/10\/logo-lifefm.png","width":196,"height":47,"caption":"R\u00e1dio Life FM"},"image":{"@id":"https:\/\/radiolifefm.com.br\/noticias\/#\/schema\/logo\/image\/"},"sameAs":["https:\/\/www.facebook.com\/radiolifefm\/","https:\/\/www.instagram.com\/life1079fm\/"]},{"@type":"Person","@id":"https:\/\/radiolifefm.com.br\/noticias\/#\/schema\/person\/6339b9fac59d12b071dec680d7375d87","name":"ritanery","image":{"@type":"ImageObject","inLanguage":"pt-BR","@id":"https:\/\/secure.gravatar.com\/avatar\/0e37bb19071f47c0b8a23f62a903df117c5a0e75f65a0c2901562f97cd41cf86?s=96&d=mm&r=g","url":"https:\/\/secure.gravatar.com\/avatar\/0e37bb19071f47c0b8a23f62a903df117c5a0e75f65a0c2901562f97cd41cf86?s=96&d=mm&r=g","contentUrl":"https:\/\/secure.gravatar.com\/avatar\/0e37bb19071f47c0b8a23f62a903df117c5a0e75f65a0c2901562f97cd41cf86?s=96&d=mm&r=g","caption":"ritanery"}}]}},"amp_enabled":true,"_links":{"self":[{"href":"https:\/\/radiolifefm.com.br\/noticias\/wp-json\/wp\/v2\/posts\/49532","targetHints":{"allow":["GET"]}}],"collection":[{"href":"https:\/\/radiolifefm.com.br\/noticias\/wp-json\/wp\/v2\/posts"}],"about":[{"href":"https:\/\/radiolifefm.com.br\/noticias\/wp-json\/wp\/v2\/types\/post"}],"author":[{"embeddable":true,"href":"https:\/\/radiolifefm.com.br\/noticias\/wp-json\/wp\/v2\/users\/13"}],"replies":[{"embeddable":true,"href":"https:\/\/radiolifefm.com.br\/noticias\/wp-json\/wp\/v2\/comments?post=49532"}],"version-history":[{"count":1,"href":"https:\/\/radiolifefm.com.br\/noticias\/wp-json\/wp\/v2\/posts\/49532\/revisions"}],"predecessor-version":[{"id":49534,"href":"https:\/\/radiolifefm.com.br\/noticias\/wp-json\/wp\/v2\/posts\/49532\/revisions\/49534"}],"wp:featuredmedia":[{"embeddable":true,"href":"https:\/\/radiolifefm.com.br\/noticias\/wp-json\/wp\/v2\/media\/49533"}],"wp:attachment":[{"href":"https:\/\/radiolifefm.com.br\/noticias\/wp-json\/wp\/v2\/media?parent=49532"}],"wp:term":[{"taxonomy":"category","embeddable":true,"href":"https:\/\/radiolifefm.com.br\/noticias\/wp-json\/wp\/v2\/categories?post=49532"},{"taxonomy":"post_tag","embeddable":true,"href":"https:\/\/radiolifefm.com.br\/noticias\/wp-json\/wp\/v2\/tags?post=49532"}],"curies":[{"name":"wp","href":"https:\/\/api.w.org\/{rel}","templated":true}]}}