{"id":49490,"date":"2022-02-15T14:21:24","date_gmt":"2022-02-15T17:21:24","guid":{"rendered":"https:\/\/radiolifefm.com.br\/noticias\/?p=49490"},"modified":"2026-04-04T15:30:35","modified_gmt":"2026-04-04T18:30:35","slug":"noticiasjustica-do-trabalho-condena-santa-casa-de-adamantina-por-supressao-de-intervalos-na-jornada-de-profissionais-de-saude","status":"publish","type":"post","link":"https:\/\/radiolifefm.com.br\/noticias\/noticiasjustica-do-trabalho-condena-santa-casa-de-adamantina-por-supressao-de-intervalos-na-jornada-de-profissionais-de-saude\/","title":{"rendered":"Justi\u00e7a do Trabalho condena Santa Casa de Adamantina por supress\u00e3o de intervalos na jornada de profissionais de sa\u00fade"},"content":{"rendered":"<div id=\"fb-root\"><\/div>\n<p>A Irmandade da Santa Casa de Miseric\u00f3rdia de\u00a0Adamantina\u00a0(SP) foi condenada pela Justi\u00e7a do Trabalho a regularizar os intervalos de descanso dos seus empregados. A a\u00e7\u00e3o \u00e9 do Minist\u00e9rio P\u00fablico do Trabalho (MPT), em Presidente Prudente (SP), que investigou o estabelecimento ap\u00f3s o recebimento de den\u00fancia de sobrecarga de trabalho por parte dos profissionais de sa\u00fade.<\/p>\n<p>O MPT investigou o estabelecimento ap\u00f3s o recebimento de den\u00fancia de sobrecarga de trabalho por parte dos profissionais de sa\u00fade da Santa Casa. As provas documentais juntadas nos autos do inqu\u00e9rito comprovaram o descumprimento contumaz da lei trabalhista no que se refere \u00e0 n\u00e3o concess\u00e3o de intervalos aos trabalhadores. Houve casos de mais de 400 viola\u00e7\u00f5es no intervalo de apenas dois meses, atingindo mais de 100 profissionais.<\/p>\n<p>A senten\u00e7a tem a data do dia 11 de fevereiro e foi proferida pela Vara do Trabalho de Adamantina determina a concess\u00e3o de intervalo para repouso e alimenta\u00e7\u00e3o de, no m\u00ednimo, 1 hora e de, no m\u00e1ximo, 2 horas para trabalhadores em jornada superior a 6 horas; o ju\u00edzo autorizou o intervalo de 30 minutos apenas em caso de pactua\u00e7\u00e3o em norma coletiva de trabalho; a decis\u00e3o tamb\u00e9m imp\u00f5e a obriga\u00e7\u00e3o de conceder intervalos entre jornadas de, no m\u00ednimo, 11 horas.<\/p>\n<p>A Santa Casa apresentou defesa ao MPT, alegando que \u201ca supress\u00e3o de intervalo intrajornada de seus colaboradores, via de regra, ocorreram em raz\u00e3o do ac\u00famulo de atendimentos causados pela Pandemia Covid-19. Em raz\u00e3o de atendimentos emergenciais e de mobiliza\u00e7\u00e3o de todos os setores do nosoc\u00f4mio, muitas vezes, em raz\u00e3o do excesso exorbitante de servi\u00e7os, urgentes e emergenciais, se tornava imposs\u00edvel a frui\u00e7\u00e3o de 1 hora de intervalo\u201d.<\/p>\n<p>Com base nas justificativas apresentadas ao MPT, o procurador oficiante concedeu prazos para adequa\u00e7\u00e3o do hospital \u00e0 lei trabalhista, inclusive propondo a celebra\u00e7\u00e3o de termo de ajuste de conduta (TAC). No entanto, segundo o MPT, n\u00e3o houve interesse do hospital em regularizar sua conduta voluntariamente.<\/p>\n<p>\u201cAinda que parte da supress\u00e3o de intervalo tenha rela\u00e7\u00e3o com atendimentos relacionados \u00e0 pandemia da Covid, o MPT entende que isso n\u00e3o justifica, por si s\u00f3, o sacrif\u00edcio do direito \u00e0 sa\u00fade dos trabalhadores\u201d, escreveu o procurador Ant\u00f4nio Pereira Nascimento J\u00fanior na peti\u00e7\u00e3o inicial.<\/p>\n<p>\u201cNesse contexto, a n\u00e3o concess\u00e3o de intervalos inter e\/ou intrajornada, evidencia risco iminente \u00e0 sa\u00fade f\u00edsica e mental dos trabalhadores (quando n\u00e3o h\u00e1 risco potencial aos pacientes que por eles s\u00e3o atendidos), o que substancia a plausibilidade jur\u00eddica da pretens\u00e3o do\u00a0Parquet\u00a0[Minist\u00e9rio P\u00fablico], ou seja, a necessidade da ado\u00e7\u00e3o imediata de medidas que previnam riscos mencionados, evitando, assim, que a demora na efetiva\u00e7\u00e3o de tais medidas cause danos irrevers\u00edveis e de dif\u00edcil ou imposs\u00edvel repara\u00e7\u00e3o. Com efeito, nem mesmo o estado de calamidade p\u00fablica causado pela covid-19 autoriza o(a) empregador(a) a deixar de conceder os intervalos m\u00ednimos (inter e\/ou intrajornada) e\/ou de conceder intervalos para repouso e alimenta\u00e7\u00e3o superiores a duas horas sem acordo escrito ou contrato coletivo (previs\u00e3o em CCT [Conven\u00e7\u00e3o Coletiva de Trabalho] ou ACT [Acordo Coletivo de Trabalho]). Do contr\u00e1rio, o Poder Judici\u00e1rio estaria autorizando o(a) empregador(a) a descumprir deliberadamente direitos m\u00ednimos assegurados ao trabalhador, transferindo a este \u2013 ao menos em parte \u2013 os riscos do empreendimento econ\u00f4mico, o que \u00e9 vedado pelo artigo 2\u00ba da CLT [Consolida\u00e7\u00e3o das Leis do Trabalho]\u201d, escreveu na senten\u00e7a o juiz Mouzart Luis Silva Brenes.<\/p>\n<p>Em caso de descumprimento das obriga\u00e7\u00f5es impostas, a pena de multa \u00e9 de R$ 5 mil por item desrespeitado, acrescida de R$ 200 por trabalhador em situa\u00e7\u00e3o irregular. Pelos danos morais coletivos, o hospital foi condenado ao pagamento de indeniza\u00e7\u00e3o no valor de R$ 15 mil.<\/p>\n<p>Ainda cabe recurso ao Tribunal Regional do Trabalho da 15\u00aa Regi\u00e3o (TRT-15), em Campinas (SP).<\/p>\n<p>Outro lado<\/p>\n<p>A reportagem solicitou posicionamento para a Irmandade da Santa Casa de Miseric\u00f3rdia de Adamantina sobre o assunto e aguarda a resposta para a atualiza\u00e7\u00e3o da reportagem.<\/p>\n<p>&nbsp;<\/p>\n<p>Fonte: Jornal Cidade Aberta<\/p>\n","protected":false},"excerpt":{"rendered":"<p>A Irmandade da Santa Casa de Miseric\u00f3rdia de\u00a0Adamantina\u00a0(SP) foi condenada pela Justi\u00e7a do Trabalho a regularizar os intervalos de descanso dos seus empregados. A a\u00e7\u00e3o \u00e9 do Minist\u00e9rio P\u00fablico do Trabalho (MPT), em Presidente Prudente (SP), que investigou o estabelecimento ap\u00f3s o recebimento de den\u00fancia de sobrecarga de trabalho por parte dos profissionais de sa\u00fade. [&hellip;]<\/p>\n","protected":false},"author":13,"featured_media":49491,"comment_status":"closed","ping_status":"open","sticky":false,"template":"","format":"standard","meta":{"_acf_changed":false,"_exactmetrics_skip_tracking":false,"_exactmetrics_sitenote_active":false,"_exactmetrics_sitenote_note":"","_exactmetrics_sitenote_category":0,"footnotes":""},"categories":[21],"tags":[],"class_list":["post-49490","post","type-post","status-publish","format-standard","has-post-thumbnail","hentry","category-adamantina"],"acf":[],"yoast_head":"<!-- This site is optimized with the Yoast SEO plugin v27.2 - https:\/\/yoast.com\/product\/yoast-seo-wordpress\/ -->\n<title>Justi\u00e7a do Trabalho condena Santa Casa de Adamantina por supress\u00e3o de intervalos na jornada de profissionais de sa\u00fade - R\u00e1dio Life FM<\/title>\n<meta name=\"robots\" content=\"index, follow, max-snippet:-1, max-image-preview:large, max-video-preview:-1\" \/>\n<link rel=\"canonical\" href=\"https:\/\/radiolifefm.com.br\/noticias\/noticiasjustica-do-trabalho-condena-santa-casa-de-adamantina-por-supressao-de-intervalos-na-jornada-de-profissionais-de-saude\/\" \/>\n<meta property=\"og:locale\" content=\"pt_BR\" \/>\n<meta property=\"og:type\" content=\"article\" \/>\n<meta property=\"og:title\" content=\"Justi\u00e7a do Trabalho condena Santa Casa de Adamantina por supress\u00e3o de intervalos na jornada de profissionais de sa\u00fade - R\u00e1dio Life FM\" \/>\n<meta property=\"og:description\" content=\"A Irmandade da Santa Casa de Miseric\u00f3rdia de\u00a0Adamantina\u00a0(SP) foi condenada pela Justi\u00e7a do Trabalho a regularizar os intervalos de descanso dos seus empregados. A a\u00e7\u00e3o \u00e9 do Minist\u00e9rio P\u00fablico do Trabalho (MPT), em Presidente Prudente (SP), que investigou o estabelecimento ap\u00f3s o recebimento de den\u00fancia de sobrecarga de trabalho por parte dos profissionais de sa\u00fade. [&hellip;]\" \/>\n<meta property=\"og:url\" content=\"https:\/\/radiolifefm.com.br\/noticias\/noticiasjustica-do-trabalho-condena-santa-casa-de-adamantina-por-supressao-de-intervalos-na-jornada-de-profissionais-de-saude\/\" \/>\n<meta property=\"og:site_name\" content=\"R\u00e1dio Life FM\" \/>\n<meta property=\"article:publisher\" content=\"https:\/\/www.facebook.com\/radiolifefm\/\" \/>\n<meta property=\"article:published_time\" content=\"2022-02-15T17:21:24+00:00\" \/>\n<meta property=\"article:modified_time\" content=\"2026-04-04T18:30:35+00:00\" \/>\n<meta property=\"og:image\" content=\"https:\/\/radiolifefm.com.br\/noticias\/wp-content\/uploads\/2022\/02\/santa-adam.jpeg\" \/>\n\t<meta property=\"og:image:width\" content=\"984\" \/>\n\t<meta property=\"og:image:height\" content=\"738\" \/>\n\t<meta property=\"og:image:type\" content=\"image\/jpeg\" \/>\n<meta name=\"author\" content=\"ritanery\" \/>\n<meta name=\"twitter:card\" content=\"summary_large_image\" \/>\n<meta name=\"twitter:label1\" content=\"Escrito por\" \/>\n\t<meta name=\"twitter:data1\" content=\"ritanery\" \/>\n\t<meta name=\"twitter:label2\" content=\"Est. tempo de leitura\" \/>\n\t<meta name=\"twitter:data2\" content=\"4 minutos\" \/>\n<script type=\"application\/ld+json\" class=\"yoast-schema-graph\">{\"@context\":\"https:\/\/schema.org\",\"@graph\":[{\"@type\":\"Article\",\"@id\":\"https:\/\/radiolifefm.com.br\/noticias\/noticiasjustica-do-trabalho-condena-santa-casa-de-adamantina-por-supressao-de-intervalos-na-jornada-de-profissionais-de-saude\/#article\",\"isPartOf\":{\"@id\":\"https:\/\/radiolifefm.com.br\/noticias\/noticiasjustica-do-trabalho-condena-santa-casa-de-adamantina-por-supressao-de-intervalos-na-jornada-de-profissionais-de-saude\/\"},\"author\":{\"name\":\"ritanery\",\"@id\":\"https:\/\/radiolifefm.com.br\/noticias\/#\/schema\/person\/6339b9fac59d12b071dec680d7375d87\"},\"headline\":\"Justi\u00e7a do Trabalho condena Santa Casa de Adamantina por supress\u00e3o de intervalos na jornada de profissionais de sa\u00fade\",\"datePublished\":\"2022-02-15T17:21:24+00:00\",\"dateModified\":\"2026-04-04T18:30:35+00:00\",\"mainEntityOfPage\":{\"@id\":\"https:\/\/radiolifefm.com.br\/noticias\/noticiasjustica-do-trabalho-condena-santa-casa-de-adamantina-por-supressao-de-intervalos-na-jornada-de-profissionais-de-saude\/\"},\"wordCount\":726,\"publisher\":{\"@id\":\"https:\/\/radiolifefm.com.br\/noticias\/#organization\"},\"image\":{\"@id\":\"https:\/\/radiolifefm.com.br\/noticias\/noticiasjustica-do-trabalho-condena-santa-casa-de-adamantina-por-supressao-de-intervalos-na-jornada-de-profissionais-de-saude\/#primaryimage\"},\"thumbnailUrl\":\"https:\/\/radiolifefm.com.br\/noticias\/wp-content\/uploads\/2022\/02\/santa-adam.jpeg\",\"articleSection\":[\"Adamantina\"],\"inLanguage\":\"pt-BR\"},{\"@type\":\"WebPage\",\"@id\":\"https:\/\/radiolifefm.com.br\/noticias\/noticiasjustica-do-trabalho-condena-santa-casa-de-adamantina-por-supressao-de-intervalos-na-jornada-de-profissionais-de-saude\/\",\"url\":\"https:\/\/radiolifefm.com.br\/noticias\/noticiasjustica-do-trabalho-condena-santa-casa-de-adamantina-por-supressao-de-intervalos-na-jornada-de-profissionais-de-saude\/\",\"name\":\"Justi\u00e7a do Trabalho condena Santa Casa de Adamantina por supress\u00e3o de intervalos na jornada de profissionais de sa\u00fade - R\u00e1dio Life FM\",\"isPartOf\":{\"@id\":\"https:\/\/radiolifefm.com.br\/noticias\/#website\"},\"primaryImageOfPage\":{\"@id\":\"https:\/\/radiolifefm.com.br\/noticias\/noticiasjustica-do-trabalho-condena-santa-casa-de-adamantina-por-supressao-de-intervalos-na-jornada-de-profissionais-de-saude\/#primaryimage\"},\"image\":{\"@id\":\"https:\/\/radiolifefm.com.br\/noticias\/noticiasjustica-do-trabalho-condena-santa-casa-de-adamantina-por-supressao-de-intervalos-na-jornada-de-profissionais-de-saude\/#primaryimage\"},\"thumbnailUrl\":\"https:\/\/radiolifefm.com.br\/noticias\/wp-content\/uploads\/2022\/02\/santa-adam.jpeg\",\"datePublished\":\"2022-02-15T17:21:24+00:00\",\"dateModified\":\"2026-04-04T18:30:35+00:00\",\"breadcrumb\":{\"@id\":\"https:\/\/radiolifefm.com.br\/noticias\/noticiasjustica-do-trabalho-condena-santa-casa-de-adamantina-por-supressao-de-intervalos-na-jornada-de-profissionais-de-saude\/#breadcrumb\"},\"inLanguage\":\"pt-BR\",\"potentialAction\":[{\"@type\":\"ReadAction\",\"target\":[\"https:\/\/radiolifefm.com.br\/noticias\/noticiasjustica-do-trabalho-condena-santa-casa-de-adamantina-por-supressao-de-intervalos-na-jornada-de-profissionais-de-saude\/\"]}]},{\"@type\":\"ImageObject\",\"inLanguage\":\"pt-BR\",\"@id\":\"https:\/\/radiolifefm.com.br\/noticias\/noticiasjustica-do-trabalho-condena-santa-casa-de-adamantina-por-supressao-de-intervalos-na-jornada-de-profissionais-de-saude\/#primaryimage\",\"url\":\"https:\/\/radiolifefm.com.br\/noticias\/wp-content\/uploads\/2022\/02\/santa-adam.jpeg\",\"contentUrl\":\"https:\/\/radiolifefm.com.br\/noticias\/wp-content\/uploads\/2022\/02\/santa-adam.jpeg\",\"width\":984,\"height\":738,\"caption\":\"Santa Casa foi condenada por supress\u00e3o de intervalos na jornada de profissionais de sa\u00fade.\"},{\"@type\":\"BreadcrumbList\",\"@id\":\"https:\/\/radiolifefm.com.br\/noticias\/noticiasjustica-do-trabalho-condena-santa-casa-de-adamantina-por-supressao-de-intervalos-na-jornada-de-profissionais-de-saude\/#breadcrumb\",\"itemListElement\":[{\"@type\":\"ListItem\",\"position\":1,\"name\":\"In\u00edcio\",\"item\":\"https:\/\/radiolifefm.com.br\/noticias\/\"},{\"@type\":\"ListItem\",\"position\":2,\"name\":\"Justi\u00e7a do Trabalho condena Santa Casa de Adamantina por supress\u00e3o de intervalos na jornada de profissionais de sa\u00fade\"}]},{\"@type\":\"WebSite\",\"@id\":\"https:\/\/radiolifefm.com.br\/noticias\/#website\",\"url\":\"https:\/\/radiolifefm.com.br\/noticias\/\",\"name\":\"R\u00e1dio Life FM\",\"description\":\"O Portal de Not\u00edcias de Adamantina\",\"publisher\":{\"@id\":\"https:\/\/radiolifefm.com.br\/noticias\/#organization\"},\"alternateName\":\"Life FM\",\"potentialAction\":[{\"@type\":\"SearchAction\",\"target\":{\"@type\":\"EntryPoint\",\"urlTemplate\":\"https:\/\/radiolifefm.com.br\/noticias\/?s={search_term_string}\"},\"query-input\":{\"@type\":\"PropertyValueSpecification\",\"valueRequired\":true,\"valueName\":\"search_term_string\"}}],\"inLanguage\":\"pt-BR\"},{\"@type\":\"Organization\",\"@id\":\"https:\/\/radiolifefm.com.br\/noticias\/#organization\",\"name\":\"R\u00e1dio Life FM\",\"alternateName\":\"Life FM\",\"url\":\"https:\/\/radiolifefm.com.br\/noticias\/\",\"logo\":{\"@type\":\"ImageObject\",\"inLanguage\":\"pt-BR\",\"@id\":\"https:\/\/radiolifefm.com.br\/noticias\/#\/schema\/logo\/image\/\",\"url\":\"https:\/\/static.radiolifefm.com.br\/noticias\/wp-content\/uploads\/2019\/10\/logo-lifefm.png\",\"contentUrl\":\"https:\/\/static.radiolifefm.com.br\/noticias\/wp-content\/uploads\/2019\/10\/logo-lifefm.png\",\"width\":196,\"height\":47,\"caption\":\"R\u00e1dio Life FM\"},\"image\":{\"@id\":\"https:\/\/radiolifefm.com.br\/noticias\/#\/schema\/logo\/image\/\"},\"sameAs\":[\"https:\/\/www.facebook.com\/radiolifefm\/\",\"https:\/\/www.instagram.com\/life1079fm\/\"]},{\"@type\":\"Person\",\"@id\":\"https:\/\/radiolifefm.com.br\/noticias\/#\/schema\/person\/6339b9fac59d12b071dec680d7375d87\",\"name\":\"ritanery\",\"image\":{\"@type\":\"ImageObject\",\"inLanguage\":\"pt-BR\",\"@id\":\"https:\/\/secure.gravatar.com\/avatar\/0e37bb19071f47c0b8a23f62a903df117c5a0e75f65a0c2901562f97cd41cf86?s=96&d=mm&r=g\",\"url\":\"https:\/\/secure.gravatar.com\/avatar\/0e37bb19071f47c0b8a23f62a903df117c5a0e75f65a0c2901562f97cd41cf86?s=96&d=mm&r=g\",\"contentUrl\":\"https:\/\/secure.gravatar.com\/avatar\/0e37bb19071f47c0b8a23f62a903df117c5a0e75f65a0c2901562f97cd41cf86?s=96&d=mm&r=g\",\"caption\":\"ritanery\"}}]}<\/script>\n<!-- \/ Yoast SEO plugin. -->","yoast_head_json":{"title":"Justi\u00e7a do Trabalho condena Santa Casa de Adamantina por supress\u00e3o de intervalos na jornada de profissionais de sa\u00fade - R\u00e1dio Life FM","robots":{"index":"index","follow":"follow","max-snippet":"max-snippet:-1","max-image-preview":"max-image-preview:large","max-video-preview":"max-video-preview:-1"},"canonical":"https:\/\/radiolifefm.com.br\/noticias\/noticiasjustica-do-trabalho-condena-santa-casa-de-adamantina-por-supressao-de-intervalos-na-jornada-de-profissionais-de-saude\/","og_locale":"pt_BR","og_type":"article","og_title":"Justi\u00e7a do Trabalho condena Santa Casa de Adamantina por supress\u00e3o de intervalos na jornada de profissionais de sa\u00fade - R\u00e1dio Life FM","og_description":"A Irmandade da Santa Casa de Miseric\u00f3rdia de\u00a0Adamantina\u00a0(SP) foi condenada pela Justi\u00e7a do Trabalho a regularizar os intervalos de descanso dos seus empregados. A a\u00e7\u00e3o \u00e9 do Minist\u00e9rio P\u00fablico do Trabalho (MPT), em Presidente Prudente (SP), que investigou o estabelecimento ap\u00f3s o recebimento de den\u00fancia de sobrecarga de trabalho por parte dos profissionais de sa\u00fade. [&hellip;]","og_url":"https:\/\/radiolifefm.com.br\/noticias\/noticiasjustica-do-trabalho-condena-santa-casa-de-adamantina-por-supressao-de-intervalos-na-jornada-de-profissionais-de-saude\/","og_site_name":"R\u00e1dio Life FM","article_publisher":"https:\/\/www.facebook.com\/radiolifefm\/","article_published_time":"2022-02-15T17:21:24+00:00","article_modified_time":"2026-04-04T18:30:35+00:00","og_image":[{"width":984,"height":738,"url":"https:\/\/radiolifefm.com.br\/noticias\/wp-content\/uploads\/2022\/02\/santa-adam.jpeg","type":"image\/jpeg"}],"author":"ritanery","twitter_card":"summary_large_image","twitter_misc":{"Escrito por":"ritanery","Est. tempo de leitura":"4 minutos"},"schema":{"@context":"https:\/\/schema.org","@graph":[{"@type":"Article","@id":"https:\/\/radiolifefm.com.br\/noticias\/noticiasjustica-do-trabalho-condena-santa-casa-de-adamantina-por-supressao-de-intervalos-na-jornada-de-profissionais-de-saude\/#article","isPartOf":{"@id":"https:\/\/radiolifefm.com.br\/noticias\/noticiasjustica-do-trabalho-condena-santa-casa-de-adamantina-por-supressao-de-intervalos-na-jornada-de-profissionais-de-saude\/"},"author":{"name":"ritanery","@id":"https:\/\/radiolifefm.com.br\/noticias\/#\/schema\/person\/6339b9fac59d12b071dec680d7375d87"},"headline":"Justi\u00e7a do Trabalho condena Santa Casa de Adamantina por supress\u00e3o de intervalos na jornada de profissionais de sa\u00fade","datePublished":"2022-02-15T17:21:24+00:00","dateModified":"2026-04-04T18:30:35+00:00","mainEntityOfPage":{"@id":"https:\/\/radiolifefm.com.br\/noticias\/noticiasjustica-do-trabalho-condena-santa-casa-de-adamantina-por-supressao-de-intervalos-na-jornada-de-profissionais-de-saude\/"},"wordCount":726,"publisher":{"@id":"https:\/\/radiolifefm.com.br\/noticias\/#organization"},"image":{"@id":"https:\/\/radiolifefm.com.br\/noticias\/noticiasjustica-do-trabalho-condena-santa-casa-de-adamantina-por-supressao-de-intervalos-na-jornada-de-profissionais-de-saude\/#primaryimage"},"thumbnailUrl":"https:\/\/radiolifefm.com.br\/noticias\/wp-content\/uploads\/2022\/02\/santa-adam.jpeg","articleSection":["Adamantina"],"inLanguage":"pt-BR"},{"@type":"WebPage","@id":"https:\/\/radiolifefm.com.br\/noticias\/noticiasjustica-do-trabalho-condena-santa-casa-de-adamantina-por-supressao-de-intervalos-na-jornada-de-profissionais-de-saude\/","url":"https:\/\/radiolifefm.com.br\/noticias\/noticiasjustica-do-trabalho-condena-santa-casa-de-adamantina-por-supressao-de-intervalos-na-jornada-de-profissionais-de-saude\/","name":"Justi\u00e7a do Trabalho condena Santa Casa de Adamantina por supress\u00e3o de intervalos na jornada de profissionais de sa\u00fade - R\u00e1dio Life FM","isPartOf":{"@id":"https:\/\/radiolifefm.com.br\/noticias\/#website"},"primaryImageOfPage":{"@id":"https:\/\/radiolifefm.com.br\/noticias\/noticiasjustica-do-trabalho-condena-santa-casa-de-adamantina-por-supressao-de-intervalos-na-jornada-de-profissionais-de-saude\/#primaryimage"},"image":{"@id":"https:\/\/radiolifefm.com.br\/noticias\/noticiasjustica-do-trabalho-condena-santa-casa-de-adamantina-por-supressao-de-intervalos-na-jornada-de-profissionais-de-saude\/#primaryimage"},"thumbnailUrl":"https:\/\/radiolifefm.com.br\/noticias\/wp-content\/uploads\/2022\/02\/santa-adam.jpeg","datePublished":"2022-02-15T17:21:24+00:00","dateModified":"2026-04-04T18:30:35+00:00","breadcrumb":{"@id":"https:\/\/radiolifefm.com.br\/noticias\/noticiasjustica-do-trabalho-condena-santa-casa-de-adamantina-por-supressao-de-intervalos-na-jornada-de-profissionais-de-saude\/#breadcrumb"},"inLanguage":"pt-BR","potentialAction":[{"@type":"ReadAction","target":["https:\/\/radiolifefm.com.br\/noticias\/noticiasjustica-do-trabalho-condena-santa-casa-de-adamantina-por-supressao-de-intervalos-na-jornada-de-profissionais-de-saude\/"]}]},{"@type":"ImageObject","inLanguage":"pt-BR","@id":"https:\/\/radiolifefm.com.br\/noticias\/noticiasjustica-do-trabalho-condena-santa-casa-de-adamantina-por-supressao-de-intervalos-na-jornada-de-profissionais-de-saude\/#primaryimage","url":"https:\/\/radiolifefm.com.br\/noticias\/wp-content\/uploads\/2022\/02\/santa-adam.jpeg","contentUrl":"https:\/\/radiolifefm.com.br\/noticias\/wp-content\/uploads\/2022\/02\/santa-adam.jpeg","width":984,"height":738,"caption":"Santa Casa foi condenada por supress\u00e3o de intervalos na jornada de profissionais de sa\u00fade."},{"@type":"BreadcrumbList","@id":"https:\/\/radiolifefm.com.br\/noticias\/noticiasjustica-do-trabalho-condena-santa-casa-de-adamantina-por-supressao-de-intervalos-na-jornada-de-profissionais-de-saude\/#breadcrumb","itemListElement":[{"@type":"ListItem","position":1,"name":"In\u00edcio","item":"https:\/\/radiolifefm.com.br\/noticias\/"},{"@type":"ListItem","position":2,"name":"Justi\u00e7a do Trabalho condena Santa Casa de Adamantina por supress\u00e3o de intervalos na jornada de profissionais de sa\u00fade"}]},{"@type":"WebSite","@id":"https:\/\/radiolifefm.com.br\/noticias\/#website","url":"https:\/\/radiolifefm.com.br\/noticias\/","name":"R\u00e1dio Life FM","description":"O Portal de Not\u00edcias de Adamantina","publisher":{"@id":"https:\/\/radiolifefm.com.br\/noticias\/#organization"},"alternateName":"Life FM","potentialAction":[{"@type":"SearchAction","target":{"@type":"EntryPoint","urlTemplate":"https:\/\/radiolifefm.com.br\/noticias\/?s={search_term_string}"},"query-input":{"@type":"PropertyValueSpecification","valueRequired":true,"valueName":"search_term_string"}}],"inLanguage":"pt-BR"},{"@type":"Organization","@id":"https:\/\/radiolifefm.com.br\/noticias\/#organization","name":"R\u00e1dio Life FM","alternateName":"Life FM","url":"https:\/\/radiolifefm.com.br\/noticias\/","logo":{"@type":"ImageObject","inLanguage":"pt-BR","@id":"https:\/\/radiolifefm.com.br\/noticias\/#\/schema\/logo\/image\/","url":"https:\/\/static.radiolifefm.com.br\/noticias\/wp-content\/uploads\/2019\/10\/logo-lifefm.png","contentUrl":"https:\/\/static.radiolifefm.com.br\/noticias\/wp-content\/uploads\/2019\/10\/logo-lifefm.png","width":196,"height":47,"caption":"R\u00e1dio Life FM"},"image":{"@id":"https:\/\/radiolifefm.com.br\/noticias\/#\/schema\/logo\/image\/"},"sameAs":["https:\/\/www.facebook.com\/radiolifefm\/","https:\/\/www.instagram.com\/life1079fm\/"]},{"@type":"Person","@id":"https:\/\/radiolifefm.com.br\/noticias\/#\/schema\/person\/6339b9fac59d12b071dec680d7375d87","name":"ritanery","image":{"@type":"ImageObject","inLanguage":"pt-BR","@id":"https:\/\/secure.gravatar.com\/avatar\/0e37bb19071f47c0b8a23f62a903df117c5a0e75f65a0c2901562f97cd41cf86?s=96&d=mm&r=g","url":"https:\/\/secure.gravatar.com\/avatar\/0e37bb19071f47c0b8a23f62a903df117c5a0e75f65a0c2901562f97cd41cf86?s=96&d=mm&r=g","contentUrl":"https:\/\/secure.gravatar.com\/avatar\/0e37bb19071f47c0b8a23f62a903df117c5a0e75f65a0c2901562f97cd41cf86?s=96&d=mm&r=g","caption":"ritanery"}}]}},"amp_enabled":true,"_links":{"self":[{"href":"https:\/\/radiolifefm.com.br\/noticias\/wp-json\/wp\/v2\/posts\/49490","targetHints":{"allow":["GET"]}}],"collection":[{"href":"https:\/\/radiolifefm.com.br\/noticias\/wp-json\/wp\/v2\/posts"}],"about":[{"href":"https:\/\/radiolifefm.com.br\/noticias\/wp-json\/wp\/v2\/types\/post"}],"author":[{"embeddable":true,"href":"https:\/\/radiolifefm.com.br\/noticias\/wp-json\/wp\/v2\/users\/13"}],"replies":[{"embeddable":true,"href":"https:\/\/radiolifefm.com.br\/noticias\/wp-json\/wp\/v2\/comments?post=49490"}],"version-history":[{"count":3,"href":"https:\/\/radiolifefm.com.br\/noticias\/wp-json\/wp\/v2\/posts\/49490\/revisions"}],"predecessor-version":[{"id":49494,"href":"https:\/\/radiolifefm.com.br\/noticias\/wp-json\/wp\/v2\/posts\/49490\/revisions\/49494"}],"wp:featuredmedia":[{"embeddable":true,"href":"https:\/\/radiolifefm.com.br\/noticias\/wp-json\/wp\/v2\/media\/49491"}],"wp:attachment":[{"href":"https:\/\/radiolifefm.com.br\/noticias\/wp-json\/wp\/v2\/media?parent=49490"}],"wp:term":[{"taxonomy":"category","embeddable":true,"href":"https:\/\/radiolifefm.com.br\/noticias\/wp-json\/wp\/v2\/categories?post=49490"},{"taxonomy":"post_tag","embeddable":true,"href":"https:\/\/radiolifefm.com.br\/noticias\/wp-json\/wp\/v2\/tags?post=49490"}],"curies":[{"name":"wp","href":"https:\/\/api.w.org\/{rel}","templated":true}]}}