{"id":49461,"date":"2022-02-15T08:13:20","date_gmt":"2022-02-15T11:13:20","guid":{"rendered":"https:\/\/radiolifefm.com.br\/noticias\/?p=49461"},"modified":"2026-04-04T01:48:20","modified_gmt":"2026-04-04T04:48:20","slug":"prefeitura-de-adamantina-reformara-banheiros-da-praca-deputado-jose-costa","status":"publish","type":"post","link":"https:\/\/radiolifefm.com.br\/noticias\/prefeitura-de-adamantina-reformara-banheiros-da-praca-deputado-jose-costa\/","title":{"rendered":"Prefeitura de Adamantina reformar\u00e1 banheiros da Pra\u00e7a Deputado Jos\u00e9 Costa"},"content":{"rendered":"<div id=\"fb-root\"><\/div>\n<p>Com o objetivo de atender a uma antiga reivindica\u00e7\u00e3o de feirantes, comerciantes, moradores e vereadores, a Prefeitura de Adamantina reformar\u00e1 os banheiros da Pra\u00e7a Deputado Jos\u00e9 Costa.<\/p>\n<p>&nbsp;<\/p>\n<p>Para isso, foi aberto um processo licitat\u00f3rio para contratar empresa especializada para a obra de reforma dos banheiros com fornecimento de material e de m\u00e3o de obra pela contratada.<\/p>\n<p>&nbsp;<\/p>\n<p>Dentre as melhorias que ser\u00e3o executadas por meio da reforma est\u00e3o: substitui\u00e7\u00e3o dos sanit\u00e1rios e dos pisos, troca do foro e, ainda, pintura externa. A estimativa \u00e9 que ap\u00f3s a conclus\u00e3o do processo licitat\u00f3rio e dada a ordem de servi\u00e7o, a obra fique pronta em tr\u00eas meses.<\/p>\n<p>&nbsp;<\/p>\n<p>Atualmente, a Secretaria de Agricultura, Abastecimento e Meio Ambiente \u00e9 a respons\u00e1vel pela manuten\u00e7\u00e3o da pra\u00e7a que conta com uma fonte.<\/p>\n<p>&nbsp;<\/p>\n<p><strong>Sobre a licita\u00e7\u00e3o<\/strong><\/p>\n<p>&nbsp;<\/p>\n<p>A abertura dos envelopes \u201chabilita\u00e7\u00e3o\u201d e \u201cpropostas\u201d ser\u00e1 realizada no dia 25 de fevereiro de 2022, \u00e0s 9h, na Sala de Reuni\u00f5es da Procuradoria Geral do Munic\u00edpio, situada na Rua Osvaldo Cruz n\u00ba 262, 4\u00ba andar, centro.<\/p>\n<p>&nbsp;<\/p>\n<p>Os interessados em participar devem entregar os envelopes at\u00e9 as 8h45 do dia 25 de fevereiro. O valor estimado da licita\u00e7\u00e3o \u00e9 de R$40.785,23.<\/p>\n<p>&nbsp;<\/p>\n<p>Para participar da licita\u00e7\u00e3o, a licitante interessada dever\u00e1 proceder ao cadastramento pr\u00e9vio obrigat\u00f3rio devendo comparecer at\u00e9 o dia 22 de fevereiro de 2022, at\u00e9 as 17h30 no Departamento de Licita\u00e7\u00f5es (3\u00ba andar da Prefeitura do Munic\u00edpio de Adamantina).<\/p>\n<p>&nbsp;<\/p>\n<p>Fonte: Assessoria de Imprensa<\/p>\n","protected":false},"excerpt":{"rendered":"<p>Com o objetivo de atender a uma antiga reivindica\u00e7\u00e3o de feirantes, comerciantes, moradores e vereadores, a Prefeitura de Adamantina reformar\u00e1 os banheiros da Pra\u00e7a Deputado Jos\u00e9 Costa. &nbsp; Para isso, foi aberto um processo licitat\u00f3rio para contratar empresa especializada para a obra de reforma dos banheiros com fornecimento de material e de m\u00e3o de obra [&hellip;]<\/p>\n","protected":false},"author":13,"featured_media":49462,"comment_status":"closed","ping_status":"open","sticky":false,"template":"","format":"standard","meta":{"_acf_changed":false,"_exactmetrics_skip_tracking":false,"_exactmetrics_sitenote_active":false,"_exactmetrics_sitenote_note":"","_exactmetrics_sitenote_category":0,"footnotes":""},"categories":[21],"tags":[],"class_list":["post-49461","post","type-post","status-publish","format-standard","has-post-thumbnail","hentry","category-adamantina"],"acf":[],"yoast_head":"<!-- This site is optimized with the Yoast SEO plugin v27.2 - https:\/\/yoast.com\/product\/yoast-seo-wordpress\/ -->\n<title>Prefeitura de Adamantina reformar\u00e1 banheiros da Pra\u00e7a Deputado Jos\u00e9 Costa - R\u00e1dio Life FM<\/title>\n<meta name=\"robots\" content=\"index, follow, max-snippet:-1, max-image-preview:large, max-video-preview:-1\" \/>\n<link rel=\"canonical\" href=\"https:\/\/radiolifefm.com.br\/noticias\/prefeitura-de-adamantina-reformara-banheiros-da-praca-deputado-jose-costa\/\" \/>\n<meta property=\"og:locale\" content=\"pt_BR\" \/>\n<meta property=\"og:type\" content=\"article\" \/>\n<meta property=\"og:title\" content=\"Prefeitura de Adamantina reformar\u00e1 banheiros da Pra\u00e7a Deputado Jos\u00e9 Costa - R\u00e1dio Life FM\" \/>\n<meta property=\"og:description\" content=\"Com o objetivo de atender a uma antiga reivindica\u00e7\u00e3o de feirantes, comerciantes, moradores e vereadores, a Prefeitura de Adamantina reformar\u00e1 os banheiros da Pra\u00e7a Deputado Jos\u00e9 Costa. &nbsp; Para isso, foi aberto um processo licitat\u00f3rio para contratar empresa especializada para a obra de reforma dos banheiros com fornecimento de material e de m\u00e3o de obra [&hellip;]\" \/>\n<meta property=\"og:url\" content=\"https:\/\/radiolifefm.com.br\/noticias\/prefeitura-de-adamantina-reformara-banheiros-da-praca-deputado-jose-costa\/\" \/>\n<meta property=\"og:site_name\" content=\"R\u00e1dio Life FM\" \/>\n<meta property=\"article:publisher\" content=\"https:\/\/www.facebook.com\/radiolifefm\/\" \/>\n<meta property=\"article:published_time\" content=\"2022-02-15T11:13:20+00:00\" \/>\n<meta property=\"article:modified_time\" content=\"2026-04-04T04:48:20+00:00\" \/>\n<meta property=\"og:image\" content=\"https:\/\/radiolifefm.com.br\/noticias\/wp-content\/uploads\/2022\/02\/img1539jpg1644855156620a7f74db402.jpg\" \/>\n\t<meta property=\"og:image:width\" content=\"600\" \/>\n\t<meta property=\"og:image:height\" content=\"337\" \/>\n\t<meta property=\"og:image:type\" content=\"image\/jpeg\" \/>\n<meta name=\"author\" content=\"ritanery\" \/>\n<meta name=\"twitter:card\" content=\"summary_large_image\" \/>\n<meta name=\"twitter:label1\" content=\"Escrito por\" \/>\n\t<meta name=\"twitter:data1\" content=\"ritanery\" \/>\n\t<meta name=\"twitter:label2\" content=\"Est. tempo de leitura\" \/>\n\t<meta name=\"twitter:data2\" content=\"1 minuto\" \/>\n<script type=\"application\/ld+json\" class=\"yoast-schema-graph\">{\"@context\":\"https:\/\/schema.org\",\"@graph\":[{\"@type\":\"Article\",\"@id\":\"https:\/\/radiolifefm.com.br\/noticias\/prefeitura-de-adamantina-reformara-banheiros-da-praca-deputado-jose-costa\/#article\",\"isPartOf\":{\"@id\":\"https:\/\/radiolifefm.com.br\/noticias\/prefeitura-de-adamantina-reformara-banheiros-da-praca-deputado-jose-costa\/\"},\"author\":{\"name\":\"ritanery\",\"@id\":\"https:\/\/radiolifefm.com.br\/noticias\/#\/schema\/person\/6339b9fac59d12b071dec680d7375d87\"},\"headline\":\"Prefeitura de Adamantina reformar\u00e1 banheiros da Pra\u00e7a Deputado Jos\u00e9 Costa\",\"datePublished\":\"2022-02-15T11:13:20+00:00\",\"dateModified\":\"2026-04-04T04:48:20+00:00\",\"mainEntityOfPage\":{\"@id\":\"https:\/\/radiolifefm.com.br\/noticias\/prefeitura-de-adamantina-reformara-banheiros-da-praca-deputado-jose-costa\/\"},\"wordCount\":264,\"publisher\":{\"@id\":\"https:\/\/radiolifefm.com.br\/noticias\/#organization\"},\"image\":{\"@id\":\"https:\/\/radiolifefm.com.br\/noticias\/prefeitura-de-adamantina-reformara-banheiros-da-praca-deputado-jose-costa\/#primaryimage\"},\"thumbnailUrl\":\"https:\/\/radiolifefm.com.br\/noticias\/wp-content\/uploads\/2022\/02\/img1539jpg1644855156620a7f74db402.jpg\",\"articleSection\":[\"Adamantina\"],\"inLanguage\":\"pt-BR\"},{\"@type\":\"WebPage\",\"@id\":\"https:\/\/radiolifefm.com.br\/noticias\/prefeitura-de-adamantina-reformara-banheiros-da-praca-deputado-jose-costa\/\",\"url\":\"https:\/\/radiolifefm.com.br\/noticias\/prefeitura-de-adamantina-reformara-banheiros-da-praca-deputado-jose-costa\/\",\"name\":\"Prefeitura de Adamantina reformar\u00e1 banheiros da Pra\u00e7a Deputado Jos\u00e9 Costa - R\u00e1dio Life FM\",\"isPartOf\":{\"@id\":\"https:\/\/radiolifefm.com.br\/noticias\/#website\"},\"primaryImageOfPage\":{\"@id\":\"https:\/\/radiolifefm.com.br\/noticias\/prefeitura-de-adamantina-reformara-banheiros-da-praca-deputado-jose-costa\/#primaryimage\"},\"image\":{\"@id\":\"https:\/\/radiolifefm.com.br\/noticias\/prefeitura-de-adamantina-reformara-banheiros-da-praca-deputado-jose-costa\/#primaryimage\"},\"thumbnailUrl\":\"https:\/\/radiolifefm.com.br\/noticias\/wp-content\/uploads\/2022\/02\/img1539jpg1644855156620a7f74db402.jpg\",\"datePublished\":\"2022-02-15T11:13:20+00:00\",\"dateModified\":\"2026-04-04T04:48:20+00:00\",\"breadcrumb\":{\"@id\":\"https:\/\/radiolifefm.com.br\/noticias\/prefeitura-de-adamantina-reformara-banheiros-da-praca-deputado-jose-costa\/#breadcrumb\"},\"inLanguage\":\"pt-BR\",\"potentialAction\":[{\"@type\":\"ReadAction\",\"target\":[\"https:\/\/radiolifefm.com.br\/noticias\/prefeitura-de-adamantina-reformara-banheiros-da-praca-deputado-jose-costa\/\"]}]},{\"@type\":\"ImageObject\",\"inLanguage\":\"pt-BR\",\"@id\":\"https:\/\/radiolifefm.com.br\/noticias\/prefeitura-de-adamantina-reformara-banheiros-da-praca-deputado-jose-costa\/#primaryimage\",\"url\":\"https:\/\/radiolifefm.com.br\/noticias\/wp-content\/uploads\/2022\/02\/img1539jpg1644855156620a7f74db402.jpg\",\"contentUrl\":\"https:\/\/radiolifefm.com.br\/noticias\/wp-content\/uploads\/2022\/02\/img1539jpg1644855156620a7f74db402.jpg\",\"width\":600,\"height\":337},{\"@type\":\"BreadcrumbList\",\"@id\":\"https:\/\/radiolifefm.com.br\/noticias\/prefeitura-de-adamantina-reformara-banheiros-da-praca-deputado-jose-costa\/#breadcrumb\",\"itemListElement\":[{\"@type\":\"ListItem\",\"position\":1,\"name\":\"In\u00edcio\",\"item\":\"https:\/\/radiolifefm.com.br\/noticias\/\"},{\"@type\":\"ListItem\",\"position\":2,\"name\":\"Prefeitura de Adamantina reformar\u00e1 banheiros da Pra\u00e7a Deputado Jos\u00e9 Costa\"}]},{\"@type\":\"WebSite\",\"@id\":\"https:\/\/radiolifefm.com.br\/noticias\/#website\",\"url\":\"https:\/\/radiolifefm.com.br\/noticias\/\",\"name\":\"R\u00e1dio Life FM\",\"description\":\"O Portal de Not\u00edcias de Adamantina\",\"publisher\":{\"@id\":\"https:\/\/radiolifefm.com.br\/noticias\/#organization\"},\"alternateName\":\"Life FM\",\"potentialAction\":[{\"@type\":\"SearchAction\",\"target\":{\"@type\":\"EntryPoint\",\"urlTemplate\":\"https:\/\/radiolifefm.com.br\/noticias\/?s={search_term_string}\"},\"query-input\":{\"@type\":\"PropertyValueSpecification\",\"valueRequired\":true,\"valueName\":\"search_term_string\"}}],\"inLanguage\":\"pt-BR\"},{\"@type\":\"Organization\",\"@id\":\"https:\/\/radiolifefm.com.br\/noticias\/#organization\",\"name\":\"R\u00e1dio Life FM\",\"alternateName\":\"Life FM\",\"url\":\"https:\/\/radiolifefm.com.br\/noticias\/\",\"logo\":{\"@type\":\"ImageObject\",\"inLanguage\":\"pt-BR\",\"@id\":\"https:\/\/radiolifefm.com.br\/noticias\/#\/schema\/logo\/image\/\",\"url\":\"https:\/\/static.radiolifefm.com.br\/noticias\/wp-content\/uploads\/2019\/10\/logo-lifefm.png\",\"contentUrl\":\"https:\/\/static.radiolifefm.com.br\/noticias\/wp-content\/uploads\/2019\/10\/logo-lifefm.png\",\"width\":196,\"height\":47,\"caption\":\"R\u00e1dio Life FM\"},\"image\":{\"@id\":\"https:\/\/radiolifefm.com.br\/noticias\/#\/schema\/logo\/image\/\"},\"sameAs\":[\"https:\/\/www.facebook.com\/radiolifefm\/\",\"https:\/\/www.instagram.com\/life1079fm\/\"]},{\"@type\":\"Person\",\"@id\":\"https:\/\/radiolifefm.com.br\/noticias\/#\/schema\/person\/6339b9fac59d12b071dec680d7375d87\",\"name\":\"ritanery\",\"image\":{\"@type\":\"ImageObject\",\"inLanguage\":\"pt-BR\",\"@id\":\"https:\/\/secure.gravatar.com\/avatar\/0e37bb19071f47c0b8a23f62a903df117c5a0e75f65a0c2901562f97cd41cf86?s=96&d=mm&r=g\",\"url\":\"https:\/\/secure.gravatar.com\/avatar\/0e37bb19071f47c0b8a23f62a903df117c5a0e75f65a0c2901562f97cd41cf86?s=96&d=mm&r=g\",\"contentUrl\":\"https:\/\/secure.gravatar.com\/avatar\/0e37bb19071f47c0b8a23f62a903df117c5a0e75f65a0c2901562f97cd41cf86?s=96&d=mm&r=g\",\"caption\":\"ritanery\"}}]}<\/script>\n<!-- \/ Yoast SEO plugin. -->","yoast_head_json":{"title":"Prefeitura de Adamantina reformar\u00e1 banheiros da Pra\u00e7a Deputado Jos\u00e9 Costa - R\u00e1dio Life FM","robots":{"index":"index","follow":"follow","max-snippet":"max-snippet:-1","max-image-preview":"max-image-preview:large","max-video-preview":"max-video-preview:-1"},"canonical":"https:\/\/radiolifefm.com.br\/noticias\/prefeitura-de-adamantina-reformara-banheiros-da-praca-deputado-jose-costa\/","og_locale":"pt_BR","og_type":"article","og_title":"Prefeitura de Adamantina reformar\u00e1 banheiros da Pra\u00e7a Deputado Jos\u00e9 Costa - R\u00e1dio Life FM","og_description":"Com o objetivo de atender a uma antiga reivindica\u00e7\u00e3o de feirantes, comerciantes, moradores e vereadores, a Prefeitura de Adamantina reformar\u00e1 os banheiros da Pra\u00e7a Deputado Jos\u00e9 Costa. &nbsp; Para isso, foi aberto um processo licitat\u00f3rio para contratar empresa especializada para a obra de reforma dos banheiros com fornecimento de material e de m\u00e3o de obra [&hellip;]","og_url":"https:\/\/radiolifefm.com.br\/noticias\/prefeitura-de-adamantina-reformara-banheiros-da-praca-deputado-jose-costa\/","og_site_name":"R\u00e1dio Life FM","article_publisher":"https:\/\/www.facebook.com\/radiolifefm\/","article_published_time":"2022-02-15T11:13:20+00:00","article_modified_time":"2026-04-04T04:48:20+00:00","og_image":[{"width":600,"height":337,"url":"https:\/\/radiolifefm.com.br\/noticias\/wp-content\/uploads\/2022\/02\/img1539jpg1644855156620a7f74db402.jpg","type":"image\/jpeg"}],"author":"ritanery","twitter_card":"summary_large_image","twitter_misc":{"Escrito por":"ritanery","Est. tempo de leitura":"1 minuto"},"schema":{"@context":"https:\/\/schema.org","@graph":[{"@type":"Article","@id":"https:\/\/radiolifefm.com.br\/noticias\/prefeitura-de-adamantina-reformara-banheiros-da-praca-deputado-jose-costa\/#article","isPartOf":{"@id":"https:\/\/radiolifefm.com.br\/noticias\/prefeitura-de-adamantina-reformara-banheiros-da-praca-deputado-jose-costa\/"},"author":{"name":"ritanery","@id":"https:\/\/radiolifefm.com.br\/noticias\/#\/schema\/person\/6339b9fac59d12b071dec680d7375d87"},"headline":"Prefeitura de Adamantina reformar\u00e1 banheiros da Pra\u00e7a Deputado Jos\u00e9 Costa","datePublished":"2022-02-15T11:13:20+00:00","dateModified":"2026-04-04T04:48:20+00:00","mainEntityOfPage":{"@id":"https:\/\/radiolifefm.com.br\/noticias\/prefeitura-de-adamantina-reformara-banheiros-da-praca-deputado-jose-costa\/"},"wordCount":264,"publisher":{"@id":"https:\/\/radiolifefm.com.br\/noticias\/#organization"},"image":{"@id":"https:\/\/radiolifefm.com.br\/noticias\/prefeitura-de-adamantina-reformara-banheiros-da-praca-deputado-jose-costa\/#primaryimage"},"thumbnailUrl":"https:\/\/radiolifefm.com.br\/noticias\/wp-content\/uploads\/2022\/02\/img1539jpg1644855156620a7f74db402.jpg","articleSection":["Adamantina"],"inLanguage":"pt-BR"},{"@type":"WebPage","@id":"https:\/\/radiolifefm.com.br\/noticias\/prefeitura-de-adamantina-reformara-banheiros-da-praca-deputado-jose-costa\/","url":"https:\/\/radiolifefm.com.br\/noticias\/prefeitura-de-adamantina-reformara-banheiros-da-praca-deputado-jose-costa\/","name":"Prefeitura de Adamantina reformar\u00e1 banheiros da Pra\u00e7a Deputado Jos\u00e9 Costa - R\u00e1dio Life FM","isPartOf":{"@id":"https:\/\/radiolifefm.com.br\/noticias\/#website"},"primaryImageOfPage":{"@id":"https:\/\/radiolifefm.com.br\/noticias\/prefeitura-de-adamantina-reformara-banheiros-da-praca-deputado-jose-costa\/#primaryimage"},"image":{"@id":"https:\/\/radiolifefm.com.br\/noticias\/prefeitura-de-adamantina-reformara-banheiros-da-praca-deputado-jose-costa\/#primaryimage"},"thumbnailUrl":"https:\/\/radiolifefm.com.br\/noticias\/wp-content\/uploads\/2022\/02\/img1539jpg1644855156620a7f74db402.jpg","datePublished":"2022-02-15T11:13:20+00:00","dateModified":"2026-04-04T04:48:20+00:00","breadcrumb":{"@id":"https:\/\/radiolifefm.com.br\/noticias\/prefeitura-de-adamantina-reformara-banheiros-da-praca-deputado-jose-costa\/#breadcrumb"},"inLanguage":"pt-BR","potentialAction":[{"@type":"ReadAction","target":["https:\/\/radiolifefm.com.br\/noticias\/prefeitura-de-adamantina-reformara-banheiros-da-praca-deputado-jose-costa\/"]}]},{"@type":"ImageObject","inLanguage":"pt-BR","@id":"https:\/\/radiolifefm.com.br\/noticias\/prefeitura-de-adamantina-reformara-banheiros-da-praca-deputado-jose-costa\/#primaryimage","url":"https:\/\/radiolifefm.com.br\/noticias\/wp-content\/uploads\/2022\/02\/img1539jpg1644855156620a7f74db402.jpg","contentUrl":"https:\/\/radiolifefm.com.br\/noticias\/wp-content\/uploads\/2022\/02\/img1539jpg1644855156620a7f74db402.jpg","width":600,"height":337},{"@type":"BreadcrumbList","@id":"https:\/\/radiolifefm.com.br\/noticias\/prefeitura-de-adamantina-reformara-banheiros-da-praca-deputado-jose-costa\/#breadcrumb","itemListElement":[{"@type":"ListItem","position":1,"name":"In\u00edcio","item":"https:\/\/radiolifefm.com.br\/noticias\/"},{"@type":"ListItem","position":2,"name":"Prefeitura de Adamantina reformar\u00e1 banheiros da Pra\u00e7a Deputado Jos\u00e9 Costa"}]},{"@type":"WebSite","@id":"https:\/\/radiolifefm.com.br\/noticias\/#website","url":"https:\/\/radiolifefm.com.br\/noticias\/","name":"R\u00e1dio Life FM","description":"O Portal de Not\u00edcias de Adamantina","publisher":{"@id":"https:\/\/radiolifefm.com.br\/noticias\/#organization"},"alternateName":"Life FM","potentialAction":[{"@type":"SearchAction","target":{"@type":"EntryPoint","urlTemplate":"https:\/\/radiolifefm.com.br\/noticias\/?s={search_term_string}"},"query-input":{"@type":"PropertyValueSpecification","valueRequired":true,"valueName":"search_term_string"}}],"inLanguage":"pt-BR"},{"@type":"Organization","@id":"https:\/\/radiolifefm.com.br\/noticias\/#organization","name":"R\u00e1dio Life FM","alternateName":"Life FM","url":"https:\/\/radiolifefm.com.br\/noticias\/","logo":{"@type":"ImageObject","inLanguage":"pt-BR","@id":"https:\/\/radiolifefm.com.br\/noticias\/#\/schema\/logo\/image\/","url":"https:\/\/static.radiolifefm.com.br\/noticias\/wp-content\/uploads\/2019\/10\/logo-lifefm.png","contentUrl":"https:\/\/static.radiolifefm.com.br\/noticias\/wp-content\/uploads\/2019\/10\/logo-lifefm.png","width":196,"height":47,"caption":"R\u00e1dio Life FM"},"image":{"@id":"https:\/\/radiolifefm.com.br\/noticias\/#\/schema\/logo\/image\/"},"sameAs":["https:\/\/www.facebook.com\/radiolifefm\/","https:\/\/www.instagram.com\/life1079fm\/"]},{"@type":"Person","@id":"https:\/\/radiolifefm.com.br\/noticias\/#\/schema\/person\/6339b9fac59d12b071dec680d7375d87","name":"ritanery","image":{"@type":"ImageObject","inLanguage":"pt-BR","@id":"https:\/\/secure.gravatar.com\/avatar\/0e37bb19071f47c0b8a23f62a903df117c5a0e75f65a0c2901562f97cd41cf86?s=96&d=mm&r=g","url":"https:\/\/secure.gravatar.com\/avatar\/0e37bb19071f47c0b8a23f62a903df117c5a0e75f65a0c2901562f97cd41cf86?s=96&d=mm&r=g","contentUrl":"https:\/\/secure.gravatar.com\/avatar\/0e37bb19071f47c0b8a23f62a903df117c5a0e75f65a0c2901562f97cd41cf86?s=96&d=mm&r=g","caption":"ritanery"}}]}},"amp_enabled":true,"_links":{"self":[{"href":"https:\/\/radiolifefm.com.br\/noticias\/wp-json\/wp\/v2\/posts\/49461","targetHints":{"allow":["GET"]}}],"collection":[{"href":"https:\/\/radiolifefm.com.br\/noticias\/wp-json\/wp\/v2\/posts"}],"about":[{"href":"https:\/\/radiolifefm.com.br\/noticias\/wp-json\/wp\/v2\/types\/post"}],"author":[{"embeddable":true,"href":"https:\/\/radiolifefm.com.br\/noticias\/wp-json\/wp\/v2\/users\/13"}],"replies":[{"embeddable":true,"href":"https:\/\/radiolifefm.com.br\/noticias\/wp-json\/wp\/v2\/comments?post=49461"}],"version-history":[{"count":1,"href":"https:\/\/radiolifefm.com.br\/noticias\/wp-json\/wp\/v2\/posts\/49461\/revisions"}],"predecessor-version":[{"id":49463,"href":"https:\/\/radiolifefm.com.br\/noticias\/wp-json\/wp\/v2\/posts\/49461\/revisions\/49463"}],"wp:featuredmedia":[{"embeddable":true,"href":"https:\/\/radiolifefm.com.br\/noticias\/wp-json\/wp\/v2\/media\/49462"}],"wp:attachment":[{"href":"https:\/\/radiolifefm.com.br\/noticias\/wp-json\/wp\/v2\/media?parent=49461"}],"wp:term":[{"taxonomy":"category","embeddable":true,"href":"https:\/\/radiolifefm.com.br\/noticias\/wp-json\/wp\/v2\/categories?post=49461"},{"taxonomy":"post_tag","embeddable":true,"href":"https:\/\/radiolifefm.com.br\/noticias\/wp-json\/wp\/v2\/tags?post=49461"}],"curies":[{"name":"wp","href":"https:\/\/api.w.org\/{rel}","templated":true}]}}