{"id":49215,"date":"2022-02-09T13:03:52","date_gmt":"2022-02-09T16:03:52","guid":{"rendered":"https:\/\/radiolifefm.com.br\/noticias\/?p=49215"},"modified":"2026-04-03T18:59:10","modified_gmt":"2026-04-03T21:59:10","slug":"prefeitura-de-adamantina-prossegue-com-as-tratativas-para-implantacao-do-ciebp","status":"publish","type":"post","link":"https:\/\/radiolifefm.com.br\/noticias\/prefeitura-de-adamantina-prossegue-com-as-tratativas-para-implantacao-do-ciebp\/","title":{"rendered":"Prefeitura de Adamantina prossegue com as tratativas para implanta\u00e7\u00e3o do CIEBP"},"content":{"rendered":"<div id=\"fb-root\"><\/div>\n<p style=\"font-weight: 400\">Dando continuidade \u00e0s tratativas para a instala\u00e7\u00e3o do Centro de Inova\u00e7\u00e3o da Educa\u00e7\u00e3o B\u00e1sica Paulista (CIEBBP), o prefeito M\u00e1rcio Cardim, a chefe de gabinete, Luciana Pereira e a diretora de conv\u00eanios,\u00a0\u00a0Francieli dos Santos\u00a0Baptista\u00a0Duarte\u00a0\u00a0participaram de uma reuni\u00e3o virtual com Giovanna de Mello Cardoso Pereira, integrante da equipe da Secretaria de Educa\u00e7\u00e3o do Estado de S\u00e3o Paulo.<\/p>\n<p style=\"font-weight: 400\">Durante o encontro, foi apresentado ao munic\u00edpio todos os tr\u00e2mites que envolvem a documenta\u00e7\u00e3o para a implanta\u00e7\u00e3o do CIEBP em Adamantina.<\/p>\n<p style=\"font-weight: 400\">Al\u00e9m disso, foi apresentado todos os detalhes para que seja feita a cess\u00e3o de uso do im\u00f3vel bem como a elabora\u00e7\u00e3o da minuta do conv\u00eanio entre Prefeitura de Adamantina e Secretaria do Estado da Educa\u00e7\u00e3o e o plano de trabalho.<\/p>\n<p style=\"font-weight: 400\">A reuni\u00e3o abordou ainda a execu\u00e7\u00e3o do projeto para adequa\u00e7\u00e3o do espa\u00e7o f\u00edsico da UniFAI, pois o\u00a0CIEBP funcionar\u00e1 no pr\u00e9dio do campus I.<\/p>\n<p style=\"font-weight: 400\">Para isso, foi aprovada a lei 4.095 de 07 de dezembro de 2021 que disp\u00f5e sobre a autoriza\u00e7\u00e3o para que seja outorgada a cess\u00e3o de direito real de uso de parte de im\u00f3vel da Prefeitura de Adamantina \u00e0 Secretaria de Educa\u00e7\u00e3o do Estado.<\/p>\n<p style=\"font-weight: 400\">Ao todo, ser\u00e3o disponibilizadas 10 salas de aulas no campus I para a instala\u00e7\u00e3o do centro.<\/p>\n<p style=\"font-weight: 400\"><strong>O que \u00e9 o CIEBP?<\/strong><\/p>\n<p style=\"font-weight: 400\">O CIEBP \u00e9 um espa\u00e7o criado pelo governo do estado onde a crian\u00e7a, no contraturno escolar, ir\u00e1 experimentar liberdade para o aprendizado e colocar\u00e1 em pr\u00e1tica sua criatividade idealizando projetos.\u00a0O programa oferece 7 espa\u00e7os que s\u00e3o: Hub de inova\u00e7\u00e3o, computa\u00e7\u00e3o na pr\u00e1tica, programa\u00e7\u00e3o descomplicada, est\u00fadio, cultura digital, prototipagem e criatividade e prototipagem e fabrica\u00e7\u00e3o digital.<\/p>\n<p>Fonte: Assessoria de Imprensa<\/p>\n","protected":false},"excerpt":{"rendered":"<p>Dando continuidade \u00e0s tratativas para a instala\u00e7\u00e3o do Centro de Inova\u00e7\u00e3o da Educa\u00e7\u00e3o B\u00e1sica Paulista (CIEBBP), o prefeito M\u00e1rcio Cardim, a chefe de gabinete, Luciana Pereira e a diretora de conv\u00eanios,\u00a0\u00a0Francieli dos Santos\u00a0Baptista\u00a0Duarte\u00a0\u00a0participaram de uma reuni\u00e3o virtual com Giovanna de Mello Cardoso Pereira, integrante da equipe da Secretaria de Educa\u00e7\u00e3o do Estado de S\u00e3o Paulo. [&hellip;]<\/p>\n","protected":false},"author":13,"featured_media":49216,"comment_status":"closed","ping_status":"open","sticky":false,"template":"","format":"standard","meta":{"_acf_changed":false,"_exactmetrics_skip_tracking":false,"_exactmetrics_sitenote_active":false,"_exactmetrics_sitenote_note":"","_exactmetrics_sitenote_category":0,"footnotes":""},"categories":[21],"tags":[],"class_list":["post-49215","post","type-post","status-publish","format-standard","has-post-thumbnail","hentry","category-adamantina"],"acf":[],"yoast_head":"<!-- This site is optimized with the Yoast SEO plugin v27.2 - https:\/\/yoast.com\/product\/yoast-seo-wordpress\/ -->\n<title>Prefeitura de Adamantina prossegue com as tratativas para implanta\u00e7\u00e3o do CIEBP - R\u00e1dio Life FM<\/title>\n<meta name=\"robots\" content=\"index, follow, max-snippet:-1, max-image-preview:large, max-video-preview:-1\" \/>\n<link rel=\"canonical\" href=\"https:\/\/radiolifefm.com.br\/noticias\/prefeitura-de-adamantina-prossegue-com-as-tratativas-para-implantacao-do-ciebp\/\" \/>\n<meta property=\"og:locale\" content=\"pt_BR\" \/>\n<meta property=\"og:type\" content=\"article\" \/>\n<meta property=\"og:title\" content=\"Prefeitura de Adamantina prossegue com as tratativas para implanta\u00e7\u00e3o do CIEBP - R\u00e1dio Life FM\" \/>\n<meta property=\"og:description\" content=\"Dando continuidade \u00e0s tratativas para a instala\u00e7\u00e3o do Centro de Inova\u00e7\u00e3o da Educa\u00e7\u00e3o B\u00e1sica Paulista (CIEBBP), o prefeito M\u00e1rcio Cardim, a chefe de gabinete, Luciana Pereira e a diretora de conv\u00eanios,\u00a0\u00a0Francieli dos Santos\u00a0Baptista\u00a0Duarte\u00a0\u00a0participaram de uma reuni\u00e3o virtual com Giovanna de Mello Cardoso Pereira, integrante da equipe da Secretaria de Educa\u00e7\u00e3o do Estado de S\u00e3o Paulo. [&hellip;]\" \/>\n<meta property=\"og:url\" content=\"https:\/\/radiolifefm.com.br\/noticias\/prefeitura-de-adamantina-prossegue-com-as-tratativas-para-implantacao-do-ciebp\/\" \/>\n<meta property=\"og:site_name\" content=\"R\u00e1dio Life FM\" \/>\n<meta property=\"article:publisher\" content=\"https:\/\/www.facebook.com\/radiolifefm\/\" \/>\n<meta property=\"article:published_time\" content=\"2022-02-09T16:03:52+00:00\" \/>\n<meta property=\"article:modified_time\" content=\"2026-04-03T21:59:10+00:00\" \/>\n<meta property=\"og:image\" content=\"https:\/\/radiolifefm.com.br\/noticias\/wp-content\/uploads\/2022\/02\/foto-2-2.jpeg\" \/>\n\t<meta property=\"og:image:width\" content=\"1230\" \/>\n\t<meta property=\"og:image:height\" content=\"924\" \/>\n\t<meta property=\"og:image:type\" content=\"image\/jpeg\" \/>\n<meta name=\"author\" content=\"ritanery\" \/>\n<meta name=\"twitter:card\" content=\"summary_large_image\" \/>\n<meta name=\"twitter:label1\" content=\"Escrito por\" \/>\n\t<meta name=\"twitter:data1\" content=\"ritanery\" \/>\n\t<meta name=\"twitter:label2\" content=\"Est. tempo de leitura\" \/>\n\t<meta name=\"twitter:data2\" content=\"2 minutos\" \/>\n<script type=\"application\/ld+json\" class=\"yoast-schema-graph\">{\"@context\":\"https:\/\/schema.org\",\"@graph\":[{\"@type\":\"Article\",\"@id\":\"https:\/\/radiolifefm.com.br\/noticias\/prefeitura-de-adamantina-prossegue-com-as-tratativas-para-implantacao-do-ciebp\/#article\",\"isPartOf\":{\"@id\":\"https:\/\/radiolifefm.com.br\/noticias\/prefeitura-de-adamantina-prossegue-com-as-tratativas-para-implantacao-do-ciebp\/\"},\"author\":{\"name\":\"ritanery\",\"@id\":\"https:\/\/radiolifefm.com.br\/noticias\/#\/schema\/person\/6339b9fac59d12b071dec680d7375d87\"},\"headline\":\"Prefeitura de Adamantina prossegue com as tratativas para implanta\u00e7\u00e3o do CIEBP\",\"datePublished\":\"2022-02-09T16:03:52+00:00\",\"dateModified\":\"2026-04-03T21:59:10+00:00\",\"mainEntityOfPage\":{\"@id\":\"https:\/\/radiolifefm.com.br\/noticias\/prefeitura-de-adamantina-prossegue-com-as-tratativas-para-implantacao-do-ciebp\/\"},\"wordCount\":315,\"publisher\":{\"@id\":\"https:\/\/radiolifefm.com.br\/noticias\/#organization\"},\"image\":{\"@id\":\"https:\/\/radiolifefm.com.br\/noticias\/prefeitura-de-adamantina-prossegue-com-as-tratativas-para-implantacao-do-ciebp\/#primaryimage\"},\"thumbnailUrl\":\"https:\/\/radiolifefm.com.br\/noticias\/wp-content\/uploads\/2022\/02\/foto-2-2.jpeg\",\"articleSection\":[\"Adamantina\"],\"inLanguage\":\"pt-BR\"},{\"@type\":\"WebPage\",\"@id\":\"https:\/\/radiolifefm.com.br\/noticias\/prefeitura-de-adamantina-prossegue-com-as-tratativas-para-implantacao-do-ciebp\/\",\"url\":\"https:\/\/radiolifefm.com.br\/noticias\/prefeitura-de-adamantina-prossegue-com-as-tratativas-para-implantacao-do-ciebp\/\",\"name\":\"Prefeitura de Adamantina prossegue com as tratativas para implanta\u00e7\u00e3o do CIEBP - R\u00e1dio Life FM\",\"isPartOf\":{\"@id\":\"https:\/\/radiolifefm.com.br\/noticias\/#website\"},\"primaryImageOfPage\":{\"@id\":\"https:\/\/radiolifefm.com.br\/noticias\/prefeitura-de-adamantina-prossegue-com-as-tratativas-para-implantacao-do-ciebp\/#primaryimage\"},\"image\":{\"@id\":\"https:\/\/radiolifefm.com.br\/noticias\/prefeitura-de-adamantina-prossegue-com-as-tratativas-para-implantacao-do-ciebp\/#primaryimage\"},\"thumbnailUrl\":\"https:\/\/radiolifefm.com.br\/noticias\/wp-content\/uploads\/2022\/02\/foto-2-2.jpeg\",\"datePublished\":\"2022-02-09T16:03:52+00:00\",\"dateModified\":\"2026-04-03T21:59:10+00:00\",\"breadcrumb\":{\"@id\":\"https:\/\/radiolifefm.com.br\/noticias\/prefeitura-de-adamantina-prossegue-com-as-tratativas-para-implantacao-do-ciebp\/#breadcrumb\"},\"inLanguage\":\"pt-BR\",\"potentialAction\":[{\"@type\":\"ReadAction\",\"target\":[\"https:\/\/radiolifefm.com.br\/noticias\/prefeitura-de-adamantina-prossegue-com-as-tratativas-para-implantacao-do-ciebp\/\"]}]},{\"@type\":\"ImageObject\",\"inLanguage\":\"pt-BR\",\"@id\":\"https:\/\/radiolifefm.com.br\/noticias\/prefeitura-de-adamantina-prossegue-com-as-tratativas-para-implantacao-do-ciebp\/#primaryimage\",\"url\":\"https:\/\/radiolifefm.com.br\/noticias\/wp-content\/uploads\/2022\/02\/foto-2-2.jpeg\",\"contentUrl\":\"https:\/\/radiolifefm.com.br\/noticias\/wp-content\/uploads\/2022\/02\/foto-2-2.jpeg\",\"width\":1230,\"height\":924},{\"@type\":\"BreadcrumbList\",\"@id\":\"https:\/\/radiolifefm.com.br\/noticias\/prefeitura-de-adamantina-prossegue-com-as-tratativas-para-implantacao-do-ciebp\/#breadcrumb\",\"itemListElement\":[{\"@type\":\"ListItem\",\"position\":1,\"name\":\"In\u00edcio\",\"item\":\"https:\/\/radiolifefm.com.br\/noticias\/\"},{\"@type\":\"ListItem\",\"position\":2,\"name\":\"Prefeitura de Adamantina prossegue com as tratativas para implanta\u00e7\u00e3o do CIEBP\"}]},{\"@type\":\"WebSite\",\"@id\":\"https:\/\/radiolifefm.com.br\/noticias\/#website\",\"url\":\"https:\/\/radiolifefm.com.br\/noticias\/\",\"name\":\"R\u00e1dio Life FM\",\"description\":\"O Portal de Not\u00edcias de Adamantina\",\"publisher\":{\"@id\":\"https:\/\/radiolifefm.com.br\/noticias\/#organization\"},\"alternateName\":\"Life FM\",\"potentialAction\":[{\"@type\":\"SearchAction\",\"target\":{\"@type\":\"EntryPoint\",\"urlTemplate\":\"https:\/\/radiolifefm.com.br\/noticias\/?s={search_term_string}\"},\"query-input\":{\"@type\":\"PropertyValueSpecification\",\"valueRequired\":true,\"valueName\":\"search_term_string\"}}],\"inLanguage\":\"pt-BR\"},{\"@type\":\"Organization\",\"@id\":\"https:\/\/radiolifefm.com.br\/noticias\/#organization\",\"name\":\"R\u00e1dio Life FM\",\"alternateName\":\"Life FM\",\"url\":\"https:\/\/radiolifefm.com.br\/noticias\/\",\"logo\":{\"@type\":\"ImageObject\",\"inLanguage\":\"pt-BR\",\"@id\":\"https:\/\/radiolifefm.com.br\/noticias\/#\/schema\/logo\/image\/\",\"url\":\"https:\/\/static.radiolifefm.com.br\/noticias\/wp-content\/uploads\/2019\/10\/logo-lifefm.png\",\"contentUrl\":\"https:\/\/static.radiolifefm.com.br\/noticias\/wp-content\/uploads\/2019\/10\/logo-lifefm.png\",\"width\":196,\"height\":47,\"caption\":\"R\u00e1dio Life FM\"},\"image\":{\"@id\":\"https:\/\/radiolifefm.com.br\/noticias\/#\/schema\/logo\/image\/\"},\"sameAs\":[\"https:\/\/www.facebook.com\/radiolifefm\/\",\"https:\/\/www.instagram.com\/life1079fm\/\"]},{\"@type\":\"Person\",\"@id\":\"https:\/\/radiolifefm.com.br\/noticias\/#\/schema\/person\/6339b9fac59d12b071dec680d7375d87\",\"name\":\"ritanery\",\"image\":{\"@type\":\"ImageObject\",\"inLanguage\":\"pt-BR\",\"@id\":\"https:\/\/secure.gravatar.com\/avatar\/0e37bb19071f47c0b8a23f62a903df117c5a0e75f65a0c2901562f97cd41cf86?s=96&d=mm&r=g\",\"url\":\"https:\/\/secure.gravatar.com\/avatar\/0e37bb19071f47c0b8a23f62a903df117c5a0e75f65a0c2901562f97cd41cf86?s=96&d=mm&r=g\",\"contentUrl\":\"https:\/\/secure.gravatar.com\/avatar\/0e37bb19071f47c0b8a23f62a903df117c5a0e75f65a0c2901562f97cd41cf86?s=96&d=mm&r=g\",\"caption\":\"ritanery\"}}]}<\/script>\n<!-- \/ Yoast SEO plugin. -->","yoast_head_json":{"title":"Prefeitura de Adamantina prossegue com as tratativas para implanta\u00e7\u00e3o do CIEBP - R\u00e1dio Life FM","robots":{"index":"index","follow":"follow","max-snippet":"max-snippet:-1","max-image-preview":"max-image-preview:large","max-video-preview":"max-video-preview:-1"},"canonical":"https:\/\/radiolifefm.com.br\/noticias\/prefeitura-de-adamantina-prossegue-com-as-tratativas-para-implantacao-do-ciebp\/","og_locale":"pt_BR","og_type":"article","og_title":"Prefeitura de Adamantina prossegue com as tratativas para implanta\u00e7\u00e3o do CIEBP - R\u00e1dio Life FM","og_description":"Dando continuidade \u00e0s tratativas para a instala\u00e7\u00e3o do Centro de Inova\u00e7\u00e3o da Educa\u00e7\u00e3o B\u00e1sica Paulista (CIEBBP), o prefeito M\u00e1rcio Cardim, a chefe de gabinete, Luciana Pereira e a diretora de conv\u00eanios,\u00a0\u00a0Francieli dos Santos\u00a0Baptista\u00a0Duarte\u00a0\u00a0participaram de uma reuni\u00e3o virtual com Giovanna de Mello Cardoso Pereira, integrante da equipe da Secretaria de Educa\u00e7\u00e3o do Estado de S\u00e3o Paulo. [&hellip;]","og_url":"https:\/\/radiolifefm.com.br\/noticias\/prefeitura-de-adamantina-prossegue-com-as-tratativas-para-implantacao-do-ciebp\/","og_site_name":"R\u00e1dio Life FM","article_publisher":"https:\/\/www.facebook.com\/radiolifefm\/","article_published_time":"2022-02-09T16:03:52+00:00","article_modified_time":"2026-04-03T21:59:10+00:00","og_image":[{"width":1230,"height":924,"url":"https:\/\/radiolifefm.com.br\/noticias\/wp-content\/uploads\/2022\/02\/foto-2-2.jpeg","type":"image\/jpeg"}],"author":"ritanery","twitter_card":"summary_large_image","twitter_misc":{"Escrito por":"ritanery","Est. tempo de leitura":"2 minutos"},"schema":{"@context":"https:\/\/schema.org","@graph":[{"@type":"Article","@id":"https:\/\/radiolifefm.com.br\/noticias\/prefeitura-de-adamantina-prossegue-com-as-tratativas-para-implantacao-do-ciebp\/#article","isPartOf":{"@id":"https:\/\/radiolifefm.com.br\/noticias\/prefeitura-de-adamantina-prossegue-com-as-tratativas-para-implantacao-do-ciebp\/"},"author":{"name":"ritanery","@id":"https:\/\/radiolifefm.com.br\/noticias\/#\/schema\/person\/6339b9fac59d12b071dec680d7375d87"},"headline":"Prefeitura de Adamantina prossegue com as tratativas para implanta\u00e7\u00e3o do CIEBP","datePublished":"2022-02-09T16:03:52+00:00","dateModified":"2026-04-03T21:59:10+00:00","mainEntityOfPage":{"@id":"https:\/\/radiolifefm.com.br\/noticias\/prefeitura-de-adamantina-prossegue-com-as-tratativas-para-implantacao-do-ciebp\/"},"wordCount":315,"publisher":{"@id":"https:\/\/radiolifefm.com.br\/noticias\/#organization"},"image":{"@id":"https:\/\/radiolifefm.com.br\/noticias\/prefeitura-de-adamantina-prossegue-com-as-tratativas-para-implantacao-do-ciebp\/#primaryimage"},"thumbnailUrl":"https:\/\/radiolifefm.com.br\/noticias\/wp-content\/uploads\/2022\/02\/foto-2-2.jpeg","articleSection":["Adamantina"],"inLanguage":"pt-BR"},{"@type":"WebPage","@id":"https:\/\/radiolifefm.com.br\/noticias\/prefeitura-de-adamantina-prossegue-com-as-tratativas-para-implantacao-do-ciebp\/","url":"https:\/\/radiolifefm.com.br\/noticias\/prefeitura-de-adamantina-prossegue-com-as-tratativas-para-implantacao-do-ciebp\/","name":"Prefeitura de Adamantina prossegue com as tratativas para implanta\u00e7\u00e3o do CIEBP - R\u00e1dio Life FM","isPartOf":{"@id":"https:\/\/radiolifefm.com.br\/noticias\/#website"},"primaryImageOfPage":{"@id":"https:\/\/radiolifefm.com.br\/noticias\/prefeitura-de-adamantina-prossegue-com-as-tratativas-para-implantacao-do-ciebp\/#primaryimage"},"image":{"@id":"https:\/\/radiolifefm.com.br\/noticias\/prefeitura-de-adamantina-prossegue-com-as-tratativas-para-implantacao-do-ciebp\/#primaryimage"},"thumbnailUrl":"https:\/\/radiolifefm.com.br\/noticias\/wp-content\/uploads\/2022\/02\/foto-2-2.jpeg","datePublished":"2022-02-09T16:03:52+00:00","dateModified":"2026-04-03T21:59:10+00:00","breadcrumb":{"@id":"https:\/\/radiolifefm.com.br\/noticias\/prefeitura-de-adamantina-prossegue-com-as-tratativas-para-implantacao-do-ciebp\/#breadcrumb"},"inLanguage":"pt-BR","potentialAction":[{"@type":"ReadAction","target":["https:\/\/radiolifefm.com.br\/noticias\/prefeitura-de-adamantina-prossegue-com-as-tratativas-para-implantacao-do-ciebp\/"]}]},{"@type":"ImageObject","inLanguage":"pt-BR","@id":"https:\/\/radiolifefm.com.br\/noticias\/prefeitura-de-adamantina-prossegue-com-as-tratativas-para-implantacao-do-ciebp\/#primaryimage","url":"https:\/\/radiolifefm.com.br\/noticias\/wp-content\/uploads\/2022\/02\/foto-2-2.jpeg","contentUrl":"https:\/\/radiolifefm.com.br\/noticias\/wp-content\/uploads\/2022\/02\/foto-2-2.jpeg","width":1230,"height":924},{"@type":"BreadcrumbList","@id":"https:\/\/radiolifefm.com.br\/noticias\/prefeitura-de-adamantina-prossegue-com-as-tratativas-para-implantacao-do-ciebp\/#breadcrumb","itemListElement":[{"@type":"ListItem","position":1,"name":"In\u00edcio","item":"https:\/\/radiolifefm.com.br\/noticias\/"},{"@type":"ListItem","position":2,"name":"Prefeitura de Adamantina prossegue com as tratativas para implanta\u00e7\u00e3o do CIEBP"}]},{"@type":"WebSite","@id":"https:\/\/radiolifefm.com.br\/noticias\/#website","url":"https:\/\/radiolifefm.com.br\/noticias\/","name":"R\u00e1dio Life FM","description":"O Portal de Not\u00edcias de Adamantina","publisher":{"@id":"https:\/\/radiolifefm.com.br\/noticias\/#organization"},"alternateName":"Life FM","potentialAction":[{"@type":"SearchAction","target":{"@type":"EntryPoint","urlTemplate":"https:\/\/radiolifefm.com.br\/noticias\/?s={search_term_string}"},"query-input":{"@type":"PropertyValueSpecification","valueRequired":true,"valueName":"search_term_string"}}],"inLanguage":"pt-BR"},{"@type":"Organization","@id":"https:\/\/radiolifefm.com.br\/noticias\/#organization","name":"R\u00e1dio Life FM","alternateName":"Life FM","url":"https:\/\/radiolifefm.com.br\/noticias\/","logo":{"@type":"ImageObject","inLanguage":"pt-BR","@id":"https:\/\/radiolifefm.com.br\/noticias\/#\/schema\/logo\/image\/","url":"https:\/\/static.radiolifefm.com.br\/noticias\/wp-content\/uploads\/2019\/10\/logo-lifefm.png","contentUrl":"https:\/\/static.radiolifefm.com.br\/noticias\/wp-content\/uploads\/2019\/10\/logo-lifefm.png","width":196,"height":47,"caption":"R\u00e1dio Life FM"},"image":{"@id":"https:\/\/radiolifefm.com.br\/noticias\/#\/schema\/logo\/image\/"},"sameAs":["https:\/\/www.facebook.com\/radiolifefm\/","https:\/\/www.instagram.com\/life1079fm\/"]},{"@type":"Person","@id":"https:\/\/radiolifefm.com.br\/noticias\/#\/schema\/person\/6339b9fac59d12b071dec680d7375d87","name":"ritanery","image":{"@type":"ImageObject","inLanguage":"pt-BR","@id":"https:\/\/secure.gravatar.com\/avatar\/0e37bb19071f47c0b8a23f62a903df117c5a0e75f65a0c2901562f97cd41cf86?s=96&d=mm&r=g","url":"https:\/\/secure.gravatar.com\/avatar\/0e37bb19071f47c0b8a23f62a903df117c5a0e75f65a0c2901562f97cd41cf86?s=96&d=mm&r=g","contentUrl":"https:\/\/secure.gravatar.com\/avatar\/0e37bb19071f47c0b8a23f62a903df117c5a0e75f65a0c2901562f97cd41cf86?s=96&d=mm&r=g","caption":"ritanery"}}]}},"amp_enabled":true,"_links":{"self":[{"href":"https:\/\/radiolifefm.com.br\/noticias\/wp-json\/wp\/v2\/posts\/49215","targetHints":{"allow":["GET"]}}],"collection":[{"href":"https:\/\/radiolifefm.com.br\/noticias\/wp-json\/wp\/v2\/posts"}],"about":[{"href":"https:\/\/radiolifefm.com.br\/noticias\/wp-json\/wp\/v2\/types\/post"}],"author":[{"embeddable":true,"href":"https:\/\/radiolifefm.com.br\/noticias\/wp-json\/wp\/v2\/users\/13"}],"replies":[{"embeddable":true,"href":"https:\/\/radiolifefm.com.br\/noticias\/wp-json\/wp\/v2\/comments?post=49215"}],"version-history":[{"count":4,"href":"https:\/\/radiolifefm.com.br\/noticias\/wp-json\/wp\/v2\/posts\/49215\/revisions"}],"predecessor-version":[{"id":49220,"href":"https:\/\/radiolifefm.com.br\/noticias\/wp-json\/wp\/v2\/posts\/49215\/revisions\/49220"}],"wp:featuredmedia":[{"embeddable":true,"href":"https:\/\/radiolifefm.com.br\/noticias\/wp-json\/wp\/v2\/media\/49216"}],"wp:attachment":[{"href":"https:\/\/radiolifefm.com.br\/noticias\/wp-json\/wp\/v2\/media?parent=49215"}],"wp:term":[{"taxonomy":"category","embeddable":true,"href":"https:\/\/radiolifefm.com.br\/noticias\/wp-json\/wp\/v2\/categories?post=49215"},{"taxonomy":"post_tag","embeddable":true,"href":"https:\/\/radiolifefm.com.br\/noticias\/wp-json\/wp\/v2\/tags?post=49215"}],"curies":[{"name":"wp","href":"https:\/\/api.w.org\/{rel}","templated":true}]}}