{"id":49211,"date":"2022-02-09T13:01:19","date_gmt":"2022-02-09T16:01:19","guid":{"rendered":"https:\/\/radiolifefm.com.br\/noticias\/?p=49211"},"modified":"2026-04-07T03:19:06","modified_gmt":"2026-04-07T06:19:06","slug":"prefeitura-de-adamantina-promove-reuniao-virtual-para-assinatura-do-termo-de-colaboracao-2022","status":"publish","type":"post","link":"https:\/\/radiolifefm.com.br\/noticias\/prefeitura-de-adamantina-promove-reuniao-virtual-para-assinatura-do-termo-de-colaboracao-2022\/","title":{"rendered":"Prefeitura de Adamantina promove reuni\u00e3o virtual para assinatura do termo de colabora\u00e7\u00e3o 2022"},"content":{"rendered":"<div id=\"fb-root\"><\/div>\n<p style=\"font-weight: 400\">A Prefeitura de Adamantina realizou uma reuni\u00e3o virtual para promover a assinatura do termo de colabora\u00e7\u00e3o para repasse de subven\u00e7\u00e3o para as organiza\u00e7\u00f5es da sociedade civil que prestam o servi\u00e7o socioassistencial no munic\u00edpio e que s\u00e3o vinculadas \u00e0 Secretaria de Assist\u00eancia Social.<\/p>\n<p style=\"font-weight: 400\">\n<p style=\"font-weight: 400\">Na oportunidade, participaram do encontro o prefeito M\u00e1rcio Cardim, a secret\u00e1ria Andreia Regina Ribeiro e os representantes do IAMA, da Casa do Garoto, Lar Crist\u00e3o, Lar dos Velhos, Institui\u00e7\u00e3o Capaz e APAE.<\/p>\n<p style=\"font-weight: 400\">\n<p style=\"font-weight: 400\">O prefeito M\u00e1rcio Cardim agradeceu ao servi\u00e7o prestado pelas entidades. \u201cO servi\u00e7o que voc\u00eas prestam \u00e9 de suma import\u00e2ncia, pois sozinho o munic\u00edpio n\u00e3o consegue fazer tudo. Felizmente, esse ano foi poss\u00edvel aumentar mais uma vez o repasse que encaminhamos para que voc\u00eas consigam desenvolver as a\u00e7\u00f5es\u201d, comenta.<\/p>\n<p style=\"font-weight: 400\">\n<p style=\"font-weight: 400\">Andreia tamb\u00e9m afirma que mesmo em meio \u00e0 pandemia, as institui\u00e7\u00f5es continuaram trabalhando. \u201cAgrade\u00e7o a todos que n\u00e3o mediram esfor\u00e7os para desenvolver os atendimentos mesmo em meio a um per\u00edodo t\u00e3o dif\u00edcil como esse que temos atravessado. Juntos sempre somos mais fortes\u201d, assegura.<\/p>\n<p style=\"font-weight: 400\">\n<p style=\"font-weight: 400\">Para o IAMA, ser\u00e3o repassados R$165 mil em recursos pr\u00f3prios mais R$ R$ 67.718,96 de repasse estadual e R$18 mil do Governo Federal, totalizando mais de R$250 mil em recursos.<\/p>\n<p style=\"font-weight: 400\">\n<p style=\"font-weight: 400\">A Casa do Garoto receber\u00e1 R$62 mil destinado ao servi\u00e7o de conviv\u00eancia do munic\u00edpio mais R$61.175,68 de repasse estadual e mais R$18 mil da esfera federal; para o servi\u00e7o de acolhimento, ser\u00e1 repassado R$180 mil do munic\u00edpio; R$39.461,357 do estado e mais R$60 mil em verba federal.<\/p>\n<p style=\"font-weight: 400\">\n<p style=\"font-weight: 400\">Ao Lar Crist\u00e3o foi destinado R$121 mil e recursos municipais, o estado encaminhar\u00e1 R$68.594,64 e o Governo Federal mais R$18 mil. Ao Lar dos Velhos, o munic\u00edpio destinou R$242 mil, o estado R$64.471,48 e R$17.520,00 ser\u00e3o encaminhados pelo Governo Federal.<\/p>\n<p style=\"font-weight: 400\">\n<p style=\"font-weight: 400\">A Institui\u00e7\u00e3o Capaz, o munic\u00edpio repassou R$40 mil. A APAE ser\u00e1 enviado R$154 mil em recursos pr\u00f3prios, mais R$28.437,28 em repasse estadual e mais R$59.940,00 do Governo Federal.<\/p>\n<p style=\"font-weight: 400\">\n<p style=\"font-weight: 400\">Ao todo, as entidades receber\u00e3o em recursos pr\u00f3prios o montante de R$964 mil. Esse valor em compara\u00e7\u00e3o ao ano passado representa um aumento de R$89.026,36 destinados \u00e0s institui\u00e7\u00f5es.<\/p>\n<p>Fonte: Assessoria de Imprensa<\/p>\n","protected":false},"excerpt":{"rendered":"<p>A Prefeitura de Adamantina realizou uma reuni\u00e3o virtual para promover a assinatura do termo de colabora\u00e7\u00e3o para repasse de subven\u00e7\u00e3o para as organiza\u00e7\u00f5es da sociedade civil que prestam o servi\u00e7o socioassistencial no munic\u00edpio e que s\u00e3o vinculadas \u00e0 Secretaria de Assist\u00eancia Social. Na oportunidade, participaram do encontro o prefeito M\u00e1rcio Cardim, a secret\u00e1ria Andreia Regina [&hellip;]<\/p>\n","protected":false},"author":13,"featured_media":49212,"comment_status":"closed","ping_status":"open","sticky":false,"template":"","format":"standard","meta":{"_acf_changed":false,"_exactmetrics_skip_tracking":false,"_exactmetrics_sitenote_active":false,"_exactmetrics_sitenote_note":"","_exactmetrics_sitenote_category":0,"footnotes":""},"categories":[21],"tags":[],"class_list":["post-49211","post","type-post","status-publish","format-standard","has-post-thumbnail","hentry","category-adamantina"],"acf":[],"yoast_head":"<!-- This site is optimized with the Yoast SEO plugin v27.2 - https:\/\/yoast.com\/product\/yoast-seo-wordpress\/ -->\n<title>Prefeitura de Adamantina promove reuni\u00e3o virtual para assinatura do termo de colabora\u00e7\u00e3o 2022 - R\u00e1dio Life FM<\/title>\n<meta name=\"robots\" content=\"index, follow, max-snippet:-1, max-image-preview:large, max-video-preview:-1\" \/>\n<link rel=\"canonical\" href=\"https:\/\/radiolifefm.com.br\/noticias\/prefeitura-de-adamantina-promove-reuniao-virtual-para-assinatura-do-termo-de-colaboracao-2022\/\" \/>\n<meta property=\"og:locale\" content=\"pt_BR\" \/>\n<meta property=\"og:type\" content=\"article\" \/>\n<meta property=\"og:title\" content=\"Prefeitura de Adamantina promove reuni\u00e3o virtual para assinatura do termo de colabora\u00e7\u00e3o 2022 - R\u00e1dio Life FM\" \/>\n<meta property=\"og:description\" content=\"A Prefeitura de Adamantina realizou uma reuni\u00e3o virtual para promover a assinatura do termo de colabora\u00e7\u00e3o para repasse de subven\u00e7\u00e3o para as organiza\u00e7\u00f5es da sociedade civil que prestam o servi\u00e7o socioassistencial no munic\u00edpio e que s\u00e3o vinculadas \u00e0 Secretaria de Assist\u00eancia Social. Na oportunidade, participaram do encontro o prefeito M\u00e1rcio Cardim, a secret\u00e1ria Andreia Regina [&hellip;]\" \/>\n<meta property=\"og:url\" content=\"https:\/\/radiolifefm.com.br\/noticias\/prefeitura-de-adamantina-promove-reuniao-virtual-para-assinatura-do-termo-de-colaboracao-2022\/\" \/>\n<meta property=\"og:site_name\" content=\"R\u00e1dio Life FM\" \/>\n<meta property=\"article:publisher\" content=\"https:\/\/www.facebook.com\/radiolifefm\/\" \/>\n<meta property=\"article:published_time\" content=\"2022-02-09T16:01:19+00:00\" \/>\n<meta property=\"article:modified_time\" content=\"2026-04-07T06:19:06+00:00\" \/>\n<meta property=\"og:image\" content=\"https:\/\/radiolifefm.com.br\/noticias\/wp-content\/uploads\/2022\/02\/Foto-1-2.jpeg\" \/>\n\t<meta property=\"og:image:width\" content=\"914\" \/>\n\t<meta property=\"og:image:height\" content=\"550\" \/>\n\t<meta property=\"og:image:type\" content=\"image\/jpeg\" \/>\n<meta name=\"author\" content=\"ritanery\" \/>\n<meta name=\"twitter:card\" content=\"summary_large_image\" \/>\n<meta name=\"twitter:label1\" content=\"Escrito por\" \/>\n\t<meta name=\"twitter:data1\" content=\"ritanery\" \/>\n\t<meta name=\"twitter:label2\" content=\"Est. tempo de leitura\" \/>\n\t<meta name=\"twitter:data2\" content=\"2 minutos\" \/>\n<script type=\"application\/ld+json\" class=\"yoast-schema-graph\">{\"@context\":\"https:\/\/schema.org\",\"@graph\":[{\"@type\":\"Article\",\"@id\":\"https:\/\/radiolifefm.com.br\/noticias\/prefeitura-de-adamantina-promove-reuniao-virtual-para-assinatura-do-termo-de-colaboracao-2022\/#article\",\"isPartOf\":{\"@id\":\"https:\/\/radiolifefm.com.br\/noticias\/prefeitura-de-adamantina-promove-reuniao-virtual-para-assinatura-do-termo-de-colaboracao-2022\/\"},\"author\":{\"name\":\"ritanery\",\"@id\":\"https:\/\/radiolifefm.com.br\/noticias\/#\/schema\/person\/6339b9fac59d12b071dec680d7375d87\"},\"headline\":\"Prefeitura de Adamantina promove reuni\u00e3o virtual para assinatura do termo de colabora\u00e7\u00e3o 2022\",\"datePublished\":\"2022-02-09T16:01:19+00:00\",\"dateModified\":\"2026-04-07T06:19:06+00:00\",\"mainEntityOfPage\":{\"@id\":\"https:\/\/radiolifefm.com.br\/noticias\/prefeitura-de-adamantina-promove-reuniao-virtual-para-assinatura-do-termo-de-colaboracao-2022\/\"},\"wordCount\":399,\"publisher\":{\"@id\":\"https:\/\/radiolifefm.com.br\/noticias\/#organization\"},\"image\":{\"@id\":\"https:\/\/radiolifefm.com.br\/noticias\/prefeitura-de-adamantina-promove-reuniao-virtual-para-assinatura-do-termo-de-colaboracao-2022\/#primaryimage\"},\"thumbnailUrl\":\"https:\/\/radiolifefm.com.br\/noticias\/wp-content\/uploads\/2022\/02\/Foto-1-2.jpeg\",\"articleSection\":[\"Adamantina\"],\"inLanguage\":\"pt-BR\"},{\"@type\":\"WebPage\",\"@id\":\"https:\/\/radiolifefm.com.br\/noticias\/prefeitura-de-adamantina-promove-reuniao-virtual-para-assinatura-do-termo-de-colaboracao-2022\/\",\"url\":\"https:\/\/radiolifefm.com.br\/noticias\/prefeitura-de-adamantina-promove-reuniao-virtual-para-assinatura-do-termo-de-colaboracao-2022\/\",\"name\":\"Prefeitura de Adamantina promove reuni\u00e3o virtual para assinatura do termo de colabora\u00e7\u00e3o 2022 - R\u00e1dio Life FM\",\"isPartOf\":{\"@id\":\"https:\/\/radiolifefm.com.br\/noticias\/#website\"},\"primaryImageOfPage\":{\"@id\":\"https:\/\/radiolifefm.com.br\/noticias\/prefeitura-de-adamantina-promove-reuniao-virtual-para-assinatura-do-termo-de-colaboracao-2022\/#primaryimage\"},\"image\":{\"@id\":\"https:\/\/radiolifefm.com.br\/noticias\/prefeitura-de-adamantina-promove-reuniao-virtual-para-assinatura-do-termo-de-colaboracao-2022\/#primaryimage\"},\"thumbnailUrl\":\"https:\/\/radiolifefm.com.br\/noticias\/wp-content\/uploads\/2022\/02\/Foto-1-2.jpeg\",\"datePublished\":\"2022-02-09T16:01:19+00:00\",\"dateModified\":\"2026-04-07T06:19:06+00:00\",\"breadcrumb\":{\"@id\":\"https:\/\/radiolifefm.com.br\/noticias\/prefeitura-de-adamantina-promove-reuniao-virtual-para-assinatura-do-termo-de-colaboracao-2022\/#breadcrumb\"},\"inLanguage\":\"pt-BR\",\"potentialAction\":[{\"@type\":\"ReadAction\",\"target\":[\"https:\/\/radiolifefm.com.br\/noticias\/prefeitura-de-adamantina-promove-reuniao-virtual-para-assinatura-do-termo-de-colaboracao-2022\/\"]}]},{\"@type\":\"ImageObject\",\"inLanguage\":\"pt-BR\",\"@id\":\"https:\/\/radiolifefm.com.br\/noticias\/prefeitura-de-adamantina-promove-reuniao-virtual-para-assinatura-do-termo-de-colaboracao-2022\/#primaryimage\",\"url\":\"https:\/\/radiolifefm.com.br\/noticias\/wp-content\/uploads\/2022\/02\/Foto-1-2.jpeg\",\"contentUrl\":\"https:\/\/radiolifefm.com.br\/noticias\/wp-content\/uploads\/2022\/02\/Foto-1-2.jpeg\",\"width\":914,\"height\":550},{\"@type\":\"BreadcrumbList\",\"@id\":\"https:\/\/radiolifefm.com.br\/noticias\/prefeitura-de-adamantina-promove-reuniao-virtual-para-assinatura-do-termo-de-colaboracao-2022\/#breadcrumb\",\"itemListElement\":[{\"@type\":\"ListItem\",\"position\":1,\"name\":\"In\u00edcio\",\"item\":\"https:\/\/radiolifefm.com.br\/noticias\/\"},{\"@type\":\"ListItem\",\"position\":2,\"name\":\"Prefeitura de Adamantina promove reuni\u00e3o virtual para assinatura do termo de colabora\u00e7\u00e3o 2022\"}]},{\"@type\":\"WebSite\",\"@id\":\"https:\/\/radiolifefm.com.br\/noticias\/#website\",\"url\":\"https:\/\/radiolifefm.com.br\/noticias\/\",\"name\":\"R\u00e1dio Life FM\",\"description\":\"O Portal de Not\u00edcias de Adamantina\",\"publisher\":{\"@id\":\"https:\/\/radiolifefm.com.br\/noticias\/#organization\"},\"alternateName\":\"Life FM\",\"potentialAction\":[{\"@type\":\"SearchAction\",\"target\":{\"@type\":\"EntryPoint\",\"urlTemplate\":\"https:\/\/radiolifefm.com.br\/noticias\/?s={search_term_string}\"},\"query-input\":{\"@type\":\"PropertyValueSpecification\",\"valueRequired\":true,\"valueName\":\"search_term_string\"}}],\"inLanguage\":\"pt-BR\"},{\"@type\":\"Organization\",\"@id\":\"https:\/\/radiolifefm.com.br\/noticias\/#organization\",\"name\":\"R\u00e1dio Life FM\",\"alternateName\":\"Life FM\",\"url\":\"https:\/\/radiolifefm.com.br\/noticias\/\",\"logo\":{\"@type\":\"ImageObject\",\"inLanguage\":\"pt-BR\",\"@id\":\"https:\/\/radiolifefm.com.br\/noticias\/#\/schema\/logo\/image\/\",\"url\":\"https:\/\/static.radiolifefm.com.br\/noticias\/wp-content\/uploads\/2019\/10\/logo-lifefm.png\",\"contentUrl\":\"https:\/\/static.radiolifefm.com.br\/noticias\/wp-content\/uploads\/2019\/10\/logo-lifefm.png\",\"width\":196,\"height\":47,\"caption\":\"R\u00e1dio Life FM\"},\"image\":{\"@id\":\"https:\/\/radiolifefm.com.br\/noticias\/#\/schema\/logo\/image\/\"},\"sameAs\":[\"https:\/\/www.facebook.com\/radiolifefm\/\",\"https:\/\/www.instagram.com\/life1079fm\/\"]},{\"@type\":\"Person\",\"@id\":\"https:\/\/radiolifefm.com.br\/noticias\/#\/schema\/person\/6339b9fac59d12b071dec680d7375d87\",\"name\":\"ritanery\",\"image\":{\"@type\":\"ImageObject\",\"inLanguage\":\"pt-BR\",\"@id\":\"https:\/\/secure.gravatar.com\/avatar\/0e37bb19071f47c0b8a23f62a903df117c5a0e75f65a0c2901562f97cd41cf86?s=96&d=mm&r=g\",\"url\":\"https:\/\/secure.gravatar.com\/avatar\/0e37bb19071f47c0b8a23f62a903df117c5a0e75f65a0c2901562f97cd41cf86?s=96&d=mm&r=g\",\"contentUrl\":\"https:\/\/secure.gravatar.com\/avatar\/0e37bb19071f47c0b8a23f62a903df117c5a0e75f65a0c2901562f97cd41cf86?s=96&d=mm&r=g\",\"caption\":\"ritanery\"}}]}<\/script>\n<!-- \/ Yoast SEO plugin. -->","yoast_head_json":{"title":"Prefeitura de Adamantina promove reuni\u00e3o virtual para assinatura do termo de colabora\u00e7\u00e3o 2022 - R\u00e1dio Life FM","robots":{"index":"index","follow":"follow","max-snippet":"max-snippet:-1","max-image-preview":"max-image-preview:large","max-video-preview":"max-video-preview:-1"},"canonical":"https:\/\/radiolifefm.com.br\/noticias\/prefeitura-de-adamantina-promove-reuniao-virtual-para-assinatura-do-termo-de-colaboracao-2022\/","og_locale":"pt_BR","og_type":"article","og_title":"Prefeitura de Adamantina promove reuni\u00e3o virtual para assinatura do termo de colabora\u00e7\u00e3o 2022 - R\u00e1dio Life FM","og_description":"A Prefeitura de Adamantina realizou uma reuni\u00e3o virtual para promover a assinatura do termo de colabora\u00e7\u00e3o para repasse de subven\u00e7\u00e3o para as organiza\u00e7\u00f5es da sociedade civil que prestam o servi\u00e7o socioassistencial no munic\u00edpio e que s\u00e3o vinculadas \u00e0 Secretaria de Assist\u00eancia Social. Na oportunidade, participaram do encontro o prefeito M\u00e1rcio Cardim, a secret\u00e1ria Andreia Regina [&hellip;]","og_url":"https:\/\/radiolifefm.com.br\/noticias\/prefeitura-de-adamantina-promove-reuniao-virtual-para-assinatura-do-termo-de-colaboracao-2022\/","og_site_name":"R\u00e1dio Life FM","article_publisher":"https:\/\/www.facebook.com\/radiolifefm\/","article_published_time":"2022-02-09T16:01:19+00:00","article_modified_time":"2026-04-07T06:19:06+00:00","og_image":[{"width":914,"height":550,"url":"https:\/\/radiolifefm.com.br\/noticias\/wp-content\/uploads\/2022\/02\/Foto-1-2.jpeg","type":"image\/jpeg"}],"author":"ritanery","twitter_card":"summary_large_image","twitter_misc":{"Escrito por":"ritanery","Est. tempo de leitura":"2 minutos"},"schema":{"@context":"https:\/\/schema.org","@graph":[{"@type":"Article","@id":"https:\/\/radiolifefm.com.br\/noticias\/prefeitura-de-adamantina-promove-reuniao-virtual-para-assinatura-do-termo-de-colaboracao-2022\/#article","isPartOf":{"@id":"https:\/\/radiolifefm.com.br\/noticias\/prefeitura-de-adamantina-promove-reuniao-virtual-para-assinatura-do-termo-de-colaboracao-2022\/"},"author":{"name":"ritanery","@id":"https:\/\/radiolifefm.com.br\/noticias\/#\/schema\/person\/6339b9fac59d12b071dec680d7375d87"},"headline":"Prefeitura de Adamantina promove reuni\u00e3o virtual para assinatura do termo de colabora\u00e7\u00e3o 2022","datePublished":"2022-02-09T16:01:19+00:00","dateModified":"2026-04-07T06:19:06+00:00","mainEntityOfPage":{"@id":"https:\/\/radiolifefm.com.br\/noticias\/prefeitura-de-adamantina-promove-reuniao-virtual-para-assinatura-do-termo-de-colaboracao-2022\/"},"wordCount":399,"publisher":{"@id":"https:\/\/radiolifefm.com.br\/noticias\/#organization"},"image":{"@id":"https:\/\/radiolifefm.com.br\/noticias\/prefeitura-de-adamantina-promove-reuniao-virtual-para-assinatura-do-termo-de-colaboracao-2022\/#primaryimage"},"thumbnailUrl":"https:\/\/radiolifefm.com.br\/noticias\/wp-content\/uploads\/2022\/02\/Foto-1-2.jpeg","articleSection":["Adamantina"],"inLanguage":"pt-BR"},{"@type":"WebPage","@id":"https:\/\/radiolifefm.com.br\/noticias\/prefeitura-de-adamantina-promove-reuniao-virtual-para-assinatura-do-termo-de-colaboracao-2022\/","url":"https:\/\/radiolifefm.com.br\/noticias\/prefeitura-de-adamantina-promove-reuniao-virtual-para-assinatura-do-termo-de-colaboracao-2022\/","name":"Prefeitura de Adamantina promove reuni\u00e3o virtual para assinatura do termo de colabora\u00e7\u00e3o 2022 - R\u00e1dio Life FM","isPartOf":{"@id":"https:\/\/radiolifefm.com.br\/noticias\/#website"},"primaryImageOfPage":{"@id":"https:\/\/radiolifefm.com.br\/noticias\/prefeitura-de-adamantina-promove-reuniao-virtual-para-assinatura-do-termo-de-colaboracao-2022\/#primaryimage"},"image":{"@id":"https:\/\/radiolifefm.com.br\/noticias\/prefeitura-de-adamantina-promove-reuniao-virtual-para-assinatura-do-termo-de-colaboracao-2022\/#primaryimage"},"thumbnailUrl":"https:\/\/radiolifefm.com.br\/noticias\/wp-content\/uploads\/2022\/02\/Foto-1-2.jpeg","datePublished":"2022-02-09T16:01:19+00:00","dateModified":"2026-04-07T06:19:06+00:00","breadcrumb":{"@id":"https:\/\/radiolifefm.com.br\/noticias\/prefeitura-de-adamantina-promove-reuniao-virtual-para-assinatura-do-termo-de-colaboracao-2022\/#breadcrumb"},"inLanguage":"pt-BR","potentialAction":[{"@type":"ReadAction","target":["https:\/\/radiolifefm.com.br\/noticias\/prefeitura-de-adamantina-promove-reuniao-virtual-para-assinatura-do-termo-de-colaboracao-2022\/"]}]},{"@type":"ImageObject","inLanguage":"pt-BR","@id":"https:\/\/radiolifefm.com.br\/noticias\/prefeitura-de-adamantina-promove-reuniao-virtual-para-assinatura-do-termo-de-colaboracao-2022\/#primaryimage","url":"https:\/\/radiolifefm.com.br\/noticias\/wp-content\/uploads\/2022\/02\/Foto-1-2.jpeg","contentUrl":"https:\/\/radiolifefm.com.br\/noticias\/wp-content\/uploads\/2022\/02\/Foto-1-2.jpeg","width":914,"height":550},{"@type":"BreadcrumbList","@id":"https:\/\/radiolifefm.com.br\/noticias\/prefeitura-de-adamantina-promove-reuniao-virtual-para-assinatura-do-termo-de-colaboracao-2022\/#breadcrumb","itemListElement":[{"@type":"ListItem","position":1,"name":"In\u00edcio","item":"https:\/\/radiolifefm.com.br\/noticias\/"},{"@type":"ListItem","position":2,"name":"Prefeitura de Adamantina promove reuni\u00e3o virtual para assinatura do termo de colabora\u00e7\u00e3o 2022"}]},{"@type":"WebSite","@id":"https:\/\/radiolifefm.com.br\/noticias\/#website","url":"https:\/\/radiolifefm.com.br\/noticias\/","name":"R\u00e1dio Life FM","description":"O Portal de Not\u00edcias de Adamantina","publisher":{"@id":"https:\/\/radiolifefm.com.br\/noticias\/#organization"},"alternateName":"Life FM","potentialAction":[{"@type":"SearchAction","target":{"@type":"EntryPoint","urlTemplate":"https:\/\/radiolifefm.com.br\/noticias\/?s={search_term_string}"},"query-input":{"@type":"PropertyValueSpecification","valueRequired":true,"valueName":"search_term_string"}}],"inLanguage":"pt-BR"},{"@type":"Organization","@id":"https:\/\/radiolifefm.com.br\/noticias\/#organization","name":"R\u00e1dio Life FM","alternateName":"Life FM","url":"https:\/\/radiolifefm.com.br\/noticias\/","logo":{"@type":"ImageObject","inLanguage":"pt-BR","@id":"https:\/\/radiolifefm.com.br\/noticias\/#\/schema\/logo\/image\/","url":"https:\/\/static.radiolifefm.com.br\/noticias\/wp-content\/uploads\/2019\/10\/logo-lifefm.png","contentUrl":"https:\/\/static.radiolifefm.com.br\/noticias\/wp-content\/uploads\/2019\/10\/logo-lifefm.png","width":196,"height":47,"caption":"R\u00e1dio Life FM"},"image":{"@id":"https:\/\/radiolifefm.com.br\/noticias\/#\/schema\/logo\/image\/"},"sameAs":["https:\/\/www.facebook.com\/radiolifefm\/","https:\/\/www.instagram.com\/life1079fm\/"]},{"@type":"Person","@id":"https:\/\/radiolifefm.com.br\/noticias\/#\/schema\/person\/6339b9fac59d12b071dec680d7375d87","name":"ritanery","image":{"@type":"ImageObject","inLanguage":"pt-BR","@id":"https:\/\/secure.gravatar.com\/avatar\/0e37bb19071f47c0b8a23f62a903df117c5a0e75f65a0c2901562f97cd41cf86?s=96&d=mm&r=g","url":"https:\/\/secure.gravatar.com\/avatar\/0e37bb19071f47c0b8a23f62a903df117c5a0e75f65a0c2901562f97cd41cf86?s=96&d=mm&r=g","contentUrl":"https:\/\/secure.gravatar.com\/avatar\/0e37bb19071f47c0b8a23f62a903df117c5a0e75f65a0c2901562f97cd41cf86?s=96&d=mm&r=g","caption":"ritanery"}}]}},"amp_enabled":true,"_links":{"self":[{"href":"https:\/\/radiolifefm.com.br\/noticias\/wp-json\/wp\/v2\/posts\/49211","targetHints":{"allow":["GET"]}}],"collection":[{"href":"https:\/\/radiolifefm.com.br\/noticias\/wp-json\/wp\/v2\/posts"}],"about":[{"href":"https:\/\/radiolifefm.com.br\/noticias\/wp-json\/wp\/v2\/types\/post"}],"author":[{"embeddable":true,"href":"https:\/\/radiolifefm.com.br\/noticias\/wp-json\/wp\/v2\/users\/13"}],"replies":[{"embeddable":true,"href":"https:\/\/radiolifefm.com.br\/noticias\/wp-json\/wp\/v2\/comments?post=49211"}],"version-history":[{"count":2,"href":"https:\/\/radiolifefm.com.br\/noticias\/wp-json\/wp\/v2\/posts\/49211\/revisions"}],"predecessor-version":[{"id":49214,"href":"https:\/\/radiolifefm.com.br\/noticias\/wp-json\/wp\/v2\/posts\/49211\/revisions\/49214"}],"wp:featuredmedia":[{"embeddable":true,"href":"https:\/\/radiolifefm.com.br\/noticias\/wp-json\/wp\/v2\/media\/49212"}],"wp:attachment":[{"href":"https:\/\/radiolifefm.com.br\/noticias\/wp-json\/wp\/v2\/media?parent=49211"}],"wp:term":[{"taxonomy":"category","embeddable":true,"href":"https:\/\/radiolifefm.com.br\/noticias\/wp-json\/wp\/v2\/categories?post=49211"},{"taxonomy":"post_tag","embeddable":true,"href":"https:\/\/radiolifefm.com.br\/noticias\/wp-json\/wp\/v2\/tags?post=49211"}],"curies":[{"name":"wp","href":"https:\/\/api.w.org\/{rel}","templated":true}]}}