{"id":49185,"date":"2022-02-08T21:32:57","date_gmt":"2022-02-09T00:32:57","guid":{"rendered":"https:\/\/radiolifefm.com.br\/noticias\/?p=49185"},"modified":"2026-04-14T07:29:44","modified_gmt":"2026-04-14T10:29:44","slug":"representantes-do-parque-tecnologico-de-sao-jose-dos-campos-e-do-crea-sp-visitam-patio-de-compostagem-para-troca-de-experiencias","status":"publish","type":"post","link":"https:\/\/radiolifefm.com.br\/noticias\/representantes-do-parque-tecnologico-de-sao-jose-dos-campos-e-do-crea-sp-visitam-patio-de-compostagem-para-troca-de-experiencias\/","title":{"rendered":"Representantes do Parque Tecnol\u00f3gico de S\u00e3o Jos\u00e9 dos Campos e do Crea-SP visitam p\u00e1tio de compostagem para troca de experi\u00eancias"},"content":{"rendered":"<div id=\"fb-root\"><\/div>\n<p style=\"font-weight: 400\">Na manh\u00e3 de ontem (7), o prefeito M\u00e1rcio Cardim e o secret\u00e1rio de Agricultura, Abastecimento e Meio Ambiente (SAAMA) Thiago Benet\u00e3o juntamente com a comitiva de visitantes que estavam em Adamantina para a inaugura\u00e7\u00e3o do Hub de Inova\u00e7\u00f5es Tecnol\u00f3gicas da Nova Alta Paulista, visitaram o p\u00e1tio de compostagem.<\/p>\n<p style=\"font-weight: 400\">A comitiva composta por t\u00e9cnicos\u00a0do Parque Tecnol\u00f3gico de S\u00e3o Jos\u00e9 dos Campos e do CREA-SP tiveram\u00a0a oportunidade de conhecer a tecnologia aplicada no trabalho que o munic\u00edpio vem desenvolvendo com os agricultores familiares, por meio dos Programas de Efici\u00eancia Energ\u00e9tica, desenvolvido em parceria com a Energisa e o Euroclima+ que conta com parceria do Poder Executivo, da Unifai \u00a0e da Comunidade Trinacional Fronteiri\u00e7a Rio Lempa (Mancomunidad Trinacional Fronteriza R\u00edo Lempa, no nome original em espanhol, composto por nove munic\u00edpios da Guatemala, El Salvador e Honduras, pa\u00edses da Am\u00e9rica Central) integra um programa que tem como foco a produ\u00e7\u00e3o resiliente de alimentos frente \u00e0 mudan\u00e7a clim\u00e1tica.<\/p>\n<p style=\"font-weight: 400\">\n<p style=\"font-weight: 400\">Os visitantes puderam acompanhar como \u00e9 o processo de aproveitamento dos res\u00edduos de poda de \u00e1rvores e res\u00edduos org\u00e2nicos das cozinhas que s\u00e3o transformados em adubo e destinados \u00e0 produ\u00e7\u00e3o de alimentos por meio do programa Agricultura Familiar.<\/p>\n<p style=\"font-weight: 400\">&#8220;Essa conex\u00e3o entre as equipes \u00e9 muito importante! Adamantina segue a passos largos para instala\u00e7\u00e3o do Parque Tecnol\u00f3gico. O dia de hoje \u00e9 um marco nesse processo, pois al\u00e9m da inaugura\u00e7\u00e3o do HUB de Inova\u00e7\u00f5es Tecnol\u00f3gicas da Nova Alta Paulista, que \u00e9 o passo inicial, tamb\u00e9m temos a oportunidade da troca de experi\u00eancias com a equipe do Parque Tecnol\u00f3gico de S\u00e3o Jos\u00e9 dos Campos que \u00e9 nossa inspira\u00e7\u00e3o. Obrigada a toda equipe do CREA-SP pela confian\u00e7a e contribui\u00e7\u00e3o para o desenvolvimento local\u201d, afirma Cardim.<\/p>\n<p style=\"font-weight: 400\">\n<p style=\"font-weight: 400\"><strong>\u00a0<\/strong><strong>Relembre<\/strong><\/p>\n<p style=\"font-weight: 400\">Em janeiro, uma comitiva formada pelo prefeito M\u00e1rcio Cardim, os secret\u00e1rios Jo\u00e3o Vitor Marega e Sergio Vanderlei e o engenheiro Vin\u00edcius Ribeiro estiveram na cidade de S\u00e3o Jos\u00e9 dos Campos com o objetivo de conhecer o Parque Tecnol\u00f3gico, bem como a Secretaria de Desenvolvimento e Tecnologia de S\u00e3o Jos\u00e9 dos Campos.<\/p>\n<p style=\"font-weight: 400\">Participaram ainda da visita o presidente da C\u00e2mara Municipal, Paulo Cervelheira, o assessor da presid\u00eancia do Crea-SP, Daniel Robles e representando a OAB de Adamantina, o advogado H\u00e9lio Malheiros.<\/p>\n<p>&nbsp;<\/p>\n<p>Fonte: Assessoria de Imprensa<\/p>\n","protected":false},"excerpt":{"rendered":"<p>Na manh\u00e3 de ontem (7), o prefeito M\u00e1rcio Cardim e o secret\u00e1rio de Agricultura, Abastecimento e Meio Ambiente (SAAMA) Thiago Benet\u00e3o juntamente com a comitiva de visitantes que estavam em Adamantina para a inaugura\u00e7\u00e3o do Hub de Inova\u00e7\u00f5es Tecnol\u00f3gicas da Nova Alta Paulista, visitaram o p\u00e1tio de compostagem. A comitiva composta por t\u00e9cnicos\u00a0do Parque Tecnol\u00f3gico [&hellip;]<\/p>\n","protected":false},"author":13,"featured_media":49186,"comment_status":"closed","ping_status":"open","sticky":false,"template":"","format":"standard","meta":{"_acf_changed":false,"_exactmetrics_skip_tracking":false,"_exactmetrics_sitenote_active":false,"_exactmetrics_sitenote_note":"","_exactmetrics_sitenote_category":0,"footnotes":""},"categories":[21],"tags":[],"class_list":["post-49185","post","type-post","status-publish","format-standard","has-post-thumbnail","hentry","category-adamantina"],"acf":[],"yoast_head":"<!-- This site is optimized with the Yoast SEO plugin v27.2 - https:\/\/yoast.com\/product\/yoast-seo-wordpress\/ -->\n<title>Representantes do Parque Tecnol\u00f3gico de S\u00e3o Jos\u00e9 dos Campos e do Crea-SP visitam p\u00e1tio de compostagem para troca de experi\u00eancias - R\u00e1dio Life FM<\/title>\n<meta name=\"robots\" content=\"index, follow, max-snippet:-1, max-image-preview:large, max-video-preview:-1\" \/>\n<link rel=\"canonical\" href=\"https:\/\/radiolifefm.com.br\/noticias\/representantes-do-parque-tecnologico-de-sao-jose-dos-campos-e-do-crea-sp-visitam-patio-de-compostagem-para-troca-de-experiencias\/\" \/>\n<meta property=\"og:locale\" content=\"pt_BR\" \/>\n<meta property=\"og:type\" content=\"article\" \/>\n<meta property=\"og:title\" content=\"Representantes do Parque Tecnol\u00f3gico de S\u00e3o Jos\u00e9 dos Campos e do Crea-SP visitam p\u00e1tio de compostagem para troca de experi\u00eancias - R\u00e1dio Life FM\" \/>\n<meta property=\"og:description\" content=\"Na manh\u00e3 de ontem (7), o prefeito M\u00e1rcio Cardim e o secret\u00e1rio de Agricultura, Abastecimento e Meio Ambiente (SAAMA) Thiago Benet\u00e3o juntamente com a comitiva de visitantes que estavam em Adamantina para a inaugura\u00e7\u00e3o do Hub de Inova\u00e7\u00f5es Tecnol\u00f3gicas da Nova Alta Paulista, visitaram o p\u00e1tio de compostagem. A comitiva composta por t\u00e9cnicos\u00a0do Parque Tecnol\u00f3gico [&hellip;]\" \/>\n<meta property=\"og:url\" content=\"https:\/\/radiolifefm.com.br\/noticias\/representantes-do-parque-tecnologico-de-sao-jose-dos-campos-e-do-crea-sp-visitam-patio-de-compostagem-para-troca-de-experiencias\/\" \/>\n<meta property=\"og:site_name\" content=\"R\u00e1dio Life FM\" \/>\n<meta property=\"article:publisher\" content=\"https:\/\/www.facebook.com\/radiolifefm\/\" \/>\n<meta property=\"article:published_time\" content=\"2022-02-09T00:32:57+00:00\" \/>\n<meta property=\"article:modified_time\" content=\"2026-04-14T10:29:44+00:00\" \/>\n<meta property=\"og:image\" content=\"https:\/\/radiolifefm.com.br\/noticias\/wp-content\/uploads\/2022\/02\/foto-1.jpeg\" \/>\n\t<meta property=\"og:image:width\" content=\"1600\" \/>\n\t<meta property=\"og:image:height\" content=\"1200\" \/>\n\t<meta property=\"og:image:type\" content=\"image\/jpeg\" \/>\n<meta name=\"author\" content=\"ritanery\" \/>\n<meta name=\"twitter:card\" content=\"summary_large_image\" \/>\n<meta name=\"twitter:label1\" content=\"Escrito por\" \/>\n\t<meta name=\"twitter:data1\" content=\"ritanery\" \/>\n\t<meta name=\"twitter:label2\" content=\"Est. tempo de leitura\" \/>\n\t<meta name=\"twitter:data2\" content=\"2 minutos\" \/>\n<script type=\"application\/ld+json\" class=\"yoast-schema-graph\">{\"@context\":\"https:\/\/schema.org\",\"@graph\":[{\"@type\":\"Article\",\"@id\":\"https:\/\/radiolifefm.com.br\/noticias\/representantes-do-parque-tecnologico-de-sao-jose-dos-campos-e-do-crea-sp-visitam-patio-de-compostagem-para-troca-de-experiencias\/#article\",\"isPartOf\":{\"@id\":\"https:\/\/radiolifefm.com.br\/noticias\/representantes-do-parque-tecnologico-de-sao-jose-dos-campos-e-do-crea-sp-visitam-patio-de-compostagem-para-troca-de-experiencias\/\"},\"author\":{\"name\":\"ritanery\",\"@id\":\"https:\/\/radiolifefm.com.br\/noticias\/#\/schema\/person\/6339b9fac59d12b071dec680d7375d87\"},\"headline\":\"Representantes do Parque Tecnol\u00f3gico de S\u00e3o Jos\u00e9 dos Campos e do Crea-SP visitam p\u00e1tio de compostagem para troca de experi\u00eancias\",\"datePublished\":\"2022-02-09T00:32:57+00:00\",\"dateModified\":\"2026-04-14T10:29:44+00:00\",\"mainEntityOfPage\":{\"@id\":\"https:\/\/radiolifefm.com.br\/noticias\/representantes-do-parque-tecnologico-de-sao-jose-dos-campos-e-do-crea-sp-visitam-patio-de-compostagem-para-troca-de-experiencias\/\"},\"wordCount\":429,\"publisher\":{\"@id\":\"https:\/\/radiolifefm.com.br\/noticias\/#organization\"},\"image\":{\"@id\":\"https:\/\/radiolifefm.com.br\/noticias\/representantes-do-parque-tecnologico-de-sao-jose-dos-campos-e-do-crea-sp-visitam-patio-de-compostagem-para-troca-de-experiencias\/#primaryimage\"},\"thumbnailUrl\":\"https:\/\/radiolifefm.com.br\/noticias\/wp-content\/uploads\/2022\/02\/foto-1.jpeg\",\"articleSection\":[\"Adamantina\"],\"inLanguage\":\"pt-BR\"},{\"@type\":\"WebPage\",\"@id\":\"https:\/\/radiolifefm.com.br\/noticias\/representantes-do-parque-tecnologico-de-sao-jose-dos-campos-e-do-crea-sp-visitam-patio-de-compostagem-para-troca-de-experiencias\/\",\"url\":\"https:\/\/radiolifefm.com.br\/noticias\/representantes-do-parque-tecnologico-de-sao-jose-dos-campos-e-do-crea-sp-visitam-patio-de-compostagem-para-troca-de-experiencias\/\",\"name\":\"Representantes do Parque Tecnol\u00f3gico de S\u00e3o Jos\u00e9 dos Campos e do Crea-SP visitam p\u00e1tio de compostagem para troca de experi\u00eancias - R\u00e1dio Life FM\",\"isPartOf\":{\"@id\":\"https:\/\/radiolifefm.com.br\/noticias\/#website\"},\"primaryImageOfPage\":{\"@id\":\"https:\/\/radiolifefm.com.br\/noticias\/representantes-do-parque-tecnologico-de-sao-jose-dos-campos-e-do-crea-sp-visitam-patio-de-compostagem-para-troca-de-experiencias\/#primaryimage\"},\"image\":{\"@id\":\"https:\/\/radiolifefm.com.br\/noticias\/representantes-do-parque-tecnologico-de-sao-jose-dos-campos-e-do-crea-sp-visitam-patio-de-compostagem-para-troca-de-experiencias\/#primaryimage\"},\"thumbnailUrl\":\"https:\/\/radiolifefm.com.br\/noticias\/wp-content\/uploads\/2022\/02\/foto-1.jpeg\",\"datePublished\":\"2022-02-09T00:32:57+00:00\",\"dateModified\":\"2026-04-14T10:29:44+00:00\",\"breadcrumb\":{\"@id\":\"https:\/\/radiolifefm.com.br\/noticias\/representantes-do-parque-tecnologico-de-sao-jose-dos-campos-e-do-crea-sp-visitam-patio-de-compostagem-para-troca-de-experiencias\/#breadcrumb\"},\"inLanguage\":\"pt-BR\",\"potentialAction\":[{\"@type\":\"ReadAction\",\"target\":[\"https:\/\/radiolifefm.com.br\/noticias\/representantes-do-parque-tecnologico-de-sao-jose-dos-campos-e-do-crea-sp-visitam-patio-de-compostagem-para-troca-de-experiencias\/\"]}]},{\"@type\":\"ImageObject\",\"inLanguage\":\"pt-BR\",\"@id\":\"https:\/\/radiolifefm.com.br\/noticias\/representantes-do-parque-tecnologico-de-sao-jose-dos-campos-e-do-crea-sp-visitam-patio-de-compostagem-para-troca-de-experiencias\/#primaryimage\",\"url\":\"https:\/\/radiolifefm.com.br\/noticias\/wp-content\/uploads\/2022\/02\/foto-1.jpeg\",\"contentUrl\":\"https:\/\/radiolifefm.com.br\/noticias\/wp-content\/uploads\/2022\/02\/foto-1.jpeg\",\"width\":1600,\"height\":1200},{\"@type\":\"BreadcrumbList\",\"@id\":\"https:\/\/radiolifefm.com.br\/noticias\/representantes-do-parque-tecnologico-de-sao-jose-dos-campos-e-do-crea-sp-visitam-patio-de-compostagem-para-troca-de-experiencias\/#breadcrumb\",\"itemListElement\":[{\"@type\":\"ListItem\",\"position\":1,\"name\":\"In\u00edcio\",\"item\":\"https:\/\/radiolifefm.com.br\/noticias\/\"},{\"@type\":\"ListItem\",\"position\":2,\"name\":\"Representantes do Parque Tecnol\u00f3gico de S\u00e3o Jos\u00e9 dos Campos e do Crea-SP visitam p\u00e1tio de compostagem para troca de experi\u00eancias\"}]},{\"@type\":\"WebSite\",\"@id\":\"https:\/\/radiolifefm.com.br\/noticias\/#website\",\"url\":\"https:\/\/radiolifefm.com.br\/noticias\/\",\"name\":\"R\u00e1dio Life FM\",\"description\":\"O Portal de Not\u00edcias de Adamantina\",\"publisher\":{\"@id\":\"https:\/\/radiolifefm.com.br\/noticias\/#organization\"},\"alternateName\":\"Life FM\",\"potentialAction\":[{\"@type\":\"SearchAction\",\"target\":{\"@type\":\"EntryPoint\",\"urlTemplate\":\"https:\/\/radiolifefm.com.br\/noticias\/?s={search_term_string}\"},\"query-input\":{\"@type\":\"PropertyValueSpecification\",\"valueRequired\":true,\"valueName\":\"search_term_string\"}}],\"inLanguage\":\"pt-BR\"},{\"@type\":\"Organization\",\"@id\":\"https:\/\/radiolifefm.com.br\/noticias\/#organization\",\"name\":\"R\u00e1dio Life FM\",\"alternateName\":\"Life FM\",\"url\":\"https:\/\/radiolifefm.com.br\/noticias\/\",\"logo\":{\"@type\":\"ImageObject\",\"inLanguage\":\"pt-BR\",\"@id\":\"https:\/\/radiolifefm.com.br\/noticias\/#\/schema\/logo\/image\/\",\"url\":\"https:\/\/static.radiolifefm.com.br\/noticias\/wp-content\/uploads\/2019\/10\/logo-lifefm.png\",\"contentUrl\":\"https:\/\/static.radiolifefm.com.br\/noticias\/wp-content\/uploads\/2019\/10\/logo-lifefm.png\",\"width\":196,\"height\":47,\"caption\":\"R\u00e1dio Life FM\"},\"image\":{\"@id\":\"https:\/\/radiolifefm.com.br\/noticias\/#\/schema\/logo\/image\/\"},\"sameAs\":[\"https:\/\/www.facebook.com\/radiolifefm\/\",\"https:\/\/www.instagram.com\/life1079fm\/\"]},{\"@type\":\"Person\",\"@id\":\"https:\/\/radiolifefm.com.br\/noticias\/#\/schema\/person\/6339b9fac59d12b071dec680d7375d87\",\"name\":\"ritanery\",\"image\":{\"@type\":\"ImageObject\",\"inLanguage\":\"pt-BR\",\"@id\":\"https:\/\/secure.gravatar.com\/avatar\/0e37bb19071f47c0b8a23f62a903df117c5a0e75f65a0c2901562f97cd41cf86?s=96&d=mm&r=g\",\"url\":\"https:\/\/secure.gravatar.com\/avatar\/0e37bb19071f47c0b8a23f62a903df117c5a0e75f65a0c2901562f97cd41cf86?s=96&d=mm&r=g\",\"contentUrl\":\"https:\/\/secure.gravatar.com\/avatar\/0e37bb19071f47c0b8a23f62a903df117c5a0e75f65a0c2901562f97cd41cf86?s=96&d=mm&r=g\",\"caption\":\"ritanery\"}}]}<\/script>\n<!-- \/ Yoast SEO plugin. -->","yoast_head_json":{"title":"Representantes do Parque Tecnol\u00f3gico de S\u00e3o Jos\u00e9 dos Campos e do Crea-SP visitam p\u00e1tio de compostagem para troca de experi\u00eancias - R\u00e1dio Life FM","robots":{"index":"index","follow":"follow","max-snippet":"max-snippet:-1","max-image-preview":"max-image-preview:large","max-video-preview":"max-video-preview:-1"},"canonical":"https:\/\/radiolifefm.com.br\/noticias\/representantes-do-parque-tecnologico-de-sao-jose-dos-campos-e-do-crea-sp-visitam-patio-de-compostagem-para-troca-de-experiencias\/","og_locale":"pt_BR","og_type":"article","og_title":"Representantes do Parque Tecnol\u00f3gico de S\u00e3o Jos\u00e9 dos Campos e do Crea-SP visitam p\u00e1tio de compostagem para troca de experi\u00eancias - R\u00e1dio Life FM","og_description":"Na manh\u00e3 de ontem (7), o prefeito M\u00e1rcio Cardim e o secret\u00e1rio de Agricultura, Abastecimento e Meio Ambiente (SAAMA) Thiago Benet\u00e3o juntamente com a comitiva de visitantes que estavam em Adamantina para a inaugura\u00e7\u00e3o do Hub de Inova\u00e7\u00f5es Tecnol\u00f3gicas da Nova Alta Paulista, visitaram o p\u00e1tio de compostagem. A comitiva composta por t\u00e9cnicos\u00a0do Parque Tecnol\u00f3gico [&hellip;]","og_url":"https:\/\/radiolifefm.com.br\/noticias\/representantes-do-parque-tecnologico-de-sao-jose-dos-campos-e-do-crea-sp-visitam-patio-de-compostagem-para-troca-de-experiencias\/","og_site_name":"R\u00e1dio Life FM","article_publisher":"https:\/\/www.facebook.com\/radiolifefm\/","article_published_time":"2022-02-09T00:32:57+00:00","article_modified_time":"2026-04-14T10:29:44+00:00","og_image":[{"width":1600,"height":1200,"url":"https:\/\/radiolifefm.com.br\/noticias\/wp-content\/uploads\/2022\/02\/foto-1.jpeg","type":"image\/jpeg"}],"author":"ritanery","twitter_card":"summary_large_image","twitter_misc":{"Escrito por":"ritanery","Est. tempo de leitura":"2 minutos"},"schema":{"@context":"https:\/\/schema.org","@graph":[{"@type":"Article","@id":"https:\/\/radiolifefm.com.br\/noticias\/representantes-do-parque-tecnologico-de-sao-jose-dos-campos-e-do-crea-sp-visitam-patio-de-compostagem-para-troca-de-experiencias\/#article","isPartOf":{"@id":"https:\/\/radiolifefm.com.br\/noticias\/representantes-do-parque-tecnologico-de-sao-jose-dos-campos-e-do-crea-sp-visitam-patio-de-compostagem-para-troca-de-experiencias\/"},"author":{"name":"ritanery","@id":"https:\/\/radiolifefm.com.br\/noticias\/#\/schema\/person\/6339b9fac59d12b071dec680d7375d87"},"headline":"Representantes do Parque Tecnol\u00f3gico de S\u00e3o Jos\u00e9 dos Campos e do Crea-SP visitam p\u00e1tio de compostagem para troca de experi\u00eancias","datePublished":"2022-02-09T00:32:57+00:00","dateModified":"2026-04-14T10:29:44+00:00","mainEntityOfPage":{"@id":"https:\/\/radiolifefm.com.br\/noticias\/representantes-do-parque-tecnologico-de-sao-jose-dos-campos-e-do-crea-sp-visitam-patio-de-compostagem-para-troca-de-experiencias\/"},"wordCount":429,"publisher":{"@id":"https:\/\/radiolifefm.com.br\/noticias\/#organization"},"image":{"@id":"https:\/\/radiolifefm.com.br\/noticias\/representantes-do-parque-tecnologico-de-sao-jose-dos-campos-e-do-crea-sp-visitam-patio-de-compostagem-para-troca-de-experiencias\/#primaryimage"},"thumbnailUrl":"https:\/\/radiolifefm.com.br\/noticias\/wp-content\/uploads\/2022\/02\/foto-1.jpeg","articleSection":["Adamantina"],"inLanguage":"pt-BR"},{"@type":"WebPage","@id":"https:\/\/radiolifefm.com.br\/noticias\/representantes-do-parque-tecnologico-de-sao-jose-dos-campos-e-do-crea-sp-visitam-patio-de-compostagem-para-troca-de-experiencias\/","url":"https:\/\/radiolifefm.com.br\/noticias\/representantes-do-parque-tecnologico-de-sao-jose-dos-campos-e-do-crea-sp-visitam-patio-de-compostagem-para-troca-de-experiencias\/","name":"Representantes do Parque Tecnol\u00f3gico de S\u00e3o Jos\u00e9 dos Campos e do Crea-SP visitam p\u00e1tio de compostagem para troca de experi\u00eancias - R\u00e1dio Life FM","isPartOf":{"@id":"https:\/\/radiolifefm.com.br\/noticias\/#website"},"primaryImageOfPage":{"@id":"https:\/\/radiolifefm.com.br\/noticias\/representantes-do-parque-tecnologico-de-sao-jose-dos-campos-e-do-crea-sp-visitam-patio-de-compostagem-para-troca-de-experiencias\/#primaryimage"},"image":{"@id":"https:\/\/radiolifefm.com.br\/noticias\/representantes-do-parque-tecnologico-de-sao-jose-dos-campos-e-do-crea-sp-visitam-patio-de-compostagem-para-troca-de-experiencias\/#primaryimage"},"thumbnailUrl":"https:\/\/radiolifefm.com.br\/noticias\/wp-content\/uploads\/2022\/02\/foto-1.jpeg","datePublished":"2022-02-09T00:32:57+00:00","dateModified":"2026-04-14T10:29:44+00:00","breadcrumb":{"@id":"https:\/\/radiolifefm.com.br\/noticias\/representantes-do-parque-tecnologico-de-sao-jose-dos-campos-e-do-crea-sp-visitam-patio-de-compostagem-para-troca-de-experiencias\/#breadcrumb"},"inLanguage":"pt-BR","potentialAction":[{"@type":"ReadAction","target":["https:\/\/radiolifefm.com.br\/noticias\/representantes-do-parque-tecnologico-de-sao-jose-dos-campos-e-do-crea-sp-visitam-patio-de-compostagem-para-troca-de-experiencias\/"]}]},{"@type":"ImageObject","inLanguage":"pt-BR","@id":"https:\/\/radiolifefm.com.br\/noticias\/representantes-do-parque-tecnologico-de-sao-jose-dos-campos-e-do-crea-sp-visitam-patio-de-compostagem-para-troca-de-experiencias\/#primaryimage","url":"https:\/\/radiolifefm.com.br\/noticias\/wp-content\/uploads\/2022\/02\/foto-1.jpeg","contentUrl":"https:\/\/radiolifefm.com.br\/noticias\/wp-content\/uploads\/2022\/02\/foto-1.jpeg","width":1600,"height":1200},{"@type":"BreadcrumbList","@id":"https:\/\/radiolifefm.com.br\/noticias\/representantes-do-parque-tecnologico-de-sao-jose-dos-campos-e-do-crea-sp-visitam-patio-de-compostagem-para-troca-de-experiencias\/#breadcrumb","itemListElement":[{"@type":"ListItem","position":1,"name":"In\u00edcio","item":"https:\/\/radiolifefm.com.br\/noticias\/"},{"@type":"ListItem","position":2,"name":"Representantes do Parque Tecnol\u00f3gico de S\u00e3o Jos\u00e9 dos Campos e do Crea-SP visitam p\u00e1tio de compostagem para troca de experi\u00eancias"}]},{"@type":"WebSite","@id":"https:\/\/radiolifefm.com.br\/noticias\/#website","url":"https:\/\/radiolifefm.com.br\/noticias\/","name":"R\u00e1dio Life FM","description":"O Portal de Not\u00edcias de Adamantina","publisher":{"@id":"https:\/\/radiolifefm.com.br\/noticias\/#organization"},"alternateName":"Life FM","potentialAction":[{"@type":"SearchAction","target":{"@type":"EntryPoint","urlTemplate":"https:\/\/radiolifefm.com.br\/noticias\/?s={search_term_string}"},"query-input":{"@type":"PropertyValueSpecification","valueRequired":true,"valueName":"search_term_string"}}],"inLanguage":"pt-BR"},{"@type":"Organization","@id":"https:\/\/radiolifefm.com.br\/noticias\/#organization","name":"R\u00e1dio Life FM","alternateName":"Life FM","url":"https:\/\/radiolifefm.com.br\/noticias\/","logo":{"@type":"ImageObject","inLanguage":"pt-BR","@id":"https:\/\/radiolifefm.com.br\/noticias\/#\/schema\/logo\/image\/","url":"https:\/\/static.radiolifefm.com.br\/noticias\/wp-content\/uploads\/2019\/10\/logo-lifefm.png","contentUrl":"https:\/\/static.radiolifefm.com.br\/noticias\/wp-content\/uploads\/2019\/10\/logo-lifefm.png","width":196,"height":47,"caption":"R\u00e1dio Life FM"},"image":{"@id":"https:\/\/radiolifefm.com.br\/noticias\/#\/schema\/logo\/image\/"},"sameAs":["https:\/\/www.facebook.com\/radiolifefm\/","https:\/\/www.instagram.com\/life1079fm\/"]},{"@type":"Person","@id":"https:\/\/radiolifefm.com.br\/noticias\/#\/schema\/person\/6339b9fac59d12b071dec680d7375d87","name":"ritanery","image":{"@type":"ImageObject","inLanguage":"pt-BR","@id":"https:\/\/secure.gravatar.com\/avatar\/0e37bb19071f47c0b8a23f62a903df117c5a0e75f65a0c2901562f97cd41cf86?s=96&d=mm&r=g","url":"https:\/\/secure.gravatar.com\/avatar\/0e37bb19071f47c0b8a23f62a903df117c5a0e75f65a0c2901562f97cd41cf86?s=96&d=mm&r=g","contentUrl":"https:\/\/secure.gravatar.com\/avatar\/0e37bb19071f47c0b8a23f62a903df117c5a0e75f65a0c2901562f97cd41cf86?s=96&d=mm&r=g","caption":"ritanery"}}]}},"amp_enabled":true,"_links":{"self":[{"href":"https:\/\/radiolifefm.com.br\/noticias\/wp-json\/wp\/v2\/posts\/49185","targetHints":{"allow":["GET"]}}],"collection":[{"href":"https:\/\/radiolifefm.com.br\/noticias\/wp-json\/wp\/v2\/posts"}],"about":[{"href":"https:\/\/radiolifefm.com.br\/noticias\/wp-json\/wp\/v2\/types\/post"}],"author":[{"embeddable":true,"href":"https:\/\/radiolifefm.com.br\/noticias\/wp-json\/wp\/v2\/users\/13"}],"replies":[{"embeddable":true,"href":"https:\/\/radiolifefm.com.br\/noticias\/wp-json\/wp\/v2\/comments?post=49185"}],"version-history":[{"count":4,"href":"https:\/\/radiolifefm.com.br\/noticias\/wp-json\/wp\/v2\/posts\/49185\/revisions"}],"predecessor-version":[{"id":49190,"href":"https:\/\/radiolifefm.com.br\/noticias\/wp-json\/wp\/v2\/posts\/49185\/revisions\/49190"}],"wp:featuredmedia":[{"embeddable":true,"href":"https:\/\/radiolifefm.com.br\/noticias\/wp-json\/wp\/v2\/media\/49186"}],"wp:attachment":[{"href":"https:\/\/radiolifefm.com.br\/noticias\/wp-json\/wp\/v2\/media?parent=49185"}],"wp:term":[{"taxonomy":"category","embeddable":true,"href":"https:\/\/radiolifefm.com.br\/noticias\/wp-json\/wp\/v2\/categories?post=49185"},{"taxonomy":"post_tag","embeddable":true,"href":"https:\/\/radiolifefm.com.br\/noticias\/wp-json\/wp\/v2\/tags?post=49185"}],"curies":[{"name":"wp","href":"https:\/\/api.w.org\/{rel}","templated":true}]}}