{"id":49167,"date":"2022-02-08T20:55:09","date_gmt":"2022-02-08T23:55:09","guid":{"rendered":"https:\/\/radiolifefm.com.br\/noticias\/?p=49167"},"modified":"2026-04-03T21:39:24","modified_gmt":"2026-04-04T00:39:24","slug":"hub-de-inovacao-espaco-para-incentivar-o-empreendedorismo-e-investimentos-em-adamantina-e-regiao-atraves-de-ideias-inovadorasadamantina","status":"publish","type":"post","link":"https:\/\/radiolifefm.com.br\/noticias\/hub-de-inovacao-espaco-para-incentivar-o-empreendedorismo-e-investimentos-em-adamantina-e-regiao-atraves-de-ideias-inovadorasadamantina\/","title":{"rendered":"HUB de Inova\u00e7\u00e3o, espa\u00e7o para incentivar o empreendedorismo e investimentos em Adamantina e regi\u00e3o atrav\u00e9s de ideias inovadoras"},"content":{"rendered":"<div id=\"fb-root\"><\/div>\n<p>A inaugura\u00e7\u00e3o do HUB de INOVA\u00c7\u00c3O foi um sucesso com a presen\u00e7a de v\u00e1rias autoridades entre elas o presidente da associa\u00e7\u00e3o dos engenheiros, agr\u00f4nomos e arquitetos da nova alta paulista, Andr\u00e9 Borrasca, presidente do CREA \u2013 SP Vinicius Marcheese e o prefeito de Adamantina Marcio Cardim. A parceria entre eles possibilitou que Adamantina agora tenha um espa\u00e7o com equipamentos, mobili\u00e1rios, salas individuais e espa\u00e7os coletivos com mesas e cadeiras adequadas\u00a0 para receberem empres\u00e1rios, profissionais e estudantes de v\u00e1rias \u00e1reas de Adamantina e regi\u00e3o.<\/p>\n<p>O espa\u00e7o f\u00edsico ter\u00e1 internet de qualidade, utiliza\u00e7\u00e3o do espa\u00e7o \u00e9 gratuita e com agendamento pr\u00e9vio estar\u00e1 dispon\u00edvel para as pessoas se conectarem, compartilhar ideias e solu\u00e7\u00f5es inovadoras para os problemas reais e di\u00e1rios da sociedade.<\/p>\n<p>O presidente da AEAANAP Andr\u00e9 Borrasca, durante e entrevista \u00e0 R\u00c1DIO LIFE FM 107,9 expressou a alegria da conquista para Adamantina e orientou como ser\u00e1 utilizado o espa\u00e7o.<\/p>\n<figure id=\"attachment_49170\" aria-describedby=\"caption-attachment-49170\" style=\"width: 300px\" class=\"wp-caption aligncenter\"><img loading=\"lazy\" decoding=\"async\" class=\"size-medium wp-image-49170\" src=\"https:\/\/static.radiolifefm.com.br\/wp-content\/uploads\/sites\/2\/2022\/02\/WhatsApp-Image-2022-02-08-at-17.19.48-300x197.jpeg\" alt=\"\" width=\"300\" height=\"197\" srcset=\"https:\/\/radiolifefm.com.br\/noticias\/wp-content\/uploads\/2022\/02\/WhatsApp-Image-2022-02-08-at-17.19.48-300x197.jpeg 300w, https:\/\/radiolifefm.com.br\/noticias\/wp-content\/uploads\/2022\/02\/WhatsApp-Image-2022-02-08-at-17.19.48-1024x671.jpeg 1024w, https:\/\/radiolifefm.com.br\/noticias\/wp-content\/uploads\/2022\/02\/WhatsApp-Image-2022-02-08-at-17.19.48-768x503.jpeg 768w, https:\/\/radiolifefm.com.br\/noticias\/wp-content\/uploads\/2022\/02\/WhatsApp-Image-2022-02-08-at-17.19.48.jpeg 1099w\" sizes=\"auto, (max-width: 300px) 100vw, 300px\" \/><figcaption id=\"caption-attachment-49170\" class=\"wp-caption-text\">Andr\u00e9 Borrasca<\/figcaption><\/figure>\n<p>O prefeito Marcio Cardim relatou durante a entrevista sobe a import\u00e2ncia e liga\u00e7\u00e3o do HUB de INOVA\u00c7\u00c3O com a nova secret\u00e1ria de desenvolvimento econ\u00f4mico de Adamantina.<\/p>\n<figure id=\"attachment_49173\" aria-describedby=\"caption-attachment-49173\" style=\"width: 300px\" class=\"wp-caption aligncenter\"><img loading=\"lazy\" decoding=\"async\" class=\"size-medium wp-image-49173\" src=\"https:\/\/static.radiolifefm.com.br\/wp-content\/uploads\/sites\/2\/2022\/02\/WhatsApp-Image-2022-02-08-at-17.20.32-300x186.jpeg\" alt=\"\" width=\"300\" height=\"186\" srcset=\"https:\/\/radiolifefm.com.br\/noticias\/wp-content\/uploads\/2022\/02\/WhatsApp-Image-2022-02-08-at-17.20.32-300x186.jpeg 300w, https:\/\/radiolifefm.com.br\/noticias\/wp-content\/uploads\/2022\/02\/WhatsApp-Image-2022-02-08-at-17.20.32-1024x633.jpeg 1024w, https:\/\/radiolifefm.com.br\/noticias\/wp-content\/uploads\/2022\/02\/WhatsApp-Image-2022-02-08-at-17.20.32-768x475.jpeg 768w, https:\/\/radiolifefm.com.br\/noticias\/wp-content\/uploads\/2022\/02\/WhatsApp-Image-2022-02-08-at-17.20.32.jpeg 1164w\" sizes=\"auto, (max-width: 300px) 100vw, 300px\" \/><figcaption id=\"caption-attachment-49173\" class=\"wp-caption-text\">M\u00e1rcio Cardim<\/figcaption><\/figure>\n<p>Vinicius Marcheese, presidente do CREA \u2013 SP amante da inova\u00e7\u00e3o, destacou na entrevista que o espa\u00e7o fomentar\u00e1 parcerias e novos neg\u00f3cios Adamantina e regi\u00e3o \u201c esta \u00e9 uma solu\u00e7\u00e3o inteligente para estimular o empreendedorismo e atrair investimentos\u201d.<\/p>\n<figure id=\"attachment_49169\" aria-describedby=\"caption-attachment-49169\" style=\"width: 300px\" class=\"wp-caption aligncenter\"><img loading=\"lazy\" decoding=\"async\" class=\"size-medium wp-image-49169\" src=\"https:\/\/static.radiolifefm.com.br\/wp-content\/uploads\/sites\/2\/2022\/02\/WhatsApp-Image-2022-02-08-at-17.18.08-300x198.jpeg\" alt=\"\" width=\"300\" height=\"198\" srcset=\"https:\/\/radiolifefm.com.br\/noticias\/wp-content\/uploads\/2022\/02\/WhatsApp-Image-2022-02-08-at-17.18.08-300x198.jpeg 300w, https:\/\/radiolifefm.com.br\/noticias\/wp-content\/uploads\/2022\/02\/WhatsApp-Image-2022-02-08-at-17.18.08-1024x676.jpeg 1024w, https:\/\/radiolifefm.com.br\/noticias\/wp-content\/uploads\/2022\/02\/WhatsApp-Image-2022-02-08-at-17.18.08-768x507.jpeg 768w, https:\/\/radiolifefm.com.br\/noticias\/wp-content\/uploads\/2022\/02\/WhatsApp-Image-2022-02-08-at-17.18.08.jpeg 1090w\" sizes=\"auto, (max-width: 300px) 100vw, 300px\" \/><figcaption id=\"caption-attachment-49169\" class=\"wp-caption-text\">Vin\u00edcius Marchese<\/figcaption><\/figure>\n<p>O reitor da UNIFAI Prof. Dr. Alexandre Teixeira de Souza, foi representado pela Pr\u00f3 &#8211; reitoria de pesquisa e p\u00f3s-gradua\u00e7\u00e3o profa. Dra. Marcia Zilioli Bellini e a Pr\u00f3 \u2013 reitoria de extens\u00e3o, profa. Dra. Liliana Martos Nicoletti Toffoli.<\/p>\n<p>Daniel Robles, assessor da presid\u00eancia do CREA \u2013 SP destacou a import\u00e2ncia da intera\u00e7\u00e3o com alunos da UNIFAI\u00a0 no HUB de INOVA\u00c7\u00c3O, \u201ctodos os cursos ter\u00e3o representatividade na exposi\u00e7\u00e3o de projetos e ideias neste espa\u00e7o f\u00edsico e virtual\u201d<\/p>\n<figure id=\"attachment_49171\" aria-describedby=\"caption-attachment-49171\" style=\"width: 300px\" class=\"wp-caption aligncenter\"><img loading=\"lazy\" decoding=\"async\" class=\"size-medium wp-image-49171\" src=\"https:\/\/static.radiolifefm.com.br\/wp-content\/uploads\/sites\/2\/2022\/02\/WhatsApp-Image-2022-02-08-at-17.21.11-300x179.jpeg\" alt=\"\" width=\"300\" height=\"179\" srcset=\"https:\/\/radiolifefm.com.br\/noticias\/wp-content\/uploads\/2022\/02\/WhatsApp-Image-2022-02-08-at-17.21.11-300x179.jpeg 300w, https:\/\/radiolifefm.com.br\/noticias\/wp-content\/uploads\/2022\/02\/WhatsApp-Image-2022-02-08-at-17.21.11-1024x610.jpeg 1024w, https:\/\/radiolifefm.com.br\/noticias\/wp-content\/uploads\/2022\/02\/WhatsApp-Image-2022-02-08-at-17.21.11-768x458.jpeg 768w, https:\/\/radiolifefm.com.br\/noticias\/wp-content\/uploads\/2022\/02\/WhatsApp-Image-2022-02-08-at-17.21.11.jpeg 1208w\" sizes=\"auto, (max-width: 300px) 100vw, 300px\" \/><figcaption id=\"caption-attachment-49171\" class=\"wp-caption-text\">Daniel Robles<\/figcaption><\/figure>\n<p>O advogado H\u00e9lio Vieira Malheiros Jr representando a OAB subse\u00e7\u00e3o Adamantina, deu todo suporte jur\u00eddico ao projeto, fala sobre a import\u00e2ncia do espa\u00e7o e futuras parceiras entre a OAB no local.<\/p>\n<figure id=\"attachment_49172\" aria-describedby=\"caption-attachment-49172\" style=\"width: 300px\" class=\"wp-caption aligncenter\"><img loading=\"lazy\" decoding=\"async\" class=\"size-medium wp-image-49172\" src=\"https:\/\/static.radiolifefm.com.br\/wp-content\/uploads\/sites\/2\/2022\/02\/WhatsApp-Image-2022-02-08-at-17.19.01-300x181.jpeg\" alt=\"\" width=\"300\" height=\"181\" srcset=\"https:\/\/radiolifefm.com.br\/noticias\/wp-content\/uploads\/2022\/02\/WhatsApp-Image-2022-02-08-at-17.19.01-300x181.jpeg 300w, https:\/\/radiolifefm.com.br\/noticias\/wp-content\/uploads\/2022\/02\/WhatsApp-Image-2022-02-08-at-17.19.01-1024x618.jpeg 1024w, https:\/\/radiolifefm.com.br\/noticias\/wp-content\/uploads\/2022\/02\/WhatsApp-Image-2022-02-08-at-17.19.01-768x464.jpeg 768w, https:\/\/radiolifefm.com.br\/noticias\/wp-content\/uploads\/2022\/02\/WhatsApp-Image-2022-02-08-at-17.19.01.jpeg 1193w\" sizes=\"auto, (max-width: 300px) 100vw, 300px\" \/><figcaption id=\"caption-attachment-49172\" class=\"wp-caption-text\">H\u00e9lio Malheiros Jr.<\/figcaption><\/figure>\n<p>Assista na integra a cobertura completa, acessando o link abaixo, e veja a galeria de fotos do evento.<\/p>\n<p>&nbsp;<\/p>\n<div class='flex flex-wrap items-center -mx-1'>\r\n<a class='thumbnail gallery p-1 w-1\/2 md:w-1\/4' href='https:\/\/radiolifefm.com.br\/noticias\/wp-content\/uploads\/2022\/02\/WhatsApp-Image-2022-02-08-at-17.31.34.jpeg'><img class='border border-white' src='https:\/\/radiolifefm.com.br\/noticias\/wp-content\/uploads\/2022\/02\/WhatsApp-Image-2022-02-08-at-17.31.34-200x200.jpeg' alt='WhatsApp Image 2022 02 08 At 17.31.34' \/><\/a><a class='thumbnail gallery p-1 w-1\/2 md:w-1\/4' href='https:\/\/radiolifefm.com.br\/noticias\/wp-content\/uploads\/2022\/02\/WhatsApp-Image-2022-02-08-at-17.30.20.jpeg'><img class='border border-white' src='https:\/\/radiolifefm.com.br\/noticias\/wp-content\/uploads\/2022\/02\/WhatsApp-Image-2022-02-08-at-17.30.20-200x200.jpeg' alt='WhatsApp Image 2022 02 08 At 17.30.20' \/><\/a><a class='thumbnail gallery p-1 w-1\/2 md:w-1\/4' href='https:\/\/radiolifefm.com.br\/noticias\/wp-content\/uploads\/2022\/02\/WhatsApp-Image-2022-02-08-at-17.29.12.jpeg'><img class='border border-white' src='https:\/\/radiolifefm.com.br\/noticias\/wp-content\/uploads\/2022\/02\/WhatsApp-Image-2022-02-08-at-17.29.12-200x200.jpeg' alt='WhatsApp Image 2022 02 08 At 17.29.12' \/><\/a><a class='thumbnail gallery p-1 w-1\/2 md:w-1\/4' href='https:\/\/radiolifefm.com.br\/noticias\/wp-content\/uploads\/2022\/02\/WhatsApp-Image-2022-02-08-at-17.28.18.jpeg'><img class='border border-white' src='https:\/\/radiolifefm.com.br\/noticias\/wp-content\/uploads\/2022\/02\/WhatsApp-Image-2022-02-08-at-17.28.18-200x200.jpeg' alt='WhatsApp Image 2022 02 08 At 17.28.18' \/><\/a><a class='thumbnail gallery p-1 w-1\/2 md:w-1\/4' href='https:\/\/radiolifefm.com.br\/noticias\/wp-content\/uploads\/2022\/02\/WhatsApp-Image-2022-02-08-at-17.27.39.jpeg'><img class='border border-white' src='https:\/\/radiolifefm.com.br\/noticias\/wp-content\/uploads\/2022\/02\/WhatsApp-Image-2022-02-08-at-17.27.39-200x200.jpeg' alt='WhatsApp Image 2022 02 08 At 17.27.39' \/><\/a><a class='thumbnail gallery p-1 w-1\/2 md:w-1\/4' href='https:\/\/radiolifefm.com.br\/noticias\/wp-content\/uploads\/2022\/02\/WhatsApp-Image-2022-02-08-at-17.24.11.jpeg'><img class='border border-white' src='https:\/\/radiolifefm.com.br\/noticias\/wp-content\/uploads\/2022\/02\/WhatsApp-Image-2022-02-08-at-17.24.11-200x200.jpeg' alt='WhatsApp Image 2022 02 08 At 17.24.11' \/><\/a><\/div>\n<p><!-- Embedded with Magic Embeds - https:\/\/magicembeds.com --><\/p>\n<div class=\"wef-measure\" style=\"max-width: 450px;\"><\/div>\n<div class=\"fb-video\" data-href=\"https:\/\/www.facebook.com\/radiolifefm\/videos\/4882363565154385\" data-allowfullscreen=\"true\" data-autoplay=\"false\" data-width=\"450\" data-show-text=\"false\" data-show-captions=\"true\"><\/div>\n","protected":false},"excerpt":{"rendered":"<p>A inaugura\u00e7\u00e3o do HUB de INOVA\u00c7\u00c3O foi um sucesso com a presen\u00e7a de v\u00e1rias autoridades entre elas o presidente da associa\u00e7\u00e3o dos engenheiros, agr\u00f4nomos e arquitetos da nova alta paulista, Andr\u00e9 Borrasca, presidente do CREA \u2013 SP Vinicius Marcheese e o prefeito de Adamantina Marcio Cardim. A parceria entre eles possibilitou que Adamantina agora tenha [&hellip;]<\/p>\n","protected":false},"author":13,"featured_media":49168,"comment_status":"closed","ping_status":"open","sticky":false,"template":"","format":"standard","meta":{"_acf_changed":false,"_exactmetrics_skip_tracking":false,"_exactmetrics_sitenote_active":false,"_exactmetrics_sitenote_note":"","_exactmetrics_sitenote_category":0,"footnotes":""},"categories":[21],"tags":[],"class_list":["post-49167","post","type-post","status-publish","format-standard","has-post-thumbnail","hentry","category-adamantina"],"acf":[],"yoast_head":"<!-- This site is optimized with the Yoast SEO plugin v27.2 - https:\/\/yoast.com\/product\/yoast-seo-wordpress\/ -->\n<title>HUB de Inova\u00e7\u00e3o, espa\u00e7o para incentivar o empreendedorismo e investimentos em Adamantina e regi\u00e3o atrav\u00e9s de ideias inovadoras - R\u00e1dio Life FM<\/title>\n<meta name=\"robots\" content=\"index, follow, max-snippet:-1, max-image-preview:large, max-video-preview:-1\" \/>\n<link rel=\"canonical\" href=\"https:\/\/radiolifefm.com.br\/noticias\/hub-de-inovacao-espaco-para-incentivar-o-empreendedorismo-e-investimentos-em-adamantina-e-regiao-atraves-de-ideias-inovadorasadamantina\/\" \/>\n<meta property=\"og:locale\" content=\"pt_BR\" \/>\n<meta property=\"og:type\" content=\"article\" \/>\n<meta property=\"og:title\" content=\"HUB de Inova\u00e7\u00e3o, espa\u00e7o para incentivar o empreendedorismo e investimentos em Adamantina e regi\u00e3o atrav\u00e9s de ideias inovadoras - R\u00e1dio Life FM\" \/>\n<meta property=\"og:description\" content=\"A inaugura\u00e7\u00e3o do HUB de INOVA\u00c7\u00c3O foi um sucesso com a presen\u00e7a de v\u00e1rias autoridades entre elas o presidente da associa\u00e7\u00e3o dos engenheiros, agr\u00f4nomos e arquitetos da nova alta paulista, Andr\u00e9 Borrasca, presidente do CREA \u2013 SP Vinicius Marcheese e o prefeito de Adamantina Marcio Cardim. A parceria entre eles possibilitou que Adamantina agora tenha [&hellip;]\" \/>\n<meta property=\"og:url\" content=\"https:\/\/radiolifefm.com.br\/noticias\/hub-de-inovacao-espaco-para-incentivar-o-empreendedorismo-e-investimentos-em-adamantina-e-regiao-atraves-de-ideias-inovadorasadamantina\/\" \/>\n<meta property=\"og:site_name\" content=\"R\u00e1dio Life FM\" \/>\n<meta property=\"article:publisher\" content=\"https:\/\/www.facebook.com\/radiolifefm\/\" \/>\n<meta property=\"article:published_time\" content=\"2022-02-08T23:55:09+00:00\" \/>\n<meta property=\"article:modified_time\" content=\"2026-04-04T00:39:24+00:00\" \/>\n<meta property=\"og:image\" content=\"https:\/\/radiolifefm.com.br\/noticias\/wp-content\/uploads\/2022\/02\/WhatsApp-Image-2022-02-08-at-17.09.05.jpeg\" \/>\n\t<meta property=\"og:image:width\" content=\"1169\" \/>\n\t<meta property=\"og:image:height\" content=\"837\" \/>\n\t<meta property=\"og:image:type\" content=\"image\/jpeg\" \/>\n<meta name=\"author\" content=\"ritanery\" \/>\n<meta name=\"twitter:card\" content=\"summary_large_image\" \/>\n<meta name=\"twitter:label1\" content=\"Escrito por\" \/>\n\t<meta name=\"twitter:data1\" content=\"ritanery\" \/>\n\t<meta name=\"twitter:label2\" content=\"Est. tempo de leitura\" \/>\n\t<meta name=\"twitter:data2\" content=\"3 minutos\" \/>\n<script type=\"application\/ld+json\" class=\"yoast-schema-graph\">{\"@context\":\"https:\/\/schema.org\",\"@graph\":[{\"@type\":\"Article\",\"@id\":\"https:\/\/radiolifefm.com.br\/noticias\/hub-de-inovacao-espaco-para-incentivar-o-empreendedorismo-e-investimentos-em-adamantina-e-regiao-atraves-de-ideias-inovadorasadamantina\/#article\",\"isPartOf\":{\"@id\":\"https:\/\/radiolifefm.com.br\/noticias\/hub-de-inovacao-espaco-para-incentivar-o-empreendedorismo-e-investimentos-em-adamantina-e-regiao-atraves-de-ideias-inovadorasadamantina\/\"},\"author\":{\"name\":\"ritanery\",\"@id\":\"https:\/\/radiolifefm.com.br\/noticias\/#\/schema\/person\/6339b9fac59d12b071dec680d7375d87\"},\"headline\":\"HUB de Inova\u00e7\u00e3o, espa\u00e7o para incentivar o empreendedorismo e investimentos em Adamantina e regi\u00e3o atrav\u00e9s de ideias inovadoras\",\"datePublished\":\"2022-02-08T23:55:09+00:00\",\"dateModified\":\"2026-04-04T00:39:24+00:00\",\"mainEntityOfPage\":{\"@id\":\"https:\/\/radiolifefm.com.br\/noticias\/hub-de-inovacao-espaco-para-incentivar-o-empreendedorismo-e-investimentos-em-adamantina-e-regiao-atraves-de-ideias-inovadorasadamantina\/\"},\"wordCount\":458,\"publisher\":{\"@id\":\"https:\/\/radiolifefm.com.br\/noticias\/#organization\"},\"image\":{\"@id\":\"https:\/\/radiolifefm.com.br\/noticias\/hub-de-inovacao-espaco-para-incentivar-o-empreendedorismo-e-investimentos-em-adamantina-e-regiao-atraves-de-ideias-inovadorasadamantina\/#primaryimage\"},\"thumbnailUrl\":\"https:\/\/radiolifefm.com.br\/noticias\/wp-content\/uploads\/2022\/02\/WhatsApp-Image-2022-02-08-at-17.09.05.jpeg\",\"articleSection\":[\"Adamantina\"],\"inLanguage\":\"pt-BR\"},{\"@type\":\"WebPage\",\"@id\":\"https:\/\/radiolifefm.com.br\/noticias\/hub-de-inovacao-espaco-para-incentivar-o-empreendedorismo-e-investimentos-em-adamantina-e-regiao-atraves-de-ideias-inovadorasadamantina\/\",\"url\":\"https:\/\/radiolifefm.com.br\/noticias\/hub-de-inovacao-espaco-para-incentivar-o-empreendedorismo-e-investimentos-em-adamantina-e-regiao-atraves-de-ideias-inovadorasadamantina\/\",\"name\":\"HUB de Inova\u00e7\u00e3o, espa\u00e7o para incentivar o empreendedorismo e investimentos em Adamantina e regi\u00e3o atrav\u00e9s de ideias inovadoras - R\u00e1dio Life FM\",\"isPartOf\":{\"@id\":\"https:\/\/radiolifefm.com.br\/noticias\/#website\"},\"primaryImageOfPage\":{\"@id\":\"https:\/\/radiolifefm.com.br\/noticias\/hub-de-inovacao-espaco-para-incentivar-o-empreendedorismo-e-investimentos-em-adamantina-e-regiao-atraves-de-ideias-inovadorasadamantina\/#primaryimage\"},\"image\":{\"@id\":\"https:\/\/radiolifefm.com.br\/noticias\/hub-de-inovacao-espaco-para-incentivar-o-empreendedorismo-e-investimentos-em-adamantina-e-regiao-atraves-de-ideias-inovadorasadamantina\/#primaryimage\"},\"thumbnailUrl\":\"https:\/\/radiolifefm.com.br\/noticias\/wp-content\/uploads\/2022\/02\/WhatsApp-Image-2022-02-08-at-17.09.05.jpeg\",\"datePublished\":\"2022-02-08T23:55:09+00:00\",\"dateModified\":\"2026-04-04T00:39:24+00:00\",\"breadcrumb\":{\"@id\":\"https:\/\/radiolifefm.com.br\/noticias\/hub-de-inovacao-espaco-para-incentivar-o-empreendedorismo-e-investimentos-em-adamantina-e-regiao-atraves-de-ideias-inovadorasadamantina\/#breadcrumb\"},\"inLanguage\":\"pt-BR\",\"potentialAction\":[{\"@type\":\"ReadAction\",\"target\":[\"https:\/\/radiolifefm.com.br\/noticias\/hub-de-inovacao-espaco-para-incentivar-o-empreendedorismo-e-investimentos-em-adamantina-e-regiao-atraves-de-ideias-inovadorasadamantina\/\"]}]},{\"@type\":\"ImageObject\",\"inLanguage\":\"pt-BR\",\"@id\":\"https:\/\/radiolifefm.com.br\/noticias\/hub-de-inovacao-espaco-para-incentivar-o-empreendedorismo-e-investimentos-em-adamantina-e-regiao-atraves-de-ideias-inovadorasadamantina\/#primaryimage\",\"url\":\"https:\/\/radiolifefm.com.br\/noticias\/wp-content\/uploads\/2022\/02\/WhatsApp-Image-2022-02-08-at-17.09.05.jpeg\",\"contentUrl\":\"https:\/\/radiolifefm.com.br\/noticias\/wp-content\/uploads\/2022\/02\/WhatsApp-Image-2022-02-08-at-17.09.05.jpeg\",\"width\":1169,\"height\":837},{\"@type\":\"BreadcrumbList\",\"@id\":\"https:\/\/radiolifefm.com.br\/noticias\/hub-de-inovacao-espaco-para-incentivar-o-empreendedorismo-e-investimentos-em-adamantina-e-regiao-atraves-de-ideias-inovadorasadamantina\/#breadcrumb\",\"itemListElement\":[{\"@type\":\"ListItem\",\"position\":1,\"name\":\"In\u00edcio\",\"item\":\"https:\/\/radiolifefm.com.br\/noticias\/\"},{\"@type\":\"ListItem\",\"position\":2,\"name\":\"HUB de Inova\u00e7\u00e3o, espa\u00e7o para incentivar o empreendedorismo e investimentos em Adamantina e regi\u00e3o atrav\u00e9s de ideias inovadoras\"}]},{\"@type\":\"WebSite\",\"@id\":\"https:\/\/radiolifefm.com.br\/noticias\/#website\",\"url\":\"https:\/\/radiolifefm.com.br\/noticias\/\",\"name\":\"R\u00e1dio Life FM\",\"description\":\"O Portal de Not\u00edcias de Adamantina\",\"publisher\":{\"@id\":\"https:\/\/radiolifefm.com.br\/noticias\/#organization\"},\"alternateName\":\"Life FM\",\"potentialAction\":[{\"@type\":\"SearchAction\",\"target\":{\"@type\":\"EntryPoint\",\"urlTemplate\":\"https:\/\/radiolifefm.com.br\/noticias\/?s={search_term_string}\"},\"query-input\":{\"@type\":\"PropertyValueSpecification\",\"valueRequired\":true,\"valueName\":\"search_term_string\"}}],\"inLanguage\":\"pt-BR\"},{\"@type\":\"Organization\",\"@id\":\"https:\/\/radiolifefm.com.br\/noticias\/#organization\",\"name\":\"R\u00e1dio Life FM\",\"alternateName\":\"Life FM\",\"url\":\"https:\/\/radiolifefm.com.br\/noticias\/\",\"logo\":{\"@type\":\"ImageObject\",\"inLanguage\":\"pt-BR\",\"@id\":\"https:\/\/radiolifefm.com.br\/noticias\/#\/schema\/logo\/image\/\",\"url\":\"https:\/\/static.radiolifefm.com.br\/noticias\/wp-content\/uploads\/2019\/10\/logo-lifefm.png\",\"contentUrl\":\"https:\/\/static.radiolifefm.com.br\/noticias\/wp-content\/uploads\/2019\/10\/logo-lifefm.png\",\"width\":196,\"height\":47,\"caption\":\"R\u00e1dio Life FM\"},\"image\":{\"@id\":\"https:\/\/radiolifefm.com.br\/noticias\/#\/schema\/logo\/image\/\"},\"sameAs\":[\"https:\/\/www.facebook.com\/radiolifefm\/\",\"https:\/\/www.instagram.com\/life1079fm\/\"]},{\"@type\":\"Person\",\"@id\":\"https:\/\/radiolifefm.com.br\/noticias\/#\/schema\/person\/6339b9fac59d12b071dec680d7375d87\",\"name\":\"ritanery\",\"image\":{\"@type\":\"ImageObject\",\"inLanguage\":\"pt-BR\",\"@id\":\"https:\/\/secure.gravatar.com\/avatar\/0e37bb19071f47c0b8a23f62a903df117c5a0e75f65a0c2901562f97cd41cf86?s=96&d=mm&r=g\",\"url\":\"https:\/\/secure.gravatar.com\/avatar\/0e37bb19071f47c0b8a23f62a903df117c5a0e75f65a0c2901562f97cd41cf86?s=96&d=mm&r=g\",\"contentUrl\":\"https:\/\/secure.gravatar.com\/avatar\/0e37bb19071f47c0b8a23f62a903df117c5a0e75f65a0c2901562f97cd41cf86?s=96&d=mm&r=g\",\"caption\":\"ritanery\"}}]}<\/script>\n<!-- \/ Yoast SEO plugin. -->","yoast_head_json":{"title":"HUB de Inova\u00e7\u00e3o, espa\u00e7o para incentivar o empreendedorismo e investimentos em Adamantina e regi\u00e3o atrav\u00e9s de ideias inovadoras - R\u00e1dio Life FM","robots":{"index":"index","follow":"follow","max-snippet":"max-snippet:-1","max-image-preview":"max-image-preview:large","max-video-preview":"max-video-preview:-1"},"canonical":"https:\/\/radiolifefm.com.br\/noticias\/hub-de-inovacao-espaco-para-incentivar-o-empreendedorismo-e-investimentos-em-adamantina-e-regiao-atraves-de-ideias-inovadorasadamantina\/","og_locale":"pt_BR","og_type":"article","og_title":"HUB de Inova\u00e7\u00e3o, espa\u00e7o para incentivar o empreendedorismo e investimentos em Adamantina e regi\u00e3o atrav\u00e9s de ideias inovadoras - R\u00e1dio Life FM","og_description":"A inaugura\u00e7\u00e3o do HUB de INOVA\u00c7\u00c3O foi um sucesso com a presen\u00e7a de v\u00e1rias autoridades entre elas o presidente da associa\u00e7\u00e3o dos engenheiros, agr\u00f4nomos e arquitetos da nova alta paulista, Andr\u00e9 Borrasca, presidente do CREA \u2013 SP Vinicius Marcheese e o prefeito de Adamantina Marcio Cardim. A parceria entre eles possibilitou que Adamantina agora tenha [&hellip;]","og_url":"https:\/\/radiolifefm.com.br\/noticias\/hub-de-inovacao-espaco-para-incentivar-o-empreendedorismo-e-investimentos-em-adamantina-e-regiao-atraves-de-ideias-inovadorasadamantina\/","og_site_name":"R\u00e1dio Life FM","article_publisher":"https:\/\/www.facebook.com\/radiolifefm\/","article_published_time":"2022-02-08T23:55:09+00:00","article_modified_time":"2026-04-04T00:39:24+00:00","og_image":[{"width":1169,"height":837,"url":"https:\/\/radiolifefm.com.br\/noticias\/wp-content\/uploads\/2022\/02\/WhatsApp-Image-2022-02-08-at-17.09.05.jpeg","type":"image\/jpeg"}],"author":"ritanery","twitter_card":"summary_large_image","twitter_misc":{"Escrito por":"ritanery","Est. tempo de leitura":"3 minutos"},"schema":{"@context":"https:\/\/schema.org","@graph":[{"@type":"Article","@id":"https:\/\/radiolifefm.com.br\/noticias\/hub-de-inovacao-espaco-para-incentivar-o-empreendedorismo-e-investimentos-em-adamantina-e-regiao-atraves-de-ideias-inovadorasadamantina\/#article","isPartOf":{"@id":"https:\/\/radiolifefm.com.br\/noticias\/hub-de-inovacao-espaco-para-incentivar-o-empreendedorismo-e-investimentos-em-adamantina-e-regiao-atraves-de-ideias-inovadorasadamantina\/"},"author":{"name":"ritanery","@id":"https:\/\/radiolifefm.com.br\/noticias\/#\/schema\/person\/6339b9fac59d12b071dec680d7375d87"},"headline":"HUB de Inova\u00e7\u00e3o, espa\u00e7o para incentivar o empreendedorismo e investimentos em Adamantina e regi\u00e3o atrav\u00e9s de ideias inovadoras","datePublished":"2022-02-08T23:55:09+00:00","dateModified":"2026-04-04T00:39:24+00:00","mainEntityOfPage":{"@id":"https:\/\/radiolifefm.com.br\/noticias\/hub-de-inovacao-espaco-para-incentivar-o-empreendedorismo-e-investimentos-em-adamantina-e-regiao-atraves-de-ideias-inovadorasadamantina\/"},"wordCount":458,"publisher":{"@id":"https:\/\/radiolifefm.com.br\/noticias\/#organization"},"image":{"@id":"https:\/\/radiolifefm.com.br\/noticias\/hub-de-inovacao-espaco-para-incentivar-o-empreendedorismo-e-investimentos-em-adamantina-e-regiao-atraves-de-ideias-inovadorasadamantina\/#primaryimage"},"thumbnailUrl":"https:\/\/radiolifefm.com.br\/noticias\/wp-content\/uploads\/2022\/02\/WhatsApp-Image-2022-02-08-at-17.09.05.jpeg","articleSection":["Adamantina"],"inLanguage":"pt-BR"},{"@type":"WebPage","@id":"https:\/\/radiolifefm.com.br\/noticias\/hub-de-inovacao-espaco-para-incentivar-o-empreendedorismo-e-investimentos-em-adamantina-e-regiao-atraves-de-ideias-inovadorasadamantina\/","url":"https:\/\/radiolifefm.com.br\/noticias\/hub-de-inovacao-espaco-para-incentivar-o-empreendedorismo-e-investimentos-em-adamantina-e-regiao-atraves-de-ideias-inovadorasadamantina\/","name":"HUB de Inova\u00e7\u00e3o, espa\u00e7o para incentivar o empreendedorismo e investimentos em Adamantina e regi\u00e3o atrav\u00e9s de ideias inovadoras - R\u00e1dio Life FM","isPartOf":{"@id":"https:\/\/radiolifefm.com.br\/noticias\/#website"},"primaryImageOfPage":{"@id":"https:\/\/radiolifefm.com.br\/noticias\/hub-de-inovacao-espaco-para-incentivar-o-empreendedorismo-e-investimentos-em-adamantina-e-regiao-atraves-de-ideias-inovadorasadamantina\/#primaryimage"},"image":{"@id":"https:\/\/radiolifefm.com.br\/noticias\/hub-de-inovacao-espaco-para-incentivar-o-empreendedorismo-e-investimentos-em-adamantina-e-regiao-atraves-de-ideias-inovadorasadamantina\/#primaryimage"},"thumbnailUrl":"https:\/\/radiolifefm.com.br\/noticias\/wp-content\/uploads\/2022\/02\/WhatsApp-Image-2022-02-08-at-17.09.05.jpeg","datePublished":"2022-02-08T23:55:09+00:00","dateModified":"2026-04-04T00:39:24+00:00","breadcrumb":{"@id":"https:\/\/radiolifefm.com.br\/noticias\/hub-de-inovacao-espaco-para-incentivar-o-empreendedorismo-e-investimentos-em-adamantina-e-regiao-atraves-de-ideias-inovadorasadamantina\/#breadcrumb"},"inLanguage":"pt-BR","potentialAction":[{"@type":"ReadAction","target":["https:\/\/radiolifefm.com.br\/noticias\/hub-de-inovacao-espaco-para-incentivar-o-empreendedorismo-e-investimentos-em-adamantina-e-regiao-atraves-de-ideias-inovadorasadamantina\/"]}]},{"@type":"ImageObject","inLanguage":"pt-BR","@id":"https:\/\/radiolifefm.com.br\/noticias\/hub-de-inovacao-espaco-para-incentivar-o-empreendedorismo-e-investimentos-em-adamantina-e-regiao-atraves-de-ideias-inovadorasadamantina\/#primaryimage","url":"https:\/\/radiolifefm.com.br\/noticias\/wp-content\/uploads\/2022\/02\/WhatsApp-Image-2022-02-08-at-17.09.05.jpeg","contentUrl":"https:\/\/radiolifefm.com.br\/noticias\/wp-content\/uploads\/2022\/02\/WhatsApp-Image-2022-02-08-at-17.09.05.jpeg","width":1169,"height":837},{"@type":"BreadcrumbList","@id":"https:\/\/radiolifefm.com.br\/noticias\/hub-de-inovacao-espaco-para-incentivar-o-empreendedorismo-e-investimentos-em-adamantina-e-regiao-atraves-de-ideias-inovadorasadamantina\/#breadcrumb","itemListElement":[{"@type":"ListItem","position":1,"name":"In\u00edcio","item":"https:\/\/radiolifefm.com.br\/noticias\/"},{"@type":"ListItem","position":2,"name":"HUB de Inova\u00e7\u00e3o, espa\u00e7o para incentivar o empreendedorismo e investimentos em Adamantina e regi\u00e3o atrav\u00e9s de ideias inovadoras"}]},{"@type":"WebSite","@id":"https:\/\/radiolifefm.com.br\/noticias\/#website","url":"https:\/\/radiolifefm.com.br\/noticias\/","name":"R\u00e1dio Life FM","description":"O Portal de Not\u00edcias de Adamantina","publisher":{"@id":"https:\/\/radiolifefm.com.br\/noticias\/#organization"},"alternateName":"Life FM","potentialAction":[{"@type":"SearchAction","target":{"@type":"EntryPoint","urlTemplate":"https:\/\/radiolifefm.com.br\/noticias\/?s={search_term_string}"},"query-input":{"@type":"PropertyValueSpecification","valueRequired":true,"valueName":"search_term_string"}}],"inLanguage":"pt-BR"},{"@type":"Organization","@id":"https:\/\/radiolifefm.com.br\/noticias\/#organization","name":"R\u00e1dio Life FM","alternateName":"Life FM","url":"https:\/\/radiolifefm.com.br\/noticias\/","logo":{"@type":"ImageObject","inLanguage":"pt-BR","@id":"https:\/\/radiolifefm.com.br\/noticias\/#\/schema\/logo\/image\/","url":"https:\/\/static.radiolifefm.com.br\/noticias\/wp-content\/uploads\/2019\/10\/logo-lifefm.png","contentUrl":"https:\/\/static.radiolifefm.com.br\/noticias\/wp-content\/uploads\/2019\/10\/logo-lifefm.png","width":196,"height":47,"caption":"R\u00e1dio Life FM"},"image":{"@id":"https:\/\/radiolifefm.com.br\/noticias\/#\/schema\/logo\/image\/"},"sameAs":["https:\/\/www.facebook.com\/radiolifefm\/","https:\/\/www.instagram.com\/life1079fm\/"]},{"@type":"Person","@id":"https:\/\/radiolifefm.com.br\/noticias\/#\/schema\/person\/6339b9fac59d12b071dec680d7375d87","name":"ritanery","image":{"@type":"ImageObject","inLanguage":"pt-BR","@id":"https:\/\/secure.gravatar.com\/avatar\/0e37bb19071f47c0b8a23f62a903df117c5a0e75f65a0c2901562f97cd41cf86?s=96&d=mm&r=g","url":"https:\/\/secure.gravatar.com\/avatar\/0e37bb19071f47c0b8a23f62a903df117c5a0e75f65a0c2901562f97cd41cf86?s=96&d=mm&r=g","contentUrl":"https:\/\/secure.gravatar.com\/avatar\/0e37bb19071f47c0b8a23f62a903df117c5a0e75f65a0c2901562f97cd41cf86?s=96&d=mm&r=g","caption":"ritanery"}}]}},"amp_enabled":true,"_links":{"self":[{"href":"https:\/\/radiolifefm.com.br\/noticias\/wp-json\/wp\/v2\/posts\/49167","targetHints":{"allow":["GET"]}}],"collection":[{"href":"https:\/\/radiolifefm.com.br\/noticias\/wp-json\/wp\/v2\/posts"}],"about":[{"href":"https:\/\/radiolifefm.com.br\/noticias\/wp-json\/wp\/v2\/types\/post"}],"author":[{"embeddable":true,"href":"https:\/\/radiolifefm.com.br\/noticias\/wp-json\/wp\/v2\/users\/13"}],"replies":[{"embeddable":true,"href":"https:\/\/radiolifefm.com.br\/noticias\/wp-json\/wp\/v2\/comments?post=49167"}],"version-history":[{"count":5,"href":"https:\/\/radiolifefm.com.br\/noticias\/wp-json\/wp\/v2\/posts\/49167\/revisions"}],"predecessor-version":[{"id":49184,"href":"https:\/\/radiolifefm.com.br\/noticias\/wp-json\/wp\/v2\/posts\/49167\/revisions\/49184"}],"wp:featuredmedia":[{"embeddable":true,"href":"https:\/\/radiolifefm.com.br\/noticias\/wp-json\/wp\/v2\/media\/49168"}],"wp:attachment":[{"href":"https:\/\/radiolifefm.com.br\/noticias\/wp-json\/wp\/v2\/media?parent=49167"}],"wp:term":[{"taxonomy":"category","embeddable":true,"href":"https:\/\/radiolifefm.com.br\/noticias\/wp-json\/wp\/v2\/categories?post=49167"},{"taxonomy":"post_tag","embeddable":true,"href":"https:\/\/radiolifefm.com.br\/noticias\/wp-json\/wp\/v2\/tags?post=49167"}],"curies":[{"name":"wp","href":"https:\/\/api.w.org\/{rel}","templated":true}]}}