{"id":49020,"date":"2022-02-04T10:40:41","date_gmt":"2022-02-04T13:40:41","guid":{"rendered":"https:\/\/radiolifefm.com.br\/noticias\/?p=49020"},"modified":"2026-04-26T08:24:45","modified_gmt":"2026-04-26T11:24:45","slug":"ponte-sobre-o-corrego-tocantins-e-danificada-pelas-chuvas-choveu-289-mm-em-uma-semanaadamantina","status":"publish","type":"post","link":"https:\/\/radiolifefm.com.br\/noticias\/ponte-sobre-o-corrego-tocantins-e-danificada-pelas-chuvas-choveu-289-mm-em-uma-semanaadamantina\/","title":{"rendered":"Ponte sobre o C\u00f3rrego Tocantins \u00e9 danificada pelas chuvas; choveu 289 mm em uma semana"},"content":{"rendered":"<div id=\"fb-root\"><\/div>\n<p>A ponte de madeira sobre o C\u00f3rrego Tocantins, nas proximidades da usina de lixo de Adamantina, teve as cabeceiras danificadas pelo volume de \u00e1guas do manancial, nesse per\u00edodo de intensas chuvas na cidade. Sem a sustenta\u00e7\u00e3o, a ponte caiu.<\/p>\n<p><img decoding=\"async\" src=\"https:\/\/www.sigamais.com\/arquivo\/uploads\/whatsapp-image-20220204-at-070509jpg164397426661fd0e7ac0d23.jpg\" \/><\/p>\n<p style=\"font-weight: 400\">A estrada \u00e9 um dos acessos para bairros o Col\u00e9gio Agr\u00edcola e bairro Boa Vista. Com a impossibilidade de passagem pelo local, \u00e9 preciso utilizar caminhos alternativos. A \u00e1rea foi sinalizada.<\/p>\n<p style=\"font-weight: 400\">A recupera\u00e7\u00e3o da ponte pela Secretaria Municipal de Obras depende agora da estabilidade do tempo.<\/p>\n<p style=\"font-weight: 400\"><b><strong>Quase 300 mm de chuvas em uma semana<\/strong><\/b><\/p>\n<p style=\"font-weight: 400\">Ao longo dos \u00faltimos sete dias, as chuvas acumuladas em Adamantina somam 289,6 mm. Os dados pluviom\u00e9tricos s\u00e3o\u00a0da rede meteorol\u00f3gica autom\u00e1tica do CIIAGRO (Centro Integrado de Informa\u00e7\u00f5es Agrometeorol\u00f3gicas), coletados na APTA (Ag\u00eancia Paulista de Tecnologia do Agroneg\u00f3cio), localizada na Estrada 14, \u00e1rea rural de Adamantina.<\/p>\n<p style=\"font-weight: 400\">Os volumes di\u00e1rios s\u00e3o medidos das 7h \u00e0s 7h do dia seguinte. Veja os dados da \u00faltima semana:<\/p>\n<ul style=\"font-weight: 400\">\n<li>28\/01 (7h) a 29\/01 (7h): 4 mm<\/li>\n<li>29\/01 (7h) a 30\/01 (7h): 58,2 mm<\/li>\n<li>30\/01 (7h) a 31\/01 (7h): 122,7 mm<\/li>\n<li>31\/01 (7h) a 01\/02 (7h): 0,5 mm<\/li>\n<li>01\/02 (7h) a 02\/02 (7h): 51,1 mm<\/li>\n<li>02\/02 (7h) a 03\/02 (7h): 2,8 mm<\/li>\n<li>03\/02 (7h) a 04\/02 (7h): 50,3 mm<\/li>\n<li>Total acumulado em uma semana:\u00a0<b><strong>289,6mm<\/strong><\/b><\/li>\n<\/ul>\n<p>&nbsp;<\/p>\n<p>Fonte: Siga Mais<\/p>\n<p>&nbsp;<\/p>\n","protected":false},"excerpt":{"rendered":"<p>A ponte de madeira sobre o C\u00f3rrego Tocantins, nas proximidades da usina de lixo de Adamantina, teve as cabeceiras danificadas pelo volume de \u00e1guas do manancial, nesse per\u00edodo de intensas chuvas na cidade. Sem a sustenta\u00e7\u00e3o, a ponte caiu. A estrada \u00e9 um dos acessos para bairros o Col\u00e9gio Agr\u00edcola e bairro Boa Vista. Com [&hellip;]<\/p>\n","protected":false},"author":13,"featured_media":49021,"comment_status":"closed","ping_status":"open","sticky":false,"template":"","format":"standard","meta":{"_acf_changed":false,"_exactmetrics_skip_tracking":false,"_exactmetrics_sitenote_active":false,"_exactmetrics_sitenote_note":"","_exactmetrics_sitenote_category":0,"footnotes":""},"categories":[21],"tags":[],"class_list":["post-49020","post","type-post","status-publish","format-standard","has-post-thumbnail","hentry","category-adamantina"],"acf":[],"yoast_head":"<!-- This site is optimized with the Yoast SEO plugin v27.2 - https:\/\/yoast.com\/product\/yoast-seo-wordpress\/ -->\n<title>Ponte sobre o C\u00f3rrego Tocantins \u00e9 danificada pelas chuvas; choveu 289 mm em uma semana - R\u00e1dio Life FM<\/title>\n<meta name=\"robots\" content=\"index, follow, max-snippet:-1, max-image-preview:large, max-video-preview:-1\" \/>\n<link rel=\"canonical\" href=\"https:\/\/radiolifefm.com.br\/noticias\/ponte-sobre-o-corrego-tocantins-e-danificada-pelas-chuvas-choveu-289-mm-em-uma-semanaadamantina\/\" \/>\n<meta property=\"og:locale\" content=\"pt_BR\" \/>\n<meta property=\"og:type\" content=\"article\" \/>\n<meta property=\"og:title\" content=\"Ponte sobre o C\u00f3rrego Tocantins \u00e9 danificada pelas chuvas; choveu 289 mm em uma semana - R\u00e1dio Life FM\" \/>\n<meta property=\"og:description\" content=\"A ponte de madeira sobre o C\u00f3rrego Tocantins, nas proximidades da usina de lixo de Adamantina, teve as cabeceiras danificadas pelo volume de \u00e1guas do manancial, nesse per\u00edodo de intensas chuvas na cidade. Sem a sustenta\u00e7\u00e3o, a ponte caiu. A estrada \u00e9 um dos acessos para bairros o Col\u00e9gio Agr\u00edcola e bairro Boa Vista. Com [&hellip;]\" \/>\n<meta property=\"og:url\" content=\"https:\/\/radiolifefm.com.br\/noticias\/ponte-sobre-o-corrego-tocantins-e-danificada-pelas-chuvas-choveu-289-mm-em-uma-semanaadamantina\/\" \/>\n<meta property=\"og:site_name\" content=\"R\u00e1dio Life FM\" \/>\n<meta property=\"article:publisher\" content=\"https:\/\/www.facebook.com\/radiolifefm\/\" \/>\n<meta property=\"article:published_time\" content=\"2022-02-04T13:40:41+00:00\" \/>\n<meta property=\"article:modified_time\" content=\"2026-04-26T11:24:45+00:00\" \/>\n<meta property=\"og:image\" content=\"https:\/\/radiolifefm.com.br\/noticias\/wp-content\/uploads\/2022\/02\/whatsapp-image-20220204-at-070510jpeg164397432561fd0eb5672fa.jpeg\" \/>\n\t<meta property=\"og:image:width\" content=\"600\" \/>\n\t<meta property=\"og:image:height\" content=\"337\" \/>\n\t<meta property=\"og:image:type\" content=\"image\/jpeg\" \/>\n<meta name=\"author\" content=\"ritanery\" \/>\n<meta name=\"twitter:card\" content=\"summary_large_image\" \/>\n<meta name=\"twitter:label1\" content=\"Escrito por\" \/>\n\t<meta name=\"twitter:data1\" content=\"ritanery\" \/>\n\t<meta name=\"twitter:label2\" content=\"Est. tempo de leitura\" \/>\n\t<meta name=\"twitter:data2\" content=\"1 minuto\" \/>\n<script type=\"application\/ld+json\" class=\"yoast-schema-graph\">{\"@context\":\"https:\/\/schema.org\",\"@graph\":[{\"@type\":\"Article\",\"@id\":\"https:\/\/radiolifefm.com.br\/noticias\/ponte-sobre-o-corrego-tocantins-e-danificada-pelas-chuvas-choveu-289-mm-em-uma-semanaadamantina\/#article\",\"isPartOf\":{\"@id\":\"https:\/\/radiolifefm.com.br\/noticias\/ponte-sobre-o-corrego-tocantins-e-danificada-pelas-chuvas-choveu-289-mm-em-uma-semanaadamantina\/\"},\"author\":{\"name\":\"ritanery\",\"@id\":\"https:\/\/radiolifefm.com.br\/noticias\/#\/schema\/person\/6339b9fac59d12b071dec680d7375d87\"},\"headline\":\"Ponte sobre o C\u00f3rrego Tocantins \u00e9 danificada pelas chuvas; choveu 289 mm em uma semana\",\"datePublished\":\"2022-02-04T13:40:41+00:00\",\"dateModified\":\"2026-04-26T11:24:45+00:00\",\"mainEntityOfPage\":{\"@id\":\"https:\/\/radiolifefm.com.br\/noticias\/ponte-sobre-o-corrego-tocantins-e-danificada-pelas-chuvas-choveu-289-mm-em-uma-semanaadamantina\/\"},\"wordCount\":221,\"publisher\":{\"@id\":\"https:\/\/radiolifefm.com.br\/noticias\/#organization\"},\"image\":{\"@id\":\"https:\/\/radiolifefm.com.br\/noticias\/ponte-sobre-o-corrego-tocantins-e-danificada-pelas-chuvas-choveu-289-mm-em-uma-semanaadamantina\/#primaryimage\"},\"thumbnailUrl\":\"https:\/\/radiolifefm.com.br\/noticias\/wp-content\/uploads\/2022\/02\/whatsapp-image-20220204-at-070510jpeg164397432561fd0eb5672fa.jpeg\",\"articleSection\":[\"Adamantina\"],\"inLanguage\":\"pt-BR\"},{\"@type\":\"WebPage\",\"@id\":\"https:\/\/radiolifefm.com.br\/noticias\/ponte-sobre-o-corrego-tocantins-e-danificada-pelas-chuvas-choveu-289-mm-em-uma-semanaadamantina\/\",\"url\":\"https:\/\/radiolifefm.com.br\/noticias\/ponte-sobre-o-corrego-tocantins-e-danificada-pelas-chuvas-choveu-289-mm-em-uma-semanaadamantina\/\",\"name\":\"Ponte sobre o C\u00f3rrego Tocantins \u00e9 danificada pelas chuvas; choveu 289 mm em uma semana - R\u00e1dio Life FM\",\"isPartOf\":{\"@id\":\"https:\/\/radiolifefm.com.br\/noticias\/#website\"},\"primaryImageOfPage\":{\"@id\":\"https:\/\/radiolifefm.com.br\/noticias\/ponte-sobre-o-corrego-tocantins-e-danificada-pelas-chuvas-choveu-289-mm-em-uma-semanaadamantina\/#primaryimage\"},\"image\":{\"@id\":\"https:\/\/radiolifefm.com.br\/noticias\/ponte-sobre-o-corrego-tocantins-e-danificada-pelas-chuvas-choveu-289-mm-em-uma-semanaadamantina\/#primaryimage\"},\"thumbnailUrl\":\"https:\/\/radiolifefm.com.br\/noticias\/wp-content\/uploads\/2022\/02\/whatsapp-image-20220204-at-070510jpeg164397432561fd0eb5672fa.jpeg\",\"datePublished\":\"2022-02-04T13:40:41+00:00\",\"dateModified\":\"2026-04-26T11:24:45+00:00\",\"breadcrumb\":{\"@id\":\"https:\/\/radiolifefm.com.br\/noticias\/ponte-sobre-o-corrego-tocantins-e-danificada-pelas-chuvas-choveu-289-mm-em-uma-semanaadamantina\/#breadcrumb\"},\"inLanguage\":\"pt-BR\",\"potentialAction\":[{\"@type\":\"ReadAction\",\"target\":[\"https:\/\/radiolifefm.com.br\/noticias\/ponte-sobre-o-corrego-tocantins-e-danificada-pelas-chuvas-choveu-289-mm-em-uma-semanaadamantina\/\"]}]},{\"@type\":\"ImageObject\",\"inLanguage\":\"pt-BR\",\"@id\":\"https:\/\/radiolifefm.com.br\/noticias\/ponte-sobre-o-corrego-tocantins-e-danificada-pelas-chuvas-choveu-289-mm-em-uma-semanaadamantina\/#primaryimage\",\"url\":\"https:\/\/radiolifefm.com.br\/noticias\/wp-content\/uploads\/2022\/02\/whatsapp-image-20220204-at-070510jpeg164397432561fd0eb5672fa.jpeg\",\"contentUrl\":\"https:\/\/radiolifefm.com.br\/noticias\/wp-content\/uploads\/2022\/02\/whatsapp-image-20220204-at-070510jpeg164397432561fd0eb5672fa.jpeg\",\"width\":600,\"height\":337,\"caption\":\"Em uma semana, chuvas em Adamantina acumulam 289,6 mm.\"},{\"@type\":\"BreadcrumbList\",\"@id\":\"https:\/\/radiolifefm.com.br\/noticias\/ponte-sobre-o-corrego-tocantins-e-danificada-pelas-chuvas-choveu-289-mm-em-uma-semanaadamantina\/#breadcrumb\",\"itemListElement\":[{\"@type\":\"ListItem\",\"position\":1,\"name\":\"In\u00edcio\",\"item\":\"https:\/\/radiolifefm.com.br\/noticias\/\"},{\"@type\":\"ListItem\",\"position\":2,\"name\":\"Ponte sobre o C\u00f3rrego Tocantins \u00e9 danificada pelas chuvas; choveu 289 mm em uma semana\"}]},{\"@type\":\"WebSite\",\"@id\":\"https:\/\/radiolifefm.com.br\/noticias\/#website\",\"url\":\"https:\/\/radiolifefm.com.br\/noticias\/\",\"name\":\"R\u00e1dio Life FM\",\"description\":\"O Portal de Not\u00edcias de Adamantina\",\"publisher\":{\"@id\":\"https:\/\/radiolifefm.com.br\/noticias\/#organization\"},\"alternateName\":\"Life FM\",\"potentialAction\":[{\"@type\":\"SearchAction\",\"target\":{\"@type\":\"EntryPoint\",\"urlTemplate\":\"https:\/\/radiolifefm.com.br\/noticias\/?s={search_term_string}\"},\"query-input\":{\"@type\":\"PropertyValueSpecification\",\"valueRequired\":true,\"valueName\":\"search_term_string\"}}],\"inLanguage\":\"pt-BR\"},{\"@type\":\"Organization\",\"@id\":\"https:\/\/radiolifefm.com.br\/noticias\/#organization\",\"name\":\"R\u00e1dio Life FM\",\"alternateName\":\"Life FM\",\"url\":\"https:\/\/radiolifefm.com.br\/noticias\/\",\"logo\":{\"@type\":\"ImageObject\",\"inLanguage\":\"pt-BR\",\"@id\":\"https:\/\/radiolifefm.com.br\/noticias\/#\/schema\/logo\/image\/\",\"url\":\"https:\/\/static.radiolifefm.com.br\/noticias\/wp-content\/uploads\/2019\/10\/logo-lifefm.png\",\"contentUrl\":\"https:\/\/static.radiolifefm.com.br\/noticias\/wp-content\/uploads\/2019\/10\/logo-lifefm.png\",\"width\":196,\"height\":47,\"caption\":\"R\u00e1dio Life FM\"},\"image\":{\"@id\":\"https:\/\/radiolifefm.com.br\/noticias\/#\/schema\/logo\/image\/\"},\"sameAs\":[\"https:\/\/www.facebook.com\/radiolifefm\/\",\"https:\/\/www.instagram.com\/life1079fm\/\"]},{\"@type\":\"Person\",\"@id\":\"https:\/\/radiolifefm.com.br\/noticias\/#\/schema\/person\/6339b9fac59d12b071dec680d7375d87\",\"name\":\"ritanery\",\"image\":{\"@type\":\"ImageObject\",\"inLanguage\":\"pt-BR\",\"@id\":\"https:\/\/secure.gravatar.com\/avatar\/0e37bb19071f47c0b8a23f62a903df117c5a0e75f65a0c2901562f97cd41cf86?s=96&d=mm&r=g\",\"url\":\"https:\/\/secure.gravatar.com\/avatar\/0e37bb19071f47c0b8a23f62a903df117c5a0e75f65a0c2901562f97cd41cf86?s=96&d=mm&r=g\",\"contentUrl\":\"https:\/\/secure.gravatar.com\/avatar\/0e37bb19071f47c0b8a23f62a903df117c5a0e75f65a0c2901562f97cd41cf86?s=96&d=mm&r=g\",\"caption\":\"ritanery\"}}]}<\/script>\n<!-- \/ Yoast SEO plugin. -->","yoast_head_json":{"title":"Ponte sobre o C\u00f3rrego Tocantins \u00e9 danificada pelas chuvas; choveu 289 mm em uma semana - R\u00e1dio Life FM","robots":{"index":"index","follow":"follow","max-snippet":"max-snippet:-1","max-image-preview":"max-image-preview:large","max-video-preview":"max-video-preview:-1"},"canonical":"https:\/\/radiolifefm.com.br\/noticias\/ponte-sobre-o-corrego-tocantins-e-danificada-pelas-chuvas-choveu-289-mm-em-uma-semanaadamantina\/","og_locale":"pt_BR","og_type":"article","og_title":"Ponte sobre o C\u00f3rrego Tocantins \u00e9 danificada pelas chuvas; choveu 289 mm em uma semana - R\u00e1dio Life FM","og_description":"A ponte de madeira sobre o C\u00f3rrego Tocantins, nas proximidades da usina de lixo de Adamantina, teve as cabeceiras danificadas pelo volume de \u00e1guas do manancial, nesse per\u00edodo de intensas chuvas na cidade. Sem a sustenta\u00e7\u00e3o, a ponte caiu. A estrada \u00e9 um dos acessos para bairros o Col\u00e9gio Agr\u00edcola e bairro Boa Vista. Com [&hellip;]","og_url":"https:\/\/radiolifefm.com.br\/noticias\/ponte-sobre-o-corrego-tocantins-e-danificada-pelas-chuvas-choveu-289-mm-em-uma-semanaadamantina\/","og_site_name":"R\u00e1dio Life FM","article_publisher":"https:\/\/www.facebook.com\/radiolifefm\/","article_published_time":"2022-02-04T13:40:41+00:00","article_modified_time":"2026-04-26T11:24:45+00:00","og_image":[{"width":600,"height":337,"url":"https:\/\/radiolifefm.com.br\/noticias\/wp-content\/uploads\/2022\/02\/whatsapp-image-20220204-at-070510jpeg164397432561fd0eb5672fa.jpeg","type":"image\/jpeg"}],"author":"ritanery","twitter_card":"summary_large_image","twitter_misc":{"Escrito por":"ritanery","Est. tempo de leitura":"1 minuto"},"schema":{"@context":"https:\/\/schema.org","@graph":[{"@type":"Article","@id":"https:\/\/radiolifefm.com.br\/noticias\/ponte-sobre-o-corrego-tocantins-e-danificada-pelas-chuvas-choveu-289-mm-em-uma-semanaadamantina\/#article","isPartOf":{"@id":"https:\/\/radiolifefm.com.br\/noticias\/ponte-sobre-o-corrego-tocantins-e-danificada-pelas-chuvas-choveu-289-mm-em-uma-semanaadamantina\/"},"author":{"name":"ritanery","@id":"https:\/\/radiolifefm.com.br\/noticias\/#\/schema\/person\/6339b9fac59d12b071dec680d7375d87"},"headline":"Ponte sobre o C\u00f3rrego Tocantins \u00e9 danificada pelas chuvas; choveu 289 mm em uma semana","datePublished":"2022-02-04T13:40:41+00:00","dateModified":"2026-04-26T11:24:45+00:00","mainEntityOfPage":{"@id":"https:\/\/radiolifefm.com.br\/noticias\/ponte-sobre-o-corrego-tocantins-e-danificada-pelas-chuvas-choveu-289-mm-em-uma-semanaadamantina\/"},"wordCount":221,"publisher":{"@id":"https:\/\/radiolifefm.com.br\/noticias\/#organization"},"image":{"@id":"https:\/\/radiolifefm.com.br\/noticias\/ponte-sobre-o-corrego-tocantins-e-danificada-pelas-chuvas-choveu-289-mm-em-uma-semanaadamantina\/#primaryimage"},"thumbnailUrl":"https:\/\/radiolifefm.com.br\/noticias\/wp-content\/uploads\/2022\/02\/whatsapp-image-20220204-at-070510jpeg164397432561fd0eb5672fa.jpeg","articleSection":["Adamantina"],"inLanguage":"pt-BR"},{"@type":"WebPage","@id":"https:\/\/radiolifefm.com.br\/noticias\/ponte-sobre-o-corrego-tocantins-e-danificada-pelas-chuvas-choveu-289-mm-em-uma-semanaadamantina\/","url":"https:\/\/radiolifefm.com.br\/noticias\/ponte-sobre-o-corrego-tocantins-e-danificada-pelas-chuvas-choveu-289-mm-em-uma-semanaadamantina\/","name":"Ponte sobre o C\u00f3rrego Tocantins \u00e9 danificada pelas chuvas; choveu 289 mm em uma semana - R\u00e1dio Life FM","isPartOf":{"@id":"https:\/\/radiolifefm.com.br\/noticias\/#website"},"primaryImageOfPage":{"@id":"https:\/\/radiolifefm.com.br\/noticias\/ponte-sobre-o-corrego-tocantins-e-danificada-pelas-chuvas-choveu-289-mm-em-uma-semanaadamantina\/#primaryimage"},"image":{"@id":"https:\/\/radiolifefm.com.br\/noticias\/ponte-sobre-o-corrego-tocantins-e-danificada-pelas-chuvas-choveu-289-mm-em-uma-semanaadamantina\/#primaryimage"},"thumbnailUrl":"https:\/\/radiolifefm.com.br\/noticias\/wp-content\/uploads\/2022\/02\/whatsapp-image-20220204-at-070510jpeg164397432561fd0eb5672fa.jpeg","datePublished":"2022-02-04T13:40:41+00:00","dateModified":"2026-04-26T11:24:45+00:00","breadcrumb":{"@id":"https:\/\/radiolifefm.com.br\/noticias\/ponte-sobre-o-corrego-tocantins-e-danificada-pelas-chuvas-choveu-289-mm-em-uma-semanaadamantina\/#breadcrumb"},"inLanguage":"pt-BR","potentialAction":[{"@type":"ReadAction","target":["https:\/\/radiolifefm.com.br\/noticias\/ponte-sobre-o-corrego-tocantins-e-danificada-pelas-chuvas-choveu-289-mm-em-uma-semanaadamantina\/"]}]},{"@type":"ImageObject","inLanguage":"pt-BR","@id":"https:\/\/radiolifefm.com.br\/noticias\/ponte-sobre-o-corrego-tocantins-e-danificada-pelas-chuvas-choveu-289-mm-em-uma-semanaadamantina\/#primaryimage","url":"https:\/\/radiolifefm.com.br\/noticias\/wp-content\/uploads\/2022\/02\/whatsapp-image-20220204-at-070510jpeg164397432561fd0eb5672fa.jpeg","contentUrl":"https:\/\/radiolifefm.com.br\/noticias\/wp-content\/uploads\/2022\/02\/whatsapp-image-20220204-at-070510jpeg164397432561fd0eb5672fa.jpeg","width":600,"height":337,"caption":"Em uma semana, chuvas em Adamantina acumulam 289,6 mm."},{"@type":"BreadcrumbList","@id":"https:\/\/radiolifefm.com.br\/noticias\/ponte-sobre-o-corrego-tocantins-e-danificada-pelas-chuvas-choveu-289-mm-em-uma-semanaadamantina\/#breadcrumb","itemListElement":[{"@type":"ListItem","position":1,"name":"In\u00edcio","item":"https:\/\/radiolifefm.com.br\/noticias\/"},{"@type":"ListItem","position":2,"name":"Ponte sobre o C\u00f3rrego Tocantins \u00e9 danificada pelas chuvas; choveu 289 mm em uma semana"}]},{"@type":"WebSite","@id":"https:\/\/radiolifefm.com.br\/noticias\/#website","url":"https:\/\/radiolifefm.com.br\/noticias\/","name":"R\u00e1dio Life FM","description":"O Portal de Not\u00edcias de Adamantina","publisher":{"@id":"https:\/\/radiolifefm.com.br\/noticias\/#organization"},"alternateName":"Life FM","potentialAction":[{"@type":"SearchAction","target":{"@type":"EntryPoint","urlTemplate":"https:\/\/radiolifefm.com.br\/noticias\/?s={search_term_string}"},"query-input":{"@type":"PropertyValueSpecification","valueRequired":true,"valueName":"search_term_string"}}],"inLanguage":"pt-BR"},{"@type":"Organization","@id":"https:\/\/radiolifefm.com.br\/noticias\/#organization","name":"R\u00e1dio Life FM","alternateName":"Life FM","url":"https:\/\/radiolifefm.com.br\/noticias\/","logo":{"@type":"ImageObject","inLanguage":"pt-BR","@id":"https:\/\/radiolifefm.com.br\/noticias\/#\/schema\/logo\/image\/","url":"https:\/\/static.radiolifefm.com.br\/noticias\/wp-content\/uploads\/2019\/10\/logo-lifefm.png","contentUrl":"https:\/\/static.radiolifefm.com.br\/noticias\/wp-content\/uploads\/2019\/10\/logo-lifefm.png","width":196,"height":47,"caption":"R\u00e1dio Life FM"},"image":{"@id":"https:\/\/radiolifefm.com.br\/noticias\/#\/schema\/logo\/image\/"},"sameAs":["https:\/\/www.facebook.com\/radiolifefm\/","https:\/\/www.instagram.com\/life1079fm\/"]},{"@type":"Person","@id":"https:\/\/radiolifefm.com.br\/noticias\/#\/schema\/person\/6339b9fac59d12b071dec680d7375d87","name":"ritanery","image":{"@type":"ImageObject","inLanguage":"pt-BR","@id":"https:\/\/secure.gravatar.com\/avatar\/0e37bb19071f47c0b8a23f62a903df117c5a0e75f65a0c2901562f97cd41cf86?s=96&d=mm&r=g","url":"https:\/\/secure.gravatar.com\/avatar\/0e37bb19071f47c0b8a23f62a903df117c5a0e75f65a0c2901562f97cd41cf86?s=96&d=mm&r=g","contentUrl":"https:\/\/secure.gravatar.com\/avatar\/0e37bb19071f47c0b8a23f62a903df117c5a0e75f65a0c2901562f97cd41cf86?s=96&d=mm&r=g","caption":"ritanery"}}]}},"amp_enabled":true,"_links":{"self":[{"href":"https:\/\/radiolifefm.com.br\/noticias\/wp-json\/wp\/v2\/posts\/49020","targetHints":{"allow":["GET"]}}],"collection":[{"href":"https:\/\/radiolifefm.com.br\/noticias\/wp-json\/wp\/v2\/posts"}],"about":[{"href":"https:\/\/radiolifefm.com.br\/noticias\/wp-json\/wp\/v2\/types\/post"}],"author":[{"embeddable":true,"href":"https:\/\/radiolifefm.com.br\/noticias\/wp-json\/wp\/v2\/users\/13"}],"replies":[{"embeddable":true,"href":"https:\/\/radiolifefm.com.br\/noticias\/wp-json\/wp\/v2\/comments?post=49020"}],"version-history":[{"count":7,"href":"https:\/\/radiolifefm.com.br\/noticias\/wp-json\/wp\/v2\/posts\/49020\/revisions"}],"predecessor-version":[{"id":49028,"href":"https:\/\/radiolifefm.com.br\/noticias\/wp-json\/wp\/v2\/posts\/49020\/revisions\/49028"}],"wp:featuredmedia":[{"embeddable":true,"href":"https:\/\/radiolifefm.com.br\/noticias\/wp-json\/wp\/v2\/media\/49021"}],"wp:attachment":[{"href":"https:\/\/radiolifefm.com.br\/noticias\/wp-json\/wp\/v2\/media?parent=49020"}],"wp:term":[{"taxonomy":"category","embeddable":true,"href":"https:\/\/radiolifefm.com.br\/noticias\/wp-json\/wp\/v2\/categories?post=49020"},{"taxonomy":"post_tag","embeddable":true,"href":"https:\/\/radiolifefm.com.br\/noticias\/wp-json\/wp\/v2\/tags?post=49020"}],"curies":[{"name":"wp","href":"https:\/\/api.w.org\/{rel}","templated":true}]}}