{"id":48991,"date":"2022-02-03T09:43:24","date_gmt":"2022-02-03T12:43:24","guid":{"rendered":"https:\/\/radiolifefm.com.br\/noticias\/?p=48991"},"modified":"2026-04-24T20:45:49","modified_gmt":"2026-04-24T23:45:49","slug":"comercio-de-adamantina-fecha-na-segunda-e-terca-feira-de-carnaval","status":"publish","type":"post","link":"https:\/\/radiolifefm.com.br\/noticias\/comercio-de-adamantina-fecha-na-segunda-e-terca-feira-de-carnaval\/","title":{"rendered":"Com\u00e9rcio de Adamantina fecha na segunda e ter\u00e7a-feira de Carnaval"},"content":{"rendered":"<div id=\"fb-root\"><\/div>\n<p>Calend\u00e1rio de funcionamento do com\u00e9rcio de fevereiro, divulgado pelo\u00a0<a title=\"Sincomercio\" href=\"https:\/\/www.impactonoticias.com.br\/noticia\/sincomercio\/\" data-internallinksmanager029f6b8e52c=\"12\">Sincomercio<\/a>\u00a0<a title=\"Nova Alta Paulista\" href=\"https:\/\/www.impactonoticias.com.br\/noticia\/nova-alta-paulista\/\" data-internallinksmanager029f6b8e52c=\"14\">Nova Alta Paulista<\/a>\u00a0(Sindicato do Com\u00e9rcio Varejista), aponta que as lojas de\u00a0<a title=\"Adamantina\" href=\"https:\/\/www.impactonoticias.com.br\/cidade\/adamantina\/\" data-internallinksmanager029f6b8e52c=\"1\">Adamantina<\/a>\u00a0n\u00e3o v\u00e3o abrir no per\u00edodo do Carnaval.<\/p>\n<p>O fechamento dos estabelecimentos comerciais na segunda-feira (28) e ter\u00e7a-feira (1\u00ba) segue uma tradi\u00e7\u00e3o da cidade, que n\u00e3o aderiu ao modelo no ano passado, autorizando a abertura devido ao longo per\u00edodo de portas fechadas devido a pandemia de\u00a0<a title=\"Covid-19\" href=\"https:\/\/www.impactonoticias.com.br\/cidade\/coronavirus\/\" data-internallinksmanager029f6b8e52c=\"2\">covid-19<\/a>.<\/p>\n<p>Com isso, diferente de 2021, o com\u00e9rcio local n\u00e3o funcionar\u00e1 no Carnaval deste ano, apesar que a data n\u00e3o \u00e9 considerada feriado nem municipal, estadual ou federal.<\/p>\n<p>O Sincomercio Nova Alta Paulista informa ainda que a segunda-feira de Carnaval ser\u00e1 trocada por 9 de julho, feriado da Revolu\u00e7\u00e3o Constitucionalista. Desta forma, o com\u00e9rcio fecha no \u00faltimo dia de fevereiro e trabalha normalmente \u00e0s v\u00e9speras do pagamento em julho, quando o movimento tradicionalmente \u00e9 maior na cidade.<\/p>\n<p>Na quarta-feira de Cinzas, dia 2 de mar\u00e7o, as lojas funcionam das 8h \u00e0s 18h.<\/p>\n<p><img decoding=\"async\" src=\"https:\/\/i0.wp.com\/www.impactonoticias.com.br\/wp-content\/uploads\/2022\/02\/273000303_4570725359720335_1112222672073049213_n.jpg?resize=597%2C460&amp;ssl=1\" \/><\/p>\n<p>&nbsp;<\/p>\n<p>Fonte: Impacto Noticias<\/p>\n","protected":false},"excerpt":{"rendered":"<p>Calend\u00e1rio de funcionamento do com\u00e9rcio de fevereiro, divulgado pelo\u00a0Sincomercio\u00a0Nova Alta Paulista\u00a0(Sindicato do Com\u00e9rcio Varejista), aponta que as lojas de\u00a0Adamantina\u00a0n\u00e3o v\u00e3o abrir no per\u00edodo do Carnaval. O fechamento dos estabelecimentos comerciais na segunda-feira (28) e ter\u00e7a-feira (1\u00ba) segue uma tradi\u00e7\u00e3o da cidade, que n\u00e3o aderiu ao modelo no ano passado, autorizando a abertura devido ao longo [&hellip;]<\/p>\n","protected":false},"author":13,"featured_media":48992,"comment_status":"closed","ping_status":"open","sticky":false,"template":"","format":"standard","meta":{"_acf_changed":false,"_exactmetrics_skip_tracking":false,"_exactmetrics_sitenote_active":false,"_exactmetrics_sitenote_note":"","_exactmetrics_sitenote_category":0,"footnotes":""},"categories":[21],"tags":[],"class_list":["post-48991","post","type-post","status-publish","format-standard","has-post-thumbnail","hentry","category-adamantina"],"acf":[],"yoast_head":"<!-- This site is optimized with the Yoast SEO plugin v27.2 - https:\/\/yoast.com\/product\/yoast-seo-wordpress\/ -->\n<title>Com\u00e9rcio de Adamantina fecha na segunda e ter\u00e7a-feira de Carnaval - R\u00e1dio Life FM<\/title>\n<meta name=\"robots\" content=\"index, follow, max-snippet:-1, max-image-preview:large, max-video-preview:-1\" \/>\n<link rel=\"canonical\" href=\"https:\/\/radiolifefm.com.br\/noticias\/comercio-de-adamantina-fecha-na-segunda-e-terca-feira-de-carnaval\/\" \/>\n<meta property=\"og:locale\" content=\"pt_BR\" \/>\n<meta property=\"og:type\" content=\"article\" \/>\n<meta property=\"og:title\" content=\"Com\u00e9rcio de Adamantina fecha na segunda e ter\u00e7a-feira de Carnaval - R\u00e1dio Life FM\" \/>\n<meta property=\"og:description\" content=\"Calend\u00e1rio de funcionamento do com\u00e9rcio de fevereiro, divulgado pelo\u00a0Sincomercio\u00a0Nova Alta Paulista\u00a0(Sindicato do Com\u00e9rcio Varejista), aponta que as lojas de\u00a0Adamantina\u00a0n\u00e3o v\u00e3o abrir no per\u00edodo do Carnaval. O fechamento dos estabelecimentos comerciais na segunda-feira (28) e ter\u00e7a-feira (1\u00ba) segue uma tradi\u00e7\u00e3o da cidade, que n\u00e3o aderiu ao modelo no ano passado, autorizando a abertura devido ao longo [&hellip;]\" \/>\n<meta property=\"og:url\" content=\"https:\/\/radiolifefm.com.br\/noticias\/comercio-de-adamantina-fecha-na-segunda-e-terca-feira-de-carnaval\/\" \/>\n<meta property=\"og:site_name\" content=\"R\u00e1dio Life FM\" \/>\n<meta property=\"article:publisher\" content=\"https:\/\/www.facebook.com\/radiolifefm\/\" \/>\n<meta property=\"article:published_time\" content=\"2022-02-03T12:43:24+00:00\" \/>\n<meta property=\"article:modified_time\" content=\"2026-04-24T23:45:49+00:00\" \/>\n<meta property=\"og:image\" content=\"https:\/\/radiolifefm.com.br\/noticias\/wp-content\/uploads\/2022\/02\/download.jpg\" \/>\n\t<meta property=\"og:image:width\" content=\"276\" \/>\n\t<meta property=\"og:image:height\" content=\"183\" \/>\n\t<meta property=\"og:image:type\" content=\"image\/jpeg\" \/>\n<meta name=\"author\" content=\"ritanery\" \/>\n<meta name=\"twitter:card\" content=\"summary_large_image\" \/>\n<meta name=\"twitter:label1\" content=\"Escrito por\" \/>\n\t<meta name=\"twitter:data1\" content=\"ritanery\" \/>\n\t<meta name=\"twitter:label2\" content=\"Est. tempo de leitura\" \/>\n\t<meta name=\"twitter:data2\" content=\"1 minuto\" \/>\n<script type=\"application\/ld+json\" class=\"yoast-schema-graph\">{\"@context\":\"https:\/\/schema.org\",\"@graph\":[{\"@type\":\"Article\",\"@id\":\"https:\/\/radiolifefm.com.br\/noticias\/comercio-de-adamantina-fecha-na-segunda-e-terca-feira-de-carnaval\/#article\",\"isPartOf\":{\"@id\":\"https:\/\/radiolifefm.com.br\/noticias\/comercio-de-adamantina-fecha-na-segunda-e-terca-feira-de-carnaval\/\"},\"author\":{\"name\":\"ritanery\",\"@id\":\"https:\/\/radiolifefm.com.br\/noticias\/#\/schema\/person\/6339b9fac59d12b071dec680d7375d87\"},\"headline\":\"Com\u00e9rcio de Adamantina fecha na segunda e ter\u00e7a-feira de Carnaval\",\"datePublished\":\"2022-02-03T12:43:24+00:00\",\"dateModified\":\"2026-04-24T23:45:49+00:00\",\"mainEntityOfPage\":{\"@id\":\"https:\/\/radiolifefm.com.br\/noticias\/comercio-de-adamantina-fecha-na-segunda-e-terca-feira-de-carnaval\/\"},\"wordCount\":186,\"publisher\":{\"@id\":\"https:\/\/radiolifefm.com.br\/noticias\/#organization\"},\"image\":{\"@id\":\"https:\/\/radiolifefm.com.br\/noticias\/comercio-de-adamantina-fecha-na-segunda-e-terca-feira-de-carnaval\/#primaryimage\"},\"thumbnailUrl\":\"https:\/\/radiolifefm.com.br\/noticias\/wp-content\/uploads\/2022\/02\/download.jpg\",\"articleSection\":[\"Adamantina\"],\"inLanguage\":\"pt-BR\"},{\"@type\":\"WebPage\",\"@id\":\"https:\/\/radiolifefm.com.br\/noticias\/comercio-de-adamantina-fecha-na-segunda-e-terca-feira-de-carnaval\/\",\"url\":\"https:\/\/radiolifefm.com.br\/noticias\/comercio-de-adamantina-fecha-na-segunda-e-terca-feira-de-carnaval\/\",\"name\":\"Com\u00e9rcio de Adamantina fecha na segunda e ter\u00e7a-feira de Carnaval - R\u00e1dio Life FM\",\"isPartOf\":{\"@id\":\"https:\/\/radiolifefm.com.br\/noticias\/#website\"},\"primaryImageOfPage\":{\"@id\":\"https:\/\/radiolifefm.com.br\/noticias\/comercio-de-adamantina-fecha-na-segunda-e-terca-feira-de-carnaval\/#primaryimage\"},\"image\":{\"@id\":\"https:\/\/radiolifefm.com.br\/noticias\/comercio-de-adamantina-fecha-na-segunda-e-terca-feira-de-carnaval\/#primaryimage\"},\"thumbnailUrl\":\"https:\/\/radiolifefm.com.br\/noticias\/wp-content\/uploads\/2022\/02\/download.jpg\",\"datePublished\":\"2022-02-03T12:43:24+00:00\",\"dateModified\":\"2026-04-24T23:45:49+00:00\",\"breadcrumb\":{\"@id\":\"https:\/\/radiolifefm.com.br\/noticias\/comercio-de-adamantina-fecha-na-segunda-e-terca-feira-de-carnaval\/#breadcrumb\"},\"inLanguage\":\"pt-BR\",\"potentialAction\":[{\"@type\":\"ReadAction\",\"target\":[\"https:\/\/radiolifefm.com.br\/noticias\/comercio-de-adamantina-fecha-na-segunda-e-terca-feira-de-carnaval\/\"]}]},{\"@type\":\"ImageObject\",\"inLanguage\":\"pt-BR\",\"@id\":\"https:\/\/radiolifefm.com.br\/noticias\/comercio-de-adamantina-fecha-na-segunda-e-terca-feira-de-carnaval\/#primaryimage\",\"url\":\"https:\/\/radiolifefm.com.br\/noticias\/wp-content\/uploads\/2022\/02\/download.jpg\",\"contentUrl\":\"https:\/\/radiolifefm.com.br\/noticias\/wp-content\/uploads\/2022\/02\/download.jpg\",\"width\":276,\"height\":183,\"caption\":\"Ao contr\u00e1rio do ano passado, lojas n\u00e3o v\u00e3o funcionar nos dias 28 de fevereiro e 1\u00ba de mar\u00e7o\"},{\"@type\":\"BreadcrumbList\",\"@id\":\"https:\/\/radiolifefm.com.br\/noticias\/comercio-de-adamantina-fecha-na-segunda-e-terca-feira-de-carnaval\/#breadcrumb\",\"itemListElement\":[{\"@type\":\"ListItem\",\"position\":1,\"name\":\"In\u00edcio\",\"item\":\"https:\/\/radiolifefm.com.br\/noticias\/\"},{\"@type\":\"ListItem\",\"position\":2,\"name\":\"Com\u00e9rcio de Adamantina fecha na segunda e ter\u00e7a-feira de Carnaval\"}]},{\"@type\":\"WebSite\",\"@id\":\"https:\/\/radiolifefm.com.br\/noticias\/#website\",\"url\":\"https:\/\/radiolifefm.com.br\/noticias\/\",\"name\":\"R\u00e1dio Life FM\",\"description\":\"O Portal de Not\u00edcias de Adamantina\",\"publisher\":{\"@id\":\"https:\/\/radiolifefm.com.br\/noticias\/#organization\"},\"alternateName\":\"Life FM\",\"potentialAction\":[{\"@type\":\"SearchAction\",\"target\":{\"@type\":\"EntryPoint\",\"urlTemplate\":\"https:\/\/radiolifefm.com.br\/noticias\/?s={search_term_string}\"},\"query-input\":{\"@type\":\"PropertyValueSpecification\",\"valueRequired\":true,\"valueName\":\"search_term_string\"}}],\"inLanguage\":\"pt-BR\"},{\"@type\":\"Organization\",\"@id\":\"https:\/\/radiolifefm.com.br\/noticias\/#organization\",\"name\":\"R\u00e1dio Life FM\",\"alternateName\":\"Life FM\",\"url\":\"https:\/\/radiolifefm.com.br\/noticias\/\",\"logo\":{\"@type\":\"ImageObject\",\"inLanguage\":\"pt-BR\",\"@id\":\"https:\/\/radiolifefm.com.br\/noticias\/#\/schema\/logo\/image\/\",\"url\":\"https:\/\/static.radiolifefm.com.br\/noticias\/wp-content\/uploads\/2019\/10\/logo-lifefm.png\",\"contentUrl\":\"https:\/\/static.radiolifefm.com.br\/noticias\/wp-content\/uploads\/2019\/10\/logo-lifefm.png\",\"width\":196,\"height\":47,\"caption\":\"R\u00e1dio Life FM\"},\"image\":{\"@id\":\"https:\/\/radiolifefm.com.br\/noticias\/#\/schema\/logo\/image\/\"},\"sameAs\":[\"https:\/\/www.facebook.com\/radiolifefm\/\",\"https:\/\/www.instagram.com\/life1079fm\/\"]},{\"@type\":\"Person\",\"@id\":\"https:\/\/radiolifefm.com.br\/noticias\/#\/schema\/person\/6339b9fac59d12b071dec680d7375d87\",\"name\":\"ritanery\",\"image\":{\"@type\":\"ImageObject\",\"inLanguage\":\"pt-BR\",\"@id\":\"https:\/\/secure.gravatar.com\/avatar\/0e37bb19071f47c0b8a23f62a903df117c5a0e75f65a0c2901562f97cd41cf86?s=96&d=mm&r=g\",\"url\":\"https:\/\/secure.gravatar.com\/avatar\/0e37bb19071f47c0b8a23f62a903df117c5a0e75f65a0c2901562f97cd41cf86?s=96&d=mm&r=g\",\"contentUrl\":\"https:\/\/secure.gravatar.com\/avatar\/0e37bb19071f47c0b8a23f62a903df117c5a0e75f65a0c2901562f97cd41cf86?s=96&d=mm&r=g\",\"caption\":\"ritanery\"}}]}<\/script>\n<!-- \/ Yoast SEO plugin. -->","yoast_head_json":{"title":"Com\u00e9rcio de Adamantina fecha na segunda e ter\u00e7a-feira de Carnaval - R\u00e1dio Life FM","robots":{"index":"index","follow":"follow","max-snippet":"max-snippet:-1","max-image-preview":"max-image-preview:large","max-video-preview":"max-video-preview:-1"},"canonical":"https:\/\/radiolifefm.com.br\/noticias\/comercio-de-adamantina-fecha-na-segunda-e-terca-feira-de-carnaval\/","og_locale":"pt_BR","og_type":"article","og_title":"Com\u00e9rcio de Adamantina fecha na segunda e ter\u00e7a-feira de Carnaval - R\u00e1dio Life FM","og_description":"Calend\u00e1rio de funcionamento do com\u00e9rcio de fevereiro, divulgado pelo\u00a0Sincomercio\u00a0Nova Alta Paulista\u00a0(Sindicato do Com\u00e9rcio Varejista), aponta que as lojas de\u00a0Adamantina\u00a0n\u00e3o v\u00e3o abrir no per\u00edodo do Carnaval. O fechamento dos estabelecimentos comerciais na segunda-feira (28) e ter\u00e7a-feira (1\u00ba) segue uma tradi\u00e7\u00e3o da cidade, que n\u00e3o aderiu ao modelo no ano passado, autorizando a abertura devido ao longo [&hellip;]","og_url":"https:\/\/radiolifefm.com.br\/noticias\/comercio-de-adamantina-fecha-na-segunda-e-terca-feira-de-carnaval\/","og_site_name":"R\u00e1dio Life FM","article_publisher":"https:\/\/www.facebook.com\/radiolifefm\/","article_published_time":"2022-02-03T12:43:24+00:00","article_modified_time":"2026-04-24T23:45:49+00:00","og_image":[{"width":276,"height":183,"url":"https:\/\/radiolifefm.com.br\/noticias\/wp-content\/uploads\/2022\/02\/download.jpg","type":"image\/jpeg"}],"author":"ritanery","twitter_card":"summary_large_image","twitter_misc":{"Escrito por":"ritanery","Est. tempo de leitura":"1 minuto"},"schema":{"@context":"https:\/\/schema.org","@graph":[{"@type":"Article","@id":"https:\/\/radiolifefm.com.br\/noticias\/comercio-de-adamantina-fecha-na-segunda-e-terca-feira-de-carnaval\/#article","isPartOf":{"@id":"https:\/\/radiolifefm.com.br\/noticias\/comercio-de-adamantina-fecha-na-segunda-e-terca-feira-de-carnaval\/"},"author":{"name":"ritanery","@id":"https:\/\/radiolifefm.com.br\/noticias\/#\/schema\/person\/6339b9fac59d12b071dec680d7375d87"},"headline":"Com\u00e9rcio de Adamantina fecha na segunda e ter\u00e7a-feira de Carnaval","datePublished":"2022-02-03T12:43:24+00:00","dateModified":"2026-04-24T23:45:49+00:00","mainEntityOfPage":{"@id":"https:\/\/radiolifefm.com.br\/noticias\/comercio-de-adamantina-fecha-na-segunda-e-terca-feira-de-carnaval\/"},"wordCount":186,"publisher":{"@id":"https:\/\/radiolifefm.com.br\/noticias\/#organization"},"image":{"@id":"https:\/\/radiolifefm.com.br\/noticias\/comercio-de-adamantina-fecha-na-segunda-e-terca-feira-de-carnaval\/#primaryimage"},"thumbnailUrl":"https:\/\/radiolifefm.com.br\/noticias\/wp-content\/uploads\/2022\/02\/download.jpg","articleSection":["Adamantina"],"inLanguage":"pt-BR"},{"@type":"WebPage","@id":"https:\/\/radiolifefm.com.br\/noticias\/comercio-de-adamantina-fecha-na-segunda-e-terca-feira-de-carnaval\/","url":"https:\/\/radiolifefm.com.br\/noticias\/comercio-de-adamantina-fecha-na-segunda-e-terca-feira-de-carnaval\/","name":"Com\u00e9rcio de Adamantina fecha na segunda e ter\u00e7a-feira de Carnaval - R\u00e1dio Life FM","isPartOf":{"@id":"https:\/\/radiolifefm.com.br\/noticias\/#website"},"primaryImageOfPage":{"@id":"https:\/\/radiolifefm.com.br\/noticias\/comercio-de-adamantina-fecha-na-segunda-e-terca-feira-de-carnaval\/#primaryimage"},"image":{"@id":"https:\/\/radiolifefm.com.br\/noticias\/comercio-de-adamantina-fecha-na-segunda-e-terca-feira-de-carnaval\/#primaryimage"},"thumbnailUrl":"https:\/\/radiolifefm.com.br\/noticias\/wp-content\/uploads\/2022\/02\/download.jpg","datePublished":"2022-02-03T12:43:24+00:00","dateModified":"2026-04-24T23:45:49+00:00","breadcrumb":{"@id":"https:\/\/radiolifefm.com.br\/noticias\/comercio-de-adamantina-fecha-na-segunda-e-terca-feira-de-carnaval\/#breadcrumb"},"inLanguage":"pt-BR","potentialAction":[{"@type":"ReadAction","target":["https:\/\/radiolifefm.com.br\/noticias\/comercio-de-adamantina-fecha-na-segunda-e-terca-feira-de-carnaval\/"]}]},{"@type":"ImageObject","inLanguage":"pt-BR","@id":"https:\/\/radiolifefm.com.br\/noticias\/comercio-de-adamantina-fecha-na-segunda-e-terca-feira-de-carnaval\/#primaryimage","url":"https:\/\/radiolifefm.com.br\/noticias\/wp-content\/uploads\/2022\/02\/download.jpg","contentUrl":"https:\/\/radiolifefm.com.br\/noticias\/wp-content\/uploads\/2022\/02\/download.jpg","width":276,"height":183,"caption":"Ao contr\u00e1rio do ano passado, lojas n\u00e3o v\u00e3o funcionar nos dias 28 de fevereiro e 1\u00ba de mar\u00e7o"},{"@type":"BreadcrumbList","@id":"https:\/\/radiolifefm.com.br\/noticias\/comercio-de-adamantina-fecha-na-segunda-e-terca-feira-de-carnaval\/#breadcrumb","itemListElement":[{"@type":"ListItem","position":1,"name":"In\u00edcio","item":"https:\/\/radiolifefm.com.br\/noticias\/"},{"@type":"ListItem","position":2,"name":"Com\u00e9rcio de Adamantina fecha na segunda e ter\u00e7a-feira de Carnaval"}]},{"@type":"WebSite","@id":"https:\/\/radiolifefm.com.br\/noticias\/#website","url":"https:\/\/radiolifefm.com.br\/noticias\/","name":"R\u00e1dio Life FM","description":"O Portal de Not\u00edcias de Adamantina","publisher":{"@id":"https:\/\/radiolifefm.com.br\/noticias\/#organization"},"alternateName":"Life FM","potentialAction":[{"@type":"SearchAction","target":{"@type":"EntryPoint","urlTemplate":"https:\/\/radiolifefm.com.br\/noticias\/?s={search_term_string}"},"query-input":{"@type":"PropertyValueSpecification","valueRequired":true,"valueName":"search_term_string"}}],"inLanguage":"pt-BR"},{"@type":"Organization","@id":"https:\/\/radiolifefm.com.br\/noticias\/#organization","name":"R\u00e1dio Life FM","alternateName":"Life FM","url":"https:\/\/radiolifefm.com.br\/noticias\/","logo":{"@type":"ImageObject","inLanguage":"pt-BR","@id":"https:\/\/radiolifefm.com.br\/noticias\/#\/schema\/logo\/image\/","url":"https:\/\/static.radiolifefm.com.br\/noticias\/wp-content\/uploads\/2019\/10\/logo-lifefm.png","contentUrl":"https:\/\/static.radiolifefm.com.br\/noticias\/wp-content\/uploads\/2019\/10\/logo-lifefm.png","width":196,"height":47,"caption":"R\u00e1dio Life FM"},"image":{"@id":"https:\/\/radiolifefm.com.br\/noticias\/#\/schema\/logo\/image\/"},"sameAs":["https:\/\/www.facebook.com\/radiolifefm\/","https:\/\/www.instagram.com\/life1079fm\/"]},{"@type":"Person","@id":"https:\/\/radiolifefm.com.br\/noticias\/#\/schema\/person\/6339b9fac59d12b071dec680d7375d87","name":"ritanery","image":{"@type":"ImageObject","inLanguage":"pt-BR","@id":"https:\/\/secure.gravatar.com\/avatar\/0e37bb19071f47c0b8a23f62a903df117c5a0e75f65a0c2901562f97cd41cf86?s=96&d=mm&r=g","url":"https:\/\/secure.gravatar.com\/avatar\/0e37bb19071f47c0b8a23f62a903df117c5a0e75f65a0c2901562f97cd41cf86?s=96&d=mm&r=g","contentUrl":"https:\/\/secure.gravatar.com\/avatar\/0e37bb19071f47c0b8a23f62a903df117c5a0e75f65a0c2901562f97cd41cf86?s=96&d=mm&r=g","caption":"ritanery"}}]}},"amp_enabled":true,"_links":{"self":[{"href":"https:\/\/radiolifefm.com.br\/noticias\/wp-json\/wp\/v2\/posts\/48991","targetHints":{"allow":["GET"]}}],"collection":[{"href":"https:\/\/radiolifefm.com.br\/noticias\/wp-json\/wp\/v2\/posts"}],"about":[{"href":"https:\/\/radiolifefm.com.br\/noticias\/wp-json\/wp\/v2\/types\/post"}],"author":[{"embeddable":true,"href":"https:\/\/radiolifefm.com.br\/noticias\/wp-json\/wp\/v2\/users\/13"}],"replies":[{"embeddable":true,"href":"https:\/\/radiolifefm.com.br\/noticias\/wp-json\/wp\/v2\/comments?post=48991"}],"version-history":[{"count":2,"href":"https:\/\/radiolifefm.com.br\/noticias\/wp-json\/wp\/v2\/posts\/48991\/revisions"}],"predecessor-version":[{"id":48994,"href":"https:\/\/radiolifefm.com.br\/noticias\/wp-json\/wp\/v2\/posts\/48991\/revisions\/48994"}],"wp:featuredmedia":[{"embeddable":true,"href":"https:\/\/radiolifefm.com.br\/noticias\/wp-json\/wp\/v2\/media\/48992"}],"wp:attachment":[{"href":"https:\/\/radiolifefm.com.br\/noticias\/wp-json\/wp\/v2\/media?parent=48991"}],"wp:term":[{"taxonomy":"category","embeddable":true,"href":"https:\/\/radiolifefm.com.br\/noticias\/wp-json\/wp\/v2\/categories?post=48991"},{"taxonomy":"post_tag","embeddable":true,"href":"https:\/\/radiolifefm.com.br\/noticias\/wp-json\/wp\/v2\/tags?post=48991"}],"curies":[{"name":"wp","href":"https:\/\/api.w.org\/{rel}","templated":true}]}}