{"id":48928,"date":"2022-02-02T14:35:11","date_gmt":"2022-02-02T17:35:11","guid":{"rendered":"https:\/\/radiolifefm.com.br\/noticias\/?p=48928"},"modified":"2026-04-04T17:35:11","modified_gmt":"2026-04-04T20:35:11","slug":"hub-de-inovacao-sera-inaugurado-dia-07-de-fevereiro-em-adamantinaadamantina","status":"publish","type":"post","link":"https:\/\/radiolifefm.com.br\/noticias\/hub-de-inovacao-sera-inaugurado-dia-07-de-fevereiro-em-adamantinaadamantina\/","title":{"rendered":"Hub de Inova\u00e7\u00e3o ser\u00e1 inaugurado dia 07 de fevereiro em Adamantina"},"content":{"rendered":"<div id=\"fb-root\"><\/div>\n<p style=\"font-weight: 400\">Na pr\u00f3xima segunda-feira, 7 de fevereiro, ser\u00e1 inaugurado em Adamantina o Hub de Inova\u00e7\u00e3o.<\/p>\n<p style=\"font-weight: 400\">O novo espa\u00e7o foi desenvolvido pela Associa\u00e7\u00e3o dos Engenheiros, Arquitetos e Agr\u00f4nomos da Nova Alta Paulista (Aeaanap) e Crea-SP e conta com o apoio da Prefeitura Municipal.<\/p>\n<p style=\"font-weight: 400\">De acordo com o engenheiro e presidente da\u00a0Aeaanap\u00a0de Adamantina, Andr\u00e9 Luiz Borrasca o objetivo do espa\u00e7o \u00e9 disponibilizar aos profissionais de todas as classes um ambiente com uma estrutura para que a pessoa trabalhe na modalidade home office e a partir disso, possa fazer novas conex\u00f5es, troque iniciativas, fomente parcerias e novos neg\u00f3cios.<\/p>\n<p style=\"font-weight: 400\">O hub ser\u00e1 instalado na Unidade de Gest\u00e3o e Inspetoria local, onde funciona tamb\u00e9m a sede da Aeaanap no munic\u00edpio. Al\u00e9m dos profissionais que atuam em Adamantina, o espa\u00e7o poder\u00e1 ser usado por profissionais de outros munic\u00edpios, desde que seja feito o agendamento pr\u00e9vio, mas n\u00e3o \u00e9 necess\u00e1rio pagar nenhuma taxa para utilizar o local.<\/p>\n<p style=\"font-weight: 400\">A Prefeitura de Adamantina \u00e9 parceira da a\u00e7\u00e3o, pois a iniciativa vem ao encontro da implanta\u00e7\u00e3o da Secretaria de Desenvolvimento Econ\u00f4mico que j\u00e1 foi aprovada pela C\u00e2mara Municipal e sancionada pelo prefeito M\u00e1rcio Cardim.<\/p>\n<p style=\"font-weight: 400\">&#8220;Isso porque a nova secretaria tem o objetivo de promover iniciativas de fortalecimento do sistema produtivo formal e informal, apoiando a concess\u00e3o de flexibilidade e infraestrutura para implanta\u00e7\u00e3o de neg\u00f3cios locais visando dar efetividade \u00e0s a\u00e7\u00f5es do Munic\u00edpio\u201d, afirma o prefeito M\u00e1rcio Cardim.<\/p>\n<p style=\"font-weight: 400\">Al\u00e9m disso, a Secretaria de Desenvolvimento Econ\u00f4mico deve atuar em dois eixos principais: empreendedorismo e atra\u00e7\u00e3o de investimentos. O primeiro se fundamenta no est\u00edmulo a a\u00e7\u00f5es voltadas aos micro e pequenos empreendedores de Adamantina, com formaliza\u00e7\u00e3o de neg\u00f3cios, promo\u00e7\u00e3o de feiras e eventos, parceria com bancos para oferta de cr\u00e9dito, apoio \u00e0 economia criativa e solid\u00e1ria e desenvolvimento inclusivo, entre outras.<\/p>\n<p style=\"font-weight: 400\">O segundo objetiva atrair neg\u00f3cios para o munic\u00edpio de Adamantina, por meio da formula\u00e7\u00e3o, articula\u00e7\u00e3o e execu\u00e7\u00e3o de pol\u00edticas p\u00fablicas para o desenvolvimento da economia local, implementa\u00e7\u00e3o de incentivos fiscais, implanta\u00e7\u00e3o de parques tecnol\u00f3gicos e cria\u00e7\u00e3o de uma ag\u00eancia de desenvolvimento econ\u00f4mico.<\/p>\n<p style=\"font-weight: 400\">\u201cFicamos felizes em sermos parceiros da Aeaanap e o Crea-SP neste empreendimento, pois este vem para fortalecer os nossos esfor\u00e7os no desenvolvimento de a\u00e7\u00f5es que gerem emprego e renda ao nosso munic\u00edpio\u201d, afirma o prefeito M\u00e1rcio Cardim.<\/p>\n<p style=\"font-weight: 400\"><strong>Relembre<\/strong><\/p>\n<p style=\"font-weight: 400\">Uma comitiva formada pelo Executivo, Legislativo e CREA, esteve recentemente visitando o Parque de Inova\u00e7\u00e3o Tecnol\u00f3gica de S\u00e3o Jos\u00e9 dos Campos. A proposta de instala\u00e7\u00e3o do Parque de Inova\u00e7\u00e3o Tecnol\u00f3gica no munic\u00edpio, considera que Adamantina \u00e9 vista como potencial para desenvolvimento de novas tecnologias e neg\u00f3cios.<\/p>\n<p>Fonte: Assessoria de Imprensa<\/p>\n","protected":false},"excerpt":{"rendered":"<p>Na pr\u00f3xima segunda-feira, 7 de fevereiro, ser\u00e1 inaugurado em Adamantina o Hub de Inova\u00e7\u00e3o. O novo espa\u00e7o foi desenvolvido pela Associa\u00e7\u00e3o dos Engenheiros, Arquitetos e Agr\u00f4nomos da Nova Alta Paulista (Aeaanap) e Crea-SP e conta com o apoio da Prefeitura Municipal. De acordo com o engenheiro e presidente da\u00a0Aeaanap\u00a0de Adamantina, Andr\u00e9 Luiz Borrasca o objetivo [&hellip;]<\/p>\n","protected":false},"author":13,"featured_media":48929,"comment_status":"closed","ping_status":"open","sticky":false,"template":"","format":"standard","meta":{"_acf_changed":false,"_exactmetrics_skip_tracking":false,"_exactmetrics_sitenote_active":false,"_exactmetrics_sitenote_note":"","_exactmetrics_sitenote_category":0,"footnotes":""},"categories":[21],"tags":[],"class_list":["post-48928","post","type-post","status-publish","format-standard","has-post-thumbnail","hentry","category-adamantina"],"acf":[],"yoast_head":"<!-- This site is optimized with the Yoast SEO plugin v27.2 - https:\/\/yoast.com\/product\/yoast-seo-wordpress\/ -->\n<title>Hub de Inova\u00e7\u00e3o ser\u00e1 inaugurado dia 07 de fevereiro em Adamantina - R\u00e1dio Life FM<\/title>\n<meta name=\"robots\" content=\"index, follow, max-snippet:-1, max-image-preview:large, max-video-preview:-1\" \/>\n<link rel=\"canonical\" href=\"https:\/\/radiolifefm.com.br\/noticias\/hub-de-inovacao-sera-inaugurado-dia-07-de-fevereiro-em-adamantinaadamantina\/\" \/>\n<meta property=\"og:locale\" content=\"pt_BR\" \/>\n<meta property=\"og:type\" content=\"article\" \/>\n<meta property=\"og:title\" content=\"Hub de Inova\u00e7\u00e3o ser\u00e1 inaugurado dia 07 de fevereiro em Adamantina - R\u00e1dio Life FM\" \/>\n<meta property=\"og:description\" content=\"Na pr\u00f3xima segunda-feira, 7 de fevereiro, ser\u00e1 inaugurado em Adamantina o Hub de Inova\u00e7\u00e3o. O novo espa\u00e7o foi desenvolvido pela Associa\u00e7\u00e3o dos Engenheiros, Arquitetos e Agr\u00f4nomos da Nova Alta Paulista (Aeaanap) e Crea-SP e conta com o apoio da Prefeitura Municipal. De acordo com o engenheiro e presidente da\u00a0Aeaanap\u00a0de Adamantina, Andr\u00e9 Luiz Borrasca o objetivo [&hellip;]\" \/>\n<meta property=\"og:url\" content=\"https:\/\/radiolifefm.com.br\/noticias\/hub-de-inovacao-sera-inaugurado-dia-07-de-fevereiro-em-adamantinaadamantina\/\" \/>\n<meta property=\"og:site_name\" content=\"R\u00e1dio Life FM\" \/>\n<meta property=\"article:publisher\" content=\"https:\/\/www.facebook.com\/radiolifefm\/\" \/>\n<meta property=\"article:published_time\" content=\"2022-02-02T17:35:11+00:00\" \/>\n<meta property=\"article:modified_time\" content=\"2026-04-04T20:35:11+00:00\" \/>\n<meta property=\"og:image\" content=\"https:\/\/radiolifefm.com.br\/noticias\/wp-content\/uploads\/2022\/02\/adamantina-crea1jpg164381278161fa97addad39.jpg\" \/>\n\t<meta property=\"og:image:width\" content=\"600\" \/>\n\t<meta property=\"og:image:height\" content=\"337\" \/>\n\t<meta property=\"og:image:type\" content=\"image\/jpeg\" \/>\n<meta name=\"author\" content=\"ritanery\" \/>\n<meta name=\"twitter:card\" content=\"summary_large_image\" \/>\n<meta name=\"twitter:label1\" content=\"Escrito por\" \/>\n\t<meta name=\"twitter:data1\" content=\"ritanery\" \/>\n\t<meta name=\"twitter:label2\" content=\"Est. tempo de leitura\" \/>\n\t<meta name=\"twitter:data2\" content=\"2 minutos\" \/>\n<script type=\"application\/ld+json\" class=\"yoast-schema-graph\">{\"@context\":\"https:\/\/schema.org\",\"@graph\":[{\"@type\":\"Article\",\"@id\":\"https:\/\/radiolifefm.com.br\/noticias\/hub-de-inovacao-sera-inaugurado-dia-07-de-fevereiro-em-adamantinaadamantina\/#article\",\"isPartOf\":{\"@id\":\"https:\/\/radiolifefm.com.br\/noticias\/hub-de-inovacao-sera-inaugurado-dia-07-de-fevereiro-em-adamantinaadamantina\/\"},\"author\":{\"name\":\"ritanery\",\"@id\":\"https:\/\/radiolifefm.com.br\/noticias\/#\/schema\/person\/6339b9fac59d12b071dec680d7375d87\"},\"headline\":\"Hub de Inova\u00e7\u00e3o ser\u00e1 inaugurado dia 07 de fevereiro em Adamantina\",\"datePublished\":\"2022-02-02T17:35:11+00:00\",\"dateModified\":\"2026-04-04T20:35:11+00:00\",\"mainEntityOfPage\":{\"@id\":\"https:\/\/radiolifefm.com.br\/noticias\/hub-de-inovacao-sera-inaugurado-dia-07-de-fevereiro-em-adamantinaadamantina\/\"},\"wordCount\":487,\"publisher\":{\"@id\":\"https:\/\/radiolifefm.com.br\/noticias\/#organization\"},\"image\":{\"@id\":\"https:\/\/radiolifefm.com.br\/noticias\/hub-de-inovacao-sera-inaugurado-dia-07-de-fevereiro-em-adamantinaadamantina\/#primaryimage\"},\"thumbnailUrl\":\"https:\/\/radiolifefm.com.br\/noticias\/wp-content\/uploads\/2022\/02\/adamantina-crea1jpg164381278161fa97addad39.jpg\",\"articleSection\":[\"Adamantina\"],\"inLanguage\":\"pt-BR\"},{\"@type\":\"WebPage\",\"@id\":\"https:\/\/radiolifefm.com.br\/noticias\/hub-de-inovacao-sera-inaugurado-dia-07-de-fevereiro-em-adamantinaadamantina\/\",\"url\":\"https:\/\/radiolifefm.com.br\/noticias\/hub-de-inovacao-sera-inaugurado-dia-07-de-fevereiro-em-adamantinaadamantina\/\",\"name\":\"Hub de Inova\u00e7\u00e3o ser\u00e1 inaugurado dia 07 de fevereiro em Adamantina - R\u00e1dio Life FM\",\"isPartOf\":{\"@id\":\"https:\/\/radiolifefm.com.br\/noticias\/#website\"},\"primaryImageOfPage\":{\"@id\":\"https:\/\/radiolifefm.com.br\/noticias\/hub-de-inovacao-sera-inaugurado-dia-07-de-fevereiro-em-adamantinaadamantina\/#primaryimage\"},\"image\":{\"@id\":\"https:\/\/radiolifefm.com.br\/noticias\/hub-de-inovacao-sera-inaugurado-dia-07-de-fevereiro-em-adamantinaadamantina\/#primaryimage\"},\"thumbnailUrl\":\"https:\/\/radiolifefm.com.br\/noticias\/wp-content\/uploads\/2022\/02\/adamantina-crea1jpg164381278161fa97addad39.jpg\",\"datePublished\":\"2022-02-02T17:35:11+00:00\",\"dateModified\":\"2026-04-04T20:35:11+00:00\",\"breadcrumb\":{\"@id\":\"https:\/\/radiolifefm.com.br\/noticias\/hub-de-inovacao-sera-inaugurado-dia-07-de-fevereiro-em-adamantinaadamantina\/#breadcrumb\"},\"inLanguage\":\"pt-BR\",\"potentialAction\":[{\"@type\":\"ReadAction\",\"target\":[\"https:\/\/radiolifefm.com.br\/noticias\/hub-de-inovacao-sera-inaugurado-dia-07-de-fevereiro-em-adamantinaadamantina\/\"]}]},{\"@type\":\"ImageObject\",\"inLanguage\":\"pt-BR\",\"@id\":\"https:\/\/radiolifefm.com.br\/noticias\/hub-de-inovacao-sera-inaugurado-dia-07-de-fevereiro-em-adamantinaadamantina\/#primaryimage\",\"url\":\"https:\/\/radiolifefm.com.br\/noticias\/wp-content\/uploads\/2022\/02\/adamantina-crea1jpg164381278161fa97addad39.jpg\",\"contentUrl\":\"https:\/\/radiolifefm.com.br\/noticias\/wp-content\/uploads\/2022\/02\/adamantina-crea1jpg164381278161fa97addad39.jpg\",\"width\":600,\"height\":337,\"caption\":\"Iniciativa \u00e9 desenvolvida pela Associa\u00e7\u00e3o dos Engenheiros, Arquitetos e Agr\u00f4nomos da Nova Alta Paulista (Aeaanap) e Crea-SP em parceria com a Prefeitura de Adamantina\"},{\"@type\":\"BreadcrumbList\",\"@id\":\"https:\/\/radiolifefm.com.br\/noticias\/hub-de-inovacao-sera-inaugurado-dia-07-de-fevereiro-em-adamantinaadamantina\/#breadcrumb\",\"itemListElement\":[{\"@type\":\"ListItem\",\"position\":1,\"name\":\"In\u00edcio\",\"item\":\"https:\/\/radiolifefm.com.br\/noticias\/\"},{\"@type\":\"ListItem\",\"position\":2,\"name\":\"Hub de Inova\u00e7\u00e3o ser\u00e1 inaugurado dia 07 de fevereiro em Adamantina\"}]},{\"@type\":\"WebSite\",\"@id\":\"https:\/\/radiolifefm.com.br\/noticias\/#website\",\"url\":\"https:\/\/radiolifefm.com.br\/noticias\/\",\"name\":\"R\u00e1dio Life FM\",\"description\":\"O Portal de Not\u00edcias de Adamantina\",\"publisher\":{\"@id\":\"https:\/\/radiolifefm.com.br\/noticias\/#organization\"},\"alternateName\":\"Life FM\",\"potentialAction\":[{\"@type\":\"SearchAction\",\"target\":{\"@type\":\"EntryPoint\",\"urlTemplate\":\"https:\/\/radiolifefm.com.br\/noticias\/?s={search_term_string}\"},\"query-input\":{\"@type\":\"PropertyValueSpecification\",\"valueRequired\":true,\"valueName\":\"search_term_string\"}}],\"inLanguage\":\"pt-BR\"},{\"@type\":\"Organization\",\"@id\":\"https:\/\/radiolifefm.com.br\/noticias\/#organization\",\"name\":\"R\u00e1dio Life FM\",\"alternateName\":\"Life FM\",\"url\":\"https:\/\/radiolifefm.com.br\/noticias\/\",\"logo\":{\"@type\":\"ImageObject\",\"inLanguage\":\"pt-BR\",\"@id\":\"https:\/\/radiolifefm.com.br\/noticias\/#\/schema\/logo\/image\/\",\"url\":\"https:\/\/static.radiolifefm.com.br\/noticias\/wp-content\/uploads\/2019\/10\/logo-lifefm.png\",\"contentUrl\":\"https:\/\/static.radiolifefm.com.br\/noticias\/wp-content\/uploads\/2019\/10\/logo-lifefm.png\",\"width\":196,\"height\":47,\"caption\":\"R\u00e1dio Life FM\"},\"image\":{\"@id\":\"https:\/\/radiolifefm.com.br\/noticias\/#\/schema\/logo\/image\/\"},\"sameAs\":[\"https:\/\/www.facebook.com\/radiolifefm\/\",\"https:\/\/www.instagram.com\/life1079fm\/\"]},{\"@type\":\"Person\",\"@id\":\"https:\/\/radiolifefm.com.br\/noticias\/#\/schema\/person\/6339b9fac59d12b071dec680d7375d87\",\"name\":\"ritanery\",\"image\":{\"@type\":\"ImageObject\",\"inLanguage\":\"pt-BR\",\"@id\":\"https:\/\/secure.gravatar.com\/avatar\/0e37bb19071f47c0b8a23f62a903df117c5a0e75f65a0c2901562f97cd41cf86?s=96&d=mm&r=g\",\"url\":\"https:\/\/secure.gravatar.com\/avatar\/0e37bb19071f47c0b8a23f62a903df117c5a0e75f65a0c2901562f97cd41cf86?s=96&d=mm&r=g\",\"contentUrl\":\"https:\/\/secure.gravatar.com\/avatar\/0e37bb19071f47c0b8a23f62a903df117c5a0e75f65a0c2901562f97cd41cf86?s=96&d=mm&r=g\",\"caption\":\"ritanery\"}}]}<\/script>\n<!-- \/ Yoast SEO plugin. -->","yoast_head_json":{"title":"Hub de Inova\u00e7\u00e3o ser\u00e1 inaugurado dia 07 de fevereiro em Adamantina - R\u00e1dio Life FM","robots":{"index":"index","follow":"follow","max-snippet":"max-snippet:-1","max-image-preview":"max-image-preview:large","max-video-preview":"max-video-preview:-1"},"canonical":"https:\/\/radiolifefm.com.br\/noticias\/hub-de-inovacao-sera-inaugurado-dia-07-de-fevereiro-em-adamantinaadamantina\/","og_locale":"pt_BR","og_type":"article","og_title":"Hub de Inova\u00e7\u00e3o ser\u00e1 inaugurado dia 07 de fevereiro em Adamantina - R\u00e1dio Life FM","og_description":"Na pr\u00f3xima segunda-feira, 7 de fevereiro, ser\u00e1 inaugurado em Adamantina o Hub de Inova\u00e7\u00e3o. O novo espa\u00e7o foi desenvolvido pela Associa\u00e7\u00e3o dos Engenheiros, Arquitetos e Agr\u00f4nomos da Nova Alta Paulista (Aeaanap) e Crea-SP e conta com o apoio da Prefeitura Municipal. De acordo com o engenheiro e presidente da\u00a0Aeaanap\u00a0de Adamantina, Andr\u00e9 Luiz Borrasca o objetivo [&hellip;]","og_url":"https:\/\/radiolifefm.com.br\/noticias\/hub-de-inovacao-sera-inaugurado-dia-07-de-fevereiro-em-adamantinaadamantina\/","og_site_name":"R\u00e1dio Life FM","article_publisher":"https:\/\/www.facebook.com\/radiolifefm\/","article_published_time":"2022-02-02T17:35:11+00:00","article_modified_time":"2026-04-04T20:35:11+00:00","og_image":[{"width":600,"height":337,"url":"https:\/\/radiolifefm.com.br\/noticias\/wp-content\/uploads\/2022\/02\/adamantina-crea1jpg164381278161fa97addad39.jpg","type":"image\/jpeg"}],"author":"ritanery","twitter_card":"summary_large_image","twitter_misc":{"Escrito por":"ritanery","Est. tempo de leitura":"2 minutos"},"schema":{"@context":"https:\/\/schema.org","@graph":[{"@type":"Article","@id":"https:\/\/radiolifefm.com.br\/noticias\/hub-de-inovacao-sera-inaugurado-dia-07-de-fevereiro-em-adamantinaadamantina\/#article","isPartOf":{"@id":"https:\/\/radiolifefm.com.br\/noticias\/hub-de-inovacao-sera-inaugurado-dia-07-de-fevereiro-em-adamantinaadamantina\/"},"author":{"name":"ritanery","@id":"https:\/\/radiolifefm.com.br\/noticias\/#\/schema\/person\/6339b9fac59d12b071dec680d7375d87"},"headline":"Hub de Inova\u00e7\u00e3o ser\u00e1 inaugurado dia 07 de fevereiro em Adamantina","datePublished":"2022-02-02T17:35:11+00:00","dateModified":"2026-04-04T20:35:11+00:00","mainEntityOfPage":{"@id":"https:\/\/radiolifefm.com.br\/noticias\/hub-de-inovacao-sera-inaugurado-dia-07-de-fevereiro-em-adamantinaadamantina\/"},"wordCount":487,"publisher":{"@id":"https:\/\/radiolifefm.com.br\/noticias\/#organization"},"image":{"@id":"https:\/\/radiolifefm.com.br\/noticias\/hub-de-inovacao-sera-inaugurado-dia-07-de-fevereiro-em-adamantinaadamantina\/#primaryimage"},"thumbnailUrl":"https:\/\/radiolifefm.com.br\/noticias\/wp-content\/uploads\/2022\/02\/adamantina-crea1jpg164381278161fa97addad39.jpg","articleSection":["Adamantina"],"inLanguage":"pt-BR"},{"@type":"WebPage","@id":"https:\/\/radiolifefm.com.br\/noticias\/hub-de-inovacao-sera-inaugurado-dia-07-de-fevereiro-em-adamantinaadamantina\/","url":"https:\/\/radiolifefm.com.br\/noticias\/hub-de-inovacao-sera-inaugurado-dia-07-de-fevereiro-em-adamantinaadamantina\/","name":"Hub de Inova\u00e7\u00e3o ser\u00e1 inaugurado dia 07 de fevereiro em Adamantina - R\u00e1dio Life FM","isPartOf":{"@id":"https:\/\/radiolifefm.com.br\/noticias\/#website"},"primaryImageOfPage":{"@id":"https:\/\/radiolifefm.com.br\/noticias\/hub-de-inovacao-sera-inaugurado-dia-07-de-fevereiro-em-adamantinaadamantina\/#primaryimage"},"image":{"@id":"https:\/\/radiolifefm.com.br\/noticias\/hub-de-inovacao-sera-inaugurado-dia-07-de-fevereiro-em-adamantinaadamantina\/#primaryimage"},"thumbnailUrl":"https:\/\/radiolifefm.com.br\/noticias\/wp-content\/uploads\/2022\/02\/adamantina-crea1jpg164381278161fa97addad39.jpg","datePublished":"2022-02-02T17:35:11+00:00","dateModified":"2026-04-04T20:35:11+00:00","breadcrumb":{"@id":"https:\/\/radiolifefm.com.br\/noticias\/hub-de-inovacao-sera-inaugurado-dia-07-de-fevereiro-em-adamantinaadamantina\/#breadcrumb"},"inLanguage":"pt-BR","potentialAction":[{"@type":"ReadAction","target":["https:\/\/radiolifefm.com.br\/noticias\/hub-de-inovacao-sera-inaugurado-dia-07-de-fevereiro-em-adamantinaadamantina\/"]}]},{"@type":"ImageObject","inLanguage":"pt-BR","@id":"https:\/\/radiolifefm.com.br\/noticias\/hub-de-inovacao-sera-inaugurado-dia-07-de-fevereiro-em-adamantinaadamantina\/#primaryimage","url":"https:\/\/radiolifefm.com.br\/noticias\/wp-content\/uploads\/2022\/02\/adamantina-crea1jpg164381278161fa97addad39.jpg","contentUrl":"https:\/\/radiolifefm.com.br\/noticias\/wp-content\/uploads\/2022\/02\/adamantina-crea1jpg164381278161fa97addad39.jpg","width":600,"height":337,"caption":"Iniciativa \u00e9 desenvolvida pela Associa\u00e7\u00e3o dos Engenheiros, Arquitetos e Agr\u00f4nomos da Nova Alta Paulista (Aeaanap) e Crea-SP em parceria com a Prefeitura de Adamantina"},{"@type":"BreadcrumbList","@id":"https:\/\/radiolifefm.com.br\/noticias\/hub-de-inovacao-sera-inaugurado-dia-07-de-fevereiro-em-adamantinaadamantina\/#breadcrumb","itemListElement":[{"@type":"ListItem","position":1,"name":"In\u00edcio","item":"https:\/\/radiolifefm.com.br\/noticias\/"},{"@type":"ListItem","position":2,"name":"Hub de Inova\u00e7\u00e3o ser\u00e1 inaugurado dia 07 de fevereiro em Adamantina"}]},{"@type":"WebSite","@id":"https:\/\/radiolifefm.com.br\/noticias\/#website","url":"https:\/\/radiolifefm.com.br\/noticias\/","name":"R\u00e1dio Life FM","description":"O Portal de Not\u00edcias de Adamantina","publisher":{"@id":"https:\/\/radiolifefm.com.br\/noticias\/#organization"},"alternateName":"Life FM","potentialAction":[{"@type":"SearchAction","target":{"@type":"EntryPoint","urlTemplate":"https:\/\/radiolifefm.com.br\/noticias\/?s={search_term_string}"},"query-input":{"@type":"PropertyValueSpecification","valueRequired":true,"valueName":"search_term_string"}}],"inLanguage":"pt-BR"},{"@type":"Organization","@id":"https:\/\/radiolifefm.com.br\/noticias\/#organization","name":"R\u00e1dio Life FM","alternateName":"Life FM","url":"https:\/\/radiolifefm.com.br\/noticias\/","logo":{"@type":"ImageObject","inLanguage":"pt-BR","@id":"https:\/\/radiolifefm.com.br\/noticias\/#\/schema\/logo\/image\/","url":"https:\/\/static.radiolifefm.com.br\/noticias\/wp-content\/uploads\/2019\/10\/logo-lifefm.png","contentUrl":"https:\/\/static.radiolifefm.com.br\/noticias\/wp-content\/uploads\/2019\/10\/logo-lifefm.png","width":196,"height":47,"caption":"R\u00e1dio Life FM"},"image":{"@id":"https:\/\/radiolifefm.com.br\/noticias\/#\/schema\/logo\/image\/"},"sameAs":["https:\/\/www.facebook.com\/radiolifefm\/","https:\/\/www.instagram.com\/life1079fm\/"]},{"@type":"Person","@id":"https:\/\/radiolifefm.com.br\/noticias\/#\/schema\/person\/6339b9fac59d12b071dec680d7375d87","name":"ritanery","image":{"@type":"ImageObject","inLanguage":"pt-BR","@id":"https:\/\/secure.gravatar.com\/avatar\/0e37bb19071f47c0b8a23f62a903df117c5a0e75f65a0c2901562f97cd41cf86?s=96&d=mm&r=g","url":"https:\/\/secure.gravatar.com\/avatar\/0e37bb19071f47c0b8a23f62a903df117c5a0e75f65a0c2901562f97cd41cf86?s=96&d=mm&r=g","contentUrl":"https:\/\/secure.gravatar.com\/avatar\/0e37bb19071f47c0b8a23f62a903df117c5a0e75f65a0c2901562f97cd41cf86?s=96&d=mm&r=g","caption":"ritanery"}}]}},"amp_enabled":true,"_links":{"self":[{"href":"https:\/\/radiolifefm.com.br\/noticias\/wp-json\/wp\/v2\/posts\/48928","targetHints":{"allow":["GET"]}}],"collection":[{"href":"https:\/\/radiolifefm.com.br\/noticias\/wp-json\/wp\/v2\/posts"}],"about":[{"href":"https:\/\/radiolifefm.com.br\/noticias\/wp-json\/wp\/v2\/types\/post"}],"author":[{"embeddable":true,"href":"https:\/\/radiolifefm.com.br\/noticias\/wp-json\/wp\/v2\/users\/13"}],"replies":[{"embeddable":true,"href":"https:\/\/radiolifefm.com.br\/noticias\/wp-json\/wp\/v2\/comments?post=48928"}],"version-history":[{"count":9,"href":"https:\/\/radiolifefm.com.br\/noticias\/wp-json\/wp\/v2\/posts\/48928\/revisions"}],"predecessor-version":[{"id":48938,"href":"https:\/\/radiolifefm.com.br\/noticias\/wp-json\/wp\/v2\/posts\/48928\/revisions\/48938"}],"wp:featuredmedia":[{"embeddable":true,"href":"https:\/\/radiolifefm.com.br\/noticias\/wp-json\/wp\/v2\/media\/48929"}],"wp:attachment":[{"href":"https:\/\/radiolifefm.com.br\/noticias\/wp-json\/wp\/v2\/media?parent=48928"}],"wp:term":[{"taxonomy":"category","embeddable":true,"href":"https:\/\/radiolifefm.com.br\/noticias\/wp-json\/wp\/v2\/categories?post=48928"},{"taxonomy":"post_tag","embeddable":true,"href":"https:\/\/radiolifefm.com.br\/noticias\/wp-json\/wp\/v2\/tags?post=48928"}],"curies":[{"name":"wp","href":"https:\/\/api.w.org\/{rel}","templated":true}]}}