{"id":48720,"date":"2022-01-28T14:48:27","date_gmt":"2022-01-28T17:48:27","guid":{"rendered":"https:\/\/radiolifefm.com.br\/noticias\/?p=48720"},"modified":"2025-10-07T03:21:41","modified_gmt":"2025-10-07T06:21:41","slug":"imunizacao-de-criancas-a-partir-de-5-anos-contra-a-covid-19-comeca-segunda-feira-31-em-adamantina","status":"publish","type":"post","link":"https:\/\/radiolifefm.com.br\/noticias\/imunizacao-de-criancas-a-partir-de-5-anos-contra-a-covid-19-comeca-segunda-feira-31-em-adamantina\/","title":{"rendered":"Imuniza\u00e7\u00e3o de crian\u00e7as a partir de 5 anos contra a COVID-19 come\u00e7a segunda-feira (31) em Adamantina"},"content":{"rendered":"<div id=\"fb-root\"><\/div>\n<p style=\"font-weight: 400\">A Prefeitura de Adamantina, por meio da Secretaria de Sa\u00fade, informa que a partir de segunda-feira (31) podem procurar o Centro Integrado de Sa\u00fade (CIS) todas as crian\u00e7as que tem entre 5 e 11 anos bem como as que possuem alguma comorbidade e que ainda n\u00e3o foram imunizadas para receber a primeira dose da vacina contra a COVID-19. A imuniza\u00e7\u00e3o acontece das 7h \u00e0s 11h e das 13h \u00e0s 17h.<\/p>\n<p style=\"font-weight: 400\">\n<p style=\"font-weight: 400\">A vacina\u00e7\u00e3o de pessoas que tem de 5 anos completos ser\u00e1 realizada somente com a vacina da Pfizer. J\u00e1 a aplica\u00e7\u00e3o do imunizante em crian\u00e7as de 6 anos at\u00e9 11 anos, 11 meses e 29 dias ocorrer\u00e1 em todo o Estado de S\u00e3o Paulo com a utiliza\u00e7\u00e3o da vacina tanto da Pfizer quanto da Sinovac\/Butantan, pois a mesma j\u00e1 possui autoriza\u00e7\u00e3o da ANVISA para ser aplicada no p\u00fablico-alvo.<\/p>\n<p style=\"font-weight: 400\">\n<p style=\"font-weight: 400\">Os indiv\u00edduos que apresentam as condi\u00e7\u00f5es: I &#8211; Imunodefici\u00eancia prim\u00e1ria grave; II &#8211; Quimioterapia para c\u00e2ncer; III &#8211; Transplantados de \u00f3rg\u00e3o s\u00f3lido ou de c\u00e9lulas tronco hematopoi\u00e9ticas (TCTH) em uso de drogas imunossupressoras; IV &#8211; Pessoas vivendo com HIV\/Aids; V &#8211; Uso de cortic\u00f3ides em doses ?20 mg\/dia de prednisona, ou equivalente, por ?14 dias; VI &#8211; Uso de drogas modificadoras da resposta imune &#8211; Metotrexato; Leflunomida; Micofenolato de mofetila; Azatiprina; Ciclofosfamida; Ciclosporina; Tacrolimus; 6-mercaptopurina; Biol\u00f3gicos em geral (infliximabe, etanercept, humira, adalimumabe, tocilizumabe, Canakinumabe, golimumabe, certolizumabe, abatacepte, Secukinumabe, ustekinumabe); Inibidores da JAK (Tofacitinibe, baracitinibe e Upadacitinibe); VII-Auto inflamat\u00f3rias, doen\u00e7as intestinais inflamat\u00f3rias; VIII &#8211; Pacientes em terapia renal substitutiva (hemodi\u00e1lise) e IX &#8211; Pacientes com doen\u00e7as imunomediadas inflamat\u00f3rias cr\u00f4nicas, a imuniza\u00e7\u00e3o ocorre com a vacina fabricada pela Pfizer.<\/p>\n<p style=\"font-weight: 400\">\n<p style=\"font-weight: 400\">A Vigil\u00e2ncia Epidemiol\u00f3gica pede aos pais\/respons\u00e1veis que forem levar a crian\u00e7a para receber a vacina que apresentem o Cart\u00e3o SUS da crian\u00e7a, pois muitos ainda n\u00e3o tem CPF e a aplica\u00e7\u00e3o da dose precisa ser cadastrada no sistema.<\/p>\n<p>Fonte: Assessoria de Imprensa<\/p>\n","protected":false},"excerpt":{"rendered":"<p>A Prefeitura de Adamantina, por meio da Secretaria de Sa\u00fade, informa que a partir de segunda-feira (31) podem procurar o Centro Integrado de Sa\u00fade (CIS) todas as crian\u00e7as que tem entre 5 e 11 anos bem como as que possuem alguma comorbidade e que ainda n\u00e3o foram imunizadas para receber a primeira dose da vacina [&hellip;]<\/p>\n","protected":false},"author":13,"featured_media":48402,"comment_status":"closed","ping_status":"open","sticky":false,"template":"","format":"standard","meta":{"_acf_changed":false,"_exactmetrics_skip_tracking":false,"_exactmetrics_sitenote_active":false,"_exactmetrics_sitenote_note":"","_exactmetrics_sitenote_category":0,"footnotes":""},"categories":[21],"tags":[],"class_list":["post-48720","post","type-post","status-publish","format-standard","has-post-thumbnail","hentry","category-adamantina"],"acf":[],"yoast_head":"<!-- This site is optimized with the Yoast SEO plugin v27.2 - https:\/\/yoast.com\/product\/yoast-seo-wordpress\/ -->\n<title>Imuniza\u00e7\u00e3o de crian\u00e7as a partir de 5 anos contra a COVID-19 come\u00e7a segunda-feira (31) em Adamantina - R\u00e1dio Life FM<\/title>\n<meta name=\"robots\" content=\"index, follow, max-snippet:-1, max-image-preview:large, max-video-preview:-1\" \/>\n<link rel=\"canonical\" href=\"https:\/\/radiolifefm.com.br\/noticias\/imunizacao-de-criancas-a-partir-de-5-anos-contra-a-covid-19-comeca-segunda-feira-31-em-adamantina\/\" \/>\n<meta property=\"og:locale\" content=\"pt_BR\" \/>\n<meta property=\"og:type\" content=\"article\" \/>\n<meta property=\"og:title\" content=\"Imuniza\u00e7\u00e3o de crian\u00e7as a partir de 5 anos contra a COVID-19 come\u00e7a segunda-feira (31) em Adamantina - R\u00e1dio Life FM\" \/>\n<meta property=\"og:description\" content=\"A Prefeitura de Adamantina, por meio da Secretaria de Sa\u00fade, informa que a partir de segunda-feira (31) podem procurar o Centro Integrado de Sa\u00fade (CIS) todas as crian\u00e7as que tem entre 5 e 11 anos bem como as que possuem alguma comorbidade e que ainda n\u00e3o foram imunizadas para receber a primeira dose da vacina [&hellip;]\" \/>\n<meta property=\"og:url\" content=\"https:\/\/radiolifefm.com.br\/noticias\/imunizacao-de-criancas-a-partir-de-5-anos-contra-a-covid-19-comeca-segunda-feira-31-em-adamantina\/\" \/>\n<meta property=\"og:site_name\" content=\"R\u00e1dio Life FM\" \/>\n<meta property=\"article:publisher\" content=\"https:\/\/www.facebook.com\/radiolifefm\/\" \/>\n<meta property=\"article:published_time\" content=\"2022-01-28T17:48:27+00:00\" \/>\n<meta property=\"article:modified_time\" content=\"2025-10-07T06:21:41+00:00\" \/>\n<meta property=\"og:image\" content=\"https:\/\/static.radiolifefm.com.br\/noticias\/wp-content\/uploads\/2022\/01\/vacinacao_de_criancas_covid-19_ubs_5_de_taguatinga_sul_jfcrz_abr_1601220026.jpg\" \/>\n\t<meta property=\"og:image:width\" content=\"1170\" \/>\n\t<meta property=\"og:image:height\" content=\"700\" \/>\n\t<meta property=\"og:image:type\" content=\"image\/jpeg\" \/>\n<meta name=\"author\" content=\"ritanery\" \/>\n<meta name=\"twitter:card\" content=\"summary_large_image\" \/>\n<meta name=\"twitter:label1\" content=\"Escrito por\" \/>\n\t<meta name=\"twitter:data1\" content=\"ritanery\" \/>\n\t<meta name=\"twitter:label2\" content=\"Est. tempo de leitura\" \/>\n\t<meta name=\"twitter:data2\" content=\"2 minutos\" \/>\n<script type=\"application\/ld+json\" class=\"yoast-schema-graph\">{\"@context\":\"https:\/\/schema.org\",\"@graph\":[{\"@type\":\"Article\",\"@id\":\"https:\/\/radiolifefm.com.br\/noticias\/imunizacao-de-criancas-a-partir-de-5-anos-contra-a-covid-19-comeca-segunda-feira-31-em-adamantina\/#article\",\"isPartOf\":{\"@id\":\"https:\/\/radiolifefm.com.br\/noticias\/imunizacao-de-criancas-a-partir-de-5-anos-contra-a-covid-19-comeca-segunda-feira-31-em-adamantina\/\"},\"author\":{\"name\":\"ritanery\",\"@id\":\"https:\/\/radiolifefm.com.br\/noticias\/#\/schema\/person\/6339b9fac59d12b071dec680d7375d87\"},\"headline\":\"Imuniza\u00e7\u00e3o de crian\u00e7as a partir de 5 anos contra a COVID-19 come\u00e7a segunda-feira (31) em Adamantina\",\"datePublished\":\"2022-01-28T17:48:27+00:00\",\"dateModified\":\"2025-10-07T06:21:41+00:00\",\"mainEntityOfPage\":{\"@id\":\"https:\/\/radiolifefm.com.br\/noticias\/imunizacao-de-criancas-a-partir-de-5-anos-contra-a-covid-19-comeca-segunda-feira-31-em-adamantina\/\"},\"wordCount\":357,\"publisher\":{\"@id\":\"https:\/\/radiolifefm.com.br\/noticias\/#organization\"},\"image\":{\"@id\":\"https:\/\/radiolifefm.com.br\/noticias\/imunizacao-de-criancas-a-partir-de-5-anos-contra-a-covid-19-comeca-segunda-feira-31-em-adamantina\/#primaryimage\"},\"thumbnailUrl\":\"https:\/\/radiolifefm.com.br\/noticias\/wp-content\/uploads\/2022\/01\/vacinacao_de_criancas_covid-19_ubs_5_de_taguatinga_sul_jfcrz_abr_1601220026.jpg\",\"articleSection\":[\"Adamantina\"],\"inLanguage\":\"pt-BR\"},{\"@type\":\"WebPage\",\"@id\":\"https:\/\/radiolifefm.com.br\/noticias\/imunizacao-de-criancas-a-partir-de-5-anos-contra-a-covid-19-comeca-segunda-feira-31-em-adamantina\/\",\"url\":\"https:\/\/radiolifefm.com.br\/noticias\/imunizacao-de-criancas-a-partir-de-5-anos-contra-a-covid-19-comeca-segunda-feira-31-em-adamantina\/\",\"name\":\"Imuniza\u00e7\u00e3o de crian\u00e7as a partir de 5 anos contra a COVID-19 come\u00e7a segunda-feira (31) em Adamantina - R\u00e1dio Life FM\",\"isPartOf\":{\"@id\":\"https:\/\/radiolifefm.com.br\/noticias\/#website\"},\"primaryImageOfPage\":{\"@id\":\"https:\/\/radiolifefm.com.br\/noticias\/imunizacao-de-criancas-a-partir-de-5-anos-contra-a-covid-19-comeca-segunda-feira-31-em-adamantina\/#primaryimage\"},\"image\":{\"@id\":\"https:\/\/radiolifefm.com.br\/noticias\/imunizacao-de-criancas-a-partir-de-5-anos-contra-a-covid-19-comeca-segunda-feira-31-em-adamantina\/#primaryimage\"},\"thumbnailUrl\":\"https:\/\/radiolifefm.com.br\/noticias\/wp-content\/uploads\/2022\/01\/vacinacao_de_criancas_covid-19_ubs_5_de_taguatinga_sul_jfcrz_abr_1601220026.jpg\",\"datePublished\":\"2022-01-28T17:48:27+00:00\",\"dateModified\":\"2025-10-07T06:21:41+00:00\",\"breadcrumb\":{\"@id\":\"https:\/\/radiolifefm.com.br\/noticias\/imunizacao-de-criancas-a-partir-de-5-anos-contra-a-covid-19-comeca-segunda-feira-31-em-adamantina\/#breadcrumb\"},\"inLanguage\":\"pt-BR\",\"potentialAction\":[{\"@type\":\"ReadAction\",\"target\":[\"https:\/\/radiolifefm.com.br\/noticias\/imunizacao-de-criancas-a-partir-de-5-anos-contra-a-covid-19-comeca-segunda-feira-31-em-adamantina\/\"]}]},{\"@type\":\"ImageObject\",\"inLanguage\":\"pt-BR\",\"@id\":\"https:\/\/radiolifefm.com.br\/noticias\/imunizacao-de-criancas-a-partir-de-5-anos-contra-a-covid-19-comeca-segunda-feira-31-em-adamantina\/#primaryimage\",\"url\":\"https:\/\/radiolifefm.com.br\/noticias\/wp-content\/uploads\/2022\/01\/vacinacao_de_criancas_covid-19_ubs_5_de_taguatinga_sul_jfcrz_abr_1601220026.jpg\",\"contentUrl\":\"https:\/\/radiolifefm.com.br\/noticias\/wp-content\/uploads\/2022\/01\/vacinacao_de_criancas_covid-19_ubs_5_de_taguatinga_sul_jfcrz_abr_1601220026.jpg\",\"width\":1170,\"height\":700},{\"@type\":\"BreadcrumbList\",\"@id\":\"https:\/\/radiolifefm.com.br\/noticias\/imunizacao-de-criancas-a-partir-de-5-anos-contra-a-covid-19-comeca-segunda-feira-31-em-adamantina\/#breadcrumb\",\"itemListElement\":[{\"@type\":\"ListItem\",\"position\":1,\"name\":\"In\u00edcio\",\"item\":\"https:\/\/radiolifefm.com.br\/noticias\/\"},{\"@type\":\"ListItem\",\"position\":2,\"name\":\"Imuniza\u00e7\u00e3o de crian\u00e7as a partir de 5 anos contra a COVID-19 come\u00e7a segunda-feira (31) em Adamantina\"}]},{\"@type\":\"WebSite\",\"@id\":\"https:\/\/radiolifefm.com.br\/noticias\/#website\",\"url\":\"https:\/\/radiolifefm.com.br\/noticias\/\",\"name\":\"R\u00e1dio Life FM\",\"description\":\"O Portal de Not\u00edcias de Adamantina\",\"publisher\":{\"@id\":\"https:\/\/radiolifefm.com.br\/noticias\/#organization\"},\"alternateName\":\"Life FM\",\"potentialAction\":[{\"@type\":\"SearchAction\",\"target\":{\"@type\":\"EntryPoint\",\"urlTemplate\":\"https:\/\/radiolifefm.com.br\/noticias\/?s={search_term_string}\"},\"query-input\":{\"@type\":\"PropertyValueSpecification\",\"valueRequired\":true,\"valueName\":\"search_term_string\"}}],\"inLanguage\":\"pt-BR\"},{\"@type\":\"Organization\",\"@id\":\"https:\/\/radiolifefm.com.br\/noticias\/#organization\",\"name\":\"R\u00e1dio Life FM\",\"alternateName\":\"Life FM\",\"url\":\"https:\/\/radiolifefm.com.br\/noticias\/\",\"logo\":{\"@type\":\"ImageObject\",\"inLanguage\":\"pt-BR\",\"@id\":\"https:\/\/radiolifefm.com.br\/noticias\/#\/schema\/logo\/image\/\",\"url\":\"https:\/\/static.radiolifefm.com.br\/noticias\/wp-content\/uploads\/2019\/10\/logo-lifefm.png\",\"contentUrl\":\"https:\/\/static.radiolifefm.com.br\/noticias\/wp-content\/uploads\/2019\/10\/logo-lifefm.png\",\"width\":196,\"height\":47,\"caption\":\"R\u00e1dio Life FM\"},\"image\":{\"@id\":\"https:\/\/radiolifefm.com.br\/noticias\/#\/schema\/logo\/image\/\"},\"sameAs\":[\"https:\/\/www.facebook.com\/radiolifefm\/\",\"https:\/\/www.instagram.com\/life1079fm\/\"]},{\"@type\":\"Person\",\"@id\":\"https:\/\/radiolifefm.com.br\/noticias\/#\/schema\/person\/6339b9fac59d12b071dec680d7375d87\",\"name\":\"ritanery\",\"image\":{\"@type\":\"ImageObject\",\"inLanguage\":\"pt-BR\",\"@id\":\"https:\/\/secure.gravatar.com\/avatar\/0e37bb19071f47c0b8a23f62a903df117c5a0e75f65a0c2901562f97cd41cf86?s=96&d=mm&r=g\",\"url\":\"https:\/\/secure.gravatar.com\/avatar\/0e37bb19071f47c0b8a23f62a903df117c5a0e75f65a0c2901562f97cd41cf86?s=96&d=mm&r=g\",\"contentUrl\":\"https:\/\/secure.gravatar.com\/avatar\/0e37bb19071f47c0b8a23f62a903df117c5a0e75f65a0c2901562f97cd41cf86?s=96&d=mm&r=g\",\"caption\":\"ritanery\"}}]}<\/script>\n<!-- \/ Yoast SEO plugin. -->","yoast_head_json":{"title":"Imuniza\u00e7\u00e3o de crian\u00e7as a partir de 5 anos contra a COVID-19 come\u00e7a segunda-feira (31) em Adamantina - R\u00e1dio Life FM","robots":{"index":"index","follow":"follow","max-snippet":"max-snippet:-1","max-image-preview":"max-image-preview:large","max-video-preview":"max-video-preview:-1"},"canonical":"https:\/\/radiolifefm.com.br\/noticias\/imunizacao-de-criancas-a-partir-de-5-anos-contra-a-covid-19-comeca-segunda-feira-31-em-adamantina\/","og_locale":"pt_BR","og_type":"article","og_title":"Imuniza\u00e7\u00e3o de crian\u00e7as a partir de 5 anos contra a COVID-19 come\u00e7a segunda-feira (31) em Adamantina - R\u00e1dio Life FM","og_description":"A Prefeitura de Adamantina, por meio da Secretaria de Sa\u00fade, informa que a partir de segunda-feira (31) podem procurar o Centro Integrado de Sa\u00fade (CIS) todas as crian\u00e7as que tem entre 5 e 11 anos bem como as que possuem alguma comorbidade e que ainda n\u00e3o foram imunizadas para receber a primeira dose da vacina [&hellip;]","og_url":"https:\/\/radiolifefm.com.br\/noticias\/imunizacao-de-criancas-a-partir-de-5-anos-contra-a-covid-19-comeca-segunda-feira-31-em-adamantina\/","og_site_name":"R\u00e1dio Life FM","article_publisher":"https:\/\/www.facebook.com\/radiolifefm\/","article_published_time":"2022-01-28T17:48:27+00:00","article_modified_time":"2025-10-07T06:21:41+00:00","og_image":[{"width":1170,"height":700,"url":"https:\/\/static.radiolifefm.com.br\/noticias\/wp-content\/uploads\/2022\/01\/vacinacao_de_criancas_covid-19_ubs_5_de_taguatinga_sul_jfcrz_abr_1601220026.jpg","type":"image\/jpeg"}],"author":"ritanery","twitter_card":"summary_large_image","twitter_misc":{"Escrito por":"ritanery","Est. tempo de leitura":"2 minutos"},"schema":{"@context":"https:\/\/schema.org","@graph":[{"@type":"Article","@id":"https:\/\/radiolifefm.com.br\/noticias\/imunizacao-de-criancas-a-partir-de-5-anos-contra-a-covid-19-comeca-segunda-feira-31-em-adamantina\/#article","isPartOf":{"@id":"https:\/\/radiolifefm.com.br\/noticias\/imunizacao-de-criancas-a-partir-de-5-anos-contra-a-covid-19-comeca-segunda-feira-31-em-adamantina\/"},"author":{"name":"ritanery","@id":"https:\/\/radiolifefm.com.br\/noticias\/#\/schema\/person\/6339b9fac59d12b071dec680d7375d87"},"headline":"Imuniza\u00e7\u00e3o de crian\u00e7as a partir de 5 anos contra a COVID-19 come\u00e7a segunda-feira (31) em Adamantina","datePublished":"2022-01-28T17:48:27+00:00","dateModified":"2025-10-07T06:21:41+00:00","mainEntityOfPage":{"@id":"https:\/\/radiolifefm.com.br\/noticias\/imunizacao-de-criancas-a-partir-de-5-anos-contra-a-covid-19-comeca-segunda-feira-31-em-adamantina\/"},"wordCount":357,"publisher":{"@id":"https:\/\/radiolifefm.com.br\/noticias\/#organization"},"image":{"@id":"https:\/\/radiolifefm.com.br\/noticias\/imunizacao-de-criancas-a-partir-de-5-anos-contra-a-covid-19-comeca-segunda-feira-31-em-adamantina\/#primaryimage"},"thumbnailUrl":"https:\/\/radiolifefm.com.br\/noticias\/wp-content\/uploads\/2022\/01\/vacinacao_de_criancas_covid-19_ubs_5_de_taguatinga_sul_jfcrz_abr_1601220026.jpg","articleSection":["Adamantina"],"inLanguage":"pt-BR"},{"@type":"WebPage","@id":"https:\/\/radiolifefm.com.br\/noticias\/imunizacao-de-criancas-a-partir-de-5-anos-contra-a-covid-19-comeca-segunda-feira-31-em-adamantina\/","url":"https:\/\/radiolifefm.com.br\/noticias\/imunizacao-de-criancas-a-partir-de-5-anos-contra-a-covid-19-comeca-segunda-feira-31-em-adamantina\/","name":"Imuniza\u00e7\u00e3o de crian\u00e7as a partir de 5 anos contra a COVID-19 come\u00e7a segunda-feira (31) em Adamantina - R\u00e1dio Life FM","isPartOf":{"@id":"https:\/\/radiolifefm.com.br\/noticias\/#website"},"primaryImageOfPage":{"@id":"https:\/\/radiolifefm.com.br\/noticias\/imunizacao-de-criancas-a-partir-de-5-anos-contra-a-covid-19-comeca-segunda-feira-31-em-adamantina\/#primaryimage"},"image":{"@id":"https:\/\/radiolifefm.com.br\/noticias\/imunizacao-de-criancas-a-partir-de-5-anos-contra-a-covid-19-comeca-segunda-feira-31-em-adamantina\/#primaryimage"},"thumbnailUrl":"https:\/\/radiolifefm.com.br\/noticias\/wp-content\/uploads\/2022\/01\/vacinacao_de_criancas_covid-19_ubs_5_de_taguatinga_sul_jfcrz_abr_1601220026.jpg","datePublished":"2022-01-28T17:48:27+00:00","dateModified":"2025-10-07T06:21:41+00:00","breadcrumb":{"@id":"https:\/\/radiolifefm.com.br\/noticias\/imunizacao-de-criancas-a-partir-de-5-anos-contra-a-covid-19-comeca-segunda-feira-31-em-adamantina\/#breadcrumb"},"inLanguage":"pt-BR","potentialAction":[{"@type":"ReadAction","target":["https:\/\/radiolifefm.com.br\/noticias\/imunizacao-de-criancas-a-partir-de-5-anos-contra-a-covid-19-comeca-segunda-feira-31-em-adamantina\/"]}]},{"@type":"ImageObject","inLanguage":"pt-BR","@id":"https:\/\/radiolifefm.com.br\/noticias\/imunizacao-de-criancas-a-partir-de-5-anos-contra-a-covid-19-comeca-segunda-feira-31-em-adamantina\/#primaryimage","url":"https:\/\/radiolifefm.com.br\/noticias\/wp-content\/uploads\/2022\/01\/vacinacao_de_criancas_covid-19_ubs_5_de_taguatinga_sul_jfcrz_abr_1601220026.jpg","contentUrl":"https:\/\/radiolifefm.com.br\/noticias\/wp-content\/uploads\/2022\/01\/vacinacao_de_criancas_covid-19_ubs_5_de_taguatinga_sul_jfcrz_abr_1601220026.jpg","width":1170,"height":700},{"@type":"BreadcrumbList","@id":"https:\/\/radiolifefm.com.br\/noticias\/imunizacao-de-criancas-a-partir-de-5-anos-contra-a-covid-19-comeca-segunda-feira-31-em-adamantina\/#breadcrumb","itemListElement":[{"@type":"ListItem","position":1,"name":"In\u00edcio","item":"https:\/\/radiolifefm.com.br\/noticias\/"},{"@type":"ListItem","position":2,"name":"Imuniza\u00e7\u00e3o de crian\u00e7as a partir de 5 anos contra a COVID-19 come\u00e7a segunda-feira (31) em Adamantina"}]},{"@type":"WebSite","@id":"https:\/\/radiolifefm.com.br\/noticias\/#website","url":"https:\/\/radiolifefm.com.br\/noticias\/","name":"R\u00e1dio Life FM","description":"O Portal de Not\u00edcias de Adamantina","publisher":{"@id":"https:\/\/radiolifefm.com.br\/noticias\/#organization"},"alternateName":"Life FM","potentialAction":[{"@type":"SearchAction","target":{"@type":"EntryPoint","urlTemplate":"https:\/\/radiolifefm.com.br\/noticias\/?s={search_term_string}"},"query-input":{"@type":"PropertyValueSpecification","valueRequired":true,"valueName":"search_term_string"}}],"inLanguage":"pt-BR"},{"@type":"Organization","@id":"https:\/\/radiolifefm.com.br\/noticias\/#organization","name":"R\u00e1dio Life FM","alternateName":"Life FM","url":"https:\/\/radiolifefm.com.br\/noticias\/","logo":{"@type":"ImageObject","inLanguage":"pt-BR","@id":"https:\/\/radiolifefm.com.br\/noticias\/#\/schema\/logo\/image\/","url":"https:\/\/static.radiolifefm.com.br\/noticias\/wp-content\/uploads\/2019\/10\/logo-lifefm.png","contentUrl":"https:\/\/static.radiolifefm.com.br\/noticias\/wp-content\/uploads\/2019\/10\/logo-lifefm.png","width":196,"height":47,"caption":"R\u00e1dio Life FM"},"image":{"@id":"https:\/\/radiolifefm.com.br\/noticias\/#\/schema\/logo\/image\/"},"sameAs":["https:\/\/www.facebook.com\/radiolifefm\/","https:\/\/www.instagram.com\/life1079fm\/"]},{"@type":"Person","@id":"https:\/\/radiolifefm.com.br\/noticias\/#\/schema\/person\/6339b9fac59d12b071dec680d7375d87","name":"ritanery","image":{"@type":"ImageObject","inLanguage":"pt-BR","@id":"https:\/\/secure.gravatar.com\/avatar\/0e37bb19071f47c0b8a23f62a903df117c5a0e75f65a0c2901562f97cd41cf86?s=96&d=mm&r=g","url":"https:\/\/secure.gravatar.com\/avatar\/0e37bb19071f47c0b8a23f62a903df117c5a0e75f65a0c2901562f97cd41cf86?s=96&d=mm&r=g","contentUrl":"https:\/\/secure.gravatar.com\/avatar\/0e37bb19071f47c0b8a23f62a903df117c5a0e75f65a0c2901562f97cd41cf86?s=96&d=mm&r=g","caption":"ritanery"}}]}},"amp_enabled":true,"_links":{"self":[{"href":"https:\/\/radiolifefm.com.br\/noticias\/wp-json\/wp\/v2\/posts\/48720","targetHints":{"allow":["GET"]}}],"collection":[{"href":"https:\/\/radiolifefm.com.br\/noticias\/wp-json\/wp\/v2\/posts"}],"about":[{"href":"https:\/\/radiolifefm.com.br\/noticias\/wp-json\/wp\/v2\/types\/post"}],"author":[{"embeddable":true,"href":"https:\/\/radiolifefm.com.br\/noticias\/wp-json\/wp\/v2\/users\/13"}],"replies":[{"embeddable":true,"href":"https:\/\/radiolifefm.com.br\/noticias\/wp-json\/wp\/v2\/comments?post=48720"}],"version-history":[{"count":3,"href":"https:\/\/radiolifefm.com.br\/noticias\/wp-json\/wp\/v2\/posts\/48720\/revisions"}],"predecessor-version":[{"id":48722,"href":"https:\/\/radiolifefm.com.br\/noticias\/wp-json\/wp\/v2\/posts\/48720\/revisions\/48722"}],"wp:featuredmedia":[{"embeddable":true,"href":"https:\/\/radiolifefm.com.br\/noticias\/wp-json\/wp\/v2\/media\/48402"}],"wp:attachment":[{"href":"https:\/\/radiolifefm.com.br\/noticias\/wp-json\/wp\/v2\/media?parent=48720"}],"wp:term":[{"taxonomy":"category","embeddable":true,"href":"https:\/\/radiolifefm.com.br\/noticias\/wp-json\/wp\/v2\/categories?post=48720"},{"taxonomy":"post_tag","embeddable":true,"href":"https:\/\/radiolifefm.com.br\/noticias\/wp-json\/wp\/v2\/tags?post=48720"}],"curies":[{"name":"wp","href":"https:\/\/api.w.org\/{rel}","templated":true}]}}