{"id":48246,"date":"2022-01-17T16:21:29","date_gmt":"2022-01-17T19:21:29","guid":{"rendered":"https:\/\/radiolifefm.com.br\/noticias\/?p=48246"},"modified":"2026-04-08T20:25:13","modified_gmt":"2026-04-08T23:25:13","slug":"adamantina-inicia-vacinacao-de-criancas-de-5-a-11-anos-com-comorbidades-amanha-18adamantina","status":"publish","type":"post","link":"https:\/\/radiolifefm.com.br\/noticias\/adamantina-inicia-vacinacao-de-criancas-de-5-a-11-anos-com-comorbidades-amanha-18adamantina\/","title":{"rendered":"Adamantina inicia vacina\u00e7\u00e3o de crian\u00e7as de 5 a 11 anos com comorbidades amanh\u00e3 (18)"},"content":{"rendered":"<div id=\"fb-root\"><\/div>\n<p>A Prefeitura de Adamantina, por meio da Secretaria de Sa\u00fade, informa que amanh\u00e3 (18), \u00e0s crian\u00e7as de 5 a 11 anos come\u00e7ar\u00e3o a ser imunizadas contra a COVID-19 no munic\u00edpio. A imuniza\u00e7\u00e3o acontece no Centro Integrado de Sa\u00fade (CIS) das 7h \u00e0s 11h e das 13 \u00e0s 17h.<\/p>\n<p>O munic\u00edpio recebeu 150 doses destinadas ao p\u00fablico-alvo que tem insufici\u00eancia card\u00edaca; Cor-pulmonare e Hipertens\u00e3o pulmonar; Cardiopatia hipertensiva; S\u00edndrome coronarianas; Valvopatias; Miocardiopatias e Pericardiopatias; Doen\u00e7a da Aorta, dos Grandes Vasos e F\u00edstulas arteriovenosa; Arritmias card\u00edacas; Cardiopatias cong\u00eanitas; Pr\u00f3teses valvares e dispositivos card\u00edacos implantados; Talassemia; S\u00edndrome de Down; Diabetes mellitus; Pneumopatias cr\u00f4nicas graves; Hipertens\u00e3o arterial resistente e de art\u00e9ria est\u00e1gio 3; Hipertens\u00e3o est\u00e1gios 1 e 2 com les\u00e3o e \u00f3rg\u00e3o alvo; Doen\u00e7a Cerebrovascular; Doen\u00e7a renal cr\u00f4nica; Imunossuprimidos (Incluindo pacientes oncol\u00f3gicos); Anemia falciforme; Obesidade m\u00f3rbida; Cirrose Hep\u00e1tica;\u00a0Transtorno do Espectro\u00a0Autista\u00a0(TEA)\u00a0\u00a0e HIV.<\/p>\n<p>Para que a crian\u00e7a seja imunizada, \u00e9 preciso apresentar um atestado m\u00e9dico que comprove a comorbidade. Os pais ou respons\u00e1veis dever\u00e3o entrar na unidade pela parte da frente, pois no fundo, os adultos continuam recebendo as doses destinadas a essa faixa et\u00e1ria.<\/p>\n<p>&nbsp;<\/p>\n<p>Fonte: Assessoria de Imprensa<\/p>\n","protected":false},"excerpt":{"rendered":"<p>A Prefeitura de Adamantina, por meio da Secretaria de Sa\u00fade, informa que amanh\u00e3 (18), \u00e0s crian\u00e7as de 5 a 11 anos come\u00e7ar\u00e3o a ser imunizadas contra a COVID-19 no munic\u00edpio. A imuniza\u00e7\u00e3o acontece no Centro Integrado de Sa\u00fade (CIS) das 7h \u00e0s 11h e das 13 \u00e0s 17h. O munic\u00edpio recebeu 150 doses destinadas ao [&hellip;]<\/p>\n","protected":false},"author":13,"featured_media":48247,"comment_status":"closed","ping_status":"open","sticky":false,"template":"","format":"standard","meta":{"_acf_changed":false,"_exactmetrics_skip_tracking":false,"_exactmetrics_sitenote_active":false,"_exactmetrics_sitenote_note":"","_exactmetrics_sitenote_category":0,"footnotes":""},"categories":[21],"tags":[],"class_list":["post-48246","post","type-post","status-publish","format-standard","has-post-thumbnail","hentry","category-adamantina"],"acf":[],"yoast_head":"<!-- This site is optimized with the Yoast SEO plugin v27.2 - https:\/\/yoast.com\/product\/yoast-seo-wordpress\/ -->\n<title>Adamantina inicia vacina\u00e7\u00e3o de crian\u00e7as de 5 a 11 anos com comorbidades amanh\u00e3 (18) - R\u00e1dio Life FM<\/title>\n<meta name=\"robots\" content=\"index, follow, max-snippet:-1, max-image-preview:large, max-video-preview:-1\" \/>\n<link rel=\"canonical\" href=\"https:\/\/radiolifefm.com.br\/noticias\/adamantina-inicia-vacinacao-de-criancas-de-5-a-11-anos-com-comorbidades-amanha-18adamantina\/\" \/>\n<meta property=\"og:locale\" content=\"pt_BR\" \/>\n<meta property=\"og:type\" content=\"article\" \/>\n<meta property=\"og:title\" content=\"Adamantina inicia vacina\u00e7\u00e3o de crian\u00e7as de 5 a 11 anos com comorbidades amanh\u00e3 (18) - R\u00e1dio Life FM\" \/>\n<meta property=\"og:description\" content=\"A Prefeitura de Adamantina, por meio da Secretaria de Sa\u00fade, informa que amanh\u00e3 (18), \u00e0s crian\u00e7as de 5 a 11 anos come\u00e7ar\u00e3o a ser imunizadas contra a COVID-19 no munic\u00edpio. A imuniza\u00e7\u00e3o acontece no Centro Integrado de Sa\u00fade (CIS) das 7h \u00e0s 11h e das 13 \u00e0s 17h. O munic\u00edpio recebeu 150 doses destinadas ao [&hellip;]\" \/>\n<meta property=\"og:url\" content=\"https:\/\/radiolifefm.com.br\/noticias\/adamantina-inicia-vacinacao-de-criancas-de-5-a-11-anos-com-comorbidades-amanha-18adamantina\/\" \/>\n<meta property=\"og:site_name\" content=\"R\u00e1dio Life FM\" \/>\n<meta property=\"article:publisher\" content=\"https:\/\/www.facebook.com\/radiolifefm\/\" \/>\n<meta property=\"article:published_time\" content=\"2022-01-17T19:21:29+00:00\" \/>\n<meta property=\"article:modified_time\" content=\"2026-04-08T23:25:13+00:00\" \/>\n<meta property=\"og:image\" content=\"https:\/\/radiolifefm.com.br\/noticias\/wp-content\/uploads\/2022\/01\/vacinacao.jpg\" \/>\n\t<meta property=\"og:image:width\" content=\"825\" \/>\n\t<meta property=\"og:image:height\" content=\"470\" \/>\n\t<meta property=\"og:image:type\" content=\"image\/jpeg\" \/>\n<meta name=\"author\" content=\"ritanery\" \/>\n<meta name=\"twitter:card\" content=\"summary_large_image\" \/>\n<meta name=\"twitter:label1\" content=\"Escrito por\" \/>\n\t<meta name=\"twitter:data1\" content=\"ritanery\" \/>\n\t<meta name=\"twitter:label2\" content=\"Est. tempo de leitura\" \/>\n\t<meta name=\"twitter:data2\" content=\"1 minuto\" \/>\n<script type=\"application\/ld+json\" class=\"yoast-schema-graph\">{\"@context\":\"https:\/\/schema.org\",\"@graph\":[{\"@type\":\"Article\",\"@id\":\"https:\/\/radiolifefm.com.br\/noticias\/adamantina-inicia-vacinacao-de-criancas-de-5-a-11-anos-com-comorbidades-amanha-18adamantina\/#article\",\"isPartOf\":{\"@id\":\"https:\/\/radiolifefm.com.br\/noticias\/adamantina-inicia-vacinacao-de-criancas-de-5-a-11-anos-com-comorbidades-amanha-18adamantina\/\"},\"author\":{\"name\":\"ritanery\",\"@id\":\"https:\/\/radiolifefm.com.br\/noticias\/#\/schema\/person\/6339b9fac59d12b071dec680d7375d87\"},\"headline\":\"Adamantina inicia vacina\u00e7\u00e3o de crian\u00e7as de 5 a 11 anos com comorbidades amanh\u00e3 (18)\",\"datePublished\":\"2022-01-17T19:21:29+00:00\",\"dateModified\":\"2026-04-08T23:25:13+00:00\",\"mainEntityOfPage\":{\"@id\":\"https:\/\/radiolifefm.com.br\/noticias\/adamantina-inicia-vacinacao-de-criancas-de-5-a-11-anos-com-comorbidades-amanha-18adamantina\/\"},\"wordCount\":230,\"publisher\":{\"@id\":\"https:\/\/radiolifefm.com.br\/noticias\/#organization\"},\"image\":{\"@id\":\"https:\/\/radiolifefm.com.br\/noticias\/adamantina-inicia-vacinacao-de-criancas-de-5-a-11-anos-com-comorbidades-amanha-18adamantina\/#primaryimage\"},\"thumbnailUrl\":\"https:\/\/radiolifefm.com.br\/noticias\/wp-content\/uploads\/2022\/01\/vacinacao.jpg\",\"articleSection\":[\"Adamantina\"],\"inLanguage\":\"pt-BR\"},{\"@type\":\"WebPage\",\"@id\":\"https:\/\/radiolifefm.com.br\/noticias\/adamantina-inicia-vacinacao-de-criancas-de-5-a-11-anos-com-comorbidades-amanha-18adamantina\/\",\"url\":\"https:\/\/radiolifefm.com.br\/noticias\/adamantina-inicia-vacinacao-de-criancas-de-5-a-11-anos-com-comorbidades-amanha-18adamantina\/\",\"name\":\"Adamantina inicia vacina\u00e7\u00e3o de crian\u00e7as de 5 a 11 anos com comorbidades amanh\u00e3 (18) - R\u00e1dio Life FM\",\"isPartOf\":{\"@id\":\"https:\/\/radiolifefm.com.br\/noticias\/#website\"},\"primaryImageOfPage\":{\"@id\":\"https:\/\/radiolifefm.com.br\/noticias\/adamantina-inicia-vacinacao-de-criancas-de-5-a-11-anos-com-comorbidades-amanha-18adamantina\/#primaryimage\"},\"image\":{\"@id\":\"https:\/\/radiolifefm.com.br\/noticias\/adamantina-inicia-vacinacao-de-criancas-de-5-a-11-anos-com-comorbidades-amanha-18adamantina\/#primaryimage\"},\"thumbnailUrl\":\"https:\/\/radiolifefm.com.br\/noticias\/wp-content\/uploads\/2022\/01\/vacinacao.jpg\",\"datePublished\":\"2022-01-17T19:21:29+00:00\",\"dateModified\":\"2026-04-08T23:25:13+00:00\",\"breadcrumb\":{\"@id\":\"https:\/\/radiolifefm.com.br\/noticias\/adamantina-inicia-vacinacao-de-criancas-de-5-a-11-anos-com-comorbidades-amanha-18adamantina\/#breadcrumb\"},\"inLanguage\":\"pt-BR\",\"potentialAction\":[{\"@type\":\"ReadAction\",\"target\":[\"https:\/\/radiolifefm.com.br\/noticias\/adamantina-inicia-vacinacao-de-criancas-de-5-a-11-anos-com-comorbidades-amanha-18adamantina\/\"]}]},{\"@type\":\"ImageObject\",\"inLanguage\":\"pt-BR\",\"@id\":\"https:\/\/radiolifefm.com.br\/noticias\/adamantina-inicia-vacinacao-de-criancas-de-5-a-11-anos-com-comorbidades-amanha-18adamantina\/#primaryimage\",\"url\":\"https:\/\/radiolifefm.com.br\/noticias\/wp-content\/uploads\/2022\/01\/vacinacao.jpg\",\"contentUrl\":\"https:\/\/radiolifefm.com.br\/noticias\/wp-content\/uploads\/2022\/01\/vacinacao.jpg\",\"width\":825,\"height\":470,\"caption\":\"Medida foi anunciada ap\u00f3s uma crian\u00e7a de 10 anos sofrer uma parada card\u00edaca depois de receber a dose pedi\u00e1trica da Pfizer\"},{\"@type\":\"BreadcrumbList\",\"@id\":\"https:\/\/radiolifefm.com.br\/noticias\/adamantina-inicia-vacinacao-de-criancas-de-5-a-11-anos-com-comorbidades-amanha-18adamantina\/#breadcrumb\",\"itemListElement\":[{\"@type\":\"ListItem\",\"position\":1,\"name\":\"In\u00edcio\",\"item\":\"https:\/\/radiolifefm.com.br\/noticias\/\"},{\"@type\":\"ListItem\",\"position\":2,\"name\":\"Adamantina inicia vacina\u00e7\u00e3o de crian\u00e7as de 5 a 11 anos com comorbidades amanh\u00e3 (18)\"}]},{\"@type\":\"WebSite\",\"@id\":\"https:\/\/radiolifefm.com.br\/noticias\/#website\",\"url\":\"https:\/\/radiolifefm.com.br\/noticias\/\",\"name\":\"R\u00e1dio Life FM\",\"description\":\"O Portal de Not\u00edcias de Adamantina\",\"publisher\":{\"@id\":\"https:\/\/radiolifefm.com.br\/noticias\/#organization\"},\"alternateName\":\"Life FM\",\"potentialAction\":[{\"@type\":\"SearchAction\",\"target\":{\"@type\":\"EntryPoint\",\"urlTemplate\":\"https:\/\/radiolifefm.com.br\/noticias\/?s={search_term_string}\"},\"query-input\":{\"@type\":\"PropertyValueSpecification\",\"valueRequired\":true,\"valueName\":\"search_term_string\"}}],\"inLanguage\":\"pt-BR\"},{\"@type\":\"Organization\",\"@id\":\"https:\/\/radiolifefm.com.br\/noticias\/#organization\",\"name\":\"R\u00e1dio Life FM\",\"alternateName\":\"Life FM\",\"url\":\"https:\/\/radiolifefm.com.br\/noticias\/\",\"logo\":{\"@type\":\"ImageObject\",\"inLanguage\":\"pt-BR\",\"@id\":\"https:\/\/radiolifefm.com.br\/noticias\/#\/schema\/logo\/image\/\",\"url\":\"https:\/\/static.radiolifefm.com.br\/noticias\/wp-content\/uploads\/2019\/10\/logo-lifefm.png\",\"contentUrl\":\"https:\/\/static.radiolifefm.com.br\/noticias\/wp-content\/uploads\/2019\/10\/logo-lifefm.png\",\"width\":196,\"height\":47,\"caption\":\"R\u00e1dio Life FM\"},\"image\":{\"@id\":\"https:\/\/radiolifefm.com.br\/noticias\/#\/schema\/logo\/image\/\"},\"sameAs\":[\"https:\/\/www.facebook.com\/radiolifefm\/\",\"https:\/\/www.instagram.com\/life1079fm\/\"]},{\"@type\":\"Person\",\"@id\":\"https:\/\/radiolifefm.com.br\/noticias\/#\/schema\/person\/6339b9fac59d12b071dec680d7375d87\",\"name\":\"ritanery\",\"image\":{\"@type\":\"ImageObject\",\"inLanguage\":\"pt-BR\",\"@id\":\"https:\/\/secure.gravatar.com\/avatar\/0e37bb19071f47c0b8a23f62a903df117c5a0e75f65a0c2901562f97cd41cf86?s=96&d=mm&r=g\",\"url\":\"https:\/\/secure.gravatar.com\/avatar\/0e37bb19071f47c0b8a23f62a903df117c5a0e75f65a0c2901562f97cd41cf86?s=96&d=mm&r=g\",\"contentUrl\":\"https:\/\/secure.gravatar.com\/avatar\/0e37bb19071f47c0b8a23f62a903df117c5a0e75f65a0c2901562f97cd41cf86?s=96&d=mm&r=g\",\"caption\":\"ritanery\"}}]}<\/script>\n<!-- \/ Yoast SEO plugin. -->","yoast_head_json":{"title":"Adamantina inicia vacina\u00e7\u00e3o de crian\u00e7as de 5 a 11 anos com comorbidades amanh\u00e3 (18) - R\u00e1dio Life FM","robots":{"index":"index","follow":"follow","max-snippet":"max-snippet:-1","max-image-preview":"max-image-preview:large","max-video-preview":"max-video-preview:-1"},"canonical":"https:\/\/radiolifefm.com.br\/noticias\/adamantina-inicia-vacinacao-de-criancas-de-5-a-11-anos-com-comorbidades-amanha-18adamantina\/","og_locale":"pt_BR","og_type":"article","og_title":"Adamantina inicia vacina\u00e7\u00e3o de crian\u00e7as de 5 a 11 anos com comorbidades amanh\u00e3 (18) - R\u00e1dio Life FM","og_description":"A Prefeitura de Adamantina, por meio da Secretaria de Sa\u00fade, informa que amanh\u00e3 (18), \u00e0s crian\u00e7as de 5 a 11 anos come\u00e7ar\u00e3o a ser imunizadas contra a COVID-19 no munic\u00edpio. A imuniza\u00e7\u00e3o acontece no Centro Integrado de Sa\u00fade (CIS) das 7h \u00e0s 11h e das 13 \u00e0s 17h. O munic\u00edpio recebeu 150 doses destinadas ao [&hellip;]","og_url":"https:\/\/radiolifefm.com.br\/noticias\/adamantina-inicia-vacinacao-de-criancas-de-5-a-11-anos-com-comorbidades-amanha-18adamantina\/","og_site_name":"R\u00e1dio Life FM","article_publisher":"https:\/\/www.facebook.com\/radiolifefm\/","article_published_time":"2022-01-17T19:21:29+00:00","article_modified_time":"2026-04-08T23:25:13+00:00","og_image":[{"width":825,"height":470,"url":"https:\/\/radiolifefm.com.br\/noticias\/wp-content\/uploads\/2022\/01\/vacinacao.jpg","type":"image\/jpeg"}],"author":"ritanery","twitter_card":"summary_large_image","twitter_misc":{"Escrito por":"ritanery","Est. tempo de leitura":"1 minuto"},"schema":{"@context":"https:\/\/schema.org","@graph":[{"@type":"Article","@id":"https:\/\/radiolifefm.com.br\/noticias\/adamantina-inicia-vacinacao-de-criancas-de-5-a-11-anos-com-comorbidades-amanha-18adamantina\/#article","isPartOf":{"@id":"https:\/\/radiolifefm.com.br\/noticias\/adamantina-inicia-vacinacao-de-criancas-de-5-a-11-anos-com-comorbidades-amanha-18adamantina\/"},"author":{"name":"ritanery","@id":"https:\/\/radiolifefm.com.br\/noticias\/#\/schema\/person\/6339b9fac59d12b071dec680d7375d87"},"headline":"Adamantina inicia vacina\u00e7\u00e3o de crian\u00e7as de 5 a 11 anos com comorbidades amanh\u00e3 (18)","datePublished":"2022-01-17T19:21:29+00:00","dateModified":"2026-04-08T23:25:13+00:00","mainEntityOfPage":{"@id":"https:\/\/radiolifefm.com.br\/noticias\/adamantina-inicia-vacinacao-de-criancas-de-5-a-11-anos-com-comorbidades-amanha-18adamantina\/"},"wordCount":230,"publisher":{"@id":"https:\/\/radiolifefm.com.br\/noticias\/#organization"},"image":{"@id":"https:\/\/radiolifefm.com.br\/noticias\/adamantina-inicia-vacinacao-de-criancas-de-5-a-11-anos-com-comorbidades-amanha-18adamantina\/#primaryimage"},"thumbnailUrl":"https:\/\/radiolifefm.com.br\/noticias\/wp-content\/uploads\/2022\/01\/vacinacao.jpg","articleSection":["Adamantina"],"inLanguage":"pt-BR"},{"@type":"WebPage","@id":"https:\/\/radiolifefm.com.br\/noticias\/adamantina-inicia-vacinacao-de-criancas-de-5-a-11-anos-com-comorbidades-amanha-18adamantina\/","url":"https:\/\/radiolifefm.com.br\/noticias\/adamantina-inicia-vacinacao-de-criancas-de-5-a-11-anos-com-comorbidades-amanha-18adamantina\/","name":"Adamantina inicia vacina\u00e7\u00e3o de crian\u00e7as de 5 a 11 anos com comorbidades amanh\u00e3 (18) - R\u00e1dio Life FM","isPartOf":{"@id":"https:\/\/radiolifefm.com.br\/noticias\/#website"},"primaryImageOfPage":{"@id":"https:\/\/radiolifefm.com.br\/noticias\/adamantina-inicia-vacinacao-de-criancas-de-5-a-11-anos-com-comorbidades-amanha-18adamantina\/#primaryimage"},"image":{"@id":"https:\/\/radiolifefm.com.br\/noticias\/adamantina-inicia-vacinacao-de-criancas-de-5-a-11-anos-com-comorbidades-amanha-18adamantina\/#primaryimage"},"thumbnailUrl":"https:\/\/radiolifefm.com.br\/noticias\/wp-content\/uploads\/2022\/01\/vacinacao.jpg","datePublished":"2022-01-17T19:21:29+00:00","dateModified":"2026-04-08T23:25:13+00:00","breadcrumb":{"@id":"https:\/\/radiolifefm.com.br\/noticias\/adamantina-inicia-vacinacao-de-criancas-de-5-a-11-anos-com-comorbidades-amanha-18adamantina\/#breadcrumb"},"inLanguage":"pt-BR","potentialAction":[{"@type":"ReadAction","target":["https:\/\/radiolifefm.com.br\/noticias\/adamantina-inicia-vacinacao-de-criancas-de-5-a-11-anos-com-comorbidades-amanha-18adamantina\/"]}]},{"@type":"ImageObject","inLanguage":"pt-BR","@id":"https:\/\/radiolifefm.com.br\/noticias\/adamantina-inicia-vacinacao-de-criancas-de-5-a-11-anos-com-comorbidades-amanha-18adamantina\/#primaryimage","url":"https:\/\/radiolifefm.com.br\/noticias\/wp-content\/uploads\/2022\/01\/vacinacao.jpg","contentUrl":"https:\/\/radiolifefm.com.br\/noticias\/wp-content\/uploads\/2022\/01\/vacinacao.jpg","width":825,"height":470,"caption":"Medida foi anunciada ap\u00f3s uma crian\u00e7a de 10 anos sofrer uma parada card\u00edaca depois de receber a dose pedi\u00e1trica da Pfizer"},{"@type":"BreadcrumbList","@id":"https:\/\/radiolifefm.com.br\/noticias\/adamantina-inicia-vacinacao-de-criancas-de-5-a-11-anos-com-comorbidades-amanha-18adamantina\/#breadcrumb","itemListElement":[{"@type":"ListItem","position":1,"name":"In\u00edcio","item":"https:\/\/radiolifefm.com.br\/noticias\/"},{"@type":"ListItem","position":2,"name":"Adamantina inicia vacina\u00e7\u00e3o de crian\u00e7as de 5 a 11 anos com comorbidades amanh\u00e3 (18)"}]},{"@type":"WebSite","@id":"https:\/\/radiolifefm.com.br\/noticias\/#website","url":"https:\/\/radiolifefm.com.br\/noticias\/","name":"R\u00e1dio Life FM","description":"O Portal de Not\u00edcias de Adamantina","publisher":{"@id":"https:\/\/radiolifefm.com.br\/noticias\/#organization"},"alternateName":"Life FM","potentialAction":[{"@type":"SearchAction","target":{"@type":"EntryPoint","urlTemplate":"https:\/\/radiolifefm.com.br\/noticias\/?s={search_term_string}"},"query-input":{"@type":"PropertyValueSpecification","valueRequired":true,"valueName":"search_term_string"}}],"inLanguage":"pt-BR"},{"@type":"Organization","@id":"https:\/\/radiolifefm.com.br\/noticias\/#organization","name":"R\u00e1dio Life FM","alternateName":"Life FM","url":"https:\/\/radiolifefm.com.br\/noticias\/","logo":{"@type":"ImageObject","inLanguage":"pt-BR","@id":"https:\/\/radiolifefm.com.br\/noticias\/#\/schema\/logo\/image\/","url":"https:\/\/static.radiolifefm.com.br\/noticias\/wp-content\/uploads\/2019\/10\/logo-lifefm.png","contentUrl":"https:\/\/static.radiolifefm.com.br\/noticias\/wp-content\/uploads\/2019\/10\/logo-lifefm.png","width":196,"height":47,"caption":"R\u00e1dio Life FM"},"image":{"@id":"https:\/\/radiolifefm.com.br\/noticias\/#\/schema\/logo\/image\/"},"sameAs":["https:\/\/www.facebook.com\/radiolifefm\/","https:\/\/www.instagram.com\/life1079fm\/"]},{"@type":"Person","@id":"https:\/\/radiolifefm.com.br\/noticias\/#\/schema\/person\/6339b9fac59d12b071dec680d7375d87","name":"ritanery","image":{"@type":"ImageObject","inLanguage":"pt-BR","@id":"https:\/\/secure.gravatar.com\/avatar\/0e37bb19071f47c0b8a23f62a903df117c5a0e75f65a0c2901562f97cd41cf86?s=96&d=mm&r=g","url":"https:\/\/secure.gravatar.com\/avatar\/0e37bb19071f47c0b8a23f62a903df117c5a0e75f65a0c2901562f97cd41cf86?s=96&d=mm&r=g","contentUrl":"https:\/\/secure.gravatar.com\/avatar\/0e37bb19071f47c0b8a23f62a903df117c5a0e75f65a0c2901562f97cd41cf86?s=96&d=mm&r=g","caption":"ritanery"}}]}},"amp_enabled":true,"_links":{"self":[{"href":"https:\/\/radiolifefm.com.br\/noticias\/wp-json\/wp\/v2\/posts\/48246","targetHints":{"allow":["GET"]}}],"collection":[{"href":"https:\/\/radiolifefm.com.br\/noticias\/wp-json\/wp\/v2\/posts"}],"about":[{"href":"https:\/\/radiolifefm.com.br\/noticias\/wp-json\/wp\/v2\/types\/post"}],"author":[{"embeddable":true,"href":"https:\/\/radiolifefm.com.br\/noticias\/wp-json\/wp\/v2\/users\/13"}],"replies":[{"embeddable":true,"href":"https:\/\/radiolifefm.com.br\/noticias\/wp-json\/wp\/v2\/comments?post=48246"}],"version-history":[{"count":3,"href":"https:\/\/radiolifefm.com.br\/noticias\/wp-json\/wp\/v2\/posts\/48246\/revisions"}],"predecessor-version":[{"id":48280,"href":"https:\/\/radiolifefm.com.br\/noticias\/wp-json\/wp\/v2\/posts\/48246\/revisions\/48280"}],"wp:featuredmedia":[{"embeddable":true,"href":"https:\/\/radiolifefm.com.br\/noticias\/wp-json\/wp\/v2\/media\/48247"}],"wp:attachment":[{"href":"https:\/\/radiolifefm.com.br\/noticias\/wp-json\/wp\/v2\/media?parent=48246"}],"wp:term":[{"taxonomy":"category","embeddable":true,"href":"https:\/\/radiolifefm.com.br\/noticias\/wp-json\/wp\/v2\/categories?post=48246"},{"taxonomy":"post_tag","embeddable":true,"href":"https:\/\/radiolifefm.com.br\/noticias\/wp-json\/wp\/v2\/tags?post=48246"}],"curies":[{"name":"wp","href":"https:\/\/api.w.org\/{rel}","templated":true}]}}