{"id":47951,"date":"2022-01-09T23:00:41","date_gmt":"2022-01-10T02:00:41","guid":{"rendered":"https:\/\/radiolifefm.com.br\/noticias\/?p=47951"},"modified":"2026-04-18T12:36:56","modified_gmt":"2026-04-18T15:36:56","slug":"apos-discussao-homem-poe-fogo-na-casa-da-mae-e-foge-policia-militar-prende-autor-do-incendio","status":"publish","type":"post","link":"https:\/\/radiolifefm.com.br\/noticias\/apos-discussao-homem-poe-fogo-na-casa-da-mae-e-foge-policia-militar-prende-autor-do-incendio\/","title":{"rendered":"Ap\u00f3s discuss\u00e3o, homem p\u00f5e fogo na casa da m\u00e3e e foge; Pol\u00edcia Militar prende autor do inc\u00eandio"},"content":{"rendered":"<div id=\"fb-root\"><\/div>\n<p style=\"font-weight: 400\">A Pol\u00edcia Militar de Adamantina prendeu em flagrante na tarde deste s\u00e1bado (8) um homem acusado de p\u00f4r fogo na casa da m\u00e3e. O ato criminoso foi na Rua Benedito Lino dos Santos, Jardim das Alamandas.<\/p>\n<p style=\"font-weight: 400\">Ap\u00f3s o Centro de Opera\u00e7\u00f5es da Pol\u00edcia Militar (COPOM) informar sobre ocorr\u00eancia de inc\u00eandio em resid\u00eancia, uma equipe foi ao local e fez contato com a v\u00edtima, moradora no im\u00f3vel. A mulher declarou aos policiais ter havido uma discuss\u00e3o com seu filho e por medo dele atentar contra sua vida, ap\u00f3s o desentendimento ela deixou a casa e foi at\u00e9 a resid\u00eancia de parentes, nas proximidades.<\/p>\n<p style=\"font-weight: 400\">Cerca de cinco minutos depois, segundo relatou a v\u00edtima \u00e0 PM, o filho com quem havia ocorrido a discuss\u00e3o foi at\u00e9 ela e declarou que havia ateado fogo na casa. Ap\u00f3s declarar o pr\u00f3prio crime, o homem evadiu-se.<\/p>\n<p style=\"font-weight: 400\">Em posse das caracter\u00edsticas do incendi\u00e1rio, a equipe da PM realizou buscas pelas imedia\u00e7\u00f5es e conseguiu localiz\u00e1-lo. Ele foi abordado e nada de il\u00edcito foi encontrado. Ao final, ap\u00f3s apurar as informa\u00e7\u00f5es, o homem acusado recebeu voz de pris\u00e3o em flagrante com base no Artigo 250 do C\u00f3digo Penal Brasileiro: \u201cCausar inc\u00eandio, expondo a perigo a vida, a integridade f\u00edsica ou o patrim\u00f4nio de outrem\u201d. Se condenado pela Justi\u00e7a, conforme prev\u00ea o C\u00f3digo Penal, a pena \u00e9 de reclus\u00e3o de tr\u00eas a seis anos, e multa.<\/p>\n<p style=\"font-weight: 400\">Ap\u00f3s ser autuado, foi apresentado pela PM ao plant\u00e3o da Pol\u00edcia Civil, para os demais encaminhamentos, ficando recolhido na cadeia local.<\/p>\n<p style=\"font-weight: 400\"><b><strong>Bombeiros combateram as chamas<\/strong><\/b><\/p>\n<p style=\"font-weight: 400\">A conten\u00e7\u00e3o do inc\u00eandio, sobretudo para evitar dano total ao im\u00f3vel ou sua propaga\u00e7\u00e3o a casas vizinhas, foi realizado pela equipe de plant\u00e3o do Corpo de Bombeiros de Adamantina.<\/p>\n<p><img decoding=\"async\" src=\"https:\/\/www.sigamais.com\/arquivo\/uploads\/fogo1jpg164175376261db2ca288fcf.jpg\" \/><\/p>\n<p style=\"font-weight: 400\">As chamas destru\u00edram dois c\u00f4modos por completo, sendo a sala e um quarto, sendo queimados m\u00f3veis e roupas da v\u00edtima, e a quantia de R$ 300 que estava guardada no quarto.<\/p>\n<p style=\"font-weight: 400\">Na sequ\u00eancia foram acionados os peritos da Pol\u00edcia Cient\u00edfica. O caso, para apura\u00e7\u00e3o das responsabilidades, ser\u00e1 investigado pela Pol\u00edcia Civil.<\/p>\n<p>Fonte: Siga Mais<\/p>\n","protected":false},"excerpt":{"rendered":"<p>A Pol\u00edcia Militar de Adamantina prendeu em flagrante na tarde deste s\u00e1bado (8) um homem acusado de p\u00f4r fogo na casa da m\u00e3e. O ato criminoso foi na Rua Benedito Lino dos Santos, Jardim das Alamandas. Ap\u00f3s o Centro de Opera\u00e7\u00f5es da Pol\u00edcia Militar (COPOM) informar sobre ocorr\u00eancia de inc\u00eandio em resid\u00eancia, uma equipe foi [&hellip;]<\/p>\n","protected":false},"author":13,"featured_media":47952,"comment_status":"closed","ping_status":"open","sticky":false,"template":"","format":"standard","meta":{"_acf_changed":false,"_exactmetrics_skip_tracking":false,"_exactmetrics_sitenote_active":false,"_exactmetrics_sitenote_note":"","_exactmetrics_sitenote_category":0,"footnotes":""},"categories":[21],"tags":[],"class_list":["post-47951","post","type-post","status-publish","format-standard","has-post-thumbnail","hentry","category-adamantina"],"acf":[],"yoast_head":"<!-- This site is optimized with the Yoast SEO plugin v27.2 - https:\/\/yoast.com\/product\/yoast-seo-wordpress\/ -->\n<title>Ap\u00f3s discuss\u00e3o, homem p\u00f5e fogo na casa da m\u00e3e e foge; Pol\u00edcia Militar prende autor do inc\u00eandio - R\u00e1dio Life FM<\/title>\n<meta name=\"robots\" content=\"index, follow, max-snippet:-1, max-image-preview:large, max-video-preview:-1\" \/>\n<link rel=\"canonical\" href=\"https:\/\/radiolifefm.com.br\/noticias\/apos-discussao-homem-poe-fogo-na-casa-da-mae-e-foge-policia-militar-prende-autor-do-incendio\/\" \/>\n<meta property=\"og:locale\" content=\"pt_BR\" \/>\n<meta property=\"og:type\" content=\"article\" \/>\n<meta property=\"og:title\" content=\"Ap\u00f3s discuss\u00e3o, homem p\u00f5e fogo na casa da m\u00e3e e foge; Pol\u00edcia Militar prende autor do inc\u00eandio - R\u00e1dio Life FM\" \/>\n<meta property=\"og:description\" content=\"A Pol\u00edcia Militar de Adamantina prendeu em flagrante na tarde deste s\u00e1bado (8) um homem acusado de p\u00f4r fogo na casa da m\u00e3e. O ato criminoso foi na Rua Benedito Lino dos Santos, Jardim das Alamandas. Ap\u00f3s o Centro de Opera\u00e7\u00f5es da Pol\u00edcia Militar (COPOM) informar sobre ocorr\u00eancia de inc\u00eandio em resid\u00eancia, uma equipe foi [&hellip;]\" \/>\n<meta property=\"og:url\" content=\"https:\/\/radiolifefm.com.br\/noticias\/apos-discussao-homem-poe-fogo-na-casa-da-mae-e-foge-policia-militar-prende-autor-do-incendio\/\" \/>\n<meta property=\"og:site_name\" content=\"R\u00e1dio Life FM\" \/>\n<meta property=\"article:publisher\" content=\"https:\/\/www.facebook.com\/radiolifefm\/\" \/>\n<meta property=\"article:published_time\" content=\"2022-01-10T02:00:41+00:00\" \/>\n<meta property=\"article:modified_time\" content=\"2026-04-18T15:36:56+00:00\" \/>\n<meta property=\"og:image\" content=\"https:\/\/radiolifefm.com.br\/noticias\/wp-content\/uploads\/2022\/01\/fogo2jpg164175380661db2cce21f75.jpg\" \/>\n\t<meta property=\"og:image:width\" content=\"600\" \/>\n\t<meta property=\"og:image:height\" content=\"337\" \/>\n\t<meta property=\"og:image:type\" content=\"image\/jpeg\" \/>\n<meta name=\"author\" content=\"ritanery\" \/>\n<meta name=\"twitter:card\" content=\"summary_large_image\" \/>\n<meta name=\"twitter:label1\" content=\"Escrito por\" \/>\n\t<meta name=\"twitter:data1\" content=\"ritanery\" \/>\n\t<meta name=\"twitter:label2\" content=\"Est. tempo de leitura\" \/>\n\t<meta name=\"twitter:data2\" content=\"2 minutos\" \/>\n<script type=\"application\/ld+json\" class=\"yoast-schema-graph\">{\"@context\":\"https:\/\/schema.org\",\"@graph\":[{\"@type\":\"Article\",\"@id\":\"https:\/\/radiolifefm.com.br\/noticias\/apos-discussao-homem-poe-fogo-na-casa-da-mae-e-foge-policia-militar-prende-autor-do-incendio\/#article\",\"isPartOf\":{\"@id\":\"https:\/\/radiolifefm.com.br\/noticias\/apos-discussao-homem-poe-fogo-na-casa-da-mae-e-foge-policia-militar-prende-autor-do-incendio\/\"},\"author\":{\"name\":\"ritanery\",\"@id\":\"https:\/\/radiolifefm.com.br\/noticias\/#\/schema\/person\/6339b9fac59d12b071dec680d7375d87\"},\"headline\":\"Ap\u00f3s discuss\u00e3o, homem p\u00f5e fogo na casa da m\u00e3e e foge; Pol\u00edcia Militar prende autor do inc\u00eandio\",\"datePublished\":\"2022-01-10T02:00:41+00:00\",\"dateModified\":\"2026-04-18T15:36:56+00:00\",\"mainEntityOfPage\":{\"@id\":\"https:\/\/radiolifefm.com.br\/noticias\/apos-discussao-homem-poe-fogo-na-casa-da-mae-e-foge-policia-militar-prende-autor-do-incendio\/\"},\"wordCount\":404,\"publisher\":{\"@id\":\"https:\/\/radiolifefm.com.br\/noticias\/#organization\"},\"image\":{\"@id\":\"https:\/\/radiolifefm.com.br\/noticias\/apos-discussao-homem-poe-fogo-na-casa-da-mae-e-foge-policia-militar-prende-autor-do-incendio\/#primaryimage\"},\"thumbnailUrl\":\"https:\/\/radiolifefm.com.br\/noticias\/wp-content\/uploads\/2022\/01\/fogo2jpg164175380661db2cce21f75.jpg\",\"articleSection\":[\"Adamantina\"],\"inLanguage\":\"pt-BR\"},{\"@type\":\"WebPage\",\"@id\":\"https:\/\/radiolifefm.com.br\/noticias\/apos-discussao-homem-poe-fogo-na-casa-da-mae-e-foge-policia-militar-prende-autor-do-incendio\/\",\"url\":\"https:\/\/radiolifefm.com.br\/noticias\/apos-discussao-homem-poe-fogo-na-casa-da-mae-e-foge-policia-militar-prende-autor-do-incendio\/\",\"name\":\"Ap\u00f3s discuss\u00e3o, homem p\u00f5e fogo na casa da m\u00e3e e foge; Pol\u00edcia Militar prende autor do inc\u00eandio - R\u00e1dio Life FM\",\"isPartOf\":{\"@id\":\"https:\/\/radiolifefm.com.br\/noticias\/#website\"},\"primaryImageOfPage\":{\"@id\":\"https:\/\/radiolifefm.com.br\/noticias\/apos-discussao-homem-poe-fogo-na-casa-da-mae-e-foge-policia-militar-prende-autor-do-incendio\/#primaryimage\"},\"image\":{\"@id\":\"https:\/\/radiolifefm.com.br\/noticias\/apos-discussao-homem-poe-fogo-na-casa-da-mae-e-foge-policia-militar-prende-autor-do-incendio\/#primaryimage\"},\"thumbnailUrl\":\"https:\/\/radiolifefm.com.br\/noticias\/wp-content\/uploads\/2022\/01\/fogo2jpg164175380661db2cce21f75.jpg\",\"datePublished\":\"2022-01-10T02:00:41+00:00\",\"dateModified\":\"2026-04-18T15:36:56+00:00\",\"breadcrumb\":{\"@id\":\"https:\/\/radiolifefm.com.br\/noticias\/apos-discussao-homem-poe-fogo-na-casa-da-mae-e-foge-policia-militar-prende-autor-do-incendio\/#breadcrumb\"},\"inLanguage\":\"pt-BR\",\"potentialAction\":[{\"@type\":\"ReadAction\",\"target\":[\"https:\/\/radiolifefm.com.br\/noticias\/apos-discussao-homem-poe-fogo-na-casa-da-mae-e-foge-policia-militar-prende-autor-do-incendio\/\"]}]},{\"@type\":\"ImageObject\",\"inLanguage\":\"pt-BR\",\"@id\":\"https:\/\/radiolifefm.com.br\/noticias\/apos-discussao-homem-poe-fogo-na-casa-da-mae-e-foge-policia-militar-prende-autor-do-incendio\/#primaryimage\",\"url\":\"https:\/\/radiolifefm.com.br\/noticias\/wp-content\/uploads\/2022\/01\/fogo2jpg164175380661db2cce21f75.jpg\",\"contentUrl\":\"https:\/\/radiolifefm.com.br\/noticias\/wp-content\/uploads\/2022\/01\/fogo2jpg164175380661db2cce21f75.jpg\",\"width\":600,\"height\":337,\"caption\":\"Chamas foram combatidas pelo Corpo de Bombeiros de Adamantina. Caso foi no Jardim das Alamandas.\"},{\"@type\":\"BreadcrumbList\",\"@id\":\"https:\/\/radiolifefm.com.br\/noticias\/apos-discussao-homem-poe-fogo-na-casa-da-mae-e-foge-policia-militar-prende-autor-do-incendio\/#breadcrumb\",\"itemListElement\":[{\"@type\":\"ListItem\",\"position\":1,\"name\":\"In\u00edcio\",\"item\":\"https:\/\/radiolifefm.com.br\/noticias\/\"},{\"@type\":\"ListItem\",\"position\":2,\"name\":\"Ap\u00f3s discuss\u00e3o, homem p\u00f5e fogo na casa da m\u00e3e e foge; Pol\u00edcia Militar prende autor do inc\u00eandio\"}]},{\"@type\":\"WebSite\",\"@id\":\"https:\/\/radiolifefm.com.br\/noticias\/#website\",\"url\":\"https:\/\/radiolifefm.com.br\/noticias\/\",\"name\":\"R\u00e1dio Life FM\",\"description\":\"O Portal de Not\u00edcias de Adamantina\",\"publisher\":{\"@id\":\"https:\/\/radiolifefm.com.br\/noticias\/#organization\"},\"alternateName\":\"Life FM\",\"potentialAction\":[{\"@type\":\"SearchAction\",\"target\":{\"@type\":\"EntryPoint\",\"urlTemplate\":\"https:\/\/radiolifefm.com.br\/noticias\/?s={search_term_string}\"},\"query-input\":{\"@type\":\"PropertyValueSpecification\",\"valueRequired\":true,\"valueName\":\"search_term_string\"}}],\"inLanguage\":\"pt-BR\"},{\"@type\":\"Organization\",\"@id\":\"https:\/\/radiolifefm.com.br\/noticias\/#organization\",\"name\":\"R\u00e1dio Life FM\",\"alternateName\":\"Life FM\",\"url\":\"https:\/\/radiolifefm.com.br\/noticias\/\",\"logo\":{\"@type\":\"ImageObject\",\"inLanguage\":\"pt-BR\",\"@id\":\"https:\/\/radiolifefm.com.br\/noticias\/#\/schema\/logo\/image\/\",\"url\":\"https:\/\/static.radiolifefm.com.br\/noticias\/wp-content\/uploads\/2019\/10\/logo-lifefm.png\",\"contentUrl\":\"https:\/\/static.radiolifefm.com.br\/noticias\/wp-content\/uploads\/2019\/10\/logo-lifefm.png\",\"width\":196,\"height\":47,\"caption\":\"R\u00e1dio Life FM\"},\"image\":{\"@id\":\"https:\/\/radiolifefm.com.br\/noticias\/#\/schema\/logo\/image\/\"},\"sameAs\":[\"https:\/\/www.facebook.com\/radiolifefm\/\",\"https:\/\/www.instagram.com\/life1079fm\/\"]},{\"@type\":\"Person\",\"@id\":\"https:\/\/radiolifefm.com.br\/noticias\/#\/schema\/person\/6339b9fac59d12b071dec680d7375d87\",\"name\":\"ritanery\",\"image\":{\"@type\":\"ImageObject\",\"inLanguage\":\"pt-BR\",\"@id\":\"https:\/\/secure.gravatar.com\/avatar\/0e37bb19071f47c0b8a23f62a903df117c5a0e75f65a0c2901562f97cd41cf86?s=96&d=mm&r=g\",\"url\":\"https:\/\/secure.gravatar.com\/avatar\/0e37bb19071f47c0b8a23f62a903df117c5a0e75f65a0c2901562f97cd41cf86?s=96&d=mm&r=g\",\"contentUrl\":\"https:\/\/secure.gravatar.com\/avatar\/0e37bb19071f47c0b8a23f62a903df117c5a0e75f65a0c2901562f97cd41cf86?s=96&d=mm&r=g\",\"caption\":\"ritanery\"}}]}<\/script>\n<!-- \/ Yoast SEO plugin. -->","yoast_head_json":{"title":"Ap\u00f3s discuss\u00e3o, homem p\u00f5e fogo na casa da m\u00e3e e foge; Pol\u00edcia Militar prende autor do inc\u00eandio - R\u00e1dio Life FM","robots":{"index":"index","follow":"follow","max-snippet":"max-snippet:-1","max-image-preview":"max-image-preview:large","max-video-preview":"max-video-preview:-1"},"canonical":"https:\/\/radiolifefm.com.br\/noticias\/apos-discussao-homem-poe-fogo-na-casa-da-mae-e-foge-policia-militar-prende-autor-do-incendio\/","og_locale":"pt_BR","og_type":"article","og_title":"Ap\u00f3s discuss\u00e3o, homem p\u00f5e fogo na casa da m\u00e3e e foge; Pol\u00edcia Militar prende autor do inc\u00eandio - R\u00e1dio Life FM","og_description":"A Pol\u00edcia Militar de Adamantina prendeu em flagrante na tarde deste s\u00e1bado (8) um homem acusado de p\u00f4r fogo na casa da m\u00e3e. O ato criminoso foi na Rua Benedito Lino dos Santos, Jardim das Alamandas. Ap\u00f3s o Centro de Opera\u00e7\u00f5es da Pol\u00edcia Militar (COPOM) informar sobre ocorr\u00eancia de inc\u00eandio em resid\u00eancia, uma equipe foi [&hellip;]","og_url":"https:\/\/radiolifefm.com.br\/noticias\/apos-discussao-homem-poe-fogo-na-casa-da-mae-e-foge-policia-militar-prende-autor-do-incendio\/","og_site_name":"R\u00e1dio Life FM","article_publisher":"https:\/\/www.facebook.com\/radiolifefm\/","article_published_time":"2022-01-10T02:00:41+00:00","article_modified_time":"2026-04-18T15:36:56+00:00","og_image":[{"width":600,"height":337,"url":"https:\/\/radiolifefm.com.br\/noticias\/wp-content\/uploads\/2022\/01\/fogo2jpg164175380661db2cce21f75.jpg","type":"image\/jpeg"}],"author":"ritanery","twitter_card":"summary_large_image","twitter_misc":{"Escrito por":"ritanery","Est. tempo de leitura":"2 minutos"},"schema":{"@context":"https:\/\/schema.org","@graph":[{"@type":"Article","@id":"https:\/\/radiolifefm.com.br\/noticias\/apos-discussao-homem-poe-fogo-na-casa-da-mae-e-foge-policia-militar-prende-autor-do-incendio\/#article","isPartOf":{"@id":"https:\/\/radiolifefm.com.br\/noticias\/apos-discussao-homem-poe-fogo-na-casa-da-mae-e-foge-policia-militar-prende-autor-do-incendio\/"},"author":{"name":"ritanery","@id":"https:\/\/radiolifefm.com.br\/noticias\/#\/schema\/person\/6339b9fac59d12b071dec680d7375d87"},"headline":"Ap\u00f3s discuss\u00e3o, homem p\u00f5e fogo na casa da m\u00e3e e foge; Pol\u00edcia Militar prende autor do inc\u00eandio","datePublished":"2022-01-10T02:00:41+00:00","dateModified":"2026-04-18T15:36:56+00:00","mainEntityOfPage":{"@id":"https:\/\/radiolifefm.com.br\/noticias\/apos-discussao-homem-poe-fogo-na-casa-da-mae-e-foge-policia-militar-prende-autor-do-incendio\/"},"wordCount":404,"publisher":{"@id":"https:\/\/radiolifefm.com.br\/noticias\/#organization"},"image":{"@id":"https:\/\/radiolifefm.com.br\/noticias\/apos-discussao-homem-poe-fogo-na-casa-da-mae-e-foge-policia-militar-prende-autor-do-incendio\/#primaryimage"},"thumbnailUrl":"https:\/\/radiolifefm.com.br\/noticias\/wp-content\/uploads\/2022\/01\/fogo2jpg164175380661db2cce21f75.jpg","articleSection":["Adamantina"],"inLanguage":"pt-BR"},{"@type":"WebPage","@id":"https:\/\/radiolifefm.com.br\/noticias\/apos-discussao-homem-poe-fogo-na-casa-da-mae-e-foge-policia-militar-prende-autor-do-incendio\/","url":"https:\/\/radiolifefm.com.br\/noticias\/apos-discussao-homem-poe-fogo-na-casa-da-mae-e-foge-policia-militar-prende-autor-do-incendio\/","name":"Ap\u00f3s discuss\u00e3o, homem p\u00f5e fogo na casa da m\u00e3e e foge; Pol\u00edcia Militar prende autor do inc\u00eandio - R\u00e1dio Life FM","isPartOf":{"@id":"https:\/\/radiolifefm.com.br\/noticias\/#website"},"primaryImageOfPage":{"@id":"https:\/\/radiolifefm.com.br\/noticias\/apos-discussao-homem-poe-fogo-na-casa-da-mae-e-foge-policia-militar-prende-autor-do-incendio\/#primaryimage"},"image":{"@id":"https:\/\/radiolifefm.com.br\/noticias\/apos-discussao-homem-poe-fogo-na-casa-da-mae-e-foge-policia-militar-prende-autor-do-incendio\/#primaryimage"},"thumbnailUrl":"https:\/\/radiolifefm.com.br\/noticias\/wp-content\/uploads\/2022\/01\/fogo2jpg164175380661db2cce21f75.jpg","datePublished":"2022-01-10T02:00:41+00:00","dateModified":"2026-04-18T15:36:56+00:00","breadcrumb":{"@id":"https:\/\/radiolifefm.com.br\/noticias\/apos-discussao-homem-poe-fogo-na-casa-da-mae-e-foge-policia-militar-prende-autor-do-incendio\/#breadcrumb"},"inLanguage":"pt-BR","potentialAction":[{"@type":"ReadAction","target":["https:\/\/radiolifefm.com.br\/noticias\/apos-discussao-homem-poe-fogo-na-casa-da-mae-e-foge-policia-militar-prende-autor-do-incendio\/"]}]},{"@type":"ImageObject","inLanguage":"pt-BR","@id":"https:\/\/radiolifefm.com.br\/noticias\/apos-discussao-homem-poe-fogo-na-casa-da-mae-e-foge-policia-militar-prende-autor-do-incendio\/#primaryimage","url":"https:\/\/radiolifefm.com.br\/noticias\/wp-content\/uploads\/2022\/01\/fogo2jpg164175380661db2cce21f75.jpg","contentUrl":"https:\/\/radiolifefm.com.br\/noticias\/wp-content\/uploads\/2022\/01\/fogo2jpg164175380661db2cce21f75.jpg","width":600,"height":337,"caption":"Chamas foram combatidas pelo Corpo de Bombeiros de Adamantina. Caso foi no Jardim das Alamandas."},{"@type":"BreadcrumbList","@id":"https:\/\/radiolifefm.com.br\/noticias\/apos-discussao-homem-poe-fogo-na-casa-da-mae-e-foge-policia-militar-prende-autor-do-incendio\/#breadcrumb","itemListElement":[{"@type":"ListItem","position":1,"name":"In\u00edcio","item":"https:\/\/radiolifefm.com.br\/noticias\/"},{"@type":"ListItem","position":2,"name":"Ap\u00f3s discuss\u00e3o, homem p\u00f5e fogo na casa da m\u00e3e e foge; Pol\u00edcia Militar prende autor do inc\u00eandio"}]},{"@type":"WebSite","@id":"https:\/\/radiolifefm.com.br\/noticias\/#website","url":"https:\/\/radiolifefm.com.br\/noticias\/","name":"R\u00e1dio Life FM","description":"O Portal de Not\u00edcias de Adamantina","publisher":{"@id":"https:\/\/radiolifefm.com.br\/noticias\/#organization"},"alternateName":"Life FM","potentialAction":[{"@type":"SearchAction","target":{"@type":"EntryPoint","urlTemplate":"https:\/\/radiolifefm.com.br\/noticias\/?s={search_term_string}"},"query-input":{"@type":"PropertyValueSpecification","valueRequired":true,"valueName":"search_term_string"}}],"inLanguage":"pt-BR"},{"@type":"Organization","@id":"https:\/\/radiolifefm.com.br\/noticias\/#organization","name":"R\u00e1dio Life FM","alternateName":"Life FM","url":"https:\/\/radiolifefm.com.br\/noticias\/","logo":{"@type":"ImageObject","inLanguage":"pt-BR","@id":"https:\/\/radiolifefm.com.br\/noticias\/#\/schema\/logo\/image\/","url":"https:\/\/static.radiolifefm.com.br\/noticias\/wp-content\/uploads\/2019\/10\/logo-lifefm.png","contentUrl":"https:\/\/static.radiolifefm.com.br\/noticias\/wp-content\/uploads\/2019\/10\/logo-lifefm.png","width":196,"height":47,"caption":"R\u00e1dio Life FM"},"image":{"@id":"https:\/\/radiolifefm.com.br\/noticias\/#\/schema\/logo\/image\/"},"sameAs":["https:\/\/www.facebook.com\/radiolifefm\/","https:\/\/www.instagram.com\/life1079fm\/"]},{"@type":"Person","@id":"https:\/\/radiolifefm.com.br\/noticias\/#\/schema\/person\/6339b9fac59d12b071dec680d7375d87","name":"ritanery","image":{"@type":"ImageObject","inLanguage":"pt-BR","@id":"https:\/\/secure.gravatar.com\/avatar\/0e37bb19071f47c0b8a23f62a903df117c5a0e75f65a0c2901562f97cd41cf86?s=96&d=mm&r=g","url":"https:\/\/secure.gravatar.com\/avatar\/0e37bb19071f47c0b8a23f62a903df117c5a0e75f65a0c2901562f97cd41cf86?s=96&d=mm&r=g","contentUrl":"https:\/\/secure.gravatar.com\/avatar\/0e37bb19071f47c0b8a23f62a903df117c5a0e75f65a0c2901562f97cd41cf86?s=96&d=mm&r=g","caption":"ritanery"}}]}},"amp_enabled":true,"_links":{"self":[{"href":"https:\/\/radiolifefm.com.br\/noticias\/wp-json\/wp\/v2\/posts\/47951","targetHints":{"allow":["GET"]}}],"collection":[{"href":"https:\/\/radiolifefm.com.br\/noticias\/wp-json\/wp\/v2\/posts"}],"about":[{"href":"https:\/\/radiolifefm.com.br\/noticias\/wp-json\/wp\/v2\/types\/post"}],"author":[{"embeddable":true,"href":"https:\/\/radiolifefm.com.br\/noticias\/wp-json\/wp\/v2\/users\/13"}],"replies":[{"embeddable":true,"href":"https:\/\/radiolifefm.com.br\/noticias\/wp-json\/wp\/v2\/comments?post=47951"}],"version-history":[{"count":4,"href":"https:\/\/radiolifefm.com.br\/noticias\/wp-json\/wp\/v2\/posts\/47951\/revisions"}],"predecessor-version":[{"id":47959,"href":"https:\/\/radiolifefm.com.br\/noticias\/wp-json\/wp\/v2\/posts\/47951\/revisions\/47959"}],"wp:featuredmedia":[{"embeddable":true,"href":"https:\/\/radiolifefm.com.br\/noticias\/wp-json\/wp\/v2\/media\/47952"}],"wp:attachment":[{"href":"https:\/\/radiolifefm.com.br\/noticias\/wp-json\/wp\/v2\/media?parent=47951"}],"wp:term":[{"taxonomy":"category","embeddable":true,"href":"https:\/\/radiolifefm.com.br\/noticias\/wp-json\/wp\/v2\/categories?post=47951"},{"taxonomy":"post_tag","embeddable":true,"href":"https:\/\/radiolifefm.com.br\/noticias\/wp-json\/wp\/v2\/tags?post=47951"}],"curies":[{"name":"wp","href":"https:\/\/api.w.org\/{rel}","templated":true}]}}