{"id":47885,"date":"2022-01-07T10:14:50","date_gmt":"2022-01-07T13:14:50","guid":{"rendered":"https:\/\/radiolifefm.com.br\/noticias\/?p=47885"},"modified":"2025-10-07T07:44:45","modified_gmt":"2025-10-07T10:44:45","slug":"prefeitura-de-adamantina-promovera-reuniao-para-deliberar-sobre-a-revisao-geral-anual","status":"publish","type":"post","link":"https:\/\/radiolifefm.com.br\/noticias\/prefeitura-de-adamantina-promovera-reuniao-para-deliberar-sobre-a-revisao-geral-anual\/","title":{"rendered":"Prefeitura de Adamantina promover\u00e1 reuni\u00e3o para deliberar sobre a revis\u00e3o geral anual"},"content":{"rendered":"<div id=\"fb-root\"><\/div>\n<p style=\"font-weight: 400\">A Prefeitura de Adamantina comunica que ap\u00f3s encontro entre o prefeito M\u00e1rcio Cardim e os secret\u00e1rios das pastas competentes foi acordado que haver\u00e1 uma reuni\u00e3o na pr\u00f3xima semana com os vereadores da base parlamentar da administra\u00e7\u00e3o na c\u00e2mara municipal.<\/p>\n<p style=\"font-weight: 400\">O evento objetiva dialogar e deliberar sobre a revis\u00e3o geral anual que ser\u00e1 concedida aos funcion\u00e1rios da prefeitura e da UniFAI, com vig\u00eancia a partir de janeiro de 2022 a ser pago no m\u00eas de fevereiro.<\/p>\n<p style=\"font-weight: 400\">Em dezembro, o mesmo assunto j\u00e1 havia sido discutido e na oportunidade, ficou estipulado que seria concedido aos funcion\u00e1rios p\u00fablicos no m\u00ednimo 14% de revis\u00e3o geral anual.<\/p>\n<p style=\"font-weight: 400\">O prefeito tenciona valorizar de forma justa e digna os servidores municipais, observando-se os limites financeiros e fiscais, mas entende tamb\u00e9m a necessidade de discutir essa quest\u00e3o com a sua base de apoio no legislativo.<\/p>\n<p>Fonte: Assessoria de Imprensa<\/p>\n","protected":false},"excerpt":{"rendered":"<p>A Prefeitura de Adamantina comunica que ap\u00f3s encontro entre o prefeito M\u00e1rcio Cardim e os secret\u00e1rios das pastas competentes foi acordado que haver\u00e1 uma reuni\u00e3o na pr\u00f3xima semana com os vereadores da base parlamentar da administra\u00e7\u00e3o na c\u00e2mara municipal. O evento objetiva dialogar e deliberar sobre a revis\u00e3o geral anual que ser\u00e1 concedida aos funcion\u00e1rios [&hellip;]<\/p>\n","protected":false},"author":13,"featured_media":37049,"comment_status":"closed","ping_status":"open","sticky":false,"template":"","format":"standard","meta":{"_acf_changed":false,"_exactmetrics_skip_tracking":false,"_exactmetrics_sitenote_active":false,"_exactmetrics_sitenote_note":"","_exactmetrics_sitenote_category":0,"footnotes":""},"categories":[21],"tags":[],"class_list":["post-47885","post","type-post","status-publish","format-standard","has-post-thumbnail","hentry","category-adamantina"],"acf":[],"yoast_head":"<!-- This site is optimized with the Yoast SEO plugin v27.2 - https:\/\/yoast.com\/product\/yoast-seo-wordpress\/ -->\n<title>Prefeitura de Adamantina promover\u00e1 reuni\u00e3o para deliberar sobre a revis\u00e3o geral anual - R\u00e1dio Life FM<\/title>\n<meta name=\"robots\" content=\"index, follow, max-snippet:-1, max-image-preview:large, max-video-preview:-1\" \/>\n<link rel=\"canonical\" href=\"https:\/\/radiolifefm.com.br\/noticias\/prefeitura-de-adamantina-promovera-reuniao-para-deliberar-sobre-a-revisao-geral-anual\/\" \/>\n<meta property=\"og:locale\" content=\"pt_BR\" \/>\n<meta property=\"og:type\" content=\"article\" \/>\n<meta property=\"og:title\" content=\"Prefeitura de Adamantina promover\u00e1 reuni\u00e3o para deliberar sobre a revis\u00e3o geral anual - R\u00e1dio Life FM\" \/>\n<meta property=\"og:description\" content=\"A Prefeitura de Adamantina comunica que ap\u00f3s encontro entre o prefeito M\u00e1rcio Cardim e os secret\u00e1rios das pastas competentes foi acordado que haver\u00e1 uma reuni\u00e3o na pr\u00f3xima semana com os vereadores da base parlamentar da administra\u00e7\u00e3o na c\u00e2mara municipal. O evento objetiva dialogar e deliberar sobre a revis\u00e3o geral anual que ser\u00e1 concedida aos funcion\u00e1rios [&hellip;]\" \/>\n<meta property=\"og:url\" content=\"https:\/\/radiolifefm.com.br\/noticias\/prefeitura-de-adamantina-promovera-reuniao-para-deliberar-sobre-a-revisao-geral-anual\/\" \/>\n<meta property=\"og:site_name\" content=\"R\u00e1dio Life FM\" \/>\n<meta property=\"article:publisher\" content=\"https:\/\/www.facebook.com\/radiolifefm\/\" \/>\n<meta property=\"article:published_time\" content=\"2022-01-07T13:14:50+00:00\" \/>\n<meta property=\"article:modified_time\" content=\"2025-10-07T10:44:45+00:00\" \/>\n<meta property=\"og:image\" content=\"https:\/\/static.radiolifefm.com.br\/noticias\/wp-content\/uploads\/2021\/03\/pna-lupapng161694042360608d8786c6b.jpg\" \/>\n\t<meta property=\"og:image:width\" content=\"540\" \/>\n\t<meta property=\"og:image:height\" content=\"300\" \/>\n\t<meta property=\"og:image:type\" content=\"image\/jpeg\" \/>\n<meta name=\"author\" content=\"ritanery\" \/>\n<meta name=\"twitter:card\" content=\"summary_large_image\" \/>\n<meta name=\"twitter:label1\" content=\"Escrito por\" \/>\n\t<meta name=\"twitter:data1\" content=\"ritanery\" \/>\n\t<meta name=\"twitter:label2\" content=\"Est. tempo de leitura\" \/>\n\t<meta name=\"twitter:data2\" content=\"1 minuto\" \/>\n<script type=\"application\/ld+json\" class=\"yoast-schema-graph\">{\"@context\":\"https:\/\/schema.org\",\"@graph\":[{\"@type\":\"Article\",\"@id\":\"https:\/\/radiolifefm.com.br\/noticias\/prefeitura-de-adamantina-promovera-reuniao-para-deliberar-sobre-a-revisao-geral-anual\/#article\",\"isPartOf\":{\"@id\":\"https:\/\/radiolifefm.com.br\/noticias\/prefeitura-de-adamantina-promovera-reuniao-para-deliberar-sobre-a-revisao-geral-anual\/\"},\"author\":{\"name\":\"ritanery\",\"@id\":\"https:\/\/radiolifefm.com.br\/noticias\/#\/schema\/person\/6339b9fac59d12b071dec680d7375d87\"},\"headline\":\"Prefeitura de Adamantina promover\u00e1 reuni\u00e3o para deliberar sobre a revis\u00e3o geral anual\",\"datePublished\":\"2022-01-07T13:14:50+00:00\",\"dateModified\":\"2025-10-07T10:44:45+00:00\",\"mainEntityOfPage\":{\"@id\":\"https:\/\/radiolifefm.com.br\/noticias\/prefeitura-de-adamantina-promovera-reuniao-para-deliberar-sobre-a-revisao-geral-anual\/\"},\"wordCount\":170,\"publisher\":{\"@id\":\"https:\/\/radiolifefm.com.br\/noticias\/#organization\"},\"image\":{\"@id\":\"https:\/\/radiolifefm.com.br\/noticias\/prefeitura-de-adamantina-promovera-reuniao-para-deliberar-sobre-a-revisao-geral-anual\/#primaryimage\"},\"thumbnailUrl\":\"https:\/\/radiolifefm.com.br\/noticias\/wp-content\/uploads\/2021\/03\/pna-lupapng161694042360608d8786c6b.jpg\",\"articleSection\":[\"Adamantina\"],\"inLanguage\":\"pt-BR\"},{\"@type\":\"WebPage\",\"@id\":\"https:\/\/radiolifefm.com.br\/noticias\/prefeitura-de-adamantina-promovera-reuniao-para-deliberar-sobre-a-revisao-geral-anual\/\",\"url\":\"https:\/\/radiolifefm.com.br\/noticias\/prefeitura-de-adamantina-promovera-reuniao-para-deliberar-sobre-a-revisao-geral-anual\/\",\"name\":\"Prefeitura de Adamantina promover\u00e1 reuni\u00e3o para deliberar sobre a revis\u00e3o geral anual - R\u00e1dio Life FM\",\"isPartOf\":{\"@id\":\"https:\/\/radiolifefm.com.br\/noticias\/#website\"},\"primaryImageOfPage\":{\"@id\":\"https:\/\/radiolifefm.com.br\/noticias\/prefeitura-de-adamantina-promovera-reuniao-para-deliberar-sobre-a-revisao-geral-anual\/#primaryimage\"},\"image\":{\"@id\":\"https:\/\/radiolifefm.com.br\/noticias\/prefeitura-de-adamantina-promovera-reuniao-para-deliberar-sobre-a-revisao-geral-anual\/#primaryimage\"},\"thumbnailUrl\":\"https:\/\/radiolifefm.com.br\/noticias\/wp-content\/uploads\/2021\/03\/pna-lupapng161694042360608d8786c6b.jpg\",\"datePublished\":\"2022-01-07T13:14:50+00:00\",\"dateModified\":\"2025-10-07T10:44:45+00:00\",\"breadcrumb\":{\"@id\":\"https:\/\/radiolifefm.com.br\/noticias\/prefeitura-de-adamantina-promovera-reuniao-para-deliberar-sobre-a-revisao-geral-anual\/#breadcrumb\"},\"inLanguage\":\"pt-BR\",\"potentialAction\":[{\"@type\":\"ReadAction\",\"target\":[\"https:\/\/radiolifefm.com.br\/noticias\/prefeitura-de-adamantina-promovera-reuniao-para-deliberar-sobre-a-revisao-geral-anual\/\"]}]},{\"@type\":\"ImageObject\",\"inLanguage\":\"pt-BR\",\"@id\":\"https:\/\/radiolifefm.com.br\/noticias\/prefeitura-de-adamantina-promovera-reuniao-para-deliberar-sobre-a-revisao-geral-anual\/#primaryimage\",\"url\":\"https:\/\/radiolifefm.com.br\/noticias\/wp-content\/uploads\/2021\/03\/pna-lupapng161694042360608d8786c6b.jpg\",\"contentUrl\":\"https:\/\/radiolifefm.com.br\/noticias\/wp-content\/uploads\/2021\/03\/pna-lupapng161694042360608d8786c6b.jpg\",\"width\":540,\"height\":300,\"caption\":\"Coleta de lixo funcionar\u00e1 normalmente na segunda-feira (20) e na ter\u00e7a-feira (21)\"},{\"@type\":\"BreadcrumbList\",\"@id\":\"https:\/\/radiolifefm.com.br\/noticias\/prefeitura-de-adamantina-promovera-reuniao-para-deliberar-sobre-a-revisao-geral-anual\/#breadcrumb\",\"itemListElement\":[{\"@type\":\"ListItem\",\"position\":1,\"name\":\"In\u00edcio\",\"item\":\"https:\/\/radiolifefm.com.br\/noticias\/\"},{\"@type\":\"ListItem\",\"position\":2,\"name\":\"Prefeitura de Adamantina promover\u00e1 reuni\u00e3o para deliberar sobre a revis\u00e3o geral anual\"}]},{\"@type\":\"WebSite\",\"@id\":\"https:\/\/radiolifefm.com.br\/noticias\/#website\",\"url\":\"https:\/\/radiolifefm.com.br\/noticias\/\",\"name\":\"R\u00e1dio Life FM\",\"description\":\"O Portal de Not\u00edcias de Adamantina\",\"publisher\":{\"@id\":\"https:\/\/radiolifefm.com.br\/noticias\/#organization\"},\"alternateName\":\"Life FM\",\"potentialAction\":[{\"@type\":\"SearchAction\",\"target\":{\"@type\":\"EntryPoint\",\"urlTemplate\":\"https:\/\/radiolifefm.com.br\/noticias\/?s={search_term_string}\"},\"query-input\":{\"@type\":\"PropertyValueSpecification\",\"valueRequired\":true,\"valueName\":\"search_term_string\"}}],\"inLanguage\":\"pt-BR\"},{\"@type\":\"Organization\",\"@id\":\"https:\/\/radiolifefm.com.br\/noticias\/#organization\",\"name\":\"R\u00e1dio Life FM\",\"alternateName\":\"Life FM\",\"url\":\"https:\/\/radiolifefm.com.br\/noticias\/\",\"logo\":{\"@type\":\"ImageObject\",\"inLanguage\":\"pt-BR\",\"@id\":\"https:\/\/radiolifefm.com.br\/noticias\/#\/schema\/logo\/image\/\",\"url\":\"https:\/\/static.radiolifefm.com.br\/noticias\/wp-content\/uploads\/2019\/10\/logo-lifefm.png\",\"contentUrl\":\"https:\/\/static.radiolifefm.com.br\/noticias\/wp-content\/uploads\/2019\/10\/logo-lifefm.png\",\"width\":196,\"height\":47,\"caption\":\"R\u00e1dio Life FM\"},\"image\":{\"@id\":\"https:\/\/radiolifefm.com.br\/noticias\/#\/schema\/logo\/image\/\"},\"sameAs\":[\"https:\/\/www.facebook.com\/radiolifefm\/\",\"https:\/\/www.instagram.com\/life1079fm\/\"]},{\"@type\":\"Person\",\"@id\":\"https:\/\/radiolifefm.com.br\/noticias\/#\/schema\/person\/6339b9fac59d12b071dec680d7375d87\",\"name\":\"ritanery\",\"image\":{\"@type\":\"ImageObject\",\"inLanguage\":\"pt-BR\",\"@id\":\"https:\/\/secure.gravatar.com\/avatar\/0e37bb19071f47c0b8a23f62a903df117c5a0e75f65a0c2901562f97cd41cf86?s=96&d=mm&r=g\",\"url\":\"https:\/\/secure.gravatar.com\/avatar\/0e37bb19071f47c0b8a23f62a903df117c5a0e75f65a0c2901562f97cd41cf86?s=96&d=mm&r=g\",\"contentUrl\":\"https:\/\/secure.gravatar.com\/avatar\/0e37bb19071f47c0b8a23f62a903df117c5a0e75f65a0c2901562f97cd41cf86?s=96&d=mm&r=g\",\"caption\":\"ritanery\"}}]}<\/script>\n<!-- \/ Yoast SEO plugin. -->","yoast_head_json":{"title":"Prefeitura de Adamantina promover\u00e1 reuni\u00e3o para deliberar sobre a revis\u00e3o geral anual - R\u00e1dio Life FM","robots":{"index":"index","follow":"follow","max-snippet":"max-snippet:-1","max-image-preview":"max-image-preview:large","max-video-preview":"max-video-preview:-1"},"canonical":"https:\/\/radiolifefm.com.br\/noticias\/prefeitura-de-adamantina-promovera-reuniao-para-deliberar-sobre-a-revisao-geral-anual\/","og_locale":"pt_BR","og_type":"article","og_title":"Prefeitura de Adamantina promover\u00e1 reuni\u00e3o para deliberar sobre a revis\u00e3o geral anual - R\u00e1dio Life FM","og_description":"A Prefeitura de Adamantina comunica que ap\u00f3s encontro entre o prefeito M\u00e1rcio Cardim e os secret\u00e1rios das pastas competentes foi acordado que haver\u00e1 uma reuni\u00e3o na pr\u00f3xima semana com os vereadores da base parlamentar da administra\u00e7\u00e3o na c\u00e2mara municipal. O evento objetiva dialogar e deliberar sobre a revis\u00e3o geral anual que ser\u00e1 concedida aos funcion\u00e1rios [&hellip;]","og_url":"https:\/\/radiolifefm.com.br\/noticias\/prefeitura-de-adamantina-promovera-reuniao-para-deliberar-sobre-a-revisao-geral-anual\/","og_site_name":"R\u00e1dio Life FM","article_publisher":"https:\/\/www.facebook.com\/radiolifefm\/","article_published_time":"2022-01-07T13:14:50+00:00","article_modified_time":"2025-10-07T10:44:45+00:00","og_image":[{"width":540,"height":300,"url":"https:\/\/static.radiolifefm.com.br\/noticias\/wp-content\/uploads\/2021\/03\/pna-lupapng161694042360608d8786c6b.jpg","type":"image\/jpeg"}],"author":"ritanery","twitter_card":"summary_large_image","twitter_misc":{"Escrito por":"ritanery","Est. tempo de leitura":"1 minuto"},"schema":{"@context":"https:\/\/schema.org","@graph":[{"@type":"Article","@id":"https:\/\/radiolifefm.com.br\/noticias\/prefeitura-de-adamantina-promovera-reuniao-para-deliberar-sobre-a-revisao-geral-anual\/#article","isPartOf":{"@id":"https:\/\/radiolifefm.com.br\/noticias\/prefeitura-de-adamantina-promovera-reuniao-para-deliberar-sobre-a-revisao-geral-anual\/"},"author":{"name":"ritanery","@id":"https:\/\/radiolifefm.com.br\/noticias\/#\/schema\/person\/6339b9fac59d12b071dec680d7375d87"},"headline":"Prefeitura de Adamantina promover\u00e1 reuni\u00e3o para deliberar sobre a revis\u00e3o geral anual","datePublished":"2022-01-07T13:14:50+00:00","dateModified":"2025-10-07T10:44:45+00:00","mainEntityOfPage":{"@id":"https:\/\/radiolifefm.com.br\/noticias\/prefeitura-de-adamantina-promovera-reuniao-para-deliberar-sobre-a-revisao-geral-anual\/"},"wordCount":170,"publisher":{"@id":"https:\/\/radiolifefm.com.br\/noticias\/#organization"},"image":{"@id":"https:\/\/radiolifefm.com.br\/noticias\/prefeitura-de-adamantina-promovera-reuniao-para-deliberar-sobre-a-revisao-geral-anual\/#primaryimage"},"thumbnailUrl":"https:\/\/radiolifefm.com.br\/noticias\/wp-content\/uploads\/2021\/03\/pna-lupapng161694042360608d8786c6b.jpg","articleSection":["Adamantina"],"inLanguage":"pt-BR"},{"@type":"WebPage","@id":"https:\/\/radiolifefm.com.br\/noticias\/prefeitura-de-adamantina-promovera-reuniao-para-deliberar-sobre-a-revisao-geral-anual\/","url":"https:\/\/radiolifefm.com.br\/noticias\/prefeitura-de-adamantina-promovera-reuniao-para-deliberar-sobre-a-revisao-geral-anual\/","name":"Prefeitura de Adamantina promover\u00e1 reuni\u00e3o para deliberar sobre a revis\u00e3o geral anual - R\u00e1dio Life FM","isPartOf":{"@id":"https:\/\/radiolifefm.com.br\/noticias\/#website"},"primaryImageOfPage":{"@id":"https:\/\/radiolifefm.com.br\/noticias\/prefeitura-de-adamantina-promovera-reuniao-para-deliberar-sobre-a-revisao-geral-anual\/#primaryimage"},"image":{"@id":"https:\/\/radiolifefm.com.br\/noticias\/prefeitura-de-adamantina-promovera-reuniao-para-deliberar-sobre-a-revisao-geral-anual\/#primaryimage"},"thumbnailUrl":"https:\/\/radiolifefm.com.br\/noticias\/wp-content\/uploads\/2021\/03\/pna-lupapng161694042360608d8786c6b.jpg","datePublished":"2022-01-07T13:14:50+00:00","dateModified":"2025-10-07T10:44:45+00:00","breadcrumb":{"@id":"https:\/\/radiolifefm.com.br\/noticias\/prefeitura-de-adamantina-promovera-reuniao-para-deliberar-sobre-a-revisao-geral-anual\/#breadcrumb"},"inLanguage":"pt-BR","potentialAction":[{"@type":"ReadAction","target":["https:\/\/radiolifefm.com.br\/noticias\/prefeitura-de-adamantina-promovera-reuniao-para-deliberar-sobre-a-revisao-geral-anual\/"]}]},{"@type":"ImageObject","inLanguage":"pt-BR","@id":"https:\/\/radiolifefm.com.br\/noticias\/prefeitura-de-adamantina-promovera-reuniao-para-deliberar-sobre-a-revisao-geral-anual\/#primaryimage","url":"https:\/\/radiolifefm.com.br\/noticias\/wp-content\/uploads\/2021\/03\/pna-lupapng161694042360608d8786c6b.jpg","contentUrl":"https:\/\/radiolifefm.com.br\/noticias\/wp-content\/uploads\/2021\/03\/pna-lupapng161694042360608d8786c6b.jpg","width":540,"height":300,"caption":"Coleta de lixo funcionar\u00e1 normalmente na segunda-feira (20) e na ter\u00e7a-feira (21)"},{"@type":"BreadcrumbList","@id":"https:\/\/radiolifefm.com.br\/noticias\/prefeitura-de-adamantina-promovera-reuniao-para-deliberar-sobre-a-revisao-geral-anual\/#breadcrumb","itemListElement":[{"@type":"ListItem","position":1,"name":"In\u00edcio","item":"https:\/\/radiolifefm.com.br\/noticias\/"},{"@type":"ListItem","position":2,"name":"Prefeitura de Adamantina promover\u00e1 reuni\u00e3o para deliberar sobre a revis\u00e3o geral anual"}]},{"@type":"WebSite","@id":"https:\/\/radiolifefm.com.br\/noticias\/#website","url":"https:\/\/radiolifefm.com.br\/noticias\/","name":"R\u00e1dio Life FM","description":"O Portal de Not\u00edcias de Adamantina","publisher":{"@id":"https:\/\/radiolifefm.com.br\/noticias\/#organization"},"alternateName":"Life FM","potentialAction":[{"@type":"SearchAction","target":{"@type":"EntryPoint","urlTemplate":"https:\/\/radiolifefm.com.br\/noticias\/?s={search_term_string}"},"query-input":{"@type":"PropertyValueSpecification","valueRequired":true,"valueName":"search_term_string"}}],"inLanguage":"pt-BR"},{"@type":"Organization","@id":"https:\/\/radiolifefm.com.br\/noticias\/#organization","name":"R\u00e1dio Life FM","alternateName":"Life FM","url":"https:\/\/radiolifefm.com.br\/noticias\/","logo":{"@type":"ImageObject","inLanguage":"pt-BR","@id":"https:\/\/radiolifefm.com.br\/noticias\/#\/schema\/logo\/image\/","url":"https:\/\/static.radiolifefm.com.br\/noticias\/wp-content\/uploads\/2019\/10\/logo-lifefm.png","contentUrl":"https:\/\/static.radiolifefm.com.br\/noticias\/wp-content\/uploads\/2019\/10\/logo-lifefm.png","width":196,"height":47,"caption":"R\u00e1dio Life FM"},"image":{"@id":"https:\/\/radiolifefm.com.br\/noticias\/#\/schema\/logo\/image\/"},"sameAs":["https:\/\/www.facebook.com\/radiolifefm\/","https:\/\/www.instagram.com\/life1079fm\/"]},{"@type":"Person","@id":"https:\/\/radiolifefm.com.br\/noticias\/#\/schema\/person\/6339b9fac59d12b071dec680d7375d87","name":"ritanery","image":{"@type":"ImageObject","inLanguage":"pt-BR","@id":"https:\/\/secure.gravatar.com\/avatar\/0e37bb19071f47c0b8a23f62a903df117c5a0e75f65a0c2901562f97cd41cf86?s=96&d=mm&r=g","url":"https:\/\/secure.gravatar.com\/avatar\/0e37bb19071f47c0b8a23f62a903df117c5a0e75f65a0c2901562f97cd41cf86?s=96&d=mm&r=g","contentUrl":"https:\/\/secure.gravatar.com\/avatar\/0e37bb19071f47c0b8a23f62a903df117c5a0e75f65a0c2901562f97cd41cf86?s=96&d=mm&r=g","caption":"ritanery"}}]}},"amp_enabled":true,"_links":{"self":[{"href":"https:\/\/radiolifefm.com.br\/noticias\/wp-json\/wp\/v2\/posts\/47885","targetHints":{"allow":["GET"]}}],"collection":[{"href":"https:\/\/radiolifefm.com.br\/noticias\/wp-json\/wp\/v2\/posts"}],"about":[{"href":"https:\/\/radiolifefm.com.br\/noticias\/wp-json\/wp\/v2\/types\/post"}],"author":[{"embeddable":true,"href":"https:\/\/radiolifefm.com.br\/noticias\/wp-json\/wp\/v2\/users\/13"}],"replies":[{"embeddable":true,"href":"https:\/\/radiolifefm.com.br\/noticias\/wp-json\/wp\/v2\/comments?post=47885"}],"version-history":[{"count":3,"href":"https:\/\/radiolifefm.com.br\/noticias\/wp-json\/wp\/v2\/posts\/47885\/revisions"}],"predecessor-version":[{"id":47888,"href":"https:\/\/radiolifefm.com.br\/noticias\/wp-json\/wp\/v2\/posts\/47885\/revisions\/47888"}],"wp:featuredmedia":[{"embeddable":true,"href":"https:\/\/radiolifefm.com.br\/noticias\/wp-json\/wp\/v2\/media\/37049"}],"wp:attachment":[{"href":"https:\/\/radiolifefm.com.br\/noticias\/wp-json\/wp\/v2\/media?parent=47885"}],"wp:term":[{"taxonomy":"category","embeddable":true,"href":"https:\/\/radiolifefm.com.br\/noticias\/wp-json\/wp\/v2\/categories?post=47885"},{"taxonomy":"post_tag","embeddable":true,"href":"https:\/\/radiolifefm.com.br\/noticias\/wp-json\/wp\/v2\/tags?post=47885"}],"curies":[{"name":"wp","href":"https:\/\/api.w.org\/{rel}","templated":true}]}}