{"id":47751,"date":"2022-01-03T13:42:54","date_gmt":"2022-01-03T16:42:54","guid":{"rendered":"https:\/\/radiolifefm.com.br\/noticias\/?p=47751"},"modified":"2026-03-20T22:03:44","modified_gmt":"2026-03-21T01:03:44","slug":"semana-da-consciencia-negra-integra-calendario-oficial-do-municipioadamantina","status":"publish","type":"post","link":"https:\/\/radiolifefm.com.br\/noticias\/semana-da-consciencia-negra-integra-calendario-oficial-do-municipioadamantina\/","title":{"rendered":"Semana da Consci\u00eancia Negra integra calend\u00e1rio oficial do munic\u00edpio"},"content":{"rendered":"<div id=\"fb-root\"><\/div>\n<p>A pedido da Secretaria de Cultura e Turismo de Adamantina, a C\u00e2mara Municipal de Vereadores aprovou por unanimidade no dia 29 de dezembro a Lei 4.104 que institui a Semana Municipal da Consci\u00eancia Negra e de A\u00e7\u00e3o Antirracista no Munic\u00edpio de Adamantina. O projeto de Lei foi apresentado pelos vereadores Paulo C\u00e9sar Cervelheira e H\u00e9lio Jos\u00e9 dos Santos.<\/p>\n<p>Segundo consta na Lei a Semana deve ser realizada sempre pr\u00f3ximo a 20 de novembro, Dia Nacional da Consci\u00eancia Negra (Lei Federal 12.519, de 10 de novembro de 2011), passando a integrar o Calend\u00e1rio Municipal de Eventos de Adamantina.<\/p>\n<p>A Semana ter\u00e1 por objetivo elevar e ressaltar a cultura original da popula\u00e7\u00e3o negra e afrodescendente, estimular a cidadania e a solidariedade e fomentar a produ\u00e7\u00e3o art\u00edstica e cultural em todas as suas formas e express\u00f5es, al\u00e9m da realiza\u00e7\u00e3o de campanhas de integra\u00e7\u00e3o e dissemina\u00e7\u00e3o dos valores culturais da comunidade negra. A realiza\u00e7\u00e3o de eventos durante a semana deve ser preferencialmente em espa\u00e7os p\u00fablicos, incentivando a participa\u00e7\u00e3o da sociedade civil, englobando atividades de valoriza\u00e7\u00e3o da cultura material tais como feiras, debates, palestras, exposi\u00e7\u00f5es, oficinas, apresenta\u00e7\u00f5es musicais, teatrais e audiovisuais.<\/p>\n<p>O Poder P\u00fablico implementar\u00e1 essas a\u00e7\u00f5es junto aos \u00f3rg\u00e3os p\u00fablicos e privados, sob a forma de campanhas institucionais, eventos e outras formas que julgar convenientes inspiradas nos princ\u00edpios dos direitos humanos, objetivando sempre promover a cultura da igualdade racial, o respeito \u00e0 diversidade religiosa e o combate ao racismo, ao preconceito e \u00e0 discrimina\u00e7\u00e3o racial e de valoriza\u00e7\u00e3o da Hist\u00f3ria e Cultura AfroBrasileira.<\/p>\n<p>Os eventos e atividades da Semana Municipal da Consci\u00eancia Negra ser\u00e3o programados, organizados e acompanhados pela Secretaria de Cultura e Turismo do Munic\u00edpio de Adamantina que poder\u00e1, se entender pertinente, agregar ao evento outras secretarias municipais, entidades organizadas e a sociedade civil propriamente dita.<\/p>\n<p>Para o secret\u00e1rio municipal de cultura e turismo de Adamantina, S\u00e9rgio Vanderlei, a institui\u00e7\u00e3o da Semana da Consci\u00eancia Negra \u00e9 um grande avan\u00e7o no sentido de amenizar quest\u00f5es que ainda persistem em nossa sociedade, como o racismo e a desigualdade social. \u201cDebater, discutir e explanar se faz necess\u00e1rio para a forma\u00e7\u00e3o de uma sociedade mais justa e igualit\u00e1ria\u201d.<\/p>\n<p>Fonte: Assessoria de Imprensa<\/p>\n","protected":false},"excerpt":{"rendered":"<p>A pedido da Secretaria de Cultura e Turismo de Adamantina, a C\u00e2mara Municipal de Vereadores aprovou por unanimidade no dia 29 de dezembro a Lei 4.104 que institui a Semana Municipal da Consci\u00eancia Negra e de A\u00e7\u00e3o Antirracista no Munic\u00edpio de Adamantina. O projeto de Lei foi apresentado pelos vereadores Paulo C\u00e9sar Cervelheira e H\u00e9lio [&hellip;]<\/p>\n","protected":false},"author":13,"featured_media":20821,"comment_status":"closed","ping_status":"open","sticky":false,"template":"","format":"standard","meta":{"_acf_changed":false,"_exactmetrics_skip_tracking":false,"_exactmetrics_sitenote_active":false,"_exactmetrics_sitenote_note":"","_exactmetrics_sitenote_category":0,"footnotes":""},"categories":[21],"tags":[],"class_list":["post-47751","post","type-post","status-publish","format-standard","has-post-thumbnail","hentry","category-adamantina"],"acf":[],"yoast_head":"<!-- This site is optimized with the Yoast SEO plugin v27.2 - https:\/\/yoast.com\/product\/yoast-seo-wordpress\/ -->\n<title>Semana da Consci\u00eancia Negra integra calend\u00e1rio oficial do munic\u00edpio - R\u00e1dio Life FM<\/title>\n<meta name=\"robots\" content=\"index, follow, max-snippet:-1, max-image-preview:large, max-video-preview:-1\" \/>\n<link rel=\"canonical\" href=\"https:\/\/radiolifefm.com.br\/noticias\/semana-da-consciencia-negra-integra-calendario-oficial-do-municipioadamantina\/\" \/>\n<meta property=\"og:locale\" content=\"pt_BR\" \/>\n<meta property=\"og:type\" content=\"article\" \/>\n<meta property=\"og:title\" content=\"Semana da Consci\u00eancia Negra integra calend\u00e1rio oficial do munic\u00edpio - R\u00e1dio Life FM\" \/>\n<meta property=\"og:description\" content=\"A pedido da Secretaria de Cultura e Turismo de Adamantina, a C\u00e2mara Municipal de Vereadores aprovou por unanimidade no dia 29 de dezembro a Lei 4.104 que institui a Semana Municipal da Consci\u00eancia Negra e de A\u00e7\u00e3o Antirracista no Munic\u00edpio de Adamantina. O projeto de Lei foi apresentado pelos vereadores Paulo C\u00e9sar Cervelheira e H\u00e9lio [&hellip;]\" \/>\n<meta property=\"og:url\" content=\"https:\/\/radiolifefm.com.br\/noticias\/semana-da-consciencia-negra-integra-calendario-oficial-do-municipioadamantina\/\" \/>\n<meta property=\"og:site_name\" content=\"R\u00e1dio Life FM\" \/>\n<meta property=\"article:publisher\" content=\"https:\/\/www.facebook.com\/radiolifefm\/\" \/>\n<meta property=\"article:published_time\" content=\"2022-01-03T16:42:54+00:00\" \/>\n<meta property=\"article:modified_time\" content=\"2026-03-21T01:03:44+00:00\" \/>\n<meta property=\"og:image\" content=\"https:\/\/radiolifefm.com.br\/noticias\/wp-content\/uploads\/2020\/03\/Prefeitura-Adamantina-Imagem-2.jpg\" \/>\n\t<meta property=\"og:image:width\" content=\"770\" \/>\n\t<meta property=\"og:image:height\" content=\"440\" \/>\n\t<meta property=\"og:image:type\" content=\"image\/jpeg\" \/>\n<meta name=\"author\" content=\"ritanery\" \/>\n<meta name=\"twitter:card\" content=\"summary_large_image\" \/>\n<meta name=\"twitter:label1\" content=\"Escrito por\" \/>\n\t<meta name=\"twitter:data1\" content=\"ritanery\" \/>\n\t<meta name=\"twitter:label2\" content=\"Est. tempo de leitura\" \/>\n\t<meta name=\"twitter:data2\" content=\"2 minutos\" \/>\n<script type=\"application\/ld+json\" class=\"yoast-schema-graph\">{\"@context\":\"https:\/\/schema.org\",\"@graph\":[{\"@type\":\"Article\",\"@id\":\"https:\/\/radiolifefm.com.br\/noticias\/semana-da-consciencia-negra-integra-calendario-oficial-do-municipioadamantina\/#article\",\"isPartOf\":{\"@id\":\"https:\/\/radiolifefm.com.br\/noticias\/semana-da-consciencia-negra-integra-calendario-oficial-do-municipioadamantina\/\"},\"author\":{\"name\":\"ritanery\",\"@id\":\"https:\/\/radiolifefm.com.br\/noticias\/#\/schema\/person\/6339b9fac59d12b071dec680d7375d87\"},\"headline\":\"Semana da Consci\u00eancia Negra integra calend\u00e1rio oficial do munic\u00edpio\",\"datePublished\":\"2022-01-03T16:42:54+00:00\",\"dateModified\":\"2026-03-21T01:03:44+00:00\",\"mainEntityOfPage\":{\"@id\":\"https:\/\/radiolifefm.com.br\/noticias\/semana-da-consciencia-negra-integra-calendario-oficial-do-municipioadamantina\/\"},\"wordCount\":402,\"publisher\":{\"@id\":\"https:\/\/radiolifefm.com.br\/noticias\/#organization\"},\"image\":{\"@id\":\"https:\/\/radiolifefm.com.br\/noticias\/semana-da-consciencia-negra-integra-calendario-oficial-do-municipioadamantina\/#primaryimage\"},\"thumbnailUrl\":\"https:\/\/radiolifefm.com.br\/noticias\/wp-content\/uploads\/2020\/03\/Prefeitura-Adamantina-Imagem-2.jpg\",\"articleSection\":[\"Adamantina\"],\"inLanguage\":\"pt-BR\"},{\"@type\":\"WebPage\",\"@id\":\"https:\/\/radiolifefm.com.br\/noticias\/semana-da-consciencia-negra-integra-calendario-oficial-do-municipioadamantina\/\",\"url\":\"https:\/\/radiolifefm.com.br\/noticias\/semana-da-consciencia-negra-integra-calendario-oficial-do-municipioadamantina\/\",\"name\":\"Semana da Consci\u00eancia Negra integra calend\u00e1rio oficial do munic\u00edpio - R\u00e1dio Life FM\",\"isPartOf\":{\"@id\":\"https:\/\/radiolifefm.com.br\/noticias\/#website\"},\"primaryImageOfPage\":{\"@id\":\"https:\/\/radiolifefm.com.br\/noticias\/semana-da-consciencia-negra-integra-calendario-oficial-do-municipioadamantina\/#primaryimage\"},\"image\":{\"@id\":\"https:\/\/radiolifefm.com.br\/noticias\/semana-da-consciencia-negra-integra-calendario-oficial-do-municipioadamantina\/#primaryimage\"},\"thumbnailUrl\":\"https:\/\/radiolifefm.com.br\/noticias\/wp-content\/uploads\/2020\/03\/Prefeitura-Adamantina-Imagem-2.jpg\",\"datePublished\":\"2022-01-03T16:42:54+00:00\",\"dateModified\":\"2026-03-21T01:03:44+00:00\",\"breadcrumb\":{\"@id\":\"https:\/\/radiolifefm.com.br\/noticias\/semana-da-consciencia-negra-integra-calendario-oficial-do-municipioadamantina\/#breadcrumb\"},\"inLanguage\":\"pt-BR\",\"potentialAction\":[{\"@type\":\"ReadAction\",\"target\":[\"https:\/\/radiolifefm.com.br\/noticias\/semana-da-consciencia-negra-integra-calendario-oficial-do-municipioadamantina\/\"]}]},{\"@type\":\"ImageObject\",\"inLanguage\":\"pt-BR\",\"@id\":\"https:\/\/radiolifefm.com.br\/noticias\/semana-da-consciencia-negra-integra-calendario-oficial-do-municipioadamantina\/#primaryimage\",\"url\":\"https:\/\/radiolifefm.com.br\/noticias\/wp-content\/uploads\/2020\/03\/Prefeitura-Adamantina-Imagem-2.jpg\",\"contentUrl\":\"https:\/\/radiolifefm.com.br\/noticias\/wp-content\/uploads\/2020\/03\/Prefeitura-Adamantina-Imagem-2.jpg\",\"width\":770,\"height\":440,\"caption\":\"Foto - Declara\u00e7\u00e3o contribui para aumento do repasse de ICMS ao munic\u00edpio.\"},{\"@type\":\"BreadcrumbList\",\"@id\":\"https:\/\/radiolifefm.com.br\/noticias\/semana-da-consciencia-negra-integra-calendario-oficial-do-municipioadamantina\/#breadcrumb\",\"itemListElement\":[{\"@type\":\"ListItem\",\"position\":1,\"name\":\"In\u00edcio\",\"item\":\"https:\/\/radiolifefm.com.br\/noticias\/\"},{\"@type\":\"ListItem\",\"position\":2,\"name\":\"Semana da Consci\u00eancia Negra integra calend\u00e1rio oficial do munic\u00edpio\"}]},{\"@type\":\"WebSite\",\"@id\":\"https:\/\/radiolifefm.com.br\/noticias\/#website\",\"url\":\"https:\/\/radiolifefm.com.br\/noticias\/\",\"name\":\"R\u00e1dio Life FM\",\"description\":\"O Portal de Not\u00edcias de Adamantina\",\"publisher\":{\"@id\":\"https:\/\/radiolifefm.com.br\/noticias\/#organization\"},\"alternateName\":\"Life FM\",\"potentialAction\":[{\"@type\":\"SearchAction\",\"target\":{\"@type\":\"EntryPoint\",\"urlTemplate\":\"https:\/\/radiolifefm.com.br\/noticias\/?s={search_term_string}\"},\"query-input\":{\"@type\":\"PropertyValueSpecification\",\"valueRequired\":true,\"valueName\":\"search_term_string\"}}],\"inLanguage\":\"pt-BR\"},{\"@type\":\"Organization\",\"@id\":\"https:\/\/radiolifefm.com.br\/noticias\/#organization\",\"name\":\"R\u00e1dio Life FM\",\"alternateName\":\"Life FM\",\"url\":\"https:\/\/radiolifefm.com.br\/noticias\/\",\"logo\":{\"@type\":\"ImageObject\",\"inLanguage\":\"pt-BR\",\"@id\":\"https:\/\/radiolifefm.com.br\/noticias\/#\/schema\/logo\/image\/\",\"url\":\"https:\/\/static.radiolifefm.com.br\/noticias\/wp-content\/uploads\/2019\/10\/logo-lifefm.png\",\"contentUrl\":\"https:\/\/static.radiolifefm.com.br\/noticias\/wp-content\/uploads\/2019\/10\/logo-lifefm.png\",\"width\":196,\"height\":47,\"caption\":\"R\u00e1dio Life FM\"},\"image\":{\"@id\":\"https:\/\/radiolifefm.com.br\/noticias\/#\/schema\/logo\/image\/\"},\"sameAs\":[\"https:\/\/www.facebook.com\/radiolifefm\/\",\"https:\/\/www.instagram.com\/life1079fm\/\"]},{\"@type\":\"Person\",\"@id\":\"https:\/\/radiolifefm.com.br\/noticias\/#\/schema\/person\/6339b9fac59d12b071dec680d7375d87\",\"name\":\"ritanery\",\"image\":{\"@type\":\"ImageObject\",\"inLanguage\":\"pt-BR\",\"@id\":\"https:\/\/secure.gravatar.com\/avatar\/0e37bb19071f47c0b8a23f62a903df117c5a0e75f65a0c2901562f97cd41cf86?s=96&d=mm&r=g\",\"url\":\"https:\/\/secure.gravatar.com\/avatar\/0e37bb19071f47c0b8a23f62a903df117c5a0e75f65a0c2901562f97cd41cf86?s=96&d=mm&r=g\",\"contentUrl\":\"https:\/\/secure.gravatar.com\/avatar\/0e37bb19071f47c0b8a23f62a903df117c5a0e75f65a0c2901562f97cd41cf86?s=96&d=mm&r=g\",\"caption\":\"ritanery\"}}]}<\/script>\n<!-- \/ Yoast SEO plugin. -->","yoast_head_json":{"title":"Semana da Consci\u00eancia Negra integra calend\u00e1rio oficial do munic\u00edpio - R\u00e1dio Life FM","robots":{"index":"index","follow":"follow","max-snippet":"max-snippet:-1","max-image-preview":"max-image-preview:large","max-video-preview":"max-video-preview:-1"},"canonical":"https:\/\/radiolifefm.com.br\/noticias\/semana-da-consciencia-negra-integra-calendario-oficial-do-municipioadamantina\/","og_locale":"pt_BR","og_type":"article","og_title":"Semana da Consci\u00eancia Negra integra calend\u00e1rio oficial do munic\u00edpio - R\u00e1dio Life FM","og_description":"A pedido da Secretaria de Cultura e Turismo de Adamantina, a C\u00e2mara Municipal de Vereadores aprovou por unanimidade no dia 29 de dezembro a Lei 4.104 que institui a Semana Municipal da Consci\u00eancia Negra e de A\u00e7\u00e3o Antirracista no Munic\u00edpio de Adamantina. O projeto de Lei foi apresentado pelos vereadores Paulo C\u00e9sar Cervelheira e H\u00e9lio [&hellip;]","og_url":"https:\/\/radiolifefm.com.br\/noticias\/semana-da-consciencia-negra-integra-calendario-oficial-do-municipioadamantina\/","og_site_name":"R\u00e1dio Life FM","article_publisher":"https:\/\/www.facebook.com\/radiolifefm\/","article_published_time":"2022-01-03T16:42:54+00:00","article_modified_time":"2026-03-21T01:03:44+00:00","og_image":[{"width":770,"height":440,"url":"https:\/\/radiolifefm.com.br\/noticias\/wp-content\/uploads\/2020\/03\/Prefeitura-Adamantina-Imagem-2.jpg","type":"image\/jpeg"}],"author":"ritanery","twitter_card":"summary_large_image","twitter_misc":{"Escrito por":"ritanery","Est. tempo de leitura":"2 minutos"},"schema":{"@context":"https:\/\/schema.org","@graph":[{"@type":"Article","@id":"https:\/\/radiolifefm.com.br\/noticias\/semana-da-consciencia-negra-integra-calendario-oficial-do-municipioadamantina\/#article","isPartOf":{"@id":"https:\/\/radiolifefm.com.br\/noticias\/semana-da-consciencia-negra-integra-calendario-oficial-do-municipioadamantina\/"},"author":{"name":"ritanery","@id":"https:\/\/radiolifefm.com.br\/noticias\/#\/schema\/person\/6339b9fac59d12b071dec680d7375d87"},"headline":"Semana da Consci\u00eancia Negra integra calend\u00e1rio oficial do munic\u00edpio","datePublished":"2022-01-03T16:42:54+00:00","dateModified":"2026-03-21T01:03:44+00:00","mainEntityOfPage":{"@id":"https:\/\/radiolifefm.com.br\/noticias\/semana-da-consciencia-negra-integra-calendario-oficial-do-municipioadamantina\/"},"wordCount":402,"publisher":{"@id":"https:\/\/radiolifefm.com.br\/noticias\/#organization"},"image":{"@id":"https:\/\/radiolifefm.com.br\/noticias\/semana-da-consciencia-negra-integra-calendario-oficial-do-municipioadamantina\/#primaryimage"},"thumbnailUrl":"https:\/\/radiolifefm.com.br\/noticias\/wp-content\/uploads\/2020\/03\/Prefeitura-Adamantina-Imagem-2.jpg","articleSection":["Adamantina"],"inLanguage":"pt-BR"},{"@type":"WebPage","@id":"https:\/\/radiolifefm.com.br\/noticias\/semana-da-consciencia-negra-integra-calendario-oficial-do-municipioadamantina\/","url":"https:\/\/radiolifefm.com.br\/noticias\/semana-da-consciencia-negra-integra-calendario-oficial-do-municipioadamantina\/","name":"Semana da Consci\u00eancia Negra integra calend\u00e1rio oficial do munic\u00edpio - R\u00e1dio Life FM","isPartOf":{"@id":"https:\/\/radiolifefm.com.br\/noticias\/#website"},"primaryImageOfPage":{"@id":"https:\/\/radiolifefm.com.br\/noticias\/semana-da-consciencia-negra-integra-calendario-oficial-do-municipioadamantina\/#primaryimage"},"image":{"@id":"https:\/\/radiolifefm.com.br\/noticias\/semana-da-consciencia-negra-integra-calendario-oficial-do-municipioadamantina\/#primaryimage"},"thumbnailUrl":"https:\/\/radiolifefm.com.br\/noticias\/wp-content\/uploads\/2020\/03\/Prefeitura-Adamantina-Imagem-2.jpg","datePublished":"2022-01-03T16:42:54+00:00","dateModified":"2026-03-21T01:03:44+00:00","breadcrumb":{"@id":"https:\/\/radiolifefm.com.br\/noticias\/semana-da-consciencia-negra-integra-calendario-oficial-do-municipioadamantina\/#breadcrumb"},"inLanguage":"pt-BR","potentialAction":[{"@type":"ReadAction","target":["https:\/\/radiolifefm.com.br\/noticias\/semana-da-consciencia-negra-integra-calendario-oficial-do-municipioadamantina\/"]}]},{"@type":"ImageObject","inLanguage":"pt-BR","@id":"https:\/\/radiolifefm.com.br\/noticias\/semana-da-consciencia-negra-integra-calendario-oficial-do-municipioadamantina\/#primaryimage","url":"https:\/\/radiolifefm.com.br\/noticias\/wp-content\/uploads\/2020\/03\/Prefeitura-Adamantina-Imagem-2.jpg","contentUrl":"https:\/\/radiolifefm.com.br\/noticias\/wp-content\/uploads\/2020\/03\/Prefeitura-Adamantina-Imagem-2.jpg","width":770,"height":440,"caption":"Foto - Declara\u00e7\u00e3o contribui para aumento do repasse de ICMS ao munic\u00edpio."},{"@type":"BreadcrumbList","@id":"https:\/\/radiolifefm.com.br\/noticias\/semana-da-consciencia-negra-integra-calendario-oficial-do-municipioadamantina\/#breadcrumb","itemListElement":[{"@type":"ListItem","position":1,"name":"In\u00edcio","item":"https:\/\/radiolifefm.com.br\/noticias\/"},{"@type":"ListItem","position":2,"name":"Semana da Consci\u00eancia Negra integra calend\u00e1rio oficial do munic\u00edpio"}]},{"@type":"WebSite","@id":"https:\/\/radiolifefm.com.br\/noticias\/#website","url":"https:\/\/radiolifefm.com.br\/noticias\/","name":"R\u00e1dio Life FM","description":"O Portal de Not\u00edcias de Adamantina","publisher":{"@id":"https:\/\/radiolifefm.com.br\/noticias\/#organization"},"alternateName":"Life FM","potentialAction":[{"@type":"SearchAction","target":{"@type":"EntryPoint","urlTemplate":"https:\/\/radiolifefm.com.br\/noticias\/?s={search_term_string}"},"query-input":{"@type":"PropertyValueSpecification","valueRequired":true,"valueName":"search_term_string"}}],"inLanguage":"pt-BR"},{"@type":"Organization","@id":"https:\/\/radiolifefm.com.br\/noticias\/#organization","name":"R\u00e1dio Life FM","alternateName":"Life FM","url":"https:\/\/radiolifefm.com.br\/noticias\/","logo":{"@type":"ImageObject","inLanguage":"pt-BR","@id":"https:\/\/radiolifefm.com.br\/noticias\/#\/schema\/logo\/image\/","url":"https:\/\/static.radiolifefm.com.br\/noticias\/wp-content\/uploads\/2019\/10\/logo-lifefm.png","contentUrl":"https:\/\/static.radiolifefm.com.br\/noticias\/wp-content\/uploads\/2019\/10\/logo-lifefm.png","width":196,"height":47,"caption":"R\u00e1dio Life FM"},"image":{"@id":"https:\/\/radiolifefm.com.br\/noticias\/#\/schema\/logo\/image\/"},"sameAs":["https:\/\/www.facebook.com\/radiolifefm\/","https:\/\/www.instagram.com\/life1079fm\/"]},{"@type":"Person","@id":"https:\/\/radiolifefm.com.br\/noticias\/#\/schema\/person\/6339b9fac59d12b071dec680d7375d87","name":"ritanery","image":{"@type":"ImageObject","inLanguage":"pt-BR","@id":"https:\/\/secure.gravatar.com\/avatar\/0e37bb19071f47c0b8a23f62a903df117c5a0e75f65a0c2901562f97cd41cf86?s=96&d=mm&r=g","url":"https:\/\/secure.gravatar.com\/avatar\/0e37bb19071f47c0b8a23f62a903df117c5a0e75f65a0c2901562f97cd41cf86?s=96&d=mm&r=g","contentUrl":"https:\/\/secure.gravatar.com\/avatar\/0e37bb19071f47c0b8a23f62a903df117c5a0e75f65a0c2901562f97cd41cf86?s=96&d=mm&r=g","caption":"ritanery"}}]}},"amp_enabled":true,"_links":{"self":[{"href":"https:\/\/radiolifefm.com.br\/noticias\/wp-json\/wp\/v2\/posts\/47751","targetHints":{"allow":["GET"]}}],"collection":[{"href":"https:\/\/radiolifefm.com.br\/noticias\/wp-json\/wp\/v2\/posts"}],"about":[{"href":"https:\/\/radiolifefm.com.br\/noticias\/wp-json\/wp\/v2\/types\/post"}],"author":[{"embeddable":true,"href":"https:\/\/radiolifefm.com.br\/noticias\/wp-json\/wp\/v2\/users\/13"}],"replies":[{"embeddable":true,"href":"https:\/\/radiolifefm.com.br\/noticias\/wp-json\/wp\/v2\/comments?post=47751"}],"version-history":[{"count":1,"href":"https:\/\/radiolifefm.com.br\/noticias\/wp-json\/wp\/v2\/posts\/47751\/revisions"}],"predecessor-version":[{"id":47752,"href":"https:\/\/radiolifefm.com.br\/noticias\/wp-json\/wp\/v2\/posts\/47751\/revisions\/47752"}],"wp:featuredmedia":[{"embeddable":true,"href":"https:\/\/radiolifefm.com.br\/noticias\/wp-json\/wp\/v2\/media\/20821"}],"wp:attachment":[{"href":"https:\/\/radiolifefm.com.br\/noticias\/wp-json\/wp\/v2\/media?parent=47751"}],"wp:term":[{"taxonomy":"category","embeddable":true,"href":"https:\/\/radiolifefm.com.br\/noticias\/wp-json\/wp\/v2\/categories?post=47751"},{"taxonomy":"post_tag","embeddable":true,"href":"https:\/\/radiolifefm.com.br\/noticias\/wp-json\/wp\/v2\/tags?post=47751"}],"curies":[{"name":"wp","href":"https:\/\/api.w.org\/{rel}","templated":true}]}}