{"id":47625,"date":"2021-12-30T07:37:48","date_gmt":"2021-12-30T10:37:48","guid":{"rendered":"https:\/\/radiolifefm.com.br\/noticias\/?p=47625"},"modified":"2026-04-23T21:12:11","modified_gmt":"2026-04-24T00:12:11","slug":"com-acervo-inicial-de-2-mil-itens-entre-fotos-videos-e-documentos-adamantina-ganha-museu-virtual","status":"publish","type":"post","link":"https:\/\/radiolifefm.com.br\/noticias\/com-acervo-inicial-de-2-mil-itens-entre-fotos-videos-e-documentos-adamantina-ganha-museu-virtual\/","title":{"rendered":"Com acervo inicial de 2 mil itens, entre fotos, v\u00eddeos e documentos, Adamantina ganha Museu Virtual"},"content":{"rendered":"<div id=\"fb-root\"><\/div>\n<p style=\"font-weight: 400\">Tr\u00eas adamantinenses apaixonados pela hist\u00f3ria da cidade, e sens\u00edveis a esse tema, se mobilizaram e criaram o\u00a0<a href=\"https:\/\/www.muvia.com.br\/\"><b><strong>MUVIA \u2013 Museu Virtual de Adamantina<\/strong><\/b><\/a>. O servi\u00e7o est\u00e1 dispon\u00edvel desde a \u00faltima sexta-feira (24) na internet, em dom\u00ednio pr\u00f3prio, com o endere\u00e7o\u00a0<a href=\"https:\/\/www.muvia.com.br\/\"><b><strong>www.muvia.com.br<\/strong><\/b><\/a>. A iniciativa \u00e9 assinada por Sueli Yamauti, Marcelo Rosilho e N\u00e9io Souza Bom Junior, que hoje moram em S\u00e3o Paulo (SP).<\/p>\n<p style=\"font-weight: 400\">A novidade tem um acervo inicial de dois mil itens, entre fotos, v\u00eddeos e documentos, reunidos a partir de publica\u00e7\u00f5es realizadas no grupo\u00a0<a href=\"https:\/\/www.facebook.com\/groups\/156571968351233\"><b><strong>\u201cSomos N\u00f3s de Adamantina\u201d<\/strong><\/b><\/a>, no Facebook, ambiente de intera\u00e7\u00f5es que atualmente re\u00fane 11 mil membros, onde os tr\u00eas s\u00e3o administradores.\u00a0\u00a0A partir dos conte\u00fados postados nesse espa\u00e7o, e a dificuldade de organiz\u00e1-los por l\u00e1 \u2013 de modo a facilitar sua localiza\u00e7\u00e3o e pesquisas \u2013 nasceu a proposta.<\/p>\n<figure id=\"attachment_47627\" aria-describedby=\"caption-attachment-47627\" style=\"width: 300px\" class=\"wp-caption aligncenter\"><img loading=\"lazy\" decoding=\"async\" class=\"wp-image-47627 size-medium\" src=\"https:\/\/static.radiolifefm.com.br\/wp-content\/uploads\/sites\/2\/2021\/12\/muvia-equipepng164080266361cca96712235-300x94.png\" alt=\"\" width=\"300\" height=\"94\" srcset=\"https:\/\/radiolifefm.com.br\/noticias\/wp-content\/uploads\/2021\/12\/muvia-equipepng164080266361cca96712235-300x94.png 300w, https:\/\/radiolifefm.com.br\/noticias\/wp-content\/uploads\/2021\/12\/muvia-equipepng164080266361cca96712235-1024x322.png 1024w, https:\/\/radiolifefm.com.br\/noticias\/wp-content\/uploads\/2021\/12\/muvia-equipepng164080266361cca96712235-768x241.png 768w, https:\/\/radiolifefm.com.br\/noticias\/wp-content\/uploads\/2021\/12\/muvia-equipepng164080266361cca96712235.png 1261w\" sizes=\"auto, (max-width: 300px) 100vw, 300px\" \/><figcaption id=\"caption-attachment-47627\" class=\"wp-caption-text\">Marcelo Rosilho, Sueli Yamauti e N\u00e9io Souza Bom Junior, idealizadores do MUVIA (Reprodu\u00e7\u00e3o\/MUVIA).<\/figcaption><\/figure>\n<p style=\"font-weight: 400\">Ao SIGA MAIS, N\u00e9io falou sobre a novidade, pensada inicialmente pela Sueli Yamauti, tamb\u00e9m criadora do grupo \u201cSomos N\u00f3s de Adamantina\u201d. \u201cComo no Facebook os materiais se alternam e se misturam sem uma ordem, surgiu ent\u00e3o a op\u00e7\u00e3o de organiza\u00e7\u00e3o de todo o acervo separado por tema, e nasceu a ideia do museu, elaborado atrav\u00e9s de um site\u201d, conta. \u201cO objetivo \u00e9 resgatar e preservar a hist\u00f3ria educacional, social, pol\u00edtica, administrativa e esportiva de Adamantina desde a cria\u00e7\u00e3o da cidade, por meio da organiza\u00e7\u00e3o do seu enorme acervo de material e informa\u00e7\u00f5es\u201d, destaca o entusiasta.<\/p>\n<p style=\"font-weight: 400\">Em mais de 80 abas, acessadas a partir do menu, o MUVIA traz o registro de eventos, acontecimentos hist\u00f3ricos, h\u00e1bitos, costumes, personagens e demais elementos culturais dos adamantinenses, atrav\u00e9s de sua hist\u00f3ria, al\u00e9m de divulg\u00e1-la. Narra tamb\u00e9m, em forma de fotos e v\u00eddeos, a hist\u00f3ria do desenvolvimento da cidade em seus v\u00e1rios segmentos. Um\u00a0<a href=\"https:\/\/youtu.be\/3YJJ0Jq8F7s\"><b><strong>v\u00eddeo<\/strong><\/b>\u00a0<\/a>no Youtube tamb\u00e9m apresenta o novo site.<\/p>\n<p style=\"font-weight: 400\"><b><strong>Organiza\u00e7\u00e3o do acervo e novas inclus\u00f5es<\/strong><\/b><\/p>\n<p style=\"font-weight: 400\">Sobre o processo de organiza\u00e7\u00e3o do acervo que comp\u00f5e o MUVIA, N\u00e9io explica que todo o trabalho foi baseado no acervo do grupo \u201cSomos N\u00f3s de Adamantina\u201d. Ele conta que durante os quatro anos de exist\u00eancia do grupo formou-se um gigantesco banco de dados, fotos, v\u00eddeos e documentos, o que exigiu uma ampla mobiliza\u00e7\u00e3o dos idealizadores para organiz\u00e1-los, por temas, e identificar o conte\u00fado com alguma refer\u00eancia informativa complementar. \u201cNa medida em que o trabalho foi evoluindo, buscamos tamb\u00e9m muito material na internet e outras fontes, al\u00e9m do grupo. Houve grande trabalho de pesquisa hist\u00f3rica para darmos sustenta\u00e7\u00e3o as fotos e v\u00eddeos\u201d, descreve.<\/p>\n<figure id=\"attachment_47628\" aria-describedby=\"caption-attachment-47628\" style=\"width: 1440px\" class=\"wp-caption alignnone\"><img loading=\"lazy\" decoding=\"async\" class=\"size-full wp-image-47628\" src=\"https:\/\/static.radiolifefm.com.br\/wp-content\/uploads\/sites\/2\/2021\/12\/11jpg164080308961ccab11a9396.jpg\" alt=\"\" width=\"1440\" height=\"750\" srcset=\"https:\/\/radiolifefm.com.br\/noticias\/wp-content\/uploads\/2021\/12\/11jpg164080308961ccab11a9396.jpg 1440w, https:\/\/radiolifefm.com.br\/noticias\/wp-content\/uploads\/2021\/12\/11jpg164080308961ccab11a9396-300x156.jpg 300w, https:\/\/radiolifefm.com.br\/noticias\/wp-content\/uploads\/2021\/12\/11jpg164080308961ccab11a9396-1024x533.jpg 1024w, https:\/\/radiolifefm.com.br\/noticias\/wp-content\/uploads\/2021\/12\/11jpg164080308961ccab11a9396-768x400.jpg 768w\" sizes=\"auto, (max-width: 1440px) 100vw, 1440px\" \/><figcaption id=\"caption-attachment-47628\" class=\"wp-caption-text\">Vista geral de Adamantina (Acervo Jo\u00e3o Carlos Rodrigues\/MUVIA).<\/figcaption><\/figure>\n<p style=\"font-weight: 400\">Com a refer\u00eancia inicial de dois mil elementos que narram a hist\u00f3ria de Adamantina, no Museu Virtual, N\u00e9io reitera que o p\u00fablico pode continuar contribuindo. \u201cPara n\u00f3s, o trabalho do MUVIA apenas come\u00e7ou. Esperamos agora, com esse lan\u00e7amento, despertar o interesse dos adamantinenses em nos mandar materiais, fotos, v\u00eddeos e documentos para colocarmos no Museu. Estamos totalmente dispon\u00edveis para recebermos essas colabora\u00e7\u00f5es. Toda contribui\u00e7\u00e3o \u00e9 bem-vinda\u201d, diz. \u201cN\u00f3s ainda temos muito material guardado para inserir no Museu. S\u00e3o centenas de fotos, v\u00eddeos e documentos que ainda est\u00e3o em fase de identifica\u00e7\u00e3o para coloca\u00e7\u00e3o de legendas\u201d, revela.<\/p>\n<p style=\"font-weight: 400\">N\u00e9io destaca que a iniciativa do MUVIA tamb\u00e9m pode, de alguma forma, dialogar com o futuro Museu Hist\u00f3rico Municipal, anunciado neste ano pela Prefeitura local. \u201cAdamantina ter\u00e1 um museu f\u00edsico, uma ideia brilhante e que tem todo nosso apoio. Por\u00e9m a visita f\u00edsica \u00e9 limitada a uma quantidade menor de pessoas, sendo a maioria moradores da cidade\u201d, diz. \u201cNo caso do site, todo o acervo poder\u00e1 ser visto em qualquer parte do mundo e existem adamantinenses por todo o Brasil e mundo afora, que ter\u00e3o oportunidade de acessar as informa\u00e7\u00f5es. A meu ver, o museu virtual poder\u00e1 ser um parceiro do f\u00edsico, ambos s\u00e3o muito importantes para a cidade que podem, e devem, se completar\u201d.<\/p>\n<figure id=\"attachment_47629\" aria-describedby=\"caption-attachment-47629\" style=\"width: 1370px\" class=\"wp-caption alignnone\"><img loading=\"lazy\" decoding=\"async\" class=\"size-full wp-image-47629\" src=\"https:\/\/static.radiolifefm.com.br\/wp-content\/uploads\/sites\/2\/2021\/12\/12jpg164080316961ccab617e93a.jpg\" alt=\"\" width=\"1370\" height=\"894\" srcset=\"https:\/\/radiolifefm.com.br\/noticias\/wp-content\/uploads\/2021\/12\/12jpg164080316961ccab617e93a.jpg 1370w, https:\/\/radiolifefm.com.br\/noticias\/wp-content\/uploads\/2021\/12\/12jpg164080316961ccab617e93a-300x196.jpg 300w, https:\/\/radiolifefm.com.br\/noticias\/wp-content\/uploads\/2021\/12\/12jpg164080316961ccab617e93a-1024x668.jpg 1024w, https:\/\/radiolifefm.com.br\/noticias\/wp-content\/uploads\/2021\/12\/12jpg164080316961ccab617e93a-768x501.jpg 768w\" sizes=\"auto, (max-width: 1370px) 100vw, 1370px\" \/><figcaption id=\"caption-attachment-47629\" class=\"wp-caption-text\">Acidente a\u00e9reo em 1957,em Adamantina (Acervo Jo\u00e3o Carlos Rodrigues\/MUVIA).<\/figcaption><\/figure>\n<p>Poucos dias ap\u00f3s o lan\u00e7amento do MUVIA, os idealizadores j\u00e1 comemoram o feedback. \u201cA recep\u00e7\u00e3o tem sido excepcional. Mesmo considerando pessoal viajando nessa \u00e9poca, o marcador de visitas n\u00e3o para\u201d, comemora. N\u00e9io ressalta que o site tem um conte\u00fado robusto e as pessoas levar\u00e3o um tempo para ver tudo, o que deve atrair o internauta em novos momentos, para revisita\u00e7\u00e3o ao acervo virtual. \u201cCom a ajuda de voc\u00eas, da m\u00eddia, a divulga\u00e7\u00e3o ser\u00e1 intensa. O trabalho \u00e9 muito bonito e bem feito, de bom gosto. Acredito que est\u00e1 ao agrado dos adamantinenses\u201d, encerra.<\/p>\n<p style=\"font-weight: 400\"><b><strong>Estrimilique, Z\u00e9 do Pito e outras hist\u00f3rias<\/strong><\/b><\/p>\n<p style=\"font-weight: 400\">Entre os registros de eventos, acontecimentos hist\u00f3ricos, h\u00e1bitos, costumes e demais elementos culturais dos adamantinenses, h\u00e1 tamb\u00e9m uma aba sobre personagens que se tornaram refer\u00eancia para toda uma gera\u00e7\u00e3o. Entre eles, Z\u00e9 do Pito e Estrimilique.<\/p>\n<p style=\"font-weight: 400\">No MUVIA, N\u00e9io assina o texto<a href=\"https:\/\/www.muvia.com.br\/z%C3%A9-do-pito\"><b><strong>\u00a0\u201cZ\u00e9 do Pito, a lenda\u201d<\/strong><\/b><\/a>, onde fala sobre um personagem ic\u00f4nico que viveu em Adamantina entre as d\u00e9cadas de 40 e 60, \u201ccom seu chap\u00e9u, saco nas costas (que ningu\u00e9m sabia o que tinha dentro), sua barba sempre por fazer, cara de mau e seu insepar\u00e1vel cachimbo\u201d. Segundo o texto, Seu ponto de refer\u00eancia era a antiga rodovi\u00e1ria, por\u00e9m perambulava por toda a cidade sempre pedindo um caf\u00e9 nas casas. Os pais, nessa \u00e9poca, diziam que iriam \u201cchamar o Z\u00e9 do Pito\u201d quando as crian\u00e7as resistiam a obedecer ordens e realizar tarefas. \u201cSe n\u00e3o for tomar banho o Z\u00e9 do Pito vem te buscar\u201d, diziam. E a crian\u00e7a, muitas vezes, atendia a ordem, com medo.<\/p>\n<figure id=\"attachment_47630\" aria-describedby=\"caption-attachment-47630\" style=\"width: 938px\" class=\"wp-caption alignnone\"><img loading=\"lazy\" decoding=\"async\" class=\"size-full wp-image-47630\" src=\"https:\/\/static.radiolifefm.com.br\/wp-content\/uploads\/sites\/2\/2021\/12\/pitojpg164080277761cca9d988d6e.jpg\" alt=\"\" width=\"938\" height=\"1388\" srcset=\"https:\/\/radiolifefm.com.br\/noticias\/wp-content\/uploads\/2021\/12\/pitojpg164080277761cca9d988d6e.jpg 938w, https:\/\/radiolifefm.com.br\/noticias\/wp-content\/uploads\/2021\/12\/pitojpg164080277761cca9d988d6e-203x300.jpg 203w, https:\/\/radiolifefm.com.br\/noticias\/wp-content\/uploads\/2021\/12\/pitojpg164080277761cca9d988d6e-692x1024.jpg 692w, https:\/\/radiolifefm.com.br\/noticias\/wp-content\/uploads\/2021\/12\/pitojpg164080277761cca9d988d6e-768x1136.jpg 768w\" sizes=\"auto, (max-width: 938px) 100vw, 938px\" \/><figcaption id=\"caption-attachment-47630\" class=\"wp-caption-text\">Z\u00e9 do Pito (Reprodu\u00e7\u00e3o\/MUVIA).<\/figcaption><\/figure>\n<p>Outro destaque \u00e9 o relato sobre o personagem,\u00a0<strong><a href=\"https:\/\/www.muvia.com.br\/estrimilique\" target=\"_blank\" rel=\"noopener\">Estrimilique<\/a><\/strong>, um artista itinerante que,\u00a0\u00a0de trem, visitava todas as cidades de Mar\u00edlia a Panorama mostrando e vendendo sua preciosa arte e tamb\u00e9m revendendo l\u00e1pis. Seu apelido tem origem num problema f\u00edsico que provocava tremores pelo corpo.<\/p>\n<figure id=\"attachment_47631\" aria-describedby=\"caption-attachment-47631\" style=\"width: 1201px\" class=\"wp-caption alignnone\"><img loading=\"lazy\" decoding=\"async\" class=\"size-full wp-image-47631\" src=\"https:\/\/static.radiolifefm.com.br\/wp-content\/uploads\/sites\/2\/2021\/12\/origamijpg164080279561cca9ebc358c.jpg\" alt=\"\" width=\"1201\" height=\"899\" srcset=\"https:\/\/radiolifefm.com.br\/noticias\/wp-content\/uploads\/2021\/12\/origamijpg164080279561cca9ebc358c.jpg 1201w, https:\/\/radiolifefm.com.br\/noticias\/wp-content\/uploads\/2021\/12\/origamijpg164080279561cca9ebc358c-300x225.jpg 300w, https:\/\/radiolifefm.com.br\/noticias\/wp-content\/uploads\/2021\/12\/origamijpg164080279561cca9ebc358c-1024x767.jpg 1024w, https:\/\/radiolifefm.com.br\/noticias\/wp-content\/uploads\/2021\/12\/origamijpg164080279561cca9ebc358c-768x575.jpg 768w\" sizes=\"auto, (max-width: 1201px) 100vw, 1201px\" \/><figcaption id=\"caption-attachment-47631\" class=\"wp-caption-text\">Estrimilique (Reprodu\u00e7\u00e3o\/MUVIA).<\/figcaption><\/figure>\n<p>Na d\u00e9cada de 70 ele atraia o p\u00fablico que adorava observar seu talento e sua excepcional habilidade com a tesoura. \u201cO que ele fazia com uma tesoura e um peda\u00e7o de papel era inacredit\u00e1vel. Qualquer tipo de figura saia das suas m\u00e3os de forma r\u00e1pida, com perfei\u00e7\u00e3o e beleza, com qualidade que s\u00f3 mesmo os grandes artistas possuem\u201d, escreve N\u00e9io.<\/p>\n<p>&nbsp;<\/p>\n<p>Fonte: Siga Mais<\/p>\n","protected":false},"excerpt":{"rendered":"<p>Tr\u00eas adamantinenses apaixonados pela hist\u00f3ria da cidade, e sens\u00edveis a esse tema, se mobilizaram e criaram o\u00a0MUVIA \u2013 Museu Virtual de Adamantina. O servi\u00e7o est\u00e1 dispon\u00edvel desde a \u00faltima sexta-feira (24) na internet, em dom\u00ednio pr\u00f3prio, com o endere\u00e7o\u00a0www.muvia.com.br. A iniciativa \u00e9 assinada por Sueli Yamauti, Marcelo Rosilho e N\u00e9io Souza Bom Junior, que hoje [&hellip;]<\/p>\n","protected":false},"author":13,"featured_media":47626,"comment_status":"open","ping_status":"open","sticky":false,"template":"","format":"standard","meta":{"_acf_changed":false,"_exactmetrics_skip_tracking":false,"_exactmetrics_sitenote_active":false,"_exactmetrics_sitenote_note":"","_exactmetrics_sitenote_category":0,"footnotes":""},"categories":[21],"tags":[],"class_list":["post-47625","post","type-post","status-publish","format-standard","has-post-thumbnail","hentry","category-adamantina"],"acf":[],"yoast_head":"<!-- This site is optimized with the Yoast SEO plugin v27.2 - https:\/\/yoast.com\/product\/yoast-seo-wordpress\/ -->\n<title>Com acervo inicial de 2 mil itens, entre fotos, v\u00eddeos e documentos, Adamantina ganha Museu Virtual - R\u00e1dio Life FM<\/title>\n<meta name=\"robots\" content=\"index, follow, max-snippet:-1, max-image-preview:large, max-video-preview:-1\" \/>\n<link rel=\"canonical\" href=\"https:\/\/radiolifefm.com.br\/noticias\/com-acervo-inicial-de-2-mil-itens-entre-fotos-videos-e-documentos-adamantina-ganha-museu-virtual\/\" \/>\n<meta property=\"og:locale\" content=\"pt_BR\" \/>\n<meta property=\"og:type\" content=\"article\" \/>\n<meta property=\"og:title\" content=\"Com acervo inicial de 2 mil itens, entre fotos, v\u00eddeos e documentos, Adamantina ganha Museu Virtual - R\u00e1dio Life FM\" \/>\n<meta property=\"og:description\" content=\"Tr\u00eas adamantinenses apaixonados pela hist\u00f3ria da cidade, e sens\u00edveis a esse tema, se mobilizaram e criaram o\u00a0MUVIA \u2013 Museu Virtual de Adamantina. O servi\u00e7o est\u00e1 dispon\u00edvel desde a \u00faltima sexta-feira (24) na internet, em dom\u00ednio pr\u00f3prio, com o endere\u00e7o\u00a0www.muvia.com.br. A iniciativa \u00e9 assinada por Sueli Yamauti, Marcelo Rosilho e N\u00e9io Souza Bom Junior, que hoje [&hellip;]\" \/>\n<meta property=\"og:url\" content=\"https:\/\/radiolifefm.com.br\/noticias\/com-acervo-inicial-de-2-mil-itens-entre-fotos-videos-e-documentos-adamantina-ganha-museu-virtual\/\" \/>\n<meta property=\"og:site_name\" content=\"R\u00e1dio Life FM\" \/>\n<meta property=\"article:publisher\" content=\"https:\/\/www.facebook.com\/radiolifefm\/\" \/>\n<meta property=\"article:published_time\" content=\"2021-12-30T10:37:48+00:00\" \/>\n<meta property=\"article:modified_time\" content=\"2026-04-24T00:12:11+00:00\" \/>\n<meta property=\"og:image\" content=\"https:\/\/radiolifefm.com.br\/noticias\/wp-content\/uploads\/2021\/12\/muvia-tela1jpg164080332361ccabfbe5f8d.jpg\" \/>\n\t<meta property=\"og:image:width\" content=\"600\" \/>\n\t<meta property=\"og:image:height\" content=\"337\" \/>\n\t<meta property=\"og:image:type\" content=\"image\/jpeg\" \/>\n<meta name=\"author\" content=\"ritanery\" \/>\n<meta name=\"twitter:card\" content=\"summary_large_image\" \/>\n<meta name=\"twitter:label1\" content=\"Escrito por\" \/>\n\t<meta name=\"twitter:data1\" content=\"ritanery\" \/>\n\t<meta name=\"twitter:label2\" content=\"Est. tempo de leitura\" \/>\n\t<meta name=\"twitter:data2\" content=\"6 minutos\" \/>\n<script type=\"application\/ld+json\" class=\"yoast-schema-graph\">{\"@context\":\"https:\/\/schema.org\",\"@graph\":[{\"@type\":\"Article\",\"@id\":\"https:\/\/radiolifefm.com.br\/noticias\/com-acervo-inicial-de-2-mil-itens-entre-fotos-videos-e-documentos-adamantina-ganha-museu-virtual\/#article\",\"isPartOf\":{\"@id\":\"https:\/\/radiolifefm.com.br\/noticias\/com-acervo-inicial-de-2-mil-itens-entre-fotos-videos-e-documentos-adamantina-ganha-museu-virtual\/\"},\"author\":{\"name\":\"ritanery\",\"@id\":\"https:\/\/radiolifefm.com.br\/noticias\/#\/schema\/person\/6339b9fac59d12b071dec680d7375d87\"},\"headline\":\"Com acervo inicial de 2 mil itens, entre fotos, v\u00eddeos e documentos, Adamantina ganha Museu Virtual\",\"datePublished\":\"2021-12-30T10:37:48+00:00\",\"dateModified\":\"2026-04-24T00:12:11+00:00\",\"mainEntityOfPage\":{\"@id\":\"https:\/\/radiolifefm.com.br\/noticias\/com-acervo-inicial-de-2-mil-itens-entre-fotos-videos-e-documentos-adamantina-ganha-museu-virtual\/\"},\"wordCount\":1192,\"commentCount\":0,\"publisher\":{\"@id\":\"https:\/\/radiolifefm.com.br\/noticias\/#organization\"},\"image\":{\"@id\":\"https:\/\/radiolifefm.com.br\/noticias\/com-acervo-inicial-de-2-mil-itens-entre-fotos-videos-e-documentos-adamantina-ganha-museu-virtual\/#primaryimage\"},\"thumbnailUrl\":\"https:\/\/radiolifefm.com.br\/noticias\/wp-content\/uploads\/2021\/12\/muvia-tela1jpg164080332361ccabfbe5f8d.jpg\",\"articleSection\":[\"Adamantina\"],\"inLanguage\":\"pt-BR\",\"potentialAction\":[{\"@type\":\"CommentAction\",\"name\":\"Comment\",\"target\":[\"https:\/\/radiolifefm.com.br\/noticias\/com-acervo-inicial-de-2-mil-itens-entre-fotos-videos-e-documentos-adamantina-ganha-museu-virtual\/#respond\"]}]},{\"@type\":\"WebPage\",\"@id\":\"https:\/\/radiolifefm.com.br\/noticias\/com-acervo-inicial-de-2-mil-itens-entre-fotos-videos-e-documentos-adamantina-ganha-museu-virtual\/\",\"url\":\"https:\/\/radiolifefm.com.br\/noticias\/com-acervo-inicial-de-2-mil-itens-entre-fotos-videos-e-documentos-adamantina-ganha-museu-virtual\/\",\"name\":\"Com acervo inicial de 2 mil itens, entre fotos, v\u00eddeos e documentos, Adamantina ganha Museu Virtual - R\u00e1dio Life FM\",\"isPartOf\":{\"@id\":\"https:\/\/radiolifefm.com.br\/noticias\/#website\"},\"primaryImageOfPage\":{\"@id\":\"https:\/\/radiolifefm.com.br\/noticias\/com-acervo-inicial-de-2-mil-itens-entre-fotos-videos-e-documentos-adamantina-ganha-museu-virtual\/#primaryimage\"},\"image\":{\"@id\":\"https:\/\/radiolifefm.com.br\/noticias\/com-acervo-inicial-de-2-mil-itens-entre-fotos-videos-e-documentos-adamantina-ganha-museu-virtual\/#primaryimage\"},\"thumbnailUrl\":\"https:\/\/radiolifefm.com.br\/noticias\/wp-content\/uploads\/2021\/12\/muvia-tela1jpg164080332361ccabfbe5f8d.jpg\",\"datePublished\":\"2021-12-30T10:37:48+00:00\",\"dateModified\":\"2026-04-24T00:12:11+00:00\",\"breadcrumb\":{\"@id\":\"https:\/\/radiolifefm.com.br\/noticias\/com-acervo-inicial-de-2-mil-itens-entre-fotos-videos-e-documentos-adamantina-ganha-museu-virtual\/#breadcrumb\"},\"inLanguage\":\"pt-BR\",\"potentialAction\":[{\"@type\":\"ReadAction\",\"target\":[\"https:\/\/radiolifefm.com.br\/noticias\/com-acervo-inicial-de-2-mil-itens-entre-fotos-videos-e-documentos-adamantina-ganha-museu-virtual\/\"]}]},{\"@type\":\"ImageObject\",\"inLanguage\":\"pt-BR\",\"@id\":\"https:\/\/radiolifefm.com.br\/noticias\/com-acervo-inicial-de-2-mil-itens-entre-fotos-videos-e-documentos-adamantina-ganha-museu-virtual\/#primaryimage\",\"url\":\"https:\/\/radiolifefm.com.br\/noticias\/wp-content\/uploads\/2021\/12\/muvia-tela1jpg164080332361ccabfbe5f8d.jpg\",\"contentUrl\":\"https:\/\/radiolifefm.com.br\/noticias\/wp-content\/uploads\/2021\/12\/muvia-tela1jpg164080332361ccabfbe5f8d.jpg\",\"width\":600,\"height\":337,\"caption\":\"Tr\u00eas adamantinenses que hoje moram fora se mobilizaram para organizar e publicar o acervo.\"},{\"@type\":\"BreadcrumbList\",\"@id\":\"https:\/\/radiolifefm.com.br\/noticias\/com-acervo-inicial-de-2-mil-itens-entre-fotos-videos-e-documentos-adamantina-ganha-museu-virtual\/#breadcrumb\",\"itemListElement\":[{\"@type\":\"ListItem\",\"position\":1,\"name\":\"In\u00edcio\",\"item\":\"https:\/\/radiolifefm.com.br\/noticias\/\"},{\"@type\":\"ListItem\",\"position\":2,\"name\":\"Com acervo inicial de 2 mil itens, entre fotos, v\u00eddeos e documentos, Adamantina ganha Museu Virtual\"}]},{\"@type\":\"WebSite\",\"@id\":\"https:\/\/radiolifefm.com.br\/noticias\/#website\",\"url\":\"https:\/\/radiolifefm.com.br\/noticias\/\",\"name\":\"R\u00e1dio Life FM\",\"description\":\"O Portal de Not\u00edcias de Adamantina\",\"publisher\":{\"@id\":\"https:\/\/radiolifefm.com.br\/noticias\/#organization\"},\"alternateName\":\"Life FM\",\"potentialAction\":[{\"@type\":\"SearchAction\",\"target\":{\"@type\":\"EntryPoint\",\"urlTemplate\":\"https:\/\/radiolifefm.com.br\/noticias\/?s={search_term_string}\"},\"query-input\":{\"@type\":\"PropertyValueSpecification\",\"valueRequired\":true,\"valueName\":\"search_term_string\"}}],\"inLanguage\":\"pt-BR\"},{\"@type\":\"Organization\",\"@id\":\"https:\/\/radiolifefm.com.br\/noticias\/#organization\",\"name\":\"R\u00e1dio Life FM\",\"alternateName\":\"Life FM\",\"url\":\"https:\/\/radiolifefm.com.br\/noticias\/\",\"logo\":{\"@type\":\"ImageObject\",\"inLanguage\":\"pt-BR\",\"@id\":\"https:\/\/radiolifefm.com.br\/noticias\/#\/schema\/logo\/image\/\",\"url\":\"https:\/\/static.radiolifefm.com.br\/noticias\/wp-content\/uploads\/2019\/10\/logo-lifefm.png\",\"contentUrl\":\"https:\/\/static.radiolifefm.com.br\/noticias\/wp-content\/uploads\/2019\/10\/logo-lifefm.png\",\"width\":196,\"height\":47,\"caption\":\"R\u00e1dio Life FM\"},\"image\":{\"@id\":\"https:\/\/radiolifefm.com.br\/noticias\/#\/schema\/logo\/image\/\"},\"sameAs\":[\"https:\/\/www.facebook.com\/radiolifefm\/\",\"https:\/\/www.instagram.com\/life1079fm\/\"]},{\"@type\":\"Person\",\"@id\":\"https:\/\/radiolifefm.com.br\/noticias\/#\/schema\/person\/6339b9fac59d12b071dec680d7375d87\",\"name\":\"ritanery\",\"image\":{\"@type\":\"ImageObject\",\"inLanguage\":\"pt-BR\",\"@id\":\"https:\/\/secure.gravatar.com\/avatar\/0e37bb19071f47c0b8a23f62a903df117c5a0e75f65a0c2901562f97cd41cf86?s=96&d=mm&r=g\",\"url\":\"https:\/\/secure.gravatar.com\/avatar\/0e37bb19071f47c0b8a23f62a903df117c5a0e75f65a0c2901562f97cd41cf86?s=96&d=mm&r=g\",\"contentUrl\":\"https:\/\/secure.gravatar.com\/avatar\/0e37bb19071f47c0b8a23f62a903df117c5a0e75f65a0c2901562f97cd41cf86?s=96&d=mm&r=g\",\"caption\":\"ritanery\"}}]}<\/script>\n<!-- \/ Yoast SEO plugin. -->","yoast_head_json":{"title":"Com acervo inicial de 2 mil itens, entre fotos, v\u00eddeos e documentos, Adamantina ganha Museu Virtual - R\u00e1dio Life FM","robots":{"index":"index","follow":"follow","max-snippet":"max-snippet:-1","max-image-preview":"max-image-preview:large","max-video-preview":"max-video-preview:-1"},"canonical":"https:\/\/radiolifefm.com.br\/noticias\/com-acervo-inicial-de-2-mil-itens-entre-fotos-videos-e-documentos-adamantina-ganha-museu-virtual\/","og_locale":"pt_BR","og_type":"article","og_title":"Com acervo inicial de 2 mil itens, entre fotos, v\u00eddeos e documentos, Adamantina ganha Museu Virtual - R\u00e1dio Life FM","og_description":"Tr\u00eas adamantinenses apaixonados pela hist\u00f3ria da cidade, e sens\u00edveis a esse tema, se mobilizaram e criaram o\u00a0MUVIA \u2013 Museu Virtual de Adamantina. O servi\u00e7o est\u00e1 dispon\u00edvel desde a \u00faltima sexta-feira (24) na internet, em dom\u00ednio pr\u00f3prio, com o endere\u00e7o\u00a0www.muvia.com.br. A iniciativa \u00e9 assinada por Sueli Yamauti, Marcelo Rosilho e N\u00e9io Souza Bom Junior, que hoje [&hellip;]","og_url":"https:\/\/radiolifefm.com.br\/noticias\/com-acervo-inicial-de-2-mil-itens-entre-fotos-videos-e-documentos-adamantina-ganha-museu-virtual\/","og_site_name":"R\u00e1dio Life FM","article_publisher":"https:\/\/www.facebook.com\/radiolifefm\/","article_published_time":"2021-12-30T10:37:48+00:00","article_modified_time":"2026-04-24T00:12:11+00:00","og_image":[{"width":600,"height":337,"url":"https:\/\/radiolifefm.com.br\/noticias\/wp-content\/uploads\/2021\/12\/muvia-tela1jpg164080332361ccabfbe5f8d.jpg","type":"image\/jpeg"}],"author":"ritanery","twitter_card":"summary_large_image","twitter_misc":{"Escrito por":"ritanery","Est. tempo de leitura":"6 minutos"},"schema":{"@context":"https:\/\/schema.org","@graph":[{"@type":"Article","@id":"https:\/\/radiolifefm.com.br\/noticias\/com-acervo-inicial-de-2-mil-itens-entre-fotos-videos-e-documentos-adamantina-ganha-museu-virtual\/#article","isPartOf":{"@id":"https:\/\/radiolifefm.com.br\/noticias\/com-acervo-inicial-de-2-mil-itens-entre-fotos-videos-e-documentos-adamantina-ganha-museu-virtual\/"},"author":{"name":"ritanery","@id":"https:\/\/radiolifefm.com.br\/noticias\/#\/schema\/person\/6339b9fac59d12b071dec680d7375d87"},"headline":"Com acervo inicial de 2 mil itens, entre fotos, v\u00eddeos e documentos, Adamantina ganha Museu Virtual","datePublished":"2021-12-30T10:37:48+00:00","dateModified":"2026-04-24T00:12:11+00:00","mainEntityOfPage":{"@id":"https:\/\/radiolifefm.com.br\/noticias\/com-acervo-inicial-de-2-mil-itens-entre-fotos-videos-e-documentos-adamantina-ganha-museu-virtual\/"},"wordCount":1192,"commentCount":0,"publisher":{"@id":"https:\/\/radiolifefm.com.br\/noticias\/#organization"},"image":{"@id":"https:\/\/radiolifefm.com.br\/noticias\/com-acervo-inicial-de-2-mil-itens-entre-fotos-videos-e-documentos-adamantina-ganha-museu-virtual\/#primaryimage"},"thumbnailUrl":"https:\/\/radiolifefm.com.br\/noticias\/wp-content\/uploads\/2021\/12\/muvia-tela1jpg164080332361ccabfbe5f8d.jpg","articleSection":["Adamantina"],"inLanguage":"pt-BR","potentialAction":[{"@type":"CommentAction","name":"Comment","target":["https:\/\/radiolifefm.com.br\/noticias\/com-acervo-inicial-de-2-mil-itens-entre-fotos-videos-e-documentos-adamantina-ganha-museu-virtual\/#respond"]}]},{"@type":"WebPage","@id":"https:\/\/radiolifefm.com.br\/noticias\/com-acervo-inicial-de-2-mil-itens-entre-fotos-videos-e-documentos-adamantina-ganha-museu-virtual\/","url":"https:\/\/radiolifefm.com.br\/noticias\/com-acervo-inicial-de-2-mil-itens-entre-fotos-videos-e-documentos-adamantina-ganha-museu-virtual\/","name":"Com acervo inicial de 2 mil itens, entre fotos, v\u00eddeos e documentos, Adamantina ganha Museu Virtual - R\u00e1dio Life FM","isPartOf":{"@id":"https:\/\/radiolifefm.com.br\/noticias\/#website"},"primaryImageOfPage":{"@id":"https:\/\/radiolifefm.com.br\/noticias\/com-acervo-inicial-de-2-mil-itens-entre-fotos-videos-e-documentos-adamantina-ganha-museu-virtual\/#primaryimage"},"image":{"@id":"https:\/\/radiolifefm.com.br\/noticias\/com-acervo-inicial-de-2-mil-itens-entre-fotos-videos-e-documentos-adamantina-ganha-museu-virtual\/#primaryimage"},"thumbnailUrl":"https:\/\/radiolifefm.com.br\/noticias\/wp-content\/uploads\/2021\/12\/muvia-tela1jpg164080332361ccabfbe5f8d.jpg","datePublished":"2021-12-30T10:37:48+00:00","dateModified":"2026-04-24T00:12:11+00:00","breadcrumb":{"@id":"https:\/\/radiolifefm.com.br\/noticias\/com-acervo-inicial-de-2-mil-itens-entre-fotos-videos-e-documentos-adamantina-ganha-museu-virtual\/#breadcrumb"},"inLanguage":"pt-BR","potentialAction":[{"@type":"ReadAction","target":["https:\/\/radiolifefm.com.br\/noticias\/com-acervo-inicial-de-2-mil-itens-entre-fotos-videos-e-documentos-adamantina-ganha-museu-virtual\/"]}]},{"@type":"ImageObject","inLanguage":"pt-BR","@id":"https:\/\/radiolifefm.com.br\/noticias\/com-acervo-inicial-de-2-mil-itens-entre-fotos-videos-e-documentos-adamantina-ganha-museu-virtual\/#primaryimage","url":"https:\/\/radiolifefm.com.br\/noticias\/wp-content\/uploads\/2021\/12\/muvia-tela1jpg164080332361ccabfbe5f8d.jpg","contentUrl":"https:\/\/radiolifefm.com.br\/noticias\/wp-content\/uploads\/2021\/12\/muvia-tela1jpg164080332361ccabfbe5f8d.jpg","width":600,"height":337,"caption":"Tr\u00eas adamantinenses que hoje moram fora se mobilizaram para organizar e publicar o acervo."},{"@type":"BreadcrumbList","@id":"https:\/\/radiolifefm.com.br\/noticias\/com-acervo-inicial-de-2-mil-itens-entre-fotos-videos-e-documentos-adamantina-ganha-museu-virtual\/#breadcrumb","itemListElement":[{"@type":"ListItem","position":1,"name":"In\u00edcio","item":"https:\/\/radiolifefm.com.br\/noticias\/"},{"@type":"ListItem","position":2,"name":"Com acervo inicial de 2 mil itens, entre fotos, v\u00eddeos e documentos, Adamantina ganha Museu Virtual"}]},{"@type":"WebSite","@id":"https:\/\/radiolifefm.com.br\/noticias\/#website","url":"https:\/\/radiolifefm.com.br\/noticias\/","name":"R\u00e1dio Life FM","description":"O Portal de Not\u00edcias de Adamantina","publisher":{"@id":"https:\/\/radiolifefm.com.br\/noticias\/#organization"},"alternateName":"Life FM","potentialAction":[{"@type":"SearchAction","target":{"@type":"EntryPoint","urlTemplate":"https:\/\/radiolifefm.com.br\/noticias\/?s={search_term_string}"},"query-input":{"@type":"PropertyValueSpecification","valueRequired":true,"valueName":"search_term_string"}}],"inLanguage":"pt-BR"},{"@type":"Organization","@id":"https:\/\/radiolifefm.com.br\/noticias\/#organization","name":"R\u00e1dio Life FM","alternateName":"Life FM","url":"https:\/\/radiolifefm.com.br\/noticias\/","logo":{"@type":"ImageObject","inLanguage":"pt-BR","@id":"https:\/\/radiolifefm.com.br\/noticias\/#\/schema\/logo\/image\/","url":"https:\/\/static.radiolifefm.com.br\/noticias\/wp-content\/uploads\/2019\/10\/logo-lifefm.png","contentUrl":"https:\/\/static.radiolifefm.com.br\/noticias\/wp-content\/uploads\/2019\/10\/logo-lifefm.png","width":196,"height":47,"caption":"R\u00e1dio Life FM"},"image":{"@id":"https:\/\/radiolifefm.com.br\/noticias\/#\/schema\/logo\/image\/"},"sameAs":["https:\/\/www.facebook.com\/radiolifefm\/","https:\/\/www.instagram.com\/life1079fm\/"]},{"@type":"Person","@id":"https:\/\/radiolifefm.com.br\/noticias\/#\/schema\/person\/6339b9fac59d12b071dec680d7375d87","name":"ritanery","image":{"@type":"ImageObject","inLanguage":"pt-BR","@id":"https:\/\/secure.gravatar.com\/avatar\/0e37bb19071f47c0b8a23f62a903df117c5a0e75f65a0c2901562f97cd41cf86?s=96&d=mm&r=g","url":"https:\/\/secure.gravatar.com\/avatar\/0e37bb19071f47c0b8a23f62a903df117c5a0e75f65a0c2901562f97cd41cf86?s=96&d=mm&r=g","contentUrl":"https:\/\/secure.gravatar.com\/avatar\/0e37bb19071f47c0b8a23f62a903df117c5a0e75f65a0c2901562f97cd41cf86?s=96&d=mm&r=g","caption":"ritanery"}}]}},"amp_enabled":true,"_links":{"self":[{"href":"https:\/\/radiolifefm.com.br\/noticias\/wp-json\/wp\/v2\/posts\/47625","targetHints":{"allow":["GET"]}}],"collection":[{"href":"https:\/\/radiolifefm.com.br\/noticias\/wp-json\/wp\/v2\/posts"}],"about":[{"href":"https:\/\/radiolifefm.com.br\/noticias\/wp-json\/wp\/v2\/types\/post"}],"author":[{"embeddable":true,"href":"https:\/\/radiolifefm.com.br\/noticias\/wp-json\/wp\/v2\/users\/13"}],"replies":[{"embeddable":true,"href":"https:\/\/radiolifefm.com.br\/noticias\/wp-json\/wp\/v2\/comments?post=47625"}],"version-history":[{"count":13,"href":"https:\/\/radiolifefm.com.br\/noticias\/wp-json\/wp\/v2\/posts\/47625\/revisions"}],"predecessor-version":[{"id":47646,"href":"https:\/\/radiolifefm.com.br\/noticias\/wp-json\/wp\/v2\/posts\/47625\/revisions\/47646"}],"wp:featuredmedia":[{"embeddable":true,"href":"https:\/\/radiolifefm.com.br\/noticias\/wp-json\/wp\/v2\/media\/47626"}],"wp:attachment":[{"href":"https:\/\/radiolifefm.com.br\/noticias\/wp-json\/wp\/v2\/media?parent=47625"}],"wp:term":[{"taxonomy":"category","embeddable":true,"href":"https:\/\/radiolifefm.com.br\/noticias\/wp-json\/wp\/v2\/categories?post=47625"},{"taxonomy":"post_tag","embeddable":true,"href":"https:\/\/radiolifefm.com.br\/noticias\/wp-json\/wp\/v2\/tags?post=47625"}],"curies":[{"name":"wp","href":"https:\/\/api.w.org\/{rel}","templated":true}]}}