{"id":47612,"date":"2021-12-30T07:19:43","date_gmt":"2021-12-30T10:19:43","guid":{"rendered":"https:\/\/radiolifefm.com.br\/noticias\/?p=47612"},"modified":"2026-02-17T12:09:04","modified_gmt":"2026-02-17T15:09:04","slug":"santa-casa-e-prefeitura-de-adamantina-inauguram-centro-de-diagnostico-de-imagem-e-banco-de-sangue","status":"publish","type":"post","link":"https:\/\/radiolifefm.com.br\/noticias\/santa-casa-e-prefeitura-de-adamantina-inauguram-centro-de-diagnostico-de-imagem-e-banco-de-sangue\/","title":{"rendered":"Santa Casa e Prefeitura de Adamantina inauguram Centro de Diagn\u00f3stico de Imagem e Banco de Sangue"},"content":{"rendered":"<div id=\"fb-root\"><\/div>\n<p>No pr\u00e9dio que abrigar\u00e1 a amplia\u00e7\u00e3o do Pronto Socorro de Adamantina e que segue em constru\u00e7\u00e3o, foi realizada no final da tarde de ontem (28), uma solenidade para inaugura\u00e7\u00e3o do Centro de Diagn\u00f3stico de Imagem \u2013 Examina Diagn\u00f3sticos e do Banco de Sangue.<\/p>\n<p>&nbsp;<\/p>\n<p>A cerim\u00f4nia contou com a presen\u00e7a do prefeito M\u00e1rcio Cardim, do secret\u00e1rio de sa\u00fade, Gustavo Taniguchi Rufino, demais secret\u00e1rios, Frei Francisco da Associa\u00e7\u00e3o Lar S\u00e3o Francisco de Assis na Provid\u00eancia de Deus, Edson Rogatti, presidente na federa\u00e7\u00e3o das Santas Casas e Hospitais Beneficentes do Estado de S\u00e3o Paulo, a diretora da DRS de Mar\u00edlia, C\u00e9lia Maria Marafiotti Netto; Carlos Gustavo Urquiza Scarazzato, juiz de direito da 2\u00aa vara, Prof. Dr. Wendel Cleber Soares, vice-reitor da UniFAI, Paulo Cervelheira, presidente da C\u00e2mara de Adamantina, demais autoridades, convidados e funcion\u00e1rios da Santa Casa.<\/p>\n<p>&nbsp;<\/p>\n<p>Em seu discurso, Gustavo Taniguchi Rufino, mencionou a import\u00e2ncia do trabalho em conjunto e que vem sendo desenvolvido no munic\u00edpio em parceria do Poder Executivo, Legislativo, Judici\u00e1rio, UniFAI e Santa Casa.<\/p>\n<p>&nbsp;<\/p>\n<p>Edson Rogatti ressaltou o ganho que a popula\u00e7\u00e3o ter\u00e1 com tal investimento e o quanto o munic\u00edpio tem investido na Santa Casa, pois segundo ele, os repasses provenientes do Governo Federal tem diminu\u00eddo.<\/p>\n<p>&nbsp;<\/p>\n<p>O prefeito M\u00e1rcio Cardim lembrou de todo o trabalho que foi desenvolvido ainda em 2016 quando ap\u00f3s vencer a primeira elei\u00e7\u00e3o buscou trazer a associa\u00e7\u00e3o para administrar a Santa Casa da cidade.<\/p>\n<p>&nbsp;<\/p>\n<p>\u201cQueremos avan\u00e7ar mais, para isso pretendemos desocupar o espa\u00e7o onde funciona o nosso Post\u00e3o e coloc\u00e1-lo em outro local. Com isso, poderemos ter um ambulat\u00f3rio de especialidades municipal. Isso foi o que apresentamos de projeto para o Governo do Estado para tornar a nossa Santa Casa um hospital cir\u00fargico para potencializar n\u00e3o s\u00f3 a nossa cidade como tamb\u00e9m a nossa regi\u00e3o, n\u00e3o s\u00f3 na sa\u00fade como tamb\u00e9m na gera\u00e7\u00e3o de empregos\u201d, afirma.<\/p>\n<p>&nbsp;<\/p>\n<p>O Frei Francisco da Associa\u00e7\u00e3o Lar S\u00e3o Francisco de Assis na Provid\u00eancia de Deus lembrou que a miss\u00e3o do hospital \u00e9 o di\u00e1logo e a cura.<\/p>\n<p>&nbsp;<\/p>\n<p>\u201cCuidamos de doentes em nossas mais de 76 obras e assist\u00eancia social, com quase 5.672 leitos no Brasil e vamos fechar o ano com mais de 8 milh\u00f5es de atendimentos. N\u00e3o queremos somente uma casa, queremos uma Santa Casa e n\u00e3o queremos apenas uma Santa Casa, mas uma Santa Casa de Miseric\u00f3rdia que a qualquer momento pode te atender\u201d, assegura.<\/p>\n<p>&nbsp;<\/p>\n<p><strong>Sobre<\/strong><\/p>\n<p><strong>Centro de Diagn\u00f3stico de Imagem<\/strong><\/p>\n<p>Para a cria\u00e7\u00e3o do Centro de Diagn\u00f3stico de Imagem foi investido um milh\u00e3o de reais em equipamentos e mais 650 mil reais em reformas. O local conta com Raio X Digitalizado, Ultrassonografia, Densitometria \u00d3ssea, Tomografia Computadorizada e Mamografia.<\/p>\n<p>&nbsp;<\/p>\n<p>O acesso pelo SUS se d\u00e1 por meio de guias geradas por consultas nas Unidades B\u00e1sicas de Sa\u00fade do munic\u00edpio (UBS) ou outros servi\u00e7os conveniados ao SUS (CIS, Santa Casa, AME Tup\u00e3\/Assis\/Ourinhos, HC\/Santa Casa de Mar\u00edlia, Hospital Amaral Carvalho de Ja\u00fa, dentre outros<\/p>\n<p>&nbsp;<\/p>\n<p>Essas guias s\u00e3o encaminhadas ao setor de agendamento e a partir disso, os exames s\u00e3o marcados. Feito isso, os pacientes s\u00e3o orientados via telefone para retirar as guias no setor para realiza\u00e7\u00e3o do procedimento.<\/p>\n<p>&nbsp;<\/p>\n<p>Fonte: Assessoria de Imprensa<\/p>\n","protected":false},"excerpt":{"rendered":"<p>No pr\u00e9dio que abrigar\u00e1 a amplia\u00e7\u00e3o do Pronto Socorro de Adamantina e que segue em constru\u00e7\u00e3o, foi realizada no final da tarde de ontem (28), uma solenidade para inaugura\u00e7\u00e3o do Centro de Diagn\u00f3stico de Imagem \u2013 Examina Diagn\u00f3sticos e do Banco de Sangue. &nbsp; A cerim\u00f4nia contou com a presen\u00e7a do prefeito M\u00e1rcio Cardim, do [&hellip;]<\/p>\n","protected":false},"author":13,"featured_media":47613,"comment_status":"closed","ping_status":"open","sticky":false,"template":"","format":"standard","meta":{"_acf_changed":false,"_exactmetrics_skip_tracking":false,"_exactmetrics_sitenote_active":false,"_exactmetrics_sitenote_note":"","_exactmetrics_sitenote_category":0,"footnotes":""},"categories":[21],"tags":[],"class_list":["post-47612","post","type-post","status-publish","format-standard","has-post-thumbnail","hentry","category-adamantina"],"acf":[],"yoast_head":"<!-- This site is optimized with the Yoast SEO plugin v27.2 - https:\/\/yoast.com\/product\/yoast-seo-wordpress\/ -->\n<title>Santa Casa e Prefeitura de Adamantina inauguram Centro de Diagn\u00f3stico de Imagem e Banco de Sangue - R\u00e1dio Life FM<\/title>\n<meta name=\"robots\" content=\"index, follow, max-snippet:-1, max-image-preview:large, max-video-preview:-1\" \/>\n<link rel=\"canonical\" href=\"https:\/\/radiolifefm.com.br\/noticias\/santa-casa-e-prefeitura-de-adamantina-inauguram-centro-de-diagnostico-de-imagem-e-banco-de-sangue\/\" \/>\n<meta property=\"og:locale\" content=\"pt_BR\" \/>\n<meta property=\"og:type\" content=\"article\" \/>\n<meta property=\"og:title\" content=\"Santa Casa e Prefeitura de Adamantina inauguram Centro de Diagn\u00f3stico de Imagem e Banco de Sangue - R\u00e1dio Life FM\" \/>\n<meta property=\"og:description\" content=\"No pr\u00e9dio que abrigar\u00e1 a amplia\u00e7\u00e3o do Pronto Socorro de Adamantina e que segue em constru\u00e7\u00e3o, foi realizada no final da tarde de ontem (28), uma solenidade para inaugura\u00e7\u00e3o do Centro de Diagn\u00f3stico de Imagem \u2013 Examina Diagn\u00f3sticos e do Banco de Sangue. &nbsp; A cerim\u00f4nia contou com a presen\u00e7a do prefeito M\u00e1rcio Cardim, do [&hellip;]\" \/>\n<meta property=\"og:url\" content=\"https:\/\/radiolifefm.com.br\/noticias\/santa-casa-e-prefeitura-de-adamantina-inauguram-centro-de-diagnostico-de-imagem-e-banco-de-sangue\/\" \/>\n<meta property=\"og:site_name\" content=\"R\u00e1dio Life FM\" \/>\n<meta property=\"article:publisher\" content=\"https:\/\/www.facebook.com\/radiolifefm\/\" \/>\n<meta property=\"article:published_time\" content=\"2021-12-30T10:19:43+00:00\" \/>\n<meta property=\"article:modified_time\" content=\"2026-02-17T15:09:04+00:00\" \/>\n<meta property=\"og:image\" content=\"https:\/\/radiolifefm.com.br\/noticias\/wp-content\/uploads\/2021\/12\/foto-1-scaled.jpg\" \/>\n\t<meta property=\"og:image:width\" content=\"2560\" \/>\n\t<meta property=\"og:image:height\" content=\"1711\" \/>\n\t<meta property=\"og:image:type\" content=\"image\/jpeg\" \/>\n<meta name=\"author\" content=\"ritanery\" \/>\n<meta name=\"twitter:card\" content=\"summary_large_image\" \/>\n<meta name=\"twitter:label1\" content=\"Escrito por\" \/>\n\t<meta name=\"twitter:data1\" content=\"ritanery\" \/>\n\t<meta name=\"twitter:label2\" content=\"Est. tempo de leitura\" \/>\n\t<meta name=\"twitter:data2\" content=\"3 minutos\" \/>\n<script type=\"application\/ld+json\" class=\"yoast-schema-graph\">{\"@context\":\"https:\/\/schema.org\",\"@graph\":[{\"@type\":\"Article\",\"@id\":\"https:\/\/radiolifefm.com.br\/noticias\/santa-casa-e-prefeitura-de-adamantina-inauguram-centro-de-diagnostico-de-imagem-e-banco-de-sangue\/#article\",\"isPartOf\":{\"@id\":\"https:\/\/radiolifefm.com.br\/noticias\/santa-casa-e-prefeitura-de-adamantina-inauguram-centro-de-diagnostico-de-imagem-e-banco-de-sangue\/\"},\"author\":{\"name\":\"ritanery\",\"@id\":\"https:\/\/radiolifefm.com.br\/noticias\/#\/schema\/person\/6339b9fac59d12b071dec680d7375d87\"},\"headline\":\"Santa Casa e Prefeitura de Adamantina inauguram Centro de Diagn\u00f3stico de Imagem e Banco de Sangue\",\"datePublished\":\"2021-12-30T10:19:43+00:00\",\"dateModified\":\"2026-02-17T15:09:04+00:00\",\"mainEntityOfPage\":{\"@id\":\"https:\/\/radiolifefm.com.br\/noticias\/santa-casa-e-prefeitura-de-adamantina-inauguram-centro-de-diagnostico-de-imagem-e-banco-de-sangue\/\"},\"wordCount\":602,\"publisher\":{\"@id\":\"https:\/\/radiolifefm.com.br\/noticias\/#organization\"},\"image\":{\"@id\":\"https:\/\/radiolifefm.com.br\/noticias\/santa-casa-e-prefeitura-de-adamantina-inauguram-centro-de-diagnostico-de-imagem-e-banco-de-sangue\/#primaryimage\"},\"thumbnailUrl\":\"https:\/\/radiolifefm.com.br\/noticias\/wp-content\/uploads\/2021\/12\/foto-1-scaled.jpg\",\"articleSection\":[\"Adamantina\"],\"inLanguage\":\"pt-BR\"},{\"@type\":\"WebPage\",\"@id\":\"https:\/\/radiolifefm.com.br\/noticias\/santa-casa-e-prefeitura-de-adamantina-inauguram-centro-de-diagnostico-de-imagem-e-banco-de-sangue\/\",\"url\":\"https:\/\/radiolifefm.com.br\/noticias\/santa-casa-e-prefeitura-de-adamantina-inauguram-centro-de-diagnostico-de-imagem-e-banco-de-sangue\/\",\"name\":\"Santa Casa e Prefeitura de Adamantina inauguram Centro de Diagn\u00f3stico de Imagem e Banco de Sangue - R\u00e1dio Life FM\",\"isPartOf\":{\"@id\":\"https:\/\/radiolifefm.com.br\/noticias\/#website\"},\"primaryImageOfPage\":{\"@id\":\"https:\/\/radiolifefm.com.br\/noticias\/santa-casa-e-prefeitura-de-adamantina-inauguram-centro-de-diagnostico-de-imagem-e-banco-de-sangue\/#primaryimage\"},\"image\":{\"@id\":\"https:\/\/radiolifefm.com.br\/noticias\/santa-casa-e-prefeitura-de-adamantina-inauguram-centro-de-diagnostico-de-imagem-e-banco-de-sangue\/#primaryimage\"},\"thumbnailUrl\":\"https:\/\/radiolifefm.com.br\/noticias\/wp-content\/uploads\/2021\/12\/foto-1-scaled.jpg\",\"datePublished\":\"2021-12-30T10:19:43+00:00\",\"dateModified\":\"2026-02-17T15:09:04+00:00\",\"breadcrumb\":{\"@id\":\"https:\/\/radiolifefm.com.br\/noticias\/santa-casa-e-prefeitura-de-adamantina-inauguram-centro-de-diagnostico-de-imagem-e-banco-de-sangue\/#breadcrumb\"},\"inLanguage\":\"pt-BR\",\"potentialAction\":[{\"@type\":\"ReadAction\",\"target\":[\"https:\/\/radiolifefm.com.br\/noticias\/santa-casa-e-prefeitura-de-adamantina-inauguram-centro-de-diagnostico-de-imagem-e-banco-de-sangue\/\"]}]},{\"@type\":\"ImageObject\",\"inLanguage\":\"pt-BR\",\"@id\":\"https:\/\/radiolifefm.com.br\/noticias\/santa-casa-e-prefeitura-de-adamantina-inauguram-centro-de-diagnostico-de-imagem-e-banco-de-sangue\/#primaryimage\",\"url\":\"https:\/\/radiolifefm.com.br\/noticias\/wp-content\/uploads\/2021\/12\/foto-1-scaled.jpg\",\"contentUrl\":\"https:\/\/radiolifefm.com.br\/noticias\/wp-content\/uploads\/2021\/12\/foto-1-scaled.jpg\",\"width\":2560,\"height\":1711},{\"@type\":\"BreadcrumbList\",\"@id\":\"https:\/\/radiolifefm.com.br\/noticias\/santa-casa-e-prefeitura-de-adamantina-inauguram-centro-de-diagnostico-de-imagem-e-banco-de-sangue\/#breadcrumb\",\"itemListElement\":[{\"@type\":\"ListItem\",\"position\":1,\"name\":\"In\u00edcio\",\"item\":\"https:\/\/radiolifefm.com.br\/noticias\/\"},{\"@type\":\"ListItem\",\"position\":2,\"name\":\"Santa Casa e Prefeitura de Adamantina inauguram Centro de Diagn\u00f3stico de Imagem e Banco de Sangue\"}]},{\"@type\":\"WebSite\",\"@id\":\"https:\/\/radiolifefm.com.br\/noticias\/#website\",\"url\":\"https:\/\/radiolifefm.com.br\/noticias\/\",\"name\":\"R\u00e1dio Life FM\",\"description\":\"O Portal de Not\u00edcias de Adamantina\",\"publisher\":{\"@id\":\"https:\/\/radiolifefm.com.br\/noticias\/#organization\"},\"alternateName\":\"Life FM\",\"potentialAction\":[{\"@type\":\"SearchAction\",\"target\":{\"@type\":\"EntryPoint\",\"urlTemplate\":\"https:\/\/radiolifefm.com.br\/noticias\/?s={search_term_string}\"},\"query-input\":{\"@type\":\"PropertyValueSpecification\",\"valueRequired\":true,\"valueName\":\"search_term_string\"}}],\"inLanguage\":\"pt-BR\"},{\"@type\":\"Organization\",\"@id\":\"https:\/\/radiolifefm.com.br\/noticias\/#organization\",\"name\":\"R\u00e1dio Life FM\",\"alternateName\":\"Life FM\",\"url\":\"https:\/\/radiolifefm.com.br\/noticias\/\",\"logo\":{\"@type\":\"ImageObject\",\"inLanguage\":\"pt-BR\",\"@id\":\"https:\/\/radiolifefm.com.br\/noticias\/#\/schema\/logo\/image\/\",\"url\":\"https:\/\/static.radiolifefm.com.br\/noticias\/wp-content\/uploads\/2019\/10\/logo-lifefm.png\",\"contentUrl\":\"https:\/\/static.radiolifefm.com.br\/noticias\/wp-content\/uploads\/2019\/10\/logo-lifefm.png\",\"width\":196,\"height\":47,\"caption\":\"R\u00e1dio Life FM\"},\"image\":{\"@id\":\"https:\/\/radiolifefm.com.br\/noticias\/#\/schema\/logo\/image\/\"},\"sameAs\":[\"https:\/\/www.facebook.com\/radiolifefm\/\",\"https:\/\/www.instagram.com\/life1079fm\/\"]},{\"@type\":\"Person\",\"@id\":\"https:\/\/radiolifefm.com.br\/noticias\/#\/schema\/person\/6339b9fac59d12b071dec680d7375d87\",\"name\":\"ritanery\",\"image\":{\"@type\":\"ImageObject\",\"inLanguage\":\"pt-BR\",\"@id\":\"https:\/\/secure.gravatar.com\/avatar\/0e37bb19071f47c0b8a23f62a903df117c5a0e75f65a0c2901562f97cd41cf86?s=96&d=mm&r=g\",\"url\":\"https:\/\/secure.gravatar.com\/avatar\/0e37bb19071f47c0b8a23f62a903df117c5a0e75f65a0c2901562f97cd41cf86?s=96&d=mm&r=g\",\"contentUrl\":\"https:\/\/secure.gravatar.com\/avatar\/0e37bb19071f47c0b8a23f62a903df117c5a0e75f65a0c2901562f97cd41cf86?s=96&d=mm&r=g\",\"caption\":\"ritanery\"}}]}<\/script>\n<!-- \/ Yoast SEO plugin. -->","yoast_head_json":{"title":"Santa Casa e Prefeitura de Adamantina inauguram Centro de Diagn\u00f3stico de Imagem e Banco de Sangue - R\u00e1dio Life FM","robots":{"index":"index","follow":"follow","max-snippet":"max-snippet:-1","max-image-preview":"max-image-preview:large","max-video-preview":"max-video-preview:-1"},"canonical":"https:\/\/radiolifefm.com.br\/noticias\/santa-casa-e-prefeitura-de-adamantina-inauguram-centro-de-diagnostico-de-imagem-e-banco-de-sangue\/","og_locale":"pt_BR","og_type":"article","og_title":"Santa Casa e Prefeitura de Adamantina inauguram Centro de Diagn\u00f3stico de Imagem e Banco de Sangue - R\u00e1dio Life FM","og_description":"No pr\u00e9dio que abrigar\u00e1 a amplia\u00e7\u00e3o do Pronto Socorro de Adamantina e que segue em constru\u00e7\u00e3o, foi realizada no final da tarde de ontem (28), uma solenidade para inaugura\u00e7\u00e3o do Centro de Diagn\u00f3stico de Imagem \u2013 Examina Diagn\u00f3sticos e do Banco de Sangue. &nbsp; A cerim\u00f4nia contou com a presen\u00e7a do prefeito M\u00e1rcio Cardim, do [&hellip;]","og_url":"https:\/\/radiolifefm.com.br\/noticias\/santa-casa-e-prefeitura-de-adamantina-inauguram-centro-de-diagnostico-de-imagem-e-banco-de-sangue\/","og_site_name":"R\u00e1dio Life FM","article_publisher":"https:\/\/www.facebook.com\/radiolifefm\/","article_published_time":"2021-12-30T10:19:43+00:00","article_modified_time":"2026-02-17T15:09:04+00:00","og_image":[{"width":2560,"height":1711,"url":"https:\/\/radiolifefm.com.br\/noticias\/wp-content\/uploads\/2021\/12\/foto-1-scaled.jpg","type":"image\/jpeg"}],"author":"ritanery","twitter_card":"summary_large_image","twitter_misc":{"Escrito por":"ritanery","Est. tempo de leitura":"3 minutos"},"schema":{"@context":"https:\/\/schema.org","@graph":[{"@type":"Article","@id":"https:\/\/radiolifefm.com.br\/noticias\/santa-casa-e-prefeitura-de-adamantina-inauguram-centro-de-diagnostico-de-imagem-e-banco-de-sangue\/#article","isPartOf":{"@id":"https:\/\/radiolifefm.com.br\/noticias\/santa-casa-e-prefeitura-de-adamantina-inauguram-centro-de-diagnostico-de-imagem-e-banco-de-sangue\/"},"author":{"name":"ritanery","@id":"https:\/\/radiolifefm.com.br\/noticias\/#\/schema\/person\/6339b9fac59d12b071dec680d7375d87"},"headline":"Santa Casa e Prefeitura de Adamantina inauguram Centro de Diagn\u00f3stico de Imagem e Banco de Sangue","datePublished":"2021-12-30T10:19:43+00:00","dateModified":"2026-02-17T15:09:04+00:00","mainEntityOfPage":{"@id":"https:\/\/radiolifefm.com.br\/noticias\/santa-casa-e-prefeitura-de-adamantina-inauguram-centro-de-diagnostico-de-imagem-e-banco-de-sangue\/"},"wordCount":602,"publisher":{"@id":"https:\/\/radiolifefm.com.br\/noticias\/#organization"},"image":{"@id":"https:\/\/radiolifefm.com.br\/noticias\/santa-casa-e-prefeitura-de-adamantina-inauguram-centro-de-diagnostico-de-imagem-e-banco-de-sangue\/#primaryimage"},"thumbnailUrl":"https:\/\/radiolifefm.com.br\/noticias\/wp-content\/uploads\/2021\/12\/foto-1-scaled.jpg","articleSection":["Adamantina"],"inLanguage":"pt-BR"},{"@type":"WebPage","@id":"https:\/\/radiolifefm.com.br\/noticias\/santa-casa-e-prefeitura-de-adamantina-inauguram-centro-de-diagnostico-de-imagem-e-banco-de-sangue\/","url":"https:\/\/radiolifefm.com.br\/noticias\/santa-casa-e-prefeitura-de-adamantina-inauguram-centro-de-diagnostico-de-imagem-e-banco-de-sangue\/","name":"Santa Casa e Prefeitura de Adamantina inauguram Centro de Diagn\u00f3stico de Imagem e Banco de Sangue - R\u00e1dio Life FM","isPartOf":{"@id":"https:\/\/radiolifefm.com.br\/noticias\/#website"},"primaryImageOfPage":{"@id":"https:\/\/radiolifefm.com.br\/noticias\/santa-casa-e-prefeitura-de-adamantina-inauguram-centro-de-diagnostico-de-imagem-e-banco-de-sangue\/#primaryimage"},"image":{"@id":"https:\/\/radiolifefm.com.br\/noticias\/santa-casa-e-prefeitura-de-adamantina-inauguram-centro-de-diagnostico-de-imagem-e-banco-de-sangue\/#primaryimage"},"thumbnailUrl":"https:\/\/radiolifefm.com.br\/noticias\/wp-content\/uploads\/2021\/12\/foto-1-scaled.jpg","datePublished":"2021-12-30T10:19:43+00:00","dateModified":"2026-02-17T15:09:04+00:00","breadcrumb":{"@id":"https:\/\/radiolifefm.com.br\/noticias\/santa-casa-e-prefeitura-de-adamantina-inauguram-centro-de-diagnostico-de-imagem-e-banco-de-sangue\/#breadcrumb"},"inLanguage":"pt-BR","potentialAction":[{"@type":"ReadAction","target":["https:\/\/radiolifefm.com.br\/noticias\/santa-casa-e-prefeitura-de-adamantina-inauguram-centro-de-diagnostico-de-imagem-e-banco-de-sangue\/"]}]},{"@type":"ImageObject","inLanguage":"pt-BR","@id":"https:\/\/radiolifefm.com.br\/noticias\/santa-casa-e-prefeitura-de-adamantina-inauguram-centro-de-diagnostico-de-imagem-e-banco-de-sangue\/#primaryimage","url":"https:\/\/radiolifefm.com.br\/noticias\/wp-content\/uploads\/2021\/12\/foto-1-scaled.jpg","contentUrl":"https:\/\/radiolifefm.com.br\/noticias\/wp-content\/uploads\/2021\/12\/foto-1-scaled.jpg","width":2560,"height":1711},{"@type":"BreadcrumbList","@id":"https:\/\/radiolifefm.com.br\/noticias\/santa-casa-e-prefeitura-de-adamantina-inauguram-centro-de-diagnostico-de-imagem-e-banco-de-sangue\/#breadcrumb","itemListElement":[{"@type":"ListItem","position":1,"name":"In\u00edcio","item":"https:\/\/radiolifefm.com.br\/noticias\/"},{"@type":"ListItem","position":2,"name":"Santa Casa e Prefeitura de Adamantina inauguram Centro de Diagn\u00f3stico de Imagem e Banco de Sangue"}]},{"@type":"WebSite","@id":"https:\/\/radiolifefm.com.br\/noticias\/#website","url":"https:\/\/radiolifefm.com.br\/noticias\/","name":"R\u00e1dio Life FM","description":"O Portal de Not\u00edcias de Adamantina","publisher":{"@id":"https:\/\/radiolifefm.com.br\/noticias\/#organization"},"alternateName":"Life FM","potentialAction":[{"@type":"SearchAction","target":{"@type":"EntryPoint","urlTemplate":"https:\/\/radiolifefm.com.br\/noticias\/?s={search_term_string}"},"query-input":{"@type":"PropertyValueSpecification","valueRequired":true,"valueName":"search_term_string"}}],"inLanguage":"pt-BR"},{"@type":"Organization","@id":"https:\/\/radiolifefm.com.br\/noticias\/#organization","name":"R\u00e1dio Life FM","alternateName":"Life FM","url":"https:\/\/radiolifefm.com.br\/noticias\/","logo":{"@type":"ImageObject","inLanguage":"pt-BR","@id":"https:\/\/radiolifefm.com.br\/noticias\/#\/schema\/logo\/image\/","url":"https:\/\/static.radiolifefm.com.br\/noticias\/wp-content\/uploads\/2019\/10\/logo-lifefm.png","contentUrl":"https:\/\/static.radiolifefm.com.br\/noticias\/wp-content\/uploads\/2019\/10\/logo-lifefm.png","width":196,"height":47,"caption":"R\u00e1dio Life FM"},"image":{"@id":"https:\/\/radiolifefm.com.br\/noticias\/#\/schema\/logo\/image\/"},"sameAs":["https:\/\/www.facebook.com\/radiolifefm\/","https:\/\/www.instagram.com\/life1079fm\/"]},{"@type":"Person","@id":"https:\/\/radiolifefm.com.br\/noticias\/#\/schema\/person\/6339b9fac59d12b071dec680d7375d87","name":"ritanery","image":{"@type":"ImageObject","inLanguage":"pt-BR","@id":"https:\/\/secure.gravatar.com\/avatar\/0e37bb19071f47c0b8a23f62a903df117c5a0e75f65a0c2901562f97cd41cf86?s=96&d=mm&r=g","url":"https:\/\/secure.gravatar.com\/avatar\/0e37bb19071f47c0b8a23f62a903df117c5a0e75f65a0c2901562f97cd41cf86?s=96&d=mm&r=g","contentUrl":"https:\/\/secure.gravatar.com\/avatar\/0e37bb19071f47c0b8a23f62a903df117c5a0e75f65a0c2901562f97cd41cf86?s=96&d=mm&r=g","caption":"ritanery"}}]}},"amp_enabled":true,"_links":{"self":[{"href":"https:\/\/radiolifefm.com.br\/noticias\/wp-json\/wp\/v2\/posts\/47612","targetHints":{"allow":["GET"]}}],"collection":[{"href":"https:\/\/radiolifefm.com.br\/noticias\/wp-json\/wp\/v2\/posts"}],"about":[{"href":"https:\/\/radiolifefm.com.br\/noticias\/wp-json\/wp\/v2\/types\/post"}],"author":[{"embeddable":true,"href":"https:\/\/radiolifefm.com.br\/noticias\/wp-json\/wp\/v2\/users\/13"}],"replies":[{"embeddable":true,"href":"https:\/\/radiolifefm.com.br\/noticias\/wp-json\/wp\/v2\/comments?post=47612"}],"version-history":[{"count":2,"href":"https:\/\/radiolifefm.com.br\/noticias\/wp-json\/wp\/v2\/posts\/47612\/revisions"}],"predecessor-version":[{"id":47615,"href":"https:\/\/radiolifefm.com.br\/noticias\/wp-json\/wp\/v2\/posts\/47612\/revisions\/47615"}],"wp:featuredmedia":[{"embeddable":true,"href":"https:\/\/radiolifefm.com.br\/noticias\/wp-json\/wp\/v2\/media\/47613"}],"wp:attachment":[{"href":"https:\/\/radiolifefm.com.br\/noticias\/wp-json\/wp\/v2\/media?parent=47612"}],"wp:term":[{"taxonomy":"category","embeddable":true,"href":"https:\/\/radiolifefm.com.br\/noticias\/wp-json\/wp\/v2\/categories?post=47612"},{"taxonomy":"post_tag","embeddable":true,"href":"https:\/\/radiolifefm.com.br\/noticias\/wp-json\/wp\/v2\/tags?post=47612"}],"curies":[{"name":"wp","href":"https:\/\/api.w.org\/{rel}","templated":true}]}}