{"id":47550,"date":"2021-12-27T21:15:38","date_gmt":"2021-12-28T00:15:38","guid":{"rendered":"https:\/\/radiolifefm.com.br\/noticias\/?p=47550"},"modified":"2026-04-16T12:44:50","modified_gmt":"2026-04-16T15:44:50","slug":"saiba-o-que-abre-e-fecha-no-feriado-de-ano-novo","status":"publish","type":"post","link":"https:\/\/radiolifefm.com.br\/noticias\/saiba-o-que-abre-e-fecha-no-feriado-de-ano-novo\/","title":{"rendered":"Saiba o que abre e fecha no feriado de Ano Novo"},"content":{"rendered":"<div id=\"fb-root\"><\/div>\n<p>De acordo com o Decreto n\u00ba 6.265 de 16 de dezembro de 2020, o expediente est\u00e1 suspenso nas reparti\u00e7\u00f5es p\u00fablicas da Administra\u00e7\u00e3o Direta do Munic\u00edpio de Adamantina no feriado de Ano Novo.<\/p>\n<p>&nbsp;<\/p>\n<p>Sendo assim, o expediente no Pa\u00e7o Municipal ser\u00e1 encerrado na quinta-feira (30), \u00e0s 17h30 e retomado na segunda-feira, 03 de janeiro de 2022.<\/p>\n<p>&nbsp;<\/p>\n<p><strong>Entenda como v\u00e3o funcionar os servi\u00e7os<\/strong><\/p>\n<p>&nbsp;<\/p>\n<p><strong>Coleta de lixo &#8211;<\/strong>\u00a0A coleta de lixo ocorrer\u00e1 normalmente na sexta-feira (31). O servi\u00e7o foi suspenso apenas s\u00e1bado (01), no feriado. No s\u00e1bado (01), n\u00e3o h\u00e1 coleta de lixo recicl\u00e1vel.<\/p>\n<p>&nbsp;<\/p>\n<p><strong>Feiras &#8211;<\/strong>\u00a0A Feira Livre acontecer\u00e1 na Esta\u00e7\u00e3o Recreio somente na parte da manh\u00e3 da sexta-feira (31). No domingo (02), a realiza\u00e7\u00e3o est\u00e1 suspensa.<\/p>\n<p>&nbsp;<\/p>\n<p><strong>Central Covid-19 &#8211;<\/strong>\u00a0O Post\u00e3o, local onde funciona a Central COVID- 19,\u00a0funciona em regime de plant\u00e3o na sexta-feira (31). Nos dias 01 e 02 de janeiro de 2022, os atendimentos est\u00e3o suspensos e ser\u00e3o retomados na segunda-feira (03).<\/p>\n<p>&nbsp;<\/p>\n<p><strong>Ganha Tempo &#8211;<\/strong>\u00a0O Ganha Tempo tamb\u00e9m n\u00e3o funciona na sexta-feira (31). No espa\u00e7o est\u00e3o: Banco do Povo, Detran.SP, Posto de Atendimento ao Trabalhador (PAT) e Procon.<\/p>\n<p>&nbsp;<\/p>\n<p><strong>Educa\u00e7\u00e3o Municipal &#8211;<\/strong>\u00a0As f\u00e9rias coletivas na educa\u00e7\u00e3o municipal acontecem de 20 de dezembro a 18 de janeiro.\u00a0Neste per\u00edodo, caso os pais e\/ou respons\u00e1veis necessitem de algum atendimento, a orienta\u00e7\u00e3o \u00e9 procurar a Secretaria de Educa\u00e7\u00e3o.\u00a0A partir do dia 19 de janeiro, todas as unidades escolares estar\u00e3o abertas para atendimento ao p\u00fablico.<\/p>\n<p>Fonte: Assessoria de Imprensa<\/p>\n","protected":false},"excerpt":{"rendered":"<p>De acordo com o Decreto n\u00ba 6.265 de 16 de dezembro de 2020, o expediente est\u00e1 suspenso nas reparti\u00e7\u00f5es p\u00fablicas da Administra\u00e7\u00e3o Direta do Munic\u00edpio de Adamantina no feriado de Ano Novo. &nbsp; Sendo assim, o expediente no Pa\u00e7o Municipal ser\u00e1 encerrado na quinta-feira (30), \u00e0s 17h30 e retomado na segunda-feira, 03 de janeiro de [&hellip;]<\/p>\n","protected":false},"author":13,"featured_media":47551,"comment_status":"closed","ping_status":"open","sticky":false,"template":"","format":"standard","meta":{"_acf_changed":false,"_exactmetrics_skip_tracking":false,"_exactmetrics_sitenote_active":false,"_exactmetrics_sitenote_note":"","_exactmetrics_sitenote_category":0,"footnotes":""},"categories":[21],"tags":[],"class_list":["post-47550","post","type-post","status-publish","format-standard","has-post-thumbnail","hentry","category-adamantina"],"acf":[],"yoast_head":"<!-- This site is optimized with the Yoast SEO plugin v27.2 - https:\/\/yoast.com\/product\/yoast-seo-wordpress\/ -->\n<title>Saiba o que abre e fecha no feriado de Ano Novo - R\u00e1dio Life FM<\/title>\n<meta name=\"robots\" content=\"index, follow, max-snippet:-1, max-image-preview:large, max-video-preview:-1\" \/>\n<link rel=\"canonical\" href=\"https:\/\/radiolifefm.com.br\/noticias\/saiba-o-que-abre-e-fecha-no-feriado-de-ano-novo\/\" \/>\n<meta property=\"og:locale\" content=\"pt_BR\" \/>\n<meta property=\"og:type\" content=\"article\" \/>\n<meta property=\"og:title\" content=\"Saiba o que abre e fecha no feriado de Ano Novo - R\u00e1dio Life FM\" \/>\n<meta property=\"og:description\" content=\"De acordo com o Decreto n\u00ba 6.265 de 16 de dezembro de 2020, o expediente est\u00e1 suspenso nas reparti\u00e7\u00f5es p\u00fablicas da Administra\u00e7\u00e3o Direta do Munic\u00edpio de Adamantina no feriado de Ano Novo. &nbsp; Sendo assim, o expediente no Pa\u00e7o Municipal ser\u00e1 encerrado na quinta-feira (30), \u00e0s 17h30 e retomado na segunda-feira, 03 de janeiro de [&hellip;]\" \/>\n<meta property=\"og:url\" content=\"https:\/\/radiolifefm.com.br\/noticias\/saiba-o-que-abre-e-fecha-no-feriado-de-ano-novo\/\" \/>\n<meta property=\"og:site_name\" content=\"R\u00e1dio Life FM\" \/>\n<meta property=\"article:publisher\" content=\"https:\/\/www.facebook.com\/radiolifefm\/\" \/>\n<meta property=\"article:published_time\" content=\"2021-12-28T00:15:38+00:00\" \/>\n<meta property=\"article:modified_time\" content=\"2026-04-16T15:44:50+00:00\" \/>\n<meta property=\"og:image\" content=\"https:\/\/radiolifefm.com.br\/noticias\/wp-content\/uploads\/2021\/12\/images.jpg\" \/>\n\t<meta property=\"og:image:width\" content=\"310\" \/>\n\t<meta property=\"og:image:height\" content=\"163\" \/>\n\t<meta property=\"og:image:type\" content=\"image\/jpeg\" \/>\n<meta name=\"author\" content=\"ritanery\" \/>\n<meta name=\"twitter:card\" content=\"summary_large_image\" \/>\n<meta name=\"twitter:label1\" content=\"Escrito por\" \/>\n\t<meta name=\"twitter:data1\" content=\"ritanery\" \/>\n\t<meta name=\"twitter:label2\" content=\"Est. tempo de leitura\" \/>\n\t<meta name=\"twitter:data2\" content=\"1 minuto\" \/>\n<script type=\"application\/ld+json\" class=\"yoast-schema-graph\">{\"@context\":\"https:\/\/schema.org\",\"@graph\":[{\"@type\":\"Article\",\"@id\":\"https:\/\/radiolifefm.com.br\/noticias\/saiba-o-que-abre-e-fecha-no-feriado-de-ano-novo\/#article\",\"isPartOf\":{\"@id\":\"https:\/\/radiolifefm.com.br\/noticias\/saiba-o-que-abre-e-fecha-no-feriado-de-ano-novo\/\"},\"author\":{\"name\":\"ritanery\",\"@id\":\"https:\/\/radiolifefm.com.br\/noticias\/#\/schema\/person\/6339b9fac59d12b071dec680d7375d87\"},\"headline\":\"Saiba o que abre e fecha no feriado de Ano Novo\",\"datePublished\":\"2021-12-28T00:15:38+00:00\",\"dateModified\":\"2026-04-16T15:44:50+00:00\",\"mainEntityOfPage\":{\"@id\":\"https:\/\/radiolifefm.com.br\/noticias\/saiba-o-que-abre-e-fecha-no-feriado-de-ano-novo\/\"},\"wordCount\":269,\"publisher\":{\"@id\":\"https:\/\/radiolifefm.com.br\/noticias\/#organization\"},\"image\":{\"@id\":\"https:\/\/radiolifefm.com.br\/noticias\/saiba-o-que-abre-e-fecha-no-feriado-de-ano-novo\/#primaryimage\"},\"thumbnailUrl\":\"https:\/\/radiolifefm.com.br\/noticias\/wp-content\/uploads\/2021\/12\/images.jpg\",\"articleSection\":[\"Adamantina\"],\"inLanguage\":\"pt-BR\"},{\"@type\":\"WebPage\",\"@id\":\"https:\/\/radiolifefm.com.br\/noticias\/saiba-o-que-abre-e-fecha-no-feriado-de-ano-novo\/\",\"url\":\"https:\/\/radiolifefm.com.br\/noticias\/saiba-o-que-abre-e-fecha-no-feriado-de-ano-novo\/\",\"name\":\"Saiba o que abre e fecha no feriado de Ano Novo - R\u00e1dio Life FM\",\"isPartOf\":{\"@id\":\"https:\/\/radiolifefm.com.br\/noticias\/#website\"},\"primaryImageOfPage\":{\"@id\":\"https:\/\/radiolifefm.com.br\/noticias\/saiba-o-que-abre-e-fecha-no-feriado-de-ano-novo\/#primaryimage\"},\"image\":{\"@id\":\"https:\/\/radiolifefm.com.br\/noticias\/saiba-o-que-abre-e-fecha-no-feriado-de-ano-novo\/#primaryimage\"},\"thumbnailUrl\":\"https:\/\/radiolifefm.com.br\/noticias\/wp-content\/uploads\/2021\/12\/images.jpg\",\"datePublished\":\"2021-12-28T00:15:38+00:00\",\"dateModified\":\"2026-04-16T15:44:50+00:00\",\"breadcrumb\":{\"@id\":\"https:\/\/radiolifefm.com.br\/noticias\/saiba-o-que-abre-e-fecha-no-feriado-de-ano-novo\/#breadcrumb\"},\"inLanguage\":\"pt-BR\",\"potentialAction\":[{\"@type\":\"ReadAction\",\"target\":[\"https:\/\/radiolifefm.com.br\/noticias\/saiba-o-que-abre-e-fecha-no-feriado-de-ano-novo\/\"]}]},{\"@type\":\"ImageObject\",\"inLanguage\":\"pt-BR\",\"@id\":\"https:\/\/radiolifefm.com.br\/noticias\/saiba-o-que-abre-e-fecha-no-feriado-de-ano-novo\/#primaryimage\",\"url\":\"https:\/\/radiolifefm.com.br\/noticias\/wp-content\/uploads\/2021\/12\/images.jpg\",\"contentUrl\":\"https:\/\/radiolifefm.com.br\/noticias\/wp-content\/uploads\/2021\/12\/images.jpg\",\"width\":310,\"height\":163},{\"@type\":\"BreadcrumbList\",\"@id\":\"https:\/\/radiolifefm.com.br\/noticias\/saiba-o-que-abre-e-fecha-no-feriado-de-ano-novo\/#breadcrumb\",\"itemListElement\":[{\"@type\":\"ListItem\",\"position\":1,\"name\":\"In\u00edcio\",\"item\":\"https:\/\/radiolifefm.com.br\/noticias\/\"},{\"@type\":\"ListItem\",\"position\":2,\"name\":\"Saiba o que abre e fecha no feriado de Ano Novo\"}]},{\"@type\":\"WebSite\",\"@id\":\"https:\/\/radiolifefm.com.br\/noticias\/#website\",\"url\":\"https:\/\/radiolifefm.com.br\/noticias\/\",\"name\":\"R\u00e1dio Life FM\",\"description\":\"O Portal de Not\u00edcias de Adamantina\",\"publisher\":{\"@id\":\"https:\/\/radiolifefm.com.br\/noticias\/#organization\"},\"alternateName\":\"Life FM\",\"potentialAction\":[{\"@type\":\"SearchAction\",\"target\":{\"@type\":\"EntryPoint\",\"urlTemplate\":\"https:\/\/radiolifefm.com.br\/noticias\/?s={search_term_string}\"},\"query-input\":{\"@type\":\"PropertyValueSpecification\",\"valueRequired\":true,\"valueName\":\"search_term_string\"}}],\"inLanguage\":\"pt-BR\"},{\"@type\":\"Organization\",\"@id\":\"https:\/\/radiolifefm.com.br\/noticias\/#organization\",\"name\":\"R\u00e1dio Life FM\",\"alternateName\":\"Life FM\",\"url\":\"https:\/\/radiolifefm.com.br\/noticias\/\",\"logo\":{\"@type\":\"ImageObject\",\"inLanguage\":\"pt-BR\",\"@id\":\"https:\/\/radiolifefm.com.br\/noticias\/#\/schema\/logo\/image\/\",\"url\":\"https:\/\/static.radiolifefm.com.br\/noticias\/wp-content\/uploads\/2019\/10\/logo-lifefm.png\",\"contentUrl\":\"https:\/\/static.radiolifefm.com.br\/noticias\/wp-content\/uploads\/2019\/10\/logo-lifefm.png\",\"width\":196,\"height\":47,\"caption\":\"R\u00e1dio Life FM\"},\"image\":{\"@id\":\"https:\/\/radiolifefm.com.br\/noticias\/#\/schema\/logo\/image\/\"},\"sameAs\":[\"https:\/\/www.facebook.com\/radiolifefm\/\",\"https:\/\/www.instagram.com\/life1079fm\/\"]},{\"@type\":\"Person\",\"@id\":\"https:\/\/radiolifefm.com.br\/noticias\/#\/schema\/person\/6339b9fac59d12b071dec680d7375d87\",\"name\":\"ritanery\",\"image\":{\"@type\":\"ImageObject\",\"inLanguage\":\"pt-BR\",\"@id\":\"https:\/\/secure.gravatar.com\/avatar\/0e37bb19071f47c0b8a23f62a903df117c5a0e75f65a0c2901562f97cd41cf86?s=96&d=mm&r=g\",\"url\":\"https:\/\/secure.gravatar.com\/avatar\/0e37bb19071f47c0b8a23f62a903df117c5a0e75f65a0c2901562f97cd41cf86?s=96&d=mm&r=g\",\"contentUrl\":\"https:\/\/secure.gravatar.com\/avatar\/0e37bb19071f47c0b8a23f62a903df117c5a0e75f65a0c2901562f97cd41cf86?s=96&d=mm&r=g\",\"caption\":\"ritanery\"}}]}<\/script>\n<!-- \/ Yoast SEO plugin. -->","yoast_head_json":{"title":"Saiba o que abre e fecha no feriado de Ano Novo - R\u00e1dio Life FM","robots":{"index":"index","follow":"follow","max-snippet":"max-snippet:-1","max-image-preview":"max-image-preview:large","max-video-preview":"max-video-preview:-1"},"canonical":"https:\/\/radiolifefm.com.br\/noticias\/saiba-o-que-abre-e-fecha-no-feriado-de-ano-novo\/","og_locale":"pt_BR","og_type":"article","og_title":"Saiba o que abre e fecha no feriado de Ano Novo - R\u00e1dio Life FM","og_description":"De acordo com o Decreto n\u00ba 6.265 de 16 de dezembro de 2020, o expediente est\u00e1 suspenso nas reparti\u00e7\u00f5es p\u00fablicas da Administra\u00e7\u00e3o Direta do Munic\u00edpio de Adamantina no feriado de Ano Novo. &nbsp; Sendo assim, o expediente no Pa\u00e7o Municipal ser\u00e1 encerrado na quinta-feira (30), \u00e0s 17h30 e retomado na segunda-feira, 03 de janeiro de [&hellip;]","og_url":"https:\/\/radiolifefm.com.br\/noticias\/saiba-o-que-abre-e-fecha-no-feriado-de-ano-novo\/","og_site_name":"R\u00e1dio Life FM","article_publisher":"https:\/\/www.facebook.com\/radiolifefm\/","article_published_time":"2021-12-28T00:15:38+00:00","article_modified_time":"2026-04-16T15:44:50+00:00","og_image":[{"width":310,"height":163,"url":"https:\/\/radiolifefm.com.br\/noticias\/wp-content\/uploads\/2021\/12\/images.jpg","type":"image\/jpeg"}],"author":"ritanery","twitter_card":"summary_large_image","twitter_misc":{"Escrito por":"ritanery","Est. tempo de leitura":"1 minuto"},"schema":{"@context":"https:\/\/schema.org","@graph":[{"@type":"Article","@id":"https:\/\/radiolifefm.com.br\/noticias\/saiba-o-que-abre-e-fecha-no-feriado-de-ano-novo\/#article","isPartOf":{"@id":"https:\/\/radiolifefm.com.br\/noticias\/saiba-o-que-abre-e-fecha-no-feriado-de-ano-novo\/"},"author":{"name":"ritanery","@id":"https:\/\/radiolifefm.com.br\/noticias\/#\/schema\/person\/6339b9fac59d12b071dec680d7375d87"},"headline":"Saiba o que abre e fecha no feriado de Ano Novo","datePublished":"2021-12-28T00:15:38+00:00","dateModified":"2026-04-16T15:44:50+00:00","mainEntityOfPage":{"@id":"https:\/\/radiolifefm.com.br\/noticias\/saiba-o-que-abre-e-fecha-no-feriado-de-ano-novo\/"},"wordCount":269,"publisher":{"@id":"https:\/\/radiolifefm.com.br\/noticias\/#organization"},"image":{"@id":"https:\/\/radiolifefm.com.br\/noticias\/saiba-o-que-abre-e-fecha-no-feriado-de-ano-novo\/#primaryimage"},"thumbnailUrl":"https:\/\/radiolifefm.com.br\/noticias\/wp-content\/uploads\/2021\/12\/images.jpg","articleSection":["Adamantina"],"inLanguage":"pt-BR"},{"@type":"WebPage","@id":"https:\/\/radiolifefm.com.br\/noticias\/saiba-o-que-abre-e-fecha-no-feriado-de-ano-novo\/","url":"https:\/\/radiolifefm.com.br\/noticias\/saiba-o-que-abre-e-fecha-no-feriado-de-ano-novo\/","name":"Saiba o que abre e fecha no feriado de Ano Novo - R\u00e1dio Life FM","isPartOf":{"@id":"https:\/\/radiolifefm.com.br\/noticias\/#website"},"primaryImageOfPage":{"@id":"https:\/\/radiolifefm.com.br\/noticias\/saiba-o-que-abre-e-fecha-no-feriado-de-ano-novo\/#primaryimage"},"image":{"@id":"https:\/\/radiolifefm.com.br\/noticias\/saiba-o-que-abre-e-fecha-no-feriado-de-ano-novo\/#primaryimage"},"thumbnailUrl":"https:\/\/radiolifefm.com.br\/noticias\/wp-content\/uploads\/2021\/12\/images.jpg","datePublished":"2021-12-28T00:15:38+00:00","dateModified":"2026-04-16T15:44:50+00:00","breadcrumb":{"@id":"https:\/\/radiolifefm.com.br\/noticias\/saiba-o-que-abre-e-fecha-no-feriado-de-ano-novo\/#breadcrumb"},"inLanguage":"pt-BR","potentialAction":[{"@type":"ReadAction","target":["https:\/\/radiolifefm.com.br\/noticias\/saiba-o-que-abre-e-fecha-no-feriado-de-ano-novo\/"]}]},{"@type":"ImageObject","inLanguage":"pt-BR","@id":"https:\/\/radiolifefm.com.br\/noticias\/saiba-o-que-abre-e-fecha-no-feriado-de-ano-novo\/#primaryimage","url":"https:\/\/radiolifefm.com.br\/noticias\/wp-content\/uploads\/2021\/12\/images.jpg","contentUrl":"https:\/\/radiolifefm.com.br\/noticias\/wp-content\/uploads\/2021\/12\/images.jpg","width":310,"height":163},{"@type":"BreadcrumbList","@id":"https:\/\/radiolifefm.com.br\/noticias\/saiba-o-que-abre-e-fecha-no-feriado-de-ano-novo\/#breadcrumb","itemListElement":[{"@type":"ListItem","position":1,"name":"In\u00edcio","item":"https:\/\/radiolifefm.com.br\/noticias\/"},{"@type":"ListItem","position":2,"name":"Saiba o que abre e fecha no feriado de Ano Novo"}]},{"@type":"WebSite","@id":"https:\/\/radiolifefm.com.br\/noticias\/#website","url":"https:\/\/radiolifefm.com.br\/noticias\/","name":"R\u00e1dio Life FM","description":"O Portal de Not\u00edcias de Adamantina","publisher":{"@id":"https:\/\/radiolifefm.com.br\/noticias\/#organization"},"alternateName":"Life FM","potentialAction":[{"@type":"SearchAction","target":{"@type":"EntryPoint","urlTemplate":"https:\/\/radiolifefm.com.br\/noticias\/?s={search_term_string}"},"query-input":{"@type":"PropertyValueSpecification","valueRequired":true,"valueName":"search_term_string"}}],"inLanguage":"pt-BR"},{"@type":"Organization","@id":"https:\/\/radiolifefm.com.br\/noticias\/#organization","name":"R\u00e1dio Life FM","alternateName":"Life FM","url":"https:\/\/radiolifefm.com.br\/noticias\/","logo":{"@type":"ImageObject","inLanguage":"pt-BR","@id":"https:\/\/radiolifefm.com.br\/noticias\/#\/schema\/logo\/image\/","url":"https:\/\/static.radiolifefm.com.br\/noticias\/wp-content\/uploads\/2019\/10\/logo-lifefm.png","contentUrl":"https:\/\/static.radiolifefm.com.br\/noticias\/wp-content\/uploads\/2019\/10\/logo-lifefm.png","width":196,"height":47,"caption":"R\u00e1dio Life FM"},"image":{"@id":"https:\/\/radiolifefm.com.br\/noticias\/#\/schema\/logo\/image\/"},"sameAs":["https:\/\/www.facebook.com\/radiolifefm\/","https:\/\/www.instagram.com\/life1079fm\/"]},{"@type":"Person","@id":"https:\/\/radiolifefm.com.br\/noticias\/#\/schema\/person\/6339b9fac59d12b071dec680d7375d87","name":"ritanery","image":{"@type":"ImageObject","inLanguage":"pt-BR","@id":"https:\/\/secure.gravatar.com\/avatar\/0e37bb19071f47c0b8a23f62a903df117c5a0e75f65a0c2901562f97cd41cf86?s=96&d=mm&r=g","url":"https:\/\/secure.gravatar.com\/avatar\/0e37bb19071f47c0b8a23f62a903df117c5a0e75f65a0c2901562f97cd41cf86?s=96&d=mm&r=g","contentUrl":"https:\/\/secure.gravatar.com\/avatar\/0e37bb19071f47c0b8a23f62a903df117c5a0e75f65a0c2901562f97cd41cf86?s=96&d=mm&r=g","caption":"ritanery"}}]}},"amp_enabled":true,"_links":{"self":[{"href":"https:\/\/radiolifefm.com.br\/noticias\/wp-json\/wp\/v2\/posts\/47550","targetHints":{"allow":["GET"]}}],"collection":[{"href":"https:\/\/radiolifefm.com.br\/noticias\/wp-json\/wp\/v2\/posts"}],"about":[{"href":"https:\/\/radiolifefm.com.br\/noticias\/wp-json\/wp\/v2\/types\/post"}],"author":[{"embeddable":true,"href":"https:\/\/radiolifefm.com.br\/noticias\/wp-json\/wp\/v2\/users\/13"}],"replies":[{"embeddable":true,"href":"https:\/\/radiolifefm.com.br\/noticias\/wp-json\/wp\/v2\/comments?post=47550"}],"version-history":[{"count":1,"href":"https:\/\/radiolifefm.com.br\/noticias\/wp-json\/wp\/v2\/posts\/47550\/revisions"}],"predecessor-version":[{"id":47552,"href":"https:\/\/radiolifefm.com.br\/noticias\/wp-json\/wp\/v2\/posts\/47550\/revisions\/47552"}],"wp:featuredmedia":[{"embeddable":true,"href":"https:\/\/radiolifefm.com.br\/noticias\/wp-json\/wp\/v2\/media\/47551"}],"wp:attachment":[{"href":"https:\/\/radiolifefm.com.br\/noticias\/wp-json\/wp\/v2\/media?parent=47550"}],"wp:term":[{"taxonomy":"category","embeddable":true,"href":"https:\/\/radiolifefm.com.br\/noticias\/wp-json\/wp\/v2\/categories?post=47550"},{"taxonomy":"post_tag","embeddable":true,"href":"https:\/\/radiolifefm.com.br\/noticias\/wp-json\/wp\/v2\/tags?post=47550"}],"curies":[{"name":"wp","href":"https:\/\/api.w.org\/{rel}","templated":true}]}}