{"id":47548,"date":"2021-12-27T21:12:50","date_gmt":"2021-12-28T00:12:50","guid":{"rendered":"https:\/\/radiolifefm.com.br\/noticias\/?p=47548"},"modified":"2026-03-30T09:17:24","modified_gmt":"2026-03-30T12:17:24","slug":"prefeitura-de-adamantina-reabre-edital-de-concorrencia-para-producao-de-unidades-habitacionais-por-meio-do-programa-nossa-casa","status":"publish","type":"post","link":"https:\/\/radiolifefm.com.br\/noticias\/prefeitura-de-adamantina-reabre-edital-de-concorrencia-para-producao-de-unidades-habitacionais-por-meio-do-programa-nossa-casa\/","title":{"rendered":"Prefeitura de Adamantina reabre edital de concorr\u00eancia para produ\u00e7\u00e3o de unidades habitacionais por meio do Programa Nossa Casa"},"content":{"rendered":"<div id=\"fb-root\"><\/div>\n<p>A Prefeitura de Adamantina reabre o edital de licita\u00e7\u00e3o na modalidade de concorr\u00eancia do tipo Maior Oferta para parcelamento e produ\u00e7\u00e3o de unidades habitacionais com o objetivo de selecionar loteador-construtor para implantar empreendimento imobili\u00e1rio horizontal no im\u00f3vel localizado \u00e0 Rodovia Vicinal Jos\u00e9 Maria da Silva (ADM-375) \u2013 altura Km 1,95<\/p>\n<p>A sess\u00e3o p\u00fablica ser\u00e1 realizada no dia 26 de janeiro de 2022 \u00e0s 14h30 no Pa\u00e7o Municipal. O edital j\u00e1 est\u00e1 dispon\u00edvel e pode ser consultado no site\u00a0<a href=\"http:\/\/www.adamantina.sp.gov.br\/\" data-saferedirecturl=\"https:\/\/www.google.com\/url?q=http:\/\/www.adamantina.sp.gov.br\/&amp;source=gmail&amp;ust=1640736649988000&amp;usg=AOvVaw3eZRImdFH5fwjxM8-fCReA\">www.adamantina.sp.gov.br<\/a>\u00a0ou na sede do munic\u00edpio, por meio de simples requerimento ou por meio eletr\u00f4nico.<\/p>\n<p>As \u201cunidades sociais\u201d ser\u00e3o oferecidas pelo licitante vencedor em nome do munic\u00edpio por um \u201cpre\u00e7o social\u201d individual de R$ 100.000,00 e dever\u00e3o ter uma \u00e1rea privativa interna de no m\u00ednimo 40 m\u00b2, contemplando, pelo menos, 2 dormit\u00f3rios, sala, banheiro, cozinha e \u00e1rea de servi\u00e7o, al\u00e9m de \u00e1rea interna ao lote para vaga de autom\u00f3vel de passeio.<\/p>\n<p><strong>Como as empresas interessadas podem participar do processo licitat\u00f3rio?<\/strong><\/p>\n<p>Poder\u00e3o participar do certame todas as pessoas jur\u00eddicas cujo ramo de atividade seja compat\u00edvel com o objeto desta licita\u00e7\u00e3o e que preencherem as condi\u00e7\u00f5es e requisitos estabelecidos neste Edital e na legisla\u00e7\u00e3o aplic\u00e1vel. 3.1.1. Cadastro no Programa Nossa Casa.<\/p>\n<p>Os interessados podem providenciar cadastro no s\u00edtio eletr\u00f4nico da Secretaria de Estado da Habita\u00e7\u00e3o, por meio do portal do Programa Nossa Casa (<a href=\"http:\/\/www.nossacasa.sp.gov.br\/\" data-saferedirecturl=\"https:\/\/www.google.com\/url?q=http:\/\/www.nossacasa.sp.gov.br\/&amp;source=gmail&amp;ust=1640736649988000&amp;usg=AOvVaw1Vk4HGlWDiWmdXjszQt90j\">www.nossacasa.sp.gov.br<\/a>) no ambiente \u201cEmpresas\u201d, bem como acessar a documenta\u00e7\u00e3o dispon\u00edvel a respeito do im\u00f3vel, no mesmo s\u00edtio, no ambiente \u201cEmpresas\u201d, pela op\u00e7\u00e3o \u201cVitrine de Im\u00f3veis\u201d, dispon\u00edvel a partir da fase de divulga\u00e7\u00e3o de im\u00f3veis, conforme regulamentado pela Resolu\u00e7\u00e3o da Secretaria de Estado da Habita\u00e7\u00e3o n\u00ba 07, de 30 de julho de 2021 e suas altera\u00e7\u00f5es \u2013 Anexo IX.<\/p>\n<p>Ser\u00e1 admitida a participa\u00e7\u00e3o de empresas em cons\u00f3rcio, nos termos do artigo 33 da Lei Federal n\u00ba 8.666\/1993.\u00a0 No caso de cons\u00f3rcio entre empresas brasileiras e estrangeiras, a lideran\u00e7a caber\u00e1, obrigatoriamente, \u00e0 empresa brasileira, nos termos do artigo 33, \u00a71\u00ba, da Lei Federal n\u00ba8.666\/1993, a qual ficar\u00e1 obrigada a atender \u00e0s condi\u00e7\u00f5es de lideran\u00e7a fixadas no edital.<\/p>\n<p>A apresenta\u00e7\u00e3o dos envelopes dever\u00e1 ser dividida em dois sendo: Envelope n\u00ba1 \u2013 Proposta e Envelope n\u00ba 2 \u2013 Documenta\u00e7\u00e3o de Habilita\u00e7\u00e3o.<\/p>\n<p><strong>D\u00favidas e\/ou mais informa\u00e7\u00f5es<\/strong><\/p>\n<p>Mais informa\u00e7\u00f5es e\/ou d\u00favidas podem ser sanadas diretamente no Departamento de Licita\u00e7\u00e3o que est\u00e1 situado no 3\u00ba andar do Pa\u00e7o Municipal ou pelo telefone 3502-9010.<\/p>\n<p>Fonte: Assessoria de Imprensa<\/p>\n","protected":false},"excerpt":{"rendered":"<p>A Prefeitura de Adamantina reabre o edital de licita\u00e7\u00e3o na modalidade de concorr\u00eancia do tipo Maior Oferta para parcelamento e produ\u00e7\u00e3o de unidades habitacionais com o objetivo de selecionar loteador-construtor para implantar empreendimento imobili\u00e1rio horizontal no im\u00f3vel localizado \u00e0 Rodovia Vicinal Jos\u00e9 Maria da Silva (ADM-375) \u2013 altura Km 1,95 A sess\u00e3o p\u00fablica ser\u00e1 realizada [&hellip;]<\/p>\n","protected":false},"author":13,"featured_media":37049,"comment_status":"closed","ping_status":"open","sticky":false,"template":"","format":"standard","meta":{"_acf_changed":false,"_exactmetrics_skip_tracking":false,"_exactmetrics_sitenote_active":false,"_exactmetrics_sitenote_note":"","_exactmetrics_sitenote_category":0,"footnotes":""},"categories":[21],"tags":[],"class_list":["post-47548","post","type-post","status-publish","format-standard","has-post-thumbnail","hentry","category-adamantina"],"acf":[],"yoast_head":"<!-- This site is optimized with the Yoast SEO plugin v27.2 - https:\/\/yoast.com\/product\/yoast-seo-wordpress\/ -->\n<title>Prefeitura de Adamantina reabre edital de concorr\u00eancia para produ\u00e7\u00e3o de unidades habitacionais por meio do Programa Nossa Casa - R\u00e1dio Life FM<\/title>\n<meta name=\"robots\" content=\"index, follow, max-snippet:-1, max-image-preview:large, max-video-preview:-1\" \/>\n<link rel=\"canonical\" href=\"https:\/\/radiolifefm.com.br\/noticias\/prefeitura-de-adamantina-reabre-edital-de-concorrencia-para-producao-de-unidades-habitacionais-por-meio-do-programa-nossa-casa\/\" \/>\n<meta property=\"og:locale\" content=\"pt_BR\" \/>\n<meta property=\"og:type\" content=\"article\" \/>\n<meta property=\"og:title\" content=\"Prefeitura de Adamantina reabre edital de concorr\u00eancia para produ\u00e7\u00e3o de unidades habitacionais por meio do Programa Nossa Casa - R\u00e1dio Life FM\" \/>\n<meta property=\"og:description\" content=\"A Prefeitura de Adamantina reabre o edital de licita\u00e7\u00e3o na modalidade de concorr\u00eancia do tipo Maior Oferta para parcelamento e produ\u00e7\u00e3o de unidades habitacionais com o objetivo de selecionar loteador-construtor para implantar empreendimento imobili\u00e1rio horizontal no im\u00f3vel localizado \u00e0 Rodovia Vicinal Jos\u00e9 Maria da Silva (ADM-375) \u2013 altura Km 1,95 A sess\u00e3o p\u00fablica ser\u00e1 realizada [&hellip;]\" \/>\n<meta property=\"og:url\" content=\"https:\/\/radiolifefm.com.br\/noticias\/prefeitura-de-adamantina-reabre-edital-de-concorrencia-para-producao-de-unidades-habitacionais-por-meio-do-programa-nossa-casa\/\" \/>\n<meta property=\"og:site_name\" content=\"R\u00e1dio Life FM\" \/>\n<meta property=\"article:publisher\" content=\"https:\/\/www.facebook.com\/radiolifefm\/\" \/>\n<meta property=\"article:published_time\" content=\"2021-12-28T00:12:50+00:00\" \/>\n<meta property=\"article:modified_time\" content=\"2026-03-30T12:17:24+00:00\" \/>\n<meta property=\"og:image\" content=\"https:\/\/radiolifefm.com.br\/noticias\/wp-content\/uploads\/2021\/03\/pna-lupapng161694042360608d8786c6b.jpg\" \/>\n\t<meta property=\"og:image:width\" content=\"540\" \/>\n\t<meta property=\"og:image:height\" content=\"300\" \/>\n\t<meta property=\"og:image:type\" content=\"image\/jpeg\" \/>\n<meta name=\"author\" content=\"ritanery\" \/>\n<meta name=\"twitter:card\" content=\"summary_large_image\" \/>\n<meta name=\"twitter:label1\" content=\"Escrito por\" \/>\n\t<meta name=\"twitter:data1\" content=\"ritanery\" \/>\n\t<meta name=\"twitter:label2\" content=\"Est. tempo de leitura\" \/>\n\t<meta name=\"twitter:data2\" content=\"2 minutos\" \/>\n<script type=\"application\/ld+json\" class=\"yoast-schema-graph\">{\"@context\":\"https:\/\/schema.org\",\"@graph\":[{\"@type\":\"Article\",\"@id\":\"https:\/\/radiolifefm.com.br\/noticias\/prefeitura-de-adamantina-reabre-edital-de-concorrencia-para-producao-de-unidades-habitacionais-por-meio-do-programa-nossa-casa\/#article\",\"isPartOf\":{\"@id\":\"https:\/\/radiolifefm.com.br\/noticias\/prefeitura-de-adamantina-reabre-edital-de-concorrencia-para-producao-de-unidades-habitacionais-por-meio-do-programa-nossa-casa\/\"},\"author\":{\"name\":\"ritanery\",\"@id\":\"https:\/\/radiolifefm.com.br\/noticias\/#\/schema\/person\/6339b9fac59d12b071dec680d7375d87\"},\"headline\":\"Prefeitura de Adamantina reabre edital de concorr\u00eancia para produ\u00e7\u00e3o de unidades habitacionais por meio do Programa Nossa Casa\",\"datePublished\":\"2021-12-28T00:12:50+00:00\",\"dateModified\":\"2026-03-30T12:17:24+00:00\",\"mainEntityOfPage\":{\"@id\":\"https:\/\/radiolifefm.com.br\/noticias\/prefeitura-de-adamantina-reabre-edital-de-concorrencia-para-producao-de-unidades-habitacionais-por-meio-do-programa-nossa-casa\/\"},\"wordCount\":455,\"publisher\":{\"@id\":\"https:\/\/radiolifefm.com.br\/noticias\/#organization\"},\"image\":{\"@id\":\"https:\/\/radiolifefm.com.br\/noticias\/prefeitura-de-adamantina-reabre-edital-de-concorrencia-para-producao-de-unidades-habitacionais-por-meio-do-programa-nossa-casa\/#primaryimage\"},\"thumbnailUrl\":\"https:\/\/radiolifefm.com.br\/noticias\/wp-content\/uploads\/2021\/03\/pna-lupapng161694042360608d8786c6b.jpg\",\"articleSection\":[\"Adamantina\"],\"inLanguage\":\"pt-BR\"},{\"@type\":\"WebPage\",\"@id\":\"https:\/\/radiolifefm.com.br\/noticias\/prefeitura-de-adamantina-reabre-edital-de-concorrencia-para-producao-de-unidades-habitacionais-por-meio-do-programa-nossa-casa\/\",\"url\":\"https:\/\/radiolifefm.com.br\/noticias\/prefeitura-de-adamantina-reabre-edital-de-concorrencia-para-producao-de-unidades-habitacionais-por-meio-do-programa-nossa-casa\/\",\"name\":\"Prefeitura de Adamantina reabre edital de concorr\u00eancia para produ\u00e7\u00e3o de unidades habitacionais por meio do Programa Nossa Casa - R\u00e1dio Life FM\",\"isPartOf\":{\"@id\":\"https:\/\/radiolifefm.com.br\/noticias\/#website\"},\"primaryImageOfPage\":{\"@id\":\"https:\/\/radiolifefm.com.br\/noticias\/prefeitura-de-adamantina-reabre-edital-de-concorrencia-para-producao-de-unidades-habitacionais-por-meio-do-programa-nossa-casa\/#primaryimage\"},\"image\":{\"@id\":\"https:\/\/radiolifefm.com.br\/noticias\/prefeitura-de-adamantina-reabre-edital-de-concorrencia-para-producao-de-unidades-habitacionais-por-meio-do-programa-nossa-casa\/#primaryimage\"},\"thumbnailUrl\":\"https:\/\/radiolifefm.com.br\/noticias\/wp-content\/uploads\/2021\/03\/pna-lupapng161694042360608d8786c6b.jpg\",\"datePublished\":\"2021-12-28T00:12:50+00:00\",\"dateModified\":\"2026-03-30T12:17:24+00:00\",\"breadcrumb\":{\"@id\":\"https:\/\/radiolifefm.com.br\/noticias\/prefeitura-de-adamantina-reabre-edital-de-concorrencia-para-producao-de-unidades-habitacionais-por-meio-do-programa-nossa-casa\/#breadcrumb\"},\"inLanguage\":\"pt-BR\",\"potentialAction\":[{\"@type\":\"ReadAction\",\"target\":[\"https:\/\/radiolifefm.com.br\/noticias\/prefeitura-de-adamantina-reabre-edital-de-concorrencia-para-producao-de-unidades-habitacionais-por-meio-do-programa-nossa-casa\/\"]}]},{\"@type\":\"ImageObject\",\"inLanguage\":\"pt-BR\",\"@id\":\"https:\/\/radiolifefm.com.br\/noticias\/prefeitura-de-adamantina-reabre-edital-de-concorrencia-para-producao-de-unidades-habitacionais-por-meio-do-programa-nossa-casa\/#primaryimage\",\"url\":\"https:\/\/radiolifefm.com.br\/noticias\/wp-content\/uploads\/2021\/03\/pna-lupapng161694042360608d8786c6b.jpg\",\"contentUrl\":\"https:\/\/radiolifefm.com.br\/noticias\/wp-content\/uploads\/2021\/03\/pna-lupapng161694042360608d8786c6b.jpg\",\"width\":540,\"height\":300,\"caption\":\"Coleta de lixo funcionar\u00e1 normalmente na segunda-feira (20) e na ter\u00e7a-feira (21)\"},{\"@type\":\"BreadcrumbList\",\"@id\":\"https:\/\/radiolifefm.com.br\/noticias\/prefeitura-de-adamantina-reabre-edital-de-concorrencia-para-producao-de-unidades-habitacionais-por-meio-do-programa-nossa-casa\/#breadcrumb\",\"itemListElement\":[{\"@type\":\"ListItem\",\"position\":1,\"name\":\"In\u00edcio\",\"item\":\"https:\/\/radiolifefm.com.br\/noticias\/\"},{\"@type\":\"ListItem\",\"position\":2,\"name\":\"Prefeitura de Adamantina reabre edital de concorr\u00eancia para produ\u00e7\u00e3o de unidades habitacionais por meio do Programa Nossa Casa\"}]},{\"@type\":\"WebSite\",\"@id\":\"https:\/\/radiolifefm.com.br\/noticias\/#website\",\"url\":\"https:\/\/radiolifefm.com.br\/noticias\/\",\"name\":\"R\u00e1dio Life FM\",\"description\":\"O Portal de Not\u00edcias de Adamantina\",\"publisher\":{\"@id\":\"https:\/\/radiolifefm.com.br\/noticias\/#organization\"},\"alternateName\":\"Life FM\",\"potentialAction\":[{\"@type\":\"SearchAction\",\"target\":{\"@type\":\"EntryPoint\",\"urlTemplate\":\"https:\/\/radiolifefm.com.br\/noticias\/?s={search_term_string}\"},\"query-input\":{\"@type\":\"PropertyValueSpecification\",\"valueRequired\":true,\"valueName\":\"search_term_string\"}}],\"inLanguage\":\"pt-BR\"},{\"@type\":\"Organization\",\"@id\":\"https:\/\/radiolifefm.com.br\/noticias\/#organization\",\"name\":\"R\u00e1dio Life FM\",\"alternateName\":\"Life FM\",\"url\":\"https:\/\/radiolifefm.com.br\/noticias\/\",\"logo\":{\"@type\":\"ImageObject\",\"inLanguage\":\"pt-BR\",\"@id\":\"https:\/\/radiolifefm.com.br\/noticias\/#\/schema\/logo\/image\/\",\"url\":\"https:\/\/static.radiolifefm.com.br\/noticias\/wp-content\/uploads\/2019\/10\/logo-lifefm.png\",\"contentUrl\":\"https:\/\/static.radiolifefm.com.br\/noticias\/wp-content\/uploads\/2019\/10\/logo-lifefm.png\",\"width\":196,\"height\":47,\"caption\":\"R\u00e1dio Life FM\"},\"image\":{\"@id\":\"https:\/\/radiolifefm.com.br\/noticias\/#\/schema\/logo\/image\/\"},\"sameAs\":[\"https:\/\/www.facebook.com\/radiolifefm\/\",\"https:\/\/www.instagram.com\/life1079fm\/\"]},{\"@type\":\"Person\",\"@id\":\"https:\/\/radiolifefm.com.br\/noticias\/#\/schema\/person\/6339b9fac59d12b071dec680d7375d87\",\"name\":\"ritanery\",\"image\":{\"@type\":\"ImageObject\",\"inLanguage\":\"pt-BR\",\"@id\":\"https:\/\/secure.gravatar.com\/avatar\/0e37bb19071f47c0b8a23f62a903df117c5a0e75f65a0c2901562f97cd41cf86?s=96&d=mm&r=g\",\"url\":\"https:\/\/secure.gravatar.com\/avatar\/0e37bb19071f47c0b8a23f62a903df117c5a0e75f65a0c2901562f97cd41cf86?s=96&d=mm&r=g\",\"contentUrl\":\"https:\/\/secure.gravatar.com\/avatar\/0e37bb19071f47c0b8a23f62a903df117c5a0e75f65a0c2901562f97cd41cf86?s=96&d=mm&r=g\",\"caption\":\"ritanery\"}}]}<\/script>\n<!-- \/ Yoast SEO plugin. -->","yoast_head_json":{"title":"Prefeitura de Adamantina reabre edital de concorr\u00eancia para produ\u00e7\u00e3o de unidades habitacionais por meio do Programa Nossa Casa - R\u00e1dio Life FM","robots":{"index":"index","follow":"follow","max-snippet":"max-snippet:-1","max-image-preview":"max-image-preview:large","max-video-preview":"max-video-preview:-1"},"canonical":"https:\/\/radiolifefm.com.br\/noticias\/prefeitura-de-adamantina-reabre-edital-de-concorrencia-para-producao-de-unidades-habitacionais-por-meio-do-programa-nossa-casa\/","og_locale":"pt_BR","og_type":"article","og_title":"Prefeitura de Adamantina reabre edital de concorr\u00eancia para produ\u00e7\u00e3o de unidades habitacionais por meio do Programa Nossa Casa - R\u00e1dio Life FM","og_description":"A Prefeitura de Adamantina reabre o edital de licita\u00e7\u00e3o na modalidade de concorr\u00eancia do tipo Maior Oferta para parcelamento e produ\u00e7\u00e3o de unidades habitacionais com o objetivo de selecionar loteador-construtor para implantar empreendimento imobili\u00e1rio horizontal no im\u00f3vel localizado \u00e0 Rodovia Vicinal Jos\u00e9 Maria da Silva (ADM-375) \u2013 altura Km 1,95 A sess\u00e3o p\u00fablica ser\u00e1 realizada [&hellip;]","og_url":"https:\/\/radiolifefm.com.br\/noticias\/prefeitura-de-adamantina-reabre-edital-de-concorrencia-para-producao-de-unidades-habitacionais-por-meio-do-programa-nossa-casa\/","og_site_name":"R\u00e1dio Life FM","article_publisher":"https:\/\/www.facebook.com\/radiolifefm\/","article_published_time":"2021-12-28T00:12:50+00:00","article_modified_time":"2026-03-30T12:17:24+00:00","og_image":[{"width":540,"height":300,"url":"https:\/\/radiolifefm.com.br\/noticias\/wp-content\/uploads\/2021\/03\/pna-lupapng161694042360608d8786c6b.jpg","type":"image\/jpeg"}],"author":"ritanery","twitter_card":"summary_large_image","twitter_misc":{"Escrito por":"ritanery","Est. tempo de leitura":"2 minutos"},"schema":{"@context":"https:\/\/schema.org","@graph":[{"@type":"Article","@id":"https:\/\/radiolifefm.com.br\/noticias\/prefeitura-de-adamantina-reabre-edital-de-concorrencia-para-producao-de-unidades-habitacionais-por-meio-do-programa-nossa-casa\/#article","isPartOf":{"@id":"https:\/\/radiolifefm.com.br\/noticias\/prefeitura-de-adamantina-reabre-edital-de-concorrencia-para-producao-de-unidades-habitacionais-por-meio-do-programa-nossa-casa\/"},"author":{"name":"ritanery","@id":"https:\/\/radiolifefm.com.br\/noticias\/#\/schema\/person\/6339b9fac59d12b071dec680d7375d87"},"headline":"Prefeitura de Adamantina reabre edital de concorr\u00eancia para produ\u00e7\u00e3o de unidades habitacionais por meio do Programa Nossa Casa","datePublished":"2021-12-28T00:12:50+00:00","dateModified":"2026-03-30T12:17:24+00:00","mainEntityOfPage":{"@id":"https:\/\/radiolifefm.com.br\/noticias\/prefeitura-de-adamantina-reabre-edital-de-concorrencia-para-producao-de-unidades-habitacionais-por-meio-do-programa-nossa-casa\/"},"wordCount":455,"publisher":{"@id":"https:\/\/radiolifefm.com.br\/noticias\/#organization"},"image":{"@id":"https:\/\/radiolifefm.com.br\/noticias\/prefeitura-de-adamantina-reabre-edital-de-concorrencia-para-producao-de-unidades-habitacionais-por-meio-do-programa-nossa-casa\/#primaryimage"},"thumbnailUrl":"https:\/\/radiolifefm.com.br\/noticias\/wp-content\/uploads\/2021\/03\/pna-lupapng161694042360608d8786c6b.jpg","articleSection":["Adamantina"],"inLanguage":"pt-BR"},{"@type":"WebPage","@id":"https:\/\/radiolifefm.com.br\/noticias\/prefeitura-de-adamantina-reabre-edital-de-concorrencia-para-producao-de-unidades-habitacionais-por-meio-do-programa-nossa-casa\/","url":"https:\/\/radiolifefm.com.br\/noticias\/prefeitura-de-adamantina-reabre-edital-de-concorrencia-para-producao-de-unidades-habitacionais-por-meio-do-programa-nossa-casa\/","name":"Prefeitura de Adamantina reabre edital de concorr\u00eancia para produ\u00e7\u00e3o de unidades habitacionais por meio do Programa Nossa Casa - R\u00e1dio Life FM","isPartOf":{"@id":"https:\/\/radiolifefm.com.br\/noticias\/#website"},"primaryImageOfPage":{"@id":"https:\/\/radiolifefm.com.br\/noticias\/prefeitura-de-adamantina-reabre-edital-de-concorrencia-para-producao-de-unidades-habitacionais-por-meio-do-programa-nossa-casa\/#primaryimage"},"image":{"@id":"https:\/\/radiolifefm.com.br\/noticias\/prefeitura-de-adamantina-reabre-edital-de-concorrencia-para-producao-de-unidades-habitacionais-por-meio-do-programa-nossa-casa\/#primaryimage"},"thumbnailUrl":"https:\/\/radiolifefm.com.br\/noticias\/wp-content\/uploads\/2021\/03\/pna-lupapng161694042360608d8786c6b.jpg","datePublished":"2021-12-28T00:12:50+00:00","dateModified":"2026-03-30T12:17:24+00:00","breadcrumb":{"@id":"https:\/\/radiolifefm.com.br\/noticias\/prefeitura-de-adamantina-reabre-edital-de-concorrencia-para-producao-de-unidades-habitacionais-por-meio-do-programa-nossa-casa\/#breadcrumb"},"inLanguage":"pt-BR","potentialAction":[{"@type":"ReadAction","target":["https:\/\/radiolifefm.com.br\/noticias\/prefeitura-de-adamantina-reabre-edital-de-concorrencia-para-producao-de-unidades-habitacionais-por-meio-do-programa-nossa-casa\/"]}]},{"@type":"ImageObject","inLanguage":"pt-BR","@id":"https:\/\/radiolifefm.com.br\/noticias\/prefeitura-de-adamantina-reabre-edital-de-concorrencia-para-producao-de-unidades-habitacionais-por-meio-do-programa-nossa-casa\/#primaryimage","url":"https:\/\/radiolifefm.com.br\/noticias\/wp-content\/uploads\/2021\/03\/pna-lupapng161694042360608d8786c6b.jpg","contentUrl":"https:\/\/radiolifefm.com.br\/noticias\/wp-content\/uploads\/2021\/03\/pna-lupapng161694042360608d8786c6b.jpg","width":540,"height":300,"caption":"Coleta de lixo funcionar\u00e1 normalmente na segunda-feira (20) e na ter\u00e7a-feira (21)"},{"@type":"BreadcrumbList","@id":"https:\/\/radiolifefm.com.br\/noticias\/prefeitura-de-adamantina-reabre-edital-de-concorrencia-para-producao-de-unidades-habitacionais-por-meio-do-programa-nossa-casa\/#breadcrumb","itemListElement":[{"@type":"ListItem","position":1,"name":"In\u00edcio","item":"https:\/\/radiolifefm.com.br\/noticias\/"},{"@type":"ListItem","position":2,"name":"Prefeitura de Adamantina reabre edital de concorr\u00eancia para produ\u00e7\u00e3o de unidades habitacionais por meio do Programa Nossa Casa"}]},{"@type":"WebSite","@id":"https:\/\/radiolifefm.com.br\/noticias\/#website","url":"https:\/\/radiolifefm.com.br\/noticias\/","name":"R\u00e1dio Life FM","description":"O Portal de Not\u00edcias de Adamantina","publisher":{"@id":"https:\/\/radiolifefm.com.br\/noticias\/#organization"},"alternateName":"Life FM","potentialAction":[{"@type":"SearchAction","target":{"@type":"EntryPoint","urlTemplate":"https:\/\/radiolifefm.com.br\/noticias\/?s={search_term_string}"},"query-input":{"@type":"PropertyValueSpecification","valueRequired":true,"valueName":"search_term_string"}}],"inLanguage":"pt-BR"},{"@type":"Organization","@id":"https:\/\/radiolifefm.com.br\/noticias\/#organization","name":"R\u00e1dio Life FM","alternateName":"Life FM","url":"https:\/\/radiolifefm.com.br\/noticias\/","logo":{"@type":"ImageObject","inLanguage":"pt-BR","@id":"https:\/\/radiolifefm.com.br\/noticias\/#\/schema\/logo\/image\/","url":"https:\/\/static.radiolifefm.com.br\/noticias\/wp-content\/uploads\/2019\/10\/logo-lifefm.png","contentUrl":"https:\/\/static.radiolifefm.com.br\/noticias\/wp-content\/uploads\/2019\/10\/logo-lifefm.png","width":196,"height":47,"caption":"R\u00e1dio Life FM"},"image":{"@id":"https:\/\/radiolifefm.com.br\/noticias\/#\/schema\/logo\/image\/"},"sameAs":["https:\/\/www.facebook.com\/radiolifefm\/","https:\/\/www.instagram.com\/life1079fm\/"]},{"@type":"Person","@id":"https:\/\/radiolifefm.com.br\/noticias\/#\/schema\/person\/6339b9fac59d12b071dec680d7375d87","name":"ritanery","image":{"@type":"ImageObject","inLanguage":"pt-BR","@id":"https:\/\/secure.gravatar.com\/avatar\/0e37bb19071f47c0b8a23f62a903df117c5a0e75f65a0c2901562f97cd41cf86?s=96&d=mm&r=g","url":"https:\/\/secure.gravatar.com\/avatar\/0e37bb19071f47c0b8a23f62a903df117c5a0e75f65a0c2901562f97cd41cf86?s=96&d=mm&r=g","contentUrl":"https:\/\/secure.gravatar.com\/avatar\/0e37bb19071f47c0b8a23f62a903df117c5a0e75f65a0c2901562f97cd41cf86?s=96&d=mm&r=g","caption":"ritanery"}}]}},"amp_enabled":true,"_links":{"self":[{"href":"https:\/\/radiolifefm.com.br\/noticias\/wp-json\/wp\/v2\/posts\/47548","targetHints":{"allow":["GET"]}}],"collection":[{"href":"https:\/\/radiolifefm.com.br\/noticias\/wp-json\/wp\/v2\/posts"}],"about":[{"href":"https:\/\/radiolifefm.com.br\/noticias\/wp-json\/wp\/v2\/types\/post"}],"author":[{"embeddable":true,"href":"https:\/\/radiolifefm.com.br\/noticias\/wp-json\/wp\/v2\/users\/13"}],"replies":[{"embeddable":true,"href":"https:\/\/radiolifefm.com.br\/noticias\/wp-json\/wp\/v2\/comments?post=47548"}],"version-history":[{"count":1,"href":"https:\/\/radiolifefm.com.br\/noticias\/wp-json\/wp\/v2\/posts\/47548\/revisions"}],"predecessor-version":[{"id":47549,"href":"https:\/\/radiolifefm.com.br\/noticias\/wp-json\/wp\/v2\/posts\/47548\/revisions\/47549"}],"wp:featuredmedia":[{"embeddable":true,"href":"https:\/\/radiolifefm.com.br\/noticias\/wp-json\/wp\/v2\/media\/37049"}],"wp:attachment":[{"href":"https:\/\/radiolifefm.com.br\/noticias\/wp-json\/wp\/v2\/media?parent=47548"}],"wp:term":[{"taxonomy":"category","embeddable":true,"href":"https:\/\/radiolifefm.com.br\/noticias\/wp-json\/wp\/v2\/categories?post=47548"},{"taxonomy":"post_tag","embeddable":true,"href":"https:\/\/radiolifefm.com.br\/noticias\/wp-json\/wp\/v2\/tags?post=47548"}],"curies":[{"name":"wp","href":"https:\/\/api.w.org\/{rel}","templated":true}]}}