{"id":47528,"date":"2021-12-27T13:34:07","date_gmt":"2021-12-27T16:34:07","guid":{"rendered":"https:\/\/radiolifefm.com.br\/noticias\/?p=47528"},"modified":"2025-09-28T06:15:39","modified_gmt":"2025-09-28T09:15:39","slug":"apos-pedido-de-urgencia-camara-vota-criacao-de-nova-secretaria-e-projeto-que-afeta-o-magisterio","status":"publish","type":"post","link":"https:\/\/radiolifefm.com.br\/noticias\/apos-pedido-de-urgencia-camara-vota-criacao-de-nova-secretaria-e-projeto-que-afeta-o-magisterio\/","title":{"rendered":"Ap\u00f3s pedido de urg\u00eancia, C\u00e2mara vota cria\u00e7\u00e3o de nova secretaria e projeto que afeta o magist\u00e9rio"},"content":{"rendered":"<div id=\"fb-root\"><\/div>\n<p style=\"font-weight: 400\">A C\u00e2mara Municipal de Adamantina realizada nesta ter\u00e7a-feira (28), \u00e0s 10h, sess\u00e3o extraordin\u00e1ria com seis projetos de lei na ordem do dia, para vota\u00e7\u00e3o.<\/p>\n<p style=\"font-weight: 400\">Conforme a Circular 054\/2021, dois projetos na pauta s\u00e3o bastante pol\u00eamicos: o\u00a0<a href=\"https:\/\/sapl.adamantina.sp.leg.br\/media\/sapl\/public\/materialegislativa\/2021\/13180\/plc_013_-_msg_079_-_reorganiza_o_plano_de_carreira_do_magisterio.pdf\"><b><strong>Projeto de Lei Complementar (PLC) N\u00ba 13\/2021<\/strong><\/b><\/a>, de autoria do prefeito M\u00e1rcio Cardim, que \u201cReorganiza o Plano de Carreira e Remunera\u00e7\u00e3o do Magist\u00e9rio P\u00fablico Municipal de Adamantina e d\u00e1 provid\u00eancias correlatas\u201d, e o\u00a0<a href=\"https:\/\/sapl.adamantina.sp.leg.br\/media\/sapl\/public\/materialegislativa\/2021\/13425\/plc_023_-_msg_103_-_cria_a_secretaria_municipal_de_desenvolvimento_economico.pdf\"><b><strong>PLC N\u00ba 23, de 13 de dezembro de 2021<\/strong><\/b><\/a>, de autoria do prefeito municipal, que prop\u00f5e a cria\u00e7\u00e3o da nova Secretaria Municipal de Desenvolvimento Econ\u00f4mica. O PLC N\u00ba 23 substitui o texto do (PLC) N\u00ba 12, de 4 de outubro, que foi retirado pelo prefeito e reapresentado neste m\u00eas, com readequa\u00e7\u00f5es.<\/p>\n<p style=\"font-weight: 400\"><b><strong>Projeto impacta o magist\u00e9rio<\/strong><\/b><\/p>\n<p style=\"font-weight: 400\">Sobre o PLC N\u00ba 13\/2021, que impacta no plano de carreira do magist\u00e9rio, a proposta legislativa retiraria conquistas de anos, da categoria, al\u00e9m de n\u00e3o criar mecanismos de valoriza\u00e7\u00e3o aos educadores municipais, que atuam em creches, pr\u00e9-escolas, escolas de ensino fundamental. Vestindo preto, os educadores se reuniram com vereadores na manh\u00e3 desta segunda-feira (27) e pedem que projeto de lei seja rejeitado. Participaram do encontro oito dos nove vereadores, e ainda o presidente do Sindicado dos Servidores P\u00fablicos Municipais de Adamantina, Nivaldo Martins do Nascimento, e o advogado que representa o grupo de professores, Luiz Ant\u00f4nio Mota.<\/p>\n<p style=\"font-weight: 400\">Conforme a Circular da C\u00e2mara Municipal, o PLC N\u00ba 13\/2021 recebeu emendas, pelos vereadores.<\/p>\n<p style=\"font-weight: 400\"><b><strong>Cria\u00e7\u00e3o de nova secretaria: urg\u00eancia urgent\u00edssima<\/strong><\/b><\/p>\n<p style=\"font-weight: 400\">Se aprovado o PLC N\u00ba 23, a estrutura do primeiro escal\u00e3o da Prefeitura de Adamantina sobe de 13 para 14 secretarias. Em janeiro de 2017, quando o prefeito M\u00e1rcio Cardim iniciou sua gest\u00e3o, eram 12 secretarias. A 13\u00aa, Secretaria Municipal de Fiscaliza\u00e7\u00e3o e Arrecada\u00e7\u00e3o Tribut\u00e1ria, foi criada pela\u00a0<a href=\"https:\/\/www.adamantina.sp.gov.br\/?pag=T0dRPU9EZz1PR009T1RnPQ==&amp;id=1674&amp;idtipolei=2#\"><b><strong>Lei Complementar N\u00ba 323, de 12 de dezembro De 2018<\/strong><\/b><\/a>. A agora prop\u00f5e a nova Secretaria Municipal de Desenvolvimento Econ\u00f4mico.<\/p>\n<p style=\"font-weight: 400\">O PLC \u00e9 acompanhado de mensagem com as justificativas do prefeito, para a proposta. \u201cJ\u00e1 faz tempo se faz sentir a necessidade de cria\u00e7\u00e3o de uma pasta espec\u00edfica para promo\u00e7\u00e3o do desenvolvimento econ\u00f4mico local. \u00c9 sabido que o munic\u00edpio j\u00e1 atingiu um patamar razo\u00e1vel em rela\u00e7\u00e3o ao desenvolvimento socioecon\u00f4mico, haja visto os resultados das an\u00e1lises anuais realizadas pelo Tribunal de Contas do Estado de S\u00e3o Paulo em um comparativo com outros munic\u00edpios de mesmo porte\u201d, diz o texto. \u201cDemais disso, \u00e9 sabido que o or\u00e7amento municipal cresceu significativamente nos \u00faltimos 15 anos, de sorte que a gest\u00e3o p\u00fablica pode ser incrementada. N\u00e3o obstante, \u00e9 fato que em raz\u00e3o da sobrecarga de servi\u00e7o e o elevado n\u00famero de demandas, as Secretarias de Planejamento e Desenvolvimento bem como Administra\u00e7\u00e3o n\u00e3o t\u00eam estrutura para estimular mais intensamente o desenvolvimento econ\u00f4mico\u201d, continua o chefe do poder executivo.<\/p>\n<p style=\"font-weight: 400\">Ao final do texto, o prefeito reitera a defesa e justificativas para a proposta. \u201cA par disto, \u00e9 relevante salientar que muito j\u00e1 foi feito, mas, efetivamente, uma pasta espec\u00edfica que possa englobar alguns dos departamentos destas secretarias ter\u00e1 condi\u00e7\u00f5es de dedicar aten\u00e7\u00e3o exclusiva ao fomento do desenvolvimento econ\u00f4mico, propiciando maior efetividade as metas or\u00e7ament\u00e1rias com incremento de receita para o munic\u00edpio, gera\u00e7\u00e3o de empregos, capta\u00e7\u00e3o de novos recursos, atraindo mais empresas, industrias e servi\u00e7os\u201d.<\/p>\n<p style=\"font-weight: 400\">Por fim, encerrando a mensagem, Cardim pede urg\u00eancia-urgent\u00edssima na aprova\u00e7\u00e3o da proposta. \u201cIsto posto, considerando a urgente necessidade de incrementar o desenvolvimento econ\u00f4mico e o fomento de novos empregos, requer-se a aprova\u00e7\u00e3o em regime de urg\u00eancia urgent\u00edssima&#8221;.<\/p>\n<p style=\"font-weight: 400\">Interessado na aprova\u00e7\u00e3o,\u00a0<a href=\"https:\/\/www.sigamais.com\/noticias\/cidades\/prefeito-chama-vereadores-e-busca-aprovacao-de-projeto-que-cria-nova-secretaria-municipal\/\"><b><strong>o prefeito chamou os vereadores para uma reuni\u00e3o sobre o tema<\/strong><\/b><\/a>, no dia 10 de dezembro, em seu gabinete. Depois desse encontro o PLC foi retirado e reapresentado, recebendo nova numera\u00e7\u00e3o.<\/p>\n<p style=\"font-weight: 400\">Se aprovado, a nova Secretaria ser\u00e1 instalada a partir de janeiro do ano que vem, previs\u00e3o de in\u00edcio da vig\u00eancia da nova lei.<\/p>\n<p style=\"font-weight: 400\"><b><strong>Secret\u00e1rio \u00e9 de livre nomea\u00e7\u00e3o, com remunera\u00e7\u00e3o de R$ 6,2 mil<\/strong><\/b><\/p>\n<p style=\"font-weight: 400\">Os secret\u00e1rios municipais s\u00e3o de livre nomea\u00e7\u00e3o do prefeito, e de assessoramento direito ao chefe do poder executivo, condi\u00e7\u00e3o comum a essa estrutura. Em Adamantina, a remunera\u00e7\u00e3o bruta (subsidio) mensal do secret\u00e1rio municipal \u00e9 de R$ 6.200,00.<\/p>\n<p style=\"font-weight: 400\">Os dois projetos, que envolvem o magist\u00e9rio municipal e a cria\u00e7\u00e3o da nova secretaria, exigem duas vota\u00e7\u00f5es (primeira e segunda discuss\u00e3o). Se for aprovado nesta ter\u00e7a-feira, a C\u00e2mara Municipal dever\u00e1 ter nova sess\u00e3o extraordin\u00e1ria nestes \u00faltimos dias de 2021.<\/p>\n<p style=\"font-weight: 400\"><b><strong>Pauta completa da sess\u00e3o extraordin\u00e1ria<\/strong><\/b><\/p>\n<p style=\"font-weight: 400\">Conforme a Circular n\u00ba 054\/21, s\u00e3o seus os projetos que ser\u00e3o votados nesta ter\u00e7a-feira. A sess\u00e3o ocorre no audit\u00f3rio do campus II da UniFAI em raz\u00e3o de reparos no plen\u00e1rio da C\u00e2mara Municipal, com transmiss\u00e3o ao vivo pela fanpage do poder legislativo. Veja a rela\u00e7\u00e3o divulgada pela C\u00e2mara Municipal de Adamantina:<\/p>\n<p style=\"font-weight: 400\"><b><strong>Em Discuss\u00e3o \u00danica<\/strong><\/b><\/p>\n<ul style=\"font-weight: 400\">\n<li>Projeto de Lei n\u00ba 091\/2021 \u2013 PM \u2013 que \u201cCria o Conselho Municipal do Trabalho, Emprego e Renda e o Fundo Municipal do Trabalho, Emprego e Renda do Munic\u00edpio de Adamantina e d\u00e1 outras provid\u00eancias\u201d.<\/li>\n<li>Projeto de Lei n\u00ba 092\/2021 \u2013 PM \u2013 que \u201cDeclara de utilidade p\u00fablica a Santa Casa de Miseric\u00f3rdia de Adamantina na Provid\u00eancia de Deus \u2013 gerida pela da Associa\u00e7\u00e3o Lar S\u00e3o Francisco de Assis na Provid\u00eancia de Deus\u201d.<\/li>\n<\/ul>\n<p style=\"font-weight: 400\"><b><strong>Em Segunda Discuss\u00e3o e Reda\u00e7\u00e3o Final<\/strong><\/b><\/p>\n<ul style=\"font-weight: 400\">\n<li>Projeto de Lei n\u00ba 088\/2021 \u2013 Vereador Paulo C\u00e9sar Cervelheira de Oliveira e H\u00e9lio Jos\u00e9 dos Santos \u2013 que \u201cInstitui a Semana Municipal da Consci\u00eancia Negra e de A\u00e7\u00e3o Antirracista no Munic\u00edpio de Adamantina e d\u00e1 outras provid\u00eancias\u201d.<\/li>\n<li>Projeto de Lei Complementar n\u00ba 022\/2021 \u2013 PM \u2013 que \u201cDisp\u00f5e sobre altera\u00e7\u00e3o II do \u00a7 2o do artigo 93 e do Anexo I, da Lei 2.328 de 28 de dezembro de 1990\u201d. (C\u00f3digo Tribut\u00e1rio)<\/li>\n<\/ul>\n<p style=\"font-weight: 400\"><b><strong>Em Primeira Discuss\u00e3o<\/strong><\/b><\/p>\n<ul style=\"font-weight: 400\">\n<li>Projeto de Lei Complementar n\u00ba 013\/21 \u2013 PM \u2013 que \u201cReorganiza o Plano de Carreira e Remunera\u00e7\u00e3o do Magist\u00e9rio P\u00fablico Municipal de Adamantina e d\u00e1 provid\u00eancias correlatas\u201d. (recebeu emendas).<\/li>\n<li>Projeto de Lei Complementar n\u00ba 023\/2021 \u2013 PM \u2013 que \u201cDisp\u00f5e sobre cria\u00e7\u00e3o da Secretaria Municipal de Desenvolvimento Econ\u00f4mico e d\u00e1 outras provid\u00eancias\u201d.\n<p>Fonte: Siga Mais<\/li>\n<\/ul>\n","protected":false},"excerpt":{"rendered":"<p>A C\u00e2mara Municipal de Adamantina realizada nesta ter\u00e7a-feira (28), \u00e0s 10h, sess\u00e3o extraordin\u00e1ria com seis projetos de lei na ordem do dia, para vota\u00e7\u00e3o. Conforme a Circular 054\/2021, dois projetos na pauta s\u00e3o bastante pol\u00eamicos: o\u00a0Projeto de Lei Complementar (PLC) N\u00ba 13\/2021, de autoria do prefeito M\u00e1rcio Cardim, que \u201cReorganiza o Plano de Carreira e [&hellip;]<\/p>\n","protected":false},"author":13,"featured_media":47529,"comment_status":"closed","ping_status":"open","sticky":false,"template":"","format":"standard","meta":{"_acf_changed":false,"_exactmetrics_skip_tracking":false,"_exactmetrics_sitenote_active":false,"_exactmetrics_sitenote_note":"","_exactmetrics_sitenote_category":0,"footnotes":""},"categories":[21],"tags":[],"class_list":["post-47528","post","type-post","status-publish","format-standard","has-post-thumbnail","hentry","category-adamantina"],"acf":[],"yoast_head":"<!-- This site is optimized with the Yoast SEO plugin v27.2 - https:\/\/yoast.com\/product\/yoast-seo-wordpress\/ -->\n<title>Ap\u00f3s pedido de urg\u00eancia, C\u00e2mara vota cria\u00e7\u00e3o de nova secretaria e projeto que afeta o magist\u00e9rio - R\u00e1dio Life FM<\/title>\n<meta name=\"robots\" content=\"index, follow, max-snippet:-1, max-image-preview:large, max-video-preview:-1\" \/>\n<link rel=\"canonical\" href=\"https:\/\/radiolifefm.com.br\/noticias\/apos-pedido-de-urgencia-camara-vota-criacao-de-nova-secretaria-e-projeto-que-afeta-o-magisterio\/\" \/>\n<meta property=\"og:locale\" content=\"pt_BR\" \/>\n<meta property=\"og:type\" content=\"article\" \/>\n<meta property=\"og:title\" content=\"Ap\u00f3s pedido de urg\u00eancia, C\u00e2mara vota cria\u00e7\u00e3o de nova secretaria e projeto que afeta o magist\u00e9rio - R\u00e1dio Life FM\" \/>\n<meta property=\"og:description\" content=\"A C\u00e2mara Municipal de Adamantina realizada nesta ter\u00e7a-feira (28), \u00e0s 10h, sess\u00e3o extraordin\u00e1ria com seis projetos de lei na ordem do dia, para vota\u00e7\u00e3o. Conforme a Circular 054\/2021, dois projetos na pauta s\u00e3o bastante pol\u00eamicos: o\u00a0Projeto de Lei Complementar (PLC) N\u00ba 13\/2021, de autoria do prefeito M\u00e1rcio Cardim, que \u201cReorganiza o Plano de Carreira e [&hellip;]\" \/>\n<meta property=\"og:url\" content=\"https:\/\/radiolifefm.com.br\/noticias\/apos-pedido-de-urgencia-camara-vota-criacao-de-nova-secretaria-e-projeto-que-afeta-o-magisterio\/\" \/>\n<meta property=\"og:site_name\" content=\"R\u00e1dio Life FM\" \/>\n<meta property=\"article:publisher\" content=\"https:\/\/www.facebook.com\/radiolifefm\/\" \/>\n<meta property=\"article:published_time\" content=\"2021-12-27T16:34:07+00:00\" \/>\n<meta property=\"article:modified_time\" content=\"2025-09-28T09:15:39+00:00\" \/>\n<meta property=\"og:image\" content=\"https:\/\/static.radiolifefm.com.br\/noticias\/wp-content\/uploads\/2021\/12\/urgpng164061842961c9d9bd97e34.jpg\" \/>\n\t<meta property=\"og:image:width\" content=\"600\" \/>\n\t<meta property=\"og:image:height\" content=\"337\" \/>\n\t<meta property=\"og:image:type\" content=\"image\/jpeg\" \/>\n<meta name=\"author\" content=\"ritanery\" \/>\n<meta name=\"twitter:card\" content=\"summary_large_image\" \/>\n<meta name=\"twitter:label1\" content=\"Escrito por\" \/>\n\t<meta name=\"twitter:data1\" content=\"ritanery\" \/>\n\t<meta name=\"twitter:label2\" content=\"Est. tempo de leitura\" \/>\n\t<meta name=\"twitter:data2\" content=\"5 minutos\" \/>\n<script type=\"application\/ld+json\" class=\"yoast-schema-graph\">{\"@context\":\"https:\/\/schema.org\",\"@graph\":[{\"@type\":\"Article\",\"@id\":\"https:\/\/radiolifefm.com.br\/noticias\/apos-pedido-de-urgencia-camara-vota-criacao-de-nova-secretaria-e-projeto-que-afeta-o-magisterio\/#article\",\"isPartOf\":{\"@id\":\"https:\/\/radiolifefm.com.br\/noticias\/apos-pedido-de-urgencia-camara-vota-criacao-de-nova-secretaria-e-projeto-que-afeta-o-magisterio\/\"},\"author\":{\"name\":\"ritanery\",\"@id\":\"https:\/\/radiolifefm.com.br\/noticias\/#\/schema\/person\/6339b9fac59d12b071dec680d7375d87\"},\"headline\":\"Ap\u00f3s pedido de urg\u00eancia, C\u00e2mara vota cria\u00e7\u00e3o de nova secretaria e projeto que afeta o magist\u00e9rio\",\"datePublished\":\"2021-12-27T16:34:07+00:00\",\"dateModified\":\"2025-09-28T09:15:39+00:00\",\"mainEntityOfPage\":{\"@id\":\"https:\/\/radiolifefm.com.br\/noticias\/apos-pedido-de-urgencia-camara-vota-criacao-de-nova-secretaria-e-projeto-que-afeta-o-magisterio\/\"},\"wordCount\":1082,\"publisher\":{\"@id\":\"https:\/\/radiolifefm.com.br\/noticias\/#organization\"},\"image\":{\"@id\":\"https:\/\/radiolifefm.com.br\/noticias\/apos-pedido-de-urgencia-camara-vota-criacao-de-nova-secretaria-e-projeto-que-afeta-o-magisterio\/#primaryimage\"},\"thumbnailUrl\":\"https:\/\/radiolifefm.com.br\/noticias\/wp-content\/uploads\/2021\/12\/urgpng164061842961c9d9bd97e34.jpg\",\"articleSection\":[\"Adamantina\"],\"inLanguage\":\"pt-BR\"},{\"@type\":\"WebPage\",\"@id\":\"https:\/\/radiolifefm.com.br\/noticias\/apos-pedido-de-urgencia-camara-vota-criacao-de-nova-secretaria-e-projeto-que-afeta-o-magisterio\/\",\"url\":\"https:\/\/radiolifefm.com.br\/noticias\/apos-pedido-de-urgencia-camara-vota-criacao-de-nova-secretaria-e-projeto-que-afeta-o-magisterio\/\",\"name\":\"Ap\u00f3s pedido de urg\u00eancia, C\u00e2mara vota cria\u00e7\u00e3o de nova secretaria e projeto que afeta o magist\u00e9rio - R\u00e1dio Life FM\",\"isPartOf\":{\"@id\":\"https:\/\/radiolifefm.com.br\/noticias\/#website\"},\"primaryImageOfPage\":{\"@id\":\"https:\/\/radiolifefm.com.br\/noticias\/apos-pedido-de-urgencia-camara-vota-criacao-de-nova-secretaria-e-projeto-que-afeta-o-magisterio\/#primaryimage\"},\"image\":{\"@id\":\"https:\/\/radiolifefm.com.br\/noticias\/apos-pedido-de-urgencia-camara-vota-criacao-de-nova-secretaria-e-projeto-que-afeta-o-magisterio\/#primaryimage\"},\"thumbnailUrl\":\"https:\/\/radiolifefm.com.br\/noticias\/wp-content\/uploads\/2021\/12\/urgpng164061842961c9d9bd97e34.jpg\",\"datePublished\":\"2021-12-27T16:34:07+00:00\",\"dateModified\":\"2025-09-28T09:15:39+00:00\",\"breadcrumb\":{\"@id\":\"https:\/\/radiolifefm.com.br\/noticias\/apos-pedido-de-urgencia-camara-vota-criacao-de-nova-secretaria-e-projeto-que-afeta-o-magisterio\/#breadcrumb\"},\"inLanguage\":\"pt-BR\",\"potentialAction\":[{\"@type\":\"ReadAction\",\"target\":[\"https:\/\/radiolifefm.com.br\/noticias\/apos-pedido-de-urgencia-camara-vota-criacao-de-nova-secretaria-e-projeto-que-afeta-o-magisterio\/\"]}]},{\"@type\":\"ImageObject\",\"inLanguage\":\"pt-BR\",\"@id\":\"https:\/\/radiolifefm.com.br\/noticias\/apos-pedido-de-urgencia-camara-vota-criacao-de-nova-secretaria-e-projeto-que-afeta-o-magisterio\/#primaryimage\",\"url\":\"https:\/\/radiolifefm.com.br\/noticias\/wp-content\/uploads\/2021\/12\/urgpng164061842961c9d9bd97e34.jpg\",\"contentUrl\":\"https:\/\/radiolifefm.com.br\/noticias\/wp-content\/uploads\/2021\/12\/urgpng164061842961c9d9bd97e34.jpg\",\"width\":600,\"height\":337,\"caption\":\"Vota\u00e7\u00f5es ocorrem nesta ter\u00e7a-feira (28), \u00e0s 10h, em sess\u00e3o extraordin\u00e1ria.\"},{\"@type\":\"BreadcrumbList\",\"@id\":\"https:\/\/radiolifefm.com.br\/noticias\/apos-pedido-de-urgencia-camara-vota-criacao-de-nova-secretaria-e-projeto-que-afeta-o-magisterio\/#breadcrumb\",\"itemListElement\":[{\"@type\":\"ListItem\",\"position\":1,\"name\":\"In\u00edcio\",\"item\":\"https:\/\/radiolifefm.com.br\/noticias\/\"},{\"@type\":\"ListItem\",\"position\":2,\"name\":\"Ap\u00f3s pedido de urg\u00eancia, C\u00e2mara vota cria\u00e7\u00e3o de nova secretaria e projeto que afeta o magist\u00e9rio\"}]},{\"@type\":\"WebSite\",\"@id\":\"https:\/\/radiolifefm.com.br\/noticias\/#website\",\"url\":\"https:\/\/radiolifefm.com.br\/noticias\/\",\"name\":\"R\u00e1dio Life FM\",\"description\":\"O Portal de Not\u00edcias de Adamantina\",\"publisher\":{\"@id\":\"https:\/\/radiolifefm.com.br\/noticias\/#organization\"},\"alternateName\":\"Life FM\",\"potentialAction\":[{\"@type\":\"SearchAction\",\"target\":{\"@type\":\"EntryPoint\",\"urlTemplate\":\"https:\/\/radiolifefm.com.br\/noticias\/?s={search_term_string}\"},\"query-input\":{\"@type\":\"PropertyValueSpecification\",\"valueRequired\":true,\"valueName\":\"search_term_string\"}}],\"inLanguage\":\"pt-BR\"},{\"@type\":\"Organization\",\"@id\":\"https:\/\/radiolifefm.com.br\/noticias\/#organization\",\"name\":\"R\u00e1dio Life FM\",\"alternateName\":\"Life FM\",\"url\":\"https:\/\/radiolifefm.com.br\/noticias\/\",\"logo\":{\"@type\":\"ImageObject\",\"inLanguage\":\"pt-BR\",\"@id\":\"https:\/\/radiolifefm.com.br\/noticias\/#\/schema\/logo\/image\/\",\"url\":\"https:\/\/static.radiolifefm.com.br\/noticias\/wp-content\/uploads\/2019\/10\/logo-lifefm.png\",\"contentUrl\":\"https:\/\/static.radiolifefm.com.br\/noticias\/wp-content\/uploads\/2019\/10\/logo-lifefm.png\",\"width\":196,\"height\":47,\"caption\":\"R\u00e1dio Life FM\"},\"image\":{\"@id\":\"https:\/\/radiolifefm.com.br\/noticias\/#\/schema\/logo\/image\/\"},\"sameAs\":[\"https:\/\/www.facebook.com\/radiolifefm\/\",\"https:\/\/www.instagram.com\/life1079fm\/\"]},{\"@type\":\"Person\",\"@id\":\"https:\/\/radiolifefm.com.br\/noticias\/#\/schema\/person\/6339b9fac59d12b071dec680d7375d87\",\"name\":\"ritanery\",\"image\":{\"@type\":\"ImageObject\",\"inLanguage\":\"pt-BR\",\"@id\":\"https:\/\/secure.gravatar.com\/avatar\/0e37bb19071f47c0b8a23f62a903df117c5a0e75f65a0c2901562f97cd41cf86?s=96&d=mm&r=g\",\"url\":\"https:\/\/secure.gravatar.com\/avatar\/0e37bb19071f47c0b8a23f62a903df117c5a0e75f65a0c2901562f97cd41cf86?s=96&d=mm&r=g\",\"contentUrl\":\"https:\/\/secure.gravatar.com\/avatar\/0e37bb19071f47c0b8a23f62a903df117c5a0e75f65a0c2901562f97cd41cf86?s=96&d=mm&r=g\",\"caption\":\"ritanery\"}}]}<\/script>\n<!-- \/ Yoast SEO plugin. -->","yoast_head_json":{"title":"Ap\u00f3s pedido de urg\u00eancia, C\u00e2mara vota cria\u00e7\u00e3o de nova secretaria e projeto que afeta o magist\u00e9rio - R\u00e1dio Life FM","robots":{"index":"index","follow":"follow","max-snippet":"max-snippet:-1","max-image-preview":"max-image-preview:large","max-video-preview":"max-video-preview:-1"},"canonical":"https:\/\/radiolifefm.com.br\/noticias\/apos-pedido-de-urgencia-camara-vota-criacao-de-nova-secretaria-e-projeto-que-afeta-o-magisterio\/","og_locale":"pt_BR","og_type":"article","og_title":"Ap\u00f3s pedido de urg\u00eancia, C\u00e2mara vota cria\u00e7\u00e3o de nova secretaria e projeto que afeta o magist\u00e9rio - R\u00e1dio Life FM","og_description":"A C\u00e2mara Municipal de Adamantina realizada nesta ter\u00e7a-feira (28), \u00e0s 10h, sess\u00e3o extraordin\u00e1ria com seis projetos de lei na ordem do dia, para vota\u00e7\u00e3o. Conforme a Circular 054\/2021, dois projetos na pauta s\u00e3o bastante pol\u00eamicos: o\u00a0Projeto de Lei Complementar (PLC) N\u00ba 13\/2021, de autoria do prefeito M\u00e1rcio Cardim, que \u201cReorganiza o Plano de Carreira e [&hellip;]","og_url":"https:\/\/radiolifefm.com.br\/noticias\/apos-pedido-de-urgencia-camara-vota-criacao-de-nova-secretaria-e-projeto-que-afeta-o-magisterio\/","og_site_name":"R\u00e1dio Life FM","article_publisher":"https:\/\/www.facebook.com\/radiolifefm\/","article_published_time":"2021-12-27T16:34:07+00:00","article_modified_time":"2025-09-28T09:15:39+00:00","og_image":[{"width":600,"height":337,"url":"https:\/\/static.radiolifefm.com.br\/noticias\/wp-content\/uploads\/2021\/12\/urgpng164061842961c9d9bd97e34.jpg","type":"image\/jpeg"}],"author":"ritanery","twitter_card":"summary_large_image","twitter_misc":{"Escrito por":"ritanery","Est. tempo de leitura":"5 minutos"},"schema":{"@context":"https:\/\/schema.org","@graph":[{"@type":"Article","@id":"https:\/\/radiolifefm.com.br\/noticias\/apos-pedido-de-urgencia-camara-vota-criacao-de-nova-secretaria-e-projeto-que-afeta-o-magisterio\/#article","isPartOf":{"@id":"https:\/\/radiolifefm.com.br\/noticias\/apos-pedido-de-urgencia-camara-vota-criacao-de-nova-secretaria-e-projeto-que-afeta-o-magisterio\/"},"author":{"name":"ritanery","@id":"https:\/\/radiolifefm.com.br\/noticias\/#\/schema\/person\/6339b9fac59d12b071dec680d7375d87"},"headline":"Ap\u00f3s pedido de urg\u00eancia, C\u00e2mara vota cria\u00e7\u00e3o de nova secretaria e projeto que afeta o magist\u00e9rio","datePublished":"2021-12-27T16:34:07+00:00","dateModified":"2025-09-28T09:15:39+00:00","mainEntityOfPage":{"@id":"https:\/\/radiolifefm.com.br\/noticias\/apos-pedido-de-urgencia-camara-vota-criacao-de-nova-secretaria-e-projeto-que-afeta-o-magisterio\/"},"wordCount":1082,"publisher":{"@id":"https:\/\/radiolifefm.com.br\/noticias\/#organization"},"image":{"@id":"https:\/\/radiolifefm.com.br\/noticias\/apos-pedido-de-urgencia-camara-vota-criacao-de-nova-secretaria-e-projeto-que-afeta-o-magisterio\/#primaryimage"},"thumbnailUrl":"https:\/\/radiolifefm.com.br\/noticias\/wp-content\/uploads\/2021\/12\/urgpng164061842961c9d9bd97e34.jpg","articleSection":["Adamantina"],"inLanguage":"pt-BR"},{"@type":"WebPage","@id":"https:\/\/radiolifefm.com.br\/noticias\/apos-pedido-de-urgencia-camara-vota-criacao-de-nova-secretaria-e-projeto-que-afeta-o-magisterio\/","url":"https:\/\/radiolifefm.com.br\/noticias\/apos-pedido-de-urgencia-camara-vota-criacao-de-nova-secretaria-e-projeto-que-afeta-o-magisterio\/","name":"Ap\u00f3s pedido de urg\u00eancia, C\u00e2mara vota cria\u00e7\u00e3o de nova secretaria e projeto que afeta o magist\u00e9rio - R\u00e1dio Life FM","isPartOf":{"@id":"https:\/\/radiolifefm.com.br\/noticias\/#website"},"primaryImageOfPage":{"@id":"https:\/\/radiolifefm.com.br\/noticias\/apos-pedido-de-urgencia-camara-vota-criacao-de-nova-secretaria-e-projeto-que-afeta-o-magisterio\/#primaryimage"},"image":{"@id":"https:\/\/radiolifefm.com.br\/noticias\/apos-pedido-de-urgencia-camara-vota-criacao-de-nova-secretaria-e-projeto-que-afeta-o-magisterio\/#primaryimage"},"thumbnailUrl":"https:\/\/radiolifefm.com.br\/noticias\/wp-content\/uploads\/2021\/12\/urgpng164061842961c9d9bd97e34.jpg","datePublished":"2021-12-27T16:34:07+00:00","dateModified":"2025-09-28T09:15:39+00:00","breadcrumb":{"@id":"https:\/\/radiolifefm.com.br\/noticias\/apos-pedido-de-urgencia-camara-vota-criacao-de-nova-secretaria-e-projeto-que-afeta-o-magisterio\/#breadcrumb"},"inLanguage":"pt-BR","potentialAction":[{"@type":"ReadAction","target":["https:\/\/radiolifefm.com.br\/noticias\/apos-pedido-de-urgencia-camara-vota-criacao-de-nova-secretaria-e-projeto-que-afeta-o-magisterio\/"]}]},{"@type":"ImageObject","inLanguage":"pt-BR","@id":"https:\/\/radiolifefm.com.br\/noticias\/apos-pedido-de-urgencia-camara-vota-criacao-de-nova-secretaria-e-projeto-que-afeta-o-magisterio\/#primaryimage","url":"https:\/\/radiolifefm.com.br\/noticias\/wp-content\/uploads\/2021\/12\/urgpng164061842961c9d9bd97e34.jpg","contentUrl":"https:\/\/radiolifefm.com.br\/noticias\/wp-content\/uploads\/2021\/12\/urgpng164061842961c9d9bd97e34.jpg","width":600,"height":337,"caption":"Vota\u00e7\u00f5es ocorrem nesta ter\u00e7a-feira (28), \u00e0s 10h, em sess\u00e3o extraordin\u00e1ria."},{"@type":"BreadcrumbList","@id":"https:\/\/radiolifefm.com.br\/noticias\/apos-pedido-de-urgencia-camara-vota-criacao-de-nova-secretaria-e-projeto-que-afeta-o-magisterio\/#breadcrumb","itemListElement":[{"@type":"ListItem","position":1,"name":"In\u00edcio","item":"https:\/\/radiolifefm.com.br\/noticias\/"},{"@type":"ListItem","position":2,"name":"Ap\u00f3s pedido de urg\u00eancia, C\u00e2mara vota cria\u00e7\u00e3o de nova secretaria e projeto que afeta o magist\u00e9rio"}]},{"@type":"WebSite","@id":"https:\/\/radiolifefm.com.br\/noticias\/#website","url":"https:\/\/radiolifefm.com.br\/noticias\/","name":"R\u00e1dio Life FM","description":"O Portal de Not\u00edcias de Adamantina","publisher":{"@id":"https:\/\/radiolifefm.com.br\/noticias\/#organization"},"alternateName":"Life FM","potentialAction":[{"@type":"SearchAction","target":{"@type":"EntryPoint","urlTemplate":"https:\/\/radiolifefm.com.br\/noticias\/?s={search_term_string}"},"query-input":{"@type":"PropertyValueSpecification","valueRequired":true,"valueName":"search_term_string"}}],"inLanguage":"pt-BR"},{"@type":"Organization","@id":"https:\/\/radiolifefm.com.br\/noticias\/#organization","name":"R\u00e1dio Life FM","alternateName":"Life FM","url":"https:\/\/radiolifefm.com.br\/noticias\/","logo":{"@type":"ImageObject","inLanguage":"pt-BR","@id":"https:\/\/radiolifefm.com.br\/noticias\/#\/schema\/logo\/image\/","url":"https:\/\/static.radiolifefm.com.br\/noticias\/wp-content\/uploads\/2019\/10\/logo-lifefm.png","contentUrl":"https:\/\/static.radiolifefm.com.br\/noticias\/wp-content\/uploads\/2019\/10\/logo-lifefm.png","width":196,"height":47,"caption":"R\u00e1dio Life FM"},"image":{"@id":"https:\/\/radiolifefm.com.br\/noticias\/#\/schema\/logo\/image\/"},"sameAs":["https:\/\/www.facebook.com\/radiolifefm\/","https:\/\/www.instagram.com\/life1079fm\/"]},{"@type":"Person","@id":"https:\/\/radiolifefm.com.br\/noticias\/#\/schema\/person\/6339b9fac59d12b071dec680d7375d87","name":"ritanery","image":{"@type":"ImageObject","inLanguage":"pt-BR","@id":"https:\/\/secure.gravatar.com\/avatar\/0e37bb19071f47c0b8a23f62a903df117c5a0e75f65a0c2901562f97cd41cf86?s=96&d=mm&r=g","url":"https:\/\/secure.gravatar.com\/avatar\/0e37bb19071f47c0b8a23f62a903df117c5a0e75f65a0c2901562f97cd41cf86?s=96&d=mm&r=g","contentUrl":"https:\/\/secure.gravatar.com\/avatar\/0e37bb19071f47c0b8a23f62a903df117c5a0e75f65a0c2901562f97cd41cf86?s=96&d=mm&r=g","caption":"ritanery"}}]}},"amp_enabled":true,"_links":{"self":[{"href":"https:\/\/radiolifefm.com.br\/noticias\/wp-json\/wp\/v2\/posts\/47528","targetHints":{"allow":["GET"]}}],"collection":[{"href":"https:\/\/radiolifefm.com.br\/noticias\/wp-json\/wp\/v2\/posts"}],"about":[{"href":"https:\/\/radiolifefm.com.br\/noticias\/wp-json\/wp\/v2\/types\/post"}],"author":[{"embeddable":true,"href":"https:\/\/radiolifefm.com.br\/noticias\/wp-json\/wp\/v2\/users\/13"}],"replies":[{"embeddable":true,"href":"https:\/\/radiolifefm.com.br\/noticias\/wp-json\/wp\/v2\/comments?post=47528"}],"version-history":[{"count":4,"href":"https:\/\/radiolifefm.com.br\/noticias\/wp-json\/wp\/v2\/posts\/47528\/revisions"}],"predecessor-version":[{"id":47533,"href":"https:\/\/radiolifefm.com.br\/noticias\/wp-json\/wp\/v2\/posts\/47528\/revisions\/47533"}],"wp:featuredmedia":[{"embeddable":true,"href":"https:\/\/radiolifefm.com.br\/noticias\/wp-json\/wp\/v2\/media\/47529"}],"wp:attachment":[{"href":"https:\/\/radiolifefm.com.br\/noticias\/wp-json\/wp\/v2\/media?parent=47528"}],"wp:term":[{"taxonomy":"category","embeddable":true,"href":"https:\/\/radiolifefm.com.br\/noticias\/wp-json\/wp\/v2\/categories?post=47528"},{"taxonomy":"post_tag","embeddable":true,"href":"https:\/\/radiolifefm.com.br\/noticias\/wp-json\/wp\/v2\/tags?post=47528"}],"curies":[{"name":"wp","href":"https:\/\/api.w.org\/{rel}","templated":true}]}}