{"id":47475,"date":"2021-12-25T12:16:19","date_gmt":"2021-12-25T15:16:19","guid":{"rendered":"https:\/\/radiolifefm.com.br\/noticias\/?p=47475"},"modified":"2026-04-22T13:43:23","modified_gmt":"2026-04-22T16:43:23","slug":"programa-agora-e-que-sao-elas-edicao-especial-com-amigo-secreto-da-life-fmadamantina","status":"publish","type":"post","link":"https:\/\/radiolifefm.com.br\/noticias\/programa-agora-e-que-sao-elas-edicao-especial-com-amigo-secreto-da-life-fmadamantina\/","title":{"rendered":"Programa Agora \u00e9 Que S\u00e3o Elas, edi\u00e7\u00e3o especial com Amigo secreto da Life FM"},"content":{"rendered":"<div id=\"fb-root\"><\/div>\n<p>&nbsp;<\/p>\n<p>O amigo secreto da R\u00e1dio Life FM foi especial, a confraterniza\u00e7\u00e3o foi realizada no est\u00fadio da R\u00e1dio e teve transmiss\u00e3o pelo R\u00e1dio, Facebook e You Tube, a transmiss\u00e3o est\u00e1 dispon\u00edvel para voc\u00ea assistir e se divertir conosco.<\/p>\n<p>Foi um desafio realizar esse momento ap\u00f3s a perda do William Tofoli, por\u00e9m sabemos que se ele estivesse aqui\u00a0 tudo seria normal como foi nos anos anteriores.<\/p>\n<p>A diretoria da R\u00e1dio Life FM fez uma homenagem aos ouvintes,\u00a0 internautas e parceiros, convidando para participar da confraterniza\u00e7\u00e3o, pessoas que est\u00e3o conosco em todos os momentos.<\/p>\n<p>O Amigo Secreto da R\u00e1dio Life FM 2021 contou com parceria de empresas patrocinadoras, Moda \u00cdntima, Sex Shop, Adrik\u00a0 acess\u00f3rios e Loja Madame.<\/p>\n<p>&#8221; Gratid\u00e3o aos empres\u00e1rios Lucilene Paloni, Aline e Roger que entenderam nossa proposta e proporcionaram momentos especiais&#8221; relata Lucia Prado.<\/p>\n<p>Mais um ano chega ao fim e nunca fomos t\u00e3o desafiados\u00a0 a lutar com todas as nossas for\u00e7as, essa for\u00e7a vem de Deus que nos d\u00e1 sa\u00fade.<\/p>\n<p>Em 2022 o projeto da R\u00e1dio Life FM \u00e9 continuar transmitindo conhecimento, atrav\u00e9s dos entrevistados e entretenimento, atrav\u00e9s do programas com transmiss\u00f5es simult\u00e2neas pelo R\u00e1dio e plataformas digitais Facebook e YouTube.<\/p>\n<p>Os microfones da R\u00e1dio Life FM nunca ser\u00e3o usados para denegrir nenhuma institui\u00e7\u00e3o de Adamantina.<\/p>\n<p>Nossos entrevistados nunca ser\u00e3o constrangidos e induzidos a fazer declara\u00e7\u00f5es que tenham que ir at\u00e9 a delegacia.<\/p>\n<p>Evidenciar o que Adamantina tem de melhor \u00e9 a miss\u00e3o porque queremos ver a cidade evoluir.<\/p>\n<p>Se tiver que falar sobre falhas que seja para corrigir e n\u00e3o denegrir.<\/p>\n<p>Reda\u00e7\u00e3o: R\u00e1dio Life Fm<\/p>\n<div class='flex flex-wrap items-center -mx-1'>\r\n<a class='thumbnail gallery p-1 w-1\/2 md:w-1\/4' href='https:\/\/radiolifefm.com.br\/noticias\/wp-content\/uploads\/2021\/12\/20211223_211745-scaled.jpg'><img class='border border-white' src='https:\/\/radiolifefm.com.br\/noticias\/wp-content\/uploads\/2021\/12\/20211223_211745-200x200.jpg' alt='20211223_211745' \/><\/a><a class='thumbnail gallery p-1 w-1\/2 md:w-1\/4' href='https:\/\/radiolifefm.com.br\/noticias\/wp-content\/uploads\/2021\/12\/20211223_211559-scaled.jpg'><img class='border border-white' src='https:\/\/radiolifefm.com.br\/noticias\/wp-content\/uploads\/2021\/12\/20211223_211559-200x200.jpg' alt='20211223_211559' \/><\/a><a class='thumbnail gallery p-1 w-1\/2 md:w-1\/4' href='https:\/\/radiolifefm.com.br\/noticias\/wp-content\/uploads\/2021\/12\/20211223_211343-scaled.jpg'><img class='border border-white' src='https:\/\/radiolifefm.com.br\/noticias\/wp-content\/uploads\/2021\/12\/20211223_211343-200x200.jpg' alt='20211223_211343' \/><\/a><a class='thumbnail gallery p-1 w-1\/2 md:w-1\/4' href='https:\/\/radiolifefm.com.br\/noticias\/wp-content\/uploads\/2021\/12\/20211223_210913-scaled.jpg'><img class='border border-white' src='https:\/\/radiolifefm.com.br\/noticias\/wp-content\/uploads\/2021\/12\/20211223_210913-200x200.jpg' alt='20211223_210913' \/><\/a><a class='thumbnail gallery p-1 w-1\/2 md:w-1\/4' href='https:\/\/radiolifefm.com.br\/noticias\/wp-content\/uploads\/2021\/12\/20211223_210620-scaled.jpg'><img class='border border-white' src='https:\/\/radiolifefm.com.br\/noticias\/wp-content\/uploads\/2021\/12\/20211223_210620-200x200.jpg' alt='20211223_210620' \/><\/a><a class='thumbnail gallery p-1 w-1\/2 md:w-1\/4' href='https:\/\/radiolifefm.com.br\/noticias\/wp-content\/uploads\/2021\/12\/20211223_210250-scaled.jpg'><img class='border border-white' src='https:\/\/radiolifefm.com.br\/noticias\/wp-content\/uploads\/2021\/12\/20211223_210250-200x200.jpg' alt='20211223_210250' \/><\/a><a class='thumbnail gallery p-1 w-1\/2 md:w-1\/4' href='https:\/\/radiolifefm.com.br\/noticias\/wp-content\/uploads\/2021\/12\/20211223_210100-scaled.jpg'><img class='border border-white' src='https:\/\/radiolifefm.com.br\/noticias\/wp-content\/uploads\/2021\/12\/20211223_210100-200x200.jpg' alt='20211223_210100' \/><\/a><a class='thumbnail gallery p-1 w-1\/2 md:w-1\/4' href='https:\/\/radiolifefm.com.br\/noticias\/wp-content\/uploads\/2021\/12\/20211223_205743-scaled.jpg'><img class='border border-white' src='https:\/\/radiolifefm.com.br\/noticias\/wp-content\/uploads\/2021\/12\/20211223_205743-200x200.jpg' alt='20211223_205743' \/><\/a><a class='thumbnail gallery p-1 w-1\/2 md:w-1\/4' href='https:\/\/radiolifefm.com.br\/noticias\/wp-content\/uploads\/2021\/12\/20211223_205644-scaled.jpg'><img class='border border-white' src='https:\/\/radiolifefm.com.br\/noticias\/wp-content\/uploads\/2021\/12\/20211223_205644-200x200.jpg' alt='20211223_205644' \/><\/a><a class='thumbnail gallery p-1 w-1\/2 md:w-1\/4' href='https:\/\/radiolifefm.com.br\/noticias\/wp-content\/uploads\/2021\/12\/20211223_205414-scaled.jpg'><img class='border border-white' src='https:\/\/radiolifefm.com.br\/noticias\/wp-content\/uploads\/2021\/12\/20211223_205414-200x200.jpg' alt='20211223_205414' \/><\/a><a class='thumbnail gallery p-1 w-1\/2 md:w-1\/4' href='https:\/\/radiolifefm.com.br\/noticias\/wp-content\/uploads\/2021\/12\/20211223_205312-scaled.jpg'><img class='border border-white' src='https:\/\/radiolifefm.com.br\/noticias\/wp-content\/uploads\/2021\/12\/20211223_205312-200x200.jpg' alt='20211223_205312' \/><\/a><a class='thumbnail gallery p-1 w-1\/2 md:w-1\/4' href='https:\/\/radiolifefm.com.br\/noticias\/wp-content\/uploads\/2021\/12\/20211223_205150-scaled.jpg'><img class='border border-white' src='https:\/\/radiolifefm.com.br\/noticias\/wp-content\/uploads\/2021\/12\/20211223_205150-200x200.jpg' alt='20211223_205150' \/><\/a><a class='thumbnail gallery p-1 w-1\/2 md:w-1\/4' href='https:\/\/radiolifefm.com.br\/noticias\/wp-content\/uploads\/2021\/12\/20211223_205101-scaled.jpg'><img class='border border-white' src='https:\/\/radiolifefm.com.br\/noticias\/wp-content\/uploads\/2021\/12\/20211223_205101-200x200.jpg' alt='20211223_205101' \/><\/a><a class='thumbnail gallery p-1 w-1\/2 md:w-1\/4' href='https:\/\/radiolifefm.com.br\/noticias\/wp-content\/uploads\/2021\/12\/20211223_204840-scaled.jpg'><img class='border border-white' src='https:\/\/radiolifefm.com.br\/noticias\/wp-content\/uploads\/2021\/12\/20211223_204840-200x200.jpg' alt='20211223_204840' \/><\/a><a class='thumbnail gallery p-1 w-1\/2 md:w-1\/4' href='https:\/\/radiolifefm.com.br\/noticias\/wp-content\/uploads\/2021\/12\/20211223_204716-scaled.jpg'><img class='border border-white' src='https:\/\/radiolifefm.com.br\/noticias\/wp-content\/uploads\/2021\/12\/20211223_204716-200x200.jpg' alt='20211223_204716' \/><\/a><a class='thumbnail gallery p-1 w-1\/2 md:w-1\/4' href='https:\/\/radiolifefm.com.br\/noticias\/wp-content\/uploads\/2021\/12\/20211223_204336-scaled.jpg'><img class='border border-white' src='https:\/\/radiolifefm.com.br\/noticias\/wp-content\/uploads\/2021\/12\/20211223_204336-200x200.jpg' alt='20211223_204336' \/><\/a><a class='thumbnail gallery p-1 w-1\/2 md:w-1\/4' href='https:\/\/radiolifefm.com.br\/noticias\/wp-content\/uploads\/2021\/12\/20211223_203505-scaled.jpg'><img class='border border-white' src='https:\/\/radiolifefm.com.br\/noticias\/wp-content\/uploads\/2021\/12\/20211223_203505-200x200.jpg' alt='20211223_203505' \/><\/a><a class='thumbnail gallery p-1 w-1\/2 md:w-1\/4' href='https:\/\/radiolifefm.com.br\/noticias\/wp-content\/uploads\/2021\/12\/20211223_203343-scaled.jpg'><img class='border border-white' src='https:\/\/radiolifefm.com.br\/noticias\/wp-content\/uploads\/2021\/12\/20211223_203343-200x200.jpg' alt='20211223_203343' \/><\/a><a class='thumbnail gallery p-1 w-1\/2 md:w-1\/4' href='https:\/\/radiolifefm.com.br\/noticias\/wp-content\/uploads\/2021\/12\/20211223_202733-scaled.jpg'><img class='border border-white' src='https:\/\/radiolifefm.com.br\/noticias\/wp-content\/uploads\/2021\/12\/20211223_202733-200x200.jpg' alt='20211223_202733' \/><\/a><a class='thumbnail gallery p-1 w-1\/2 md:w-1\/4' href='https:\/\/radiolifefm.com.br\/noticias\/wp-content\/uploads\/2021\/12\/20211223_202300-scaled.jpg'><img class='border border-white' src='https:\/\/radiolifefm.com.br\/noticias\/wp-content\/uploads\/2021\/12\/20211223_202300-200x200.jpg' alt='20211223_202300' \/><\/a><a class='thumbnail gallery p-1 w-1\/2 md:w-1\/4' href='https:\/\/radiolifefm.com.br\/noticias\/wp-content\/uploads\/2021\/12\/20211223_202109-scaled.jpg'><img class='border border-white' src='https:\/\/radiolifefm.com.br\/noticias\/wp-content\/uploads\/2021\/12\/20211223_202109-200x200.jpg' alt='20211223_202109' \/><\/a><a class='thumbnail gallery p-1 w-1\/2 md:w-1\/4' href='https:\/\/radiolifefm.com.br\/noticias\/wp-content\/uploads\/2021\/12\/20211223_201919-scaled.jpg'><img class='border border-white' src='https:\/\/radiolifefm.com.br\/noticias\/wp-content\/uploads\/2021\/12\/20211223_201919-200x200.jpg' alt='20211223_201919' \/><\/a><a class='thumbnail gallery p-1 w-1\/2 md:w-1\/4' href='https:\/\/radiolifefm.com.br\/noticias\/wp-content\/uploads\/2021\/12\/20211223_201654-scaled.jpg'><img class='border border-white' src='https:\/\/radiolifefm.com.br\/noticias\/wp-content\/uploads\/2021\/12\/20211223_201654-200x200.jpg' alt='20211223_201654' \/><\/a><a class='thumbnail gallery p-1 w-1\/2 md:w-1\/4' href='https:\/\/radiolifefm.com.br\/noticias\/wp-content\/uploads\/2021\/12\/20211223_201358-scaled.jpg'><img class='border border-white' src='https:\/\/radiolifefm.com.br\/noticias\/wp-content\/uploads\/2021\/12\/20211223_201358-200x200.jpg' alt='20211223_201358' \/><\/a><a class='thumbnail gallery p-1 w-1\/2 md:w-1\/4' href='https:\/\/radiolifefm.com.br\/noticias\/wp-content\/uploads\/2021\/12\/20211223_200918-scaled.jpg'><img class='border border-white' src='https:\/\/radiolifefm.com.br\/noticias\/wp-content\/uploads\/2021\/12\/20211223_200918-200x200.jpg' alt='20211223_200918' \/><\/a><a class='thumbnail gallery p-1 w-1\/2 md:w-1\/4' href='https:\/\/radiolifefm.com.br\/noticias\/wp-content\/uploads\/2021\/12\/20211223_212352-scaled.jpg'><img class='border border-white' src='https:\/\/radiolifefm.com.br\/noticias\/wp-content\/uploads\/2021\/12\/20211223_212352-200x200.jpg' alt='20211223_212352' \/><\/a><a class='thumbnail gallery p-1 w-1\/2 md:w-1\/4' href='https:\/\/radiolifefm.com.br\/noticias\/wp-content\/uploads\/2021\/12\/20211223_212437-scaled.jpg'><img class='border border-white' src='https:\/\/radiolifefm.com.br\/noticias\/wp-content\/uploads\/2021\/12\/20211223_212437-200x200.jpg' alt='20211223_212437' \/><\/a><a class='thumbnail gallery p-1 w-1\/2 md:w-1\/4' href='https:\/\/radiolifefm.com.br\/noticias\/wp-content\/uploads\/2021\/12\/20211223_211415-1-scaled.jpg'><img class='border border-white' src='https:\/\/radiolifefm.com.br\/noticias\/wp-content\/uploads\/2021\/12\/20211223_211415-1-200x200.jpg' alt='20211223_211415' \/><\/a><\/div>\n<p>Empresas patrocinadoras do amigo secreto:<\/p>\n<div class='flex flex-wrap items-center -mx-1'>\r\n<a class='thumbnail gallery p-1 w-1\/2 md:w-1\/4' href='https:\/\/radiolifefm.com.br\/noticias\/wp-content\/uploads\/2021\/12\/WhatsApp-Image-2021-12-21-at-19.43.01-1.jpeg'><img class='border border-white' src='https:\/\/radiolifefm.com.br\/noticias\/wp-content\/uploads\/2021\/12\/WhatsApp-Image-2021-12-21-at-19.43.01-1-200x200.jpeg' alt='WhatsApp Image 2021 12 21 At 19.43.01 (1)' \/><\/a><a class='thumbnail gallery p-1 w-1\/2 md:w-1\/4' href='https:\/\/radiolifefm.com.br\/noticias\/wp-content\/uploads\/2021\/12\/WhatsApp-Image-2021-12-21-at-19.43.02-1.jpeg'><img class='border border-white' src='https:\/\/radiolifefm.com.br\/noticias\/wp-content\/uploads\/2021\/12\/WhatsApp-Image-2021-12-21-at-19.43.02-1-200x200.jpeg' alt='WhatsApp Image 2021 12 21 At 19.43.02 (1)' \/><\/a><a class='thumbnail gallery p-1 w-1\/2 md:w-1\/4' href='https:\/\/radiolifefm.com.br\/noticias\/wp-content\/uploads\/2021\/12\/LUMINOSO-MODA-INTIMA-01_page-0001.jpg'><img class='border border-white' src='https:\/\/radiolifefm.com.br\/noticias\/wp-content\/uploads\/2021\/12\/LUMINOSO-MODA-INTIMA-01_page-0001-200x200.jpg' alt='LUMINOSO MODA INTIMA 01_page 0001' \/><\/a><a class='thumbnail gallery p-1 w-1\/2 md:w-1\/4' href='https:\/\/radiolifefm.com.br\/noticias\/wp-content\/uploads\/2021\/12\/download.png'><img class='border border-white' src='https:\/\/radiolifefm.com.br\/noticias\/wp-content\/uploads\/2021\/12\/download-200x200.png' alt='Download' \/><\/a><\/div>\n<p>&nbsp;<\/p>\n<p>Empresas, parceiras do programa:<\/p>\n<div class='flex flex-wrap items-center -mx-1'>\r\n<a class='thumbnail gallery p-1 w-1\/2 md:w-1\/4' href='https:\/\/radiolifefm.com.br\/noticias\/wp-content\/uploads\/2021\/11\/WhatsApp-Image-2021-11-09-at-14.18.14.jpeg'><img class='border border-white' src='https:\/\/radiolifefm.com.br\/noticias\/wp-content\/uploads\/2021\/11\/WhatsApp-Image-2021-11-09-at-14.18.14-200x200.jpeg' alt='WhatsApp Image 2021 11 09 At 14.18.14' \/><\/a><a class='thumbnail gallery p-1 w-1\/2 md:w-1\/4' href='https:\/\/radiolifefm.com.br\/noticias\/wp-content\/uploads\/2021\/11\/IMG-20211005-WA0133.jpg'><img class='border border-white' src='https:\/\/radiolifefm.com.br\/noticias\/wp-content\/uploads\/2021\/11\/IMG-20211005-WA0133-200x200.jpg' alt='IMG 20211005 WA0133' \/><\/a><a class='thumbnail gallery p-1 w-1\/2 md:w-1\/4' href='https:\/\/radiolifefm.com.br\/noticias\/wp-content\/uploads\/2021\/11\/arildo.jpg'><img class='border border-white' src='https:\/\/radiolifefm.com.br\/noticias\/wp-content\/uploads\/2021\/11\/arildo-200x200.jpg' alt='Arildo' \/><\/a><a class='thumbnail gallery p-1 w-1\/2 md:w-1\/4' href='https:\/\/radiolifefm.com.br\/noticias\/wp-content\/uploads\/2021\/11\/6i.jpg'><img class='border border-white' src='https:\/\/radiolifefm.com.br\/noticias\/wp-content\/uploads\/2021\/11\/6i-200x200.jpg' alt='6i' \/><\/a><a class='thumbnail gallery p-1 w-1\/2 md:w-1\/4' href='https:\/\/radiolifefm.com.br\/noticias\/wp-content\/uploads\/2021\/11\/IMG-20211005-WA0131.jpg'><img class='border border-white' src='https:\/\/radiolifefm.com.br\/noticias\/wp-content\/uploads\/2021\/11\/IMG-20211005-WA0131-200x200.jpg' alt='IMG 20211005 WA0131' \/><\/a><\/div>\n","protected":false},"excerpt":{"rendered":"<p>&nbsp; O amigo secreto da R\u00e1dio Life FM foi especial, a confraterniza\u00e7\u00e3o foi realizada no est\u00fadio da R\u00e1dio e teve transmiss\u00e3o pelo R\u00e1dio, Facebook e You Tube, a transmiss\u00e3o est\u00e1 dispon\u00edvel para voc\u00ea assistir e se divertir conosco. Foi um desafio realizar esse momento ap\u00f3s a perda do William Tofoli, por\u00e9m sabemos que se ele [&hellip;]<\/p>\n","protected":false},"author":13,"featured_media":47476,"comment_status":"closed","ping_status":"open","sticky":false,"template":"","format":"standard","meta":{"_acf_changed":false,"_exactmetrics_skip_tracking":false,"_exactmetrics_sitenote_active":false,"_exactmetrics_sitenote_note":"","_exactmetrics_sitenote_category":0,"footnotes":""},"categories":[21],"tags":[],"class_list":["post-47475","post","type-post","status-publish","format-standard","has-post-thumbnail","hentry","category-adamantina"],"acf":[],"yoast_head":"<!-- This site is optimized with the Yoast SEO plugin v27.2 - https:\/\/yoast.com\/product\/yoast-seo-wordpress\/ -->\n<title>Programa Agora \u00e9 Que S\u00e3o Elas, edi\u00e7\u00e3o especial com Amigo secreto da Life FM - R\u00e1dio Life FM<\/title>\n<meta name=\"robots\" content=\"index, follow, max-snippet:-1, max-image-preview:large, max-video-preview:-1\" \/>\n<link rel=\"canonical\" href=\"https:\/\/radiolifefm.com.br\/noticias\/programa-agora-e-que-sao-elas-edicao-especial-com-amigo-secreto-da-life-fmadamantina\/\" \/>\n<meta property=\"og:locale\" content=\"pt_BR\" \/>\n<meta property=\"og:type\" content=\"article\" \/>\n<meta property=\"og:title\" content=\"Programa Agora \u00e9 Que S\u00e3o Elas, edi\u00e7\u00e3o especial com Amigo secreto da Life FM - R\u00e1dio Life FM\" \/>\n<meta property=\"og:description\" content=\"&nbsp; O amigo secreto da R\u00e1dio Life FM foi especial, a confraterniza\u00e7\u00e3o foi realizada no est\u00fadio da R\u00e1dio e teve transmiss\u00e3o pelo R\u00e1dio, Facebook e You Tube, a transmiss\u00e3o est\u00e1 dispon\u00edvel para voc\u00ea assistir e se divertir conosco. Foi um desafio realizar esse momento ap\u00f3s a perda do William Tofoli, por\u00e9m sabemos que se ele [&hellip;]\" \/>\n<meta property=\"og:url\" content=\"https:\/\/radiolifefm.com.br\/noticias\/programa-agora-e-que-sao-elas-edicao-especial-com-amigo-secreto-da-life-fmadamantina\/\" \/>\n<meta property=\"og:site_name\" content=\"R\u00e1dio Life FM\" \/>\n<meta property=\"article:publisher\" content=\"https:\/\/www.facebook.com\/radiolifefm\/\" \/>\n<meta property=\"article:published_time\" content=\"2021-12-25T15:16:19+00:00\" \/>\n<meta property=\"article:modified_time\" content=\"2026-04-22T16:43:23+00:00\" \/>\n<meta property=\"og:image\" content=\"https:\/\/radiolifefm.com.br\/noticias\/wp-content\/uploads\/2021\/12\/20211223_212352-scaled.jpg\" \/>\n\t<meta property=\"og:image:width\" content=\"2560\" \/>\n\t<meta property=\"og:image:height\" content=\"1153\" \/>\n\t<meta property=\"og:image:type\" content=\"image\/jpeg\" \/>\n<meta name=\"author\" content=\"ritanery\" \/>\n<meta name=\"twitter:card\" content=\"summary_large_image\" \/>\n<meta name=\"twitter:label1\" content=\"Escrito por\" \/>\n\t<meta name=\"twitter:data1\" content=\"ritanery\" \/>\n\t<meta name=\"twitter:label2\" content=\"Est. tempo de leitura\" \/>\n\t<meta name=\"twitter:data2\" content=\"2 minutos\" \/>\n<script type=\"application\/ld+json\" class=\"yoast-schema-graph\">{\"@context\":\"https:\/\/schema.org\",\"@graph\":[{\"@type\":\"Article\",\"@id\":\"https:\/\/radiolifefm.com.br\/noticias\/programa-agora-e-que-sao-elas-edicao-especial-com-amigo-secreto-da-life-fmadamantina\/#article\",\"isPartOf\":{\"@id\":\"https:\/\/radiolifefm.com.br\/noticias\/programa-agora-e-que-sao-elas-edicao-especial-com-amigo-secreto-da-life-fmadamantina\/\"},\"author\":{\"name\":\"ritanery\",\"@id\":\"https:\/\/radiolifefm.com.br\/noticias\/#\/schema\/person\/6339b9fac59d12b071dec680d7375d87\"},\"headline\":\"Programa Agora \u00e9 Que S\u00e3o Elas, edi\u00e7\u00e3o especial com Amigo secreto da Life FM\",\"datePublished\":\"2021-12-25T15:16:19+00:00\",\"dateModified\":\"2026-04-22T16:43:23+00:00\",\"mainEntityOfPage\":{\"@id\":\"https:\/\/radiolifefm.com.br\/noticias\/programa-agora-e-que-sao-elas-edicao-especial-com-amigo-secreto-da-life-fmadamantina\/\"},\"wordCount\":329,\"publisher\":{\"@id\":\"https:\/\/radiolifefm.com.br\/noticias\/#organization\"},\"image\":{\"@id\":\"https:\/\/radiolifefm.com.br\/noticias\/programa-agora-e-que-sao-elas-edicao-especial-com-amigo-secreto-da-life-fmadamantina\/#primaryimage\"},\"thumbnailUrl\":\"https:\/\/radiolifefm.com.br\/noticias\/wp-content\/uploads\/2021\/12\/20211223_212352-scaled.jpg\",\"articleSection\":[\"Adamantina\"],\"inLanguage\":\"pt-BR\"},{\"@type\":\"WebPage\",\"@id\":\"https:\/\/radiolifefm.com.br\/noticias\/programa-agora-e-que-sao-elas-edicao-especial-com-amigo-secreto-da-life-fmadamantina\/\",\"url\":\"https:\/\/radiolifefm.com.br\/noticias\/programa-agora-e-que-sao-elas-edicao-especial-com-amigo-secreto-da-life-fmadamantina\/\",\"name\":\"Programa Agora \u00e9 Que S\u00e3o Elas, edi\u00e7\u00e3o especial com Amigo secreto da Life FM - R\u00e1dio Life FM\",\"isPartOf\":{\"@id\":\"https:\/\/radiolifefm.com.br\/noticias\/#website\"},\"primaryImageOfPage\":{\"@id\":\"https:\/\/radiolifefm.com.br\/noticias\/programa-agora-e-que-sao-elas-edicao-especial-com-amigo-secreto-da-life-fmadamantina\/#primaryimage\"},\"image\":{\"@id\":\"https:\/\/radiolifefm.com.br\/noticias\/programa-agora-e-que-sao-elas-edicao-especial-com-amigo-secreto-da-life-fmadamantina\/#primaryimage\"},\"thumbnailUrl\":\"https:\/\/radiolifefm.com.br\/noticias\/wp-content\/uploads\/2021\/12\/20211223_212352-scaled.jpg\",\"datePublished\":\"2021-12-25T15:16:19+00:00\",\"dateModified\":\"2026-04-22T16:43:23+00:00\",\"breadcrumb\":{\"@id\":\"https:\/\/radiolifefm.com.br\/noticias\/programa-agora-e-que-sao-elas-edicao-especial-com-amigo-secreto-da-life-fmadamantina\/#breadcrumb\"},\"inLanguage\":\"pt-BR\",\"potentialAction\":[{\"@type\":\"ReadAction\",\"target\":[\"https:\/\/radiolifefm.com.br\/noticias\/programa-agora-e-que-sao-elas-edicao-especial-com-amigo-secreto-da-life-fmadamantina\/\"]}]},{\"@type\":\"ImageObject\",\"inLanguage\":\"pt-BR\",\"@id\":\"https:\/\/radiolifefm.com.br\/noticias\/programa-agora-e-que-sao-elas-edicao-especial-com-amigo-secreto-da-life-fmadamantina\/#primaryimage\",\"url\":\"https:\/\/radiolifefm.com.br\/noticias\/wp-content\/uploads\/2021\/12\/20211223_212352-scaled.jpg\",\"contentUrl\":\"https:\/\/radiolifefm.com.br\/noticias\/wp-content\/uploads\/2021\/12\/20211223_212352-scaled.jpg\",\"width\":2560,\"height\":1153},{\"@type\":\"BreadcrumbList\",\"@id\":\"https:\/\/radiolifefm.com.br\/noticias\/programa-agora-e-que-sao-elas-edicao-especial-com-amigo-secreto-da-life-fmadamantina\/#breadcrumb\",\"itemListElement\":[{\"@type\":\"ListItem\",\"position\":1,\"name\":\"In\u00edcio\",\"item\":\"https:\/\/radiolifefm.com.br\/noticias\/\"},{\"@type\":\"ListItem\",\"position\":2,\"name\":\"Programa Agora \u00e9 Que S\u00e3o Elas, edi\u00e7\u00e3o especial com Amigo secreto da Life FM\"}]},{\"@type\":\"WebSite\",\"@id\":\"https:\/\/radiolifefm.com.br\/noticias\/#website\",\"url\":\"https:\/\/radiolifefm.com.br\/noticias\/\",\"name\":\"R\u00e1dio Life FM\",\"description\":\"O Portal de Not\u00edcias de Adamantina\",\"publisher\":{\"@id\":\"https:\/\/radiolifefm.com.br\/noticias\/#organization\"},\"alternateName\":\"Life FM\",\"potentialAction\":[{\"@type\":\"SearchAction\",\"target\":{\"@type\":\"EntryPoint\",\"urlTemplate\":\"https:\/\/radiolifefm.com.br\/noticias\/?s={search_term_string}\"},\"query-input\":{\"@type\":\"PropertyValueSpecification\",\"valueRequired\":true,\"valueName\":\"search_term_string\"}}],\"inLanguage\":\"pt-BR\"},{\"@type\":\"Organization\",\"@id\":\"https:\/\/radiolifefm.com.br\/noticias\/#organization\",\"name\":\"R\u00e1dio Life FM\",\"alternateName\":\"Life FM\",\"url\":\"https:\/\/radiolifefm.com.br\/noticias\/\",\"logo\":{\"@type\":\"ImageObject\",\"inLanguage\":\"pt-BR\",\"@id\":\"https:\/\/radiolifefm.com.br\/noticias\/#\/schema\/logo\/image\/\",\"url\":\"https:\/\/static.radiolifefm.com.br\/noticias\/wp-content\/uploads\/2019\/10\/logo-lifefm.png\",\"contentUrl\":\"https:\/\/static.radiolifefm.com.br\/noticias\/wp-content\/uploads\/2019\/10\/logo-lifefm.png\",\"width\":196,\"height\":47,\"caption\":\"R\u00e1dio Life FM\"},\"image\":{\"@id\":\"https:\/\/radiolifefm.com.br\/noticias\/#\/schema\/logo\/image\/\"},\"sameAs\":[\"https:\/\/www.facebook.com\/radiolifefm\/\",\"https:\/\/www.instagram.com\/life1079fm\/\"]},{\"@type\":\"Person\",\"@id\":\"https:\/\/radiolifefm.com.br\/noticias\/#\/schema\/person\/6339b9fac59d12b071dec680d7375d87\",\"name\":\"ritanery\",\"image\":{\"@type\":\"ImageObject\",\"inLanguage\":\"pt-BR\",\"@id\":\"https:\/\/secure.gravatar.com\/avatar\/0e37bb19071f47c0b8a23f62a903df117c5a0e75f65a0c2901562f97cd41cf86?s=96&d=mm&r=g\",\"url\":\"https:\/\/secure.gravatar.com\/avatar\/0e37bb19071f47c0b8a23f62a903df117c5a0e75f65a0c2901562f97cd41cf86?s=96&d=mm&r=g\",\"contentUrl\":\"https:\/\/secure.gravatar.com\/avatar\/0e37bb19071f47c0b8a23f62a903df117c5a0e75f65a0c2901562f97cd41cf86?s=96&d=mm&r=g\",\"caption\":\"ritanery\"}}]}<\/script>\n<!-- \/ Yoast SEO plugin. -->","yoast_head_json":{"title":"Programa Agora \u00e9 Que S\u00e3o Elas, edi\u00e7\u00e3o especial com Amigo secreto da Life FM - R\u00e1dio Life FM","robots":{"index":"index","follow":"follow","max-snippet":"max-snippet:-1","max-image-preview":"max-image-preview:large","max-video-preview":"max-video-preview:-1"},"canonical":"https:\/\/radiolifefm.com.br\/noticias\/programa-agora-e-que-sao-elas-edicao-especial-com-amigo-secreto-da-life-fmadamantina\/","og_locale":"pt_BR","og_type":"article","og_title":"Programa Agora \u00e9 Que S\u00e3o Elas, edi\u00e7\u00e3o especial com Amigo secreto da Life FM - R\u00e1dio Life FM","og_description":"&nbsp; O amigo secreto da R\u00e1dio Life FM foi especial, a confraterniza\u00e7\u00e3o foi realizada no est\u00fadio da R\u00e1dio e teve transmiss\u00e3o pelo R\u00e1dio, Facebook e You Tube, a transmiss\u00e3o est\u00e1 dispon\u00edvel para voc\u00ea assistir e se divertir conosco. Foi um desafio realizar esse momento ap\u00f3s a perda do William Tofoli, por\u00e9m sabemos que se ele [&hellip;]","og_url":"https:\/\/radiolifefm.com.br\/noticias\/programa-agora-e-que-sao-elas-edicao-especial-com-amigo-secreto-da-life-fmadamantina\/","og_site_name":"R\u00e1dio Life FM","article_publisher":"https:\/\/www.facebook.com\/radiolifefm\/","article_published_time":"2021-12-25T15:16:19+00:00","article_modified_time":"2026-04-22T16:43:23+00:00","og_image":[{"width":2560,"height":1153,"url":"https:\/\/radiolifefm.com.br\/noticias\/wp-content\/uploads\/2021\/12\/20211223_212352-scaled.jpg","type":"image\/jpeg"}],"author":"ritanery","twitter_card":"summary_large_image","twitter_misc":{"Escrito por":"ritanery","Est. tempo de leitura":"2 minutos"},"schema":{"@context":"https:\/\/schema.org","@graph":[{"@type":"Article","@id":"https:\/\/radiolifefm.com.br\/noticias\/programa-agora-e-que-sao-elas-edicao-especial-com-amigo-secreto-da-life-fmadamantina\/#article","isPartOf":{"@id":"https:\/\/radiolifefm.com.br\/noticias\/programa-agora-e-que-sao-elas-edicao-especial-com-amigo-secreto-da-life-fmadamantina\/"},"author":{"name":"ritanery","@id":"https:\/\/radiolifefm.com.br\/noticias\/#\/schema\/person\/6339b9fac59d12b071dec680d7375d87"},"headline":"Programa Agora \u00e9 Que S\u00e3o Elas, edi\u00e7\u00e3o especial com Amigo secreto da Life FM","datePublished":"2021-12-25T15:16:19+00:00","dateModified":"2026-04-22T16:43:23+00:00","mainEntityOfPage":{"@id":"https:\/\/radiolifefm.com.br\/noticias\/programa-agora-e-que-sao-elas-edicao-especial-com-amigo-secreto-da-life-fmadamantina\/"},"wordCount":329,"publisher":{"@id":"https:\/\/radiolifefm.com.br\/noticias\/#organization"},"image":{"@id":"https:\/\/radiolifefm.com.br\/noticias\/programa-agora-e-que-sao-elas-edicao-especial-com-amigo-secreto-da-life-fmadamantina\/#primaryimage"},"thumbnailUrl":"https:\/\/radiolifefm.com.br\/noticias\/wp-content\/uploads\/2021\/12\/20211223_212352-scaled.jpg","articleSection":["Adamantina"],"inLanguage":"pt-BR"},{"@type":"WebPage","@id":"https:\/\/radiolifefm.com.br\/noticias\/programa-agora-e-que-sao-elas-edicao-especial-com-amigo-secreto-da-life-fmadamantina\/","url":"https:\/\/radiolifefm.com.br\/noticias\/programa-agora-e-que-sao-elas-edicao-especial-com-amigo-secreto-da-life-fmadamantina\/","name":"Programa Agora \u00e9 Que S\u00e3o Elas, edi\u00e7\u00e3o especial com Amigo secreto da Life FM - R\u00e1dio Life FM","isPartOf":{"@id":"https:\/\/radiolifefm.com.br\/noticias\/#website"},"primaryImageOfPage":{"@id":"https:\/\/radiolifefm.com.br\/noticias\/programa-agora-e-que-sao-elas-edicao-especial-com-amigo-secreto-da-life-fmadamantina\/#primaryimage"},"image":{"@id":"https:\/\/radiolifefm.com.br\/noticias\/programa-agora-e-que-sao-elas-edicao-especial-com-amigo-secreto-da-life-fmadamantina\/#primaryimage"},"thumbnailUrl":"https:\/\/radiolifefm.com.br\/noticias\/wp-content\/uploads\/2021\/12\/20211223_212352-scaled.jpg","datePublished":"2021-12-25T15:16:19+00:00","dateModified":"2026-04-22T16:43:23+00:00","breadcrumb":{"@id":"https:\/\/radiolifefm.com.br\/noticias\/programa-agora-e-que-sao-elas-edicao-especial-com-amigo-secreto-da-life-fmadamantina\/#breadcrumb"},"inLanguage":"pt-BR","potentialAction":[{"@type":"ReadAction","target":["https:\/\/radiolifefm.com.br\/noticias\/programa-agora-e-que-sao-elas-edicao-especial-com-amigo-secreto-da-life-fmadamantina\/"]}]},{"@type":"ImageObject","inLanguage":"pt-BR","@id":"https:\/\/radiolifefm.com.br\/noticias\/programa-agora-e-que-sao-elas-edicao-especial-com-amigo-secreto-da-life-fmadamantina\/#primaryimage","url":"https:\/\/radiolifefm.com.br\/noticias\/wp-content\/uploads\/2021\/12\/20211223_212352-scaled.jpg","contentUrl":"https:\/\/radiolifefm.com.br\/noticias\/wp-content\/uploads\/2021\/12\/20211223_212352-scaled.jpg","width":2560,"height":1153},{"@type":"BreadcrumbList","@id":"https:\/\/radiolifefm.com.br\/noticias\/programa-agora-e-que-sao-elas-edicao-especial-com-amigo-secreto-da-life-fmadamantina\/#breadcrumb","itemListElement":[{"@type":"ListItem","position":1,"name":"In\u00edcio","item":"https:\/\/radiolifefm.com.br\/noticias\/"},{"@type":"ListItem","position":2,"name":"Programa Agora \u00e9 Que S\u00e3o Elas, edi\u00e7\u00e3o especial com Amigo secreto da Life FM"}]},{"@type":"WebSite","@id":"https:\/\/radiolifefm.com.br\/noticias\/#website","url":"https:\/\/radiolifefm.com.br\/noticias\/","name":"R\u00e1dio Life FM","description":"O Portal de Not\u00edcias de Adamantina","publisher":{"@id":"https:\/\/radiolifefm.com.br\/noticias\/#organization"},"alternateName":"Life FM","potentialAction":[{"@type":"SearchAction","target":{"@type":"EntryPoint","urlTemplate":"https:\/\/radiolifefm.com.br\/noticias\/?s={search_term_string}"},"query-input":{"@type":"PropertyValueSpecification","valueRequired":true,"valueName":"search_term_string"}}],"inLanguage":"pt-BR"},{"@type":"Organization","@id":"https:\/\/radiolifefm.com.br\/noticias\/#organization","name":"R\u00e1dio Life FM","alternateName":"Life FM","url":"https:\/\/radiolifefm.com.br\/noticias\/","logo":{"@type":"ImageObject","inLanguage":"pt-BR","@id":"https:\/\/radiolifefm.com.br\/noticias\/#\/schema\/logo\/image\/","url":"https:\/\/static.radiolifefm.com.br\/noticias\/wp-content\/uploads\/2019\/10\/logo-lifefm.png","contentUrl":"https:\/\/static.radiolifefm.com.br\/noticias\/wp-content\/uploads\/2019\/10\/logo-lifefm.png","width":196,"height":47,"caption":"R\u00e1dio Life FM"},"image":{"@id":"https:\/\/radiolifefm.com.br\/noticias\/#\/schema\/logo\/image\/"},"sameAs":["https:\/\/www.facebook.com\/radiolifefm\/","https:\/\/www.instagram.com\/life1079fm\/"]},{"@type":"Person","@id":"https:\/\/radiolifefm.com.br\/noticias\/#\/schema\/person\/6339b9fac59d12b071dec680d7375d87","name":"ritanery","image":{"@type":"ImageObject","inLanguage":"pt-BR","@id":"https:\/\/secure.gravatar.com\/avatar\/0e37bb19071f47c0b8a23f62a903df117c5a0e75f65a0c2901562f97cd41cf86?s=96&d=mm&r=g","url":"https:\/\/secure.gravatar.com\/avatar\/0e37bb19071f47c0b8a23f62a903df117c5a0e75f65a0c2901562f97cd41cf86?s=96&d=mm&r=g","contentUrl":"https:\/\/secure.gravatar.com\/avatar\/0e37bb19071f47c0b8a23f62a903df117c5a0e75f65a0c2901562f97cd41cf86?s=96&d=mm&r=g","caption":"ritanery"}}]}},"amp_enabled":true,"_links":{"self":[{"href":"https:\/\/radiolifefm.com.br\/noticias\/wp-json\/wp\/v2\/posts\/47475","targetHints":{"allow":["GET"]}}],"collection":[{"href":"https:\/\/radiolifefm.com.br\/noticias\/wp-json\/wp\/v2\/posts"}],"about":[{"href":"https:\/\/radiolifefm.com.br\/noticias\/wp-json\/wp\/v2\/types\/post"}],"author":[{"embeddable":true,"href":"https:\/\/radiolifefm.com.br\/noticias\/wp-json\/wp\/v2\/users\/13"}],"replies":[{"embeddable":true,"href":"https:\/\/radiolifefm.com.br\/noticias\/wp-json\/wp\/v2\/comments?post=47475"}],"version-history":[{"count":6,"href":"https:\/\/radiolifefm.com.br\/noticias\/wp-json\/wp\/v2\/posts\/47475\/revisions"}],"predecessor-version":[{"id":47517,"href":"https:\/\/radiolifefm.com.br\/noticias\/wp-json\/wp\/v2\/posts\/47475\/revisions\/47517"}],"wp:featuredmedia":[{"embeddable":true,"href":"https:\/\/radiolifefm.com.br\/noticias\/wp-json\/wp\/v2\/media\/47476"}],"wp:attachment":[{"href":"https:\/\/radiolifefm.com.br\/noticias\/wp-json\/wp\/v2\/media?parent=47475"}],"wp:term":[{"taxonomy":"category","embeddable":true,"href":"https:\/\/radiolifefm.com.br\/noticias\/wp-json\/wp\/v2\/categories?post=47475"},{"taxonomy":"post_tag","embeddable":true,"href":"https:\/\/radiolifefm.com.br\/noticias\/wp-json\/wp\/v2\/tags?post=47475"}],"curies":[{"name":"wp","href":"https:\/\/api.w.org\/{rel}","templated":true}]}}